{"id":48735,"date":"2026-09-06T20:25:43","date_gmt":"2026-09-06T18:25:43","guid":{"rendered":"https:\/\/fcspartaktrnava.com\/?p=48735"},"modified":"2026-09-06T22:26:46","modified_gmt":"2026-09-06T20:26:46","slug":"dorasty-s-derby-zapasmi-proti-slovanu","status":"publish","type":"post","link":"https:\/\/fcspartaktrnava.com\/en\/dorasty-s-derby-zapasmi-proti-slovanu\/","title":{"rendered":"Dorasty s\u00a0derby z\u00e1pasmi proti Slovanu"},"content":{"rendered":"<p class=\"has-text-align-center wp-block-paragraph\"><strong>FC Spartak Trnava U19 \u2013 \u0160K Slovan Bratislava U19 1:3 (1:1)<\/strong><\/p>\n\n\n\n<p class=\"has-text-align-center wp-block-paragraph\">Na t\u00edmy dorastencov \u010dakali cez v\u00edkend derby z\u00e1pasy a\u00a0na\u0161a dev\u00e4tn\u00e1stka dostala pr\u00edle\u017eitos\u0165 odohra\u0165 duel proti Slovanu Bratislava na \u0160tadi\u00f3ne Antona Malatinsk\u00e9ho. Pred 500 div\u00e1kmi sme inkasovali ako prv\u00ed, ale prakticky okam\u017eite vyrovnal Flimmel. V\u00a0druhom pol\u010dase sme ale v\u00a0rozmedz\u00ed deviatich min\u00fat inkasovali dvakr\u00e1t a\u00a0prehrali sme 1:3.<\/p>\n\n\n\n<p class=\"has-text-align-center wp-block-paragraph\"><strong>FCST U19: <\/strong>Jablonick\u00fd \u2013 Bednar\u010d\u00edk, P. Pittel, Daniel, Studen\u00fd (84. \u0160emel\u00e1k), Benkovsk\u00fd (C), Dole\u017eaj (46. Dreven\u00e1k), Terenkov (62. Lenghardt), Fojta, Tejzr (77. Kostol\u00e1ni), Flimmel (62. Holek)<\/p>\n\n\n\n<p class=\"has-text-align-center wp-block-paragraph\"><strong>Goals: <\/strong>20. Flimmel<\/p>\n\n\n\n<p class=\"has-text-align-center wp-block-paragraph\"><strong>Yellow cards: <\/strong>Fojta, Lenghardt, Daniel, Benkovsk\u00fd<\/p>\n\n\n\n<p class=\"has-text-align-center wp-block-paragraph\"><strong>Adam Chorvath: \u201eNedok\u00e1zali sme nadviaza\u0165 na predch\u00e1dzaj\u00face v\u00fdkony, ch\u00fdbala n\u00e1m v\u00e4\u010d\u0161ia dynamika, mali sme pr\u00edli\u0161 ve\u013ea \u013eahk\u00fdch str\u00e1t a zbrkl\u00fdch rie\u0161en\u00ed, t\u00fdm p\u00e1dom sme z\u00e1pas nemali pod kontrolou. V druhom pol\u010dase v \u00faseku, kde sme postupne preberali iniciat\u00edvu sa paradoxne presadil s\u00faper individu\u00e1lnou kvalitou. V z\u00e1vere sme si u\u017e nedok\u00e1zali vypracova\u0165 tlak. Tento z\u00e1pas n\u00e1m dal ve\u013ea inform\u00e1cii, mus\u00edme si ich vyhodnoti\u0165 a n\u00e1js\u0165 rie\u0161enia ako by\u0165 konzistentnej\u0161\u00ed v \u010fal\u0161om priebehu sez\u00f3ny.\u201c<\/strong><\/p>\n\n\n<div class=\"wp-block-image\">\n<figure class=\"aligncenter size-large is-resized\"><img loading=\"lazy\" decoding=\"async\" width=\"1024\" height=\"683\" src=\"https:\/\/fcspartaktrnava.com\/wp-content\/uploads\/2026\/09\/LUC_0807-1024x683.jpg\" alt=\"\" class=\"wp-image-48736\" style=\"aspect-ratio:1.499330655957162;width:558px;height:auto\" srcset=\"https:\/\/fcspartaktrnava.com\/wp-content\/uploads\/2026\/09\/LUC_0807-1024x683.jpg 1024w, https:\/\/fcspartaktrnava.com\/wp-content\/uploads\/2026\/09\/LUC_0807-300x200.jpg 300w, https:\/\/fcspartaktrnava.com\/wp-content\/uploads\/2026\/09\/LUC_0807-768x512.jpg 768w, https:\/\/fcspartaktrnava.com\/wp-content\/uploads\/2026\/09\/LUC_0807-1536x1024.jpg 1536w, https:\/\/fcspartaktrnava.com\/wp-content\/uploads\/2026\/09\/LUC_0807-2048x1365.jpg 2048w, https:\/\/fcspartaktrnava.com\/wp-content\/uploads\/2026\/09\/LUC_0807-18x12.jpg 18w\" sizes=\"auto, (max-width: 1024px) 100vw, 1024px\" \/><\/figure>\n<\/div>\n\n\n<p class=\"has-text-align-center wp-block-paragraph\"><strong>\u0160K Slovan Bratislava U17 \u2013 FC Spartak Trnava U17 1:2 (0:1)<\/strong><\/p>\n\n\n\n<p class=\"has-text-align-center wp-block-paragraph\">Hos\u0165uj\u00faci t\u00edm bol \u00faspe\u0161nej\u0161\u00ed aj v&nbsp;oboch z\u00e1pasoch mlad\u0161\u00edch dorastencov. Sedemn\u00e1stka si prip\u00edsala prv\u00e9 v\u00ed\u0165azstvo v&nbsp;sez\u00f3ne v&nbsp;najlep\u0161om \u010dase, ke\u010f v&nbsp;Bratislave zv\u00ed\u0165azila 2:1, pri\u010dom g\u00f3l inkasovala a\u017e v&nbsp;90. min\u00fate.<\/p>\n\n\n\n<p class=\"has-text-align-center wp-block-paragraph\"><strong>FCST U17: <\/strong>Vlkovi\u010d \u2013 Martinkovi\u010d, Kalam\u00e1r (C), Mar\u010di\u0161, Bo\u0161ka, \u0160tip\u010d\u00e1k, Holb\u00edk (78. Bartecko), Oros (76. Matu\u0161\u00edk), P\u00fachovsk\u00fd (59. Gajdo\u0161), Junas (46. B\u00f6hmer), Timor\u00e1nsky (76. Krempask\u00fd)<\/p>\n\n\n\n<p class=\"has-text-align-center wp-block-paragraph\"><strong>Goals: <\/strong>35. Junas, 55. vlastn\u00fd<\/p>\n\n\n\n<p class=\"has-text-align-center wp-block-paragraph\"><strong>Yellow cards: <\/strong>Gajdo\u0161<\/p>\n\n\n\n<p class=\"has-text-align-center wp-block-paragraph\"><strong>Tom\u00e1\u0161 K\u00e1nik: \u201eZ\u00e1pas nepriniesol pr\u00edli\u0161 kombina\u010dnej kvality na oboch stran\u00e1ch. My sme dobre p\u00f4sobili v obrannej f\u00e1ze hry a mali sme spr\u00e1vnu em\u00f3ciu potrebn\u00fa pre v\u00ed\u0165azstvo v derby z\u00e1pase. V prvom pol\u010dase sme potrestali lacn\u00fa chybu s\u00fapera pri malej domov. Na 2:0 sme zvy\u0161ovali po te\u010dovanej strele spoza pokutov\u00e9ho \u00fazemia. S\u00faper zn\u00ed\u017eil a\u017e v samom z\u00e1vere po rohovom kope. Spokojn\u00ed sme s na\u0161ou kompaktnos\u0165ou pri br\u00e1nen\u00ed a ve\u013emi odhodlan\u00fdm v\u00fdkonom. Z\u00e1rove\u0148 si uvedomujeme, \u017ee v \u00fato\u010dnej f\u00e1ze mus\u00edme uk\u00e1za\u0165 ove\u013ea v\u00e4\u010d\u0161iu kvalitu.\u201c<\/strong><\/p>\n\n\n\n<p class=\"has-text-align-center wp-block-paragraph\"><strong>\u0160K Slovan Bratislava U16 \u2013 FC Spartak Trnava U16 0:4 (0:2)<\/strong><\/p>\n\n\n\n<p class=\"has-text-align-center wp-block-paragraph\">Najjednozna\u010dnej\u0161\u00ed v\u00fdsledok sa zrodil v&nbsp;z\u00e1pase dorastencov do 16 rokov. Spartakovci po raketovom vstupe viedli u\u017e v&nbsp;11. min\u00fate 2:0 a&nbsp;dvomi g\u00f3lmi po zmene str\u00e1n svoje vedenie vykr\u00e1\u0161lili. Slovan tak zdolali presved\u010divo 4:0.<\/p>\n\n\n\n<p class=\"has-text-align-center wp-block-paragraph\"><strong>FCST U16: <\/strong>Skornsek \u2013 Barborka, Svitana, \u010eubek, Pola\u010dek, Pol\u0165\u00e1k (C), Ru\u017eback\u00fd (70. Mikulec), \u017digrai, Masn\u00fd (62. K\u0148a\u017eek), Dvorsk\u00fd (68. Marosz), Poliak (62. Horv\u00e1th)<\/p>\n\n\n\n<p class=\"has-text-align-center wp-block-paragraph\"><strong>Goals: <\/strong>4. a&nbsp;65. Dvorsk\u00fd, 11. Masn\u00fd, 70. Horv\u00e1th<\/p>\n\n\n\n<p class=\"has-text-align-center wp-block-paragraph\"><strong>Karol Kantek: \u201eZ\u00e1pas sme rozhodli u\u017e v kab\u00edne pred duelom svoj\u00edm nastaven\u00edm v hlav\u00e1ch. Do stretnutia sme vst\u00fapili akt\u00edvnou a intenz\u00edvnou hrou a \u010doskoro sme viedli 2:0. Dom\u00e1ci na prelome pol\u010dasov s\u00edce prebrali aktivitu, ale v\u00e4\u010d\u0161iu \u0161ancu si nevytvorili. Dobre sme pracovali v priestoroch, na ktor\u00e9 sme upozor\u0148ovali. Striedaj\u00faci hr\u00e1\u010di priniesli potrebn\u00fd impulz do hry a v\u00fdsledok sme zv\u00fd\u0161ili v posledn\u00fdch 15 min\u00fatach z\u00e1pasu. T\u00edmu gratulujem k v\u00ed\u0165azstvu, ale tieto body potrebujeme potvrdi\u0165 v nasleduj\u00facich dueloch. \u201c<\/strong><\/p>\n\n\n<div class=\"wp-block-image\">\n<figure class=\"aligncenter size-large is-resized\"><img loading=\"lazy\" decoding=\"async\" width=\"1024\" height=\"682\" src=\"https:\/\/fcspartaktrnava.com\/wp-content\/uploads\/2026\/09\/WhatsApp-Image-2026-09-06-at-08.27.29-2-1024x682.jpeg\" alt=\"\" class=\"wp-image-48737\" style=\"aspect-ratio:1.501508211373031;width:610px;height:auto\" srcset=\"https:\/\/fcspartaktrnava.com\/wp-content\/uploads\/2026\/09\/WhatsApp-Image-2026-09-06-at-08.27.29-2-1024x682.jpeg 1024w, https:\/\/fcspartaktrnava.com\/wp-content\/uploads\/2026\/09\/WhatsApp-Image-2026-09-06-at-08.27.29-2-300x200.jpeg 300w, https:\/\/fcspartaktrnava.com\/wp-content\/uploads\/2026\/09\/WhatsApp-Image-2026-09-06-at-08.27.29-2-768x512.jpeg 768w, https:\/\/fcspartaktrnava.com\/wp-content\/uploads\/2026\/09\/WhatsApp-Image-2026-09-06-at-08.27.29-2-1536x1024.jpeg 1536w, https:\/\/fcspartaktrnava.com\/wp-content\/uploads\/2026\/09\/WhatsApp-Image-2026-09-06-at-08.27.29-2-18x12.jpeg 18w, https:\/\/fcspartaktrnava.com\/wp-content\/uploads\/2026\/09\/WhatsApp-Image-2026-09-06-at-08.27.29-2.jpeg 2000w\" sizes=\"auto, (max-width: 1024px) 100vw, 1024px\" \/><\/figure>\n<\/div>\n\n\n<p class=\"has-text-align-center wp-block-paragraph\"><strong>FC Spartak Trnava U15 \u2013 AS Tren\u010d\u00edn U15 1:1 (0:1)<\/strong><\/p>\n\n\n\n<p class=\"has-text-align-center wp-block-paragraph\">P\u00e4tn\u00e1stka v s\u00faboji proti Tren\u010d\u00ednu pykala za efektivitu, k \u010domu prispel aj nepremenen\u00fd pokutov\u00fd kop po polhodine hry. Na\u0161\u0165astie, spartakovci v 65. min\u00fate vyrovnali z\u00e1sluhou Sta\u0148a a proti Tren\u010d\u00ednu z\u00edskali aspo\u0148 bod za rem\u00edzu 1:1.<\/p>\n\n\n\n<p class=\"has-text-align-center wp-block-paragraph\"><strong>FCST U15: <\/strong>Skornsek (C) &#8211; Ba\u0161ty, Kostol\u00e1ni, Balko, Dul\u00edk, Varga (41. Sta\u0148o), Pavl\u00edk, Vir\u00e1g, Llanaj, Fojta, Hamb\u00e1lek<\/p>\n\n\n\n<p class=\"has-text-align-center wp-block-paragraph\"><strong>Goals: <\/strong>65. Sta\u0148o<\/p>\n\n\n\n<p class=\"has-text-align-center wp-block-paragraph\"><strong>Yellow cards: <\/strong>Ba\u0161ty<\/p>\n\n\n\n<p class=\"has-text-align-center wp-block-paragraph\"><strong>R\u00f3bert Polakovi\u010d: \u201eCel\u00fd z\u00e1pas sme odohrali v dr\u017ean\u00ed lopty a ur\u010dovan\u00ed tempa hry. Prv\u00fd pol\u010das n\u00e1m robil probl\u00e9m vietor a zbyto\u010dne \u010dast\u00e1 vo\u013eba dlh\u00fdch prihr\u00e1vok. A\u017e na jedin\u00fd pr\u00edpad sme dobre vych\u00e1dzali z obrannej do strednej z\u00f3ny. \u017dia\u013e, z tejto jedinej straty lopty sme dostali g\u00f3l. Po prechode do stredovej z\u00f3ny sme sa ale nevedeli presadi\u0165 a na\u0161a hra kon\u010dila na hranici pokutov\u00e9ho \u00fazemia. Druh\u00fd pol\u010das sme boli u\u017e absol\u00fatne dominantn\u00ed a s\u00faper sa nevedel dosta\u0165 z n\u00e1\u0161ho pressingu. Vypracovali sme si ve\u013ea \u0161tandardn\u00fdch situ\u00e1ci\u00ed, \u017eia\u013e sme z nich nevy\u0165a\u017eili ni\u010d. Dok\u00e1zali sme vyrovna\u0165 po dobrom pressingu, ale ni\u017e\u0161ia efektivita n\u00e1s dnes st\u00e1la dva body.\u201c<\/strong><\/p>\n\n\n<div class=\"wp-block-image\">\n<figure class=\"aligncenter size-large is-resized\"><img loading=\"lazy\" decoding=\"async\" width=\"1024\" height=\"682\" src=\"https:\/\/fcspartaktrnava.com\/wp-content\/uploads\/2026\/09\/WhatsApp-Image-2026-09-06-at-17.47.17-3-1024x682.jpeg\" alt=\"\" class=\"wp-image-48738\" style=\"aspect-ratio:1.501508211373031;width:572px;height:auto\" srcset=\"https:\/\/fcspartaktrnava.com\/wp-content\/uploads\/2026\/09\/WhatsApp-Image-2026-09-06-at-17.47.17-3-1024x682.jpeg 1024w, https:\/\/fcspartaktrnava.com\/wp-content\/uploads\/2026\/09\/WhatsApp-Image-2026-09-06-at-17.47.17-3-300x200.jpeg 300w, https:\/\/fcspartaktrnava.com\/wp-content\/uploads\/2026\/09\/WhatsApp-Image-2026-09-06-at-17.47.17-3-768x512.jpeg 768w, https:\/\/fcspartaktrnava.com\/wp-content\/uploads\/2026\/09\/WhatsApp-Image-2026-09-06-at-17.47.17-3-1536x1024.jpeg 1536w, https:\/\/fcspartaktrnava.com\/wp-content\/uploads\/2026\/09\/WhatsApp-Image-2026-09-06-at-17.47.17-3-18x12.jpeg 18w, https:\/\/fcspartaktrnava.com\/wp-content\/uploads\/2026\/09\/WhatsApp-Image-2026-09-06-at-17.47.17-3.jpeg 2000w\" sizes=\"auto, (max-width: 1024px) 100vw, 1024px\" \/><\/figure>\n<\/div>\n\n\n<p class=\"has-text-align-center wp-block-paragraph\"><strong>FC Spartak Trnava U14 \u2013 AS Tren\u010d\u00edn U14 4:0 (1:0)<\/strong><\/p>\n\n\n\n<p class=\"has-text-align-center wp-block-paragraph\">\u0160trn\u00e1stka nenechala ni\u010d na n\u00e1hodu a po dominantnom v\u00fdkone zdolala Tren\u010d\u00edn jasne 4:0. AS sme v\u0161ak definit\u00edvne zlomili a\u017e po zmene str\u00e1n, ke\u010f sme v rozmedz\u00ed od 47. do 63. min\u00faty dali tri g\u00f3ly.<\/p>\n\n\n\n<p class=\"has-text-align-center wp-block-paragraph\"><strong>FCST U14: <\/strong>Man\u010d\u00e1k, Horn\u00fd &#8211; Urban, Sloboda, Brezina, Karkus, Kr\u00e1\u013eovi\u010d (C), Kajma, Varga, Marcinkovi\u010d, Ryban, Stre\u010dansk\u00fd, Hude\u010dek, Tibensk\u00fd, Kybych, Zeman, Sabadosh, Tak\u00e1\u010d<\/p>\n\n\n\n<p class=\"has-text-align-center wp-block-paragraph\"><strong>Goals: <\/strong>22. Stre\u010dansk\u00fd, 47. Sabadosh, 51. Marcinkovi\u010d, 63. Kr\u00e1\u013eovi\u010d<\/p>\n\n\n\n<p class=\"has-text-align-center wp-block-paragraph\"><strong>Yellow cards: <\/strong>Marcinkovi\u010d, Hude\u010dek<\/p>\n\n\n\n<p class=\"has-text-align-center wp-block-paragraph\"><strong>Filip Tomovi\u010d: \u201ePrv\u00fd pol\u010das sme prekon\u00e1vali dobre organizovan\u00fd stredn\u00fd blok s\u00fapera, s \u010d\u00edm sme mali mierne probl\u00e9my. Ob\u010das sa \u017eiadalo r\u00fdchlej\u0161ie rie\u0161enie. V druhom pol\u010dase sme dominovali po v\u0161etk\u00fdch str\u00e1nkach hry a mohli sme prida\u0165 ove\u013ea viac g\u00f3lov.\u201c<\/strong><\/p>\n\n\n\n<p class=\"has-text-align-center wp-block-paragraph\"><strong>MTK Budape\u0161\u0165 U13 \u2013 FC Spartak Trnava U13 3:1<\/strong><\/p>\n\n\n\n<p class=\"has-text-align-center wp-block-paragraph\">T\u00edmy mlad\u0161\u00edch \u017eiakov cez v\u00edkend ligov\u00e9 z\u00e1pasy nehrali, \u010do vyu\u017eila na\u0161a trin\u00e1stka na kvalitn\u00fa medzin\u00e1rodn\u00fa konfront\u00e1ciu. V Budape\u0161ti ale spartakovci proti MTK \u0165ahali za krat\u0161\u00ed koniec.<\/p>\n\n\n\n<p class=\"has-text-align-center wp-block-paragraph\"><strong>Goals: <\/strong>Raschmann<\/p>\n\n\n\n<p class=\"has-text-align-center wp-block-paragraph\"><strong>D\u00e1vid Mi\u0161kovi\u010d: \u201eZopakoval sa scen\u00e1r z v\u00e4\u010d\u0161iny pr\u00edpravn\u00fdch z\u00e1pasov v letnej pr\u00edprave, kedy n\u00e1m \u00favod z\u00e1pasov v\u00f4bec nesed\u00ed. P\u00f4sob\u00edme zbrklo a ustr\u00e1chane, nech\u00e1me si streli\u0165 lacn\u00e9 g\u00f3ly. \u00davodn\u00e1 15-minutovka bola dnes rovnak\u00e1, n\u00e1sledne existovalo do konca stretnutia len jedno mu\u017estvo a z\u00e1pas sme herne ovl\u00e1dli. Elitn\u00e9ho s\u00fapera sme nep\u00fa\u0161\u0165ali z vlastnej polovice, ale nedarilo sa n\u00e1m prenika\u0165 do s\u00faperovej \u0161estn\u00e1stky cez pevn\u00fa obranu dom\u00e1cich. Z\u00e1pas nevy\u0161iel na\u0161im ofenz\u00edvnym \u0165ah\u00fa\u0148om a nikto to v prav\u00fa chv\u00ed\u013eu nezobral na seba. Jeden z najlep\u0161\u00edch v\u00fdkonov v na\u0161om drese podali Kro\u010dka a Biksadsk\u00fd, ktor\u00ed boli rozdielov\u00fdmi hr\u00e1\u010dmi z\u00e1pasu.\u201c<\/strong><\/p>\n\n\n\n<p class=\"has-text-align-center wp-block-paragraph\"><strong>FC Spartak Trnava WU19 \u2013 FC Union Nov\u00e9 Z\u00e1mky WU19 6:0 (4:0)<\/strong><\/p>\n\n\n\n<p class=\"has-text-align-center wp-block-paragraph\">Program spartakovskej ml\u00e1de\u017ee uzavreli v nede\u013eu popoludn\u00ed, respekt\u00edve podve\u010der, na\u0161e diev\u010densk\u00e9 t\u00edmy, ktor\u00e9 hostili Nov\u00e9 Z\u00e1mky. Dorastenky duel zvl\u00e1dli bez v\u00fdraznej\u0161\u00edch komplik\u00e1ci\u00ed, ke\u010f zv\u00ed\u0165azili 6:0.<\/p>\n\n\n\n<p class=\"has-text-align-center wp-block-paragraph\"><strong>FCST WU19: <\/strong>Petransk\u00e1 &#8211; Polovkov\u00e1 (56. Ondru\u0161ekov\u00e1), Reh\u00e1kov\u00e1 (C) (66. Mikov\u00e1), Vl\u010dkov\u00e1, Jara\u0161ov\u00e1, Beranov\u00e1, Ryb\u00e1rov\u00e1 (56. Hro\u0161kov\u00e1), Katreniakov\u00e1 (56. Lehock\u00e1), Hal\u00e1sov\u00e1 (46. Baraniakov\u00e1), Konopkov\u00e1 (66. Mikulkov\u00e1), Vicianov\u00e1 (66. \u0160kult\u00e9tyov\u00e1)<\/p>\n\n\n\n<p class=\"has-text-align-center wp-block-paragraph\"><strong>Goals: <\/strong>20. a 28. Hal\u00e1sov\u00e1, 35. a 45. Konopkov\u00e1, 62. Vicianov\u00e1 (z 11m), 76. \u0160kult\u00e9tyov\u00e1<\/p>\n\n\n\n<p class=\"has-text-align-center wp-block-paragraph\"><strong>Dominika Rezekov\u00e1: \u201eDo z\u00e1pasu sme vst\u00fapili ve\u013emi koncentrovan\u00e9 a s jasn\u00fdm cie\u013eom uja\u0165 sa vedenia, vypracov\u00e1vali sme si ve\u013ea \u0161anc\u00ed a v 20. min\u00fate sme otvorili sk\u00f3re. Cel\u00fd z\u00e1pas sme boli siln\u00e9 na lopte, diktovali tempo a z mno\u017estva vytvoren\u00fdch \u0161anc\u00ed sme mohli vy\u0165a\u017ei\u0165 e\u0161te viac g\u00f3lov. V z\u00e1pase sme v\u0161ak splnili, \u010do sme mali a te\u0161\u00ed ma rovnako aj \u010dist\u00e9 konto vzadu.\u201c<\/strong><\/p>\n\n\n\n<p class=\"has-text-align-center wp-block-paragraph\"><strong>FC Spartak Trnava WU15 \u2013 FC Union Nov\u00e9 Z\u00e1mky WU15 16:0 (9:0)<\/strong><\/p>\n\n\n\n<p class=\"has-text-align-center wp-block-paragraph\">E\u0161te v\u00fdraznej\u0161\u00edm rozdielom zvl\u00e1dli dom\u00e1ci z\u00e1pas na\u0161e \u017eia\u010dky, ktor\u00e9 rozstrie\u013eali Nov\u00e9 Z\u00e1mky vysoko 16:0. A\u017e piatimi g\u00f3lmi sa blysla Nikol Koll\u00e1rov\u00e1, ktorej sekundovala so \u0161tyrmi z\u00e1sahmi Anguera.<\/p>\n\n\n\n<p class=\"has-text-align-center wp-block-paragraph\"><strong>FCST WU15: <\/strong>Markov\u00e1 (C) &#8211; Tom\u010d\u00e1nyiov\u00e1, E. Koll\u00e1rov\u00e1, Jankovi\u010dov\u00e1, Kapo\u0161ov\u00e1, Ostrenkov\u00e1, Stri\u017eencov\u00e1, Hlo\u0161kov\u00e1, Kubovi\u010dov\u00e1, N. Koll\u00e1rov\u00e1, Anguera, Hlavatovi\u010dov\u00e1, Vi\u0161\u0148ovsk\u00e1, Gajdo\u0161ov\u00e1, Baranov\u00e1, Gul\u00edkov\u00e1<\/p>\n\n\n\n<p class=\"has-text-align-center wp-block-paragraph\"><strong>Goals: <\/strong>2. a 6. Gul\u00edkov\u00e1, 8., 49., 52., 66. a 67. N. Koll\u00e1rov\u00e1, 16., 22., 24. a 56. Anguera, 27. Stri\u017eencov\u00e1, 29. a 36. Baranov\u00e1, 44. a 79. Hlo\u0161kov\u00e1<\/p>\n\n\n\n<p class=\"has-text-align-center wp-block-paragraph\"><strong>R\u00f3bert Halada: \u201eDne\u0161n\u00fd z\u00e1pas na\u0161ich diev\u010dat mal jednozna\u010dn\u00fd priebeh, s vysok\u00fdm dr\u017ean\u00edm lopty na na\u0161ich kopa\u010dk\u00e1ch. Na\u0161im cie\u013eom bolo vytvori\u0165 si \u010do najviac g\u00f3lov\u00fdch pr\u00edle\u017eitost\u00ed a z\u00e1rove\u0148 dodr\u017ea\u0165 spr\u00e1vne syst\u00e9mov\u00e9 rozostavenie. Prv\u00fd pol\u010das p\u00f4sobil rozh\u00e1ranej\u0161\u00edm dojmom, ale podarilo sa n\u00e1m streli\u0165 viac g\u00f3lov ako v druhom. Druh\u00fd pol\u010das diev\u010dat\u00e1 zr\u00fdchlili tempo, hrali r\u00fdchlej\u0161ie od nohy a vypracovali si ve\u013ea g\u00f3lov\u00fdch pr\u00edle\u017eitosti po akci\u00e1ch, v ktor\u00fdch bolo zapojen\u00fdch viacero hr\u00e1\u010dok. Ve\u013ea z nich v\u0161ak skon\u010dilo tesne ved\u013ea s\u00faperovej br\u00e1ny. Diev\u010dat\u00e1m \u010fakujeme za v\u00fdkon a te\u0161\u00edme sa na medzin\u00e1rodn\u00fd turnaj Pelimatkat v \u010deskom P\u00edsku.\u201c<\/strong><\/p>\n\n\n<div class=\"wp-block-image\">\n<figure class=\"aligncenter size-large is-resized\"><img loading=\"lazy\" decoding=\"async\" width=\"1024\" height=\"768\" src=\"https:\/\/fcspartaktrnava.com\/wp-content\/uploads\/2026\/09\/wu15-clanok-1024x768.jpeg\" alt=\"\" class=\"wp-image-48739\" style=\"width:586px;height:auto\" srcset=\"https:\/\/fcspartaktrnava.com\/wp-content\/uploads\/2026\/09\/wu15-clanok-1024x768.jpeg 1024w, https:\/\/fcspartaktrnava.com\/wp-content\/uploads\/2026\/09\/wu15-clanok-300x225.jpeg 300w, https:\/\/fcspartaktrnava.com\/wp-content\/uploads\/2026\/09\/wu15-clanok-768x576.jpeg 768w, https:\/\/fcspartaktrnava.com\/wp-content\/uploads\/2026\/09\/wu15-clanok-1536x1152.jpeg 1536w, https:\/\/fcspartaktrnava.com\/wp-content\/uploads\/2026\/09\/wu15-clanok-16x12.jpeg 16w, https:\/\/fcspartaktrnava.com\/wp-content\/uploads\/2026\/09\/wu15-clanok.jpeg 1600w\" sizes=\"auto, (max-width: 1024px) 100vw, 1024px\" \/><\/figure>\n<\/div>","protected":false},"excerpt":{"rendered":"<p>FC Spartak Trnava U19 \u2013 \u0160K Slovan Bratislava&#8230;<\/p>","protected":false},"author":2,"featured_media":48740,"comment_status":"closed","ping_status":"closed","sticky":false,"template":"","format":"standard","meta":{"footnotes":""},"categories":[52,12],"tags":[53],"class_list":["post-48735","post","type-post","status-publish","format-standard","has-post-thumbnail","hentry","category-mladez","category-spravy","tag-mladez","post-number-1"],"yoast_head":"<!-- This site is optimized with the Yoast SEO plugin v28.1 - https:\/\/yoast.com\/product\/yoast-seo-wordpress\/ -->\n<title>Dorasty s\u00a0derby z\u00e1pasmi proti Slovanu - FC Spartak Trnava<\/title>\n<meta name=\"robots\" content=\"index, follow, max-snippet:-1, max-image-preview:large, max-video-preview:-1\" \/>\n<link rel=\"canonical\" href=\"https:\/\/fcspartaktrnava.com\/en\/dorasty-s-derby-zapasmi-proti-slovanu\/\" \/>\n<meta name=\"twitter:label1\" content=\"Written by\" \/>\n\t<meta name=\"twitter:data1\" content=\"spartak\" \/>\n\t<meta name=\"twitter:label2\" content=\"Estimated reading time\" \/>\n\t<meta name=\"twitter:data2\" content=\"8 minutes\" \/>\n<script type=\"application\/ld+json\" class=\"yoast-schema-graph\">{\"@context\":\"https:\\\/\\\/schema.org\",\"@graph\":[{\"@type\":\"Article\",\"@id\":\"https:\\\/\\\/fcspartaktrnava.com\\\/dorasty-s-derby-zapasmi-proti-slovanu\\\/#article\",\"isPartOf\":{\"@id\":\"https:\\\/\\\/fcspartaktrnava.com\\\/dorasty-s-derby-zapasmi-proti-slovanu\\\/\"},\"author\":{\"name\":\"spartak\",\"@id\":\"https:\\\/\\\/fcspartaktrnava.com\\\/#\\\/schema\\\/person\\\/24bc5b254af14f71d7d8af178790aa75\"},\"headline\":\"Dorasty s\u00a0derby z\u00e1pasmi proti Slovanu\",\"datePublished\":\"2026-09-06T18:25:43+00:00\",\"dateModified\":\"2026-09-06T20:26:46+00:00\",\"mainEntityOfPage\":{\"@id\":\"https:\\\/\\\/fcspartaktrnava.com\\\/dorasty-s-derby-zapasmi-proti-slovanu\\\/\"},\"wordCount\":1550,\"publisher\":{\"@id\":\"https:\\\/\\\/fcspartaktrnava.com\\\/#organization\"},\"image\":{\"@id\":\"https:\\\/\\\/fcspartaktrnava.com\\\/dorasty-s-derby-zapasmi-proti-slovanu\\\/#primaryimage\"},\"thumbnailUrl\":\"https:\\\/\\\/fcspartaktrnava.com\\\/wp-content\\\/uploads\\\/2026\\\/09\\\/LUC_0925-scaled-e1788719608472.jpg\",\"keywords\":[\"ml\u00e1de\u017e\"],\"articleSection\":[\"Ml\u00e1de\u017e\",\"Spr\u00e1vy\"],\"inLanguage\":\"en-GB\"},{\"@type\":\"WebPage\",\"@id\":\"https:\\\/\\\/fcspartaktrnava.com\\\/dorasty-s-derby-zapasmi-proti-slovanu\\\/\",\"url\":\"https:\\\/\\\/fcspartaktrnava.com\\\/dorasty-s-derby-zapasmi-proti-slovanu\\\/\",\"name\":\"Dorasty s\u00a0derby z\u00e1pasmi proti Slovanu - FC Spartak Trnava\",\"isPartOf\":{\"@id\":\"https:\\\/\\\/fcspartaktrnava.com\\\/#website\"},\"primaryImageOfPage\":{\"@id\":\"https:\\\/\\\/fcspartaktrnava.com\\\/dorasty-s-derby-zapasmi-proti-slovanu\\\/#primaryimage\"},\"image\":{\"@id\":\"https:\\\/\\\/fcspartaktrnava.com\\\/dorasty-s-derby-zapasmi-proti-slovanu\\\/#primaryimage\"},\"thumbnailUrl\":\"https:\\\/\\\/fcspartaktrnava.com\\\/wp-content\\\/uploads\\\/2026\\\/09\\\/LUC_0925-scaled-e1788719608472.jpg\",\"datePublished\":\"2026-09-06T18:25:43+00:00\",\"dateModified\":\"2026-09-06T20:26:46+00:00\",\"breadcrumb\":{\"@id\":\"https:\\\/\\\/fcspartaktrnava.com\\\/dorasty-s-derby-zapasmi-proti-slovanu\\\/#breadcrumb\"},\"inLanguage\":\"en-GB\",\"potentialAction\":[{\"@type\":\"ReadAction\",\"target\":[\"https:\\\/\\\/fcspartaktrnava.com\\\/dorasty-s-derby-zapasmi-proti-slovanu\\\/\"]}]},{\"@type\":\"ImageObject\",\"inLanguage\":\"en-GB\",\"@id\":\"https:\\\/\\\/fcspartaktrnava.com\\\/dorasty-s-derby-zapasmi-proti-slovanu\\\/#primaryimage\",\"url\":\"https:\\\/\\\/fcspartaktrnava.com\\\/wp-content\\\/uploads\\\/2026\\\/09\\\/LUC_0925-scaled-e1788719608472.jpg\",\"contentUrl\":\"https:\\\/\\\/fcspartaktrnava.com\\\/wp-content\\\/uploads\\\/2026\\\/09\\\/LUC_0925-scaled-e1788719608472.jpg\",\"width\":2560,\"height\":1374},{\"@type\":\"BreadcrumbList\",\"@id\":\"https:\\\/\\\/fcspartaktrnava.com\\\/dorasty-s-derby-zapasmi-proti-slovanu\\\/#breadcrumb\",\"itemListElement\":[{\"@type\":\"ListItem\",\"position\":1,\"name\":\"Home\",\"item\":\"https:\\\/\\\/fcspartaktrnava.com\\\/\"},{\"@type\":\"ListItem\",\"position\":2,\"name\":\"Dorasty s\u00a0derby z\u00e1pasmi proti Slovanu\"}]},{\"@type\":\"WebSite\",\"@id\":\"https:\\\/\\\/fcspartaktrnava.com\\\/#website\",\"url\":\"https:\\\/\\\/fcspartaktrnava.com\\\/\",\"name\":\"FC Spartak Trnava\",\"description\":\"ofici\u00e1lna webstr\u00e1nka futbalov\u00e9ho klubu\",\"publisher\":{\"@id\":\"https:\\\/\\\/fcspartaktrnava.com\\\/#organization\"},\"potentialAction\":[{\"@type\":\"SearchAction\",\"target\":{\"@type\":\"EntryPoint\",\"urlTemplate\":\"https:\\\/\\\/fcspartaktrnava.com\\\/?s={search_term_string}\"},\"query-input\":{\"@type\":\"PropertyValueSpecification\",\"valueRequired\":true,\"valueName\":\"search_term_string\"}}],\"inLanguage\":\"en-GB\"},{\"@type\":\"Organization\",\"@id\":\"https:\\\/\\\/fcspartaktrnava.com\\\/#organization\",\"name\":\"FC Spartak Trnava\",\"alternateName\":\"Spartak\",\"url\":\"https:\\\/\\\/fcspartaktrnava.com\\\/\",\"logo\":{\"@type\":\"ImageObject\",\"inLanguage\":\"en-GB\",\"@id\":\"https:\\\/\\\/fcspartaktrnava.com\\\/#\\\/schema\\\/logo\\\/image\\\/\",\"url\":\"https:\\\/\\\/fcspartaktrnava.com\\\/wp-content\\\/uploads\\\/2022\\\/08\\\/cropped-site_logo.png\",\"contentUrl\":\"https:\\\/\\\/fcspartaktrnava.com\\\/wp-content\\\/uploads\\\/2022\\\/08\\\/cropped-site_logo.png\",\"width\":140,\"height\":140,\"caption\":\"FC Spartak Trnava\"},\"image\":{\"@id\":\"https:\\\/\\\/fcspartaktrnava.com\\\/#\\\/schema\\\/logo\\\/image\\\/\"},\"sameAs\":[\"https:\\\/\\\/www.facebook.com\\\/SpartakTrnava\",\"https:\\\/\\\/x.com\\\/SpartakTrnava1\",\"https:\\\/\\\/www.instagram.com\\\/spartak_sk\\\/\"]},{\"@type\":\"Person\",\"@id\":\"https:\\\/\\\/fcspartaktrnava.com\\\/#\\\/schema\\\/person\\\/24bc5b254af14f71d7d8af178790aa75\",\"name\":\"spartak\",\"image\":{\"@type\":\"ImageObject\",\"inLanguage\":\"en-GB\",\"@id\":\"https:\\\/\\\/secure.gravatar.com\\\/avatar\\\/f8ff8584f3fcf3909a11a6da9019f37749183b4015bca14e64556c52614cdc7f?s=96&d=mm&r=g\",\"url\":\"https:\\\/\\\/secure.gravatar.com\\\/avatar\\\/f8ff8584f3fcf3909a11a6da9019f37749183b4015bca14e64556c52614cdc7f?s=96&d=mm&r=g\",\"contentUrl\":\"https:\\\/\\\/secure.gravatar.com\\\/avatar\\\/f8ff8584f3fcf3909a11a6da9019f37749183b4015bca14e64556c52614cdc7f?s=96&d=mm&r=g\",\"caption\":\"spartak\"},\"url\":\"https:\\\/\\\/fcspartaktrnava.com\\\/en\\\/author\\\/spartak\\\/\"}]}<\/script>\n<!-- \/ Yoast SEO plugin. -->","yoast_head_json":{"title":"Dorasty s\u00a0derby z\u00e1pasmi proti Slovanu - FC Spartak Trnava","robots":{"index":"index","follow":"follow","max-snippet":"max-snippet:-1","max-image-preview":"max-image-preview:large","max-video-preview":"max-video-preview:-1"},"canonical":"https:\/\/fcspartaktrnava.com\/en\/dorasty-s-derby-zapasmi-proti-slovanu\/","twitter_misc":{"Written by":"spartak","Estimated reading time":"8 minutes"},"schema":{"@context":"https:\/\/schema.org","@graph":[{"@type":"Article","@id":"https:\/\/fcspartaktrnava.com\/dorasty-s-derby-zapasmi-proti-slovanu\/#article","isPartOf":{"@id":"https:\/\/fcspartaktrnava.com\/dorasty-s-derby-zapasmi-proti-slovanu\/"},"author":{"name":"spartak","@id":"https:\/\/fcspartaktrnava.com\/#\/schema\/person\/24bc5b254af14f71d7d8af178790aa75"},"headline":"Dorasty s\u00a0derby z\u00e1pasmi proti Slovanu","datePublished":"2026-09-06T18:25:43+00:00","dateModified":"2026-09-06T20:26:46+00:00","mainEntityOfPage":{"@id":"https:\/\/fcspartaktrnava.com\/dorasty-s-derby-zapasmi-proti-slovanu\/"},"wordCount":1550,"publisher":{"@id":"https:\/\/fcspartaktrnava.com\/#organization"},"image":{"@id":"https:\/\/fcspartaktrnava.com\/dorasty-s-derby-zapasmi-proti-slovanu\/#primaryimage"},"thumbnailUrl":"https:\/\/fcspartaktrnava.com\/wp-content\/uploads\/2026\/09\/LUC_0925-scaled-e1788719608472.jpg","keywords":["ml\u00e1de\u017e"],"articleSection":["Ml\u00e1de\u017e","Spr\u00e1vy"],"inLanguage":"en-GB"},{"@type":"WebPage","@id":"https:\/\/fcspartaktrnava.com\/dorasty-s-derby-zapasmi-proti-slovanu\/","url":"https:\/\/fcspartaktrnava.com\/dorasty-s-derby-zapasmi-proti-slovanu\/","name":"Dorasty s\u00a0derby z\u00e1pasmi proti Slovanu - FC Spartak Trnava","isPartOf":{"@id":"https:\/\/fcspartaktrnava.com\/#website"},"primaryImageOfPage":{"@id":"https:\/\/fcspartaktrnava.com\/dorasty-s-derby-zapasmi-proti-slovanu\/#primaryimage"},"image":{"@id":"https:\/\/fcspartaktrnava.com\/dorasty-s-derby-zapasmi-proti-slovanu\/#primaryimage"},"thumbnailUrl":"https:\/\/fcspartaktrnava.com\/wp-content\/uploads\/2026\/09\/LUC_0925-scaled-e1788719608472.jpg","datePublished":"2026-09-06T18:25:43+00:00","dateModified":"2026-09-06T20:26:46+00:00","breadcrumb":{"@id":"https:\/\/fcspartaktrnava.com\/dorasty-s-derby-zapasmi-proti-slovanu\/#breadcrumb"},"inLanguage":"en-GB","potentialAction":[{"@type":"ReadAction","target":["https:\/\/fcspartaktrnava.com\/dorasty-s-derby-zapasmi-proti-slovanu\/"]}]},{"@type":"ImageObject","inLanguage":"en-GB","@id":"https:\/\/fcspartaktrnava.com\/dorasty-s-derby-zapasmi-proti-slovanu\/#primaryimage","url":"https:\/\/fcspartaktrnava.com\/wp-content\/uploads\/2026\/09\/LUC_0925-scaled-e1788719608472.jpg","contentUrl":"https:\/\/fcspartaktrnava.com\/wp-content\/uploads\/2026\/09\/LUC_0925-scaled-e1788719608472.jpg","width":2560,"height":1374},{"@type":"BreadcrumbList","@id":"https:\/\/fcspartaktrnava.com\/dorasty-s-derby-zapasmi-proti-slovanu\/#breadcrumb","itemListElement":[{"@type":"ListItem","position":1,"name":"Home","item":"https:\/\/fcspartaktrnava.com\/"},{"@type":"ListItem","position":2,"name":"Dorasty s\u00a0derby z\u00e1pasmi proti Slovanu"}]},{"@type":"WebSite","@id":"https:\/\/fcspartaktrnava.com\/#website","url":"https:\/\/fcspartaktrnava.com\/","name":"FC Spartak Trnava","description":"ofici\u00e1lna webstr\u00e1nka futbalov\u00e9ho klubu","publisher":{"@id":"https:\/\/fcspartaktrnava.com\/#organization"},"potentialAction":[{"@type":"SearchAction","target":{"@type":"EntryPoint","urlTemplate":"https:\/\/fcspartaktrnava.com\/?s={search_term_string}"},"query-input":{"@type":"PropertyValueSpecification","valueRequired":true,"valueName":"search_term_string"}}],"inLanguage":"en-GB"},{"@type":"Organization","@id":"https:\/\/fcspartaktrnava.com\/#organization","name":"FC Spartak Trnava","alternateName":"Spartak","url":"https:\/\/fcspartaktrnava.com\/","logo":{"@type":"ImageObject","inLanguage":"en-GB","@id":"https:\/\/fcspartaktrnava.com\/#\/schema\/logo\/image\/","url":"https:\/\/fcspartaktrnava.com\/wp-content\/uploads\/2022\/08\/cropped-site_logo.png","contentUrl":"https:\/\/fcspartaktrnava.com\/wp-content\/uploads\/2022\/08\/cropped-site_logo.png","width":140,"height":140,"caption":"FC Spartak Trnava"},"image":{"@id":"https:\/\/fcspartaktrnava.com\/#\/schema\/logo\/image\/"},"sameAs":["https:\/\/www.facebook.com\/SpartakTrnava","https:\/\/x.com\/SpartakTrnava1","https:\/\/www.instagram.com\/spartak_sk\/"]},{"@type":"Person","@id":"https:\/\/fcspartaktrnava.com\/#\/schema\/person\/24bc5b254af14f71d7d8af178790aa75","name":"spartak","image":{"@type":"ImageObject","inLanguage":"en-GB","@id":"https:\/\/secure.gravatar.com\/avatar\/f8ff8584f3fcf3909a11a6da9019f37749183b4015bca14e64556c52614cdc7f?s=96&d=mm&r=g","url":"https:\/\/secure.gravatar.com\/avatar\/f8ff8584f3fcf3909a11a6da9019f37749183b4015bca14e64556c52614cdc7f?s=96&d=mm&r=g","contentUrl":"https:\/\/secure.gravatar.com\/avatar\/f8ff8584f3fcf3909a11a6da9019f37749183b4015bca14e64556c52614cdc7f?s=96&d=mm&r=g","caption":"spartak"},"url":"https:\/\/fcspartaktrnava.com\/en\/author\/spartak\/"}]}},"_links":{"self":[{"href":"https:\/\/fcspartaktrnava.com\/en\/wp-json\/wp\/v2\/posts\/48735","targetHints":{"allow":["GET"]}}],"collection":[{"href":"https:\/\/fcspartaktrnava.com\/en\/wp-json\/wp\/v2\/posts"}],"about":[{"href":"https:\/\/fcspartaktrnava.com\/en\/wp-json\/wp\/v2\/types\/post"}],"author":[{"embeddable":true,"href":"https:\/\/fcspartaktrnava.com\/en\/wp-json\/wp\/v2\/users\/2"}],"replies":[{"embeddable":true,"href":"https:\/\/fcspartaktrnava.com\/en\/wp-json\/wp\/v2\/comments?post=48735"}],"version-history":[{"count":0,"href":"https:\/\/fcspartaktrnava.com\/en\/wp-json\/wp\/v2\/posts\/48735\/revisions"}],"wp:featuredmedia":[{"embeddable":true,"href":"https:\/\/fcspartaktrnava.com\/en\/wp-json\/wp\/v2\/media\/48740"}],"wp:attachment":[{"href":"https:\/\/fcspartaktrnava.com\/en\/wp-json\/wp\/v2\/media?parent=48735"}],"wp:term":[{"taxonomy":"category","embeddable":true,"href":"https:\/\/fcspartaktrnava.com\/en\/wp-json\/wp\/v2\/categories?post=48735"},{"taxonomy":"post_tag","embeddable":true,"href":"https:\/\/fcspartaktrnava.com\/en\/wp-json\/wp\/v2\/tags?post=48735"}],"curies":[{"name":"wp","href":"https:\/\/api.w.org\/{rel}","templated":true}]}}