{"id":48718,"date":"2026-09-05T08:46:12","date_gmt":"2026-09-05T06:46:12","guid":{"rendered":"https:\/\/fcspartaktrnava.com\/?p=48718"},"modified":"2026-09-05T08:46:13","modified_gmt":"2026-09-05T06:46:13","slug":"preview-do-ruzomberka-ideme-za-vitazstvom-mieni-begala","status":"publish","type":"post","link":"https:\/\/fcspartaktrnava.com\/en\/preview-do-ruzomberka-ideme-za-vitazstvom-mieni-begala\/","title":{"rendered":"Preview: Do Ru\u017eomberka ideme za v\u00ed\u0165azstvom, mieni Begala"},"content":{"rendered":"<p class=\"has-medium-font-size wp-block-paragraph\">U\u017e t\u00fato nede\u013eu pokra\u010duje siedmym kolom dom\u00e1ca najvy\u0161\u0161ia s\u00fa\u0165a\u017e. Spartak bude hos\u0165om v\u00a0Ru\u017eomberku, teda u\u00a0posledn\u00e9ho t\u00edmu aktu\u00e1lnej ligovej tabu\u013eky. Andeli maj\u00fa v\u00a0noh\u00e1ch v\u00ed\u0165azn\u00fd duel v\u00a0P\u00fachove, odkia\u013e si priniesli postup do \u010fal\u0161ieho poh\u00e1rov\u00e9ho kola po v\u00fdsledku 3:1.<br><br>Ako vid\u00ed na\u0161e \u0161ance pred z\u00e1pasom, sme sa op\u00fdtali Romana Begalu, jedn\u00e9ho z\u00a0najvy\u0165a\u017eenej\u0161\u00edch hr\u00e1\u010dov s\u00fa\u010dasn\u00e9ho k\u00e1dra Spartaka. Od svojho letn\u00e9ho pr\u00edchodu z\u00a0Pre\u0161ova nast\u00fapil Roman do v\u0161etk\u00fdch s\u00fa\u0165a\u017en\u00fdch z\u00e1pasov trnavsk\u00e9ho t\u00edmu s\u00a0v\u00fdnimkou poh\u00e1rov\u00e9ho duelu proti Tren\u010dianskym Stankovciam. Dovedna nast\u00fapil na 491 ligov\u00fdch min\u00fat a\u00a0210 poh\u00e1rov\u00fdch min\u00fat proti Sofii. Pridal aj pol\u010das proti P\u00fachovu.<br><em><br>\u201eS\u00fa s\u00edce posledn\u00ed, ale my sa po prehre so \u017dilinou tie\u017e potrebujeme dosta\u0165 sp\u00e4\u0165 na v\u00ed\u0165azn\u00fa vlnu a\u00a0teda sprav\u00edme v\u0161etko preto aby sme duel zvl\u00e1dli. S\u00fapera si d\u00f4kladne rozoberieme, n\u00e1jdeme sp\u00f4sob ako da\u0165 potrebn\u00fd g\u00f3l a\u00a0p\u00f4jdeme za v\u00ed\u0165azstvom,\u201c povedal Begala.<br><\/em><br>Ako sa c\u00edti Begala pri svojej vy\u0165a\u017eenosti na ihrisku a\u00a0ako si zvykol na nov\u00fdch spoluhr\u00e1\u010dov, mesto a\u00a0klub si m\u00f4\u017eete pozrie\u0165 v\u00a0rozhovore na na\u0161om YouTube kan\u00e1li ni\u017e\u0161ie.<\/p>\n\n\n\n<p class=\"has-medium-font-size wp-block-paragraph\"><br><strong>Ru\u017eomberok sa tr\u00e1pi<br><\/strong><br>Ako sme spomenuli, Ru\u017eomberok sa tr\u00e1pi a&nbsp;patr\u00ed mu za jednu rem\u00edzu a&nbsp;p\u00e4\u0165 prehier nelichotiv\u00e9 posledn\u00e9 miesto v&nbsp;tabu\u013eke. V&nbsp;ostatnom s\u00fa\u0165a\u017enom z\u00e1pase mu\u017estvo z&nbsp;Liptova porazilo 2:0 Poprad v&nbsp;poh\u00e1ri. V&nbsp;\u00favode sez\u00f3ny presiakli probl\u00e9my pri prestupe hr\u00e1\u010dov smerom do klubu, tr\u00e9ner Kostl sa s\u0165a\u017eoval na nedotiahnut\u00e9 prestupy. Z&nbsp;v\u00fdraznej\u0161\u00edch mien pri\u0161li na hos\u0165ovanie z&nbsp;Liberca Lavrin\u010d\u00edk, \u010di brank\u00e1r Kraj\u010d\u00edrik z&nbsp;Liberca. Klub tr\u00e1pil aj bojkot fan\u00fa\u0161ikovsk\u00e9ho jadra, ktor\u00fd po p\u00e1r stretnutiach skon\u010dil, div\u00e1ci sa vr\u00e1tili na trib\u00fany. Proti Spartaku sa d\u00e1 o\u010dak\u00e1va\u0165 sol\u00eddna n\u00e1v\u0161teva, okrem trnavsk\u00fdch fan\u00fa\u0161ikov bude zrejme viac aj t\u00fdch dom\u00e1cich, nako\u013eko dom\u00e1ci spustili akciu 1+1 l\u00edstok zdarma.<br><br><strong>&nbsp;Bilancia proti s\u00faperovi<br><\/strong><br>Z ostatn\u00fdch p\u00e4\u0165 stretnut\u00ed t\u00fdchto s\u00faperov vyhral Spartak trikr\u00e1t, dva razy sa zrodila rem\u00edza.<br>Posledn\u00fd vz\u00e1jomn\u00fd duel sa skon\u010dil na Liptove 1:1, ke\u010f na g\u00f3l Seleck\u00e9ho Trnav\u010dania odpovedali e\u0161te v&nbsp;prvom pol\u010dase a&nbsp;vlastn\u00fd g\u00f3l si prip\u00edsal g\u00f3lman \u0164apaj.<br><br>Duel sa za\u010d\u00edna v&nbsp;nede\u013eu 6. septembra o&nbsp;19.00. Rozhodova\u0165 ho bude ako hlavn\u00fd rozhodca Boris Benedik, na \u010diarach mu bud\u00fa asistova\u0165 Adam Jekkel a&nbsp;Simeon Vass. VAR bude ma\u0165 na starosti Peter Ziemba a asistova\u0165 mu bude Michal \u017delez\u0148\u00e1k.<br><br>L\u00edstky na z\u00e1pas s\u00fa v&nbsp;predaji <a href=\"https:\/\/www.ticketportal.sk\/event\/MFK-Ruzomberok-FC-Spartak-Trnava-303723\">tu:<\/a><\/p>\n\n\n\n<figure class=\"wp-block-embed is-type-video is-provider-youtube wp-block-embed-youtube wp-embed-aspect-16-9 wp-has-aspect-ratio\"><div class=\"wp-block-embed__wrapper\">\n<iframe loading=\"lazy\" title=\"Roman Begala pred z\u00e1pasom s Ru\u017eomberkom\" width=\"500\" height=\"281\" src=\"https:\/\/www.youtube.com\/embed\/yw2wzeptJVI?feature=oembed\" frameborder=\"0\" allow=\"accelerometer; autoplay; clipboard-write; encrypted-media; gyroscope; picture-in-picture; web-share\" referrerpolicy=\"strict-origin-when-cross-origin\" allowfullscreen><\/iframe>\n<\/div><\/figure>","protected":false},"excerpt":{"rendered":"<p>U\u017e t\u00fato nede\u013eu pokra\u010duje siedmym kolom dom\u00e1ca najvy\u0161\u0161ia&#8230;<\/p>","protected":false},"author":10,"featured_media":48719,"comment_status":"closed","ping_status":"closed","sticky":false,"template":"","format":"standard","meta":{"footnotes":""},"categories":[12],"tags":[],"class_list":["post-48718","post","type-post","status-publish","format-standard","has-post-thumbnail","hentry","category-spravy","post-number-1"],"yoast_head":"<!-- This site is optimized with the Yoast SEO plugin v28.1 - https:\/\/yoast.com\/product\/yoast-seo-wordpress\/ -->\n<title>Preview: Do Ru\u017eomberka ideme za v\u00ed\u0165azstvom, mieni Begala - FC Spartak Trnava<\/title>\n<meta name=\"robots\" content=\"index, follow, max-snippet:-1, max-image-preview:large, max-video-preview:-1\" \/>\n<link rel=\"canonical\" href=\"https:\/\/fcspartaktrnava.com\/en\/preview-do-ruzomberka-ideme-za-vitazstvom-mieni-begala\/\" \/>\n<meta name=\"twitter:label1\" content=\"Written by\" \/>\n\t<meta name=\"twitter:data1\" content=\"Martin Jani\u0161\" \/>\n\t<meta name=\"twitter:label2\" content=\"Estimated reading time\" \/>\n\t<meta name=\"twitter:data2\" content=\"3 minutes\" \/>\n<script type=\"application\/ld+json\" class=\"yoast-schema-graph\">{\"@context\":\"https:\\\/\\\/schema.org\",\"@graph\":[{\"@type\":\"Article\",\"@id\":\"https:\\\/\\\/fcspartaktrnava.com\\\/preview-do-ruzomberka-ideme-za-vitazstvom-mieni-begala\\\/#article\",\"isPartOf\":{\"@id\":\"https:\\\/\\\/fcspartaktrnava.com\\\/preview-do-ruzomberka-ideme-za-vitazstvom-mieni-begala\\\/\"},\"author\":{\"name\":\"Martin Jani\u0161\",\"@id\":\"https:\\\/\\\/fcspartaktrnava.com\\\/#\\\/schema\\\/person\\\/7cdd4b929b99ded36250b65a912c3e50\"},\"headline\":\"Preview: Do Ru\u017eomberka ideme za v\u00ed\u0165azstvom, mieni Begala\",\"datePublished\":\"2026-09-05T06:46:12+00:00\",\"dateModified\":\"2026-09-05T06:46:13+00:00\",\"mainEntityOfPage\":{\"@id\":\"https:\\\/\\\/fcspartaktrnava.com\\\/preview-do-ruzomberka-ideme-za-vitazstvom-mieni-begala\\\/\"},\"wordCount\":533,\"publisher\":{\"@id\":\"https:\\\/\\\/fcspartaktrnava.com\\\/#organization\"},\"image\":{\"@id\":\"https:\\\/\\\/fcspartaktrnava.com\\\/preview-do-ruzomberka-ideme-za-vitazstvom-mieni-begala\\\/#primaryimage\"},\"thumbnailUrl\":\"https:\\\/\\\/fcspartaktrnava.com\\\/wp-content\\\/uploads\\\/2026\\\/09\\\/LUC_0350-scaled.jpg\",\"articleSection\":[\"Spr\u00e1vy\"],\"inLanguage\":\"en-GB\"},{\"@type\":\"WebPage\",\"@id\":\"https:\\\/\\\/fcspartaktrnava.com\\\/preview-do-ruzomberka-ideme-za-vitazstvom-mieni-begala\\\/\",\"url\":\"https:\\\/\\\/fcspartaktrnava.com\\\/preview-do-ruzomberka-ideme-za-vitazstvom-mieni-begala\\\/\",\"name\":\"Preview: Do Ru\u017eomberka ideme za v\u00ed\u0165azstvom, mieni Begala - FC Spartak Trnava\",\"isPartOf\":{\"@id\":\"https:\\\/\\\/fcspartaktrnava.com\\\/#website\"},\"primaryImageOfPage\":{\"@id\":\"https:\\\/\\\/fcspartaktrnava.com\\\/preview-do-ruzomberka-ideme-za-vitazstvom-mieni-begala\\\/#primaryimage\"},\"image\":{\"@id\":\"https:\\\/\\\/fcspartaktrnava.com\\\/preview-do-ruzomberka-ideme-za-vitazstvom-mieni-begala\\\/#primaryimage\"},\"thumbnailUrl\":\"https:\\\/\\\/fcspartaktrnava.com\\\/wp-content\\\/uploads\\\/2026\\\/09\\\/LUC_0350-scaled.jpg\",\"datePublished\":\"2026-09-05T06:46:12+00:00\",\"dateModified\":\"2026-09-05T06:46:13+00:00\",\"breadcrumb\":{\"@id\":\"https:\\\/\\\/fcspartaktrnava.com\\\/preview-do-ruzomberka-ideme-za-vitazstvom-mieni-begala\\\/#breadcrumb\"},\"inLanguage\":\"en-GB\",\"potentialAction\":[{\"@type\":\"ReadAction\",\"target\":[\"https:\\\/\\\/fcspartaktrnava.com\\\/preview-do-ruzomberka-ideme-za-vitazstvom-mieni-begala\\\/\"]}]},{\"@type\":\"ImageObject\",\"inLanguage\":\"en-GB\",\"@id\":\"https:\\\/\\\/fcspartaktrnava.com\\\/preview-do-ruzomberka-ideme-za-vitazstvom-mieni-begala\\\/#primaryimage\",\"url\":\"https:\\\/\\\/fcspartaktrnava.com\\\/wp-content\\\/uploads\\\/2026\\\/09\\\/LUC_0350-scaled.jpg\",\"contentUrl\":\"https:\\\/\\\/fcspartaktrnava.com\\\/wp-content\\\/uploads\\\/2026\\\/09\\\/LUC_0350-scaled.jpg\",\"width\":2560,\"height\":1709},{\"@type\":\"BreadcrumbList\",\"@id\":\"https:\\\/\\\/fcspartaktrnava.com\\\/preview-do-ruzomberka-ideme-za-vitazstvom-mieni-begala\\\/#breadcrumb\",\"itemListElement\":[{\"@type\":\"ListItem\",\"position\":1,\"name\":\"Home\",\"item\":\"https:\\\/\\\/fcspartaktrnava.com\\\/\"},{\"@type\":\"ListItem\",\"position\":2,\"name\":\"Preview: Do Ru\u017eomberka ideme za v\u00ed\u0165azstvom, mieni Begala\"}]},{\"@type\":\"WebSite\",\"@id\":\"https:\\\/\\\/fcspartaktrnava.com\\\/#website\",\"url\":\"https:\\\/\\\/fcspartaktrnava.com\\\/\",\"name\":\"FC Spartak Trnava\",\"description\":\"ofici\u00e1lna webstr\u00e1nka futbalov\u00e9ho klubu\",\"publisher\":{\"@id\":\"https:\\\/\\\/fcspartaktrnava.com\\\/#organization\"},\"potentialAction\":[{\"@type\":\"SearchAction\",\"target\":{\"@type\":\"EntryPoint\",\"urlTemplate\":\"https:\\\/\\\/fcspartaktrnava.com\\\/?s={search_term_string}\"},\"query-input\":{\"@type\":\"PropertyValueSpecification\",\"valueRequired\":true,\"valueName\":\"search_term_string\"}}],\"inLanguage\":\"en-GB\"},{\"@type\":\"Organization\",\"@id\":\"https:\\\/\\\/fcspartaktrnava.com\\\/#organization\",\"name\":\"FC Spartak Trnava\",\"alternateName\":\"Spartak\",\"url\":\"https:\\\/\\\/fcspartaktrnava.com\\\/\",\"logo\":{\"@type\":\"ImageObject\",\"inLanguage\":\"en-GB\",\"@id\":\"https:\\\/\\\/fcspartaktrnava.com\\\/#\\\/schema\\\/logo\\\/image\\\/\",\"url\":\"https:\\\/\\\/fcspartaktrnava.com\\\/wp-content\\\/uploads\\\/2022\\\/08\\\/cropped-site_logo.png\",\"contentUrl\":\"https:\\\/\\\/fcspartaktrnava.com\\\/wp-content\\\/uploads\\\/2022\\\/08\\\/cropped-site_logo.png\",\"width\":140,\"height\":140,\"caption\":\"FC Spartak Trnava\"},\"image\":{\"@id\":\"https:\\\/\\\/fcspartaktrnava.com\\\/#\\\/schema\\\/logo\\\/image\\\/\"},\"sameAs\":[\"https:\\\/\\\/www.facebook.com\\\/SpartakTrnava\",\"https:\\\/\\\/x.com\\\/SpartakTrnava1\",\"https:\\\/\\\/www.instagram.com\\\/spartak_sk\\\/\"]},{\"@type\":\"Person\",\"@id\":\"https:\\\/\\\/fcspartaktrnava.com\\\/#\\\/schema\\\/person\\\/7cdd4b929b99ded36250b65a912c3e50\",\"name\":\"Martin Jani\u0161\",\"image\":{\"@type\":\"ImageObject\",\"inLanguage\":\"en-GB\",\"@id\":\"https:\\\/\\\/secure.gravatar.com\\\/avatar\\\/fedc052aa0cc97945f02257b4d7403b58c43abc4a09851b80363a242b2276a06?s=96&d=mm&r=g\",\"url\":\"https:\\\/\\\/secure.gravatar.com\\\/avatar\\\/fedc052aa0cc97945f02257b4d7403b58c43abc4a09851b80363a242b2276a06?s=96&d=mm&r=g\",\"contentUrl\":\"https:\\\/\\\/secure.gravatar.com\\\/avatar\\\/fedc052aa0cc97945f02257b4d7403b58c43abc4a09851b80363a242b2276a06?s=96&d=mm&r=g\",\"caption\":\"Martin Jani\u0161\"},\"sameAs\":[\"http:\\\/\\\/Martin%20Janis\"],\"url\":\"https:\\\/\\\/fcspartaktrnava.com\\\/en\\\/author\\\/martin-janis\\\/\"}]}<\/script>\n<!-- \/ Yoast SEO plugin. -->","yoast_head_json":{"title":"Preview: Do Ru\u017eomberka ideme za v\u00ed\u0165azstvom, mieni Begala - FC Spartak Trnava","robots":{"index":"index","follow":"follow","max-snippet":"max-snippet:-1","max-image-preview":"max-image-preview:large","max-video-preview":"max-video-preview:-1"},"canonical":"https:\/\/fcspartaktrnava.com\/en\/preview-do-ruzomberka-ideme-za-vitazstvom-mieni-begala\/","twitter_misc":{"Written by":"Martin Jani\u0161","Estimated reading time":"3 minutes"},"schema":{"@context":"https:\/\/schema.org","@graph":[{"@type":"Article","@id":"https:\/\/fcspartaktrnava.com\/preview-do-ruzomberka-ideme-za-vitazstvom-mieni-begala\/#article","isPartOf":{"@id":"https:\/\/fcspartaktrnava.com\/preview-do-ruzomberka-ideme-za-vitazstvom-mieni-begala\/"},"author":{"name":"Martin Jani\u0161","@id":"https:\/\/fcspartaktrnava.com\/#\/schema\/person\/7cdd4b929b99ded36250b65a912c3e50"},"headline":"Preview: Do Ru\u017eomberka ideme za v\u00ed\u0165azstvom, mieni Begala","datePublished":"2026-09-05T06:46:12+00:00","dateModified":"2026-09-05T06:46:13+00:00","mainEntityOfPage":{"@id":"https:\/\/fcspartaktrnava.com\/preview-do-ruzomberka-ideme-za-vitazstvom-mieni-begala\/"},"wordCount":533,"publisher":{"@id":"https:\/\/fcspartaktrnava.com\/#organization"},"image":{"@id":"https:\/\/fcspartaktrnava.com\/preview-do-ruzomberka-ideme-za-vitazstvom-mieni-begala\/#primaryimage"},"thumbnailUrl":"https:\/\/fcspartaktrnava.com\/wp-content\/uploads\/2026\/09\/LUC_0350-scaled.jpg","articleSection":["Spr\u00e1vy"],"inLanguage":"en-GB"},{"@type":"WebPage","@id":"https:\/\/fcspartaktrnava.com\/preview-do-ruzomberka-ideme-za-vitazstvom-mieni-begala\/","url":"https:\/\/fcspartaktrnava.com\/preview-do-ruzomberka-ideme-za-vitazstvom-mieni-begala\/","name":"Preview: Do Ru\u017eomberka ideme za v\u00ed\u0165azstvom, mieni Begala - FC Spartak Trnava","isPartOf":{"@id":"https:\/\/fcspartaktrnava.com\/#website"},"primaryImageOfPage":{"@id":"https:\/\/fcspartaktrnava.com\/preview-do-ruzomberka-ideme-za-vitazstvom-mieni-begala\/#primaryimage"},"image":{"@id":"https:\/\/fcspartaktrnava.com\/preview-do-ruzomberka-ideme-za-vitazstvom-mieni-begala\/#primaryimage"},"thumbnailUrl":"https:\/\/fcspartaktrnava.com\/wp-content\/uploads\/2026\/09\/LUC_0350-scaled.jpg","datePublished":"2026-09-05T06:46:12+00:00","dateModified":"2026-09-05T06:46:13+00:00","breadcrumb":{"@id":"https:\/\/fcspartaktrnava.com\/preview-do-ruzomberka-ideme-za-vitazstvom-mieni-begala\/#breadcrumb"},"inLanguage":"en-GB","potentialAction":[{"@type":"ReadAction","target":["https:\/\/fcspartaktrnava.com\/preview-do-ruzomberka-ideme-za-vitazstvom-mieni-begala\/"]}]},{"@type":"ImageObject","inLanguage":"en-GB","@id":"https:\/\/fcspartaktrnava.com\/preview-do-ruzomberka-ideme-za-vitazstvom-mieni-begala\/#primaryimage","url":"https:\/\/fcspartaktrnava.com\/wp-content\/uploads\/2026\/09\/LUC_0350-scaled.jpg","contentUrl":"https:\/\/fcspartaktrnava.com\/wp-content\/uploads\/2026\/09\/LUC_0350-scaled.jpg","width":2560,"height":1709},{"@type":"BreadcrumbList","@id":"https:\/\/fcspartaktrnava.com\/preview-do-ruzomberka-ideme-za-vitazstvom-mieni-begala\/#breadcrumb","itemListElement":[{"@type":"ListItem","position":1,"name":"Home","item":"https:\/\/fcspartaktrnava.com\/"},{"@type":"ListItem","position":2,"name":"Preview: Do Ru\u017eomberka ideme za v\u00ed\u0165azstvom, mieni Begala"}]},{"@type":"WebSite","@id":"https:\/\/fcspartaktrnava.com\/#website","url":"https:\/\/fcspartaktrnava.com\/","name":"FC Spartak Trnava","description":"ofici\u00e1lna webstr\u00e1nka futbalov\u00e9ho klubu","publisher":{"@id":"https:\/\/fcspartaktrnava.com\/#organization"},"potentialAction":[{"@type":"SearchAction","target":{"@type":"EntryPoint","urlTemplate":"https:\/\/fcspartaktrnava.com\/?s={search_term_string}"},"query-input":{"@type":"PropertyValueSpecification","valueRequired":true,"valueName":"search_term_string"}}],"inLanguage":"en-GB"},{"@type":"Organization","@id":"https:\/\/fcspartaktrnava.com\/#organization","name":"FC Spartak Trnava","alternateName":"Spartak","url":"https:\/\/fcspartaktrnava.com\/","logo":{"@type":"ImageObject","inLanguage":"en-GB","@id":"https:\/\/fcspartaktrnava.com\/#\/schema\/logo\/image\/","url":"https:\/\/fcspartaktrnava.com\/wp-content\/uploads\/2022\/08\/cropped-site_logo.png","contentUrl":"https:\/\/fcspartaktrnava.com\/wp-content\/uploads\/2022\/08\/cropped-site_logo.png","width":140,"height":140,"caption":"FC Spartak Trnava"},"image":{"@id":"https:\/\/fcspartaktrnava.com\/#\/schema\/logo\/image\/"},"sameAs":["https:\/\/www.facebook.com\/SpartakTrnava","https:\/\/x.com\/SpartakTrnava1","https:\/\/www.instagram.com\/spartak_sk\/"]},{"@type":"Person","@id":"https:\/\/fcspartaktrnava.com\/#\/schema\/person\/7cdd4b929b99ded36250b65a912c3e50","name":"Martin Jani\u0161","image":{"@type":"ImageObject","inLanguage":"en-GB","@id":"https:\/\/secure.gravatar.com\/avatar\/fedc052aa0cc97945f02257b4d7403b58c43abc4a09851b80363a242b2276a06?s=96&d=mm&r=g","url":"https:\/\/secure.gravatar.com\/avatar\/fedc052aa0cc97945f02257b4d7403b58c43abc4a09851b80363a242b2276a06?s=96&d=mm&r=g","contentUrl":"https:\/\/secure.gravatar.com\/avatar\/fedc052aa0cc97945f02257b4d7403b58c43abc4a09851b80363a242b2276a06?s=96&d=mm&r=g","caption":"Martin Jani\u0161"},"sameAs":["http:\/\/Martin%20Janis"],"url":"https:\/\/fcspartaktrnava.com\/en\/author\/martin-janis\/"}]}},"_links":{"self":[{"href":"https:\/\/fcspartaktrnava.com\/en\/wp-json\/wp\/v2\/posts\/48718","targetHints":{"allow":["GET"]}}],"collection":[{"href":"https:\/\/fcspartaktrnava.com\/en\/wp-json\/wp\/v2\/posts"}],"about":[{"href":"https:\/\/fcspartaktrnava.com\/en\/wp-json\/wp\/v2\/types\/post"}],"author":[{"embeddable":true,"href":"https:\/\/fcspartaktrnava.com\/en\/wp-json\/wp\/v2\/users\/10"}],"replies":[{"embeddable":true,"href":"https:\/\/fcspartaktrnava.com\/en\/wp-json\/wp\/v2\/comments?post=48718"}],"version-history":[{"count":0,"href":"https:\/\/fcspartaktrnava.com\/en\/wp-json\/wp\/v2\/posts\/48718\/revisions"}],"wp:featuredmedia":[{"embeddable":true,"href":"https:\/\/fcspartaktrnava.com\/en\/wp-json\/wp\/v2\/media\/48719"}],"wp:attachment":[{"href":"https:\/\/fcspartaktrnava.com\/en\/wp-json\/wp\/v2\/media?parent=48718"}],"wp:term":[{"taxonomy":"category","embeddable":true,"href":"https:\/\/fcspartaktrnava.com\/en\/wp-json\/wp\/v2\/categories?post=48718"},{"taxonomy":"post_tag","embeddable":true,"href":"https:\/\/fcspartaktrnava.com\/en\/wp-json\/wp\/v2\/tags?post=48718"}],"curies":[{"name":"wp","href":"https:\/\/api.w.org\/{rel}","templated":true}]}}