{"id":48715,"date":"2026-09-03T12:54:15","date_gmt":"2026-09-03T10:54:15","guid":{"rendered":"https:\/\/fcspartaktrnava.com\/?p=48715"},"modified":"2026-09-03T12:54:16","modified_gmt":"2026-09-03T10:54:16","slug":"spartak-doma-na-jarmok","status":"publish","type":"post","link":"https:\/\/fcspartaktrnava.com\/en\/spartak-doma-na-jarmok\/","title":{"rendered":"Spartak doma na jarmok!"},"content":{"rendered":"<p class=\"wp-block-paragraph\" style=\"font-size:24px\"><strong>Trnavsk\u00fd jarmek patr\u00ed medzi najv\u00e4\u010d\u0161ie udalosti roka. Tento rok bude op\u00e4\u0165 v\u00fdnimo\u010dn\u00fd a druh\u00fd septembrov\u00fd v\u00edkend bude v Trnave patri\u0165 nielen jarmoku, ale aj futbalu. B\u00edl\u00ed Andeli na dom\u00e1com \u0161tadi\u00f3ne priv\u00edtaj\u00fa FC Ko\u0161ice.<\/strong><\/p>\n\n\n\n<p class=\"has-medium-font-size wp-block-paragraph\">V\u00fdkop je napl\u00e1novan\u00fd na <strong>sobotu o 20:30<\/strong>. Ide\u00e1lny \u010das pre v\u0161etk\u00fdch, ktor\u00ed si chc\u00fa v popolud\u0148aj\u0161\u00edch a ve\u010dern\u00fdch hodin\u00e1ch u\u017ei\u0165 atmosf\u00e9ru trnavsk\u00e9ho jarmoku a ve\u010der pr\u00eds\u0165 fandi\u0165 trnavsk\u00fdch futbalistom.<br><br>Vyber si svoje miesto u\u017e teraz a ne\u010dakaj na posledn\u00fa chv\u00ed\u013eu! Ak si zak\u00fapi\u0161 vstupenky <strong>do \u0161tvrtka 10. septembra<\/strong> do polnoci, bude\u0161 ich ma\u0165 za zv\u00fdhodnen\u00fa cenu. K\u00fap l\u00edstky <strong>sk\u00f4r a u\u0161etri<\/strong>!<br><br>Otvoren\u00fd bude op\u00e4\u0165 aj <strong>DETSK\u00dd SEKTOR <\/strong>(5, 6, 7) pre mami\u010dky s de\u0165mi so z\u013eavnen\u00fdm vstupn\u00fdm iba za 2 EUR\u00c1. Z\u013eavu si viete uplatni\u0165 po vlo\u017een\u00ed vstupeniek do ko\u0161\u00edka n\u00e1slednom kliknut\u00ed na tla\u010d\u00edtko \u00b4Vyu\u017ei\u0165 z\u013eavu\u00b4.<br><br>Vstupenky u\u017e teraz v predaji online na <a href=\"https:\/\/predpredaj.zoznam.sk\/sk\/listky\/fc-spartak-trnava-fc-kosice-2026-09-12\/\" data-type=\"link\" data-id=\"https:\/\/predpredaj.zoznam.sk\/sk\/listky\/fc-spartak-trnava-fc-kosice-2026-09-12\/\">predpredaj.sk<\/a> alebo v kamennej predajni n\u00e1\u0161ho fanshopu.<br><br><strong>Vid\u00edme sa 12. septembra na \u0161tadi\u00f3ne! Trnava do teho!<\/strong> <\/p>\n\n\n<div class=\"wp-block-image\">\n<figure class=\"aligncenter size-large is-resized\"><a href=\"https:\/\/predpredaj.zoznam.sk\/sk\/listky\/fc-spartak-trnava-fc-kosice-2026-09-12\/\"><img loading=\"lazy\" decoding=\"async\" width=\"1024\" height=\"341\" src=\"https:\/\/fcspartaktrnava.com\/wp-content\/uploads\/2026\/09\/Predpredaj-banner-1024x341.png\" alt=\"\" class=\"wp-image-48717\" style=\"aspect-ratio:3.003016422746062;width:694px;height:auto\" srcset=\"https:\/\/fcspartaktrnava.com\/wp-content\/uploads\/2026\/09\/Predpredaj-banner-1024x341.png 1024w, https:\/\/fcspartaktrnava.com\/wp-content\/uploads\/2026\/09\/Predpredaj-banner-300x100.png 300w, https:\/\/fcspartaktrnava.com\/wp-content\/uploads\/2026\/09\/Predpredaj-banner-768x256.png 768w, https:\/\/fcspartaktrnava.com\/wp-content\/uploads\/2026\/09\/Predpredaj-banner-18x6.png 18w, https:\/\/fcspartaktrnava.com\/wp-content\/uploads\/2026\/09\/Predpredaj-banner.png 1140w\" sizes=\"auto, (max-width: 1024px) 100vw, 1024px\" \/><\/a><\/figure>\n<\/div>","protected":false},"excerpt":{"rendered":"<p>Trnavsk\u00fd jarmek patr\u00ed medzi najv\u00e4\u010d\u0161ie udalosti roka. Tento&#8230;<\/p>","protected":false},"author":5,"featured_media":48716,"comment_status":"closed","ping_status":"closed","sticky":false,"template":"","format":"standard","meta":{"footnotes":""},"categories":[12],"tags":[],"class_list":["post-48715","post","type-post","status-publish","format-standard","has-post-thumbnail","hentry","category-spravy","post-number-1"],"yoast_head":"<!-- This site is optimized with the Yoast SEO plugin v28.1 - https:\/\/yoast.com\/product\/yoast-seo-wordpress\/ -->\n<title>Spartak doma na jarmok! - FC Spartak Trnava<\/title>\n<meta name=\"robots\" content=\"index, follow, max-snippet:-1, max-image-preview:large, max-video-preview:-1\" \/>\n<link rel=\"canonical\" href=\"https:\/\/fcspartaktrnava.com\/en\/spartak-doma-na-jarmok\/\" \/>\n<meta name=\"twitter:label1\" content=\"Written by\" \/>\n\t<meta name=\"twitter:data1\" content=\"Samuel \u010eurinsk\u00fd\" \/>\n\t<meta name=\"twitter:label2\" content=\"Estimated reading time\" \/>\n\t<meta name=\"twitter:data2\" content=\"2 minutes\" \/>\n<script type=\"application\/ld+json\" class=\"yoast-schema-graph\">{\"@context\":\"https:\\\/\\\/schema.org\",\"@graph\":[{\"@type\":\"Article\",\"@id\":\"https:\\\/\\\/fcspartaktrnava.com\\\/spartak-doma-na-jarmok\\\/#article\",\"isPartOf\":{\"@id\":\"https:\\\/\\\/fcspartaktrnava.com\\\/spartak-doma-na-jarmok\\\/\"},\"author\":{\"name\":\"Samuel \u010eurinsk\u00fd\",\"@id\":\"https:\\\/\\\/fcspartaktrnava.com\\\/#\\\/schema\\\/person\\\/62c3c2562c3c56e4c0c8c2342c596ac0\"},\"headline\":\"Spartak doma na jarmok!\",\"datePublished\":\"2026-09-03T10:54:15+00:00\",\"dateModified\":\"2026-09-03T10:54:16+00:00\",\"mainEntityOfPage\":{\"@id\":\"https:\\\/\\\/fcspartaktrnava.com\\\/spartak-doma-na-jarmok\\\/\"},\"wordCount\":198,\"publisher\":{\"@id\":\"https:\\\/\\\/fcspartaktrnava.com\\\/#organization\"},\"image\":{\"@id\":\"https:\\\/\\\/fcspartaktrnava.com\\\/spartak-doma-na-jarmok\\\/#primaryimage\"},\"thumbnailUrl\":\"https:\\\/\\\/fcspartaktrnava.com\\\/wp-content\\\/uploads\\\/2026\\\/09\\\/LUC_8488-scaled.jpg\",\"articleSection\":[\"Spr\u00e1vy\"],\"inLanguage\":\"en-GB\"},{\"@type\":\"WebPage\",\"@id\":\"https:\\\/\\\/fcspartaktrnava.com\\\/spartak-doma-na-jarmok\\\/\",\"url\":\"https:\\\/\\\/fcspartaktrnava.com\\\/spartak-doma-na-jarmok\\\/\",\"name\":\"Spartak doma na jarmok! - FC Spartak Trnava\",\"isPartOf\":{\"@id\":\"https:\\\/\\\/fcspartaktrnava.com\\\/#website\"},\"primaryImageOfPage\":{\"@id\":\"https:\\\/\\\/fcspartaktrnava.com\\\/spartak-doma-na-jarmok\\\/#primaryimage\"},\"image\":{\"@id\":\"https:\\\/\\\/fcspartaktrnava.com\\\/spartak-doma-na-jarmok\\\/#primaryimage\"},\"thumbnailUrl\":\"https:\\\/\\\/fcspartaktrnava.com\\\/wp-content\\\/uploads\\\/2026\\\/09\\\/LUC_8488-scaled.jpg\",\"datePublished\":\"2026-09-03T10:54:15+00:00\",\"dateModified\":\"2026-09-03T10:54:16+00:00\",\"breadcrumb\":{\"@id\":\"https:\\\/\\\/fcspartaktrnava.com\\\/spartak-doma-na-jarmok\\\/#breadcrumb\"},\"inLanguage\":\"en-GB\",\"potentialAction\":[{\"@type\":\"ReadAction\",\"target\":[\"https:\\\/\\\/fcspartaktrnava.com\\\/spartak-doma-na-jarmok\\\/\"]}]},{\"@type\":\"ImageObject\",\"inLanguage\":\"en-GB\",\"@id\":\"https:\\\/\\\/fcspartaktrnava.com\\\/spartak-doma-na-jarmok\\\/#primaryimage\",\"url\":\"https:\\\/\\\/fcspartaktrnava.com\\\/wp-content\\\/uploads\\\/2026\\\/09\\\/LUC_8488-scaled.jpg\",\"contentUrl\":\"https:\\\/\\\/fcspartaktrnava.com\\\/wp-content\\\/uploads\\\/2026\\\/09\\\/LUC_8488-scaled.jpg\",\"width\":2560,\"height\":1707},{\"@type\":\"BreadcrumbList\",\"@id\":\"https:\\\/\\\/fcspartaktrnava.com\\\/spartak-doma-na-jarmok\\\/#breadcrumb\",\"itemListElement\":[{\"@type\":\"ListItem\",\"position\":1,\"name\":\"Home\",\"item\":\"https:\\\/\\\/fcspartaktrnava.com\\\/\"},{\"@type\":\"ListItem\",\"position\":2,\"name\":\"Spartak doma na jarmok!\"}]},{\"@type\":\"WebSite\",\"@id\":\"https:\\\/\\\/fcspartaktrnava.com\\\/#website\",\"url\":\"https:\\\/\\\/fcspartaktrnava.com\\\/\",\"name\":\"FC Spartak Trnava\",\"description\":\"ofici\u00e1lna webstr\u00e1nka futbalov\u00e9ho klubu\",\"publisher\":{\"@id\":\"https:\\\/\\\/fcspartaktrnava.com\\\/#organization\"},\"potentialAction\":[{\"@type\":\"SearchAction\",\"target\":{\"@type\":\"EntryPoint\",\"urlTemplate\":\"https:\\\/\\\/fcspartaktrnava.com\\\/?s={search_term_string}\"},\"query-input\":{\"@type\":\"PropertyValueSpecification\",\"valueRequired\":true,\"valueName\":\"search_term_string\"}}],\"inLanguage\":\"en-GB\"},{\"@type\":\"Organization\",\"@id\":\"https:\\\/\\\/fcspartaktrnava.com\\\/#organization\",\"name\":\"FC Spartak Trnava\",\"alternateName\":\"Spartak\",\"url\":\"https:\\\/\\\/fcspartaktrnava.com\\\/\",\"logo\":{\"@type\":\"ImageObject\",\"inLanguage\":\"en-GB\",\"@id\":\"https:\\\/\\\/fcspartaktrnava.com\\\/#\\\/schema\\\/logo\\\/image\\\/\",\"url\":\"https:\\\/\\\/fcspartaktrnava.com\\\/wp-content\\\/uploads\\\/2022\\\/08\\\/cropped-site_logo.png\",\"contentUrl\":\"https:\\\/\\\/fcspartaktrnava.com\\\/wp-content\\\/uploads\\\/2022\\\/08\\\/cropped-site_logo.png\",\"width\":140,\"height\":140,\"caption\":\"FC Spartak Trnava\"},\"image\":{\"@id\":\"https:\\\/\\\/fcspartaktrnava.com\\\/#\\\/schema\\\/logo\\\/image\\\/\"},\"sameAs\":[\"https:\\\/\\\/www.facebook.com\\\/SpartakTrnava\",\"https:\\\/\\\/x.com\\\/SpartakTrnava1\",\"https:\\\/\\\/www.instagram.com\\\/spartak_sk\\\/\"]},{\"@type\":\"Person\",\"@id\":\"https:\\\/\\\/fcspartaktrnava.com\\\/#\\\/schema\\\/person\\\/62c3c2562c3c56e4c0c8c2342c596ac0\",\"name\":\"Samuel \u010eurinsk\u00fd\",\"image\":{\"@type\":\"ImageObject\",\"inLanguage\":\"en-GB\",\"@id\":\"https:\\\/\\\/secure.gravatar.com\\\/avatar\\\/af2fa02af92418b86ed742470664fe40056833fb68d84becf03f6ab02319257c?s=96&d=mm&r=g\",\"url\":\"https:\\\/\\\/secure.gravatar.com\\\/avatar\\\/af2fa02af92418b86ed742470664fe40056833fb68d84becf03f6ab02319257c?s=96&d=mm&r=g\",\"contentUrl\":\"https:\\\/\\\/secure.gravatar.com\\\/avatar\\\/af2fa02af92418b86ed742470664fe40056833fb68d84becf03f6ab02319257c?s=96&d=mm&r=g\",\"caption\":\"Samuel \u010eurinsk\u00fd\"},\"url\":\"https:\\\/\\\/fcspartaktrnava.com\\\/en\\\/author\\\/fcst-samuel\\\/\"}]}<\/script>\n<!-- \/ Yoast SEO plugin. -->","yoast_head_json":{"title":"Spartak doma na jarmok! - FC Spartak Trnava","robots":{"index":"index","follow":"follow","max-snippet":"max-snippet:-1","max-image-preview":"max-image-preview:large","max-video-preview":"max-video-preview:-1"},"canonical":"https:\/\/fcspartaktrnava.com\/en\/spartak-doma-na-jarmok\/","twitter_misc":{"Written by":"Samuel \u010eurinsk\u00fd","Estimated reading time":"2 minutes"},"schema":{"@context":"https:\/\/schema.org","@graph":[{"@type":"Article","@id":"https:\/\/fcspartaktrnava.com\/spartak-doma-na-jarmok\/#article","isPartOf":{"@id":"https:\/\/fcspartaktrnava.com\/spartak-doma-na-jarmok\/"},"author":{"name":"Samuel \u010eurinsk\u00fd","@id":"https:\/\/fcspartaktrnava.com\/#\/schema\/person\/62c3c2562c3c56e4c0c8c2342c596ac0"},"headline":"Spartak doma na jarmok!","datePublished":"2026-09-03T10:54:15+00:00","dateModified":"2026-09-03T10:54:16+00:00","mainEntityOfPage":{"@id":"https:\/\/fcspartaktrnava.com\/spartak-doma-na-jarmok\/"},"wordCount":198,"publisher":{"@id":"https:\/\/fcspartaktrnava.com\/#organization"},"image":{"@id":"https:\/\/fcspartaktrnava.com\/spartak-doma-na-jarmok\/#primaryimage"},"thumbnailUrl":"https:\/\/fcspartaktrnava.com\/wp-content\/uploads\/2026\/09\/LUC_8488-scaled.jpg","articleSection":["Spr\u00e1vy"],"inLanguage":"en-GB"},{"@type":"WebPage","@id":"https:\/\/fcspartaktrnava.com\/spartak-doma-na-jarmok\/","url":"https:\/\/fcspartaktrnava.com\/spartak-doma-na-jarmok\/","name":"Spartak doma na jarmok! - FC Spartak Trnava","isPartOf":{"@id":"https:\/\/fcspartaktrnava.com\/#website"},"primaryImageOfPage":{"@id":"https:\/\/fcspartaktrnava.com\/spartak-doma-na-jarmok\/#primaryimage"},"image":{"@id":"https:\/\/fcspartaktrnava.com\/spartak-doma-na-jarmok\/#primaryimage"},"thumbnailUrl":"https:\/\/fcspartaktrnava.com\/wp-content\/uploads\/2026\/09\/LUC_8488-scaled.jpg","datePublished":"2026-09-03T10:54:15+00:00","dateModified":"2026-09-03T10:54:16+00:00","breadcrumb":{"@id":"https:\/\/fcspartaktrnava.com\/spartak-doma-na-jarmok\/#breadcrumb"},"inLanguage":"en-GB","potentialAction":[{"@type":"ReadAction","target":["https:\/\/fcspartaktrnava.com\/spartak-doma-na-jarmok\/"]}]},{"@type":"ImageObject","inLanguage":"en-GB","@id":"https:\/\/fcspartaktrnava.com\/spartak-doma-na-jarmok\/#primaryimage","url":"https:\/\/fcspartaktrnava.com\/wp-content\/uploads\/2026\/09\/LUC_8488-scaled.jpg","contentUrl":"https:\/\/fcspartaktrnava.com\/wp-content\/uploads\/2026\/09\/LUC_8488-scaled.jpg","width":2560,"height":1707},{"@type":"BreadcrumbList","@id":"https:\/\/fcspartaktrnava.com\/spartak-doma-na-jarmok\/#breadcrumb","itemListElement":[{"@type":"ListItem","position":1,"name":"Home","item":"https:\/\/fcspartaktrnava.com\/"},{"@type":"ListItem","position":2,"name":"Spartak doma na jarmok!"}]},{"@type":"WebSite","@id":"https:\/\/fcspartaktrnava.com\/#website","url":"https:\/\/fcspartaktrnava.com\/","name":"FC Spartak Trnava","description":"ofici\u00e1lna webstr\u00e1nka futbalov\u00e9ho klubu","publisher":{"@id":"https:\/\/fcspartaktrnava.com\/#organization"},"potentialAction":[{"@type":"SearchAction","target":{"@type":"EntryPoint","urlTemplate":"https:\/\/fcspartaktrnava.com\/?s={search_term_string}"},"query-input":{"@type":"PropertyValueSpecification","valueRequired":true,"valueName":"search_term_string"}}],"inLanguage":"en-GB"},{"@type":"Organization","@id":"https:\/\/fcspartaktrnava.com\/#organization","name":"FC Spartak Trnava","alternateName":"Spartak","url":"https:\/\/fcspartaktrnava.com\/","logo":{"@type":"ImageObject","inLanguage":"en-GB","@id":"https:\/\/fcspartaktrnava.com\/#\/schema\/logo\/image\/","url":"https:\/\/fcspartaktrnava.com\/wp-content\/uploads\/2022\/08\/cropped-site_logo.png","contentUrl":"https:\/\/fcspartaktrnava.com\/wp-content\/uploads\/2022\/08\/cropped-site_logo.png","width":140,"height":140,"caption":"FC Spartak Trnava"},"image":{"@id":"https:\/\/fcspartaktrnava.com\/#\/schema\/logo\/image\/"},"sameAs":["https:\/\/www.facebook.com\/SpartakTrnava","https:\/\/x.com\/SpartakTrnava1","https:\/\/www.instagram.com\/spartak_sk\/"]},{"@type":"Person","@id":"https:\/\/fcspartaktrnava.com\/#\/schema\/person\/62c3c2562c3c56e4c0c8c2342c596ac0","name":"Samuel \u010eurinsk\u00fd","image":{"@type":"ImageObject","inLanguage":"en-GB","@id":"https:\/\/secure.gravatar.com\/avatar\/af2fa02af92418b86ed742470664fe40056833fb68d84becf03f6ab02319257c?s=96&d=mm&r=g","url":"https:\/\/secure.gravatar.com\/avatar\/af2fa02af92418b86ed742470664fe40056833fb68d84becf03f6ab02319257c?s=96&d=mm&r=g","contentUrl":"https:\/\/secure.gravatar.com\/avatar\/af2fa02af92418b86ed742470664fe40056833fb68d84becf03f6ab02319257c?s=96&d=mm&r=g","caption":"Samuel \u010eurinsk\u00fd"},"url":"https:\/\/fcspartaktrnava.com\/en\/author\/fcst-samuel\/"}]}},"_links":{"self":[{"href":"https:\/\/fcspartaktrnava.com\/en\/wp-json\/wp\/v2\/posts\/48715","targetHints":{"allow":["GET"]}}],"collection":[{"href":"https:\/\/fcspartaktrnava.com\/en\/wp-json\/wp\/v2\/posts"}],"about":[{"href":"https:\/\/fcspartaktrnava.com\/en\/wp-json\/wp\/v2\/types\/post"}],"author":[{"embeddable":true,"href":"https:\/\/fcspartaktrnava.com\/en\/wp-json\/wp\/v2\/users\/5"}],"replies":[{"embeddable":true,"href":"https:\/\/fcspartaktrnava.com\/en\/wp-json\/wp\/v2\/comments?post=48715"}],"version-history":[{"count":0,"href":"https:\/\/fcspartaktrnava.com\/en\/wp-json\/wp\/v2\/posts\/48715\/revisions"}],"wp:featuredmedia":[{"embeddable":true,"href":"https:\/\/fcspartaktrnava.com\/en\/wp-json\/wp\/v2\/media\/48716"}],"wp:attachment":[{"href":"https:\/\/fcspartaktrnava.com\/en\/wp-json\/wp\/v2\/media?parent=48715"}],"wp:term":[{"taxonomy":"category","embeddable":true,"href":"https:\/\/fcspartaktrnava.com\/en\/wp-json\/wp\/v2\/categories?post=48715"},{"taxonomy":"post_tag","embeddable":true,"href":"https:\/\/fcspartaktrnava.com\/en\/wp-json\/wp\/v2\/tags?post=48715"}],"curies":[{"name":"wp","href":"https:\/\/api.w.org\/{rel}","templated":true}]}}