{"id":48703,"date":"2026-09-02T18:18:37","date_gmt":"2026-09-02T16:18:37","guid":{"rendered":"https:\/\/fcspartaktrnava.com\/?p=48703"},"modified":"2026-09-02T18:18:37","modified_gmt":"2026-09-02T16:18:37","slug":"spartak-otocil-zapas-v-puchove-a-v-pohari-postupuje-dalej","status":"publish","type":"post","link":"https:\/\/fcspartaktrnava.com\/en\/spartak-otocil-zapas-v-puchove-a-v-pohari-postupuje-dalej\/","title":{"rendered":"Spartak oto\u010dil z\u00e1pas v P\u00fachove a v poh\u00e1ri postupuje \u010falej"},"content":{"rendered":"<p class=\"has-text-align-center has-black-color has-white-background-color has-text-color has-background has-link-color has-medium-font-size wp-elements-e638d5cba3dbc859e41d9679b3b5dfa0 wp-block-paragraph\"><strong>Slovnaft Cup 3. kolo<br><br>M\u0160K P\u00fachov &#8211; FC Spartak Trnava 1:3 (1:1)<\/strong> \u00a0<br><br><strong>P\u00daCHOV: <\/strong>Diga\u0148a \u2013 Talda, Mo\u0161ko, Ob\u0161ivan, Levai \u2013 \u0160najder, Kopi\u010d\u00e1r (K) (86. Kemakolam), Orol\u00edn \u2013 Tandara, Boris (86. Myn\u00e1\u0159) &#8211; Valica (61. Vavr\u00edk)<br><br><strong>SPARTAK:<\/strong> Jan\u00e1\u010dek \u2013 Hol\u00edk, Mensah, Bajrami, Carri\u00f3n (46. Mikovi\u010d 67. Kudli\u010dka) \u2013 Begala (46. Lau\u0161i\u010d), Proch\u00e1zka (C) \u2013 Azango, Khorkheli (46. Moistrapishvili), Bukovsk\u00fd . Wildeboer (46. Mehmeti)<br><strong>\u00a0<\/strong><br><strong>Goals: <\/strong>7. Mo\u0161ko \u2013 31. a 49. Bukovsk\u00fd, 75. Kudli\u010dka<br>\u00a0<br><strong>Yellow cards: <\/strong>Levai &#8211; Begala, Mensah<br><br><strong>Judges: <\/strong>Smol\u00e1k &#8211; Bedn\u00e1r, Pozor<br><br><strong>Spectators:<\/strong> 2 450<\/p>\n\n\n\n<p class=\"has-text-align-left has-medium-font-size wp-block-paragraph\"><br><br><br><br>Na p\u00fachovsk\u00fd tr\u00e1vnik poslal v\u00a0r\u00e1mci tretieho kola n\u00e1rodn\u00e9ho poh\u00e1ra tr\u00e9ner Mu\u0148oz hr\u00e1\u010dov s\u00a0men\u0161\u00edm hern\u00fdm vy\u0165a\u017een\u00edm. Pred Jan\u00e1\u010dkom v\u00a0br\u00e1nke nast\u00fapila \u0161tvorica Hol\u00edk, Mensah, Bajrami a\u00a0na\u013eavo Carri\u00f3n. Stred po\u013ea vystu\u017eil ved\u013ea Begalu Proch\u00e1zka a\u00a0o\u00a0ofenz\u00edvu sa mali stara\u0165 najm\u00e4 kr\u00eddeln\u00edci Azango s\u00a0Bukovsk\u00fdm a\u00a0medzi nimi Khorkheli. Na hrote dostal \u0161ancu uzdraven\u00fd Wildeboer. Tre\u0165oligista nast\u00fapil v\u00a0na\u0161ich \u010derveno-\u010d\u00edrnych farb\u00e1ch a\u00a0tak andeli zvolili biele dresy.<br><br>V druhej min\u00fate potiahol Azango po pravej strane a\u00a0sk\u00fasil oba\u013eova\u010dkou prekova\u0165 Diga\u0148u. Lopta tesne minula br\u00e1nku. O\u00a0p\u00e1r min\u00fat nesk\u00f4r mal g\u00f3l na kopa\u010dke Wildeboer, ale z\u00a0\u0165a\u017ek\u00e9ho uhla neprestrelil g\u00f3lmana dom\u00e1cich. Po priamom kope dom\u00e1cich sa v\u00a0\u0161estn\u00e1stke dostal Mo\u0161ko a\u00a0prudkou strelou otvoril v\u00a0siedmej min\u00fate sk\u00f3re \u2013 1:0.<br><br>Po prihr\u00e1vke stredom obrany od Khorkheliho sk\u00f3roval Azango, ale rozhodca g\u00f3l pre ofsajd neuznal. V\u00a023. min\u00fate centroval Bukovsk\u00fd z\u00a0\u013eavej strany a\u00a0Wildeboer mal na hlave vyrovnanie, ale brank\u00e1r bol proti a\u00a0vytla\u010dil loptu na rohov\u00fd kop. Po kontre v\u00a0bl\u00ed\u017eiacom sa konci prvej polhodiny mali op\u00e4\u0165 \u0161ancu P\u00fachov\u010dania, ale lopta napokon skon\u010dila po hlavi\u010dke mimo br\u00e1nku. V\u00a031. min\u00fate si prevzal loptu na hranici vlastnej \u0161estn\u00e1stky Bukovsk\u00fd, vyviezol ju po pravej strane, obi\u0161iel br\u00e1niaceho hr\u00e1\u010da a\u00a0umiestnenou strelou spoza \u0161estn\u00e1stky vyrovnal \u2013 1:1. <br><br>V\u00a0z\u00e1vere\u010dnej p\u00e4\u0165min\u00fatovke prv\u00e9ho pol\u010dasu unikol Khorkheli, ale nezakon\u010dil presne, v\u00a0site neskon\u010dila ani delovka Begalu. Do kab\u00edn sa i\u0161lo za nerozhodn\u00e9ho stavu.<br><br>Do druh\u00e9ho pol\u010dasu pri\u0161la \u0161tvorica nov\u00fdch hr\u00e1\u010dov, Mikovi\u010d, Lau\u0161i\u010d, Moistrapishvili a Mehmeti. Ovocie v podobe ved\u00faceho g\u00f3lu pri\u0161lo o \u0161tyri min\u00faty, ke\u010f loptu s obrancom vybojoval Bukovsk\u00fd a prudkou strelou prekonal brank\u00e1ra Diga\u0148u &#8211; 1:2. Dom\u00e1ci sa napriek nepriazniv\u00e9mu stavu nevzdali a po skrum\u00e1\u017ei v \u0161estn\u00e1stke Trnavy mohol vyrovna\u0165 striedaj\u00faci Vavr\u00edk, ale mieril do bo\u010dnej ty\u010de. Mikovi\u010da, ktor\u00fd hral iba od pol\u010dasu v 67. min\u00fate vystriedal po zr\u00e1\u017eke Kudli\u010dka, na \u013eav\u00fa stranu obrany sa postavil Azango.<br><br>Hern\u00e1 prevaha Spartaka sa prejavovala a g\u00f3l mal v 68. min\u00fate na kopa\u010dke Proch\u00e1zka, ale loptu mu v poslednej chv\u00edli obrana odkopla. Pri\u0161la v\u0161ak 75. min\u00fata a Moistrapishvili poslal dlh\u00fa loptu vpred, Bukovsk\u00fd vyhral s\u00faboj s Mo\u0161kom a posunul na nabiehaj\u00faceho Kudli\u010dku, ktor\u00fd potvrdil v\u00fdborn\u00fa streleck\u00fa formu a zv\u00fd\u0161il &#8211; 1:3. <br><br>Spartak postupuje v n\u00e1rodnom poh\u00e1ri \u010falej, v P\u00fachove sme oto\u010dili po dvoch g\u00f3loch Bukovsk\u00e9ho v\u00fdvoj duelu a striedaj\u00faci Kudli\u010dka pridal g\u00f3lov\u00fa poistku. <br><br><br><\/p>","protected":false},"excerpt":{"rendered":"<p>Slovnaft Cup 3. koloM\u0160K P\u00fachov &#8211; FC Spartak&#8230;<\/p>","protected":false},"author":10,"featured_media":48705,"comment_status":"closed","ping_status":"closed","sticky":false,"template":"","format":"standard","meta":{"footnotes":""},"categories":[12],"tags":[],"class_list":["post-48703","post","type-post","status-publish","format-standard","has-post-thumbnail","hentry","category-spravy","post-number-1"],"yoast_head":"<!-- This site is optimized with the Yoast SEO plugin v28.1 - https:\/\/yoast.com\/product\/yoast-seo-wordpress\/ -->\n<title>Spartak oto\u010dil z\u00e1pas v P\u00fachove a v poh\u00e1ri postupuje \u010falej - FC Spartak Trnava<\/title>\n<meta name=\"robots\" content=\"index, follow, max-snippet:-1, max-image-preview:large, max-video-preview:-1\" \/>\n<link rel=\"canonical\" href=\"https:\/\/fcspartaktrnava.com\/en\/spartak-otocil-zapas-v-puchove-a-v-pohari-postupuje-dalej\/\" \/>\n<meta name=\"twitter:label1\" content=\"Written by\" \/>\n\t<meta name=\"twitter:data1\" content=\"Martin Jani\u0161\" \/>\n\t<meta name=\"twitter:label2\" content=\"Estimated reading time\" \/>\n\t<meta name=\"twitter:data2\" content=\"3 minutes\" \/>\n<script type=\"application\/ld+json\" class=\"yoast-schema-graph\">{\"@context\":\"https:\\\/\\\/schema.org\",\"@graph\":[{\"@type\":\"Article\",\"@id\":\"https:\\\/\\\/fcspartaktrnava.com\\\/spartak-otocil-zapas-v-puchove-a-v-pohari-postupuje-dalej\\\/#article\",\"isPartOf\":{\"@id\":\"https:\\\/\\\/fcspartaktrnava.com\\\/spartak-otocil-zapas-v-puchove-a-v-pohari-postupuje-dalej\\\/\"},\"author\":{\"name\":\"Martin Jani\u0161\",\"@id\":\"https:\\\/\\\/fcspartaktrnava.com\\\/#\\\/schema\\\/person\\\/7cdd4b929b99ded36250b65a912c3e50\"},\"headline\":\"Spartak oto\u010dil z\u00e1pas v P\u00fachove a v poh\u00e1ri postupuje \u010falej\",\"datePublished\":\"2026-09-02T16:18:37+00:00\",\"mainEntityOfPage\":{\"@id\":\"https:\\\/\\\/fcspartaktrnava.com\\\/spartak-otocil-zapas-v-puchove-a-v-pohari-postupuje-dalej\\\/\"},\"wordCount\":592,\"publisher\":{\"@id\":\"https:\\\/\\\/fcspartaktrnava.com\\\/#organization\"},\"image\":{\"@id\":\"https:\\\/\\\/fcspartaktrnava.com\\\/spartak-otocil-zapas-v-puchove-a-v-pohari-postupuje-dalej\\\/#primaryimage\"},\"thumbnailUrl\":\"https:\\\/\\\/fcspartaktrnava.com\\\/wp-content\\\/uploads\\\/2026\\\/09\\\/IMG_9567-scaled.jpeg\",\"articleSection\":[\"Spr\u00e1vy\"],\"inLanguage\":\"en-GB\"},{\"@type\":\"WebPage\",\"@id\":\"https:\\\/\\\/fcspartaktrnava.com\\\/spartak-otocil-zapas-v-puchove-a-v-pohari-postupuje-dalej\\\/\",\"url\":\"https:\\\/\\\/fcspartaktrnava.com\\\/spartak-otocil-zapas-v-puchove-a-v-pohari-postupuje-dalej\\\/\",\"name\":\"Spartak oto\u010dil z\u00e1pas v P\u00fachove a v poh\u00e1ri postupuje \u010falej - FC Spartak Trnava\",\"isPartOf\":{\"@id\":\"https:\\\/\\\/fcspartaktrnava.com\\\/#website\"},\"primaryImageOfPage\":{\"@id\":\"https:\\\/\\\/fcspartaktrnava.com\\\/spartak-otocil-zapas-v-puchove-a-v-pohari-postupuje-dalej\\\/#primaryimage\"},\"image\":{\"@id\":\"https:\\\/\\\/fcspartaktrnava.com\\\/spartak-otocil-zapas-v-puchove-a-v-pohari-postupuje-dalej\\\/#primaryimage\"},\"thumbnailUrl\":\"https:\\\/\\\/fcspartaktrnava.com\\\/wp-content\\\/uploads\\\/2026\\\/09\\\/IMG_9567-scaled.jpeg\",\"datePublished\":\"2026-09-02T16:18:37+00:00\",\"breadcrumb\":{\"@id\":\"https:\\\/\\\/fcspartaktrnava.com\\\/spartak-otocil-zapas-v-puchove-a-v-pohari-postupuje-dalej\\\/#breadcrumb\"},\"inLanguage\":\"en-GB\",\"potentialAction\":[{\"@type\":\"ReadAction\",\"target\":[\"https:\\\/\\\/fcspartaktrnava.com\\\/spartak-otocil-zapas-v-puchove-a-v-pohari-postupuje-dalej\\\/\"]}]},{\"@type\":\"ImageObject\",\"inLanguage\":\"en-GB\",\"@id\":\"https:\\\/\\\/fcspartaktrnava.com\\\/spartak-otocil-zapas-v-puchove-a-v-pohari-postupuje-dalej\\\/#primaryimage\",\"url\":\"https:\\\/\\\/fcspartaktrnava.com\\\/wp-content\\\/uploads\\\/2026\\\/09\\\/IMG_9567-scaled.jpeg\",\"contentUrl\":\"https:\\\/\\\/fcspartaktrnava.com\\\/wp-content\\\/uploads\\\/2026\\\/09\\\/IMG_9567-scaled.jpeg\",\"width\":2560,\"height\":1707},{\"@type\":\"BreadcrumbList\",\"@id\":\"https:\\\/\\\/fcspartaktrnava.com\\\/spartak-otocil-zapas-v-puchove-a-v-pohari-postupuje-dalej\\\/#breadcrumb\",\"itemListElement\":[{\"@type\":\"ListItem\",\"position\":1,\"name\":\"Home\",\"item\":\"https:\\\/\\\/fcspartaktrnava.com\\\/\"},{\"@type\":\"ListItem\",\"position\":2,\"name\":\"Spartak oto\u010dil z\u00e1pas v P\u00fachove a v poh\u00e1ri postupuje \u010falej\"}]},{\"@type\":\"WebSite\",\"@id\":\"https:\\\/\\\/fcspartaktrnava.com\\\/#website\",\"url\":\"https:\\\/\\\/fcspartaktrnava.com\\\/\",\"name\":\"FC Spartak Trnava\",\"description\":\"ofici\u00e1lna webstr\u00e1nka futbalov\u00e9ho klubu\",\"publisher\":{\"@id\":\"https:\\\/\\\/fcspartaktrnava.com\\\/#organization\"},\"potentialAction\":[{\"@type\":\"SearchAction\",\"target\":{\"@type\":\"EntryPoint\",\"urlTemplate\":\"https:\\\/\\\/fcspartaktrnava.com\\\/?s={search_term_string}\"},\"query-input\":{\"@type\":\"PropertyValueSpecification\",\"valueRequired\":true,\"valueName\":\"search_term_string\"}}],\"inLanguage\":\"en-GB\"},{\"@type\":\"Organization\",\"@id\":\"https:\\\/\\\/fcspartaktrnava.com\\\/#organization\",\"name\":\"FC Spartak Trnava\",\"alternateName\":\"Spartak\",\"url\":\"https:\\\/\\\/fcspartaktrnava.com\\\/\",\"logo\":{\"@type\":\"ImageObject\",\"inLanguage\":\"en-GB\",\"@id\":\"https:\\\/\\\/fcspartaktrnava.com\\\/#\\\/schema\\\/logo\\\/image\\\/\",\"url\":\"https:\\\/\\\/fcspartaktrnava.com\\\/wp-content\\\/uploads\\\/2022\\\/08\\\/cropped-site_logo.png\",\"contentUrl\":\"https:\\\/\\\/fcspartaktrnava.com\\\/wp-content\\\/uploads\\\/2022\\\/08\\\/cropped-site_logo.png\",\"width\":140,\"height\":140,\"caption\":\"FC Spartak Trnava\"},\"image\":{\"@id\":\"https:\\\/\\\/fcspartaktrnava.com\\\/#\\\/schema\\\/logo\\\/image\\\/\"},\"sameAs\":[\"https:\\\/\\\/www.facebook.com\\\/SpartakTrnava\",\"https:\\\/\\\/x.com\\\/SpartakTrnava1\",\"https:\\\/\\\/www.instagram.com\\\/spartak_sk\\\/\"]},{\"@type\":\"Person\",\"@id\":\"https:\\\/\\\/fcspartaktrnava.com\\\/#\\\/schema\\\/person\\\/7cdd4b929b99ded36250b65a912c3e50\",\"name\":\"Martin Jani\u0161\",\"image\":{\"@type\":\"ImageObject\",\"inLanguage\":\"en-GB\",\"@id\":\"https:\\\/\\\/secure.gravatar.com\\\/avatar\\\/fedc052aa0cc97945f02257b4d7403b58c43abc4a09851b80363a242b2276a06?s=96&d=mm&r=g\",\"url\":\"https:\\\/\\\/secure.gravatar.com\\\/avatar\\\/fedc052aa0cc97945f02257b4d7403b58c43abc4a09851b80363a242b2276a06?s=96&d=mm&r=g\",\"contentUrl\":\"https:\\\/\\\/secure.gravatar.com\\\/avatar\\\/fedc052aa0cc97945f02257b4d7403b58c43abc4a09851b80363a242b2276a06?s=96&d=mm&r=g\",\"caption\":\"Martin Jani\u0161\"},\"sameAs\":[\"http:\\\/\\\/Martin%20Janis\"],\"url\":\"https:\\\/\\\/fcspartaktrnava.com\\\/en\\\/author\\\/martin-janis\\\/\"}]}<\/script>\n<!-- \/ Yoast SEO plugin. -->","yoast_head_json":{"title":"Spartak oto\u010dil z\u00e1pas v P\u00fachove a v poh\u00e1ri postupuje \u010falej - FC Spartak Trnava","robots":{"index":"index","follow":"follow","max-snippet":"max-snippet:-1","max-image-preview":"max-image-preview:large","max-video-preview":"max-video-preview:-1"},"canonical":"https:\/\/fcspartaktrnava.com\/en\/spartak-otocil-zapas-v-puchove-a-v-pohari-postupuje-dalej\/","twitter_misc":{"Written by":"Martin Jani\u0161","Estimated reading time":"3 minutes"},"schema":{"@context":"https:\/\/schema.org","@graph":[{"@type":"Article","@id":"https:\/\/fcspartaktrnava.com\/spartak-otocil-zapas-v-puchove-a-v-pohari-postupuje-dalej\/#article","isPartOf":{"@id":"https:\/\/fcspartaktrnava.com\/spartak-otocil-zapas-v-puchove-a-v-pohari-postupuje-dalej\/"},"author":{"name":"Martin Jani\u0161","@id":"https:\/\/fcspartaktrnava.com\/#\/schema\/person\/7cdd4b929b99ded36250b65a912c3e50"},"headline":"Spartak oto\u010dil z\u00e1pas v P\u00fachove a v poh\u00e1ri postupuje \u010falej","datePublished":"2026-09-02T16:18:37+00:00","mainEntityOfPage":{"@id":"https:\/\/fcspartaktrnava.com\/spartak-otocil-zapas-v-puchove-a-v-pohari-postupuje-dalej\/"},"wordCount":592,"publisher":{"@id":"https:\/\/fcspartaktrnava.com\/#organization"},"image":{"@id":"https:\/\/fcspartaktrnava.com\/spartak-otocil-zapas-v-puchove-a-v-pohari-postupuje-dalej\/#primaryimage"},"thumbnailUrl":"https:\/\/fcspartaktrnava.com\/wp-content\/uploads\/2026\/09\/IMG_9567-scaled.jpeg","articleSection":["Spr\u00e1vy"],"inLanguage":"en-GB"},{"@type":"WebPage","@id":"https:\/\/fcspartaktrnava.com\/spartak-otocil-zapas-v-puchove-a-v-pohari-postupuje-dalej\/","url":"https:\/\/fcspartaktrnava.com\/spartak-otocil-zapas-v-puchove-a-v-pohari-postupuje-dalej\/","name":"Spartak oto\u010dil z\u00e1pas v P\u00fachove a v poh\u00e1ri postupuje \u010falej - FC Spartak Trnava","isPartOf":{"@id":"https:\/\/fcspartaktrnava.com\/#website"},"primaryImageOfPage":{"@id":"https:\/\/fcspartaktrnava.com\/spartak-otocil-zapas-v-puchove-a-v-pohari-postupuje-dalej\/#primaryimage"},"image":{"@id":"https:\/\/fcspartaktrnava.com\/spartak-otocil-zapas-v-puchove-a-v-pohari-postupuje-dalej\/#primaryimage"},"thumbnailUrl":"https:\/\/fcspartaktrnava.com\/wp-content\/uploads\/2026\/09\/IMG_9567-scaled.jpeg","datePublished":"2026-09-02T16:18:37+00:00","breadcrumb":{"@id":"https:\/\/fcspartaktrnava.com\/spartak-otocil-zapas-v-puchove-a-v-pohari-postupuje-dalej\/#breadcrumb"},"inLanguage":"en-GB","potentialAction":[{"@type":"ReadAction","target":["https:\/\/fcspartaktrnava.com\/spartak-otocil-zapas-v-puchove-a-v-pohari-postupuje-dalej\/"]}]},{"@type":"ImageObject","inLanguage":"en-GB","@id":"https:\/\/fcspartaktrnava.com\/spartak-otocil-zapas-v-puchove-a-v-pohari-postupuje-dalej\/#primaryimage","url":"https:\/\/fcspartaktrnava.com\/wp-content\/uploads\/2026\/09\/IMG_9567-scaled.jpeg","contentUrl":"https:\/\/fcspartaktrnava.com\/wp-content\/uploads\/2026\/09\/IMG_9567-scaled.jpeg","width":2560,"height":1707},{"@type":"BreadcrumbList","@id":"https:\/\/fcspartaktrnava.com\/spartak-otocil-zapas-v-puchove-a-v-pohari-postupuje-dalej\/#breadcrumb","itemListElement":[{"@type":"ListItem","position":1,"name":"Home","item":"https:\/\/fcspartaktrnava.com\/"},{"@type":"ListItem","position":2,"name":"Spartak oto\u010dil z\u00e1pas v P\u00fachove a v poh\u00e1ri postupuje \u010falej"}]},{"@type":"WebSite","@id":"https:\/\/fcspartaktrnava.com\/#website","url":"https:\/\/fcspartaktrnava.com\/","name":"FC Spartak Trnava","description":"ofici\u00e1lna webstr\u00e1nka futbalov\u00e9ho klubu","publisher":{"@id":"https:\/\/fcspartaktrnava.com\/#organization"},"potentialAction":[{"@type":"SearchAction","target":{"@type":"EntryPoint","urlTemplate":"https:\/\/fcspartaktrnava.com\/?s={search_term_string}"},"query-input":{"@type":"PropertyValueSpecification","valueRequired":true,"valueName":"search_term_string"}}],"inLanguage":"en-GB"},{"@type":"Organization","@id":"https:\/\/fcspartaktrnava.com\/#organization","name":"FC Spartak Trnava","alternateName":"Spartak","url":"https:\/\/fcspartaktrnava.com\/","logo":{"@type":"ImageObject","inLanguage":"en-GB","@id":"https:\/\/fcspartaktrnava.com\/#\/schema\/logo\/image\/","url":"https:\/\/fcspartaktrnava.com\/wp-content\/uploads\/2022\/08\/cropped-site_logo.png","contentUrl":"https:\/\/fcspartaktrnava.com\/wp-content\/uploads\/2022\/08\/cropped-site_logo.png","width":140,"height":140,"caption":"FC Spartak Trnava"},"image":{"@id":"https:\/\/fcspartaktrnava.com\/#\/schema\/logo\/image\/"},"sameAs":["https:\/\/www.facebook.com\/SpartakTrnava","https:\/\/x.com\/SpartakTrnava1","https:\/\/www.instagram.com\/spartak_sk\/"]},{"@type":"Person","@id":"https:\/\/fcspartaktrnava.com\/#\/schema\/person\/7cdd4b929b99ded36250b65a912c3e50","name":"Martin Jani\u0161","image":{"@type":"ImageObject","inLanguage":"en-GB","@id":"https:\/\/secure.gravatar.com\/avatar\/fedc052aa0cc97945f02257b4d7403b58c43abc4a09851b80363a242b2276a06?s=96&d=mm&r=g","url":"https:\/\/secure.gravatar.com\/avatar\/fedc052aa0cc97945f02257b4d7403b58c43abc4a09851b80363a242b2276a06?s=96&d=mm&r=g","contentUrl":"https:\/\/secure.gravatar.com\/avatar\/fedc052aa0cc97945f02257b4d7403b58c43abc4a09851b80363a242b2276a06?s=96&d=mm&r=g","caption":"Martin Jani\u0161"},"sameAs":["http:\/\/Martin%20Janis"],"url":"https:\/\/fcspartaktrnava.com\/en\/author\/martin-janis\/"}]}},"_links":{"self":[{"href":"https:\/\/fcspartaktrnava.com\/en\/wp-json\/wp\/v2\/posts\/48703","targetHints":{"allow":["GET"]}}],"collection":[{"href":"https:\/\/fcspartaktrnava.com\/en\/wp-json\/wp\/v2\/posts"}],"about":[{"href":"https:\/\/fcspartaktrnava.com\/en\/wp-json\/wp\/v2\/types\/post"}],"author":[{"embeddable":true,"href":"https:\/\/fcspartaktrnava.com\/en\/wp-json\/wp\/v2\/users\/10"}],"replies":[{"embeddable":true,"href":"https:\/\/fcspartaktrnava.com\/en\/wp-json\/wp\/v2\/comments?post=48703"}],"version-history":[{"count":0,"href":"https:\/\/fcspartaktrnava.com\/en\/wp-json\/wp\/v2\/posts\/48703\/revisions"}],"wp:featuredmedia":[{"embeddable":true,"href":"https:\/\/fcspartaktrnava.com\/en\/wp-json\/wp\/v2\/media\/48705"}],"wp:attachment":[{"href":"https:\/\/fcspartaktrnava.com\/en\/wp-json\/wp\/v2\/media?parent=48703"}],"wp:term":[{"taxonomy":"category","embeddable":true,"href":"https:\/\/fcspartaktrnava.com\/en\/wp-json\/wp\/v2\/categories?post=48703"},{"taxonomy":"post_tag","embeddable":true,"href":"https:\/\/fcspartaktrnava.com\/en\/wp-json\/wp\/v2\/tags?post=48703"}],"curies":[{"name":"wp","href":"https:\/\/api.w.org\/{rel}","templated":true}]}}