{"id":48702,"date":"2026-09-01T13:35:30","date_gmt":"2026-09-01T11:35:30","guid":{"rendered":"https:\/\/fcspartaktrnava.com\/?p=48702"},"modified":"2026-09-01T13:55:34","modified_gmt":"2026-09-01T11:55:34","slug":"spartak-vyzve-v-domacom-pohari-tretoligovy-puchov","status":"publish","type":"post","link":"https:\/\/fcspartaktrnava.com\/en\/spartak-vyzve-v-domacom-pohari-tretoligovy-puchov\/","title":{"rendered":"Spartak vyzve v\u00a0dom\u00e1com poh\u00e1ri tre\u0165oligov\u00fd P\u00fachov \u00a0"},"content":{"rendered":"<p class=\"has-medium-font-size wp-block-paragraph\">U\u017e v\u00a0stredu 2. septembra sa od 16.30 za\u010d\u00edna 3. kolo Slovnaft Cupu a\u00a0trnavsk\u00fd Spartak mieri na ihrisko tre\u0165oligov\u00e9ho P\u00fachova.<br><br>Po dom\u00e1cej ligovej prehre so \u017dilinou to je pre zverencov tr\u00e9nera Mu\u0148oza ide\u00e1lnou mo\u017enos\u0165ou ako sa vr\u00e1ti\u0165 na v\u00ed\u0165azn\u00fa vlnu. Podobne ako proti ostatn\u00e9mu poh\u00e1rov\u00e9mu z\u00e1pasu, aj proti P\u00fachovu sa daj\u00fa o\u010dak\u00e1va\u0165 zmeny v\u00a0z\u00e1kladnej zostave a\u00a0na ihrisko zrejme vybehn\u00fa hr\u00e1\u010di \u0161ir\u0161ieho k\u00e1dra.<br><br><strong>M\u0160K P\u00fachov<br><br><\/strong>Futbalisti P\u00fachova v\u00a0minulom ro\u010dn\u00edku vypadli z\u00a0druhej futbalovej ligy a\u00a0v\u00a0s\u00fa\u010dasnosti im za jednu v\u00fdhru, jednu prehru a\u00a0dve rem\u00edzy patr\u00ed deviate miesto v\u00a0lige tretej. V\u00a0poh\u00e1ri post\u00fapili cez Krajn\u00e9 po v\u00fdsledku 3:1 vonku. V\u00a0k\u00e1dri n\u00e1\u0161ho s\u00fapera p\u00f4sob\u00ed\u00a0b\u00fdval\u00fd ligista Patrik Mr\u00e1z v\u00a0minulosti p\u00f4sobiaci v\u00a0Senici \u010di \u017diline.<br><br><strong>Vz\u00e1jomn\u00e9 stretnutie bolo naposledy v\u00a0roku 2011<\/strong><br><br>Spartak sa s\u00a0P\u00fachovom stretol naposledy v\u00a0septembri 2011 v\u00a0r\u00e1mci \u0161estn\u00e1s\u0165fin\u00e1le poh\u00e1ra. Zverenci vtedaj\u0161ieho tr\u00e9nera Hoftycha vyhrali vonku 3:0, ke\u010f na \u00favodn\u00fd g\u00f3l Mareka Ka\u0161\u010d\u00e1ka nadviazal Koro Kon\u00e9 dvomi presn\u00fdmi z\u00e1sahmi. V\u00a0z\u00e1kladnej zostave vtedy hral aj aktu\u00e1lny \u010dlen Spartaka Roman Proch\u00e1zka.<br><br>Proti tre\u0165oligistovi sme naposledy v\u00a0dom\u00e1com poh\u00e1ri hrali v\u00a0septembri 2020, na ihrisku Mal\u017een\u00edc sme vyhrali 3:0, ke\u010f g\u00f3ly strie\u013eali Tumma, Cabral a\u00a0striedaj\u00faci Godinho.<br><br>L\u00edstky sa duel s\u00fa v\u00a0predaji v mieste duelu a <a href=\"https:\/\/www.ticketportal.sk\/event\/MSK-Puchov-FC-Spartak-Trnava\">online tu.<\/a><br><br><\/p>","protected":false},"excerpt":{"rendered":"<p>U\u017e v\u00a0stredu 2. septembra sa od 16.30 za\u010d\u00edna&#8230;<\/p>","protected":false},"author":10,"featured_media":48607,"comment_status":"closed","ping_status":"closed","sticky":false,"template":"","format":"standard","meta":{"footnotes":""},"categories":[12],"tags":[],"class_list":["post-48702","post","type-post","status-publish","format-standard","has-post-thumbnail","hentry","category-spravy","post-number-1"],"yoast_head":"<!-- This site is optimized with the Yoast SEO plugin v28.1 - https:\/\/yoast.com\/product\/yoast-seo-wordpress\/ -->\n<title>Spartak vyzve v\u00a0dom\u00e1com poh\u00e1ri tre\u0165oligov\u00fd P\u00fachov \u00a0 - FC Spartak Trnava<\/title>\n<meta name=\"robots\" content=\"index, follow, max-snippet:-1, max-image-preview:large, max-video-preview:-1\" \/>\n<link rel=\"canonical\" href=\"https:\/\/fcspartaktrnava.com\/en\/spartak-vyzve-v-domacom-pohari-tretoligovy-puchov\/\" \/>\n<meta name=\"twitter:label1\" content=\"Written by\" \/>\n\t<meta name=\"twitter:data1\" content=\"Martin Jani\u0161\" \/>\n\t<meta name=\"twitter:label2\" content=\"Estimated reading time\" \/>\n\t<meta name=\"twitter:data2\" content=\"2 minutes\" \/>\n<script type=\"application\/ld+json\" class=\"yoast-schema-graph\">{\"@context\":\"https:\\\/\\\/schema.org\",\"@graph\":[{\"@type\":\"Article\",\"@id\":\"https:\\\/\\\/fcspartaktrnava.com\\\/spartak-vyzve-v-domacom-pohari-tretoligovy-puchov\\\/#article\",\"isPartOf\":{\"@id\":\"https:\\\/\\\/fcspartaktrnava.com\\\/spartak-vyzve-v-domacom-pohari-tretoligovy-puchov\\\/\"},\"author\":{\"name\":\"Martin Jani\u0161\",\"@id\":\"https:\\\/\\\/fcspartaktrnava.com\\\/#\\\/schema\\\/person\\\/7cdd4b929b99ded36250b65a912c3e50\"},\"headline\":\"Spartak vyzve v\u00a0dom\u00e1com poh\u00e1ri tre\u0165oligov\u00fd P\u00fachov \u00a0\",\"datePublished\":\"2026-09-01T11:35:30+00:00\",\"dateModified\":\"2026-09-01T11:55:34+00:00\",\"mainEntityOfPage\":{\"@id\":\"https:\\\/\\\/fcspartaktrnava.com\\\/spartak-vyzve-v-domacom-pohari-tretoligovy-puchov\\\/\"},\"wordCount\":275,\"publisher\":{\"@id\":\"https:\\\/\\\/fcspartaktrnava.com\\\/#organization\"},\"image\":{\"@id\":\"https:\\\/\\\/fcspartaktrnava.com\\\/spartak-vyzve-v-domacom-pohari-tretoligovy-puchov\\\/#primaryimage\"},\"thumbnailUrl\":\"https:\\\/\\\/fcspartaktrnava.com\\\/wp-content\\\/uploads\\\/2026\\\/08\\\/LUC_1414.jpg\",\"articleSection\":[\"Spr\u00e1vy\"],\"inLanguage\":\"en-GB\"},{\"@type\":\"WebPage\",\"@id\":\"https:\\\/\\\/fcspartaktrnava.com\\\/spartak-vyzve-v-domacom-pohari-tretoligovy-puchov\\\/\",\"url\":\"https:\\\/\\\/fcspartaktrnava.com\\\/spartak-vyzve-v-domacom-pohari-tretoligovy-puchov\\\/\",\"name\":\"Spartak vyzve v\u00a0dom\u00e1com poh\u00e1ri tre\u0165oligov\u00fd P\u00fachov \u00a0 - FC Spartak Trnava\",\"isPartOf\":{\"@id\":\"https:\\\/\\\/fcspartaktrnava.com\\\/#website\"},\"primaryImageOfPage\":{\"@id\":\"https:\\\/\\\/fcspartaktrnava.com\\\/spartak-vyzve-v-domacom-pohari-tretoligovy-puchov\\\/#primaryimage\"},\"image\":{\"@id\":\"https:\\\/\\\/fcspartaktrnava.com\\\/spartak-vyzve-v-domacom-pohari-tretoligovy-puchov\\\/#primaryimage\"},\"thumbnailUrl\":\"https:\\\/\\\/fcspartaktrnava.com\\\/wp-content\\\/uploads\\\/2026\\\/08\\\/LUC_1414.jpg\",\"datePublished\":\"2026-09-01T11:35:30+00:00\",\"dateModified\":\"2026-09-01T11:55:34+00:00\",\"breadcrumb\":{\"@id\":\"https:\\\/\\\/fcspartaktrnava.com\\\/spartak-vyzve-v-domacom-pohari-tretoligovy-puchov\\\/#breadcrumb\"},\"inLanguage\":\"en-GB\",\"potentialAction\":[{\"@type\":\"ReadAction\",\"target\":[\"https:\\\/\\\/fcspartaktrnava.com\\\/spartak-vyzve-v-domacom-pohari-tretoligovy-puchov\\\/\"]}]},{\"@type\":\"ImageObject\",\"inLanguage\":\"en-GB\",\"@id\":\"https:\\\/\\\/fcspartaktrnava.com\\\/spartak-vyzve-v-domacom-pohari-tretoligovy-puchov\\\/#primaryimage\",\"url\":\"https:\\\/\\\/fcspartaktrnava.com\\\/wp-content\\\/uploads\\\/2026\\\/08\\\/LUC_1414.jpg\",\"contentUrl\":\"https:\\\/\\\/fcspartaktrnava.com\\\/wp-content\\\/uploads\\\/2026\\\/08\\\/LUC_1414.jpg\",\"width\":1500,\"height\":1000},{\"@type\":\"BreadcrumbList\",\"@id\":\"https:\\\/\\\/fcspartaktrnava.com\\\/spartak-vyzve-v-domacom-pohari-tretoligovy-puchov\\\/#breadcrumb\",\"itemListElement\":[{\"@type\":\"ListItem\",\"position\":1,\"name\":\"Home\",\"item\":\"https:\\\/\\\/fcspartaktrnava.com\\\/\"},{\"@type\":\"ListItem\",\"position\":2,\"name\":\"Spartak vyzve v\u00a0dom\u00e1com poh\u00e1ri tre\u0165oligov\u00fd P\u00fachov \u00a0\"}]},{\"@type\":\"WebSite\",\"@id\":\"https:\\\/\\\/fcspartaktrnava.com\\\/#website\",\"url\":\"https:\\\/\\\/fcspartaktrnava.com\\\/\",\"name\":\"FC Spartak Trnava\",\"description\":\"ofici\u00e1lna webstr\u00e1nka futbalov\u00e9ho klubu\",\"publisher\":{\"@id\":\"https:\\\/\\\/fcspartaktrnava.com\\\/#organization\"},\"potentialAction\":[{\"@type\":\"SearchAction\",\"target\":{\"@type\":\"EntryPoint\",\"urlTemplate\":\"https:\\\/\\\/fcspartaktrnava.com\\\/?s={search_term_string}\"},\"query-input\":{\"@type\":\"PropertyValueSpecification\",\"valueRequired\":true,\"valueName\":\"search_term_string\"}}],\"inLanguage\":\"en-GB\"},{\"@type\":\"Organization\",\"@id\":\"https:\\\/\\\/fcspartaktrnava.com\\\/#organization\",\"name\":\"FC Spartak Trnava\",\"alternateName\":\"Spartak\",\"url\":\"https:\\\/\\\/fcspartaktrnava.com\\\/\",\"logo\":{\"@type\":\"ImageObject\",\"inLanguage\":\"en-GB\",\"@id\":\"https:\\\/\\\/fcspartaktrnava.com\\\/#\\\/schema\\\/logo\\\/image\\\/\",\"url\":\"https:\\\/\\\/fcspartaktrnava.com\\\/wp-content\\\/uploads\\\/2022\\\/08\\\/cropped-site_logo.png\",\"contentUrl\":\"https:\\\/\\\/fcspartaktrnava.com\\\/wp-content\\\/uploads\\\/2022\\\/08\\\/cropped-site_logo.png\",\"width\":140,\"height\":140,\"caption\":\"FC Spartak Trnava\"},\"image\":{\"@id\":\"https:\\\/\\\/fcspartaktrnava.com\\\/#\\\/schema\\\/logo\\\/image\\\/\"},\"sameAs\":[\"https:\\\/\\\/www.facebook.com\\\/SpartakTrnava\",\"https:\\\/\\\/x.com\\\/SpartakTrnava1\",\"https:\\\/\\\/www.instagram.com\\\/spartak_sk\\\/\"]},{\"@type\":\"Person\",\"@id\":\"https:\\\/\\\/fcspartaktrnava.com\\\/#\\\/schema\\\/person\\\/7cdd4b929b99ded36250b65a912c3e50\",\"name\":\"Martin Jani\u0161\",\"image\":{\"@type\":\"ImageObject\",\"inLanguage\":\"en-GB\",\"@id\":\"https:\\\/\\\/secure.gravatar.com\\\/avatar\\\/fedc052aa0cc97945f02257b4d7403b58c43abc4a09851b80363a242b2276a06?s=96&d=mm&r=g\",\"url\":\"https:\\\/\\\/secure.gravatar.com\\\/avatar\\\/fedc052aa0cc97945f02257b4d7403b58c43abc4a09851b80363a242b2276a06?s=96&d=mm&r=g\",\"contentUrl\":\"https:\\\/\\\/secure.gravatar.com\\\/avatar\\\/fedc052aa0cc97945f02257b4d7403b58c43abc4a09851b80363a242b2276a06?s=96&d=mm&r=g\",\"caption\":\"Martin Jani\u0161\"},\"sameAs\":[\"http:\\\/\\\/Martin%20Janis\"],\"url\":\"https:\\\/\\\/fcspartaktrnava.com\\\/en\\\/author\\\/martin-janis\\\/\"}]}<\/script>\n<!-- \/ Yoast SEO plugin. -->","yoast_head_json":{"title":"Spartak vyzve v\u00a0dom\u00e1com poh\u00e1ri tre\u0165oligov\u00fd P\u00fachov \u00a0 - FC Spartak Trnava","robots":{"index":"index","follow":"follow","max-snippet":"max-snippet:-1","max-image-preview":"max-image-preview:large","max-video-preview":"max-video-preview:-1"},"canonical":"https:\/\/fcspartaktrnava.com\/en\/spartak-vyzve-v-domacom-pohari-tretoligovy-puchov\/","twitter_misc":{"Written by":"Martin Jani\u0161","Estimated reading time":"2 minutes"},"schema":{"@context":"https:\/\/schema.org","@graph":[{"@type":"Article","@id":"https:\/\/fcspartaktrnava.com\/spartak-vyzve-v-domacom-pohari-tretoligovy-puchov\/#article","isPartOf":{"@id":"https:\/\/fcspartaktrnava.com\/spartak-vyzve-v-domacom-pohari-tretoligovy-puchov\/"},"author":{"name":"Martin Jani\u0161","@id":"https:\/\/fcspartaktrnava.com\/#\/schema\/person\/7cdd4b929b99ded36250b65a912c3e50"},"headline":"Spartak vyzve v\u00a0dom\u00e1com poh\u00e1ri tre\u0165oligov\u00fd P\u00fachov \u00a0","datePublished":"2026-09-01T11:35:30+00:00","dateModified":"2026-09-01T11:55:34+00:00","mainEntityOfPage":{"@id":"https:\/\/fcspartaktrnava.com\/spartak-vyzve-v-domacom-pohari-tretoligovy-puchov\/"},"wordCount":275,"publisher":{"@id":"https:\/\/fcspartaktrnava.com\/#organization"},"image":{"@id":"https:\/\/fcspartaktrnava.com\/spartak-vyzve-v-domacom-pohari-tretoligovy-puchov\/#primaryimage"},"thumbnailUrl":"https:\/\/fcspartaktrnava.com\/wp-content\/uploads\/2026\/08\/LUC_1414.jpg","articleSection":["Spr\u00e1vy"],"inLanguage":"en-GB"},{"@type":"WebPage","@id":"https:\/\/fcspartaktrnava.com\/spartak-vyzve-v-domacom-pohari-tretoligovy-puchov\/","url":"https:\/\/fcspartaktrnava.com\/spartak-vyzve-v-domacom-pohari-tretoligovy-puchov\/","name":"Spartak vyzve v\u00a0dom\u00e1com poh\u00e1ri tre\u0165oligov\u00fd P\u00fachov \u00a0 - FC Spartak Trnava","isPartOf":{"@id":"https:\/\/fcspartaktrnava.com\/#website"},"primaryImageOfPage":{"@id":"https:\/\/fcspartaktrnava.com\/spartak-vyzve-v-domacom-pohari-tretoligovy-puchov\/#primaryimage"},"image":{"@id":"https:\/\/fcspartaktrnava.com\/spartak-vyzve-v-domacom-pohari-tretoligovy-puchov\/#primaryimage"},"thumbnailUrl":"https:\/\/fcspartaktrnava.com\/wp-content\/uploads\/2026\/08\/LUC_1414.jpg","datePublished":"2026-09-01T11:35:30+00:00","dateModified":"2026-09-01T11:55:34+00:00","breadcrumb":{"@id":"https:\/\/fcspartaktrnava.com\/spartak-vyzve-v-domacom-pohari-tretoligovy-puchov\/#breadcrumb"},"inLanguage":"en-GB","potentialAction":[{"@type":"ReadAction","target":["https:\/\/fcspartaktrnava.com\/spartak-vyzve-v-domacom-pohari-tretoligovy-puchov\/"]}]},{"@type":"ImageObject","inLanguage":"en-GB","@id":"https:\/\/fcspartaktrnava.com\/spartak-vyzve-v-domacom-pohari-tretoligovy-puchov\/#primaryimage","url":"https:\/\/fcspartaktrnava.com\/wp-content\/uploads\/2026\/08\/LUC_1414.jpg","contentUrl":"https:\/\/fcspartaktrnava.com\/wp-content\/uploads\/2026\/08\/LUC_1414.jpg","width":1500,"height":1000},{"@type":"BreadcrumbList","@id":"https:\/\/fcspartaktrnava.com\/spartak-vyzve-v-domacom-pohari-tretoligovy-puchov\/#breadcrumb","itemListElement":[{"@type":"ListItem","position":1,"name":"Home","item":"https:\/\/fcspartaktrnava.com\/"},{"@type":"ListItem","position":2,"name":"Spartak vyzve v\u00a0dom\u00e1com poh\u00e1ri tre\u0165oligov\u00fd P\u00fachov \u00a0"}]},{"@type":"WebSite","@id":"https:\/\/fcspartaktrnava.com\/#website","url":"https:\/\/fcspartaktrnava.com\/","name":"FC Spartak Trnava","description":"ofici\u00e1lna webstr\u00e1nka futbalov\u00e9ho klubu","publisher":{"@id":"https:\/\/fcspartaktrnava.com\/#organization"},"potentialAction":[{"@type":"SearchAction","target":{"@type":"EntryPoint","urlTemplate":"https:\/\/fcspartaktrnava.com\/?s={search_term_string}"},"query-input":{"@type":"PropertyValueSpecification","valueRequired":true,"valueName":"search_term_string"}}],"inLanguage":"en-GB"},{"@type":"Organization","@id":"https:\/\/fcspartaktrnava.com\/#organization","name":"FC Spartak Trnava","alternateName":"Spartak","url":"https:\/\/fcspartaktrnava.com\/","logo":{"@type":"ImageObject","inLanguage":"en-GB","@id":"https:\/\/fcspartaktrnava.com\/#\/schema\/logo\/image\/","url":"https:\/\/fcspartaktrnava.com\/wp-content\/uploads\/2022\/08\/cropped-site_logo.png","contentUrl":"https:\/\/fcspartaktrnava.com\/wp-content\/uploads\/2022\/08\/cropped-site_logo.png","width":140,"height":140,"caption":"FC Spartak Trnava"},"image":{"@id":"https:\/\/fcspartaktrnava.com\/#\/schema\/logo\/image\/"},"sameAs":["https:\/\/www.facebook.com\/SpartakTrnava","https:\/\/x.com\/SpartakTrnava1","https:\/\/www.instagram.com\/spartak_sk\/"]},{"@type":"Person","@id":"https:\/\/fcspartaktrnava.com\/#\/schema\/person\/7cdd4b929b99ded36250b65a912c3e50","name":"Martin Jani\u0161","image":{"@type":"ImageObject","inLanguage":"en-GB","@id":"https:\/\/secure.gravatar.com\/avatar\/fedc052aa0cc97945f02257b4d7403b58c43abc4a09851b80363a242b2276a06?s=96&d=mm&r=g","url":"https:\/\/secure.gravatar.com\/avatar\/fedc052aa0cc97945f02257b4d7403b58c43abc4a09851b80363a242b2276a06?s=96&d=mm&r=g","contentUrl":"https:\/\/secure.gravatar.com\/avatar\/fedc052aa0cc97945f02257b4d7403b58c43abc4a09851b80363a242b2276a06?s=96&d=mm&r=g","caption":"Martin Jani\u0161"},"sameAs":["http:\/\/Martin%20Janis"],"url":"https:\/\/fcspartaktrnava.com\/en\/author\/martin-janis\/"}]}},"_links":{"self":[{"href":"https:\/\/fcspartaktrnava.com\/en\/wp-json\/wp\/v2\/posts\/48702","targetHints":{"allow":["GET"]}}],"collection":[{"href":"https:\/\/fcspartaktrnava.com\/en\/wp-json\/wp\/v2\/posts"}],"about":[{"href":"https:\/\/fcspartaktrnava.com\/en\/wp-json\/wp\/v2\/types\/post"}],"author":[{"embeddable":true,"href":"https:\/\/fcspartaktrnava.com\/en\/wp-json\/wp\/v2\/users\/10"}],"replies":[{"embeddable":true,"href":"https:\/\/fcspartaktrnava.com\/en\/wp-json\/wp\/v2\/comments?post=48702"}],"version-history":[{"count":0,"href":"https:\/\/fcspartaktrnava.com\/en\/wp-json\/wp\/v2\/posts\/48702\/revisions"}],"wp:featuredmedia":[{"embeddable":true,"href":"https:\/\/fcspartaktrnava.com\/en\/wp-json\/wp\/v2\/media\/48607"}],"wp:attachment":[{"href":"https:\/\/fcspartaktrnava.com\/en\/wp-json\/wp\/v2\/media?parent=48702"}],"wp:term":[{"taxonomy":"category","embeddable":true,"href":"https:\/\/fcspartaktrnava.com\/en\/wp-json\/wp\/v2\/categories?post=48702"},{"taxonomy":"post_tag","embeddable":true,"href":"https:\/\/fcspartaktrnava.com\/en\/wp-json\/wp\/v2\/tags?post=48702"}],"curies":[{"name":"wp","href":"https:\/\/api.w.org\/{rel}","templated":true}]}}