{"id":48684,"date":"2026-08-30T20:16:17","date_gmt":"2026-08-30T18:16:17","guid":{"rendered":"https:\/\/fcspartaktrnava.com\/?p=48684"},"modified":"2026-08-30T20:17:57","modified_gmt":"2026-08-30T18:17:57","slug":"viacero-mladeznikov-ma-za-sebou-anglicky-tyzden","status":"publish","type":"post","link":"https:\/\/fcspartaktrnava.com\/en\/viacero-mladeznikov-ma-za-sebou-anglicky-tyzden\/","title":{"rendered":"Viacero ml\u00e1de\u017en\u00edkov m\u00e1 za sebou anglick\u00fd t\u00fd\u017ede\u0148"},"content":{"rendered":"<p class=\"has-text-align-center wp-block-paragraph\"><strong>FC Spartak Trnava U19 \u2013 SK Rapid Viede\u0148 U19 3:5 (1:3)<\/strong><\/p>\n\n\n\n<p class=\"has-text-align-center wp-block-paragraph\">Najstar\u0161\u00ed dorast si spestril t\u00fd\u017ede\u0148 pr\u00edpravn\u00fdm z\u00e1pasom proti Rapidu Viede\u0148. Spartakovci v&nbsp;medzin\u00e1rodnej konfront\u00e1cii proti rak\u00faskemu s\u00faperovi prehrali 3:5.<strong><br>Goals: <\/strong>Kostol\u00e1ni, Fojta, Flimmel<\/p>\n\n\n\n<p class=\"has-text-align-center wp-block-paragraph\"><strong>Adam Chorvath: \u201eV\u00fdborn\u00fd z\u00e1pas proti kvalitn\u00e9mu s\u00faperovi, chceli sme da\u0165 priestor hr\u00e1\u010dom, ktor\u00ed hrali v lige menej a z\u00e1rove\u0148 si sk\u00fasi\u0165 aj nov\u00e9 varianty. Potrebujeme ma\u0165 v\u0161etk\u00fdch hr\u00e1\u010dov st\u00e1le pripraven\u00fdch a vidie\u0165 ich v \u0165a\u017ekej konfront\u00e1cii. Mysl\u00edm si, \u017ee z\u00e1pas splnil \u00fa\u010del. V prvom pol\u010dase sme robili pr\u00edli\u0161 ve\u013ea individu\u00e1lnych ch\u00fdb, intenzita na\u0161ej hry v oboch f\u00e1zach nebola tak\u00e1, ak\u00fa si predstavujeme. V druhom pol\u010dase sme sa v\u00fdrazne zlep\u0161ili, no spravili sme aj chyby, ktor\u00e9 s\u00faper potrestal.\u201c<\/strong><\/p>\n\n\n\n<p class=\"has-text-align-center wp-block-paragraph\"><strong>FC Spartak Trnava U19 \u2013 MFK Tatran Liptovsk\u00fd Mikul\u00e1\u0161 U19 4:0 (0:0)<\/strong><\/p>\n\n\n\n<p class=\"has-text-align-center wp-block-paragraph\">V&nbsp;ostrom z\u00e1pase si u\u017e dev\u00e4tn\u00e1stka po\u010d\u00ednala na v\u00fdborn\u00fa. O&nbsp;v\u00ed\u0165azstve 4:0 v&nbsp;3. kole rozhodol najm\u00e4 striedaj\u00faci Flimmel, ktor\u00fd dal Liptovsk\u00e9mu Mikul\u00e1\u0161u za 21 min\u00fat hetrik.<\/p>\n\n\n\n<p class=\"has-text-align-center wp-block-paragraph\"><strong>FCST U19: <\/strong>Jablonick\u00fd \u2013 Bednar\u010d\u00edk, Pittel, Lenghardt (59. Flimmel), Studen\u00fd, Daniel, Benkovsk\u00fd (C), He\u010dko (68. Dreven\u00e1k), Terenkov (68. Holek), Fojta (68. \u0160emel\u00e1k), Tejzr (76. Kostol\u00e1ni)<strong><br>Goals: <\/strong>48. Fojta, 63., 72. a&nbsp;84. Flimmel<\/p>\n\n\n\n<p class=\"has-text-align-center wp-block-paragraph\"><strong>Yellow cards: <\/strong>Pittel<\/p>\n\n\n\n<p class=\"has-text-align-center wp-block-paragraph\"><strong>Adam Chorvath: \u201ePodali sme dobr\u00fd v\u00fdkon, v prvom pol\u010dase n\u00e1m ch\u00fdbala v\u00e4\u010d\u0161ia presnos\u0165 a kvalita vo fin\u00e1lnej f\u00e1ze. V druhom pol\u010dase sa n\u00e1m podarilo s\u00fapera zlomi\u0165 a mohli sme vyhra\u0165 e\u0161te vy\u0161\u0161\u00edm rozdielom. Na\u0161a hra mala dobr\u00fa dynamiku, dok\u00e1zali sme neust\u00e1le vyv\u00edja\u0165 tlak, robili sme dobr\u00e9 rozhodnutia v \u00fato\u010dnej z\u00f3ne. V obrannej f\u00e1ze a\u017e na p\u00e1r zav\u00e1han\u00ed sme takisto pracovali dobre, som r\u00e1d, \u017ee sa n\u00e1m znovu podarilo udr\u017ea\u0165 aj \u010dist\u00e9 konto.\u201c<\/strong><\/p>\n\n\n\n<p class=\"has-text-align-center wp-block-paragraph\">Sedemn\u00e1stka absolvovala po\u010das uplynul\u00e9ho t\u00fd\u017ed\u0148a medzin\u00e1rodn\u00fd turnaj v&nbsp;talianskom meste Trieste. O&nbsp;po\u010d\u00ednan\u00ed spartakovcov v\u00e1s budeme bli\u017e\u0161ie informova\u0165 cez t\u00fd\u017ede\u0148 v&nbsp;\u010dl\u00e1nku.<\/p>\n\n\n\n<p class=\"has-text-align-center wp-block-paragraph\"><strong>FK Lokomot\u00edva Trnava U17 \u2013 FC Spartak Trnava U16 2:4<\/strong><\/p>\n\n\n\n<p class=\"has-text-align-center wp-block-paragraph\">\u0160estn\u00e1stka tak vyu\u017eila vo\u013eno na pr\u00edpravn\u00fd z\u00e1pas proti mestsk\u00e9mu rivalovi z&nbsp;Lokomot\u00edvy Trnava. S\u00faboj proti o&nbsp;rok star\u0161\u00edm protihr\u00e1\u010dom zhodnotil asistent tr\u00e9nera Juraj Fe\u010do.<strong><br>Goals: <\/strong>Masn\u00fd, Llanaj, vlastn\u00fd, Dvorsk\u00fd<\/p>\n\n\n\n<p class=\"has-text-align-center wp-block-paragraph\"><strong>Juraj Fe\u010do: \u201eDo z\u00e1pasu sme vst\u00fapili akt\u00edvne a v\u00e4\u010d\u0161inu prv\u00e9ho pol\u010dasu sme mali loptu pod kontrolou, \u010do sa hne\u010f v \u00favode prejavilo strelen\u00fdm g\u00f3lom. V tomto tempe sme pokra\u010dovali aj na\u010falej. V druhom pol\u010dase sme sa sna\u017eili prezentova\u0165 rovnako dobr\u00fdm dr\u017ean\u00edm lopty a kvalitou na lopte, ale s\u00faper n\u00e1s za\u010dal akt\u00edvnej\u0161ie napada\u0165. To vy\u00fastilo do na\u0161ich str\u00e1t a pomal\u0161\u00edch reakci\u00ed hr\u00e1\u010dov, z \u010doho sa s\u00faperovi po chv\u00edli podarilo vyrovna\u0165. Od tohto momentu sme ale op\u00e4\u0165 prebrali iniciat\u00edvu, vytvorili si \u010fal\u0161ie \u0161ance a tie sme n\u00e1sledne aj premenili.\u201c<\/strong><\/p>\n\n\n\n<p class=\"has-text-align-center wp-block-paragraph\"><strong>FC Spartak Trnava U15 \u2013 FC DAC 1904 Dunajsk\u00e1 Streda U15 1:1 (1:0)<\/strong><\/p>\n\n\n\n<p class=\"has-text-align-center wp-block-paragraph\">Na star\u0161\u00edch \u017eiakov \u010dakalo v&nbsp;nede\u013eu krajsk\u00e9 derby proti Dunajskej Strede. V&nbsp;s\u00faboji p\u00e4tn\u00e1stky sme sa ujali vedenia po \u0161tvr\u0165hodine hry, ale tesne pred koncom sme inkasovali na kone\u010dn\u00fdch 1:1.<\/p>\n\n\n\n<p class=\"has-text-align-center wp-block-paragraph\"><strong>FCST U15: <\/strong>Skornsek (C) \u2013 Llanaj, Kostol\u00e1ni, Franta, Beli\u010dka (74. Kal\u010dok), Balko (48. Varga), Pavl\u00edk, Vir\u00e1g, Sta\u0148o (67. Ba\u0161ty), Fojta, Hamb\u00e1lek (74. Dul\u00edk)<strong><br>Goals: <\/strong>17. Fojta<\/p>\n\n\n\n<p class=\"has-text-align-center wp-block-paragraph\"><strong>R\u00f3bert Polakovi\u010d: \u201eRovnako ako minul\u00fd t\u00fd\u017ede\u0148, vstup do z\u00e1pasu bol z na\u0161ej strany v\u00fdborn\u00fd, ke\u010f sme si vedeli vypracova\u0165 aj dve g\u00f3lov\u00e9 \u0161ance. Presadili sme sa g\u00f3lom zo \u0161tandardnej situ\u00e1cie. Dobre sme pracovali pri dr\u017ean\u00ed lopty a ur\u010dovali tempo hry. Do druh\u00e9ho pol\u010dasu sme \u017eia\u013e nevst\u00fapili dobre a na chalanoch pri vo\u013ebe rie\u0161en\u00ed bolo c\u00edti\u0165, \u017ee sme hlavne nechceli pokazi\u0165. To pramenilo do tlaku s\u00fapera, ktor\u00fd si dok\u00e1zal vytvori\u0165 nieko\u013eko \u0161anc\u00ed, pri ktor\u00fdch n\u00e1s podr\u017eal brank\u00e1r. Nakoniec sa im aj tak podarilo zasl\u00fa\u017eene vyrovna\u0165 a celkov\u00e9 sk\u00f3re 1:1 hodnot\u00edm ako zasl\u00fa\u017een\u00e9, kedy ka\u017ed\u00e9mu patril jeden pol\u010das.\u201c<\/strong><\/p>\n\n\n<div class=\"wp-block-image\">\n<figure class=\"aligncenter size-large is-resized\"><img loading=\"lazy\" decoding=\"async\" width=\"1024\" height=\"682\" src=\"https:\/\/fcspartaktrnava.com\/wp-content\/uploads\/2026\/08\/WhatsApp-Image-2026-08-30-at-19.20.27-1024x682.jpeg\" alt=\"\" class=\"wp-image-48685\" style=\"width:638px;height:auto\" srcset=\"https:\/\/fcspartaktrnava.com\/wp-content\/uploads\/2026\/08\/WhatsApp-Image-2026-08-30-at-19.20.27-1024x682.jpeg 1024w, https:\/\/fcspartaktrnava.com\/wp-content\/uploads\/2026\/08\/WhatsApp-Image-2026-08-30-at-19.20.27-300x200.jpeg 300w, https:\/\/fcspartaktrnava.com\/wp-content\/uploads\/2026\/08\/WhatsApp-Image-2026-08-30-at-19.20.27-768x512.jpeg 768w, https:\/\/fcspartaktrnava.com\/wp-content\/uploads\/2026\/08\/WhatsApp-Image-2026-08-30-at-19.20.27-1536x1024.jpeg 1536w, https:\/\/fcspartaktrnava.com\/wp-content\/uploads\/2026\/08\/WhatsApp-Image-2026-08-30-at-19.20.27-18x12.jpeg 18w, https:\/\/fcspartaktrnava.com\/wp-content\/uploads\/2026\/08\/WhatsApp-Image-2026-08-30-at-19.20.27.jpeg 2000w\" sizes=\"auto, (max-width: 1024px) 100vw, 1024px\" \/><\/figure>\n<\/div>\n\n\n<p class=\"has-text-align-center wp-block-paragraph\"><strong>FC Topo\u013e\u010dany U15 \u2013 FC Spartak Trnava U14 0:4 (0:1)<\/strong><\/p>\n\n\n\n<p class=\"has-text-align-center wp-block-paragraph\">Aj tento t\u00fd\u017ede\u0148 sme dali na\u0161im \u017eiackym t\u00edmom mo\u017enos\u0165 zahra\u0165 si ligov\u00fd z\u00e1pas proti o&nbsp;rok star\u0161iemu s\u00faperovi. V&nbsp;stredu rozhodla \u0161trn\u00e1stka proti p\u00e4tn\u00e1stke Topo\u013e\u010dian o&nbsp;v\u00ed\u0165azstve a\u017e tromi g\u00f3lmi po zmene str\u00e1n.<\/p>\n\n\n\n<p class=\"has-text-align-center wp-block-paragraph\"><strong>FCST U14: <\/strong>Man\u010d\u00e1k \u2013 Hude\u010dek (41. Urban), Sloboda, Kybych, Zeman (41. Karkus), Kr\u00e1\u013eovi\u010d, Brezina (56. Luka\u010dka), Kajma (56. Varga), Marcinkovi\u010d, Ryban (C), Sabadosh (61. Tibensk\u00fd)<strong><br>Goals: <\/strong>13. a&nbsp;42. Kajma, 66. Luka\u010dka, 74. Marcinkovi\u010d<\/p>\n\n\n\n<p class=\"has-text-align-center wp-block-paragraph\"><strong>Filip Tomovi\u010d: \u201eDnes sme predviedli komplexne v\u00fdborn\u00fd v\u00fdkon. Prv\u00fdch 10 min\u00fat sme mali mierny re\u0161pekt pred ve\u013emi fyzick\u00fdm mu\u017estvom. N\u00e1sledne sme mali hru maxim\u00e1lne pod kontrolou a dominovali sme vo zvy\u0161ku z\u00e1pasu. Dnes mus\u00edme pochv\u00e1li\u0165 cel\u00e9 mu\u017estvo za v\u00fdkon a najm\u00e4 za to, \u017ee sme fyzicky silnej\u0161ieho s\u00fapera vedeli maxim\u00e1lne eliminova\u0165 hrou, ak\u00fa si predstavujeme. Zasl\u00fa\u017een\u00e1 v\u00fdhra a v\u00fdborn\u00fd v\u00fdkon n\u00e1\u0161ho mu\u017estva.\u201c<\/strong><\/p>\n\n\n\n<p class=\"has-text-align-center wp-block-paragraph\"><strong>FC Spartak Trnava U14 \u2013 FC DAC 1904 Dunajsk\u00e1 Streda U14 6:0 (3:0)<\/strong><\/p>\n\n\n\n<p class=\"has-text-align-center wp-block-paragraph\">Cez v\u00edkend hrala \u0161trn\u00e1stka proti svojej vekovej kateg\u00f3rii a&nbsp;v&nbsp;z\u00e1pase s&nbsp;DAC jasne dominovala. Pod\u010diarkla to tromi g\u00f3lmi v&nbsp;oboch pol\u010dasoch.<\/p>\n\n\n\n<p class=\"has-text-align-center wp-block-paragraph\"><strong>FCST U14: <\/strong>Man\u010d\u00e1k, Horn\u00fd \u2013 Urban, Sloboda, Brezina, Karkus, Kr\u00e1\u013eovi\u010d (C), Kajma, Varga, Marcinkovi\u010d, Ryban, Stre\u010dansk\u00fd, Hude\u010dek, Tibensk\u00fd, Kybych, Zeman, Sabadosh, Tak\u00e1\u010d<strong><br>Goals: <\/strong>11. Kajma, 21. a&nbsp;30. Kr\u00e1\u013eovi\u010d, 69. vlastn\u00fd, 73. Karkus, 76. Brezina<\/p>\n\n\n\n<p class=\"has-text-align-center wp-block-paragraph\"><strong>Filip Tomovi\u010d: \u201eDnes sme predviedli v\u00fdborn\u00fd prv\u00fd pol\u010das, v ktorom sme boli dominantn\u00ed v ka\u017edej f\u00e1ze hry. Sk\u00f3re mohlo by\u0165 e\u0161te v\u00fdrazne vy\u0161\u0161ie ako 3:0. V druhom pol\u010dase sme aj vplyvom pas\u00edvnej\u0161ieho s\u00fapera p\u00f4sobili mo\u017eno trochu pomal\u0161ie, ale k tomu musel prispie\u0165 aj s\u00faper, ktor\u00fd bol miestami ve\u013emi pas\u00edvny, a prekon\u00e1vanie stredn\u00e9ho bloku n\u00e1m ob\u010das trvalo dlh\u0161ie. Aj v druhom pol\u010dase sme v\u0161ak boli jednozna\u010dne lep\u0161\u00edm mu\u017estvom, pridali sme \u010fal\u0161ie tri g\u00f3ly a nevyu\u017eili sme minim\u00e1lne p\u00e4\u0165-\u0161es\u0165 g\u00f3lov\u00fdch pr\u00edle\u017eitost\u00ed. V n\u00e1ro\u010dnom t\u00fd\u017edni sme predviedli tri kvalitn\u00e9 v\u00fdkony, od ktor\u00fdch sa chceme odrazi\u0165 do \u010fal\u0161\u00edch, \u0165a\u017e\u0161\u00edch z\u00e1pasov. Ur\u010dite nie je priestor na uspokojenie, lebo na\u0161e ciele s\u00fa tento rok najvy\u0161\u0161ie. St\u00e1le sa chceme zlep\u0161ova\u0165 po individu\u00e1lnej aj kolekt\u00edvnej str\u00e1nke.\u201c<\/strong><\/p>\n\n\n<div class=\"wp-block-image\">\n<figure class=\"aligncenter size-large is-resized\"><img loading=\"lazy\" decoding=\"async\" width=\"1024\" height=\"822\" src=\"https:\/\/fcspartaktrnava.com\/wp-content\/uploads\/2026\/08\/WhatsApp-Image-2026-08-30-at-15.19.51-e1788113694423-1024x822.jpeg\" alt=\"\" class=\"wp-image-48689\" style=\"width:606px;height:auto\" srcset=\"https:\/\/fcspartaktrnava.com\/wp-content\/uploads\/2026\/08\/WhatsApp-Image-2026-08-30-at-15.19.51-e1788113694423-1024x822.jpeg 1024w, https:\/\/fcspartaktrnava.com\/wp-content\/uploads\/2026\/08\/WhatsApp-Image-2026-08-30-at-15.19.51-e1788113694423-300x241.jpeg 300w, https:\/\/fcspartaktrnava.com\/wp-content\/uploads\/2026\/08\/WhatsApp-Image-2026-08-30-at-15.19.51-e1788113694423-768x616.jpeg 768w, https:\/\/fcspartaktrnava.com\/wp-content\/uploads\/2026\/08\/WhatsApp-Image-2026-08-30-at-15.19.51-e1788113694423-15x12.jpeg 15w, https:\/\/fcspartaktrnava.com\/wp-content\/uploads\/2026\/08\/WhatsApp-Image-2026-08-30-at-15.19.51-e1788113694423.jpeg 1200w\" sizes=\"auto, (max-width: 1024px) 100vw, 1024px\" \/><\/figure>\n<\/div>\n\n\n<p class=\"has-text-align-center wp-block-paragraph\"><strong>FC Topo\u013e\u010dany U14 \u2013 FC Spartak Trnava U13 6:3 (3:0)<\/strong><\/p>\n\n\n\n<p class=\"has-text-align-center wp-block-paragraph\">Previerku proti o&nbsp;rok star\u0161iemu s\u00faperovi nezvl\u00e1dli za 3 body iba na\u0161i hr\u00e1\u010di do 13 rokov, nad sily ktor\u00fdch bola \u0161trn\u00e1stka Topo\u013e\u010dian najm\u00e4 v\u010faka trojg\u00f3lov\u00e9mu prv\u00e9mu pol\u010dasu. Zlep\u0161en\u00fd v\u00fdkon po zmene str\u00e1n u\u017e na body nesta\u010dil.<\/p>\n\n\n\n<p class=\"has-text-align-center wp-block-paragraph\"><strong>FCST U13: <\/strong>Mar\u0161o, Kul\u00ed\u0161ek \u2013 Biksadsk\u00fd, Matejovi\u010d, Horv\u00e1th (C), Gur\u010d\u00edk, Harant, Kro\u010dka, Mi\u0161kolci, Kri\u0161tof, Poledn\u00e1k, O\u0161ka, Kostolansk\u00fd, Jobek, Or\u0161ul\u00e1k, Skalick\u00fd, Raschmann<strong><br>Goals: <\/strong>45. Poledn\u00e1k, 47. Raschmann, 78. Biksadsk\u00fd<\/p>\n\n\n\n<p class=\"has-text-align-center wp-block-paragraph\"><strong>Yellow cards: <\/strong>Matejovi\u010d, Biksadsk\u00fd<\/p>\n\n\n\n<p class=\"has-text-align-center wp-block-paragraph\"><strong>D\u00e1vid Mi\u0161kovi\u010d: \u201eV prvom rade sme v\u010fa\u010dn\u00ed klubu, \u017ee miesto vysok\u00e9ho v\u00ed\u0165azstva ro\u010dn\u00edk na ro\u010dn\u00edk m\u00f4\u017eeme zbiera\u0165 sk\u00fasenosti v lige star\u0161\u00edch. Fyzick\u00fd rozdiel bol evidentn\u00fd, av\u0161ak kompenzovali sme to vysokou futbalovou kvalitou na s\u00faperovej polovici. V sum\u00e1re sme videli z n\u00e1\u0161ho podania ve\u013emi poh\u013eadn\u00fd z\u00e1pas smerom do ofenz\u00edvy, ktor\u00e9mu sem-tam ch\u00fdbala v\u00e4\u010d\u0161ia medzihra. S\u00faper ihrisko prekop\u00e1val a v niektor\u00fdch s\u00fabojoch n\u00e1s vyslovene pre\u0161printoval. G\u00f3ly padli po na\u0161ich \u0161tyroch fat\u00e1lnych chyb\u00e1ch v defenz\u00edve a dvoch \u0161tandardn\u00fdch situ\u00e1ci\u00e1ch. Najlep\u0161\u00edm hr\u00e1\u010dom z\u00e1pasu bol jednozna\u010dne Hugo Harant.\u201c<\/strong><\/p>\n\n\n\n<p class=\"has-text-align-center wp-block-paragraph\"><strong>FC DAC 1904 Dunajsk\u00e1 Streda U13 \u2013 FC Spartak Trnava U13 1:2 (1:0)<\/strong><\/p>\n\n\n\n<p class=\"has-text-align-center wp-block-paragraph\">Trin\u00e1stka si vylep\u0161ila chu\u0165 vo v\u00edkendovom derby proti DAC. Spartakovci oto\u010dili nepriazniv\u00e9 sk\u00f3re v&nbsp;\u00faplnom z\u00e1vere, ke\u010f sa v&nbsp;65. a&nbsp;67. min\u00fate presadil Poledn\u00e1k.<\/p>\n\n\n\n<p class=\"has-text-align-center wp-block-paragraph\"><strong>FCST U13: <\/strong>Mar\u0161o, Kul\u00ed\u0161ek \u2013 Biksadsk\u00fd, Matejovi\u010d (C), Horv\u00e1th, Gur\u010d\u00edk, Harant, Kro\u010dka, Mi\u0161kolci, Kri\u0161tof, Poledn\u00e1k, O\u0161ka, Kostolansk\u00fd, Jobek, Or\u0161ul\u00e1k, Skalick\u00fd, Raschmann<strong><br>Goals: <\/strong>65. a&nbsp;67. Poledn\u00e1k<\/p>\n\n\n\n<p class=\"has-text-align-center wp-block-paragraph\"><strong>Yellow cards: <\/strong>Matejovi\u010d<\/p>\n\n\n\n<p class=\"has-text-align-center wp-block-paragraph\"><strong>D\u00e1vid Mi\u0161kovi\u010d: \u201ePrv\u00fd pol\u010das n\u00e1m herne absol\u00fatne nevy\u0161iel, nedr\u017eali sme dobre h\u013abku a \u0161\u00edrku ihriska, proti vetru sa n\u00e1m t\u00fdm p\u00e1dom \u0165a\u017eko vych\u00e1dzalo. V druhom pol\u010dase sa obraz hry oto\u010dil, s\u00fapera sme nepustili z polovice, ale sp\u00e1lili sme ve\u013ek\u00e9 tutovky, \u010fal\u0161ie polo\u0161ance sme svoj\u00edm zl\u00fdm rozhodnut\u00edm pokazili u\u017e pred samotnou finaliz\u00e1ciou. V samom z\u00e1vere vyrie\u0161il dva \u00faniky perfektne Poledn\u00e1k a chlapci za\u017eili v\u017edy potrebn\u00fa pozit\u00edvnu em\u00f3ciu. Za druh\u00fd pol\u010das si v\u00ed\u0165azstvo zasl\u00fa\u017eili.<\/strong><strong>\u201c<\/strong><\/p>\n\n\n\n<p class=\"has-text-align-center wp-block-paragraph\"><strong>FC Spartak Trnava U12 \u2013 FC Topo\u013e\u010dany U13 2:1 (1:1)<\/strong><\/p>\n\n\n\n<p class=\"has-text-align-center wp-block-paragraph\">V&nbsp;stredu zbierali cenn\u00e9 sk\u00fasenosti aj hr\u00e1\u010di z&nbsp;kateg\u00f3rie U12. V\u00fdber Topo\u013e\u010dian do 13 rokov zdolali 2:1 g\u00f3lom zo z\u00e1veru z\u00e1pasu.<\/p>\n\n\n\n<p class=\"has-text-align-center wp-block-paragraph\"><strong>FCST U12: <\/strong>Schv\u00e1b (C) \u2013 Sabo, Glasa, Debn\u00e1r, Kajma, Kuzmo, Vavro, Mi\u010dura, Hu\u010dko, Hubina, Pacher, Hal\u00e1s, Kardo\u0161, Kajma, Nem\u010dek, Moln\u00e1r<strong><br>Goals: <\/strong>23. Hal\u00e1s, 64. Hu\u010dko<\/p>\n\n\n\n<p class=\"has-text-align-center wp-block-paragraph\"><strong>Juraj Koleni\u010d: \u201eDruh\u00fd ligov\u00fd z\u00e1pas na ve\u013ekom ihrisku hodnot\u00edm ve\u013emi pozit\u00edvne a herne aj v\u00fdsledkovo n\u00e1m vy\u0161iel lep\u0161ie ako prv\u00e9 kolo. Vstup do z\u00e1pasu sme mali v\u00fdborn\u00fd, hr\u00e1\u010di boli siln\u00ed na lopte, odv\u00e1\u017eni a do s\u00fapera sa od \u00favodu zahryzli. Hlavne stredov\u00fdch hr\u00e1\u010dov mus\u00edm pochv\u00e1li\u0165, oproti v\u00edkendu bolo u nich obrovsk\u00e9 zlep\u0161enie, svojim v\u00fdkonom v\u00fdrazne pomohli mu\u017estvu a pr\u00e1ve v strede a na kr\u00eddlach sme mali na\u0161e najsilnej\u0161ie str\u00e1nky v z\u00e1pase. Obrovsk\u00e1 \u0161koda, \u017ee sme nestrelili \u00favodn\u00fd g\u00f3l, mali sme v \u00favode kopec \u0161anc\u00ed, z toho viacero vylo\u017een\u00fdch v s\u00faperovej \u0161estn\u00e1stke + sme trafili brvno, po t\u00fdchto situ\u00e1ci\u00e1ch mohlo by\u0165 k\u013eudne na\u0161e vedenie aj o dva \u010di tri g\u00f3ly. Namiesto vedenia sme ale zasa smolne inkasovali, kedy n\u00e1m s\u00faper dlhou loptou za na\u0161u obranu utiekol do brejkovej situ\u00e1cie a z jeho ojedinelej \u0161ance aj sk\u00f3roval. Chv\u00ed\u013eku sme zostali zasko\u010den\u00ed g\u00f3lom, nasledovala slab\u0161ia 5-min\u00fatovka, potom ale v\u00fdborn\u00e1 reakcia od chalanov a zasl\u00fa\u017een\u00e9 vyrovnanie. Prv\u00fd pol\u010das bol z na\u0161ej strany sol\u00eddny, v druhom pol\u010dase sme u\u017e neboli tak herne dominantn\u00ed, \u00faseky hry sa prelievali na obe strany ke\u010f\u017ee obe mu\u017estv\u00e1 i\u0161li za v\u00fdhrou. Na\u0161\u0165astie, v poslednej 10-min\u00fatovke sme pridali druh\u00fd g\u00f3l a z\u00e1pas zvl\u00e1dli aj v\u00fdsledkovo. Za v\u00ed\u0165azstvo som moc r\u00e1d, chalani odviedli dobr\u00fa pr\u00e1cu, v priebehu 7 dn\u00ed maj\u00fa za sebou svoje prv\u00e9 3 z\u00e1pasy na ve\u013ekom ihrisku, kde sami videli \u00farove\u0148 futbalu v syst\u00e9me 11 na 11, obzvl\u00e1\u0161\u0165 proti o rok star\u0161\u00edm t\u00edmom.\u201c<\/strong><\/p>\n\n\n\n<p class=\"has-text-align-center wp-block-paragraph\"><strong>FC DAC 1904 Dunajsk\u00e1 Streda U12 \u2013 FC Spartak Trnava U12 8:21 (3:12)<\/strong><\/p>\n\n\n\n<p class=\"has-text-align-center wp-block-paragraph\">Dvan\u00e1stka bola cez v\u00edkend v&nbsp;region\u00e1lnom derby maxim\u00e1lne \u00faspe\u0161n\u00e1. DAC rozstrie\u013eala vysoko 21:8, k&nbsp;\u010domu prispeli desiati r\u00f4zni strelci. Najviac sa darilo \u0161tvorg\u00f3lov\u00e9mu Hal\u00e1sovi.<\/p>\n\n\n\n<p class=\"has-text-align-center wp-block-paragraph\"><strong>FCST U12: <\/strong>Schv\u00e1b (C), Csabai \u2013 Bles\u00e1k, Rab\u010dan, Sabo, Glasa, Debn\u00e1r, F. Kajma, L. Kajma, Kuzma, Vavro, Mi\u010dura, Hu\u010dko, Hubina, Pacher, Kardo\u0161, Hal\u00e1s, Nem\u010dek, Moln\u00e1r, Be\u0148ovsk\u00fd, Vadrna, Brezovsk\u00fd<strong><br>Goals: <\/strong>4., 20. a&nbsp;25. Rab\u010dan, 6. Vavro, 11. Pacher, 14., 33. a&nbsp;54. Hubina, 21., 39., 56. a&nbsp;59. Hal\u00e1s, 22., a&nbsp;44. L. Kajma, 24. a&nbsp;29. Be\u0148ovsk\u00fd, 24. Moln\u00e1r, 27. a&nbsp;41. Hu\u010dko, 32. a&nbsp;47. Mi\u010dura<\/p>\n\n\n\n<p class=\"has-text-align-center wp-block-paragraph\"><strong>Juraj Koleni\u010d: \u201eU\u017e na predz\u00e1pasovej pr\u00edprave som apeloval na hr\u00e1\u010dov by\u0165 extr\u00e9mne koncentrovan\u00fd na tento z\u00e1pas a zachyti\u0165 siln\u00fd \u00favod z\u00e1pasu a zvl\u00e1dnu\u0165 prechod z ve\u013ek\u00e9ho ihriska na mal\u00e9 (6+1 syst\u00e9m). Hr\u00e1\u010di naplnili moje pokyny do bodky a prist\u00fapili k z\u00e1pasu uk\u00e1\u017ekovo. V podstate od \u00favodn\u00fdch min\u00fat sme diktovali tempo hry a na oboch ihrisk\u00e1ch strie\u013eali ve\u013emi pekn\u00e9 g\u00f3ly po pekn\u00fdch individu\u00e1lnych \u010di t\u00edmov\u00fdch akci\u00e1ch a ka\u017edou prib\u00fadaj\u00facou min\u00fatou sme navy\u0161ovali vedenie. Dovol\u00edm si tvrdi\u0165, \u017ee v z\u00e1pase sme prev\u00fd\u0161ili s\u00fapera \u00faplne vo v\u0161etkom a boli v \u0148om minim\u00e1lne o tri levely lep\u0161\u00ed. Ver\u00edm, \u017ee k\u00e1der zostane nasleduj\u00face obdobie zdrav\u00fd a do \u010fal\u0161\u00edch n\u00e1ro\u010dn\u00fdch z\u00e1pasov, ktor\u00e9 n\u00e1s v septembri \u010dakaj\u00fa, nast\u00fapime len s plnou silou.<\/strong><strong>\u201c<\/strong><\/p>\n\n\n<div class=\"wp-block-image\">\n<figure class=\"aligncenter size-large is-resized\"><img loading=\"lazy\" decoding=\"async\" width=\"768\" height=\"1024\" src=\"https:\/\/fcspartaktrnava.com\/wp-content\/uploads\/2026\/08\/WhatsApp-Image-2026-08-30-at-10.15.26-1-768x1024.jpeg\" alt=\"\" class=\"wp-image-48688\" style=\"width:454px;height:auto\" srcset=\"https:\/\/fcspartaktrnava.com\/wp-content\/uploads\/2026\/08\/WhatsApp-Image-2026-08-30-at-10.15.26-1-768x1024.jpeg 768w, https:\/\/fcspartaktrnava.com\/wp-content\/uploads\/2026\/08\/WhatsApp-Image-2026-08-30-at-10.15.26-1-225x300.jpeg 225w, https:\/\/fcspartaktrnava.com\/wp-content\/uploads\/2026\/08\/WhatsApp-Image-2026-08-30-at-10.15.26-1-1152x1536.jpeg 1152w, https:\/\/fcspartaktrnava.com\/wp-content\/uploads\/2026\/08\/WhatsApp-Image-2026-08-30-at-10.15.26-1-9x12.jpeg 9w, https:\/\/fcspartaktrnava.com\/wp-content\/uploads\/2026\/08\/WhatsApp-Image-2026-08-30-at-10.15.26-1.jpeg 1200w\" sizes=\"auto, (max-width: 768px) 100vw, 768px\" \/><\/figure>\n<\/div>\n\n\n<p class=\"has-text-align-center wp-block-paragraph\"><strong>FC Spartak Trnava U11 \u2013 FC Topo\u013e\u010dany U12 16:10 (11:7)<\/strong><\/p>\n\n\n\n<p class=\"has-text-align-center wp-block-paragraph\">Ligov\u00fd z\u00e1pas v&nbsp;strede t\u00fd\u017ed\u0148a teda zaobstarala aj vo \u0161tvrtom pr\u00edpade o&nbsp;rok mlad\u0161ia kateg\u00f3ria. N\u00e1\u0161 v\u00fdber do 11 rokov sa tie\u017e popasoval s&nbsp;o&nbsp;rok star\u0161\u00edmi protihr\u00e1\u010dmi na v\u00fdborn\u00fa a&nbsp;Spartak tak vyhral 16:10.<\/p>\n\n\n\n<p class=\"has-text-align-center wp-block-paragraph\"><strong>FCST U11: <\/strong>Brezovsk\u00fd, Csabai \u2013 Sahul (C), Chrastina, Brezina, Pastucha, Peciar, Magula, \u017d\u00e1kovi\u010d, K\u00e1\u010derek, Malovec, \u0160imon\u010di\u010d, Lan\u010dari\u010d, Alaine, Lehock\u00fd, Skrip\u010d\u00e1k, Pia\u010dek, Bles\u00e1k, Koi\u0161ov\u00e1, Rab\u010dan, Vadrna, Gallik<strong><br>Goals: <\/strong>8. a&nbsp;51. Ka\u010derek, 9. a&nbsp;44. Gallik, 12. vlastn\u00fd, 13. Rab\u010dan, 15., 26. a&nbsp;33. Pastucha, 20., 25., 27. a&nbsp;34. Peciar, 27. Chrastina, 29. Sahul, 59. Alaine<\/p>\n\n\n\n<p class=\"has-text-align-center wp-block-paragraph\"><strong>Michal Gazd\u00edk: \u201eDne\u0161n\u00fd z\u00e1pas by sa dal rozdeli\u0165 do prvej 7-min\u00fatovky a ostatn\u00e9ho priebehu z\u00e1pasu. V prv\u00fdch min\u00fatach sme r\u00fdchlo prehr\u00e1vali 0:4, boli sme op\u00e4\u0165 menej koncentrovan\u00ed a s\u00faper to dok\u00e1zal vyu\u017ei\u0165. Potom sme sa chytili hrali sme ve\u013emi dobre v predfin\u00e1lnej f\u00e1ze, z \u010doho vznikali na\u0161e pr\u00edle\u017eitosti na g\u00f3ly a dok\u00e1zali sme e\u0161te v prvom pol\u010dase 10-kr\u00e1t sk\u00f3rova\u0165. Ner\u00e1d chv\u00e1lim individuality, ale hr\u00e1\u010di ako Peciar \u010di Brezina predviedli ve\u013emi dobr\u00e9 v\u00fdkony a z ich aktivity sme ve\u013eakr\u00e1t dok\u00e1zali sk\u00f3rova\u0165 \u010di si vytv\u00e1ra\u0165 100 % \u0161ance. Miestami n\u00e1m s\u00edce nefungovalo zakladanie \u00fatoku, ale ke\u010f n\u00e1m vy\u0161lo, tak sme dok\u00e1zali by\u0165 dominantn\u00fdm t\u00edmom aj proti o rok star\u0161iemu s\u00faperovi. Obaja na\u0161i brank\u00e1ri dostali pr\u00edle\u017eitos\u0165 aj v hre a jeden dok\u00e1zal dokonca 2x sk\u00f3rova\u0165 \u010do ma ve\u013emi te\u0161\u00ed, \u017ee naberaj\u00fa sebavedomie aj po tejto str\u00e1nke. S\u00faper svojou kvalitou prispel takisto ve\u013ekou mierou do hry a bol to kvalitn\u00fd z\u00e1pas ligy mlad\u0161\u00edch \u017eiakov. V\u00fdsledok n\u00e1s ur\u010dite te\u0161\u00ed, ale ako po individu\u00e1lnej, tak aj t\u00edmovej str\u00e1nke sa m\u00e1me e\u0161te kam pos\u00fava\u0165 a \u010dak\u00e1 n\u00e1s e\u0161te dlh\u00e1 cesta. Ur\u010dite je ale tento z\u00e1pas povzbuden\u00edm pred n\u00e1ro\u010dn\u00fdmi turnajmi so zahrani\u010dn\u00fdmi s\u00fapermi v kateg\u00f3rii U11.\u201c<\/strong><\/p>\n\n\n<div class=\"wp-block-image\">\n<figure class=\"aligncenter size-full is-resized\"><img loading=\"lazy\" decoding=\"async\" width=\"900\" height=\"715\" src=\"https:\/\/fcspartaktrnava.com\/wp-content\/uploads\/2026\/08\/WhatsApp-Image-2026-08-26-at-17.18.01-1.jpeg\" alt=\"\" class=\"wp-image-48690\" style=\"aspect-ratio:1.2587859424920127;width:456px;height:auto\" srcset=\"https:\/\/fcspartaktrnava.com\/wp-content\/uploads\/2026\/08\/WhatsApp-Image-2026-08-26-at-17.18.01-1.jpeg 900w, https:\/\/fcspartaktrnava.com\/wp-content\/uploads\/2026\/08\/WhatsApp-Image-2026-08-26-at-17.18.01-1-300x238.jpeg 300w, https:\/\/fcspartaktrnava.com\/wp-content\/uploads\/2026\/08\/WhatsApp-Image-2026-08-26-at-17.18.01-1-768x610.jpeg 768w, https:\/\/fcspartaktrnava.com\/wp-content\/uploads\/2026\/08\/WhatsApp-Image-2026-08-26-at-17.18.01-1-15x12.jpeg 15w\" sizes=\"auto, (max-width: 900px) 100vw, 900px\" \/><\/figure>\n<\/div>\n\n\n<p class=\"has-text-align-center wp-block-paragraph\"><strong>\u0160K Slovan Bratislava WU19 \u2013 FC Spartak Trnava WU19 3:1 (1:1)<\/strong><\/p>\n\n\n\n<p class=\"has-text-align-center wp-block-paragraph\">Na diev\u010densk\u00e9 t\u00edmy \u010dakalo najsl\u00e1vnej\u0161ie slovensk\u00e9 derby \u2013 s\u00faboj so Slovanom Bratislava. Na\u0161e dorastenky vst\u00fapili do z\u00e1pasu ide\u00e1lne, ke\u010f viedli u\u017e od 5. min\u00faty. Postupne ale prebral opraty v&nbsp;z\u00e1pase n\u00e1\u0161 s\u00faper a&nbsp;tromi g\u00f3lmi v\u00fdsledok oto\u010dil.<\/p>\n\n\n\n<p class=\"has-text-align-center wp-block-paragraph\"><strong>FCST WU19: <\/strong>Petransk\u00e1 \u2013 Polovkov\u00e1, Reh\u00e1kov\u00e1 (C), Vl\u010dkov\u00e1 (64. Katreniakov\u00e1), Jara\u0161ov\u00e1 (64. Vicianov\u00e1), Ryb\u00e1rov\u00e1, Lehock\u00e1 (46. Mikov\u00e1), Hro\u0161kov\u00e1 (46. Beranov\u00e1), \u0160kult\u00e9tyov\u00e1 (76. Mikulkov\u00e1), Konopkov\u00e1 (76. S. Koll\u00e1rov\u00e1), Ondru\u0161ekov\u00e1<strong><br>Goals: <\/strong>5. Hro\u0161kov\u00e1<\/p>\n\n\n\n<p class=\"has-text-align-center wp-block-paragraph\"><strong>Yellow cards: <\/strong>Vicianov\u00e1<\/p>\n\n\n\n<p class=\"has-text-align-center wp-block-paragraph\"><strong>Dominika Rezekov\u00e1: \u201eV druhom kole sme sa predstavili na p\u00f4de aktu\u00e1lneho majstra. Do z\u00e1pasu sme vst\u00fapili ve\u013emi akt\u00edvne, strelili \u00favodn\u00fd g\u00f3l a vypracovali si e\u0161te nieko\u013eko s\u013eubn\u00fdch pr\u00edle\u017eitost\u00ed, av\u0161ak pred pol\u010dasom s\u00faper po rohu vyrovnal. Druh\u00fd pol\u010das sme sa sna\u017eili vytv\u00e1ra\u0165 tlak na s\u00fapera, by\u0165 akt\u00edvni na lopte, ale 30 min\u00fat pred koncom s\u00faper za\u010dal viac a viac tla\u010di\u0165, tlaku sme u\u017e neodolali a dostali e\u0161te 2 g\u00f3ly. Diev\u010dat\u00e1 predviedli kvalitn\u00fd v\u00fdkon a dne\u0161n\u00fd z\u00e1pas odmakali, \u017eia\u013e, s\u00faper bol nad na\u0161e sily.\u201c<\/strong><\/p>\n\n\n\n<p class=\"has-text-align-center wp-block-paragraph\"><strong>\u0160K Slovan Bratislava WU15 \u2013 FC Spartak Trnava WU15 1:1 (0:0)<\/strong><\/p>\n\n\n\n<p class=\"has-text-align-center wp-block-paragraph\">Na\u0161e \u017eia\u010dky proti belas\u00fdm bodovali. Po hodine hry sme sa ujali vedenia a&nbsp;u\u017e-u\u017e sme smerovali k&nbsp;zisku v\u0161etk\u00fdch troch bodov, ale tesne pred koncom dom\u00e1ce vyrovnali na kone\u010dn\u00fdch 1:1.<\/p>\n\n\n\n<p class=\"has-text-align-center wp-block-paragraph\"><strong>FCST WU15: <\/strong>Markov\u00e1 (C) \u2013 Tom\u010d\u00e1nyiov\u00e1, E. Koll\u00e1rov\u00e1, Jankovi\u010dov\u00e1, Kapo\u0161ov\u00e1, Hlavatovi\u010dov\u00e1, Gajdo\u0161ov\u00e1, Ostrenkov\u00e1, Stri\u017eencov\u00e1, \u017demberiov\u00e1, N. Koll\u00e1rov\u00e1, Kubovi\u010dov\u00e1, Baranov\u00e1, Anguera, Hlo\u0161kov\u00e1, Gul\u00edkov\u00e1, \u010cerve\u0148\u00e1kov\u00e1, Kla\u010dov\u00e1<strong><br>Goals: <\/strong>60. Ostrenkov\u00e1<\/p>\n\n\n\n<p class=\"has-text-align-center wp-block-paragraph\"><strong>Yellow cards: <\/strong>Anguera<\/p>\n\n\n\n<p class=\"has-text-align-center wp-block-paragraph\"><strong>R\u00f3bert Halada: \u201eDne\u0161n\u00fd derby z\u00e1pas sa hral za ve\u013emi tepl\u00e9ho po\u010dasia z nepochopite\u013en\u00fdch d\u00f4vodov na umelej tr\u00e1ve v bratislavskej akad\u00e9mii. Na\u0161e diev\u010dat\u00e1 do z\u00e1pasu vst\u00fapili akt\u00edvne, s\u00faperky zatla\u010dili na ich polovicu, r\u00fdchlo kombinovali a vypracovali si 4 stopercentn\u00e9 g\u00f3lov\u00e9 pr\u00edle\u017eitosti, ktor\u00e9 v\u0161ak nepremenili, \u010d\u00edm by bolo o z\u00e1pase rozhodnut\u00e9. Postupne sa hra vyrovnala a dom\u00e1ce hr\u00e1\u010dky sa vr\u00e1tili do hry. V druhom pol\u010dase sa hra odohr\u00e1vala hlavne medzi \u0161estn\u00e1stkami, bez vylo\u017een\u00fdch \u0161anc\u00ed, av\u0161ak vo vysokom tempe. Na\u0161e diev\u010dat\u00e1 sk\u00f3rovali po \u0161tandardnej situ\u00e1cii peknou hlavi\u010dkou. V samotnom z\u00e1vere v\u0161ak udreli dom\u00e1ce hr\u00e1\u010dky, ke\u010f sa im po skrum\u00e1\u017ei v na\u0161ej \u0161estn\u00e1stke podarilo pretla\u010di\u0165 loptu do siete. Diev\u010dat\u00e1m \u010fakujeme za v\u00fdkon a m\u00e1me nov\u00fa motiv\u00e1ciu sa e\u0161te zlep\u0161ova\u0165.\u201c<\/strong><\/p>","protected":false},"excerpt":{"rendered":"<p>FC Spartak Trnava U19 \u2013 SK Rapid Viede\u0148&#8230;<\/p>","protected":false},"author":2,"featured_media":48686,"comment_status":"closed","ping_status":"closed","sticky":false,"template":"","format":"standard","meta":{"footnotes":""},"categories":[52,12],"tags":[53],"class_list":["post-48684","post","type-post","status-publish","format-standard","has-post-thumbnail","hentry","category-mladez","category-spravy","tag-mladez","post-number-1"],"yoast_head":"<!-- This site is optimized with the Yoast SEO plugin v28.1 - https:\/\/yoast.com\/product\/yoast-seo-wordpress\/ -->\n<title>Viacero ml\u00e1de\u017en\u00edkov m\u00e1 za sebou anglick\u00fd t\u00fd\u017ede\u0148 - FC Spartak Trnava<\/title>\n<meta name=\"robots\" content=\"index, follow, max-snippet:-1, max-image-preview:large, max-video-preview:-1\" \/>\n<link rel=\"canonical\" href=\"https:\/\/fcspartaktrnava.com\/en\/viacero-mladeznikov-ma-za-sebou-anglicky-tyzden\/\" \/>\n<meta name=\"twitter:label1\" content=\"Written by\" \/>\n\t<meta name=\"twitter:data1\" content=\"spartak\" \/>\n\t<meta name=\"twitter:label2\" content=\"Estimated reading time\" \/>\n\t<meta name=\"twitter:data2\" content=\"14 minutes\" \/>\n<script type=\"application\/ld+json\" class=\"yoast-schema-graph\">{\"@context\":\"https:\\\/\\\/schema.org\",\"@graph\":[{\"@type\":\"Article\",\"@id\":\"https:\\\/\\\/fcspartaktrnava.com\\\/viacero-mladeznikov-ma-za-sebou-anglicky-tyzden\\\/#article\",\"isPartOf\":{\"@id\":\"https:\\\/\\\/fcspartaktrnava.com\\\/viacero-mladeznikov-ma-za-sebou-anglicky-tyzden\\\/\"},\"author\":{\"name\":\"spartak\",\"@id\":\"https:\\\/\\\/fcspartaktrnava.com\\\/#\\\/schema\\\/person\\\/24bc5b254af14f71d7d8af178790aa75\"},\"headline\":\"Viacero ml\u00e1de\u017en\u00edkov m\u00e1 za sebou anglick\u00fd t\u00fd\u017ede\u0148\",\"datePublished\":\"2026-08-30T18:16:17+00:00\",\"dateModified\":\"2026-08-30T18:17:57+00:00\",\"mainEntityOfPage\":{\"@id\":\"https:\\\/\\\/fcspartaktrnava.com\\\/viacero-mladeznikov-ma-za-sebou-anglicky-tyzden\\\/\"},\"wordCount\":3057,\"publisher\":{\"@id\":\"https:\\\/\\\/fcspartaktrnava.com\\\/#organization\"},\"image\":{\"@id\":\"https:\\\/\\\/fcspartaktrnava.com\\\/viacero-mladeznikov-ma-za-sebou-anglicky-tyzden\\\/#primaryimage\"},\"thumbnailUrl\":\"https:\\\/\\\/fcspartaktrnava.com\\\/wp-content\\\/uploads\\\/2026\\\/08\\\/WhatsApp-Image-2026-08-30-at-19.20.26.jpeg\",\"keywords\":[\"ml\u00e1de\u017e\"],\"articleSection\":[\"Ml\u00e1de\u017e\",\"Spr\u00e1vy\"],\"inLanguage\":\"en-GB\"},{\"@type\":\"WebPage\",\"@id\":\"https:\\\/\\\/fcspartaktrnava.com\\\/viacero-mladeznikov-ma-za-sebou-anglicky-tyzden\\\/\",\"url\":\"https:\\\/\\\/fcspartaktrnava.com\\\/viacero-mladeznikov-ma-za-sebou-anglicky-tyzden\\\/\",\"name\":\"Viacero ml\u00e1de\u017en\u00edkov m\u00e1 za sebou anglick\u00fd t\u00fd\u017ede\u0148 - FC Spartak Trnava\",\"isPartOf\":{\"@id\":\"https:\\\/\\\/fcspartaktrnava.com\\\/#website\"},\"primaryImageOfPage\":{\"@id\":\"https:\\\/\\\/fcspartaktrnava.com\\\/viacero-mladeznikov-ma-za-sebou-anglicky-tyzden\\\/#primaryimage\"},\"image\":{\"@id\":\"https:\\\/\\\/fcspartaktrnava.com\\\/viacero-mladeznikov-ma-za-sebou-anglicky-tyzden\\\/#primaryimage\"},\"thumbnailUrl\":\"https:\\\/\\\/fcspartaktrnava.com\\\/wp-content\\\/uploads\\\/2026\\\/08\\\/WhatsApp-Image-2026-08-30-at-19.20.26.jpeg\",\"datePublished\":\"2026-08-30T18:16:17+00:00\",\"dateModified\":\"2026-08-30T18:17:57+00:00\",\"breadcrumb\":{\"@id\":\"https:\\\/\\\/fcspartaktrnava.com\\\/viacero-mladeznikov-ma-za-sebou-anglicky-tyzden\\\/#breadcrumb\"},\"inLanguage\":\"en-GB\",\"potentialAction\":[{\"@type\":\"ReadAction\",\"target\":[\"https:\\\/\\\/fcspartaktrnava.com\\\/viacero-mladeznikov-ma-za-sebou-anglicky-tyzden\\\/\"]}]},{\"@type\":\"ImageObject\",\"inLanguage\":\"en-GB\",\"@id\":\"https:\\\/\\\/fcspartaktrnava.com\\\/viacero-mladeznikov-ma-za-sebou-anglicky-tyzden\\\/#primaryimage\",\"url\":\"https:\\\/\\\/fcspartaktrnava.com\\\/wp-content\\\/uploads\\\/2026\\\/08\\\/WhatsApp-Image-2026-08-30-at-19.20.26.jpeg\",\"contentUrl\":\"https:\\\/\\\/fcspartaktrnava.com\\\/wp-content\\\/uploads\\\/2026\\\/08\\\/WhatsApp-Image-2026-08-30-at-19.20.26.jpeg\",\"width\":2000,\"height\":1333},{\"@type\":\"BreadcrumbList\",\"@id\":\"https:\\\/\\\/fcspartaktrnava.com\\\/viacero-mladeznikov-ma-za-sebou-anglicky-tyzden\\\/#breadcrumb\",\"itemListElement\":[{\"@type\":\"ListItem\",\"position\":1,\"name\":\"Home\",\"item\":\"https:\\\/\\\/fcspartaktrnava.com\\\/\"},{\"@type\":\"ListItem\",\"position\":2,\"name\":\"Viacero ml\u00e1de\u017en\u00edkov m\u00e1 za sebou anglick\u00fd t\u00fd\u017ede\u0148\"}]},{\"@type\":\"WebSite\",\"@id\":\"https:\\\/\\\/fcspartaktrnava.com\\\/#website\",\"url\":\"https:\\\/\\\/fcspartaktrnava.com\\\/\",\"name\":\"FC Spartak Trnava\",\"description\":\"ofici\u00e1lna webstr\u00e1nka futbalov\u00e9ho klubu\",\"publisher\":{\"@id\":\"https:\\\/\\\/fcspartaktrnava.com\\\/#organization\"},\"potentialAction\":[{\"@type\":\"SearchAction\",\"target\":{\"@type\":\"EntryPoint\",\"urlTemplate\":\"https:\\\/\\\/fcspartaktrnava.com\\\/?s={search_term_string}\"},\"query-input\":{\"@type\":\"PropertyValueSpecification\",\"valueRequired\":true,\"valueName\":\"search_term_string\"}}],\"inLanguage\":\"en-GB\"},{\"@type\":\"Organization\",\"@id\":\"https:\\\/\\\/fcspartaktrnava.com\\\/#organization\",\"name\":\"FC Spartak Trnava\",\"alternateName\":\"Spartak\",\"url\":\"https:\\\/\\\/fcspartaktrnava.com\\\/\",\"logo\":{\"@type\":\"ImageObject\",\"inLanguage\":\"en-GB\",\"@id\":\"https:\\\/\\\/fcspartaktrnava.com\\\/#\\\/schema\\\/logo\\\/image\\\/\",\"url\":\"https:\\\/\\\/fcspartaktrnava.com\\\/wp-content\\\/uploads\\\/2022\\\/08\\\/cropped-site_logo.png\",\"contentUrl\":\"https:\\\/\\\/fcspartaktrnava.com\\\/wp-content\\\/uploads\\\/2022\\\/08\\\/cropped-site_logo.png\",\"width\":140,\"height\":140,\"caption\":\"FC Spartak Trnava\"},\"image\":{\"@id\":\"https:\\\/\\\/fcspartaktrnava.com\\\/#\\\/schema\\\/logo\\\/image\\\/\"},\"sameAs\":[\"https:\\\/\\\/www.facebook.com\\\/SpartakTrnava\",\"https:\\\/\\\/x.com\\\/SpartakTrnava1\",\"https:\\\/\\\/www.instagram.com\\\/spartak_sk\\\/\"]},{\"@type\":\"Person\",\"@id\":\"https:\\\/\\\/fcspartaktrnava.com\\\/#\\\/schema\\\/person\\\/24bc5b254af14f71d7d8af178790aa75\",\"name\":\"spartak\",\"image\":{\"@type\":\"ImageObject\",\"inLanguage\":\"en-GB\",\"@id\":\"https:\\\/\\\/secure.gravatar.com\\\/avatar\\\/f8ff8584f3fcf3909a11a6da9019f37749183b4015bca14e64556c52614cdc7f?s=96&d=mm&r=g\",\"url\":\"https:\\\/\\\/secure.gravatar.com\\\/avatar\\\/f8ff8584f3fcf3909a11a6da9019f37749183b4015bca14e64556c52614cdc7f?s=96&d=mm&r=g\",\"contentUrl\":\"https:\\\/\\\/secure.gravatar.com\\\/avatar\\\/f8ff8584f3fcf3909a11a6da9019f37749183b4015bca14e64556c52614cdc7f?s=96&d=mm&r=g\",\"caption\":\"spartak\"},\"url\":\"https:\\\/\\\/fcspartaktrnava.com\\\/en\\\/author\\\/spartak\\\/\"}]}<\/script>\n<!-- \/ Yoast SEO plugin. -->","yoast_head_json":{"title":"Viacero ml\u00e1de\u017en\u00edkov m\u00e1 za sebou anglick\u00fd t\u00fd\u017ede\u0148 - FC Spartak Trnava","robots":{"index":"index","follow":"follow","max-snippet":"max-snippet:-1","max-image-preview":"max-image-preview:large","max-video-preview":"max-video-preview:-1"},"canonical":"https:\/\/fcspartaktrnava.com\/en\/viacero-mladeznikov-ma-za-sebou-anglicky-tyzden\/","twitter_misc":{"Written by":"spartak","Estimated reading time":"14 minutes"},"schema":{"@context":"https:\/\/schema.org","@graph":[{"@type":"Article","@id":"https:\/\/fcspartaktrnava.com\/viacero-mladeznikov-ma-za-sebou-anglicky-tyzden\/#article","isPartOf":{"@id":"https:\/\/fcspartaktrnava.com\/viacero-mladeznikov-ma-za-sebou-anglicky-tyzden\/"},"author":{"name":"spartak","@id":"https:\/\/fcspartaktrnava.com\/#\/schema\/person\/24bc5b254af14f71d7d8af178790aa75"},"headline":"Viacero ml\u00e1de\u017en\u00edkov m\u00e1 za sebou anglick\u00fd t\u00fd\u017ede\u0148","datePublished":"2026-08-30T18:16:17+00:00","dateModified":"2026-08-30T18:17:57+00:00","mainEntityOfPage":{"@id":"https:\/\/fcspartaktrnava.com\/viacero-mladeznikov-ma-za-sebou-anglicky-tyzden\/"},"wordCount":3057,"publisher":{"@id":"https:\/\/fcspartaktrnava.com\/#organization"},"image":{"@id":"https:\/\/fcspartaktrnava.com\/viacero-mladeznikov-ma-za-sebou-anglicky-tyzden\/#primaryimage"},"thumbnailUrl":"https:\/\/fcspartaktrnava.com\/wp-content\/uploads\/2026\/08\/WhatsApp-Image-2026-08-30-at-19.20.26.jpeg","keywords":["ml\u00e1de\u017e"],"articleSection":["Ml\u00e1de\u017e","Spr\u00e1vy"],"inLanguage":"en-GB"},{"@type":"WebPage","@id":"https:\/\/fcspartaktrnava.com\/viacero-mladeznikov-ma-za-sebou-anglicky-tyzden\/","url":"https:\/\/fcspartaktrnava.com\/viacero-mladeznikov-ma-za-sebou-anglicky-tyzden\/","name":"Viacero ml\u00e1de\u017en\u00edkov m\u00e1 za sebou anglick\u00fd t\u00fd\u017ede\u0148 - FC Spartak Trnava","isPartOf":{"@id":"https:\/\/fcspartaktrnava.com\/#website"},"primaryImageOfPage":{"@id":"https:\/\/fcspartaktrnava.com\/viacero-mladeznikov-ma-za-sebou-anglicky-tyzden\/#primaryimage"},"image":{"@id":"https:\/\/fcspartaktrnava.com\/viacero-mladeznikov-ma-za-sebou-anglicky-tyzden\/#primaryimage"},"thumbnailUrl":"https:\/\/fcspartaktrnava.com\/wp-content\/uploads\/2026\/08\/WhatsApp-Image-2026-08-30-at-19.20.26.jpeg","datePublished":"2026-08-30T18:16:17+00:00","dateModified":"2026-08-30T18:17:57+00:00","breadcrumb":{"@id":"https:\/\/fcspartaktrnava.com\/viacero-mladeznikov-ma-za-sebou-anglicky-tyzden\/#breadcrumb"},"inLanguage":"en-GB","potentialAction":[{"@type":"ReadAction","target":["https:\/\/fcspartaktrnava.com\/viacero-mladeznikov-ma-za-sebou-anglicky-tyzden\/"]}]},{"@type":"ImageObject","inLanguage":"en-GB","@id":"https:\/\/fcspartaktrnava.com\/viacero-mladeznikov-ma-za-sebou-anglicky-tyzden\/#primaryimage","url":"https:\/\/fcspartaktrnava.com\/wp-content\/uploads\/2026\/08\/WhatsApp-Image-2026-08-30-at-19.20.26.jpeg","contentUrl":"https:\/\/fcspartaktrnava.com\/wp-content\/uploads\/2026\/08\/WhatsApp-Image-2026-08-30-at-19.20.26.jpeg","width":2000,"height":1333},{"@type":"BreadcrumbList","@id":"https:\/\/fcspartaktrnava.com\/viacero-mladeznikov-ma-za-sebou-anglicky-tyzden\/#breadcrumb","itemListElement":[{"@type":"ListItem","position":1,"name":"Home","item":"https:\/\/fcspartaktrnava.com\/"},{"@type":"ListItem","position":2,"name":"Viacero ml\u00e1de\u017en\u00edkov m\u00e1 za sebou anglick\u00fd t\u00fd\u017ede\u0148"}]},{"@type":"WebSite","@id":"https:\/\/fcspartaktrnava.com\/#website","url":"https:\/\/fcspartaktrnava.com\/","name":"FC Spartak Trnava","description":"ofici\u00e1lna webstr\u00e1nka futbalov\u00e9ho klubu","publisher":{"@id":"https:\/\/fcspartaktrnava.com\/#organization"},"potentialAction":[{"@type":"SearchAction","target":{"@type":"EntryPoint","urlTemplate":"https:\/\/fcspartaktrnava.com\/?s={search_term_string}"},"query-input":{"@type":"PropertyValueSpecification","valueRequired":true,"valueName":"search_term_string"}}],"inLanguage":"en-GB"},{"@type":"Organization","@id":"https:\/\/fcspartaktrnava.com\/#organization","name":"FC Spartak Trnava","alternateName":"Spartak","url":"https:\/\/fcspartaktrnava.com\/","logo":{"@type":"ImageObject","inLanguage":"en-GB","@id":"https:\/\/fcspartaktrnava.com\/#\/schema\/logo\/image\/","url":"https:\/\/fcspartaktrnava.com\/wp-content\/uploads\/2022\/08\/cropped-site_logo.png","contentUrl":"https:\/\/fcspartaktrnava.com\/wp-content\/uploads\/2022\/08\/cropped-site_logo.png","width":140,"height":140,"caption":"FC Spartak Trnava"},"image":{"@id":"https:\/\/fcspartaktrnava.com\/#\/schema\/logo\/image\/"},"sameAs":["https:\/\/www.facebook.com\/SpartakTrnava","https:\/\/x.com\/SpartakTrnava1","https:\/\/www.instagram.com\/spartak_sk\/"]},{"@type":"Person","@id":"https:\/\/fcspartaktrnava.com\/#\/schema\/person\/24bc5b254af14f71d7d8af178790aa75","name":"spartak","image":{"@type":"ImageObject","inLanguage":"en-GB","@id":"https:\/\/secure.gravatar.com\/avatar\/f8ff8584f3fcf3909a11a6da9019f37749183b4015bca14e64556c52614cdc7f?s=96&d=mm&r=g","url":"https:\/\/secure.gravatar.com\/avatar\/f8ff8584f3fcf3909a11a6da9019f37749183b4015bca14e64556c52614cdc7f?s=96&d=mm&r=g","contentUrl":"https:\/\/secure.gravatar.com\/avatar\/f8ff8584f3fcf3909a11a6da9019f37749183b4015bca14e64556c52614cdc7f?s=96&d=mm&r=g","caption":"spartak"},"url":"https:\/\/fcspartaktrnava.com\/en\/author\/spartak\/"}]}},"_links":{"self":[{"href":"https:\/\/fcspartaktrnava.com\/en\/wp-json\/wp\/v2\/posts\/48684","targetHints":{"allow":["GET"]}}],"collection":[{"href":"https:\/\/fcspartaktrnava.com\/en\/wp-json\/wp\/v2\/posts"}],"about":[{"href":"https:\/\/fcspartaktrnava.com\/en\/wp-json\/wp\/v2\/types\/post"}],"author":[{"embeddable":true,"href":"https:\/\/fcspartaktrnava.com\/en\/wp-json\/wp\/v2\/users\/2"}],"replies":[{"embeddable":true,"href":"https:\/\/fcspartaktrnava.com\/en\/wp-json\/wp\/v2\/comments?post=48684"}],"version-history":[{"count":0,"href":"https:\/\/fcspartaktrnava.com\/en\/wp-json\/wp\/v2\/posts\/48684\/revisions"}],"wp:featuredmedia":[{"embeddable":true,"href":"https:\/\/fcspartaktrnava.com\/en\/wp-json\/wp\/v2\/media\/48686"}],"wp:attachment":[{"href":"https:\/\/fcspartaktrnava.com\/en\/wp-json\/wp\/v2\/media?parent=48684"}],"wp:term":[{"taxonomy":"category","embeddable":true,"href":"https:\/\/fcspartaktrnava.com\/en\/wp-json\/wp\/v2\/categories?post=48684"},{"taxonomy":"post_tag","embeddable":true,"href":"https:\/\/fcspartaktrnava.com\/en\/wp-json\/wp\/v2\/tags?post=48684"}],"curies":[{"name":"wp","href":"https:\/\/api.w.org\/{rel}","templated":true}]}}