{"id":48681,"date":"2026-08-30T20:51:08","date_gmt":"2026-08-30T18:51:08","guid":{"rendered":"https:\/\/fcspartaktrnava.com\/?p=48681"},"modified":"2026-08-30T20:51:08","modified_gmt":"2026-08-30T18:51:08","slug":"kudlickov-gol-na-body-proti-ziline-nestacil","status":"publish","type":"post","link":"https:\/\/fcspartaktrnava.com\/en\/kudlickov-gol-na-body-proti-ziline-nestacil\/","title":{"rendered":"Kudli\u010dkov g\u00f3l na body proti \u017diline nesta\u010dil"},"content":{"rendered":"<p class=\"has-text-align-center has-black-color has-white-background-color has-text-color has-background has-link-color has-medium-font-size wp-elements-e352768fa8a51512454440d3dd4df389 wp-block-paragraph\"><strong>Nik\u00e9 liga 6. kolo<br><br>FC Spartak Trnava \u2013 \u017dilina 1:3 (1:2)<\/strong> \u00a0<br><br><strong>SPARTAK:<\/strong> Vantruba \u2013 Ko\u0161trna, Sabo (C) (58. Mensah), Ujlaky, Carri\u00f3n \u2013 Lau\u0161i\u010d, Begala \u2013 Kudli\u010dka (74. Bukovsk\u00fd), Moistrapishvili (58. Wildeboer), Trello (64. Azango) \u2013 Khorkheli (64. Mehmeti)<br><br><strong>\u017dILINA:<\/strong> \u0160ipo\u0161 \u2013 Pali\u0161\u010d\u00e1k, Narimanidze, Ok\u00e1l \u2013 Hranica (74. \u010eatko), K\u00e1\u010der (C) (87. Adang), Bzdyl, Bari \u2013 Fa\u0161ko (70. Florea), Ruiz (87. Rogini\u010d), I\u013eko (70. K\u00f3\u0161a)<br><strong>\u00a0<\/strong><br><br><strong>Goals:<\/strong> 18. Kudli\u010dka &#8211; 16. Fa\u0161ko, 30. a 58. I\u013eko<br>\u00a0<br><strong>Yellow cards:<\/strong>  Ko\u0161trna, Bukovsk\u00fd &#8211; Narimanidze, K\u00e1\u010der<br><br><strong>Judges: <\/strong>Doh\u00e1l \u2013 Hancko, Pol\u00e1\u010dek<br><br><strong>Spectators:<\/strong>7 557<\/p>\n\n\n\n<p class=\"has-medium-font-size wp-block-paragraph\"><br>Spartak nast\u00fapil proti \u017diline v\u00a0r\u00e1mci \u0161iesteho kola najvy\u0161\u0161ej s\u00fa\u0165a\u017ee bez \u013eahko zranen\u00e9ho Mikovi\u010da a\u00a0chor\u00e9ho Pol\u0165\u00e1ka. Na \u013eavej strane obrany tak dostal \u0161ancu Carri\u00f3n a\u00a0na hrote \u00fatoku Khorkheli. <br><br>\u00davodn\u00e9 min\u00faty si oba t\u00edmy d\u00e1vali pozor na chyby a tak a\u017e v 13. min\u00fate bolo hor\u00faco pred \u0160\u00edpo\u0161om, ke\u010f Ko\u0161trna centroval z pravej strany a Khorkhelimu ch\u00fdbali decimetre na zasiahnutie lopty. O p\u00e1r min\u00fat nesk\u00f4r vysunul Hranica z pravej strany Fa\u0161ka, ktor\u00fd stredom obrany unikol stop\u00e9rom a prekonal Vantrubu &#8211; 0:1. Spartaku trvalo vyrovna\u0165 iba dve min\u00faty. Lau\u0161i\u010d posunul loptu na kr\u00eddlo, Trello ju lobom poslal na Kudli\u010dku, ten si telom odstavil s\u00fapera a z voleja perfektnou strelou prekonal \u0160\u00edpo\u0161a &#8211; 1:1.<br><br>Dvojica Lau\u0161i\u010d a Kudli\u010dka si spolupr\u00e1cu zopakovali aj v 27. min\u00fate, mlad\u00fd strelec tentoraz mieril nad br\u00e1nku. O min\u00fatu nesk\u00f4r mohla \u00eds\u0165 do vedenia op\u00e4\u0165 \u017dilina, center Bariho hlavi\u010dkoval pred Vantrubom Ruiz, av\u0161ak trnavsk\u00fd g\u00f3lman sa vyznamenal a loptu vyboxoval. Pri\u0161la v\u0161ak 30. min\u00fata a po chybnej prihr\u00e1vke Saba sa Fa\u0161ko dostal k lopte. I\u013eko ju prevzal a pred ustupuj\u00facou stop\u00e9rskou dvojicou pri\u0161iel a\u017e na dostrel a prekonal Vantrubu &#8211; 1:2. <br><br>Z\u00e1ver prv\u00e9ho pol\u010dasu bol doslova infarktov\u00fd. Vyrovna\u0165 mohol strelou z hranice \u0161estn\u00e1stky Sabo, jeho bombu dor\u00e1\u017eal Khorkheli, ale \u0160\u00edpo\u0161 oboch vychytal. Do tretice mal g\u00f3l na kopa\u010dke po tejto akcii Kudli\u010dka, ale aj jeho dor\u00e1\u017eku z tesnej bl\u00edzkosti obrana s brank\u00e1rom ust\u00e1li.<br><br>Do druh\u00e9ho dejstva pri\u0161li oba t\u00edmy bez jedinej zmeny a prakticky z prvej akcie sme mohli vyrovna\u0165, strela Begalu narobila \u0160\u00edpo\u0161ovi starosti, ale g\u00f3lom sa neskon\u010dila. Kr\u00e1tko pred uplynut\u00edm hodiny hry pri\u0161la nen\u00e1padn\u00e1 akcia \u017diliny, Fa\u0161ko posunul na I\u013eka a ten strelou po zemi zv\u00fd\u0161il &#8211; 1:3. <br><br>Trnavsk\u00e1 lavi\u010dka reagovala, po\u010das piatich min\u00fat pri\u0161li a\u017e \u0161tyria nov\u00ed hr\u00e1\u010di, ale g\u00f3ly neprich\u00e1dzali. Svoj druh\u00fd g\u00f3l nepridal Kudli\u010dka, umn\u00e9 umiestnenie letiacej lopty iba tesne minulo svoj cie\u013e. Kr\u00e1tko potom ho nahradil Bukovsk\u00fd. <br><br>Spartak v z\u00e1vere duelu s\u00fapera zatla\u010dil do defenz\u00edvy, viacer\u00e9 situ\u00e1cie volali po g\u00f3le av\u0161ak sk\u00f3re sa nemenilo. \u017dilina si po v\u00fdhre 3:1 odviezla z Trnavy v\u0161etky tri body. <\/p>\n\n\n\n<p class=\"wp-block-paragraph\"><\/p>","protected":false},"excerpt":{"rendered":"<p>Nik\u00e9 liga 6. koloFC Spartak Trnava \u2013 \u017dilina&#8230;<\/p>","protected":false},"author":10,"featured_media":48683,"comment_status":"closed","ping_status":"closed","sticky":false,"template":"","format":"standard","meta":{"footnotes":""},"categories":[12],"tags":[],"class_list":["post-48681","post","type-post","status-publish","format-standard","has-post-thumbnail","hentry","category-spravy","post-number-1"],"yoast_head":"<!-- This site is optimized with the Yoast SEO plugin v28.1 - https:\/\/yoast.com\/product\/yoast-seo-wordpress\/ -->\n<title>Kudli\u010dkov g\u00f3l na body proti \u017diline nesta\u010dil - FC Spartak Trnava<\/title>\n<meta name=\"robots\" content=\"index, follow, max-snippet:-1, max-image-preview:large, max-video-preview:-1\" \/>\n<link rel=\"canonical\" href=\"https:\/\/fcspartaktrnava.com\/en\/kudlickov-gol-na-body-proti-ziline-nestacil\/\" \/>\n<meta name=\"twitter:label1\" content=\"Written by\" \/>\n\t<meta name=\"twitter:data1\" content=\"Martin Jani\u0161\" \/>\n\t<meta name=\"twitter:label2\" content=\"Estimated reading time\" \/>\n\t<meta name=\"twitter:data2\" content=\"3 minutes\" \/>\n<script type=\"application\/ld+json\" class=\"yoast-schema-graph\">{\"@context\":\"https:\\\/\\\/schema.org\",\"@graph\":[{\"@type\":\"Article\",\"@id\":\"https:\\\/\\\/fcspartaktrnava.com\\\/kudlickov-gol-na-body-proti-ziline-nestacil\\\/#article\",\"isPartOf\":{\"@id\":\"https:\\\/\\\/fcspartaktrnava.com\\\/kudlickov-gol-na-body-proti-ziline-nestacil\\\/\"},\"author\":{\"name\":\"Martin Jani\u0161\",\"@id\":\"https:\\\/\\\/fcspartaktrnava.com\\\/#\\\/schema\\\/person\\\/7cdd4b929b99ded36250b65a912c3e50\"},\"headline\":\"Kudli\u010dkov g\u00f3l na body proti \u017diline nesta\u010dil\",\"datePublished\":\"2026-08-30T18:51:08+00:00\",\"mainEntityOfPage\":{\"@id\":\"https:\\\/\\\/fcspartaktrnava.com\\\/kudlickov-gol-na-body-proti-ziline-nestacil\\\/\"},\"wordCount\":508,\"publisher\":{\"@id\":\"https:\\\/\\\/fcspartaktrnava.com\\\/#organization\"},\"image\":{\"@id\":\"https:\\\/\\\/fcspartaktrnava.com\\\/kudlickov-gol-na-body-proti-ziline-nestacil\\\/#primaryimage\"},\"thumbnailUrl\":\"https:\\\/\\\/fcspartaktrnava.com\\\/wp-content\\\/uploads\\\/2026\\\/08\\\/LUC_8342-1-scaled.jpg\",\"articleSection\":[\"Spr\u00e1vy\"],\"inLanguage\":\"en-GB\"},{\"@type\":\"WebPage\",\"@id\":\"https:\\\/\\\/fcspartaktrnava.com\\\/kudlickov-gol-na-body-proti-ziline-nestacil\\\/\",\"url\":\"https:\\\/\\\/fcspartaktrnava.com\\\/kudlickov-gol-na-body-proti-ziline-nestacil\\\/\",\"name\":\"Kudli\u010dkov g\u00f3l na body proti \u017diline nesta\u010dil - FC Spartak Trnava\",\"isPartOf\":{\"@id\":\"https:\\\/\\\/fcspartaktrnava.com\\\/#website\"},\"primaryImageOfPage\":{\"@id\":\"https:\\\/\\\/fcspartaktrnava.com\\\/kudlickov-gol-na-body-proti-ziline-nestacil\\\/#primaryimage\"},\"image\":{\"@id\":\"https:\\\/\\\/fcspartaktrnava.com\\\/kudlickov-gol-na-body-proti-ziline-nestacil\\\/#primaryimage\"},\"thumbnailUrl\":\"https:\\\/\\\/fcspartaktrnava.com\\\/wp-content\\\/uploads\\\/2026\\\/08\\\/LUC_8342-1-scaled.jpg\",\"datePublished\":\"2026-08-30T18:51:08+00:00\",\"breadcrumb\":{\"@id\":\"https:\\\/\\\/fcspartaktrnava.com\\\/kudlickov-gol-na-body-proti-ziline-nestacil\\\/#breadcrumb\"},\"inLanguage\":\"en-GB\",\"potentialAction\":[{\"@type\":\"ReadAction\",\"target\":[\"https:\\\/\\\/fcspartaktrnava.com\\\/kudlickov-gol-na-body-proti-ziline-nestacil\\\/\"]}]},{\"@type\":\"ImageObject\",\"inLanguage\":\"en-GB\",\"@id\":\"https:\\\/\\\/fcspartaktrnava.com\\\/kudlickov-gol-na-body-proti-ziline-nestacil\\\/#primaryimage\",\"url\":\"https:\\\/\\\/fcspartaktrnava.com\\\/wp-content\\\/uploads\\\/2026\\\/08\\\/LUC_8342-1-scaled.jpg\",\"contentUrl\":\"https:\\\/\\\/fcspartaktrnava.com\\\/wp-content\\\/uploads\\\/2026\\\/08\\\/LUC_8342-1-scaled.jpg\",\"width\":2560,\"height\":1707},{\"@type\":\"BreadcrumbList\",\"@id\":\"https:\\\/\\\/fcspartaktrnava.com\\\/kudlickov-gol-na-body-proti-ziline-nestacil\\\/#breadcrumb\",\"itemListElement\":[{\"@type\":\"ListItem\",\"position\":1,\"name\":\"Home\",\"item\":\"https:\\\/\\\/fcspartaktrnava.com\\\/\"},{\"@type\":\"ListItem\",\"position\":2,\"name\":\"Kudli\u010dkov g\u00f3l na body proti \u017diline nesta\u010dil\"}]},{\"@type\":\"WebSite\",\"@id\":\"https:\\\/\\\/fcspartaktrnava.com\\\/#website\",\"url\":\"https:\\\/\\\/fcspartaktrnava.com\\\/\",\"name\":\"FC Spartak Trnava\",\"description\":\"ofici\u00e1lna webstr\u00e1nka futbalov\u00e9ho klubu\",\"publisher\":{\"@id\":\"https:\\\/\\\/fcspartaktrnava.com\\\/#organization\"},\"potentialAction\":[{\"@type\":\"SearchAction\",\"target\":{\"@type\":\"EntryPoint\",\"urlTemplate\":\"https:\\\/\\\/fcspartaktrnava.com\\\/?s={search_term_string}\"},\"query-input\":{\"@type\":\"PropertyValueSpecification\",\"valueRequired\":true,\"valueName\":\"search_term_string\"}}],\"inLanguage\":\"en-GB\"},{\"@type\":\"Organization\",\"@id\":\"https:\\\/\\\/fcspartaktrnava.com\\\/#organization\",\"name\":\"FC Spartak Trnava\",\"alternateName\":\"Spartak\",\"url\":\"https:\\\/\\\/fcspartaktrnava.com\\\/\",\"logo\":{\"@type\":\"ImageObject\",\"inLanguage\":\"en-GB\",\"@id\":\"https:\\\/\\\/fcspartaktrnava.com\\\/#\\\/schema\\\/logo\\\/image\\\/\",\"url\":\"https:\\\/\\\/fcspartaktrnava.com\\\/wp-content\\\/uploads\\\/2022\\\/08\\\/cropped-site_logo.png\",\"contentUrl\":\"https:\\\/\\\/fcspartaktrnava.com\\\/wp-content\\\/uploads\\\/2022\\\/08\\\/cropped-site_logo.png\",\"width\":140,\"height\":140,\"caption\":\"FC Spartak Trnava\"},\"image\":{\"@id\":\"https:\\\/\\\/fcspartaktrnava.com\\\/#\\\/schema\\\/logo\\\/image\\\/\"},\"sameAs\":[\"https:\\\/\\\/www.facebook.com\\\/SpartakTrnava\",\"https:\\\/\\\/x.com\\\/SpartakTrnava1\",\"https:\\\/\\\/www.instagram.com\\\/spartak_sk\\\/\"]},{\"@type\":\"Person\",\"@id\":\"https:\\\/\\\/fcspartaktrnava.com\\\/#\\\/schema\\\/person\\\/7cdd4b929b99ded36250b65a912c3e50\",\"name\":\"Martin Jani\u0161\",\"image\":{\"@type\":\"ImageObject\",\"inLanguage\":\"en-GB\",\"@id\":\"https:\\\/\\\/secure.gravatar.com\\\/avatar\\\/fedc052aa0cc97945f02257b4d7403b58c43abc4a09851b80363a242b2276a06?s=96&d=mm&r=g\",\"url\":\"https:\\\/\\\/secure.gravatar.com\\\/avatar\\\/fedc052aa0cc97945f02257b4d7403b58c43abc4a09851b80363a242b2276a06?s=96&d=mm&r=g\",\"contentUrl\":\"https:\\\/\\\/secure.gravatar.com\\\/avatar\\\/fedc052aa0cc97945f02257b4d7403b58c43abc4a09851b80363a242b2276a06?s=96&d=mm&r=g\",\"caption\":\"Martin Jani\u0161\"},\"sameAs\":[\"http:\\\/\\\/Martin%20Janis\"],\"url\":\"https:\\\/\\\/fcspartaktrnava.com\\\/en\\\/author\\\/martin-janis\\\/\"}]}<\/script>\n<!-- \/ Yoast SEO plugin. -->","yoast_head_json":{"title":"Kudli\u010dkov g\u00f3l na body proti \u017diline nesta\u010dil - FC Spartak Trnava","robots":{"index":"index","follow":"follow","max-snippet":"max-snippet:-1","max-image-preview":"max-image-preview:large","max-video-preview":"max-video-preview:-1"},"canonical":"https:\/\/fcspartaktrnava.com\/en\/kudlickov-gol-na-body-proti-ziline-nestacil\/","twitter_misc":{"Written by":"Martin Jani\u0161","Estimated reading time":"3 minutes"},"schema":{"@context":"https:\/\/schema.org","@graph":[{"@type":"Article","@id":"https:\/\/fcspartaktrnava.com\/kudlickov-gol-na-body-proti-ziline-nestacil\/#article","isPartOf":{"@id":"https:\/\/fcspartaktrnava.com\/kudlickov-gol-na-body-proti-ziline-nestacil\/"},"author":{"name":"Martin Jani\u0161","@id":"https:\/\/fcspartaktrnava.com\/#\/schema\/person\/7cdd4b929b99ded36250b65a912c3e50"},"headline":"Kudli\u010dkov g\u00f3l na body proti \u017diline nesta\u010dil","datePublished":"2026-08-30T18:51:08+00:00","mainEntityOfPage":{"@id":"https:\/\/fcspartaktrnava.com\/kudlickov-gol-na-body-proti-ziline-nestacil\/"},"wordCount":508,"publisher":{"@id":"https:\/\/fcspartaktrnava.com\/#organization"},"image":{"@id":"https:\/\/fcspartaktrnava.com\/kudlickov-gol-na-body-proti-ziline-nestacil\/#primaryimage"},"thumbnailUrl":"https:\/\/fcspartaktrnava.com\/wp-content\/uploads\/2026\/08\/LUC_8342-1-scaled.jpg","articleSection":["Spr\u00e1vy"],"inLanguage":"en-GB"},{"@type":"WebPage","@id":"https:\/\/fcspartaktrnava.com\/kudlickov-gol-na-body-proti-ziline-nestacil\/","url":"https:\/\/fcspartaktrnava.com\/kudlickov-gol-na-body-proti-ziline-nestacil\/","name":"Kudli\u010dkov g\u00f3l na body proti \u017diline nesta\u010dil - FC Spartak Trnava","isPartOf":{"@id":"https:\/\/fcspartaktrnava.com\/#website"},"primaryImageOfPage":{"@id":"https:\/\/fcspartaktrnava.com\/kudlickov-gol-na-body-proti-ziline-nestacil\/#primaryimage"},"image":{"@id":"https:\/\/fcspartaktrnava.com\/kudlickov-gol-na-body-proti-ziline-nestacil\/#primaryimage"},"thumbnailUrl":"https:\/\/fcspartaktrnava.com\/wp-content\/uploads\/2026\/08\/LUC_8342-1-scaled.jpg","datePublished":"2026-08-30T18:51:08+00:00","breadcrumb":{"@id":"https:\/\/fcspartaktrnava.com\/kudlickov-gol-na-body-proti-ziline-nestacil\/#breadcrumb"},"inLanguage":"en-GB","potentialAction":[{"@type":"ReadAction","target":["https:\/\/fcspartaktrnava.com\/kudlickov-gol-na-body-proti-ziline-nestacil\/"]}]},{"@type":"ImageObject","inLanguage":"en-GB","@id":"https:\/\/fcspartaktrnava.com\/kudlickov-gol-na-body-proti-ziline-nestacil\/#primaryimage","url":"https:\/\/fcspartaktrnava.com\/wp-content\/uploads\/2026\/08\/LUC_8342-1-scaled.jpg","contentUrl":"https:\/\/fcspartaktrnava.com\/wp-content\/uploads\/2026\/08\/LUC_8342-1-scaled.jpg","width":2560,"height":1707},{"@type":"BreadcrumbList","@id":"https:\/\/fcspartaktrnava.com\/kudlickov-gol-na-body-proti-ziline-nestacil\/#breadcrumb","itemListElement":[{"@type":"ListItem","position":1,"name":"Home","item":"https:\/\/fcspartaktrnava.com\/"},{"@type":"ListItem","position":2,"name":"Kudli\u010dkov g\u00f3l na body proti \u017diline nesta\u010dil"}]},{"@type":"WebSite","@id":"https:\/\/fcspartaktrnava.com\/#website","url":"https:\/\/fcspartaktrnava.com\/","name":"FC Spartak Trnava","description":"ofici\u00e1lna webstr\u00e1nka futbalov\u00e9ho klubu","publisher":{"@id":"https:\/\/fcspartaktrnava.com\/#organization"},"potentialAction":[{"@type":"SearchAction","target":{"@type":"EntryPoint","urlTemplate":"https:\/\/fcspartaktrnava.com\/?s={search_term_string}"},"query-input":{"@type":"PropertyValueSpecification","valueRequired":true,"valueName":"search_term_string"}}],"inLanguage":"en-GB"},{"@type":"Organization","@id":"https:\/\/fcspartaktrnava.com\/#organization","name":"FC Spartak Trnava","alternateName":"Spartak","url":"https:\/\/fcspartaktrnava.com\/","logo":{"@type":"ImageObject","inLanguage":"en-GB","@id":"https:\/\/fcspartaktrnava.com\/#\/schema\/logo\/image\/","url":"https:\/\/fcspartaktrnava.com\/wp-content\/uploads\/2022\/08\/cropped-site_logo.png","contentUrl":"https:\/\/fcspartaktrnava.com\/wp-content\/uploads\/2022\/08\/cropped-site_logo.png","width":140,"height":140,"caption":"FC Spartak Trnava"},"image":{"@id":"https:\/\/fcspartaktrnava.com\/#\/schema\/logo\/image\/"},"sameAs":["https:\/\/www.facebook.com\/SpartakTrnava","https:\/\/x.com\/SpartakTrnava1","https:\/\/www.instagram.com\/spartak_sk\/"]},{"@type":"Person","@id":"https:\/\/fcspartaktrnava.com\/#\/schema\/person\/7cdd4b929b99ded36250b65a912c3e50","name":"Martin Jani\u0161","image":{"@type":"ImageObject","inLanguage":"en-GB","@id":"https:\/\/secure.gravatar.com\/avatar\/fedc052aa0cc97945f02257b4d7403b58c43abc4a09851b80363a242b2276a06?s=96&d=mm&r=g","url":"https:\/\/secure.gravatar.com\/avatar\/fedc052aa0cc97945f02257b4d7403b58c43abc4a09851b80363a242b2276a06?s=96&d=mm&r=g","contentUrl":"https:\/\/secure.gravatar.com\/avatar\/fedc052aa0cc97945f02257b4d7403b58c43abc4a09851b80363a242b2276a06?s=96&d=mm&r=g","caption":"Martin Jani\u0161"},"sameAs":["http:\/\/Martin%20Janis"],"url":"https:\/\/fcspartaktrnava.com\/en\/author\/martin-janis\/"}]}},"_links":{"self":[{"href":"https:\/\/fcspartaktrnava.com\/en\/wp-json\/wp\/v2\/posts\/48681","targetHints":{"allow":["GET"]}}],"collection":[{"href":"https:\/\/fcspartaktrnava.com\/en\/wp-json\/wp\/v2\/posts"}],"about":[{"href":"https:\/\/fcspartaktrnava.com\/en\/wp-json\/wp\/v2\/types\/post"}],"author":[{"embeddable":true,"href":"https:\/\/fcspartaktrnava.com\/en\/wp-json\/wp\/v2\/users\/10"}],"replies":[{"embeddable":true,"href":"https:\/\/fcspartaktrnava.com\/en\/wp-json\/wp\/v2\/comments?post=48681"}],"version-history":[{"count":0,"href":"https:\/\/fcspartaktrnava.com\/en\/wp-json\/wp\/v2\/posts\/48681\/revisions"}],"wp:featuredmedia":[{"embeddable":true,"href":"https:\/\/fcspartaktrnava.com\/en\/wp-json\/wp\/v2\/media\/48683"}],"wp:attachment":[{"href":"https:\/\/fcspartaktrnava.com\/en\/wp-json\/wp\/v2\/media?parent=48681"}],"wp:term":[{"taxonomy":"category","embeddable":true,"href":"https:\/\/fcspartaktrnava.com\/en\/wp-json\/wp\/v2\/categories?post=48681"},{"taxonomy":"post_tag","embeddable":true,"href":"https:\/\/fcspartaktrnava.com\/en\/wp-json\/wp\/v2\/tags?post=48681"}],"curies":[{"name":"wp","href":"https:\/\/api.w.org\/{rel}","templated":true}]}}