{"id":4632,"date":"2023-01-13T10:11:45","date_gmt":"2023-01-13T10:11:45","guid":{"rendered":"https:\/\/fcspartaktrnava.com\/?p=4632"},"modified":"2023-01-13T10:11:46","modified_gmt":"2023-01-13T10:11:46","slug":"dnes-ma-premieru-dokumentarny-serial-o-spartaku","status":"publish","type":"post","link":"https:\/\/fcspartaktrnava.com\/en\/dnes-ma-premieru-dokumentarny-serial-o-spartaku\/","title":{"rendered":"Dnes m\u00e1 premi\u00e9ru dokument\u00e1rny seri\u00e1l o Spartaku"},"content":{"rendered":"<p>U\u017e dnes si fan\u00fa\u0161ikovia, a&nbsp;nielen oni, bud\u00fa m\u00f4c\u0165 pozrie\u0165 v&nbsp;premi\u00e9re \u00favodn\u00fa \u010das\u0165 dokument\u00e1rneho filmu pod n\u00e1zvom: Do neba a&nbsp;do pekla: Spartak Trnava. Exkluz\u00edvny poh\u013ead do z\u00e1kulisia fungovania prvoligov\u00e9ho klubu prin\u00e1\u0161a streamovacia slu\u017eba VOYO.<\/p>\n\n\n\n<p>Je to \u010fal\u0161\u00ed \u010driepok do mozaiky osl\u00e1v storo\u010dnice klubu, ktor\u00fa si n\u00e1\u0161 Spartak pripomenie na konci tejto sez\u00f3ny. A&nbsp;pr\u00e1ve t\u00e1to storo\u010dnicov\u00e1 sez\u00f3na bude zmapovan\u00e1 do detailov a&nbsp;uk\u00e1\u017ee fungovanie klubu z&nbsp;poz\u00edcie, v&nbsp;akej ho vidia len jeho \u010dlenovia. Fan\u00fa\u0161ik sa prostredn\u00edctvom telev\u00edznych kamier dostane skuto\u010dne v\u0161ade a&nbsp;m\u00f4\u017ee tak nahliadnu\u0165 doslova do klubovej kuchyne.<\/p>\n\n\n\n<p>E\u0161te pred odchodom na s\u00fastredenie na Maltu si prv\u00fa \u010das\u0165 pozreli aj samotn\u00ed hr\u00e1\u010di, ktor\u00ed boli s&nbsp;dielom nadmieru spokojn\u00ed a&nbsp;te\u0161ia sa na pokra\u010dovanie. V\u010dera si&nbsp;predpremi\u00e9ru v&nbsp;kine CINEMAX mohli pozrie\u0165 viacer\u00ed \u010dlenovia RODZINY s&nbsp;programom Hrd\u00fd a&nbsp;Oddan\u00fd. Od dne\u0161n\u00e9ho d\u0148a si m\u00f4\u017eu prv\u00fa epiz\u00f3du pozrie\u0165 v\u0161etci.<\/p>\n\n\n\n<p>Sledova\u0165 ho m\u00f4\u017eete tu: <a href=\"https:\/\/voyo.markiza.sk\/titul\/5869-do-neba-a-do-pekla-spartak-trnava\">https:\/\/voyo.markiza.sk\/titul\/5869-do-neba-a-do-pekla-spartak-trnava<\/a><\/p>\n\n\n\n<figure class=\"wp-block-embed aligncenter is-type-video is-provider-youtube wp-block-embed-youtube wp-embed-aspect-16-9 wp-has-aspect-ratio\"><div class=\"wp-block-embed__wrapper\">\n<iframe loading=\"lazy\" title=\"Do neba a do pekla: Spartak Trnava - Prv\u00fd slovensk\u00fd Voyo Origin\u00e1l (13. janu\u00e1r 2023)\" width=\"500\" height=\"281\" src=\"https:\/\/www.youtube.com\/embed\/F4TOFWoGxzg?feature=oembed\" frameborder=\"0\" allow=\"accelerometer; autoplay; clipboard-write; encrypted-media; gyroscope; picture-in-picture; web-share\" referrerpolicy=\"strict-origin-when-cross-origin\" allowfullscreen><\/iframe>\n<\/div><\/figure>","protected":false},"excerpt":{"rendered":"<p>U\u017e dnes si fan\u00fa\u0161ikovia, a&nbsp;nielen oni, bud\u00fa m\u00f4c\u0165&#8230;<\/p>","protected":false},"author":2,"featured_media":4633,"comment_status":"closed","ping_status":"closed","sticky":false,"template":"","format":"standard","meta":{"footnotes":""},"categories":[12],"tags":[67],"class_list":["post-4632","post","type-post","status-publish","format-standard","has-post-thumbnail","hentry","category-spravy","tag-voyo","post-number-1"],"yoast_head":"<!-- This site is optimized with the Yoast SEO plugin v27.1.1 - https:\/\/yoast.com\/product\/yoast-seo-wordpress\/ -->\n<title>Dnes m\u00e1 premi\u00e9ru dokument\u00e1rny seri\u00e1l o Spartaku - FC Spartak Trnava<\/title>\n<meta name=\"robots\" content=\"index, follow, max-snippet:-1, max-image-preview:large, max-video-preview:-1\" \/>\n<link rel=\"canonical\" href=\"https:\/\/fcspartaktrnava.com\/en\/dnes-ma-premieru-dokumentarny-serial-o-spartaku\/\" \/>\n<meta name=\"twitter:label1\" content=\"Written by\" \/>\n\t<meta name=\"twitter:data1\" content=\"spartak\" \/>\n\t<meta name=\"twitter:label2\" content=\"Estimated reading time\" \/>\n\t<meta name=\"twitter:data2\" content=\"1 minute\" \/>\n<script type=\"application\/ld+json\" class=\"yoast-schema-graph\">{\"@context\":\"https:\/\/schema.org\",\"@graph\":[{\"@type\":\"Article\",\"@id\":\"https:\/\/fcspartaktrnava.com\/dnes-ma-premieru-dokumentarny-serial-o-spartaku\/#article\",\"isPartOf\":{\"@id\":\"https:\/\/fcspartaktrnava.com\/dnes-ma-premieru-dokumentarny-serial-o-spartaku\/\"},\"author\":{\"name\":\"spartak\",\"@id\":\"https:\/\/fcspartaktrnava.com\/#\/schema\/person\/24bc5b254af14f71d7d8af178790aa75\"},\"headline\":\"Dnes m\u00e1 premi\u00e9ru dokument\u00e1rny seri\u00e1l o Spartaku\",\"datePublished\":\"2023-01-13T10:11:45+00:00\",\"dateModified\":\"2023-01-13T10:11:46+00:00\",\"mainEntityOfPage\":{\"@id\":\"https:\/\/fcspartaktrnava.com\/dnes-ma-premieru-dokumentarny-serial-o-spartaku\/\"},\"wordCount\":224,\"publisher\":{\"@id\":\"https:\/\/fcspartaktrnava.com\/#organization\"},\"image\":{\"@id\":\"https:\/\/fcspartaktrnava.com\/dnes-ma-premieru-dokumentarny-serial-o-spartaku\/#primaryimage\"},\"thumbnailUrl\":\"https:\/\/fcspartaktrnava.com\/wp-content\/uploads\/2023\/01\/Do-neba-a-do-pekla_Spartak-Trnava_ilustracny-obrazok.jpg\",\"keywords\":[\"voyo\"],\"articleSection\":[\"Spr\u00e1vy\"],\"inLanguage\":\"en-GB\"},{\"@type\":\"WebPage\",\"@id\":\"https:\/\/fcspartaktrnava.com\/dnes-ma-premieru-dokumentarny-serial-o-spartaku\/\",\"url\":\"https:\/\/fcspartaktrnava.com\/dnes-ma-premieru-dokumentarny-serial-o-spartaku\/\",\"name\":\"Dnes m\u00e1 premi\u00e9ru dokument\u00e1rny seri\u00e1l o Spartaku - FC Spartak Trnava\",\"isPartOf\":{\"@id\":\"https:\/\/fcspartaktrnava.com\/#website\"},\"primaryImageOfPage\":{\"@id\":\"https:\/\/fcspartaktrnava.com\/dnes-ma-premieru-dokumentarny-serial-o-spartaku\/#primaryimage\"},\"image\":{\"@id\":\"https:\/\/fcspartaktrnava.com\/dnes-ma-premieru-dokumentarny-serial-o-spartaku\/#primaryimage\"},\"thumbnailUrl\":\"https:\/\/fcspartaktrnava.com\/wp-content\/uploads\/2023\/01\/Do-neba-a-do-pekla_Spartak-Trnava_ilustracny-obrazok.jpg\",\"datePublished\":\"2023-01-13T10:11:45+00:00\",\"dateModified\":\"2023-01-13T10:11:46+00:00\",\"breadcrumb\":{\"@id\":\"https:\/\/fcspartaktrnava.com\/dnes-ma-premieru-dokumentarny-serial-o-spartaku\/#breadcrumb\"},\"inLanguage\":\"en-GB\",\"potentialAction\":[{\"@type\":\"ReadAction\",\"target\":[\"https:\/\/fcspartaktrnava.com\/dnes-ma-premieru-dokumentarny-serial-o-spartaku\/\"]}]},{\"@type\":\"ImageObject\",\"inLanguage\":\"en-GB\",\"@id\":\"https:\/\/fcspartaktrnava.com\/dnes-ma-premieru-dokumentarny-serial-o-spartaku\/#primaryimage\",\"url\":\"https:\/\/fcspartaktrnava.com\/wp-content\/uploads\/2023\/01\/Do-neba-a-do-pekla_Spartak-Trnava_ilustracny-obrazok.jpg\",\"contentUrl\":\"https:\/\/fcspartaktrnava.com\/wp-content\/uploads\/2023\/01\/Do-neba-a-do-pekla_Spartak-Trnava_ilustracny-obrazok.jpg\",\"width\":1920,\"height\":1080},{\"@type\":\"BreadcrumbList\",\"@id\":\"https:\/\/fcspartaktrnava.com\/dnes-ma-premieru-dokumentarny-serial-o-spartaku\/#breadcrumb\",\"itemListElement\":[{\"@type\":\"ListItem\",\"position\":1,\"name\":\"Home\",\"item\":\"https:\/\/fcspartaktrnava.com\/\"},{\"@type\":\"ListItem\",\"position\":2,\"name\":\"Dnes m\u00e1 premi\u00e9ru dokument\u00e1rny seri\u00e1l o Spartaku\"}]},{\"@type\":\"WebSite\",\"@id\":\"https:\/\/fcspartaktrnava.com\/#website\",\"url\":\"https:\/\/fcspartaktrnava.com\/\",\"name\":\"FC Spartak Trnava\",\"description\":\"ofici\u00e1lna webstr\u00e1nka futbalov\u00e9ho klubu\",\"publisher\":{\"@id\":\"https:\/\/fcspartaktrnava.com\/#organization\"},\"potentialAction\":[{\"@type\":\"SearchAction\",\"target\":{\"@type\":\"EntryPoint\",\"urlTemplate\":\"https:\/\/fcspartaktrnava.com\/?s={search_term_string}\"},\"query-input\":{\"@type\":\"PropertyValueSpecification\",\"valueRequired\":true,\"valueName\":\"search_term_string\"}}],\"inLanguage\":\"en-GB\"},{\"@type\":\"Organization\",\"@id\":\"https:\/\/fcspartaktrnava.com\/#organization\",\"name\":\"FC Spartak Trnava\",\"alternateName\":\"Spartak\",\"url\":\"https:\/\/fcspartaktrnava.com\/\",\"logo\":{\"@type\":\"ImageObject\",\"inLanguage\":\"en-GB\",\"@id\":\"https:\/\/fcspartaktrnava.com\/#\/schema\/logo\/image\/\",\"url\":\"https:\/\/fcspartaktrnava.com\/wp-content\/uploads\/2022\/08\/cropped-site_logo.png\",\"contentUrl\":\"https:\/\/fcspartaktrnava.com\/wp-content\/uploads\/2022\/08\/cropped-site_logo.png\",\"width\":140,\"height\":140,\"caption\":\"FC Spartak Trnava\"},\"image\":{\"@id\":\"https:\/\/fcspartaktrnava.com\/#\/schema\/logo\/image\/\"},\"sameAs\":[\"https:\/\/www.facebook.com\/SpartakTrnava\",\"https:\/\/x.com\/SpartakTrnava1\",\"https:\/\/www.instagram.com\/spartak_sk\/\"]},{\"@type\":\"Person\",\"@id\":\"https:\/\/fcspartaktrnava.com\/#\/schema\/person\/24bc5b254af14f71d7d8af178790aa75\",\"name\":\"spartak\",\"image\":{\"@type\":\"ImageObject\",\"inLanguage\":\"en-GB\",\"@id\":\"https:\/\/fcspartaktrnava.com\/#\/schema\/person\/image\/\",\"url\":\"https:\/\/secure.gravatar.com\/avatar\/f8ff8584f3fcf3909a11a6da9019f37749183b4015bca14e64556c52614cdc7f?s=96&d=mm&r=g\",\"contentUrl\":\"https:\/\/secure.gravatar.com\/avatar\/f8ff8584f3fcf3909a11a6da9019f37749183b4015bca14e64556c52614cdc7f?s=96&d=mm&r=g\",\"caption\":\"spartak\"},\"url\":\"https:\/\/fcspartaktrnava.com\/en\/author\/spartak\/\"}]}<\/script>\n<!-- \/ Yoast SEO plugin. -->","yoast_head_json":{"title":"Dnes m\u00e1 premi\u00e9ru dokument\u00e1rny seri\u00e1l o Spartaku - FC Spartak Trnava","robots":{"index":"index","follow":"follow","max-snippet":"max-snippet:-1","max-image-preview":"max-image-preview:large","max-video-preview":"max-video-preview:-1"},"canonical":"https:\/\/fcspartaktrnava.com\/en\/dnes-ma-premieru-dokumentarny-serial-o-spartaku\/","twitter_misc":{"Written by":"spartak","Estimated reading time":"1 minute"},"schema":{"@context":"https:\/\/schema.org","@graph":[{"@type":"Article","@id":"https:\/\/fcspartaktrnava.com\/dnes-ma-premieru-dokumentarny-serial-o-spartaku\/#article","isPartOf":{"@id":"https:\/\/fcspartaktrnava.com\/dnes-ma-premieru-dokumentarny-serial-o-spartaku\/"},"author":{"name":"spartak","@id":"https:\/\/fcspartaktrnava.com\/#\/schema\/person\/24bc5b254af14f71d7d8af178790aa75"},"headline":"Dnes m\u00e1 premi\u00e9ru dokument\u00e1rny seri\u00e1l o Spartaku","datePublished":"2023-01-13T10:11:45+00:00","dateModified":"2023-01-13T10:11:46+00:00","mainEntityOfPage":{"@id":"https:\/\/fcspartaktrnava.com\/dnes-ma-premieru-dokumentarny-serial-o-spartaku\/"},"wordCount":224,"publisher":{"@id":"https:\/\/fcspartaktrnava.com\/#organization"},"image":{"@id":"https:\/\/fcspartaktrnava.com\/dnes-ma-premieru-dokumentarny-serial-o-spartaku\/#primaryimage"},"thumbnailUrl":"https:\/\/fcspartaktrnava.com\/wp-content\/uploads\/2023\/01\/Do-neba-a-do-pekla_Spartak-Trnava_ilustracny-obrazok.jpg","keywords":["voyo"],"articleSection":["Spr\u00e1vy"],"inLanguage":"en-GB"},{"@type":"WebPage","@id":"https:\/\/fcspartaktrnava.com\/dnes-ma-premieru-dokumentarny-serial-o-spartaku\/","url":"https:\/\/fcspartaktrnava.com\/dnes-ma-premieru-dokumentarny-serial-o-spartaku\/","name":"Dnes m\u00e1 premi\u00e9ru dokument\u00e1rny seri\u00e1l o Spartaku - FC Spartak Trnava","isPartOf":{"@id":"https:\/\/fcspartaktrnava.com\/#website"},"primaryImageOfPage":{"@id":"https:\/\/fcspartaktrnava.com\/dnes-ma-premieru-dokumentarny-serial-o-spartaku\/#primaryimage"},"image":{"@id":"https:\/\/fcspartaktrnava.com\/dnes-ma-premieru-dokumentarny-serial-o-spartaku\/#primaryimage"},"thumbnailUrl":"https:\/\/fcspartaktrnava.com\/wp-content\/uploads\/2023\/01\/Do-neba-a-do-pekla_Spartak-Trnava_ilustracny-obrazok.jpg","datePublished":"2023-01-13T10:11:45+00:00","dateModified":"2023-01-13T10:11:46+00:00","breadcrumb":{"@id":"https:\/\/fcspartaktrnava.com\/dnes-ma-premieru-dokumentarny-serial-o-spartaku\/#breadcrumb"},"inLanguage":"en-GB","potentialAction":[{"@type":"ReadAction","target":["https:\/\/fcspartaktrnava.com\/dnes-ma-premieru-dokumentarny-serial-o-spartaku\/"]}]},{"@type":"ImageObject","inLanguage":"en-GB","@id":"https:\/\/fcspartaktrnava.com\/dnes-ma-premieru-dokumentarny-serial-o-spartaku\/#primaryimage","url":"https:\/\/fcspartaktrnava.com\/wp-content\/uploads\/2023\/01\/Do-neba-a-do-pekla_Spartak-Trnava_ilustracny-obrazok.jpg","contentUrl":"https:\/\/fcspartaktrnava.com\/wp-content\/uploads\/2023\/01\/Do-neba-a-do-pekla_Spartak-Trnava_ilustracny-obrazok.jpg","width":1920,"height":1080},{"@type":"BreadcrumbList","@id":"https:\/\/fcspartaktrnava.com\/dnes-ma-premieru-dokumentarny-serial-o-spartaku\/#breadcrumb","itemListElement":[{"@type":"ListItem","position":1,"name":"Home","item":"https:\/\/fcspartaktrnava.com\/"},{"@type":"ListItem","position":2,"name":"Dnes m\u00e1 premi\u00e9ru dokument\u00e1rny seri\u00e1l o Spartaku"}]},{"@type":"WebSite","@id":"https:\/\/fcspartaktrnava.com\/#website","url":"https:\/\/fcspartaktrnava.com\/","name":"FC Spartak Trnava","description":"ofici\u00e1lna webstr\u00e1nka futbalov\u00e9ho klubu","publisher":{"@id":"https:\/\/fcspartaktrnava.com\/#organization"},"potentialAction":[{"@type":"SearchAction","target":{"@type":"EntryPoint","urlTemplate":"https:\/\/fcspartaktrnava.com\/?s={search_term_string}"},"query-input":{"@type":"PropertyValueSpecification","valueRequired":true,"valueName":"search_term_string"}}],"inLanguage":"en-GB"},{"@type":"Organization","@id":"https:\/\/fcspartaktrnava.com\/#organization","name":"FC Spartak Trnava","alternateName":"Spartak","url":"https:\/\/fcspartaktrnava.com\/","logo":{"@type":"ImageObject","inLanguage":"en-GB","@id":"https:\/\/fcspartaktrnava.com\/#\/schema\/logo\/image\/","url":"https:\/\/fcspartaktrnava.com\/wp-content\/uploads\/2022\/08\/cropped-site_logo.png","contentUrl":"https:\/\/fcspartaktrnava.com\/wp-content\/uploads\/2022\/08\/cropped-site_logo.png","width":140,"height":140,"caption":"FC Spartak Trnava"},"image":{"@id":"https:\/\/fcspartaktrnava.com\/#\/schema\/logo\/image\/"},"sameAs":["https:\/\/www.facebook.com\/SpartakTrnava","https:\/\/x.com\/SpartakTrnava1","https:\/\/www.instagram.com\/spartak_sk\/"]},{"@type":"Person","@id":"https:\/\/fcspartaktrnava.com\/#\/schema\/person\/24bc5b254af14f71d7d8af178790aa75","name":"spartak","image":{"@type":"ImageObject","inLanguage":"en-GB","@id":"https:\/\/fcspartaktrnava.com\/#\/schema\/person\/image\/","url":"https:\/\/secure.gravatar.com\/avatar\/f8ff8584f3fcf3909a11a6da9019f37749183b4015bca14e64556c52614cdc7f?s=96&d=mm&r=g","contentUrl":"https:\/\/secure.gravatar.com\/avatar\/f8ff8584f3fcf3909a11a6da9019f37749183b4015bca14e64556c52614cdc7f?s=96&d=mm&r=g","caption":"spartak"},"url":"https:\/\/fcspartaktrnava.com\/en\/author\/spartak\/"}]}},"_links":{"self":[{"href":"https:\/\/fcspartaktrnava.com\/en\/wp-json\/wp\/v2\/posts\/4632","targetHints":{"allow":["GET"]}}],"collection":[{"href":"https:\/\/fcspartaktrnava.com\/en\/wp-json\/wp\/v2\/posts"}],"about":[{"href":"https:\/\/fcspartaktrnava.com\/en\/wp-json\/wp\/v2\/types\/post"}],"author":[{"embeddable":true,"href":"https:\/\/fcspartaktrnava.com\/en\/wp-json\/wp\/v2\/users\/2"}],"replies":[{"embeddable":true,"href":"https:\/\/fcspartaktrnava.com\/en\/wp-json\/wp\/v2\/comments?post=4632"}],"version-history":[{"count":0,"href":"https:\/\/fcspartaktrnava.com\/en\/wp-json\/wp\/v2\/posts\/4632\/revisions"}],"wp:featuredmedia":[{"embeddable":true,"href":"https:\/\/fcspartaktrnava.com\/en\/wp-json\/wp\/v2\/media\/4633"}],"wp:attachment":[{"href":"https:\/\/fcspartaktrnava.com\/en\/wp-json\/wp\/v2\/media?parent=4632"}],"wp:term":[{"taxonomy":"category","embeddable":true,"href":"https:\/\/fcspartaktrnava.com\/en\/wp-json\/wp\/v2\/categories?post=4632"},{"taxonomy":"post_tag","embeddable":true,"href":"https:\/\/fcspartaktrnava.com\/en\/wp-json\/wp\/v2\/tags?post=4632"}],"curies":[{"name":"wp","href":"https:\/\/api.w.org\/{rel}","templated":true}]}}