{"id":4583,"date":"2022-12-29T08:48:17","date_gmt":"2022-12-29T08:48:17","guid":{"rendered":"https:\/\/fcspartaktrnava.com\/?p=4583"},"modified":"2022-12-29T08:48:18","modified_gmt":"2022-12-29T08:48:18","slug":"slachetne-srdcia-fanusikov-spartaka","status":"publish","type":"post","link":"https:\/\/fcspartaktrnava.com\/en\/slachetne-srdcia-fanusikov-spartaka\/","title":{"rendered":"\u0160\u013eachetn\u00e9 srdcia fan\u00fa\u0161ikov Spartaka"},"content":{"rendered":"<p>Priaznivci trnavsk\u00e9ho klubu s\u00fa povestn\u00ed svoj\u00edm z\u00e1palom pri podpore klubu na trib\u00fanach. Dok\u00e1\u017eu vytvori\u0165 prav\u00fa futbalov\u00fa atmosf\u00e9ru a hna\u0165 futbalistov k lep\u0161\u00edm v\u00fdkonom. S\u00fa naozaj dvan\u00e1stym hr\u00e1\u010dom. Ich srdcia s\u00fa nielen ohniv\u00e9, ale aj \u0161\u013eachetn\u00e9. D\u00f4kazom tohto tvrdenia je na Slovensku ojedinel\u00e1 aktivita pri darovan\u00ed krvi, ktor\u00e1 trv\u00e1 od leta 2007.<\/p>\n\n\n\n<p>U\u017e 15 rokov bez preru\u0161enia ako organizovan\u00e1 skupina dop\u013a\u0148aj\u00fa krvn\u00e9 z\u00e1soby nielen v trnavskej nemocnici. Ani obmedzenia po\u010das pand\u00e9mie neutlmili t\u00fato ich aktivitu, len jej dali pozmenen\u00e9 parametre. Nem\u00f4\u017eu v jeden de\u0148 pr\u00eds\u0165 spolo\u010dne na darovanie, ako to robili v minulosti, ale len v p\u00e4\u0165\u010dlenn\u00fdch skupink\u00e1ch v polhodinov\u00fdch intervaloch a k tomu aj v r\u00f4znych d\u0148och. Priemern\u00fd po\u010det darcov bol v predkovidovej \u00e9re 60, tak si viete vyr\u00e1ta\u0165 ako dlho trv\u00e1 jedna s\u00e9ria. Na za\u010diatku decembra bol na programe u\u017e 58. diel \u201e\u010cerveno-\u010d\u00edrnej kvapky krvi Ladislava Kunu\u201c.<\/p>\n\n\n\n<figure class=\"wp-block-image size-large\"><img loading=\"lazy\" decoding=\"async\" width=\"766\" height=\"1024\" src=\"https:\/\/fcspartaktrnava.com\/wp-content\/uploads\/2022\/12\/krv-766x1024.jpg\" alt=\"\" class=\"wp-image-4584\" srcset=\"https:\/\/fcspartaktrnava.com\/wp-content\/uploads\/2022\/12\/krv-766x1024.jpg 766w, https:\/\/fcspartaktrnava.com\/wp-content\/uploads\/2022\/12\/krv-224x300.jpg 224w, https:\/\/fcspartaktrnava.com\/wp-content\/uploads\/2022\/12\/krv-768x1026.jpg 768w, https:\/\/fcspartaktrnava.com\/wp-content\/uploads\/2022\/12\/krv-1149x1536.jpg 1149w, https:\/\/fcspartaktrnava.com\/wp-content\/uploads\/2022\/12\/krv-1532x2048.jpg 1532w, https:\/\/fcspartaktrnava.com\/wp-content\/uploads\/2022\/12\/krv-9x12.jpg 9w, https:\/\/fcspartaktrnava.com\/wp-content\/uploads\/2022\/12\/krv.jpg 1736w\" sizes=\"auto, (max-width: 766px) 100vw, 766px\" \/><\/figure>\n\n\n\n<p><em><strong>\u201eDnes som tu s\u00e1m, ale viem o \u010fal\u0161\u00edch spartakovcov, ktor\u00ed darovali u\u017e v novembri a in\u00ed to maj\u00fa v pl\u00e1ne stihn\u00fa\u0165 do Vianoc<\/strong><\/em><em>,\u201c<\/em>&nbsp;ozrejmil predseda ofici\u00e1lneho fanklubu FC Spartak Trnava Stanislav Michal.<em><strong>&nbsp;\u201ePokra\u010dujeme nielen v darovan\u00ed krvi, ale aj v zbierke stravn\u00fdch pouk\u00e1\u017eok, ktor\u00fdch sa darcovia vzdaj\u00fa a vytvor\u00edme tak fond, z ktor\u00e9ho zak\u00fapime pom\u00f4cky pre detsk\u00e9 oddelenie trnavskej nemocnice a nie\u010do pridali aj t\u00ed, ktor\u00ed darova\u0165 zo zdravotn\u00fdch d\u00f4vodov nem\u00f4\u017eu,<\/strong>\u201c<\/em>&nbsp;pokra\u010duje Michal.<\/p>\n\n\n\n<p>Od t\u00fdchto slov pri\u0161lo k \u010dinom pr\u00e1ve v predviano\u010dnom \u010dase. Vo \u0161tvrtok podve\u010der priniesli z\u00e1stupcovia ob\u010dianskeho zdru\u017eenia B\u00edli Andeli materi\u00e1lny dar pre detsk\u00fdch pacientov. \u201eKoberce do herne n\u00e1m pr\u00eddu vhod, deti sa bud\u00fa m\u00f4c\u0165 zab\u00e1va\u0165 v lep\u0161\u00edch podmienkach, sme za ne v\u010fa\u010dn\u00e9,\u201c po\u010fakovala slu\u017ebukonaj\u00faca sestra K. Hagarov\u00e1 pri preberan\u00ed daru. Okrem kobercov de\u0165om priniesli aj chladiv\u00e9 v\u010deli\u010dky, ktor\u00e9 upokojuj\u00fa po podan\u00ed injekci\u00ed.<\/p>\n\n\n\n<p>Nasleduj\u00faca s\u00e9ria, v porad\u00ed 59., bude prebieha\u0165 koncom febru\u00e1ra. Jubilejn\u00fa 60. maj\u00fa \u201eb\u00edli andeli\u201c napl\u00e1novan\u00fa priamo na \u0160tadi\u00f3ne Antona Malatinsk\u00e9ho ako s\u00fa\u010das\u0165 osl\u00e1v storo\u010dnice klubu.<\/p>","protected":false},"excerpt":{"rendered":"<p>Priaznivci trnavsk\u00e9ho klubu s\u00fa povestn\u00ed svoj\u00edm z\u00e1palom pri&#8230;<\/p>","protected":false},"author":2,"featured_media":4585,"comment_status":"closed","ping_status":"closed","sticky":false,"template":"","format":"standard","meta":{"footnotes":""},"categories":[12],"tags":[],"class_list":["post-4583","post","type-post","status-publish","format-standard","has-post-thumbnail","hentry","category-spravy","post-number-1"],"yoast_head":"<!-- This site is optimized with the Yoast SEO plugin v27.1.1 - https:\/\/yoast.com\/product\/yoast-seo-wordpress\/ -->\n<title>\u0160\u013eachetn\u00e9 srdcia fan\u00fa\u0161ikov Spartaka - FC Spartak Trnava<\/title>\n<meta name=\"robots\" content=\"index, follow, max-snippet:-1, max-image-preview:large, max-video-preview:-1\" \/>\n<link rel=\"canonical\" href=\"https:\/\/fcspartaktrnava.com\/en\/slachetne-srdcia-fanusikov-spartaka\/\" \/>\n<meta name=\"twitter:label1\" content=\"Written by\" \/>\n\t<meta name=\"twitter:data1\" content=\"spartak\" \/>\n\t<meta name=\"twitter:label2\" content=\"Estimated reading time\" \/>\n\t<meta name=\"twitter:data2\" content=\"2 minutes\" \/>\n<script type=\"application\/ld+json\" class=\"yoast-schema-graph\">{\"@context\":\"https:\/\/schema.org\",\"@graph\":[{\"@type\":\"Article\",\"@id\":\"https:\/\/fcspartaktrnava.com\/en\/slachetne-srdcia-fanusikov-spartaka\/#article\",\"isPartOf\":{\"@id\":\"https:\/\/fcspartaktrnava.com\/en\/slachetne-srdcia-fanusikov-spartaka\/\"},\"author\":{\"name\":\"spartak\",\"@id\":\"https:\/\/fcspartaktrnava.com\/#\/schema\/person\/24bc5b254af14f71d7d8af178790aa75\"},\"headline\":\"\u0160\u013eachetn\u00e9 srdcia fan\u00fa\u0161ikov Spartaka\",\"datePublished\":\"2022-12-29T08:48:17+00:00\",\"dateModified\":\"2022-12-29T08:48:18+00:00\",\"mainEntityOfPage\":{\"@id\":\"https:\/\/fcspartaktrnava.com\/en\/slachetne-srdcia-fanusikov-spartaka\/\"},\"wordCount\":382,\"publisher\":{\"@id\":\"https:\/\/fcspartaktrnava.com\/#organization\"},\"image\":{\"@id\":\"https:\/\/fcspartaktrnava.com\/en\/slachetne-srdcia-fanusikov-spartaka\/#primaryimage\"},\"thumbnailUrl\":\"https:\/\/fcspartaktrnava.com\/wp-content\/uploads\/2022\/12\/krv2.jpeg\",\"articleSection\":[\"Spr\u00e1vy\"],\"inLanguage\":\"en-GB\"},{\"@type\":\"WebPage\",\"@id\":\"https:\/\/fcspartaktrnava.com\/en\/slachetne-srdcia-fanusikov-spartaka\/\",\"url\":\"https:\/\/fcspartaktrnava.com\/en\/slachetne-srdcia-fanusikov-spartaka\/\",\"name\":\"\u0160\u013eachetn\u00e9 srdcia fan\u00fa\u0161ikov Spartaka - FC Spartak Trnava\",\"isPartOf\":{\"@id\":\"https:\/\/fcspartaktrnava.com\/#website\"},\"primaryImageOfPage\":{\"@id\":\"https:\/\/fcspartaktrnava.com\/en\/slachetne-srdcia-fanusikov-spartaka\/#primaryimage\"},\"image\":{\"@id\":\"https:\/\/fcspartaktrnava.com\/en\/slachetne-srdcia-fanusikov-spartaka\/#primaryimage\"},\"thumbnailUrl\":\"https:\/\/fcspartaktrnava.com\/wp-content\/uploads\/2022\/12\/krv2.jpeg\",\"datePublished\":\"2022-12-29T08:48:17+00:00\",\"dateModified\":\"2022-12-29T08:48:18+00:00\",\"breadcrumb\":{\"@id\":\"https:\/\/fcspartaktrnava.com\/en\/slachetne-srdcia-fanusikov-spartaka\/#breadcrumb\"},\"inLanguage\":\"en-GB\",\"potentialAction\":[{\"@type\":\"ReadAction\",\"target\":[\"https:\/\/fcspartaktrnava.com\/en\/slachetne-srdcia-fanusikov-spartaka\/\"]}]},{\"@type\":\"ImageObject\",\"inLanguage\":\"en-GB\",\"@id\":\"https:\/\/fcspartaktrnava.com\/en\/slachetne-srdcia-fanusikov-spartaka\/#primaryimage\",\"url\":\"https:\/\/fcspartaktrnava.com\/wp-content\/uploads\/2022\/12\/krv2.jpeg\",\"contentUrl\":\"https:\/\/fcspartaktrnava.com\/wp-content\/uploads\/2022\/12\/krv2.jpeg\",\"width\":1500,\"height\":1132},{\"@type\":\"BreadcrumbList\",\"@id\":\"https:\/\/fcspartaktrnava.com\/en\/slachetne-srdcia-fanusikov-spartaka\/#breadcrumb\",\"itemListElement\":[{\"@type\":\"ListItem\",\"position\":1,\"name\":\"Home\",\"item\":\"https:\/\/fcspartaktrnava.com\/\"},{\"@type\":\"ListItem\",\"position\":2,\"name\":\"\u0160\u013eachetn\u00e9 srdcia fan\u00fa\u0161ikov Spartaka\"}]},{\"@type\":\"WebSite\",\"@id\":\"https:\/\/fcspartaktrnava.com\/#website\",\"url\":\"https:\/\/fcspartaktrnava.com\/\",\"name\":\"FC Spartak Trnava\",\"description\":\"ofici\u00e1lna webstr\u00e1nka futbalov\u00e9ho klubu\",\"publisher\":{\"@id\":\"https:\/\/fcspartaktrnava.com\/#organization\"},\"potentialAction\":[{\"@type\":\"SearchAction\",\"target\":{\"@type\":\"EntryPoint\",\"urlTemplate\":\"https:\/\/fcspartaktrnava.com\/?s={search_term_string}\"},\"query-input\":{\"@type\":\"PropertyValueSpecification\",\"valueRequired\":true,\"valueName\":\"search_term_string\"}}],\"inLanguage\":\"en-GB\"},{\"@type\":\"Organization\",\"@id\":\"https:\/\/fcspartaktrnava.com\/#organization\",\"name\":\"FC Spartak Trnava\",\"alternateName\":\"Spartak\",\"url\":\"https:\/\/fcspartaktrnava.com\/\",\"logo\":{\"@type\":\"ImageObject\",\"inLanguage\":\"en-GB\",\"@id\":\"https:\/\/fcspartaktrnava.com\/#\/schema\/logo\/image\/\",\"url\":\"https:\/\/fcspartaktrnava.com\/wp-content\/uploads\/2022\/08\/cropped-site_logo.png\",\"contentUrl\":\"https:\/\/fcspartaktrnava.com\/wp-content\/uploads\/2022\/08\/cropped-site_logo.png\",\"width\":140,\"height\":140,\"caption\":\"FC Spartak Trnava\"},\"image\":{\"@id\":\"https:\/\/fcspartaktrnava.com\/#\/schema\/logo\/image\/\"},\"sameAs\":[\"https:\/\/www.facebook.com\/SpartakTrnava\",\"https:\/\/x.com\/SpartakTrnava1\",\"https:\/\/www.instagram.com\/spartak_sk\/\"]},{\"@type\":\"Person\",\"@id\":\"https:\/\/fcspartaktrnava.com\/#\/schema\/person\/24bc5b254af14f71d7d8af178790aa75\",\"name\":\"spartak\",\"image\":{\"@type\":\"ImageObject\",\"inLanguage\":\"en-GB\",\"@id\":\"https:\/\/fcspartaktrnava.com\/#\/schema\/person\/image\/\",\"url\":\"https:\/\/secure.gravatar.com\/avatar\/f8ff8584f3fcf3909a11a6da9019f37749183b4015bca14e64556c52614cdc7f?s=96&d=mm&r=g\",\"contentUrl\":\"https:\/\/secure.gravatar.com\/avatar\/f8ff8584f3fcf3909a11a6da9019f37749183b4015bca14e64556c52614cdc7f?s=96&d=mm&r=g\",\"caption\":\"spartak\"},\"url\":\"https:\/\/fcspartaktrnava.com\/en\/author\/spartak\/\"}]}<\/script>\n<!-- \/ Yoast SEO plugin. -->","yoast_head_json":{"title":"\u0160\u013eachetn\u00e9 srdcia fan\u00fa\u0161ikov Spartaka - FC Spartak Trnava","robots":{"index":"index","follow":"follow","max-snippet":"max-snippet:-1","max-image-preview":"max-image-preview:large","max-video-preview":"max-video-preview:-1"},"canonical":"https:\/\/fcspartaktrnava.com\/en\/slachetne-srdcia-fanusikov-spartaka\/","twitter_misc":{"Written by":"spartak","Estimated reading time":"2 minutes"},"schema":{"@context":"https:\/\/schema.org","@graph":[{"@type":"Article","@id":"https:\/\/fcspartaktrnava.com\/en\/slachetne-srdcia-fanusikov-spartaka\/#article","isPartOf":{"@id":"https:\/\/fcspartaktrnava.com\/en\/slachetne-srdcia-fanusikov-spartaka\/"},"author":{"name":"spartak","@id":"https:\/\/fcspartaktrnava.com\/#\/schema\/person\/24bc5b254af14f71d7d8af178790aa75"},"headline":"\u0160\u013eachetn\u00e9 srdcia fan\u00fa\u0161ikov Spartaka","datePublished":"2022-12-29T08:48:17+00:00","dateModified":"2022-12-29T08:48:18+00:00","mainEntityOfPage":{"@id":"https:\/\/fcspartaktrnava.com\/en\/slachetne-srdcia-fanusikov-spartaka\/"},"wordCount":382,"publisher":{"@id":"https:\/\/fcspartaktrnava.com\/#organization"},"image":{"@id":"https:\/\/fcspartaktrnava.com\/en\/slachetne-srdcia-fanusikov-spartaka\/#primaryimage"},"thumbnailUrl":"https:\/\/fcspartaktrnava.com\/wp-content\/uploads\/2022\/12\/krv2.jpeg","articleSection":["Spr\u00e1vy"],"inLanguage":"en-GB"},{"@type":"WebPage","@id":"https:\/\/fcspartaktrnava.com\/en\/slachetne-srdcia-fanusikov-spartaka\/","url":"https:\/\/fcspartaktrnava.com\/en\/slachetne-srdcia-fanusikov-spartaka\/","name":"\u0160\u013eachetn\u00e9 srdcia fan\u00fa\u0161ikov Spartaka - FC Spartak Trnava","isPartOf":{"@id":"https:\/\/fcspartaktrnava.com\/#website"},"primaryImageOfPage":{"@id":"https:\/\/fcspartaktrnava.com\/en\/slachetne-srdcia-fanusikov-spartaka\/#primaryimage"},"image":{"@id":"https:\/\/fcspartaktrnava.com\/en\/slachetne-srdcia-fanusikov-spartaka\/#primaryimage"},"thumbnailUrl":"https:\/\/fcspartaktrnava.com\/wp-content\/uploads\/2022\/12\/krv2.jpeg","datePublished":"2022-12-29T08:48:17+00:00","dateModified":"2022-12-29T08:48:18+00:00","breadcrumb":{"@id":"https:\/\/fcspartaktrnava.com\/en\/slachetne-srdcia-fanusikov-spartaka\/#breadcrumb"},"inLanguage":"en-GB","potentialAction":[{"@type":"ReadAction","target":["https:\/\/fcspartaktrnava.com\/en\/slachetne-srdcia-fanusikov-spartaka\/"]}]},{"@type":"ImageObject","inLanguage":"en-GB","@id":"https:\/\/fcspartaktrnava.com\/en\/slachetne-srdcia-fanusikov-spartaka\/#primaryimage","url":"https:\/\/fcspartaktrnava.com\/wp-content\/uploads\/2022\/12\/krv2.jpeg","contentUrl":"https:\/\/fcspartaktrnava.com\/wp-content\/uploads\/2022\/12\/krv2.jpeg","width":1500,"height":1132},{"@type":"BreadcrumbList","@id":"https:\/\/fcspartaktrnava.com\/en\/slachetne-srdcia-fanusikov-spartaka\/#breadcrumb","itemListElement":[{"@type":"ListItem","position":1,"name":"Home","item":"https:\/\/fcspartaktrnava.com\/"},{"@type":"ListItem","position":2,"name":"\u0160\u013eachetn\u00e9 srdcia fan\u00fa\u0161ikov Spartaka"}]},{"@type":"WebSite","@id":"https:\/\/fcspartaktrnava.com\/#website","url":"https:\/\/fcspartaktrnava.com\/","name":"FC Spartak Trnava","description":"ofici\u00e1lna webstr\u00e1nka futbalov\u00e9ho klubu","publisher":{"@id":"https:\/\/fcspartaktrnava.com\/#organization"},"potentialAction":[{"@type":"SearchAction","target":{"@type":"EntryPoint","urlTemplate":"https:\/\/fcspartaktrnava.com\/?s={search_term_string}"},"query-input":{"@type":"PropertyValueSpecification","valueRequired":true,"valueName":"search_term_string"}}],"inLanguage":"en-GB"},{"@type":"Organization","@id":"https:\/\/fcspartaktrnava.com\/#organization","name":"FC Spartak Trnava","alternateName":"Spartak","url":"https:\/\/fcspartaktrnava.com\/","logo":{"@type":"ImageObject","inLanguage":"en-GB","@id":"https:\/\/fcspartaktrnava.com\/#\/schema\/logo\/image\/","url":"https:\/\/fcspartaktrnava.com\/wp-content\/uploads\/2022\/08\/cropped-site_logo.png","contentUrl":"https:\/\/fcspartaktrnava.com\/wp-content\/uploads\/2022\/08\/cropped-site_logo.png","width":140,"height":140,"caption":"FC Spartak Trnava"},"image":{"@id":"https:\/\/fcspartaktrnava.com\/#\/schema\/logo\/image\/"},"sameAs":["https:\/\/www.facebook.com\/SpartakTrnava","https:\/\/x.com\/SpartakTrnava1","https:\/\/www.instagram.com\/spartak_sk\/"]},{"@type":"Person","@id":"https:\/\/fcspartaktrnava.com\/#\/schema\/person\/24bc5b254af14f71d7d8af178790aa75","name":"spartak","image":{"@type":"ImageObject","inLanguage":"en-GB","@id":"https:\/\/fcspartaktrnava.com\/#\/schema\/person\/image\/","url":"https:\/\/secure.gravatar.com\/avatar\/f8ff8584f3fcf3909a11a6da9019f37749183b4015bca14e64556c52614cdc7f?s=96&d=mm&r=g","contentUrl":"https:\/\/secure.gravatar.com\/avatar\/f8ff8584f3fcf3909a11a6da9019f37749183b4015bca14e64556c52614cdc7f?s=96&d=mm&r=g","caption":"spartak"},"url":"https:\/\/fcspartaktrnava.com\/en\/author\/spartak\/"}]}},"_links":{"self":[{"href":"https:\/\/fcspartaktrnava.com\/en\/wp-json\/wp\/v2\/posts\/4583","targetHints":{"allow":["GET"]}}],"collection":[{"href":"https:\/\/fcspartaktrnava.com\/en\/wp-json\/wp\/v2\/posts"}],"about":[{"href":"https:\/\/fcspartaktrnava.com\/en\/wp-json\/wp\/v2\/types\/post"}],"author":[{"embeddable":true,"href":"https:\/\/fcspartaktrnava.com\/en\/wp-json\/wp\/v2\/users\/2"}],"replies":[{"embeddable":true,"href":"https:\/\/fcspartaktrnava.com\/en\/wp-json\/wp\/v2\/comments?post=4583"}],"version-history":[{"count":0,"href":"https:\/\/fcspartaktrnava.com\/en\/wp-json\/wp\/v2\/posts\/4583\/revisions"}],"wp:featuredmedia":[{"embeddable":true,"href":"https:\/\/fcspartaktrnava.com\/en\/wp-json\/wp\/v2\/media\/4585"}],"wp:attachment":[{"href":"https:\/\/fcspartaktrnava.com\/en\/wp-json\/wp\/v2\/media?parent=4583"}],"wp:term":[{"taxonomy":"category","embeddable":true,"href":"https:\/\/fcspartaktrnava.com\/en\/wp-json\/wp\/v2\/categories?post=4583"},{"taxonomy":"post_tag","embeddable":true,"href":"https:\/\/fcspartaktrnava.com\/en\/wp-json\/wp\/v2\/tags?post=4583"}],"curies":[{"name":"wp","href":"https:\/\/api.w.org\/{rel}","templated":true}]}}