{"id":4581,"date":"2022-12-21T10:04:33","date_gmt":"2022-12-21T10:04:33","guid":{"rendered":"https:\/\/fcspartaktrnava.com\/?p=4581"},"modified":"2022-12-21T10:04:33","modified_gmt":"2022-12-21T10:04:33","slug":"na-malte-v-skupine-so-zlinom-a-sanhausenom","status":"publish","type":"post","link":"https:\/\/fcspartaktrnava.com\/en\/na-malte-v-skupine-so-zlinom-a-sanhausenom\/","title":{"rendered":"Na Malte v\u00a0skupine so Zl\u00ednom a Sanhausenom"},"content":{"rendered":"<p>Pozn\u00e1me u\u017e aj vy\u017erebovanie skup\u00edn na Tipsport Malta cupe. Spartak Trnava sa dostal do skupiny so Zl\u00ednom a&nbsp;nemeck\u00fdm Sandhausenom. Druh\u00fa skupinu tvoria Tren\u010d\u00edn, Liberec a&nbsp;rak\u00fasky WSG Tirol.<\/p>\n\n\n\n<p>Prv\u00fd z\u00e1pas odohraj\u00fa spartakovci v&nbsp;stredu 11. 1. od 16. hodine proti \u010desk\u00e9mu celku zo Zl\u00edna. Hra\u0165 sa bude na N\u00e1rodnom \u0161tadi\u00f3ne Ta Qali a&nbsp;v&nbsp;priamom prenose ho odvysiela stanica \u010cT Sport. Druh\u00fd z\u00e1pas skupiny je napl\u00e1novan\u00fd na sobotu 14. 1. rovnako o&nbsp;16. hodine na \u0161tadi\u00f3ne Tonyho Bezzinu proti nemeck\u00e9mu druholigistovi zo Sandhausenu.<\/p>\n\n\n\n<p>Vyvrcholenie turnaja je napl\u00e1novan\u00e9 na \u0161tvrtok 19. janu\u00e1ra, kedy sa odohraj\u00fa z\u00e1pasy o&nbsp;celkov\u00e9 umiestnenie. V\u00ed\u0165azi skup\u00edn nast\u00fapia na fin\u00e1le o&nbsp;16. hodine, o&nbsp;tretie miesto sa bude hra\u0165 14. hodine a&nbsp;o&nbsp;5. prie\u010dku od 11. hodiny. Z\u00e1pasy o&nbsp;tretie miesto a&nbsp;o&nbsp;celkov\u00fd prim\u00e1t odvysiela v&nbsp;priamom prenose stanica \u010cT Sport.<\/p>","protected":false},"excerpt":{"rendered":"<p>Pozn\u00e1me u\u017e aj vy\u017erebovanie skup\u00edn na Tipsport Malta&#8230;<\/p>","protected":false},"author":2,"featured_media":4582,"comment_status":"closed","ping_status":"closed","sticky":false,"template":"","format":"standard","meta":{"footnotes":""},"categories":[12],"tags":[],"class_list":["post-4581","post","type-post","status-publish","format-standard","has-post-thumbnail","hentry","category-spravy","post-number-1"],"yoast_head":"<!-- This site is optimized with the Yoast SEO plugin v27.1.1 - https:\/\/yoast.com\/product\/yoast-seo-wordpress\/ -->\n<title>Na Malte v\u00a0skupine so Zl\u00ednom a Sanhausenom - FC Spartak Trnava<\/title>\n<meta name=\"robots\" content=\"index, follow, max-snippet:-1, max-image-preview:large, max-video-preview:-1\" \/>\n<link rel=\"canonical\" href=\"https:\/\/fcspartaktrnava.com\/en\/na-malte-v-skupine-so-zlinom-a-sanhausenom\/\" \/>\n<meta name=\"twitter:label1\" content=\"Written by\" \/>\n\t<meta name=\"twitter:data1\" content=\"spartak\" \/>\n\t<meta name=\"twitter:label2\" content=\"Estimated reading time\" \/>\n\t<meta name=\"twitter:data2\" content=\"1 minute\" \/>\n<script type=\"application\/ld+json\" class=\"yoast-schema-graph\">{\"@context\":\"https:\/\/schema.org\",\"@graph\":[{\"@type\":\"Article\",\"@id\":\"https:\/\/fcspartaktrnava.com\/en\/na-malte-v-skupine-so-zlinom-a-sanhausenom\/#article\",\"isPartOf\":{\"@id\":\"https:\/\/fcspartaktrnava.com\/en\/na-malte-v-skupine-so-zlinom-a-sanhausenom\/\"},\"author\":{\"name\":\"spartak\",\"@id\":\"https:\/\/fcspartaktrnava.com\/#\/schema\/person\/24bc5b254af14f71d7d8af178790aa75\"},\"headline\":\"Na Malte v\u00a0skupine so Zl\u00ednom a Sanhausenom\",\"datePublished\":\"2022-12-21T10:04:33+00:00\",\"mainEntityOfPage\":{\"@id\":\"https:\/\/fcspartaktrnava.com\/en\/na-malte-v-skupine-so-zlinom-a-sanhausenom\/\"},\"wordCount\":176,\"publisher\":{\"@id\":\"https:\/\/fcspartaktrnava.com\/#organization\"},\"image\":{\"@id\":\"https:\/\/fcspartaktrnava.com\/en\/na-malte-v-skupine-so-zlinom-a-sanhausenom\/#primaryimage\"},\"thumbnailUrl\":\"https:\/\/fcspartaktrnava.com\/wp-content\/uploads\/2022\/12\/malta.jpg\",\"articleSection\":[\"Spr\u00e1vy\"],\"inLanguage\":\"en-GB\"},{\"@type\":\"WebPage\",\"@id\":\"https:\/\/fcspartaktrnava.com\/en\/na-malte-v-skupine-so-zlinom-a-sanhausenom\/\",\"url\":\"https:\/\/fcspartaktrnava.com\/en\/na-malte-v-skupine-so-zlinom-a-sanhausenom\/\",\"name\":\"Na Malte v\u00a0skupine so Zl\u00ednom a Sanhausenom - FC Spartak Trnava\",\"isPartOf\":{\"@id\":\"https:\/\/fcspartaktrnava.com\/#website\"},\"primaryImageOfPage\":{\"@id\":\"https:\/\/fcspartaktrnava.com\/en\/na-malte-v-skupine-so-zlinom-a-sanhausenom\/#primaryimage\"},\"image\":{\"@id\":\"https:\/\/fcspartaktrnava.com\/en\/na-malte-v-skupine-so-zlinom-a-sanhausenom\/#primaryimage\"},\"thumbnailUrl\":\"https:\/\/fcspartaktrnava.com\/wp-content\/uploads\/2022\/12\/malta.jpg\",\"datePublished\":\"2022-12-21T10:04:33+00:00\",\"breadcrumb\":{\"@id\":\"https:\/\/fcspartaktrnava.com\/en\/na-malte-v-skupine-so-zlinom-a-sanhausenom\/#breadcrumb\"},\"inLanguage\":\"en-GB\",\"potentialAction\":[{\"@type\":\"ReadAction\",\"target\":[\"https:\/\/fcspartaktrnava.com\/en\/na-malte-v-skupine-so-zlinom-a-sanhausenom\/\"]}]},{\"@type\":\"ImageObject\",\"inLanguage\":\"en-GB\",\"@id\":\"https:\/\/fcspartaktrnava.com\/en\/na-malte-v-skupine-so-zlinom-a-sanhausenom\/#primaryimage\",\"url\":\"https:\/\/fcspartaktrnava.com\/wp-content\/uploads\/2022\/12\/malta.jpg\",\"contentUrl\":\"https:\/\/fcspartaktrnava.com\/wp-content\/uploads\/2022\/12\/malta.jpg\",\"width\":998,\"height\":665},{\"@type\":\"BreadcrumbList\",\"@id\":\"https:\/\/fcspartaktrnava.com\/en\/na-malte-v-skupine-so-zlinom-a-sanhausenom\/#breadcrumb\",\"itemListElement\":[{\"@type\":\"ListItem\",\"position\":1,\"name\":\"Home\",\"item\":\"https:\/\/fcspartaktrnava.com\/\"},{\"@type\":\"ListItem\",\"position\":2,\"name\":\"Na Malte v\u00a0skupine so Zl\u00ednom a Sanhausenom\"}]},{\"@type\":\"WebSite\",\"@id\":\"https:\/\/fcspartaktrnava.com\/#website\",\"url\":\"https:\/\/fcspartaktrnava.com\/\",\"name\":\"FC Spartak Trnava\",\"description\":\"ofici\u00e1lna webstr\u00e1nka futbalov\u00e9ho klubu\",\"publisher\":{\"@id\":\"https:\/\/fcspartaktrnava.com\/#organization\"},\"potentialAction\":[{\"@type\":\"SearchAction\",\"target\":{\"@type\":\"EntryPoint\",\"urlTemplate\":\"https:\/\/fcspartaktrnava.com\/?s={search_term_string}\"},\"query-input\":{\"@type\":\"PropertyValueSpecification\",\"valueRequired\":true,\"valueName\":\"search_term_string\"}}],\"inLanguage\":\"en-GB\"},{\"@type\":\"Organization\",\"@id\":\"https:\/\/fcspartaktrnava.com\/#organization\",\"name\":\"FC Spartak Trnava\",\"alternateName\":\"Spartak\",\"url\":\"https:\/\/fcspartaktrnava.com\/\",\"logo\":{\"@type\":\"ImageObject\",\"inLanguage\":\"en-GB\",\"@id\":\"https:\/\/fcspartaktrnava.com\/#\/schema\/logo\/image\/\",\"url\":\"https:\/\/fcspartaktrnava.com\/wp-content\/uploads\/2022\/08\/cropped-site_logo.png\",\"contentUrl\":\"https:\/\/fcspartaktrnava.com\/wp-content\/uploads\/2022\/08\/cropped-site_logo.png\",\"width\":140,\"height\":140,\"caption\":\"FC Spartak Trnava\"},\"image\":{\"@id\":\"https:\/\/fcspartaktrnava.com\/#\/schema\/logo\/image\/\"},\"sameAs\":[\"https:\/\/www.facebook.com\/SpartakTrnava\",\"https:\/\/x.com\/SpartakTrnava1\",\"https:\/\/www.instagram.com\/spartak_sk\/\"]},{\"@type\":\"Person\",\"@id\":\"https:\/\/fcspartaktrnava.com\/#\/schema\/person\/24bc5b254af14f71d7d8af178790aa75\",\"name\":\"spartak\",\"image\":{\"@type\":\"ImageObject\",\"inLanguage\":\"en-GB\",\"@id\":\"https:\/\/fcspartaktrnava.com\/#\/schema\/person\/image\/\",\"url\":\"https:\/\/secure.gravatar.com\/avatar\/f8ff8584f3fcf3909a11a6da9019f37749183b4015bca14e64556c52614cdc7f?s=96&d=mm&r=g\",\"contentUrl\":\"https:\/\/secure.gravatar.com\/avatar\/f8ff8584f3fcf3909a11a6da9019f37749183b4015bca14e64556c52614cdc7f?s=96&d=mm&r=g\",\"caption\":\"spartak\"},\"url\":\"https:\/\/fcspartaktrnava.com\/en\/author\/spartak\/\"}]}<\/script>\n<!-- \/ Yoast SEO plugin. -->","yoast_head_json":{"title":"Na Malte v\u00a0skupine so Zl\u00ednom a Sanhausenom - FC Spartak Trnava","robots":{"index":"index","follow":"follow","max-snippet":"max-snippet:-1","max-image-preview":"max-image-preview:large","max-video-preview":"max-video-preview:-1"},"canonical":"https:\/\/fcspartaktrnava.com\/en\/na-malte-v-skupine-so-zlinom-a-sanhausenom\/","twitter_misc":{"Written by":"spartak","Estimated reading time":"1 minute"},"schema":{"@context":"https:\/\/schema.org","@graph":[{"@type":"Article","@id":"https:\/\/fcspartaktrnava.com\/en\/na-malte-v-skupine-so-zlinom-a-sanhausenom\/#article","isPartOf":{"@id":"https:\/\/fcspartaktrnava.com\/en\/na-malte-v-skupine-so-zlinom-a-sanhausenom\/"},"author":{"name":"spartak","@id":"https:\/\/fcspartaktrnava.com\/#\/schema\/person\/24bc5b254af14f71d7d8af178790aa75"},"headline":"Na Malte v\u00a0skupine so Zl\u00ednom a Sanhausenom","datePublished":"2022-12-21T10:04:33+00:00","mainEntityOfPage":{"@id":"https:\/\/fcspartaktrnava.com\/en\/na-malte-v-skupine-so-zlinom-a-sanhausenom\/"},"wordCount":176,"publisher":{"@id":"https:\/\/fcspartaktrnava.com\/#organization"},"image":{"@id":"https:\/\/fcspartaktrnava.com\/en\/na-malte-v-skupine-so-zlinom-a-sanhausenom\/#primaryimage"},"thumbnailUrl":"https:\/\/fcspartaktrnava.com\/wp-content\/uploads\/2022\/12\/malta.jpg","articleSection":["Spr\u00e1vy"],"inLanguage":"en-GB"},{"@type":"WebPage","@id":"https:\/\/fcspartaktrnava.com\/en\/na-malte-v-skupine-so-zlinom-a-sanhausenom\/","url":"https:\/\/fcspartaktrnava.com\/en\/na-malte-v-skupine-so-zlinom-a-sanhausenom\/","name":"Na Malte v\u00a0skupine so Zl\u00ednom a Sanhausenom - FC Spartak Trnava","isPartOf":{"@id":"https:\/\/fcspartaktrnava.com\/#website"},"primaryImageOfPage":{"@id":"https:\/\/fcspartaktrnava.com\/en\/na-malte-v-skupine-so-zlinom-a-sanhausenom\/#primaryimage"},"image":{"@id":"https:\/\/fcspartaktrnava.com\/en\/na-malte-v-skupine-so-zlinom-a-sanhausenom\/#primaryimage"},"thumbnailUrl":"https:\/\/fcspartaktrnava.com\/wp-content\/uploads\/2022\/12\/malta.jpg","datePublished":"2022-12-21T10:04:33+00:00","breadcrumb":{"@id":"https:\/\/fcspartaktrnava.com\/en\/na-malte-v-skupine-so-zlinom-a-sanhausenom\/#breadcrumb"},"inLanguage":"en-GB","potentialAction":[{"@type":"ReadAction","target":["https:\/\/fcspartaktrnava.com\/en\/na-malte-v-skupine-so-zlinom-a-sanhausenom\/"]}]},{"@type":"ImageObject","inLanguage":"en-GB","@id":"https:\/\/fcspartaktrnava.com\/en\/na-malte-v-skupine-so-zlinom-a-sanhausenom\/#primaryimage","url":"https:\/\/fcspartaktrnava.com\/wp-content\/uploads\/2022\/12\/malta.jpg","contentUrl":"https:\/\/fcspartaktrnava.com\/wp-content\/uploads\/2022\/12\/malta.jpg","width":998,"height":665},{"@type":"BreadcrumbList","@id":"https:\/\/fcspartaktrnava.com\/en\/na-malte-v-skupine-so-zlinom-a-sanhausenom\/#breadcrumb","itemListElement":[{"@type":"ListItem","position":1,"name":"Home","item":"https:\/\/fcspartaktrnava.com\/"},{"@type":"ListItem","position":2,"name":"Na Malte v\u00a0skupine so Zl\u00ednom a Sanhausenom"}]},{"@type":"WebSite","@id":"https:\/\/fcspartaktrnava.com\/#website","url":"https:\/\/fcspartaktrnava.com\/","name":"FC Spartak Trnava","description":"ofici\u00e1lna webstr\u00e1nka futbalov\u00e9ho klubu","publisher":{"@id":"https:\/\/fcspartaktrnava.com\/#organization"},"potentialAction":[{"@type":"SearchAction","target":{"@type":"EntryPoint","urlTemplate":"https:\/\/fcspartaktrnava.com\/?s={search_term_string}"},"query-input":{"@type":"PropertyValueSpecification","valueRequired":true,"valueName":"search_term_string"}}],"inLanguage":"en-GB"},{"@type":"Organization","@id":"https:\/\/fcspartaktrnava.com\/#organization","name":"FC Spartak Trnava","alternateName":"Spartak","url":"https:\/\/fcspartaktrnava.com\/","logo":{"@type":"ImageObject","inLanguage":"en-GB","@id":"https:\/\/fcspartaktrnava.com\/#\/schema\/logo\/image\/","url":"https:\/\/fcspartaktrnava.com\/wp-content\/uploads\/2022\/08\/cropped-site_logo.png","contentUrl":"https:\/\/fcspartaktrnava.com\/wp-content\/uploads\/2022\/08\/cropped-site_logo.png","width":140,"height":140,"caption":"FC Spartak Trnava"},"image":{"@id":"https:\/\/fcspartaktrnava.com\/#\/schema\/logo\/image\/"},"sameAs":["https:\/\/www.facebook.com\/SpartakTrnava","https:\/\/x.com\/SpartakTrnava1","https:\/\/www.instagram.com\/spartak_sk\/"]},{"@type":"Person","@id":"https:\/\/fcspartaktrnava.com\/#\/schema\/person\/24bc5b254af14f71d7d8af178790aa75","name":"spartak","image":{"@type":"ImageObject","inLanguage":"en-GB","@id":"https:\/\/fcspartaktrnava.com\/#\/schema\/person\/image\/","url":"https:\/\/secure.gravatar.com\/avatar\/f8ff8584f3fcf3909a11a6da9019f37749183b4015bca14e64556c52614cdc7f?s=96&d=mm&r=g","contentUrl":"https:\/\/secure.gravatar.com\/avatar\/f8ff8584f3fcf3909a11a6da9019f37749183b4015bca14e64556c52614cdc7f?s=96&d=mm&r=g","caption":"spartak"},"url":"https:\/\/fcspartaktrnava.com\/en\/author\/spartak\/"}]}},"_links":{"self":[{"href":"https:\/\/fcspartaktrnava.com\/en\/wp-json\/wp\/v2\/posts\/4581","targetHints":{"allow":["GET"]}}],"collection":[{"href":"https:\/\/fcspartaktrnava.com\/en\/wp-json\/wp\/v2\/posts"}],"about":[{"href":"https:\/\/fcspartaktrnava.com\/en\/wp-json\/wp\/v2\/types\/post"}],"author":[{"embeddable":true,"href":"https:\/\/fcspartaktrnava.com\/en\/wp-json\/wp\/v2\/users\/2"}],"replies":[{"embeddable":true,"href":"https:\/\/fcspartaktrnava.com\/en\/wp-json\/wp\/v2\/comments?post=4581"}],"version-history":[{"count":0,"href":"https:\/\/fcspartaktrnava.com\/en\/wp-json\/wp\/v2\/posts\/4581\/revisions"}],"wp:featuredmedia":[{"embeddable":true,"href":"https:\/\/fcspartaktrnava.com\/en\/wp-json\/wp\/v2\/media\/4582"}],"wp:attachment":[{"href":"https:\/\/fcspartaktrnava.com\/en\/wp-json\/wp\/v2\/media?parent=4581"}],"wp:term":[{"taxonomy":"category","embeddable":true,"href":"https:\/\/fcspartaktrnava.com\/en\/wp-json\/wp\/v2\/categories?post=4581"},{"taxonomy":"post_tag","embeddable":true,"href":"https:\/\/fcspartaktrnava.com\/en\/wp-json\/wp\/v2\/tags?post=4581"}],"curies":[{"name":"wp","href":"https:\/\/api.w.org\/{rel}","templated":true}]}}