{"id":4568,"date":"2022-12-09T11:49:53","date_gmt":"2022-12-09T11:49:53","guid":{"rendered":"https:\/\/fcspartaktrnava.com\/?p=4568"},"modified":"2022-12-09T11:49:53","modified_gmt":"2022-12-09T11:49:53","slug":"pocas-zimnej-pripravy-dve-sustredenia-na-malte","status":"publish","type":"post","link":"https:\/\/fcspartaktrnava.com\/en\/pocas-zimnej-pripravy-dve-sustredenia-na-malte\/","title":{"rendered":"Po\u010das zimnej pr\u00edpravy dve s\u00fastredenia na Malte"},"content":{"rendered":"<p>Tento piatok absolvuj\u00fa futbalisti Spartaka Trnava posledn\u00fd tr\u00e9ning v tomto roku a od\u00eddu na dovolenky. Po\u010das sviatkov bud\u00fa oddychova\u0165 ka\u017ed\u00fd po svojom.<\/p>\n\n\n\n<p><strong><em>\u201eM\u00f4j syn m\u00e1 iba desa\u0165 mesiacov, \u010do n\u00e1m trochu skomplikovalo v\u00fdber dovolenky. Bol som zvyknut\u00fd v zime chodi\u0165 do tepla, aj mi to v\u017edy pomohlo resetova\u0165 si hlavu a odpo\u010din\u00fa\u0165 si od futbalu. Zimu nem\u00e1m pr\u00edli\u0161 r\u00e1d, ly\u017eovanie ma nebav\u00ed. Tento rok to bude tak\u00fd kompromis, p\u00f4jdeme do Turecka, str\u00e1vime tam aj Silvester. Ideme v\u00e4\u010d\u0161ia partia, bude n\u00e1s tam viac Slov\u00e1kov a s\u00e1m som zvedav\u00fd, ak\u00e9 tam bude po\u010dasie. To bude jedin\u00e1 zmena prostredia, inak budem doma, mo\u017eno e\u0161te pobeh\u00e1me viano\u010dn\u00e9 trhy po okolit\u00fdch mest\u00e1ch,\u201c<\/em><\/strong><em>\u00a0<\/em>hovor\u00ed tr\u00e9ner Spartaka Michal Ga\u0161par\u00edk, ktor\u00fd kon\u010d\u00ed druh\u00fd rok pri prvom mu\u017estve Spartaka.<\/p>\n\n\n\n<p>Hr\u00e1\u010di bud\u00fa ma\u0165 o \u010dosi dlh\u0161ie dovolenky ako zvy\u010dajne, ke\u010f\u017ee jesenn\u00e1 \u010das\u0165 sa kv\u00f4li majstrovstv\u00e1m sveta v Katare skon\u010dila sk\u00f4r a program bol nahusten\u00fd. Prv\u00fd zraz je napl\u00e1novan\u00fd na 5. janu\u00e1ra.<\/p>\n\n\n\n<p><strong><em>\u201eChalani bud\u00fa ma\u0165 nejak\u00e9 tri t\u00fd\u017edne vo\u013eno. Po Novom roku za\u010dn\u00fa pod\u013ea individu\u00e1lnych pl\u00e1nov a 5. janu\u00e1ra za\u010d\u00edname v dom\u00e1cich podmienkach. Od 10. janu\u00e1ra ideme na desa\u0165 dn\u00ed na Maltu, kde na tradi\u010dnom Tipsport Malta cupe odohr\u00e1me tri z\u00e1pasy. T\u00fato mo\u017enos\u0165 v\u00edtame, lebo je tam dobr\u00e9 po\u010dasie, d\u00e1 sa tr\u00e9nova\u0165 na dobr\u00fdch ter\u00e9noch a m\u00e1me tam v\u00fdborn\u00fdch s\u00faperov. Na p\u00e1r dn\u00ed pr\u00eddeme domov a potom znova odch\u00e1dzame na t\u00fd\u017ede\u0148 op\u00e4\u0165 na Maltu. To n\u00e1m vyhovuje, lebo sa vyhneme umel\u00fdm tr\u00e1vnikom a vr\u00e1time sa t\u00fd\u017ede\u0148 pred \u0161tartom ligy. Absolvujeme gener\u00e1lku a p\u00f4jdeme naostro.\u201c<\/em><\/strong><\/p>\n\n\n\n<p>Po \u00favodn\u00fdch tr\u00e9ningoch odlet\u00ed cel\u00ed v\u00fdprava na Maltu, kde sa z\u00fa\u010dastn\u00ed na Tipsport Malta cupe. Ten sa na bud\u00faci rok roz\u0161\u00edri na \u0161es\u0165 \u00fa\u010dastn\u00edkov \u2013 okrem Trnavy sa na \u0148om predstav\u00ed Tren\u010d\u00edn, \u010desk\u00e9 kluby Zl\u00edn a Liberec, rak\u00fasky Innsbruck a nemeck\u00fd Sandhausen. Hra\u0165 sa bude v dvoch troj\u010dlenn\u00fdch skupin\u00e1ch a potom pod\u013ea postavenia v tabu\u013eke bude nasledova\u0165 z\u00e1pas o kone\u010dn\u00e9 umiestnenie.Po n\u00e1vrate na Slovensko odohraj\u00fa spartakovci 25. janu\u00e1ra v dom\u00e1cich podmienkach pr\u00edpravn\u00fd z\u00e1pas so \u0160amor\u00ednom (o 11. h, Sl\u00e1via Trnava) a 27. op\u00e4\u0165 odletia na Maltu. V r\u00e1mci druh\u00e9ho s\u00fastredenia zohraj\u00fa 31. janu\u00e1ra stretnutie s d\u00e1nskym Aalborgom. Kr\u00e1tko po n\u00e1vrate ich 4. janu\u00e1ra \u010dak\u00e1 v Rak\u00fasku gener\u00e1lka s Hartbergom (o 14. h). O \u010fal\u0161\u00ed t\u00fd\u017ede\u0148 11. febru\u00e1ra sa pre Trnavu za\u010dne jarn\u00e1 \u010das\u0165 Fortuna ligy a v \u00favodnom z\u00e1pase vycestuj\u00fa do Popradu za Liptovsk\u00fdm Mikul\u00e1\u0161om.<\/p>","protected":false},"excerpt":{"rendered":"<p>Tento piatok absolvuj\u00fa futbalisti Spartaka Trnava posledn\u00fd tr\u00e9ning&#8230;<\/p>","protected":false},"author":2,"featured_media":4519,"comment_status":"closed","ping_status":"closed","sticky":false,"template":"","format":"standard","meta":{"footnotes":""},"categories":[12],"tags":[11],"class_list":["post-4568","post","type-post","status-publish","format-standard","has-post-thumbnail","hentry","category-spravy","tag-michal-gasparik","post-number-1"],"yoast_head":"<!-- This site is optimized with the Yoast SEO plugin v27.1.1 - https:\/\/yoast.com\/product\/yoast-seo-wordpress\/ -->\n<title>Po\u010das zimnej pr\u00edpravy dve s\u00fastredenia na Malte - FC Spartak Trnava<\/title>\n<meta name=\"robots\" content=\"index, follow, max-snippet:-1, max-image-preview:large, max-video-preview:-1\" \/>\n<link rel=\"canonical\" href=\"https:\/\/fcspartaktrnava.com\/en\/pocas-zimnej-pripravy-dve-sustredenia-na-malte\/\" \/>\n<meta name=\"twitter:label1\" content=\"Written by\" \/>\n\t<meta name=\"twitter:data1\" content=\"spartak\" \/>\n\t<meta name=\"twitter:label2\" content=\"Estimated reading time\" \/>\n\t<meta name=\"twitter:data2\" content=\"2 minutes\" \/>\n<script type=\"application\/ld+json\" class=\"yoast-schema-graph\">{\"@context\":\"https:\/\/schema.org\",\"@graph\":[{\"@type\":\"Article\",\"@id\":\"https:\/\/fcspartaktrnava.com\/pocas-zimnej-pripravy-dve-sustredenia-na-malte\/#article\",\"isPartOf\":{\"@id\":\"https:\/\/fcspartaktrnava.com\/pocas-zimnej-pripravy-dve-sustredenia-na-malte\/\"},\"author\":{\"name\":\"spartak\",\"@id\":\"https:\/\/fcspartaktrnava.com\/#\/schema\/person\/24bc5b254af14f71d7d8af178790aa75\"},\"headline\":\"Po\u010das zimnej pr\u00edpravy dve s\u00fastredenia na Malte\",\"datePublished\":\"2022-12-09T11:49:53+00:00\",\"mainEntityOfPage\":{\"@id\":\"https:\/\/fcspartaktrnava.com\/pocas-zimnej-pripravy-dve-sustredenia-na-malte\/\"},\"wordCount\":493,\"publisher\":{\"@id\":\"https:\/\/fcspartaktrnava.com\/#organization\"},\"image\":{\"@id\":\"https:\/\/fcspartaktrnava.com\/pocas-zimnej-pripravy-dve-sustredenia-na-malte\/#primaryimage\"},\"thumbnailUrl\":\"https:\/\/fcspartaktrnava.com\/wp-content\/uploads\/2022\/12\/DSC_7742.jpg\",\"keywords\":[\"Michal Ga\u0161par\u00edk\"],\"articleSection\":[\"Spr\u00e1vy\"],\"inLanguage\":\"en-GB\"},{\"@type\":\"WebPage\",\"@id\":\"https:\/\/fcspartaktrnava.com\/pocas-zimnej-pripravy-dve-sustredenia-na-malte\/\",\"url\":\"https:\/\/fcspartaktrnava.com\/pocas-zimnej-pripravy-dve-sustredenia-na-malte\/\",\"name\":\"Po\u010das zimnej pr\u00edpravy dve s\u00fastredenia na Malte - FC Spartak Trnava\",\"isPartOf\":{\"@id\":\"https:\/\/fcspartaktrnava.com\/#website\"},\"primaryImageOfPage\":{\"@id\":\"https:\/\/fcspartaktrnava.com\/pocas-zimnej-pripravy-dve-sustredenia-na-malte\/#primaryimage\"},\"image\":{\"@id\":\"https:\/\/fcspartaktrnava.com\/pocas-zimnej-pripravy-dve-sustredenia-na-malte\/#primaryimage\"},\"thumbnailUrl\":\"https:\/\/fcspartaktrnava.com\/wp-content\/uploads\/2022\/12\/DSC_7742.jpg\",\"datePublished\":\"2022-12-09T11:49:53+00:00\",\"breadcrumb\":{\"@id\":\"https:\/\/fcspartaktrnava.com\/pocas-zimnej-pripravy-dve-sustredenia-na-malte\/#breadcrumb\"},\"inLanguage\":\"en-GB\",\"potentialAction\":[{\"@type\":\"ReadAction\",\"target\":[\"https:\/\/fcspartaktrnava.com\/pocas-zimnej-pripravy-dve-sustredenia-na-malte\/\"]}]},{\"@type\":\"ImageObject\",\"inLanguage\":\"en-GB\",\"@id\":\"https:\/\/fcspartaktrnava.com\/pocas-zimnej-pripravy-dve-sustredenia-na-malte\/#primaryimage\",\"url\":\"https:\/\/fcspartaktrnava.com\/wp-content\/uploads\/2022\/12\/DSC_7742.jpg\",\"contentUrl\":\"https:\/\/fcspartaktrnava.com\/wp-content\/uploads\/2022\/12\/DSC_7742.jpg\",\"width\":1500,\"height\":1000},{\"@type\":\"BreadcrumbList\",\"@id\":\"https:\/\/fcspartaktrnava.com\/pocas-zimnej-pripravy-dve-sustredenia-na-malte\/#breadcrumb\",\"itemListElement\":[{\"@type\":\"ListItem\",\"position\":1,\"name\":\"Home\",\"item\":\"https:\/\/fcspartaktrnava.com\/\"},{\"@type\":\"ListItem\",\"position\":2,\"name\":\"Po\u010das zimnej pr\u00edpravy dve s\u00fastredenia na Malte\"}]},{\"@type\":\"WebSite\",\"@id\":\"https:\/\/fcspartaktrnava.com\/#website\",\"url\":\"https:\/\/fcspartaktrnava.com\/\",\"name\":\"FC Spartak Trnava\",\"description\":\"ofici\u00e1lna webstr\u00e1nka futbalov\u00e9ho klubu\",\"publisher\":{\"@id\":\"https:\/\/fcspartaktrnava.com\/#organization\"},\"potentialAction\":[{\"@type\":\"SearchAction\",\"target\":{\"@type\":\"EntryPoint\",\"urlTemplate\":\"https:\/\/fcspartaktrnava.com\/?s={search_term_string}\"},\"query-input\":{\"@type\":\"PropertyValueSpecification\",\"valueRequired\":true,\"valueName\":\"search_term_string\"}}],\"inLanguage\":\"en-GB\"},{\"@type\":\"Organization\",\"@id\":\"https:\/\/fcspartaktrnava.com\/#organization\",\"name\":\"FC Spartak Trnava\",\"alternateName\":\"Spartak\",\"url\":\"https:\/\/fcspartaktrnava.com\/\",\"logo\":{\"@type\":\"ImageObject\",\"inLanguage\":\"en-GB\",\"@id\":\"https:\/\/fcspartaktrnava.com\/#\/schema\/logo\/image\/\",\"url\":\"https:\/\/fcspartaktrnava.com\/wp-content\/uploads\/2022\/08\/cropped-site_logo.png\",\"contentUrl\":\"https:\/\/fcspartaktrnava.com\/wp-content\/uploads\/2022\/08\/cropped-site_logo.png\",\"width\":140,\"height\":140,\"caption\":\"FC Spartak Trnava\"},\"image\":{\"@id\":\"https:\/\/fcspartaktrnava.com\/#\/schema\/logo\/image\/\"},\"sameAs\":[\"https:\/\/www.facebook.com\/SpartakTrnava\",\"https:\/\/x.com\/SpartakTrnava1\",\"https:\/\/www.instagram.com\/spartak_sk\/\"]},{\"@type\":\"Person\",\"@id\":\"https:\/\/fcspartaktrnava.com\/#\/schema\/person\/24bc5b254af14f71d7d8af178790aa75\",\"name\":\"spartak\",\"image\":{\"@type\":\"ImageObject\",\"inLanguage\":\"en-GB\",\"@id\":\"https:\/\/fcspartaktrnava.com\/#\/schema\/person\/image\/\",\"url\":\"https:\/\/secure.gravatar.com\/avatar\/f8ff8584f3fcf3909a11a6da9019f37749183b4015bca14e64556c52614cdc7f?s=96&d=mm&r=g\",\"contentUrl\":\"https:\/\/secure.gravatar.com\/avatar\/f8ff8584f3fcf3909a11a6da9019f37749183b4015bca14e64556c52614cdc7f?s=96&d=mm&r=g\",\"caption\":\"spartak\"},\"url\":\"https:\/\/fcspartaktrnava.com\/en\/author\/spartak\/\"}]}<\/script>\n<!-- \/ Yoast SEO plugin. -->","yoast_head_json":{"title":"Po\u010das zimnej pr\u00edpravy dve s\u00fastredenia na Malte - FC Spartak Trnava","robots":{"index":"index","follow":"follow","max-snippet":"max-snippet:-1","max-image-preview":"max-image-preview:large","max-video-preview":"max-video-preview:-1"},"canonical":"https:\/\/fcspartaktrnava.com\/en\/pocas-zimnej-pripravy-dve-sustredenia-na-malte\/","twitter_misc":{"Written by":"spartak","Estimated reading time":"2 minutes"},"schema":{"@context":"https:\/\/schema.org","@graph":[{"@type":"Article","@id":"https:\/\/fcspartaktrnava.com\/pocas-zimnej-pripravy-dve-sustredenia-na-malte\/#article","isPartOf":{"@id":"https:\/\/fcspartaktrnava.com\/pocas-zimnej-pripravy-dve-sustredenia-na-malte\/"},"author":{"name":"spartak","@id":"https:\/\/fcspartaktrnava.com\/#\/schema\/person\/24bc5b254af14f71d7d8af178790aa75"},"headline":"Po\u010das zimnej pr\u00edpravy dve s\u00fastredenia na Malte","datePublished":"2022-12-09T11:49:53+00:00","mainEntityOfPage":{"@id":"https:\/\/fcspartaktrnava.com\/pocas-zimnej-pripravy-dve-sustredenia-na-malte\/"},"wordCount":493,"publisher":{"@id":"https:\/\/fcspartaktrnava.com\/#organization"},"image":{"@id":"https:\/\/fcspartaktrnava.com\/pocas-zimnej-pripravy-dve-sustredenia-na-malte\/#primaryimage"},"thumbnailUrl":"https:\/\/fcspartaktrnava.com\/wp-content\/uploads\/2022\/12\/DSC_7742.jpg","keywords":["Michal Ga\u0161par\u00edk"],"articleSection":["Spr\u00e1vy"],"inLanguage":"en-GB"},{"@type":"WebPage","@id":"https:\/\/fcspartaktrnava.com\/pocas-zimnej-pripravy-dve-sustredenia-na-malte\/","url":"https:\/\/fcspartaktrnava.com\/pocas-zimnej-pripravy-dve-sustredenia-na-malte\/","name":"Po\u010das zimnej pr\u00edpravy dve s\u00fastredenia na Malte - FC Spartak Trnava","isPartOf":{"@id":"https:\/\/fcspartaktrnava.com\/#website"},"primaryImageOfPage":{"@id":"https:\/\/fcspartaktrnava.com\/pocas-zimnej-pripravy-dve-sustredenia-na-malte\/#primaryimage"},"image":{"@id":"https:\/\/fcspartaktrnava.com\/pocas-zimnej-pripravy-dve-sustredenia-na-malte\/#primaryimage"},"thumbnailUrl":"https:\/\/fcspartaktrnava.com\/wp-content\/uploads\/2022\/12\/DSC_7742.jpg","datePublished":"2022-12-09T11:49:53+00:00","breadcrumb":{"@id":"https:\/\/fcspartaktrnava.com\/pocas-zimnej-pripravy-dve-sustredenia-na-malte\/#breadcrumb"},"inLanguage":"en-GB","potentialAction":[{"@type":"ReadAction","target":["https:\/\/fcspartaktrnava.com\/pocas-zimnej-pripravy-dve-sustredenia-na-malte\/"]}]},{"@type":"ImageObject","inLanguage":"en-GB","@id":"https:\/\/fcspartaktrnava.com\/pocas-zimnej-pripravy-dve-sustredenia-na-malte\/#primaryimage","url":"https:\/\/fcspartaktrnava.com\/wp-content\/uploads\/2022\/12\/DSC_7742.jpg","contentUrl":"https:\/\/fcspartaktrnava.com\/wp-content\/uploads\/2022\/12\/DSC_7742.jpg","width":1500,"height":1000},{"@type":"BreadcrumbList","@id":"https:\/\/fcspartaktrnava.com\/pocas-zimnej-pripravy-dve-sustredenia-na-malte\/#breadcrumb","itemListElement":[{"@type":"ListItem","position":1,"name":"Home","item":"https:\/\/fcspartaktrnava.com\/"},{"@type":"ListItem","position":2,"name":"Po\u010das zimnej pr\u00edpravy dve s\u00fastredenia na Malte"}]},{"@type":"WebSite","@id":"https:\/\/fcspartaktrnava.com\/#website","url":"https:\/\/fcspartaktrnava.com\/","name":"FC Spartak Trnava","description":"ofici\u00e1lna webstr\u00e1nka futbalov\u00e9ho klubu","publisher":{"@id":"https:\/\/fcspartaktrnava.com\/#organization"},"potentialAction":[{"@type":"SearchAction","target":{"@type":"EntryPoint","urlTemplate":"https:\/\/fcspartaktrnava.com\/?s={search_term_string}"},"query-input":{"@type":"PropertyValueSpecification","valueRequired":true,"valueName":"search_term_string"}}],"inLanguage":"en-GB"},{"@type":"Organization","@id":"https:\/\/fcspartaktrnava.com\/#organization","name":"FC Spartak Trnava","alternateName":"Spartak","url":"https:\/\/fcspartaktrnava.com\/","logo":{"@type":"ImageObject","inLanguage":"en-GB","@id":"https:\/\/fcspartaktrnava.com\/#\/schema\/logo\/image\/","url":"https:\/\/fcspartaktrnava.com\/wp-content\/uploads\/2022\/08\/cropped-site_logo.png","contentUrl":"https:\/\/fcspartaktrnava.com\/wp-content\/uploads\/2022\/08\/cropped-site_logo.png","width":140,"height":140,"caption":"FC Spartak Trnava"},"image":{"@id":"https:\/\/fcspartaktrnava.com\/#\/schema\/logo\/image\/"},"sameAs":["https:\/\/www.facebook.com\/SpartakTrnava","https:\/\/x.com\/SpartakTrnava1","https:\/\/www.instagram.com\/spartak_sk\/"]},{"@type":"Person","@id":"https:\/\/fcspartaktrnava.com\/#\/schema\/person\/24bc5b254af14f71d7d8af178790aa75","name":"spartak","image":{"@type":"ImageObject","inLanguage":"en-GB","@id":"https:\/\/fcspartaktrnava.com\/#\/schema\/person\/image\/","url":"https:\/\/secure.gravatar.com\/avatar\/f8ff8584f3fcf3909a11a6da9019f37749183b4015bca14e64556c52614cdc7f?s=96&d=mm&r=g","contentUrl":"https:\/\/secure.gravatar.com\/avatar\/f8ff8584f3fcf3909a11a6da9019f37749183b4015bca14e64556c52614cdc7f?s=96&d=mm&r=g","caption":"spartak"},"url":"https:\/\/fcspartaktrnava.com\/en\/author\/spartak\/"}]}},"_links":{"self":[{"href":"https:\/\/fcspartaktrnava.com\/en\/wp-json\/wp\/v2\/posts\/4568","targetHints":{"allow":["GET"]}}],"collection":[{"href":"https:\/\/fcspartaktrnava.com\/en\/wp-json\/wp\/v2\/posts"}],"about":[{"href":"https:\/\/fcspartaktrnava.com\/en\/wp-json\/wp\/v2\/types\/post"}],"author":[{"embeddable":true,"href":"https:\/\/fcspartaktrnava.com\/en\/wp-json\/wp\/v2\/users\/2"}],"replies":[{"embeddable":true,"href":"https:\/\/fcspartaktrnava.com\/en\/wp-json\/wp\/v2\/comments?post=4568"}],"version-history":[{"count":0,"href":"https:\/\/fcspartaktrnava.com\/en\/wp-json\/wp\/v2\/posts\/4568\/revisions"}],"wp:featuredmedia":[{"embeddable":true,"href":"https:\/\/fcspartaktrnava.com\/en\/wp-json\/wp\/v2\/media\/4519"}],"wp:attachment":[{"href":"https:\/\/fcspartaktrnava.com\/en\/wp-json\/wp\/v2\/media?parent=4568"}],"wp:term":[{"taxonomy":"category","embeddable":true,"href":"https:\/\/fcspartaktrnava.com\/en\/wp-json\/wp\/v2\/categories?post=4568"},{"taxonomy":"post_tag","embeddable":true,"href":"https:\/\/fcspartaktrnava.com\/en\/wp-json\/wp\/v2\/tags?post=4568"}],"curies":[{"name":"wp","href":"https:\/\/api.w.org\/{rel}","templated":true}]}}