{"id":4486,"date":"2022-11-28T09:56:01","date_gmt":"2022-11-28T09:56:01","guid":{"rendered":"https:\/\/fcspartaktrnava.com\/?p=4486"},"modified":"2022-11-28T09:56:02","modified_gmt":"2022-11-28T09:56:02","slug":"jesen-v-cislach-najproduktivnejsi-stefanik-najvytazenejsi-stetina","status":"publish","type":"post","link":"https:\/\/fcspartaktrnava.com\/en\/jesen-v-cislach-najproduktivnejsi-stefanik-najvytazenejsi-stetina\/","title":{"rendered":"Jese\u0148 v\u00a0\u010d\u00edslach &#8211; najprodukt\u00edvnej\u0161\u00ed \u0160tef\u00e1nik, najvy\u0165a\u017eenej\u0161\u00ed \u0160tetina"},"content":{"rendered":"<p>V\u00fdhrou nad Michalovcami zav\u0155\u0161ili futbalisti Spartaka Trnava s\u00fa\u0165a\u017en\u00fd rok 2022 a&nbsp;z\u00e1rove\u0148 jesenn\u00fa \u010das\u0165 sez\u00f3ny. Odohrali v&nbsp;nej \u0161tyri z\u00e1pasy v&nbsp;Eur\u00f3pskej konferen\u010dnej lige \u2013 dva razy zdolali walesk\u00fd Newtown, dvakr\u00e1t nesta\u010dili na po\u013esk\u00fd Rakow Czestochowa a&nbsp;rovnako ako vlani skon\u010dili v&nbsp;3. predkole. V&nbsp;dom\u00e1com poh\u00e1ri pre\u0161li spartakovci postupne cez Boler\u00e1z, Tren\u010dianske Stankovce, Sere\u010f a&nbsp;Michalovce a\u017e do jarn\u00e9ho \u0161tvr\u0165fin\u00e1le, v&nbsp;ktorom ich \u010dak\u00e1 Kom\u00e1rno.<\/p>\n\n\n\n<p>Fortuna liga mala na programe 18 k\u00f4l a&nbsp;Spartak bude so ziskom 34 bodov (10 4 4) a&nbsp;sk\u00f3re 33:17 zimova\u0165 na tre\u0165om mieste. Vlani z\u00edskal o&nbsp;p\u00e4\u0165 bodov viac a&nbsp;zimoval na 2. mieste. Doma zaknihoval 18 bodov (16:8) a&nbsp;je tret\u00ed, no vonku z\u00edskal len dva body menej (17:9) a&nbsp;je najlep\u0161\u00edm mu\u017estvom na ihrisk\u00e1ch s\u00faperov.<\/p>\n\n\n\n<p>\u010co sa v\u00fdraznej\u0161ie zmenilo oproti rovnak\u00e9mu obdobiu z&nbsp;minul\u00e9ho roka, je n\u00e1rast strelen\u00fdch aj inkasovan\u00fdch g\u00f3lov. K\u00fdm minul\u00fa jese\u0148 dostal Tak\u00e1\u010d len 8 g\u00f3lov (plus 3 kontuma\u010dn\u00e9), t\u00fato jese\u0148 ich bolo a\u017e 17. Na\u0161\u0165astie, lep\u0161ia bola aj potencia mu\u017estva, ktor\u00e9 strelilo 33 g\u00f3lov. Napr\u00e1zdno vy\u0161lo iba dva razy, no pr\u00e1ve s&nbsp;najv\u00e4\u010d\u0161\u00edmi rivalmi \u2013 doma so Slovanom (0:0) a&nbsp;v&nbsp;Dunajskej Strede (0:1).<\/p>\n\n\n\n<p>Napriek sol\u00eddnemu g\u00f3lov\u00e9mu n\u00e1strelu Spartak h\u013ead\u00e1 vysloven\u00e9ho strelca. Nikto nedal viac ako 4 g\u00f3ly, no \u0161tvorg\u00f3lov\u00fdch strelcov m\u00e1 Michal Ga\u0161par\u00edk v&nbsp;t\u00edme hne\u010f \u0161tyroch. \u0160tef\u00e1nik, Daniel, Bukata, Savvidis \u2013 teda v\u0161etko stredopoliari. \u00dato\u010dn\u00edci Ristovski a&nbsp;Taiwo sk\u00f3rovali po trikr\u00e1t. Dva razy sa presadili Yusuf, Oseni a&nbsp;Mikovi\u010d. Jeden g\u00f3l pridali Paur, K\u00f3\u0161a a&nbsp;Boateng. V&nbsp;Skalici a&nbsp;v&nbsp;Banskej Bystrici si dom\u00e1ci strelili vlastn\u00fd g\u00f3l. Najprodukt\u00edvnej\u0161\u00edm hr\u00e1\u010dom je Samuel \u0160tef\u00e1nik, ktor\u00fd k&nbsp;\u0161tyrom g\u00f3lom pridal rovnak\u00fd po\u010det asistenci\u00ed, po \u0161es\u0165 bodov maj\u00fa Daniel, Bukata a&nbsp;Ristovski.<\/p>\n\n\n\n<p>V\u0161etky ligov\u00e9 z\u00e1pasy odchytal Dominik Tak\u00e1\u010d a&nbsp;v&nbsp;siedmich si udr\u017eal \u010dist\u00e9 konto. L\u00eddrom \u0161tatist\u00edk je aj v&nbsp;najdlh\u0161ej s\u00e9rii bez inkasovan\u00e9ho g\u00f3lu, ke\u010f nedostal g\u00f3l 413 min\u00fat medzi 9. a 14. kolom.<\/p>\n\n\n\n<p>Napriek tomu, \u017ee spartakovci dali a\u017e p\u00e4\u0165 g\u00f3lov v&nbsp;prvej \u0161tvr\u0165hodine z\u00e1pasu, tak ove\u013ea lep\u0161ie maj\u00fa druh\u00e9 pol\u010dasy, v&nbsp;ktor\u00fdch strelili skoro raz to\u013eko g\u00f3lov &#8211; 21 ku 12. Zd\u00e1 sa, \u017ee zaberaj\u00fa prest\u00e1vkov\u00e9 dohovory, lebo hne\u010f po obr\u00e1tke sk\u00f3rovali \u010derveno-\u010dierni desa\u0165kr\u00e1t, v&nbsp;samom z\u00e1vere z\u00e1pasu sedemkr\u00e1t. Najslab\u0161iu koncentr\u00e1ciu maj\u00fa na konci pol\u010dasov, kedy dostali po \u0161tyri g\u00f3ly. V&nbsp;tom prvom dovedna 9 g\u00f3lov, v&nbsp;druhom o&nbsp;jeden menej.<\/p>\n\n\n\n<p>Pozit\u00edvnym ukazovate\u013eom sa jav\u00ed aj snaha vr\u00e1ti\u0165 sa do z\u00e1pasu napriek zl\u00e9mu priebehu. Doma so \u017dilinou prehr\u00e1val Spartak v&nbsp;53. min 0:2, ale dok\u00e1zal napokon aspo\u0148 vyrovna\u0165. V&nbsp;Ru\u017eomberku tie\u017e prehr\u00e1val dva razy o&nbsp;dva g\u00f3ly, a&nbsp;hoci to na bod napokon nesta\u010dilo, hern\u00e1 dominancia bola zrete\u013en\u00e1. Rem\u00edzov\u00e9 z\u00e1pasy s&nbsp;Liptovsk\u00fdm Mikul\u00e1\u0161om \u010di Skalicou dok\u00e1zali spartakovci v&nbsp;samom z\u00e1vere zlomi\u0165.<\/p>\n\n\n\n<p>Po\u010das jari \u010delil Tak\u00e1\u010d len jedn\u00e9mu pokutov\u00e9mu kopu \u2013 Polievka z&nbsp;Banskej Bystrice ho prekonal. Rovnako jednu \u0161ancu na strelu z&nbsp;bieleho bohu mal aj Spartak, Ristovski v\u0161ak v&nbsp;Zlat\u00fdch Moravciach prekopol br\u00e1nku.<\/p>\n\n\n\n<p>Hr\u00e1\u010di Spartaka nazbierali v&nbsp;18 z\u00e1pasov rovnak\u00fd po\u010det \u017elt\u00fdch kariet ako g\u00f3lov \u2013 33. Najviac dvojica \u0160tetina \u2013 Savvidis, ktor\u00ed maj\u00fa pred sebou hrozbu jednoz\u00e1pasovej stopky. Gr\u00e9cky stredopoliar videl aj \u010derven\u00fa kartu, ke\u010f nedohral z\u00e1pas v&nbsp;Dunajskej Strede. Druh\u00fd vyl\u00fa\u010den\u00fd bol Mikovi\u010d, tie\u017e proti Dunajskej Strede, ale doma. Paradoxne, s\u00faperi Trnavy dohrali v\u0161etky z\u00e1pasy v&nbsp;plnom po\u010dte.<\/p>\n\n\n\n<p>Jedin\u00fd hr\u00e1\u010d, ktor\u00fd odohral kompletn\u00fa minut\u00e1\u017e bol brank\u00e1r Dominik Tak\u00e1\u010d. Dvojica \u0160tetina \u2013 Ko\u0161trna nast\u00fapila vo v\u0161etk\u00fdch z\u00e1pasoch v&nbsp;z\u00e1kladnej zostave, jeden z\u00e1pas kv\u00f4li trestu vynechal Savvidis. Dovedna pou\u017eili tr\u00e9neri 24 hr\u00e1\u010dov v&nbsp;poli. Premi\u00e9rov\u00fd \u0161tart v&nbsp;trnavskom drese si prip\u00edsali: \u0160tetina, Daniel, \u0160tef\u00e1nik, Paur, Taiwo, Oseni a Ali Baba.<\/p>\n\n\n\n<p>Dev\u00e4\u0165 dom\u00e1cich z\u00e1pasov videlo na \u0160tadi\u00f3ne dovedna 28&nbsp;342 div\u00e1kov, \u010do je priemer 3149 (vlani 2915), z&nbsp;ktor\u00e9ho sa vymyk\u00e1 iba derby. Septembrov\u00fd bezg\u00f3lov\u00fd z\u00e1pas so Slovanom si pri\u0161lo na\u017eivo pozrie\u0165 9047 fan\u00fa\u0161ikov.<\/p>","protected":false},"excerpt":{"rendered":"<p>V\u00fdhrou nad Michalovcami zav\u0155\u0161ili futbalisti Spartaka Trnava s\u00fa\u0165a\u017en\u00fd&#8230;<\/p>","protected":false},"author":2,"featured_media":4487,"comment_status":"closed","ping_status":"closed","sticky":false,"template":"","format":"standard","meta":{"footnotes":""},"categories":[12],"tags":[],"class_list":["post-4486","post","type-post","status-publish","format-standard","has-post-thumbnail","hentry","category-spravy","post-number-1"],"yoast_head":"<!-- This site is optimized with the Yoast SEO plugin v27.1.1 - https:\/\/yoast.com\/product\/yoast-seo-wordpress\/ -->\n<title>Jese\u0148 v\u00a0\u010d\u00edslach - najprodukt\u00edvnej\u0161\u00ed \u0160tef\u00e1nik, najvy\u0165a\u017eenej\u0161\u00ed \u0160tetina - FC Spartak Trnava<\/title>\n<meta name=\"robots\" content=\"index, follow, max-snippet:-1, max-image-preview:large, max-video-preview:-1\" \/>\n<link rel=\"canonical\" href=\"https:\/\/fcspartaktrnava.com\/en\/jesen-v-cislach-najproduktivnejsi-stefanik-najvytazenejsi-stetina\/\" \/>\n<meta name=\"twitter:label1\" content=\"Written by\" \/>\n\t<meta name=\"twitter:data1\" content=\"spartak\" \/>\n\t<meta name=\"twitter:label2\" content=\"Estimated reading time\" \/>\n\t<meta name=\"twitter:data2\" content=\"4 minutes\" \/>\n<script type=\"application\/ld+json\" class=\"yoast-schema-graph\">{\"@context\":\"https:\/\/schema.org\",\"@graph\":[{\"@type\":\"Article\",\"@id\":\"https:\/\/fcspartaktrnava.com\/jesen-v-cislach-najproduktivnejsi-stefanik-najvytazenejsi-stetina\/#article\",\"isPartOf\":{\"@id\":\"https:\/\/fcspartaktrnava.com\/jesen-v-cislach-najproduktivnejsi-stefanik-najvytazenejsi-stetina\/\"},\"author\":{\"name\":\"spartak\",\"@id\":\"https:\/\/fcspartaktrnava.com\/#\/schema\/person\/24bc5b254af14f71d7d8af178790aa75\"},\"headline\":\"Jese\u0148 v\u00a0\u010d\u00edslach &#8211; najprodukt\u00edvnej\u0161\u00ed \u0160tef\u00e1nik, najvy\u0165a\u017eenej\u0161\u00ed \u0160tetina\",\"datePublished\":\"2022-11-28T09:56:01+00:00\",\"dateModified\":\"2022-11-28T09:56:02+00:00\",\"mainEntityOfPage\":{\"@id\":\"https:\/\/fcspartaktrnava.com\/jesen-v-cislach-najproduktivnejsi-stefanik-najvytazenejsi-stetina\/\"},\"wordCount\":806,\"publisher\":{\"@id\":\"https:\/\/fcspartaktrnava.com\/#organization\"},\"image\":{\"@id\":\"https:\/\/fcspartaktrnava.com\/jesen-v-cislach-najproduktivnejsi-stefanik-najvytazenejsi-stetina\/#primaryimage\"},\"thumbnailUrl\":\"https:\/\/fcspartaktrnava.com\/wp-content\/uploads\/2022\/11\/stefanik.jpg\",\"articleSection\":[\"Spr\u00e1vy\"],\"inLanguage\":\"en-GB\"},{\"@type\":\"WebPage\",\"@id\":\"https:\/\/fcspartaktrnava.com\/jesen-v-cislach-najproduktivnejsi-stefanik-najvytazenejsi-stetina\/\",\"url\":\"https:\/\/fcspartaktrnava.com\/jesen-v-cislach-najproduktivnejsi-stefanik-najvytazenejsi-stetina\/\",\"name\":\"Jese\u0148 v\u00a0\u010d\u00edslach - najprodukt\u00edvnej\u0161\u00ed \u0160tef\u00e1nik, najvy\u0165a\u017eenej\u0161\u00ed \u0160tetina - FC Spartak Trnava\",\"isPartOf\":{\"@id\":\"https:\/\/fcspartaktrnava.com\/#website\"},\"primaryImageOfPage\":{\"@id\":\"https:\/\/fcspartaktrnava.com\/jesen-v-cislach-najproduktivnejsi-stefanik-najvytazenejsi-stetina\/#primaryimage\"},\"image\":{\"@id\":\"https:\/\/fcspartaktrnava.com\/jesen-v-cislach-najproduktivnejsi-stefanik-najvytazenejsi-stetina\/#primaryimage\"},\"thumbnailUrl\":\"https:\/\/fcspartaktrnava.com\/wp-content\/uploads\/2022\/11\/stefanik.jpg\",\"datePublished\":\"2022-11-28T09:56:01+00:00\",\"dateModified\":\"2022-11-28T09:56:02+00:00\",\"breadcrumb\":{\"@id\":\"https:\/\/fcspartaktrnava.com\/jesen-v-cislach-najproduktivnejsi-stefanik-najvytazenejsi-stetina\/#breadcrumb\"},\"inLanguage\":\"en-GB\",\"potentialAction\":[{\"@type\":\"ReadAction\",\"target\":[\"https:\/\/fcspartaktrnava.com\/jesen-v-cislach-najproduktivnejsi-stefanik-najvytazenejsi-stetina\/\"]}]},{\"@type\":\"ImageObject\",\"inLanguage\":\"en-GB\",\"@id\":\"https:\/\/fcspartaktrnava.com\/jesen-v-cislach-najproduktivnejsi-stefanik-najvytazenejsi-stetina\/#primaryimage\",\"url\":\"https:\/\/fcspartaktrnava.com\/wp-content\/uploads\/2022\/11\/stefanik.jpg\",\"contentUrl\":\"https:\/\/fcspartaktrnava.com\/wp-content\/uploads\/2022\/11\/stefanik.jpg\",\"width\":998,\"height\":665},{\"@type\":\"BreadcrumbList\",\"@id\":\"https:\/\/fcspartaktrnava.com\/jesen-v-cislach-najproduktivnejsi-stefanik-najvytazenejsi-stetina\/#breadcrumb\",\"itemListElement\":[{\"@type\":\"ListItem\",\"position\":1,\"name\":\"Home\",\"item\":\"https:\/\/fcspartaktrnava.com\/\"},{\"@type\":\"ListItem\",\"position\":2,\"name\":\"Jese\u0148 v\u00a0\u010d\u00edslach &#8211; najprodukt\u00edvnej\u0161\u00ed \u0160tef\u00e1nik, najvy\u0165a\u017eenej\u0161\u00ed \u0160tetina\"}]},{\"@type\":\"WebSite\",\"@id\":\"https:\/\/fcspartaktrnava.com\/#website\",\"url\":\"https:\/\/fcspartaktrnava.com\/\",\"name\":\"FC Spartak Trnava\",\"description\":\"ofici\u00e1lna webstr\u00e1nka futbalov\u00e9ho klubu\",\"publisher\":{\"@id\":\"https:\/\/fcspartaktrnava.com\/#organization\"},\"potentialAction\":[{\"@type\":\"SearchAction\",\"target\":{\"@type\":\"EntryPoint\",\"urlTemplate\":\"https:\/\/fcspartaktrnava.com\/?s={search_term_string}\"},\"query-input\":{\"@type\":\"PropertyValueSpecification\",\"valueRequired\":true,\"valueName\":\"search_term_string\"}}],\"inLanguage\":\"en-GB\"},{\"@type\":\"Organization\",\"@id\":\"https:\/\/fcspartaktrnava.com\/#organization\",\"name\":\"FC Spartak Trnava\",\"alternateName\":\"Spartak\",\"url\":\"https:\/\/fcspartaktrnava.com\/\",\"logo\":{\"@type\":\"ImageObject\",\"inLanguage\":\"en-GB\",\"@id\":\"https:\/\/fcspartaktrnava.com\/#\/schema\/logo\/image\/\",\"url\":\"https:\/\/fcspartaktrnava.com\/wp-content\/uploads\/2022\/08\/cropped-site_logo.png\",\"contentUrl\":\"https:\/\/fcspartaktrnava.com\/wp-content\/uploads\/2022\/08\/cropped-site_logo.png\",\"width\":140,\"height\":140,\"caption\":\"FC Spartak Trnava\"},\"image\":{\"@id\":\"https:\/\/fcspartaktrnava.com\/#\/schema\/logo\/image\/\"},\"sameAs\":[\"https:\/\/www.facebook.com\/SpartakTrnava\",\"https:\/\/x.com\/SpartakTrnava1\",\"https:\/\/www.instagram.com\/spartak_sk\/\"]},{\"@type\":\"Person\",\"@id\":\"https:\/\/fcspartaktrnava.com\/#\/schema\/person\/24bc5b254af14f71d7d8af178790aa75\",\"name\":\"spartak\",\"image\":{\"@type\":\"ImageObject\",\"inLanguage\":\"en-GB\",\"@id\":\"https:\/\/fcspartaktrnava.com\/#\/schema\/person\/image\/\",\"url\":\"https:\/\/secure.gravatar.com\/avatar\/f8ff8584f3fcf3909a11a6da9019f37749183b4015bca14e64556c52614cdc7f?s=96&d=mm&r=g\",\"contentUrl\":\"https:\/\/secure.gravatar.com\/avatar\/f8ff8584f3fcf3909a11a6da9019f37749183b4015bca14e64556c52614cdc7f?s=96&d=mm&r=g\",\"caption\":\"spartak\"},\"url\":\"https:\/\/fcspartaktrnava.com\/en\/author\/spartak\/\"}]}<\/script>\n<!-- \/ Yoast SEO plugin. -->","yoast_head_json":{"title":"Jese\u0148 v\u00a0\u010d\u00edslach - najprodukt\u00edvnej\u0161\u00ed \u0160tef\u00e1nik, najvy\u0165a\u017eenej\u0161\u00ed \u0160tetina - FC Spartak Trnava","robots":{"index":"index","follow":"follow","max-snippet":"max-snippet:-1","max-image-preview":"max-image-preview:large","max-video-preview":"max-video-preview:-1"},"canonical":"https:\/\/fcspartaktrnava.com\/en\/jesen-v-cislach-najproduktivnejsi-stefanik-najvytazenejsi-stetina\/","twitter_misc":{"Written by":"spartak","Estimated reading time":"4 minutes"},"schema":{"@context":"https:\/\/schema.org","@graph":[{"@type":"Article","@id":"https:\/\/fcspartaktrnava.com\/jesen-v-cislach-najproduktivnejsi-stefanik-najvytazenejsi-stetina\/#article","isPartOf":{"@id":"https:\/\/fcspartaktrnava.com\/jesen-v-cislach-najproduktivnejsi-stefanik-najvytazenejsi-stetina\/"},"author":{"name":"spartak","@id":"https:\/\/fcspartaktrnava.com\/#\/schema\/person\/24bc5b254af14f71d7d8af178790aa75"},"headline":"Jese\u0148 v\u00a0\u010d\u00edslach &#8211; najprodukt\u00edvnej\u0161\u00ed \u0160tef\u00e1nik, najvy\u0165a\u017eenej\u0161\u00ed \u0160tetina","datePublished":"2022-11-28T09:56:01+00:00","dateModified":"2022-11-28T09:56:02+00:00","mainEntityOfPage":{"@id":"https:\/\/fcspartaktrnava.com\/jesen-v-cislach-najproduktivnejsi-stefanik-najvytazenejsi-stetina\/"},"wordCount":806,"publisher":{"@id":"https:\/\/fcspartaktrnava.com\/#organization"},"image":{"@id":"https:\/\/fcspartaktrnava.com\/jesen-v-cislach-najproduktivnejsi-stefanik-najvytazenejsi-stetina\/#primaryimage"},"thumbnailUrl":"https:\/\/fcspartaktrnava.com\/wp-content\/uploads\/2022\/11\/stefanik.jpg","articleSection":["Spr\u00e1vy"],"inLanguage":"en-GB"},{"@type":"WebPage","@id":"https:\/\/fcspartaktrnava.com\/jesen-v-cislach-najproduktivnejsi-stefanik-najvytazenejsi-stetina\/","url":"https:\/\/fcspartaktrnava.com\/jesen-v-cislach-najproduktivnejsi-stefanik-najvytazenejsi-stetina\/","name":"Jese\u0148 v\u00a0\u010d\u00edslach - najprodukt\u00edvnej\u0161\u00ed \u0160tef\u00e1nik, najvy\u0165a\u017eenej\u0161\u00ed \u0160tetina - FC Spartak Trnava","isPartOf":{"@id":"https:\/\/fcspartaktrnava.com\/#website"},"primaryImageOfPage":{"@id":"https:\/\/fcspartaktrnava.com\/jesen-v-cislach-najproduktivnejsi-stefanik-najvytazenejsi-stetina\/#primaryimage"},"image":{"@id":"https:\/\/fcspartaktrnava.com\/jesen-v-cislach-najproduktivnejsi-stefanik-najvytazenejsi-stetina\/#primaryimage"},"thumbnailUrl":"https:\/\/fcspartaktrnava.com\/wp-content\/uploads\/2022\/11\/stefanik.jpg","datePublished":"2022-11-28T09:56:01+00:00","dateModified":"2022-11-28T09:56:02+00:00","breadcrumb":{"@id":"https:\/\/fcspartaktrnava.com\/jesen-v-cislach-najproduktivnejsi-stefanik-najvytazenejsi-stetina\/#breadcrumb"},"inLanguage":"en-GB","potentialAction":[{"@type":"ReadAction","target":["https:\/\/fcspartaktrnava.com\/jesen-v-cislach-najproduktivnejsi-stefanik-najvytazenejsi-stetina\/"]}]},{"@type":"ImageObject","inLanguage":"en-GB","@id":"https:\/\/fcspartaktrnava.com\/jesen-v-cislach-najproduktivnejsi-stefanik-najvytazenejsi-stetina\/#primaryimage","url":"https:\/\/fcspartaktrnava.com\/wp-content\/uploads\/2022\/11\/stefanik.jpg","contentUrl":"https:\/\/fcspartaktrnava.com\/wp-content\/uploads\/2022\/11\/stefanik.jpg","width":998,"height":665},{"@type":"BreadcrumbList","@id":"https:\/\/fcspartaktrnava.com\/jesen-v-cislach-najproduktivnejsi-stefanik-najvytazenejsi-stetina\/#breadcrumb","itemListElement":[{"@type":"ListItem","position":1,"name":"Home","item":"https:\/\/fcspartaktrnava.com\/"},{"@type":"ListItem","position":2,"name":"Jese\u0148 v\u00a0\u010d\u00edslach &#8211; najprodukt\u00edvnej\u0161\u00ed \u0160tef\u00e1nik, najvy\u0165a\u017eenej\u0161\u00ed \u0160tetina"}]},{"@type":"WebSite","@id":"https:\/\/fcspartaktrnava.com\/#website","url":"https:\/\/fcspartaktrnava.com\/","name":"FC Spartak Trnava","description":"ofici\u00e1lna webstr\u00e1nka futbalov\u00e9ho klubu","publisher":{"@id":"https:\/\/fcspartaktrnava.com\/#organization"},"potentialAction":[{"@type":"SearchAction","target":{"@type":"EntryPoint","urlTemplate":"https:\/\/fcspartaktrnava.com\/?s={search_term_string}"},"query-input":{"@type":"PropertyValueSpecification","valueRequired":true,"valueName":"search_term_string"}}],"inLanguage":"en-GB"},{"@type":"Organization","@id":"https:\/\/fcspartaktrnava.com\/#organization","name":"FC Spartak Trnava","alternateName":"Spartak","url":"https:\/\/fcspartaktrnava.com\/","logo":{"@type":"ImageObject","inLanguage":"en-GB","@id":"https:\/\/fcspartaktrnava.com\/#\/schema\/logo\/image\/","url":"https:\/\/fcspartaktrnava.com\/wp-content\/uploads\/2022\/08\/cropped-site_logo.png","contentUrl":"https:\/\/fcspartaktrnava.com\/wp-content\/uploads\/2022\/08\/cropped-site_logo.png","width":140,"height":140,"caption":"FC Spartak Trnava"},"image":{"@id":"https:\/\/fcspartaktrnava.com\/#\/schema\/logo\/image\/"},"sameAs":["https:\/\/www.facebook.com\/SpartakTrnava","https:\/\/x.com\/SpartakTrnava1","https:\/\/www.instagram.com\/spartak_sk\/"]},{"@type":"Person","@id":"https:\/\/fcspartaktrnava.com\/#\/schema\/person\/24bc5b254af14f71d7d8af178790aa75","name":"spartak","image":{"@type":"ImageObject","inLanguage":"en-GB","@id":"https:\/\/fcspartaktrnava.com\/#\/schema\/person\/image\/","url":"https:\/\/secure.gravatar.com\/avatar\/f8ff8584f3fcf3909a11a6da9019f37749183b4015bca14e64556c52614cdc7f?s=96&d=mm&r=g","contentUrl":"https:\/\/secure.gravatar.com\/avatar\/f8ff8584f3fcf3909a11a6da9019f37749183b4015bca14e64556c52614cdc7f?s=96&d=mm&r=g","caption":"spartak"},"url":"https:\/\/fcspartaktrnava.com\/en\/author\/spartak\/"}]}},"_links":{"self":[{"href":"https:\/\/fcspartaktrnava.com\/en\/wp-json\/wp\/v2\/posts\/4486","targetHints":{"allow":["GET"]}}],"collection":[{"href":"https:\/\/fcspartaktrnava.com\/en\/wp-json\/wp\/v2\/posts"}],"about":[{"href":"https:\/\/fcspartaktrnava.com\/en\/wp-json\/wp\/v2\/types\/post"}],"author":[{"embeddable":true,"href":"https:\/\/fcspartaktrnava.com\/en\/wp-json\/wp\/v2\/users\/2"}],"replies":[{"embeddable":true,"href":"https:\/\/fcspartaktrnava.com\/en\/wp-json\/wp\/v2\/comments?post=4486"}],"version-history":[{"count":0,"href":"https:\/\/fcspartaktrnava.com\/en\/wp-json\/wp\/v2\/posts\/4486\/revisions"}],"wp:featuredmedia":[{"embeddable":true,"href":"https:\/\/fcspartaktrnava.com\/en\/wp-json\/wp\/v2\/media\/4487"}],"wp:attachment":[{"href":"https:\/\/fcspartaktrnava.com\/en\/wp-json\/wp\/v2\/media?parent=4486"}],"wp:term":[{"taxonomy":"category","embeddable":true,"href":"https:\/\/fcspartaktrnava.com\/en\/wp-json\/wp\/v2\/categories?post=4486"},{"taxonomy":"post_tag","embeddable":true,"href":"https:\/\/fcspartaktrnava.com\/en\/wp-json\/wp\/v2\/tags?post=4486"}],"curies":[{"name":"wp","href":"https:\/\/api.w.org\/{rel}","templated":true}]}}