{"id":4484,"date":"2022-11-28T07:27:13","date_gmt":"2022-11-28T07:27:13","guid":{"rendered":"https:\/\/fcspartaktrnava.com\/?p=4484"},"modified":"2022-11-28T07:27:15","modified_gmt":"2022-11-28T07:27:15","slug":"trojity-triumf-dorastov-s-popradom-zeny-spominali-na-i-svajdu-ziacky-naberali-skusenosti-v-prahe","status":"publish","type":"post","link":"https:\/\/fcspartaktrnava.com\/en\/trojity-triumf-dorastov-s-popradom-zeny-spominali-na-i-svajdu-ziacky-naberali-skusenosti-v-prahe\/","title":{"rendered":"Trojit\u00fd triumf dorastov s Popradom, \u017eeny spom\u00ednali na I. \u0160vajdu, \u017eia\u010dky naberali sk\u00fasenosti v Prahe"},"content":{"rendered":"<p><strong>FK Poprad U19 \u2013 FC Spartak Trnava U19 0:3 (0:2)<\/strong><\/p>\n\n\n\n<p>Star\u0161\u00ed dorastenci odcestovali do Popradu klasicky o de\u0148 sk\u00f4r. V poslednom ligovom z\u00e1pase jesennej \u010dasti si po\u010d\u00ednali pod Tatrami na v\u00fdborn\u00fa, ke\u010f zv\u00ed\u0165azili rozdielom triedy. Na Nagyho g\u00f3l nadviazal tesne pred pol\u010dasov\u00fdm hvizdom Justh, ktor\u00fd strelil v z\u00e1pase e\u0161te jeden g\u00f3l. V\u010faka v\u00edkendov\u00e9mu triumfu bude dev\u00e4tn\u00e1stka zimova\u0165 na piatej prie\u010dke. Od pondelka sa k \u201cA\u201c t\u00edmu pripoj\u00ed a\u017e 6 hr\u00e1\u010dov, menovite s\u00fa to Feren\u010d\u00edk, Rusn\u00e1k, Va\u0161ko, \u0160arm\u00edr, Nagy a Repa, ktor\u00ed zasiahnu okrem tr\u00e9ningov aj do z\u00e1pasov zimnej Tipsport ligy.<\/p>\n\n\n\n<p><strong>FCST U19:&nbsp;<\/strong>Vasi\u013e \u2013 Rusn\u00e1k, Feren\u010d\u00edk (C), Va\u0161ko (70. R\u00fdzek), Kuchar\u00edk, \u0160arm\u00edr (85. Horn\u00edk), Justh (85. Kumpan), Nagy (76. Kurej), Mas\u00e1r, Repa (85. Bil\u010d\u00edk), Slebodn\u00edk<\/p>\n\n\n\n<p><strong>Goals:&nbsp;<\/strong>23. Nagy, 45. a 82. Justh<\/p>\n\n\n\n<p><strong>Yellow cards:<\/strong>&nbsp;Mas\u00e1r<\/p>\n\n\n\n<p><strong>Peter Ga\u017ei: <em>\u201eSom r\u00e1d, \u017ee aj druh\u00fd z\u00e1pas po sebe sme predviedli dobr\u00fd v\u00fdkon. Prv\u00fd pol\u010das n\u00e1m v\u00fdborne vych\u00e1dzali princ\u00edpy v \u00fato\u010dnej f\u00e1ze hry a zasl\u00fa\u017eene sme strelili dva pekn\u00e9 g\u00f3ly. Druh\u00fd pol\u010das sme tak isto hru kontrolovali a pridali tret\u00ed g\u00f3l. Po\u010das celej jesennej \u010dasti urobili dru\u017estvo a jednotlivci ve\u013ek\u00fd progres.\u201c<\/em><\/strong><\/p>\n\n\n\n<p><strong>FC Spartak Trnava U17 \u2013 FK Poprad U17 3:0 (2:0)<\/strong><\/p>\n\n\n\n<p>Sedemn\u00e1stka odohrala v\u00fdsledkovo identick\u00fd z\u00e1pas ako jej star\u0161\u00ed spoluhr\u00e1\u010di z dev\u00e4tn\u00e1stky. V kateg\u00f3rii prostredn\u00fdch dorastencov si posledn\u00fd Poprad odviezol domov prehru 3:0, do pol\u010dasu 2:0. Spartakovci str\u00e1via zimu na \u00f4smom mieste.<\/p>\n\n\n\n<p><strong>FCST U17:<\/strong>\u00a0Smie\u0161ko \u2013 Turansk\u00fd (60. \u010cavojsk\u00fd), Turo\u0148, Pristach, Karhan, Farka\u0161 (C), Moln\u00e1r (71. Paulen), Henyig, Ostrovsk\u00fd (46. Be\u0148o), Bukovsk\u00fd (77. Hesko), Adamkovi\u010d (60. \u0160pa\u010dinsk\u00fd)<\/p>\n\n\n\n<p><strong>Goals:&nbsp;<\/strong>22. Bukovsk\u00fd, 30. Pristach (z 11m), 74. Farka\u0161<\/p>\n\n\n\n<p><strong>Patrik Mal\u00fd: <em>\u201eV predohr\u00e1vke prv\u00e9ho jarn\u00e9ho kola sme chceli od\u010dini\u0165 minulot\u00fd\u017ed\u0148ov\u00fd v\u00fdkon z dom\u00e1ceho prostredia. V prvom pol\u010dase sme sa dostali do vedenia 2:0, boli sme akt\u00edvni na lopte i bez nej. S\u00faper hrozil z r\u00fdchlych proti\u00fatokov. V druhom pol\u010dase sme sa predbiehali v zahadzovan\u00ed pr\u00edle\u017eitost\u00ed. S v\u00ed\u0165azstvom v z\u00e1pase sme spokojn\u00ed.\u201c<\/em><\/strong><\/p>\n\n\n\n<p><strong>FC Spartak Trnava U16 \u2013 FK Poprad U16 6:0 (2:0)<\/strong><\/p>\n\n\n\n<p>Aj do tretice bol v dorasteneckom z\u00e1pase pol\u010dasov\u00fd v\u00fdsledok 2:0 pre Spartak. \u0160estn\u00e1stka v\u0161ak po v\u00fdmene str\u00e1n e\u0161te pridala a \u010fal\u0161\u00edmi \u0161tyrmi g\u00f3lmi sa rozl\u00fa\u010dili s jese\u0148ou vo ve\u013ekom \u0161t\u00fdle. Dva g\u00f3ly strelil Juraj Duchovi\u010d, ktor\u00fd je moment\u00e1lne najlep\u0161\u00edm strelcom ligy. Aj v\u010faka jeho jeden\u00e1stim g\u00f3lom bud\u00fa spartakovci \u0161tartova\u0165 jar z druhej poz\u00edcie.<\/p>\n\n\n\n<p><strong>FCST U16:\u00a0<\/strong>Halada \u2013 Kov\u00e1\u010d, Daniel, Konopka, Bohmer, Pta\u010d\u00edn (53. Kozachok), Le\u017e\u00e1k, Kubovi\u010d (53. Sucho\u0148), Trello (53. Kocian), Duchovi\u010d (C), Priecel (18. Be\u0148o)<\/p>\n\n\n\n<p><strong>Goals:&nbsp;<\/strong>3. a 40. Duchovi\u010d, 43. a 52. Kubovi\u010d (2. z 11m), 60. Le\u017e\u00e1k, 78. Bohmer<\/p>\n\n\n\n<p><strong>Yellow cards:&nbsp;<\/strong>Trello<\/p>\n\n\n\n<p><strong>Adam Chorvath: <em>\u201ePosledn\u00fd z\u00e1pas jesennej \u010dasti sme v\u00fdsledkovo zvl\u00e1dli ve\u013emi dobre. U\u017e v prvom pol\u010dase sme mohli vyhr\u00e1va\u0165 v\u00fdraznej\u0161\u00edm rozdielom, mali sme ve\u013ea pekn\u00fdch akci\u00ed, ale aj pr\u00edli\u0161 ve\u013ea nepresnost\u00ed. V druhom pol\u010dase sme sa zlep\u0161ili a pridali \u010fal\u0161ie pekn\u00e9 g\u00f3ly. Celkovo v\u0161ak \u00farove\u0148 z\u00e1pasu nebola na vysokej \u00farovni.\u201c<\/em><\/strong><\/p>\n\n\n\n<figure class=\"wp-block-embed is-type-video is-provider-youtube wp-block-embed-youtube wp-embed-aspect-16-9 wp-has-aspect-ratio\"><div class=\"wp-block-embed__wrapper\">\n<iframe loading=\"lazy\" title=\"Zostrih g\u00f3lov dorasteneck\u00fdch t\u00edmov - FC Spartak Trnava vs FK Poprad\" width=\"500\" height=\"281\" src=\"https:\/\/www.youtube.com\/embed\/ZR34jO6g1rA?feature=oembed\" frameborder=\"0\" allow=\"accelerometer; autoplay; clipboard-write; encrypted-media; gyroscope; picture-in-picture; web-share\" referrerpolicy=\"strict-origin-when-cross-origin\" allowfullscreen><\/iframe>\n<\/div><\/figure>\n\n\n\n<p>Po roku \u010dakal na dorastenky spomienkov\u00fd z\u00e1pas. V nede\u013eu toti\u017eto odohrali priate\u013esk\u00e9 stretnutie so zmie\u0161an\u00fdm t\u00edmom dorastencov a mu\u017eov Sl\u00e1vie Trnava na pamiatku zosnul\u00e9ho tr\u00e9nera Igora \u0160vajdu, ktor\u00e9ho tr\u00e9nersk\u00fd \u017eivot bol sp\u00e4t\u00fd pr\u00e1ve so Spartakom a Sl\u00e1viou. Jednalo sa o druh\u00fd ro\u010dn\u00edk spomienkovej udalosti, pred ktorou si dc\u00e9ra Igora \u0160vajdu prebrala kyticu.<\/p>\n\n\n\n<p>\u017dia\u010dky mali po\u010das posledn\u00e9ho novembrov\u00e9ho v\u00edkendu mo\u017enos\u0165 odohra\u0165 medzin\u00e1rodn\u00fd triangel v susednej \u010ceskej republike, konkr\u00e9tne v Prahe. Na diev\u010dat\u00e1 \u010dakalo meranie s\u00edl s dom\u00e1cou Slaviou Praha a o ni\u010d slab\u0161\u00edm Slov\u00e1ckom.<\/p>\n\n\n\n<p><strong>SK Slavia Praha WU15 \u2013 FC Spartak Trnava WU15 7:4 (6:1)&nbsp;<\/strong>\u2013 4x Pek\u00e1rov\u00e1<\/p>\n\n\n\n<p><strong>1. FC Slov\u00e1cko WU15 \u2013 FC Spartak Trnava WU15 4:2 (3:0)<\/strong>&nbsp;\u2013 Hal\u00e1sov\u00e1, Amrichov\u00e1<\/p>\n\n\n\n<p><strong>FCST WU15:&nbsp;<\/strong>Pre\u0161insk\u00e1, Petransk\u00e1 \u2013 He\u010dkov\u00e1, Stankov\u00e1, Geschwandtnerov\u00e1, Volekov\u00e1, Z. Horv\u00e1thov\u00e1, Tan\u010dokov\u00e1, Hudecov\u00e1, Amrichov\u00e1, Kri\u0161tofiakov\u00e1, Kujovsk\u00e1, Reh\u00e1kov\u00e1, Pek\u00e1rov\u00e1, Hal\u00e1sov\u00e1, Dobrovodsk\u00e1<\/p>\n\n\n\n<p><strong>R\u00f3bert Halada: <em>\u201eDiev\u010dat\u00e1 \u010dakala \u0161portov\u00e1 konfront\u00e1cia s dvomi popredn\u00fdmi ligov\u00fdmi t\u00edmami a n\u00e1s tr\u00e9nerov v\u00fdmena poznatkov a sk\u00fasenost\u00ed oh\u013eadom tr\u00e9ningov\u00e9ho procesu na najvy\u0161\u0161ej \u00farovni pre dan\u00fa kateg\u00f3riu. V prvom z\u00e1pase na\u0161e diev\u010dat\u00e1 nezachytili za\u010diatok a nasaden\u00e9 tempo a ve\u013emi r\u00fdchlo sme prehr\u00e1vali rozdielom viacer\u00fdch g\u00f3lov. Do druh\u00e9ho pol\u010dasu v\u0161ak hr\u00e1\u010dky nast\u00fapili ako vymenen\u00e9 a podarilo sa im skorigova\u0165 hroziv\u00fd v\u00fdsledok a druh\u00fd pol\u010das vyhra\u0165. V druhom z\u00e1pase so Slov\u00e1ckom bol priebeh takmer identick\u00fd. Aj ke\u010f sme mali viacero g\u00f3lov\u00fdch pr\u00edle\u017eitost\u00ed, pol\u010dasov\u00fd v\u00fdsledok bol jednozna\u010dne v prospech s\u00fapera. V druhom pol\u010dase diev\u010dat\u00e1 pridali, vyhrali ho a zlep\u0161ili sa aj herne.<\/em><\/strong><\/p>\n\n\n\n<p><strong><em>Oba \u010desk\u00e9 t\u00edmy hrali ve\u013emi organizovane, syst\u00e9movo, hr\u00e1\u010dky boli silovo, r\u00fdchlostne a fyzicky v\u00fdborne pripraven\u00e9. U oboch dominoval kolekt\u00edvny v\u00fdkon s r\u00fdchlym pos\u00favan\u00edm lopty na minimum dotykov a s r\u00fdchlym dostupovan\u00edm v s\u00fabojoch. Po vz\u00e1jomnej tr\u00e9nerskej konzult\u00e1cii chceme niektor\u00e9 prvky a poznatky implementova\u0165 do n\u00e1\u0161ho tr\u00e9ningov\u00e9ho procesu. Bola to pre n\u00e1s v\u0161etk\u00fdch obohacuj\u00faca sk\u00fasenos\u0165. Diev\u010dat\u00e1m \u010fakujeme za v\u00fdkon!\u201c<\/em><\/strong><\/p>","protected":false},"excerpt":{"rendered":"<p>FK Poprad U19 \u2013 FC Spartak Trnava U19&#8230;<\/p>","protected":false},"author":2,"featured_media":4485,"comment_status":"closed","ping_status":"closed","sticky":false,"template":"","format":"standard","meta":{"footnotes":""},"categories":[52,12],"tags":[],"class_list":["post-4484","post","type-post","status-publish","format-standard","has-post-thumbnail","hentry","category-mladez","category-spravy","post-number-1"],"yoast_head":"<!-- This site is optimized with the Yoast SEO plugin v27.1.1 - https:\/\/yoast.com\/product\/yoast-seo-wordpress\/ -->\n<title>Trojit\u00fd triumf dorastov s Popradom, \u017eeny spom\u00ednali na I. \u0160vajdu, \u017eia\u010dky naberali sk\u00fasenosti v Prahe - FC Spartak Trnava<\/title>\n<meta name=\"robots\" content=\"index, follow, max-snippet:-1, max-image-preview:large, max-video-preview:-1\" \/>\n<link rel=\"canonical\" href=\"https:\/\/fcspartaktrnava.com\/en\/trojity-triumf-dorastov-s-popradom-zeny-spominali-na-i-svajdu-ziacky-naberali-skusenosti-v-prahe\/\" \/>\n<meta name=\"twitter:label1\" content=\"Written by\" \/>\n\t<meta name=\"twitter:data1\" content=\"spartak\" \/>\n\t<meta name=\"twitter:label2\" content=\"Estimated reading time\" \/>\n\t<meta name=\"twitter:data2\" content=\"5 minutes\" \/>\n<script type=\"application\/ld+json\" class=\"yoast-schema-graph\">{\"@context\":\"https:\/\/schema.org\",\"@graph\":[{\"@type\":\"Article\",\"@id\":\"https:\/\/fcspartaktrnava.com\/trojity-triumf-dorastov-s-popradom-zeny-spominali-na-i-svajdu-ziacky-naberali-skusenosti-v-prahe\/#article\",\"isPartOf\":{\"@id\":\"https:\/\/fcspartaktrnava.com\/trojity-triumf-dorastov-s-popradom-zeny-spominali-na-i-svajdu-ziacky-naberali-skusenosti-v-prahe\/\"},\"author\":{\"name\":\"spartak\",\"@id\":\"https:\/\/fcspartaktrnava.com\/#\/schema\/person\/24bc5b254af14f71d7d8af178790aa75\"},\"headline\":\"Trojit\u00fd triumf dorastov s Popradom, \u017eeny spom\u00ednali na I. \u0160vajdu, \u017eia\u010dky naberali sk\u00fasenosti v Prahe\",\"datePublished\":\"2022-11-28T07:27:13+00:00\",\"dateModified\":\"2022-11-28T07:27:15+00:00\",\"mainEntityOfPage\":{\"@id\":\"https:\/\/fcspartaktrnava.com\/trojity-triumf-dorastov-s-popradom-zeny-spominali-na-i-svajdu-ziacky-naberali-skusenosti-v-prahe\/\"},\"wordCount\":974,\"publisher\":{\"@id\":\"https:\/\/fcspartaktrnava.com\/#organization\"},\"image\":{\"@id\":\"https:\/\/fcspartaktrnava.com\/trojity-triumf-dorastov-s-popradom-zeny-spominali-na-i-svajdu-ziacky-naberali-skusenosti-v-prahe\/#primaryimage\"},\"thumbnailUrl\":\"https:\/\/fcspartaktrnava.com\/wp-content\/uploads\/2022\/11\/editor_WhatsApp-Image-2022-11-27-at-20.jpeg\",\"articleSection\":[\"Ml\u00e1de\u017e\",\"Spr\u00e1vy\"],\"inLanguage\":\"en-GB\"},{\"@type\":\"WebPage\",\"@id\":\"https:\/\/fcspartaktrnava.com\/trojity-triumf-dorastov-s-popradom-zeny-spominali-na-i-svajdu-ziacky-naberali-skusenosti-v-prahe\/\",\"url\":\"https:\/\/fcspartaktrnava.com\/trojity-triumf-dorastov-s-popradom-zeny-spominali-na-i-svajdu-ziacky-naberali-skusenosti-v-prahe\/\",\"name\":\"Trojit\u00fd triumf dorastov s Popradom, \u017eeny spom\u00ednali na I. \u0160vajdu, \u017eia\u010dky naberali sk\u00fasenosti v Prahe - FC Spartak Trnava\",\"isPartOf\":{\"@id\":\"https:\/\/fcspartaktrnava.com\/#website\"},\"primaryImageOfPage\":{\"@id\":\"https:\/\/fcspartaktrnava.com\/trojity-triumf-dorastov-s-popradom-zeny-spominali-na-i-svajdu-ziacky-naberali-skusenosti-v-prahe\/#primaryimage\"},\"image\":{\"@id\":\"https:\/\/fcspartaktrnava.com\/trojity-triumf-dorastov-s-popradom-zeny-spominali-na-i-svajdu-ziacky-naberali-skusenosti-v-prahe\/#primaryimage\"},\"thumbnailUrl\":\"https:\/\/fcspartaktrnava.com\/wp-content\/uploads\/2022\/11\/editor_WhatsApp-Image-2022-11-27-at-20.jpeg\",\"datePublished\":\"2022-11-28T07:27:13+00:00\",\"dateModified\":\"2022-11-28T07:27:15+00:00\",\"breadcrumb\":{\"@id\":\"https:\/\/fcspartaktrnava.com\/trojity-triumf-dorastov-s-popradom-zeny-spominali-na-i-svajdu-ziacky-naberali-skusenosti-v-prahe\/#breadcrumb\"},\"inLanguage\":\"en-GB\",\"potentialAction\":[{\"@type\":\"ReadAction\",\"target\":[\"https:\/\/fcspartaktrnava.com\/trojity-triumf-dorastov-s-popradom-zeny-spominali-na-i-svajdu-ziacky-naberali-skusenosti-v-prahe\/\"]}]},{\"@type\":\"ImageObject\",\"inLanguage\":\"en-GB\",\"@id\":\"https:\/\/fcspartaktrnava.com\/trojity-triumf-dorastov-s-popradom-zeny-spominali-na-i-svajdu-ziacky-naberali-skusenosti-v-prahe\/#primaryimage\",\"url\":\"https:\/\/fcspartaktrnava.com\/wp-content\/uploads\/2022\/11\/editor_WhatsApp-Image-2022-11-27-at-20.jpeg\",\"contentUrl\":\"https:\/\/fcspartaktrnava.com\/wp-content\/uploads\/2022\/11\/editor_WhatsApp-Image-2022-11-27-at-20.jpeg\",\"width\":750,\"height\":563},{\"@type\":\"BreadcrumbList\",\"@id\":\"https:\/\/fcspartaktrnava.com\/trojity-triumf-dorastov-s-popradom-zeny-spominali-na-i-svajdu-ziacky-naberali-skusenosti-v-prahe\/#breadcrumb\",\"itemListElement\":[{\"@type\":\"ListItem\",\"position\":1,\"name\":\"Home\",\"item\":\"https:\/\/fcspartaktrnava.com\/\"},{\"@type\":\"ListItem\",\"position\":2,\"name\":\"Trojit\u00fd triumf dorastov s Popradom, \u017eeny spom\u00ednali na I. \u0160vajdu, \u017eia\u010dky naberali sk\u00fasenosti v Prahe\"}]},{\"@type\":\"WebSite\",\"@id\":\"https:\/\/fcspartaktrnava.com\/#website\",\"url\":\"https:\/\/fcspartaktrnava.com\/\",\"name\":\"FC Spartak Trnava\",\"description\":\"ofici\u00e1lna webstr\u00e1nka futbalov\u00e9ho klubu\",\"publisher\":{\"@id\":\"https:\/\/fcspartaktrnava.com\/#organization\"},\"potentialAction\":[{\"@type\":\"SearchAction\",\"target\":{\"@type\":\"EntryPoint\",\"urlTemplate\":\"https:\/\/fcspartaktrnava.com\/?s={search_term_string}\"},\"query-input\":{\"@type\":\"PropertyValueSpecification\",\"valueRequired\":true,\"valueName\":\"search_term_string\"}}],\"inLanguage\":\"en-GB\"},{\"@type\":\"Organization\",\"@id\":\"https:\/\/fcspartaktrnava.com\/#organization\",\"name\":\"FC Spartak Trnava\",\"alternateName\":\"Spartak\",\"url\":\"https:\/\/fcspartaktrnava.com\/\",\"logo\":{\"@type\":\"ImageObject\",\"inLanguage\":\"en-GB\",\"@id\":\"https:\/\/fcspartaktrnava.com\/#\/schema\/logo\/image\/\",\"url\":\"https:\/\/fcspartaktrnava.com\/wp-content\/uploads\/2022\/08\/cropped-site_logo.png\",\"contentUrl\":\"https:\/\/fcspartaktrnava.com\/wp-content\/uploads\/2022\/08\/cropped-site_logo.png\",\"width\":140,\"height\":140,\"caption\":\"FC Spartak Trnava\"},\"image\":{\"@id\":\"https:\/\/fcspartaktrnava.com\/#\/schema\/logo\/image\/\"},\"sameAs\":[\"https:\/\/www.facebook.com\/SpartakTrnava\",\"https:\/\/x.com\/SpartakTrnava1\",\"https:\/\/www.instagram.com\/spartak_sk\/\"]},{\"@type\":\"Person\",\"@id\":\"https:\/\/fcspartaktrnava.com\/#\/schema\/person\/24bc5b254af14f71d7d8af178790aa75\",\"name\":\"spartak\",\"image\":{\"@type\":\"ImageObject\",\"inLanguage\":\"en-GB\",\"@id\":\"https:\/\/fcspartaktrnava.com\/#\/schema\/person\/image\/\",\"url\":\"https:\/\/secure.gravatar.com\/avatar\/f8ff8584f3fcf3909a11a6da9019f37749183b4015bca14e64556c52614cdc7f?s=96&d=mm&r=g\",\"contentUrl\":\"https:\/\/secure.gravatar.com\/avatar\/f8ff8584f3fcf3909a11a6da9019f37749183b4015bca14e64556c52614cdc7f?s=96&d=mm&r=g\",\"caption\":\"spartak\"},\"url\":\"https:\/\/fcspartaktrnava.com\/en\/author\/spartak\/\"}]}<\/script>\n<!-- \/ Yoast SEO plugin. -->","yoast_head_json":{"title":"Trojit\u00fd triumf dorastov s Popradom, \u017eeny spom\u00ednali na I. \u0160vajdu, \u017eia\u010dky naberali sk\u00fasenosti v Prahe - FC Spartak Trnava","robots":{"index":"index","follow":"follow","max-snippet":"max-snippet:-1","max-image-preview":"max-image-preview:large","max-video-preview":"max-video-preview:-1"},"canonical":"https:\/\/fcspartaktrnava.com\/en\/trojity-triumf-dorastov-s-popradom-zeny-spominali-na-i-svajdu-ziacky-naberali-skusenosti-v-prahe\/","twitter_misc":{"Written by":"spartak","Estimated reading time":"5 minutes"},"schema":{"@context":"https:\/\/schema.org","@graph":[{"@type":"Article","@id":"https:\/\/fcspartaktrnava.com\/trojity-triumf-dorastov-s-popradom-zeny-spominali-na-i-svajdu-ziacky-naberali-skusenosti-v-prahe\/#article","isPartOf":{"@id":"https:\/\/fcspartaktrnava.com\/trojity-triumf-dorastov-s-popradom-zeny-spominali-na-i-svajdu-ziacky-naberali-skusenosti-v-prahe\/"},"author":{"name":"spartak","@id":"https:\/\/fcspartaktrnava.com\/#\/schema\/person\/24bc5b254af14f71d7d8af178790aa75"},"headline":"Trojit\u00fd triumf dorastov s Popradom, \u017eeny spom\u00ednali na I. \u0160vajdu, \u017eia\u010dky naberali sk\u00fasenosti v Prahe","datePublished":"2022-11-28T07:27:13+00:00","dateModified":"2022-11-28T07:27:15+00:00","mainEntityOfPage":{"@id":"https:\/\/fcspartaktrnava.com\/trojity-triumf-dorastov-s-popradom-zeny-spominali-na-i-svajdu-ziacky-naberali-skusenosti-v-prahe\/"},"wordCount":974,"publisher":{"@id":"https:\/\/fcspartaktrnava.com\/#organization"},"image":{"@id":"https:\/\/fcspartaktrnava.com\/trojity-triumf-dorastov-s-popradom-zeny-spominali-na-i-svajdu-ziacky-naberali-skusenosti-v-prahe\/#primaryimage"},"thumbnailUrl":"https:\/\/fcspartaktrnava.com\/wp-content\/uploads\/2022\/11\/editor_WhatsApp-Image-2022-11-27-at-20.jpeg","articleSection":["Ml\u00e1de\u017e","Spr\u00e1vy"],"inLanguage":"en-GB"},{"@type":"WebPage","@id":"https:\/\/fcspartaktrnava.com\/trojity-triumf-dorastov-s-popradom-zeny-spominali-na-i-svajdu-ziacky-naberali-skusenosti-v-prahe\/","url":"https:\/\/fcspartaktrnava.com\/trojity-triumf-dorastov-s-popradom-zeny-spominali-na-i-svajdu-ziacky-naberali-skusenosti-v-prahe\/","name":"Trojit\u00fd triumf dorastov s Popradom, \u017eeny spom\u00ednali na I. \u0160vajdu, \u017eia\u010dky naberali sk\u00fasenosti v Prahe - FC Spartak Trnava","isPartOf":{"@id":"https:\/\/fcspartaktrnava.com\/#website"},"primaryImageOfPage":{"@id":"https:\/\/fcspartaktrnava.com\/trojity-triumf-dorastov-s-popradom-zeny-spominali-na-i-svajdu-ziacky-naberali-skusenosti-v-prahe\/#primaryimage"},"image":{"@id":"https:\/\/fcspartaktrnava.com\/trojity-triumf-dorastov-s-popradom-zeny-spominali-na-i-svajdu-ziacky-naberali-skusenosti-v-prahe\/#primaryimage"},"thumbnailUrl":"https:\/\/fcspartaktrnava.com\/wp-content\/uploads\/2022\/11\/editor_WhatsApp-Image-2022-11-27-at-20.jpeg","datePublished":"2022-11-28T07:27:13+00:00","dateModified":"2022-11-28T07:27:15+00:00","breadcrumb":{"@id":"https:\/\/fcspartaktrnava.com\/trojity-triumf-dorastov-s-popradom-zeny-spominali-na-i-svajdu-ziacky-naberali-skusenosti-v-prahe\/#breadcrumb"},"inLanguage":"en-GB","potentialAction":[{"@type":"ReadAction","target":["https:\/\/fcspartaktrnava.com\/trojity-triumf-dorastov-s-popradom-zeny-spominali-na-i-svajdu-ziacky-naberali-skusenosti-v-prahe\/"]}]},{"@type":"ImageObject","inLanguage":"en-GB","@id":"https:\/\/fcspartaktrnava.com\/trojity-triumf-dorastov-s-popradom-zeny-spominali-na-i-svajdu-ziacky-naberali-skusenosti-v-prahe\/#primaryimage","url":"https:\/\/fcspartaktrnava.com\/wp-content\/uploads\/2022\/11\/editor_WhatsApp-Image-2022-11-27-at-20.jpeg","contentUrl":"https:\/\/fcspartaktrnava.com\/wp-content\/uploads\/2022\/11\/editor_WhatsApp-Image-2022-11-27-at-20.jpeg","width":750,"height":563},{"@type":"BreadcrumbList","@id":"https:\/\/fcspartaktrnava.com\/trojity-triumf-dorastov-s-popradom-zeny-spominali-na-i-svajdu-ziacky-naberali-skusenosti-v-prahe\/#breadcrumb","itemListElement":[{"@type":"ListItem","position":1,"name":"Home","item":"https:\/\/fcspartaktrnava.com\/"},{"@type":"ListItem","position":2,"name":"Trojit\u00fd triumf dorastov s Popradom, \u017eeny spom\u00ednali na I. \u0160vajdu, \u017eia\u010dky naberali sk\u00fasenosti v Prahe"}]},{"@type":"WebSite","@id":"https:\/\/fcspartaktrnava.com\/#website","url":"https:\/\/fcspartaktrnava.com\/","name":"FC Spartak Trnava","description":"ofici\u00e1lna webstr\u00e1nka futbalov\u00e9ho klubu","publisher":{"@id":"https:\/\/fcspartaktrnava.com\/#organization"},"potentialAction":[{"@type":"SearchAction","target":{"@type":"EntryPoint","urlTemplate":"https:\/\/fcspartaktrnava.com\/?s={search_term_string}"},"query-input":{"@type":"PropertyValueSpecification","valueRequired":true,"valueName":"search_term_string"}}],"inLanguage":"en-GB"},{"@type":"Organization","@id":"https:\/\/fcspartaktrnava.com\/#organization","name":"FC Spartak Trnava","alternateName":"Spartak","url":"https:\/\/fcspartaktrnava.com\/","logo":{"@type":"ImageObject","inLanguage":"en-GB","@id":"https:\/\/fcspartaktrnava.com\/#\/schema\/logo\/image\/","url":"https:\/\/fcspartaktrnava.com\/wp-content\/uploads\/2022\/08\/cropped-site_logo.png","contentUrl":"https:\/\/fcspartaktrnava.com\/wp-content\/uploads\/2022\/08\/cropped-site_logo.png","width":140,"height":140,"caption":"FC Spartak Trnava"},"image":{"@id":"https:\/\/fcspartaktrnava.com\/#\/schema\/logo\/image\/"},"sameAs":["https:\/\/www.facebook.com\/SpartakTrnava","https:\/\/x.com\/SpartakTrnava1","https:\/\/www.instagram.com\/spartak_sk\/"]},{"@type":"Person","@id":"https:\/\/fcspartaktrnava.com\/#\/schema\/person\/24bc5b254af14f71d7d8af178790aa75","name":"spartak","image":{"@type":"ImageObject","inLanguage":"en-GB","@id":"https:\/\/fcspartaktrnava.com\/#\/schema\/person\/image\/","url":"https:\/\/secure.gravatar.com\/avatar\/f8ff8584f3fcf3909a11a6da9019f37749183b4015bca14e64556c52614cdc7f?s=96&d=mm&r=g","contentUrl":"https:\/\/secure.gravatar.com\/avatar\/f8ff8584f3fcf3909a11a6da9019f37749183b4015bca14e64556c52614cdc7f?s=96&d=mm&r=g","caption":"spartak"},"url":"https:\/\/fcspartaktrnava.com\/en\/author\/spartak\/"}]}},"_links":{"self":[{"href":"https:\/\/fcspartaktrnava.com\/en\/wp-json\/wp\/v2\/posts\/4484","targetHints":{"allow":["GET"]}}],"collection":[{"href":"https:\/\/fcspartaktrnava.com\/en\/wp-json\/wp\/v2\/posts"}],"about":[{"href":"https:\/\/fcspartaktrnava.com\/en\/wp-json\/wp\/v2\/types\/post"}],"author":[{"embeddable":true,"href":"https:\/\/fcspartaktrnava.com\/en\/wp-json\/wp\/v2\/users\/2"}],"replies":[{"embeddable":true,"href":"https:\/\/fcspartaktrnava.com\/en\/wp-json\/wp\/v2\/comments?post=4484"}],"version-history":[{"count":0,"href":"https:\/\/fcspartaktrnava.com\/en\/wp-json\/wp\/v2\/posts\/4484\/revisions"}],"wp:featuredmedia":[{"embeddable":true,"href":"https:\/\/fcspartaktrnava.com\/en\/wp-json\/wp\/v2\/media\/4485"}],"wp:attachment":[{"href":"https:\/\/fcspartaktrnava.com\/en\/wp-json\/wp\/v2\/media?parent=4484"}],"wp:term":[{"taxonomy":"category","embeddable":true,"href":"https:\/\/fcspartaktrnava.com\/en\/wp-json\/wp\/v2\/categories?post=4484"},{"taxonomy":"post_tag","embeddable":true,"href":"https:\/\/fcspartaktrnava.com\/en\/wp-json\/wp\/v2\/tags?post=4484"}],"curies":[{"name":"wp","href":"https:\/\/api.w.org\/{rel}","templated":true}]}}