{"id":43476,"date":"2026-04-30T10:14:26","date_gmt":"2026-04-30T08:14:26","guid":{"rendered":"https:\/\/fcspartaktrnava.com\/?p=43476"},"modified":"2026-04-30T10:14:26","modified_gmt":"2026-04-30T08:14:26","slug":"u11-ka-proti-manchestru-united-ci-sportingu-lisabon","status":"publish","type":"post","link":"https:\/\/fcspartaktrnava.com\/en\/u11-ka-proti-manchestru-united-ci-sportingu-lisabon\/","title":{"rendered":"U11-ka proti Manchestru United \u010di Sportingu Lisabon"},"content":{"rendered":"<p class=\"has-text-align-center\">Na\u0161i najstar\u0161\u00ed pr\u00edpravk\u00e1ri sa po\u010das uplynul\u00e9ho v\u00edkendu z\u00fa\u010dastnili medzin\u00e1rodn\u00e9ho turnaja v&nbsp;Tren\u010d\u00edne This is my sen cup. Prest\u00ed\u017ene podujatie, na ktorom \u0161tartovali akad\u00e9mie viacer\u00fdch eur\u00f3pskych ve\u013ekoklubov, sme podrobnej\u0161ie rozobrali s&nbsp;tr\u00e9nerom Jurajom Koleni\u010dom.<\/p>\n\n\n\n<p class=\"has-text-align-center\"><strong>Po\u010das trojd\u0148ov\u00e9ho turnaja ste odohrali 15 z\u00e1pasov. Bolo to pre teba ako tr\u00e9nera najn\u00e1ro\u010dnej\u0161ie podujatie?<\/strong><br><br>\u201eOdkedy p\u00f4sob\u00edm v klube som tento turnaj absolvoval ako asistent dvakr\u00e1t a teraz ako hlavn\u00fd tr\u00e9ner to bola teda moja tretia \u00fa\u010das\u0165. Za\u017eil som tu behom rokov r\u00f4zne svetov\u00e9 kluby ako FC Liverpool, SSC Neapol, Hajduk Split, Club Bruggy, ale mus\u00edm vyzdvihn\u00fa\u0165 organiz\u00e1torov, \u017ee tento ro\u010dn\u00edk sa im naozaj z h\u013eadiska obsadenia a n\u00e1ro\u010dnosti z\u00e1pasov vydaril asi najlep\u0161ie. Stretn\u00fa\u0165 sa behom v\u00edkendu proti mu\u017estv\u00e1m z anglickej Premier League Manchester United, Newcastle United, \u010di portugalsk\u00e9mu Sportingu Lisabon s chorv\u00e1tskym Dinamom Z\u00e1hreb je extr\u00e9mny z\u00e1\u017eitok a odmena pre hr\u00e1\u010dov za ich p\u00e4\u0165ro\u010dn\u00fa pr\u00e1cu v pr\u00edpravke a rovnako pre m\u0148a ako tr\u00e9nera, ke\u010f vid\u00edm ako sa mu\u017estvo nestrat\u00ed herne ani v\u00fdsledkovo proti svetov\u00fdm ve\u013ekoklubom a dok\u00e1\u017ee by\u0165 konkurencieschopn\u00fd.\u201c<br><br><strong>Ktor\u00fd z\u00e1pas na turnaji pova\u017euje\u0161 za najlep\u0161\u00ed?<\/strong><br><br>\u201eNem\u00e1m asi \u00faplne vyslovene jeden najlep\u0161\u00ed z\u00e1pas turnaja, odohrali sme viacero dobr\u00fdch stretnut\u00ed. Za zmienku ale ur\u010dite stoj\u00ed v\u00ed\u0165azstvo 4:0 proti anglick\u00e9mu Newcastle, v\u00ed\u0165azn\u00fd derby z\u00e1pas proti Slovanu (1:0), \u010di rem\u00edzov\u00e9 bojovn\u00e9 z\u00e1pasy proti celkov\u00e9mu v\u00ed\u0165azovi turnaja Dinamo Z\u00e1hreb (1:1) a &#8222;strieborn\u00e9mu t\u00edmu&#8220; Manchestru United (1:1), kde sme si siahli na maxim\u00e1lne dno svojich s\u00edl a budeme na tieto z\u00e1pasy e\u0161te dlho spom\u00edna\u0165.\u201c<\/p>\n\n\n<div class=\"wp-block-image\">\n<figure class=\"aligncenter size-large is-resized\"><img loading=\"lazy\" decoding=\"async\" width=\"1024\" height=\"841\" src=\"https:\/\/fcspartaktrnava.com\/wp-content\/uploads\/2026\/04\/WhatsApp-Image-2026-04-24-at-17.07.34-1024x841.jpeg\" alt=\"\" class=\"wp-image-43478\" style=\"aspect-ratio:1.2176118862112701;width:640px;height:auto\" srcset=\"https:\/\/fcspartaktrnava.com\/wp-content\/uploads\/2026\/04\/WhatsApp-Image-2026-04-24-at-17.07.34-1024x841.jpeg 1024w, https:\/\/fcspartaktrnava.com\/wp-content\/uploads\/2026\/04\/WhatsApp-Image-2026-04-24-at-17.07.34-300x246.jpeg 300w, https:\/\/fcspartaktrnava.com\/wp-content\/uploads\/2026\/04\/WhatsApp-Image-2026-04-24-at-17.07.34-768x630.jpeg 768w, https:\/\/fcspartaktrnava.com\/wp-content\/uploads\/2026\/04\/WhatsApp-Image-2026-04-24-at-17.07.34-1536x1261.jpeg 1536w, https:\/\/fcspartaktrnava.com\/wp-content\/uploads\/2026\/04\/WhatsApp-Image-2026-04-24-at-17.07.34-15x12.jpeg 15w, https:\/\/fcspartaktrnava.com\/wp-content\/uploads\/2026\/04\/WhatsApp-Image-2026-04-24-at-17.07.34.jpeg 1871w\" sizes=\"auto, (max-width: 1024px) 100vw, 1024px\" \/><\/figure>\n<\/div>\n\n\n<p class=\"has-text-align-center\"><br><strong>Ako by si v\u00a0glob\u00e1le zhodnotil turnaj?<\/strong><\/p>\n\n\n\n<p class=\"has-text-align-center\">\u201eNa turnaji sme podali fam\u00f3zne v\u00fdkony, najm\u00e4 v piatok, kedy sme vst\u00fapili do turnaja raketovo dvomi v\u00fdhrami nad Spartou Praha a Slovanom a jednou rem\u00edzou proti spom\u00ednan\u00e9mu neskor\u0161iemu v\u00ed\u0165azovi z Dinama Z\u00e1hreb. Slu\u0161n\u00e9 v\u00fdkony sme pod\u00e1vali aj v sobotu, ale \u017eia\u013e a\u017e od tretieho z\u00e1pasu, ke\u010f sme tot\u00e1lne nezvl\u00e1dli v\u00fdsledkovo ani herne rann\u00e9 z\u00e1pasy s mu\u017estvami, ktor\u00e9 skon\u010dili v tabu\u013eke jasne za nami a ktor\u00e9 be\u017ene v na\u0161ich vz\u00e1jomn\u00fdch slovensk\u00fdch konfront\u00e1ci\u00e1ch por\u00e1\u017eame. Tieto z\u00e1pasy n\u00e1s st\u00e1li lep\u0161ie celkov\u00e9 umiestnenie. V pr\u00edpade ich zvl\u00e1dnutia by sme v nede\u013eu bojovali s ur\u010ditos\u0165ou o\u00a0medailov\u00e9 prie\u010dky. Nakoniec je 6. miesto z celkov\u00fdch 16 \u00fa\u010dastn\u00edkov moje tr\u00e9nersky najlep\u0161ie umiestnenie na tomto turnaji, t\u00e1to kateg\u00f3ria mala ale ur\u010dite predpoklady skon\u010di\u0165 vy\u0161\u0161ie.\u201c<br><br><strong>Po\u010das turnaja ste sa stretli s t\u00edmami z r\u00f4znych kraj\u00edn. Zaujalo \u0165a nie\u010do na hernom \u0161t\u00fdle \u010di taktike nejak\u00e9ho t\u00edmu?<\/strong><br><br>\u201ePrekvapil ma sp\u00f4sob hry zahrani\u010dn\u00fdch ve\u013ekoklubov, ktor\u00e9 rie\u0161ili niektor\u00e9 situ\u00e1cie pr\u00edli\u0161 jednoducho a nekon\u0161trukt\u00edvne oproti na\u0161im top slovensk\u00fdm t\u00edmom a nesna\u017eili sa chodi\u0165 do rizika. \u010castokr\u00e1t nakop\u00e1vali lopty a sna\u017eili sa rie\u0161i\u0165 situ\u00e1cie u\u017e od brank\u00e1ra dlhou loptou na ich \u00fato\u010dn\u00edkov. Na vlastnej polovici sa s loptou sna\u017eili str\u00e1vi\u0165 minimum \u010dasu, \u010do nesved\u010dalo n\u00e1\u0161mu pressingu. Sk\u00f4r by som\u00a0ale vyzdvihol na\u0161e slovensk\u00e9 t\u00edmy ako sa ml\u00e1de\u017en\u00edcky futbal na Slovensku za tie roky posunul a na ak\u00e9 hern\u00e9 princ\u00edpy kladieme d\u00f4raz v na\u0161ej hre niekedy aj mo\u017eno na \u00fakor lep\u0161ieho v\u00fdsledku. O tom v\u0161etkom aj sved\u010d\u00ed tabu\u013eka, kde v prvej polovici tabu\u013eky skon\u010dili a\u017e 4 slovensk\u00e9 akad\u00e9mie, pri\u010dom v minulosti sa najlep\u0161\u00ed slovensk\u00fd t\u00edm pohyboval a\u017e okolo 7-10 miesta.\u201c<br><br><br><strong>\u010co v\u00e1m tr\u00e9nerom uk\u00e1zal turnaj smerom do \u010fal\u0161ieho tr\u00e9ningov\u00e9ho procesu, kde m\u00e1me rezervy?<\/strong><br><br>\u201eUk\u00e1zal n\u00e1m, \u017ee pri pr\u00e1ci s hr\u00e1\u010dmi v tr\u00e9ningovom procese sme na spr\u00e1vnej ceste, m\u00e1me skvelo nastaven\u00fa filozofiu a metodiku, ke\u010f\u017ee sme sa nestratili na\u0161im hern\u00fdm \u0161t\u00fdlom ani proti svetov\u00fdm zna\u010dk\u00e1m.\u201c<\/p>\n\n\n<div class=\"wp-block-image\">\n<figure class=\"aligncenter size-large is-resized\"><img loading=\"lazy\" decoding=\"async\" width=\"1024\" height=\"963\" src=\"https:\/\/fcspartaktrnava.com\/wp-content\/uploads\/2026\/04\/WhatsApp-Image-2026-04-25-at-14.32.12-3-1024x963.jpeg\" alt=\"\" class=\"wp-image-43482\" style=\"aspect-ratio:1.0633542338350772;width:617px;height:auto\" srcset=\"https:\/\/fcspartaktrnava.com\/wp-content\/uploads\/2026\/04\/WhatsApp-Image-2026-04-25-at-14.32.12-3-1024x963.jpeg 1024w, https:\/\/fcspartaktrnava.com\/wp-content\/uploads\/2026\/04\/WhatsApp-Image-2026-04-25-at-14.32.12-3-300x282.jpeg 300w, https:\/\/fcspartaktrnava.com\/wp-content\/uploads\/2026\/04\/WhatsApp-Image-2026-04-25-at-14.32.12-3-768x722.jpeg 768w, https:\/\/fcspartaktrnava.com\/wp-content\/uploads\/2026\/04\/WhatsApp-Image-2026-04-25-at-14.32.12-3-1536x1445.jpeg 1536w, https:\/\/fcspartaktrnava.com\/wp-content\/uploads\/2026\/04\/WhatsApp-Image-2026-04-25-at-14.32.12-3-13x12.jpeg 13w, https:\/\/fcspartaktrnava.com\/wp-content\/uploads\/2026\/04\/WhatsApp-Image-2026-04-25-at-14.32.12-3.jpeg 1633w\" sizes=\"auto, (max-width: 1024px) 100vw, 1024px\" \/><\/figure>\n<\/div>\n\n\n<p class=\"has-text-align-center\"><br>\u201eNa z\u00e1ver by som chcel ur\u010dite po\u010fakova\u0165 mojim talentovan\u00fdm zverencom za \u00faspe\u0161n\u00fa reprezent\u00e1ciu klubu, m\u00f4jmu troj\u010dlenn\u00e9mu tr\u00e9nersk\u00e9mu realiza\u010dn\u00e9mu t\u00edmu, ktor\u00fd mi pom\u00e1hal, \u010falej vedeniu n\u00e1\u0161ho klubu za mo\u017enos\u0165 na\u0161ej \u00fa\u010dasti na tomto skvelom turnaji a v neposlednom rade rodi\u010dom na\u0161ich hr\u00e1\u010dov za neust\u00e1lu podporu, \u010di u\u017e po\u010das tohto turnaja alebo po\u010das celej, zatia\u013e pre n\u00e1s ve\u013emi \u00faspe\u0161nej sez\u00f3ny. Po\u010fakovanie samozrejme patr\u00ed aj klubu AS Tren\u010d\u00edn, \u017ee sme mohli by\u0165 op\u00e4\u0165 s\u00fa\u010das\u0165ou tohto fantastick\u00e9ho turnaja.\u201c<\/p>\n\n\n<div class=\"wp-block-image\">\n<figure class=\"aligncenter size-large is-resized\"><img loading=\"lazy\" decoding=\"async\" width=\"1024\" height=\"824\" src=\"https:\/\/fcspartaktrnava.com\/wp-content\/uploads\/2026\/04\/WhatsApp-Image-2026-04-26-at-11.58.50-1024x824.jpeg\" alt=\"\" class=\"wp-image-43479\" style=\"width:618px;height:auto\" srcset=\"https:\/\/fcspartaktrnava.com\/wp-content\/uploads\/2026\/04\/WhatsApp-Image-2026-04-26-at-11.58.50-1024x824.jpeg 1024w, https:\/\/fcspartaktrnava.com\/wp-content\/uploads\/2026\/04\/WhatsApp-Image-2026-04-26-at-11.58.50-300x241.jpeg 300w, https:\/\/fcspartaktrnava.com\/wp-content\/uploads\/2026\/04\/WhatsApp-Image-2026-04-26-at-11.58.50-768x618.jpeg 768w, https:\/\/fcspartaktrnava.com\/wp-content\/uploads\/2026\/04\/WhatsApp-Image-2026-04-26-at-11.58.50-15x12.jpeg 15w, https:\/\/fcspartaktrnava.com\/wp-content\/uploads\/2026\/04\/WhatsApp-Image-2026-04-26-at-11.58.50.jpeg 1495w\" sizes=\"auto, (max-width: 1024px) 100vw, 1024px\" \/><\/figure>\n<\/div>\n\n\n<p class=\"has-text-align-center\"><br><strong>FCST<\/strong> &#8211; Dinamo Z\u00e1hreb 1:1&nbsp;<\/p>\n\n\n\n<p class=\"has-text-align-center\"><strong>FCST<\/strong> &#8211; AC Sparta Praha 2:0<\/p>\n\n\n\n<p class=\"has-text-align-center\"><strong>FCST<\/strong> &#8211; \u0160K Slovan Bratislava 1:0<\/p>\n\n\n\n<p class=\"has-text-align-center\"><strong>FCST<\/strong> &#8211; M\u0160K \u017dilina 1:2<\/p>\n\n\n\n<p class=\"has-text-align-center\"><strong>FCST<\/strong> &#8211; CFT Academy 0:3<\/p>\n\n\n\n<p class=\"has-text-align-center\"><strong>FCST<\/strong> &#8211; FC Ko\u0161ice 4:0&nbsp;<\/p>\n\n\n\n<p class=\"has-text-align-center\"><strong>FCST<\/strong> &#8211; N\u0160 Mura 1:1<\/p>\n\n\n\n<p class=\"has-text-align-center\"><strong>FCST<\/strong> &#8211; Manchester United FC 1:1<\/p>\n\n\n\n<p class=\"has-text-align-center\"><strong>FCST<\/strong> &#8211; AS Tren\u010d\u00edn 1:1<\/p>\n\n\n\n<p class=\"has-text-align-center\"><strong>FCST<\/strong> &#8211; FC Admira Wacker 5:0<\/p>\n\n\n\n<p class=\"has-text-align-center\"><strong>FCST<\/strong> &#8211; FC Ban\u00edk Ostrava 3:1<\/p>\n\n\n\n<p class=\"has-text-align-center\"><strong>FCST<\/strong> &#8211; Sporting Lisabon 1:3<\/p>\n\n\n\n<p class=\"has-text-align-center\"><strong>FCST<\/strong> &#8211; Pusk\u00e1s Akad\u00e9mia 1:0&nbsp;<\/p>\n\n\n\n<p class=\"has-text-align-center\"><strong>FCST<\/strong> &#8211; Newcastle United FC 4:0<\/p>\n\n\n\n<p class=\"has-text-align-center\"><strong>FCST<\/strong> &#8211; FATK&nbsp;2:0<\/p>\n\n\n\n<figure class=\"wp-block-table\"><table class=\"has-fixed-layout\"><tbody><tr><td><strong>#<\/strong><\/td><td><strong>N\u00e1zov klubu<\/strong><\/td><td><strong>Z<\/strong><\/td><td><strong>V<\/strong><\/td><td><strong>R<\/strong><\/td><td><strong>P<\/strong><\/td><td><strong>Sk\u00f3re<\/strong><\/td><td><strong>B<\/strong><\/td><\/tr><tr><td>1.<\/td><td>GNK Dinamo Z\u00e1hreb<\/td><td>15<\/td><td>12<\/td><td>1<\/td><td>2<\/td><td>41:14<\/td><td>37<\/td><\/tr><tr><td>2.<\/td><td>Manchester United FC<\/td><td>15<\/td><td>11<\/td><td>1<\/td><td>3<\/td><td>31:10<\/td><td>34<\/td><\/tr><tr><td>3.<\/td><td>\u0160K Slovan Bratislava<\/td><td>15<\/td><td>11<\/td><td>0<\/td><td>4<\/td><td>41:11<\/td><td>33<\/td><\/tr><tr><td>4.<\/td><td>Sporting Lisabon<\/td><td>15<\/td><td>10<\/td><td>2<\/td><td>3<\/td><td>28:13<\/td><td>32<\/td><\/tr><tr><td>5.<\/td><td>AS Tren\u010d\u00edn<\/td><td>15<\/td><td>9<\/td><td>2<\/td><td>4<\/td><td>26:13<\/td><td>29<\/td><\/tr><tr><td><strong>6.<\/strong><\/td><td><strong>FC Spartak Trnava<\/strong><\/td><td><strong>15<\/strong><\/td><td><strong>8<\/strong><\/td><td><strong>4<\/strong><\/td><td><strong>3<\/strong><\/td><td><strong>28:13<\/strong><\/td><td><strong>28<\/strong><\/td><\/tr><tr><td>7.<\/td><td>M\u0160K \u017dilina<\/td><td>15<\/td><td>7<\/td><td>2<\/td><td>6<\/td><td>30:24<\/td><td>23<\/td><\/tr><tr><td>8.<\/td><td>AC Sparta Praha<\/td><td>15<\/td><td>7<\/td><td>2<\/td><td>6<\/td><td>18:23<\/td><td>23<\/td><\/tr><tr><td>9.<\/td><td>N\u0160 Mura<\/td><td>15<\/td><td>6<\/td><td>1<\/td><td>8<\/td><td>27:36<\/td><td>19<\/td><\/tr><tr><td>10.<\/td><td>Newcastle United FC<\/td><td>15<\/td><td>6<\/td><td>0<\/td><td>9<\/td><td>23:33<\/td><td>18<\/td><\/tr><tr><td>11.<\/td><td>CFT Academy<\/td><td>15<\/td><td>4<\/td><td>3<\/td><td>8<\/td><td>20:19<\/td><td>15<\/td><\/tr><tr><td>12.<\/td><td>FC Ban\u00edk Ostrava<\/td><td>15<\/td><td>4<\/td><td>3<\/td><td>8<\/td><td>14:30<\/td><td>15<\/td><\/tr><tr><td>13.<\/td><td>Pusk\u00e1s Akad\u00e9mia<\/td><td>15<\/td><td>3<\/td><td>4<\/td><td>8<\/td><td>12:29<\/td><td>13<\/td><\/tr><tr><td>14.<\/td><td>FC Ko\u0161ice<\/td><td>15<\/td><td>3<\/td><td>3<\/td><td>9<\/td><td>11:23<\/td><td>12<\/td><\/tr><tr><td>15.<\/td><td>FC Admira Wacker<\/td><td>15<\/td><td>2<\/td><td>2<\/td><td>11<\/td><td>12:34<\/td><td>8<\/td><\/tr><tr><td>16.<\/td><td>FATK<\/td><td>15<\/td><td>1<\/td><td>2<\/td><td>12<\/td><td>7:44<\/td><td>5<\/td><\/tr><\/tbody><\/table><\/figure>","protected":false},"excerpt":{"rendered":"<p>Na\u0161i najstar\u0161\u00ed pr\u00edpravk\u00e1ri sa po\u010das uplynul\u00e9ho v\u00edkendu z\u00fa\u010dastnili&#8230;<\/p>","protected":false},"author":2,"featured_media":43477,"comment_status":"closed","ping_status":"closed","sticky":false,"template":"","format":"standard","meta":{"footnotes":""},"categories":[52,12],"tags":[53],"class_list":["post-43476","post","type-post","status-publish","format-standard","has-post-thumbnail","hentry","category-mladez","category-spravy","tag-mladez","post-number-1"],"yoast_head":"<!-- This site is optimized with the Yoast SEO plugin v27.1.1 - https:\/\/yoast.com\/product\/yoast-seo-wordpress\/ -->\n<title>U11-ka proti Manchestru United \u010di Sportingu Lisabon - FC Spartak Trnava<\/title>\n<meta name=\"robots\" content=\"index, follow, max-snippet:-1, max-image-preview:large, max-video-preview:-1\" \/>\n<link rel=\"canonical\" href=\"https:\/\/fcspartaktrnava.com\/en\/u11-ka-proti-manchestru-united-ci-sportingu-lisabon\/\" \/>\n<meta name=\"twitter:label1\" content=\"Written by\" \/>\n\t<meta name=\"twitter:data1\" content=\"spartak\" \/>\n\t<meta name=\"twitter:label2\" content=\"Estimated reading time\" \/>\n\t<meta name=\"twitter:data2\" content=\"6 minutes\" \/>\n<script type=\"application\/ld+json\" class=\"yoast-schema-graph\">{\"@context\":\"https:\/\/schema.org\",\"@graph\":[{\"@type\":\"Article\",\"@id\":\"https:\/\/fcspartaktrnava.com\/u11-ka-proti-manchestru-united-ci-sportingu-lisabon\/#article\",\"isPartOf\":{\"@id\":\"https:\/\/fcspartaktrnava.com\/u11-ka-proti-manchestru-united-ci-sportingu-lisabon\/\"},\"author\":{\"name\":\"spartak\",\"@id\":\"https:\/\/fcspartaktrnava.com\/#\/schema\/person\/24bc5b254af14f71d7d8af178790aa75\"},\"headline\":\"U11-ka proti Manchestru United \u010di Sportingu Lisabon\",\"datePublished\":\"2026-04-30T08:14:26+00:00\",\"mainEntityOfPage\":{\"@id\":\"https:\/\/fcspartaktrnava.com\/u11-ka-proti-manchestru-united-ci-sportingu-lisabon\/\"},\"wordCount\":985,\"publisher\":{\"@id\":\"https:\/\/fcspartaktrnava.com\/#organization\"},\"image\":{\"@id\":\"https:\/\/fcspartaktrnava.com\/u11-ka-proti-manchestru-united-ci-sportingu-lisabon\/#primaryimage\"},\"thumbnailUrl\":\"https:\/\/fcspartaktrnava.com\/wp-content\/uploads\/2026\/04\/WhatsApp-Image-2026-04-25-at-14.32.12.jpeg\",\"keywords\":[\"ml\u00e1de\u017e\"],\"articleSection\":[\"Ml\u00e1de\u017e\",\"Spr\u00e1vy\"],\"inLanguage\":\"en-GB\"},{\"@type\":\"WebPage\",\"@id\":\"https:\/\/fcspartaktrnava.com\/u11-ka-proti-manchestru-united-ci-sportingu-lisabon\/\",\"url\":\"https:\/\/fcspartaktrnava.com\/u11-ka-proti-manchestru-united-ci-sportingu-lisabon\/\",\"name\":\"U11-ka proti Manchestru United \u010di Sportingu Lisabon - FC Spartak Trnava\",\"isPartOf\":{\"@id\":\"https:\/\/fcspartaktrnava.com\/#website\"},\"primaryImageOfPage\":{\"@id\":\"https:\/\/fcspartaktrnava.com\/u11-ka-proti-manchestru-united-ci-sportingu-lisabon\/#primaryimage\"},\"image\":{\"@id\":\"https:\/\/fcspartaktrnava.com\/u11-ka-proti-manchestru-united-ci-sportingu-lisabon\/#primaryimage\"},\"thumbnailUrl\":\"https:\/\/fcspartaktrnava.com\/wp-content\/uploads\/2026\/04\/WhatsApp-Image-2026-04-25-at-14.32.12.jpeg\",\"datePublished\":\"2026-04-30T08:14:26+00:00\",\"breadcrumb\":{\"@id\":\"https:\/\/fcspartaktrnava.com\/u11-ka-proti-manchestru-united-ci-sportingu-lisabon\/#breadcrumb\"},\"inLanguage\":\"en-GB\",\"potentialAction\":[{\"@type\":\"ReadAction\",\"target\":[\"https:\/\/fcspartaktrnava.com\/u11-ka-proti-manchestru-united-ci-sportingu-lisabon\/\"]}]},{\"@type\":\"ImageObject\",\"inLanguage\":\"en-GB\",\"@id\":\"https:\/\/fcspartaktrnava.com\/u11-ka-proti-manchestru-united-ci-sportingu-lisabon\/#primaryimage\",\"url\":\"https:\/\/fcspartaktrnava.com\/wp-content\/uploads\/2026\/04\/WhatsApp-Image-2026-04-25-at-14.32.12.jpeg\",\"contentUrl\":\"https:\/\/fcspartaktrnava.com\/wp-content\/uploads\/2026\/04\/WhatsApp-Image-2026-04-25-at-14.32.12.jpeg\",\"width\":1633,\"height\":1536},{\"@type\":\"BreadcrumbList\",\"@id\":\"https:\/\/fcspartaktrnava.com\/u11-ka-proti-manchestru-united-ci-sportingu-lisabon\/#breadcrumb\",\"itemListElement\":[{\"@type\":\"ListItem\",\"position\":1,\"name\":\"Home\",\"item\":\"https:\/\/fcspartaktrnava.com\/\"},{\"@type\":\"ListItem\",\"position\":2,\"name\":\"U11-ka proti Manchestru United \u010di Sportingu Lisabon\"}]},{\"@type\":\"WebSite\",\"@id\":\"https:\/\/fcspartaktrnava.com\/#website\",\"url\":\"https:\/\/fcspartaktrnava.com\/\",\"name\":\"FC Spartak Trnava\",\"description\":\"ofici\u00e1lna webstr\u00e1nka futbalov\u00e9ho klubu\",\"publisher\":{\"@id\":\"https:\/\/fcspartaktrnava.com\/#organization\"},\"potentialAction\":[{\"@type\":\"SearchAction\",\"target\":{\"@type\":\"EntryPoint\",\"urlTemplate\":\"https:\/\/fcspartaktrnava.com\/?s={search_term_string}\"},\"query-input\":{\"@type\":\"PropertyValueSpecification\",\"valueRequired\":true,\"valueName\":\"search_term_string\"}}],\"inLanguage\":\"en-GB\"},{\"@type\":\"Organization\",\"@id\":\"https:\/\/fcspartaktrnava.com\/#organization\",\"name\":\"FC Spartak Trnava\",\"alternateName\":\"Spartak\",\"url\":\"https:\/\/fcspartaktrnava.com\/\",\"logo\":{\"@type\":\"ImageObject\",\"inLanguage\":\"en-GB\",\"@id\":\"https:\/\/fcspartaktrnava.com\/#\/schema\/logo\/image\/\",\"url\":\"https:\/\/fcspartaktrnava.com\/wp-content\/uploads\/2022\/08\/cropped-site_logo.png\",\"contentUrl\":\"https:\/\/fcspartaktrnava.com\/wp-content\/uploads\/2022\/08\/cropped-site_logo.png\",\"width\":140,\"height\":140,\"caption\":\"FC Spartak Trnava\"},\"image\":{\"@id\":\"https:\/\/fcspartaktrnava.com\/#\/schema\/logo\/image\/\"},\"sameAs\":[\"https:\/\/www.facebook.com\/SpartakTrnava\",\"https:\/\/x.com\/SpartakTrnava1\",\"https:\/\/www.instagram.com\/spartak_sk\/\"]},{\"@type\":\"Person\",\"@id\":\"https:\/\/fcspartaktrnava.com\/#\/schema\/person\/24bc5b254af14f71d7d8af178790aa75\",\"name\":\"spartak\",\"image\":{\"@type\":\"ImageObject\",\"inLanguage\":\"en-GB\",\"@id\":\"https:\/\/fcspartaktrnava.com\/#\/schema\/person\/image\/\",\"url\":\"https:\/\/secure.gravatar.com\/avatar\/f8ff8584f3fcf3909a11a6da9019f37749183b4015bca14e64556c52614cdc7f?s=96&d=mm&r=g\",\"contentUrl\":\"https:\/\/secure.gravatar.com\/avatar\/f8ff8584f3fcf3909a11a6da9019f37749183b4015bca14e64556c52614cdc7f?s=96&d=mm&r=g\",\"caption\":\"spartak\"},\"url\":\"https:\/\/fcspartaktrnava.com\/en\/author\/spartak\/\"}]}<\/script>\n<!-- \/ Yoast SEO plugin. -->","yoast_head_json":{"title":"U11-ka proti Manchestru United \u010di Sportingu Lisabon - FC Spartak Trnava","robots":{"index":"index","follow":"follow","max-snippet":"max-snippet:-1","max-image-preview":"max-image-preview:large","max-video-preview":"max-video-preview:-1"},"canonical":"https:\/\/fcspartaktrnava.com\/en\/u11-ka-proti-manchestru-united-ci-sportingu-lisabon\/","twitter_misc":{"Written by":"spartak","Estimated reading time":"6 minutes"},"schema":{"@context":"https:\/\/schema.org","@graph":[{"@type":"Article","@id":"https:\/\/fcspartaktrnava.com\/u11-ka-proti-manchestru-united-ci-sportingu-lisabon\/#article","isPartOf":{"@id":"https:\/\/fcspartaktrnava.com\/u11-ka-proti-manchestru-united-ci-sportingu-lisabon\/"},"author":{"name":"spartak","@id":"https:\/\/fcspartaktrnava.com\/#\/schema\/person\/24bc5b254af14f71d7d8af178790aa75"},"headline":"U11-ka proti Manchestru United \u010di Sportingu Lisabon","datePublished":"2026-04-30T08:14:26+00:00","mainEntityOfPage":{"@id":"https:\/\/fcspartaktrnava.com\/u11-ka-proti-manchestru-united-ci-sportingu-lisabon\/"},"wordCount":985,"publisher":{"@id":"https:\/\/fcspartaktrnava.com\/#organization"},"image":{"@id":"https:\/\/fcspartaktrnava.com\/u11-ka-proti-manchestru-united-ci-sportingu-lisabon\/#primaryimage"},"thumbnailUrl":"https:\/\/fcspartaktrnava.com\/wp-content\/uploads\/2026\/04\/WhatsApp-Image-2026-04-25-at-14.32.12.jpeg","keywords":["ml\u00e1de\u017e"],"articleSection":["Ml\u00e1de\u017e","Spr\u00e1vy"],"inLanguage":"en-GB"},{"@type":"WebPage","@id":"https:\/\/fcspartaktrnava.com\/u11-ka-proti-manchestru-united-ci-sportingu-lisabon\/","url":"https:\/\/fcspartaktrnava.com\/u11-ka-proti-manchestru-united-ci-sportingu-lisabon\/","name":"U11-ka proti Manchestru United \u010di Sportingu Lisabon - FC Spartak Trnava","isPartOf":{"@id":"https:\/\/fcspartaktrnava.com\/#website"},"primaryImageOfPage":{"@id":"https:\/\/fcspartaktrnava.com\/u11-ka-proti-manchestru-united-ci-sportingu-lisabon\/#primaryimage"},"image":{"@id":"https:\/\/fcspartaktrnava.com\/u11-ka-proti-manchestru-united-ci-sportingu-lisabon\/#primaryimage"},"thumbnailUrl":"https:\/\/fcspartaktrnava.com\/wp-content\/uploads\/2026\/04\/WhatsApp-Image-2026-04-25-at-14.32.12.jpeg","datePublished":"2026-04-30T08:14:26+00:00","breadcrumb":{"@id":"https:\/\/fcspartaktrnava.com\/u11-ka-proti-manchestru-united-ci-sportingu-lisabon\/#breadcrumb"},"inLanguage":"en-GB","potentialAction":[{"@type":"ReadAction","target":["https:\/\/fcspartaktrnava.com\/u11-ka-proti-manchestru-united-ci-sportingu-lisabon\/"]}]},{"@type":"ImageObject","inLanguage":"en-GB","@id":"https:\/\/fcspartaktrnava.com\/u11-ka-proti-manchestru-united-ci-sportingu-lisabon\/#primaryimage","url":"https:\/\/fcspartaktrnava.com\/wp-content\/uploads\/2026\/04\/WhatsApp-Image-2026-04-25-at-14.32.12.jpeg","contentUrl":"https:\/\/fcspartaktrnava.com\/wp-content\/uploads\/2026\/04\/WhatsApp-Image-2026-04-25-at-14.32.12.jpeg","width":1633,"height":1536},{"@type":"BreadcrumbList","@id":"https:\/\/fcspartaktrnava.com\/u11-ka-proti-manchestru-united-ci-sportingu-lisabon\/#breadcrumb","itemListElement":[{"@type":"ListItem","position":1,"name":"Home","item":"https:\/\/fcspartaktrnava.com\/"},{"@type":"ListItem","position":2,"name":"U11-ka proti Manchestru United \u010di Sportingu Lisabon"}]},{"@type":"WebSite","@id":"https:\/\/fcspartaktrnava.com\/#website","url":"https:\/\/fcspartaktrnava.com\/","name":"FC Spartak Trnava","description":"ofici\u00e1lna webstr\u00e1nka futbalov\u00e9ho klubu","publisher":{"@id":"https:\/\/fcspartaktrnava.com\/#organization"},"potentialAction":[{"@type":"SearchAction","target":{"@type":"EntryPoint","urlTemplate":"https:\/\/fcspartaktrnava.com\/?s={search_term_string}"},"query-input":{"@type":"PropertyValueSpecification","valueRequired":true,"valueName":"search_term_string"}}],"inLanguage":"en-GB"},{"@type":"Organization","@id":"https:\/\/fcspartaktrnava.com\/#organization","name":"FC Spartak Trnava","alternateName":"Spartak","url":"https:\/\/fcspartaktrnava.com\/","logo":{"@type":"ImageObject","inLanguage":"en-GB","@id":"https:\/\/fcspartaktrnava.com\/#\/schema\/logo\/image\/","url":"https:\/\/fcspartaktrnava.com\/wp-content\/uploads\/2022\/08\/cropped-site_logo.png","contentUrl":"https:\/\/fcspartaktrnava.com\/wp-content\/uploads\/2022\/08\/cropped-site_logo.png","width":140,"height":140,"caption":"FC Spartak Trnava"},"image":{"@id":"https:\/\/fcspartaktrnava.com\/#\/schema\/logo\/image\/"},"sameAs":["https:\/\/www.facebook.com\/SpartakTrnava","https:\/\/x.com\/SpartakTrnava1","https:\/\/www.instagram.com\/spartak_sk\/"]},{"@type":"Person","@id":"https:\/\/fcspartaktrnava.com\/#\/schema\/person\/24bc5b254af14f71d7d8af178790aa75","name":"spartak","image":{"@type":"ImageObject","inLanguage":"en-GB","@id":"https:\/\/fcspartaktrnava.com\/#\/schema\/person\/image\/","url":"https:\/\/secure.gravatar.com\/avatar\/f8ff8584f3fcf3909a11a6da9019f37749183b4015bca14e64556c52614cdc7f?s=96&d=mm&r=g","contentUrl":"https:\/\/secure.gravatar.com\/avatar\/f8ff8584f3fcf3909a11a6da9019f37749183b4015bca14e64556c52614cdc7f?s=96&d=mm&r=g","caption":"spartak"},"url":"https:\/\/fcspartaktrnava.com\/en\/author\/spartak\/"}]}},"_links":{"self":[{"href":"https:\/\/fcspartaktrnava.com\/en\/wp-json\/wp\/v2\/posts\/43476","targetHints":{"allow":["GET"]}}],"collection":[{"href":"https:\/\/fcspartaktrnava.com\/en\/wp-json\/wp\/v2\/posts"}],"about":[{"href":"https:\/\/fcspartaktrnava.com\/en\/wp-json\/wp\/v2\/types\/post"}],"author":[{"embeddable":true,"href":"https:\/\/fcspartaktrnava.com\/en\/wp-json\/wp\/v2\/users\/2"}],"replies":[{"embeddable":true,"href":"https:\/\/fcspartaktrnava.com\/en\/wp-json\/wp\/v2\/comments?post=43476"}],"version-history":[{"count":0,"href":"https:\/\/fcspartaktrnava.com\/en\/wp-json\/wp\/v2\/posts\/43476\/revisions"}],"wp:featuredmedia":[{"embeddable":true,"href":"https:\/\/fcspartaktrnava.com\/en\/wp-json\/wp\/v2\/media\/43477"}],"wp:attachment":[{"href":"https:\/\/fcspartaktrnava.com\/en\/wp-json\/wp\/v2\/media?parent=43476"}],"wp:term":[{"taxonomy":"category","embeddable":true,"href":"https:\/\/fcspartaktrnava.com\/en\/wp-json\/wp\/v2\/categories?post=43476"},{"taxonomy":"post_tag","embeddable":true,"href":"https:\/\/fcspartaktrnava.com\/en\/wp-json\/wp\/v2\/tags?post=43476"}],"curies":[{"name":"wp","href":"https:\/\/api.w.org\/{rel}","templated":true}]}}