{"id":43377,"date":"2026-04-29T12:36:06","date_gmt":"2026-04-29T10:36:06","guid":{"rendered":"https:\/\/fcspartaktrnava.com\/?p=43377"},"modified":"2026-04-29T12:36:07","modified_gmt":"2026-04-29T10:36:07","slug":"u15-ka-hrala-s-liverpoolom-a-navstivila-aj-osviencim","status":"publish","type":"post","link":"https:\/\/fcspartaktrnava.com\/en\/u15-ka-hrala-s-liverpoolom-a-navstivila-aj-osviencim\/","title":{"rendered":"U15-ka hrala s\u00a0Liverpoolom a\u00a0nav\u0161t\u00edvila aj Osvien\u010dim"},"content":{"rendered":"<p class=\"has-text-align-center\">Najstar\u0161\u00ed \u017eiaci maj\u00fa za sebou vynikaj\u00facu futbalov\u00fa sk\u00fasenos\u0165. Po\u010das v\u00edkendu sa z\u00fa\u010dastnili Turnaja n\u00e1rodov v&nbsp;Ostrave. Na medzin\u00e1rodnom podujat\u00ed plnom eur\u00f3pskych akad\u00e9mi\u00ed obsadili kone\u010dn\u00e9 17. miesto, o&nbsp;\u010dom sme sa porozpr\u00e1vali s&nbsp;tr\u00e9nerom Jozefom Pa\u013eom.<\/p>\n\n\n\n<p class=\"has-text-align-center\"><strong>P\u00e4tn\u00e1stka \u0161tartovala na podujat\u00ed v&nbsp;Ostrave druh\u00fd rok po sebe. Ak\u00fd bol tento ro\u010dn\u00edk?<\/strong><\/p>\n\n\n\n<p class=\"has-text-align-center\">\u201eTurnaj bol perfektne zorganizovan\u00fd a kvalitne obsaden\u00fd, bolo o n\u00e1s skvelo postaran\u00e9 vr\u00e1tane hotelovej posil\u0148ovne alebo wellnesu.\u201c<\/p>\n\n\n<div class=\"wp-block-image\">\n<figure class=\"aligncenter size-large is-resized\"><img loading=\"lazy\" decoding=\"async\" width=\"578\" height=\"1024\" src=\"https:\/\/fcspartaktrnava.com\/wp-content\/uploads\/2026\/04\/WhatsApp-Image-2026-04-25-at-12.19.53-1-578x1024.jpeg\" alt=\"\" class=\"wp-image-43379\" style=\"width:410px;height:auto\" srcset=\"https:\/\/fcspartaktrnava.com\/wp-content\/uploads\/2026\/04\/WhatsApp-Image-2026-04-25-at-12.19.53-1-578x1024.jpeg 578w, https:\/\/fcspartaktrnava.com\/wp-content\/uploads\/2026\/04\/WhatsApp-Image-2026-04-25-at-12.19.53-1-169x300.jpeg 169w, https:\/\/fcspartaktrnava.com\/wp-content\/uploads\/2026\/04\/WhatsApp-Image-2026-04-25-at-12.19.53-1-768x1361.jpeg 768w, https:\/\/fcspartaktrnava.com\/wp-content\/uploads\/2026\/04\/WhatsApp-Image-2026-04-25-at-12.19.53-1-867x1536.jpeg 867w, https:\/\/fcspartaktrnava.com\/wp-content\/uploads\/2026\/04\/WhatsApp-Image-2026-04-25-at-12.19.53-1-7x12.jpeg 7w, https:\/\/fcspartaktrnava.com\/wp-content\/uploads\/2026\/04\/WhatsApp-Image-2026-04-25-at-12.19.53-1.jpeg 903w\" sizes=\"auto, (max-width: 578px) 100vw, 578px\" \/><\/figure>\n<\/div>\n\n\n<p class=\"has-text-align-center\"><strong>V skupine sme sa mimo in\u00fdch, tak ako pred rokom, stretli s&nbsp;Liverpoolom. Ak\u00e1 to bola sk\u00fasenos\u0165?<\/strong><\/p>\n\n\n\n<p class=\"has-text-align-center\">\u201eS Liverpoolom sme remizovali 1:1, bol to v\u0161ak ve\u013ek\u00fd z\u00e1\u017eitok pre na\u0161ich hr\u00e1\u010dov a aj pre n\u00e1s tr\u00e9nerov a m\u00e1lo ch\u00fdbalo k tomu, aby sme odi\u0161li ako v\u00ed\u0165azi. Bohu\u017eia\u013e, nepremenili sme vylo\u017een\u00e9 \u0161ance, \u010do n\u00e1s st\u00e1lo kone\u010dn\u00e9 lep\u0161ie umiestnenie, preto\u017ee s premie\u0148an\u00edm \u0161anc\u00ed, hlavne v rem\u00edzov\u00fdch z\u00e1pasoch, sme mali probl\u00e9m.\u201c<\/p>\n\n\n<div class=\"wp-block-image\">\n<figure class=\"aligncenter size-large is-resized\"><img loading=\"lazy\" decoding=\"async\" width=\"578\" height=\"1024\" src=\"https:\/\/fcspartaktrnava.com\/wp-content\/uploads\/2026\/04\/WhatsApp-Image-2026-04-24-at-12.36.21-578x1024.jpeg\" alt=\"\" class=\"wp-image-43380\" style=\"aspect-ratio:0.5644575373660335;width:414px;height:auto\" srcset=\"https:\/\/fcspartaktrnava.com\/wp-content\/uploads\/2026\/04\/WhatsApp-Image-2026-04-24-at-12.36.21-578x1024.jpeg 578w, https:\/\/fcspartaktrnava.com\/wp-content\/uploads\/2026\/04\/WhatsApp-Image-2026-04-24-at-12.36.21-169x300.jpeg 169w, https:\/\/fcspartaktrnava.com\/wp-content\/uploads\/2026\/04\/WhatsApp-Image-2026-04-24-at-12.36.21-768x1361.jpeg 768w, https:\/\/fcspartaktrnava.com\/wp-content\/uploads\/2026\/04\/WhatsApp-Image-2026-04-24-at-12.36.21-867x1536.jpeg 867w, https:\/\/fcspartaktrnava.com\/wp-content\/uploads\/2026\/04\/WhatsApp-Image-2026-04-24-at-12.36.21-7x12.jpeg 7w, https:\/\/fcspartaktrnava.com\/wp-content\/uploads\/2026\/04\/WhatsApp-Image-2026-04-24-at-12.36.21.jpeg 903w\" sizes=\"auto, (max-width: 578px) 100vw, 578px\" \/><\/figure>\n<\/div>\n\n\n<p class=\"has-text-align-center\"><strong>Po\u010das turnaja sme sa stretli s t\u00edmami z r\u00f4znych kraj\u00edn a teda mali sme mo\u017enos\u0165 sa konfrontova\u0165 s r\u00f4znymi hern\u00fdmi \u0161t\u00fdlmi<\/strong>. <strong>\u010co si odpozoroval?<\/strong><\/p>\n\n\n\n<p class=\"has-text-align-center\">\u201eCelkovo sme nast\u00fapili na sedem stretnut\u00ed, z ktor\u00fdch sme jedno prehrali, trikr\u00e1t remizovali a trikr\u00e1t zv\u00ed\u0165azili. Sna\u017eili sme sa nerie\u0161i\u0165 proti komu hr\u00e1me, naopak, pozerali sme sa v prvom rade na seba a v ka\u017edom z\u00e1pase sa sna\u017eili presadzova\u0165 postupnou kombina\u010dnou hrou. Kvalitn\u00e1 pr\u00e1ca s loptou a zvl\u00e1danie rozhoduj\u00facich momentov v zakon\u010den\u00ed n\u00e1m po\u010das cel\u00e9ho turnaja prin\u00e1\u0161alo viacer\u00e9 pekn\u00e9 futbalov\u00e9 situ\u00e1cie, \u0161koda len lep\u0161ej efektivity v z\u00e1pasoch v skupine. Celkovo si mysl\u00edm, \u017ee sme sa na turnaji prezentovali v\u00fdraznou t\u00edmovos\u0165ou nielen na ihrisku, ale aj mimo neho. Ka\u017ed\u00fd hr\u00e1\u010d sa sna\u017eil poda\u0165 \u010do najlep\u0161\u00ed individu\u00e1lny v\u00fdkon v prospech mu\u017estva. Na turnaji sme nast\u00fapili proti ve\u013emi kvalitn\u00fdm s\u00faperom, \u010do pre na\u0161ich hr\u00e1\u010dov predstavovalo cenn\u00fa konfront\u00e1ciu aj sk\u00fasenos\u0165. \u010co sa ale t\u00fdka jednotliv\u00fdch s\u00faperov, zaujal ma hlavne nemeck\u00fd Augsburg, ktor\u00e9ho hr\u00e1\u010di boli fyzicky vyspel\u00ed a boli zameran\u00ed hlavne na \u00faspe\u0161nos\u0165 v osobn\u00fdch s\u00fabojoch.\u201c<\/p>\n\n\n<div class=\"wp-block-image\">\n<figure class=\"aligncenter size-large is-resized\"><img loading=\"lazy\" decoding=\"async\" width=\"578\" height=\"1024\" src=\"https:\/\/fcspartaktrnava.com\/wp-content\/uploads\/2026\/04\/WhatsApp-Image-2026-04-25-at-11.12.08-578x1024.jpeg\" alt=\"\" class=\"wp-image-43382\" style=\"aspect-ratio:0.5644604647595675;width:414px;height:auto\" srcset=\"https:\/\/fcspartaktrnava.com\/wp-content\/uploads\/2026\/04\/WhatsApp-Image-2026-04-25-at-11.12.08-578x1024.jpeg 578w, https:\/\/fcspartaktrnava.com\/wp-content\/uploads\/2026\/04\/WhatsApp-Image-2026-04-25-at-11.12.08-169x300.jpeg 169w, https:\/\/fcspartaktrnava.com\/wp-content\/uploads\/2026\/04\/WhatsApp-Image-2026-04-25-at-11.12.08-768x1361.jpeg 768w, https:\/\/fcspartaktrnava.com\/wp-content\/uploads\/2026\/04\/WhatsApp-Image-2026-04-25-at-11.12.08-867x1536.jpeg 867w, https:\/\/fcspartaktrnava.com\/wp-content\/uploads\/2026\/04\/WhatsApp-Image-2026-04-25-at-11.12.08-7x12.jpeg 7w, https:\/\/fcspartaktrnava.com\/wp-content\/uploads\/2026\/04\/WhatsApp-Image-2026-04-25-at-11.12.08.jpeg 903w\" sizes=\"auto, (max-width: 578px) 100vw, 578px\" \/><\/figure>\n<\/div>\n\n\n<p class=\"has-text-align-center\"><strong>Turnaj mal aj hlb\u0161\u00ed rozmer a to t\u00e9mu 2. svetovej vojny, konkr\u00e9tne holokaustu. Vieme, \u017ee hr\u00e1\u010di v r\u00e1mci mimo z\u00e1pasov\u00e9ho programu museli pripravi\u0165 prezent\u00e1ciu na spom\u00ednan\u00fa t\u00e9mu a rovnako ste na \u00fapln\u00fd z\u00e1ver turnaja nav\u0161t\u00edvili koncentra\u010dn\u00fd t\u00e1bor v&nbsp;Osvien\u010dime.<\/strong><\/p>\n\n\n\n<p class=\"has-text-align-center\">\u201eVybran\u00ed hr\u00e1\u010di si pripravili prezent\u00e1ciu v anglickom jazyku, ktor\u00fa odprezentovali pred ostatn\u00fdmi t\u00edmami. Chalani to zvl\u00e1dli na v\u00fdborn\u00fa. Turnaj sme zakon\u010dili n\u00e1v\u0161tevou koncentra\u010dn\u00e9ho t\u00e1bora a bolo vidie\u0165, \u017ee t\u00e1to exkurzia na na\u0161ich hr\u00e1\u010dov dos\u0165 do\u013eahla a niektor\u00ed to zn\u00e1\u0161ali \u0165a\u017e\u0161ie.\u201c<\/p>\n\n\n<div class=\"wp-block-image\">\n<figure class=\"aligncenter size-large is-resized\"><img loading=\"lazy\" decoding=\"async\" width=\"577\" height=\"1024\" src=\"https:\/\/fcspartaktrnava.com\/wp-content\/uploads\/2026\/04\/WhatsApp-Image-2026-04-27-at-10.59.06-577x1024.jpeg\" alt=\"\" class=\"wp-image-43383\" style=\"aspect-ratio:0.5634776215421377;width:423px;height:auto\" srcset=\"https:\/\/fcspartaktrnava.com\/wp-content\/uploads\/2026\/04\/WhatsApp-Image-2026-04-27-at-10.59.06-577x1024.jpeg 577w, https:\/\/fcspartaktrnava.com\/wp-content\/uploads\/2026\/04\/WhatsApp-Image-2026-04-27-at-10.59.06-169x300.jpeg 169w, https:\/\/fcspartaktrnava.com\/wp-content\/uploads\/2026\/04\/WhatsApp-Image-2026-04-27-at-10.59.06-768x1364.jpeg 768w, https:\/\/fcspartaktrnava.com\/wp-content\/uploads\/2026\/04\/WhatsApp-Image-2026-04-27-at-10.59.06-865x1536.jpeg 865w, https:\/\/fcspartaktrnava.com\/wp-content\/uploads\/2026\/04\/WhatsApp-Image-2026-04-27-at-10.59.06-7x12.jpeg 7w, https:\/\/fcspartaktrnava.com\/wp-content\/uploads\/2026\/04\/WhatsApp-Image-2026-04-27-at-10.59.06.jpeg 901w\" sizes=\"auto, (max-width: 577px) 100vw, 577px\" \/><\/figure>\n<\/div>\n\n<div class=\"wp-block-image\">\n<figure class=\"aligncenter size-large is-resized\"><img loading=\"lazy\" decoding=\"async\" width=\"578\" height=\"1024\" src=\"https:\/\/fcspartaktrnava.com\/wp-content\/uploads\/2026\/04\/WhatsApp-Image-2026-04-27-at-10.59.07-578x1024.jpeg\" alt=\"\" class=\"wp-image-43384\" style=\"aspect-ratio:0.5644541046647717;width:424px;height:auto\" srcset=\"https:\/\/fcspartaktrnava.com\/wp-content\/uploads\/2026\/04\/WhatsApp-Image-2026-04-27-at-10.59.07-578x1024.jpeg 578w, https:\/\/fcspartaktrnava.com\/wp-content\/uploads\/2026\/04\/WhatsApp-Image-2026-04-27-at-10.59.07-169x300.jpeg 169w, https:\/\/fcspartaktrnava.com\/wp-content\/uploads\/2026\/04\/WhatsApp-Image-2026-04-27-at-10.59.07-768x1361.jpeg 768w, https:\/\/fcspartaktrnava.com\/wp-content\/uploads\/2026\/04\/WhatsApp-Image-2026-04-27-at-10.59.07-867x1536.jpeg 867w, https:\/\/fcspartaktrnava.com\/wp-content\/uploads\/2026\/04\/WhatsApp-Image-2026-04-27-at-10.59.07-7x12.jpeg 7w, https:\/\/fcspartaktrnava.com\/wp-content\/uploads\/2026\/04\/WhatsApp-Image-2026-04-27-at-10.59.07.jpeg 903w\" sizes=\"auto, (max-width: 578px) 100vw, 578px\" \/><\/figure>\n<\/div>\n\n\n<p class=\"has-text-align-center\"><strong>FCST<\/strong> &#8211; Sparta Praha 0:1<br><strong>FCST<\/strong> &#8211; FC Augsburg 2:2 (Gajdo\u0161 Mar\u010di\u0161)<br><strong>FCST<\/strong> &#8211; Fredrikstad FK 0:0<br><strong>FCST<\/strong> &#8211; Liverpool FC 1:1 (Pola\u010dek)<br><strong>FCST<\/strong> &#8211; Tatran Pre\u0161ov 2:1 (2x \u017digrai)<br><strong>FCST<\/strong> &#8211; Vitesse Arnhem 2:1 (Poliak Junas)<br><strong>FCST<\/strong> &#8211; FC Hermannstadt 2:0 (Horv\u00e1th, Kohutovi\u010d)<\/p>","protected":false},"excerpt":{"rendered":"<p>Najstar\u0161\u00ed \u017eiaci maj\u00fa za sebou vynikaj\u00facu futbalov\u00fa sk\u00fasenos\u0165&#8230;.<\/p>","protected":false},"author":2,"featured_media":43378,"comment_status":"closed","ping_status":"closed","sticky":false,"template":"","format":"standard","meta":{"footnotes":""},"categories":[52,12],"tags":[],"class_list":["post-43377","post","type-post","status-publish","format-standard","has-post-thumbnail","hentry","category-mladez","category-spravy","post-number-1"],"yoast_head":"<!-- This site is optimized with the Yoast SEO plugin v27.1.1 - https:\/\/yoast.com\/product\/yoast-seo-wordpress\/ -->\n<title>U15-ka hrala s\u00a0Liverpoolom a\u00a0nav\u0161t\u00edvila aj Osvien\u010dim - FC Spartak Trnava<\/title>\n<meta name=\"robots\" content=\"index, follow, max-snippet:-1, max-image-preview:large, max-video-preview:-1\" \/>\n<link rel=\"canonical\" href=\"https:\/\/fcspartaktrnava.com\/en\/u15-ka-hrala-s-liverpoolom-a-navstivila-aj-osviencim\/\" \/>\n<meta name=\"twitter:label1\" content=\"Written by\" \/>\n\t<meta name=\"twitter:data1\" content=\"spartak\" \/>\n\t<meta name=\"twitter:label2\" content=\"Estimated reading time\" \/>\n\t<meta name=\"twitter:data2\" content=\"4 minutes\" \/>\n<script type=\"application\/ld+json\" class=\"yoast-schema-graph\">{\"@context\":\"https:\/\/schema.org\",\"@graph\":[{\"@type\":\"Article\",\"@id\":\"https:\/\/fcspartaktrnava.com\/u15-ka-hrala-s-liverpoolom-a-navstivila-aj-osviencim\/#article\",\"isPartOf\":{\"@id\":\"https:\/\/fcspartaktrnava.com\/u15-ka-hrala-s-liverpoolom-a-navstivila-aj-osviencim\/\"},\"author\":{\"name\":\"spartak\",\"@id\":\"https:\/\/fcspartaktrnava.com\/#\/schema\/person\/24bc5b254af14f71d7d8af178790aa75\"},\"headline\":\"U15-ka hrala s\u00a0Liverpoolom a\u00a0nav\u0161t\u00edvila aj Osvien\u010dim\",\"datePublished\":\"2026-04-29T10:36:06+00:00\",\"dateModified\":\"2026-04-29T10:36:07+00:00\",\"mainEntityOfPage\":{\"@id\":\"https:\/\/fcspartaktrnava.com\/u15-ka-hrala-s-liverpoolom-a-navstivila-aj-osviencim\/\"},\"wordCount\":568,\"publisher\":{\"@id\":\"https:\/\/fcspartaktrnava.com\/#organization\"},\"image\":{\"@id\":\"https:\/\/fcspartaktrnava.com\/u15-ka-hrala-s-liverpoolom-a-navstivila-aj-osviencim\/#primaryimage\"},\"thumbnailUrl\":\"https:\/\/fcspartaktrnava.com\/wp-content\/uploads\/2026\/04\/WhatsApp-Image-2026-04-24-at-17.40.25-e1777458781192.jpeg\",\"articleSection\":[\"Ml\u00e1de\u017e\",\"Spr\u00e1vy\"],\"inLanguage\":\"en-GB\"},{\"@type\":\"WebPage\",\"@id\":\"https:\/\/fcspartaktrnava.com\/u15-ka-hrala-s-liverpoolom-a-navstivila-aj-osviencim\/\",\"url\":\"https:\/\/fcspartaktrnava.com\/u15-ka-hrala-s-liverpoolom-a-navstivila-aj-osviencim\/\",\"name\":\"U15-ka hrala s\u00a0Liverpoolom a\u00a0nav\u0161t\u00edvila aj Osvien\u010dim - FC Spartak Trnava\",\"isPartOf\":{\"@id\":\"https:\/\/fcspartaktrnava.com\/#website\"},\"primaryImageOfPage\":{\"@id\":\"https:\/\/fcspartaktrnava.com\/u15-ka-hrala-s-liverpoolom-a-navstivila-aj-osviencim\/#primaryimage\"},\"image\":{\"@id\":\"https:\/\/fcspartaktrnava.com\/u15-ka-hrala-s-liverpoolom-a-navstivila-aj-osviencim\/#primaryimage\"},\"thumbnailUrl\":\"https:\/\/fcspartaktrnava.com\/wp-content\/uploads\/2026\/04\/WhatsApp-Image-2026-04-24-at-17.40.25-e1777458781192.jpeg\",\"datePublished\":\"2026-04-29T10:36:06+00:00\",\"dateModified\":\"2026-04-29T10:36:07+00:00\",\"breadcrumb\":{\"@id\":\"https:\/\/fcspartaktrnava.com\/u15-ka-hrala-s-liverpoolom-a-navstivila-aj-osviencim\/#breadcrumb\"},\"inLanguage\":\"en-GB\",\"potentialAction\":[{\"@type\":\"ReadAction\",\"target\":[\"https:\/\/fcspartaktrnava.com\/u15-ka-hrala-s-liverpoolom-a-navstivila-aj-osviencim\/\"]}]},{\"@type\":\"ImageObject\",\"inLanguage\":\"en-GB\",\"@id\":\"https:\/\/fcspartaktrnava.com\/u15-ka-hrala-s-liverpoolom-a-navstivila-aj-osviencim\/#primaryimage\",\"url\":\"https:\/\/fcspartaktrnava.com\/wp-content\/uploads\/2026\/04\/WhatsApp-Image-2026-04-24-at-17.40.25-e1777458781192.jpeg\",\"contentUrl\":\"https:\/\/fcspartaktrnava.com\/wp-content\/uploads\/2026\/04\/WhatsApp-Image-2026-04-24-at-17.40.25-e1777458781192.jpeg\",\"width\":826,\"height\":728},{\"@type\":\"BreadcrumbList\",\"@id\":\"https:\/\/fcspartaktrnava.com\/u15-ka-hrala-s-liverpoolom-a-navstivila-aj-osviencim\/#breadcrumb\",\"itemListElement\":[{\"@type\":\"ListItem\",\"position\":1,\"name\":\"Home\",\"item\":\"https:\/\/fcspartaktrnava.com\/\"},{\"@type\":\"ListItem\",\"position\":2,\"name\":\"U15-ka hrala s\u00a0Liverpoolom a\u00a0nav\u0161t\u00edvila aj Osvien\u010dim\"}]},{\"@type\":\"WebSite\",\"@id\":\"https:\/\/fcspartaktrnava.com\/#website\",\"url\":\"https:\/\/fcspartaktrnava.com\/\",\"name\":\"FC Spartak Trnava\",\"description\":\"ofici\u00e1lna webstr\u00e1nka futbalov\u00e9ho klubu\",\"publisher\":{\"@id\":\"https:\/\/fcspartaktrnava.com\/#organization\"},\"potentialAction\":[{\"@type\":\"SearchAction\",\"target\":{\"@type\":\"EntryPoint\",\"urlTemplate\":\"https:\/\/fcspartaktrnava.com\/?s={search_term_string}\"},\"query-input\":{\"@type\":\"PropertyValueSpecification\",\"valueRequired\":true,\"valueName\":\"search_term_string\"}}],\"inLanguage\":\"en-GB\"},{\"@type\":\"Organization\",\"@id\":\"https:\/\/fcspartaktrnava.com\/#organization\",\"name\":\"FC Spartak Trnava\",\"alternateName\":\"Spartak\",\"url\":\"https:\/\/fcspartaktrnava.com\/\",\"logo\":{\"@type\":\"ImageObject\",\"inLanguage\":\"en-GB\",\"@id\":\"https:\/\/fcspartaktrnava.com\/#\/schema\/logo\/image\/\",\"url\":\"https:\/\/fcspartaktrnava.com\/wp-content\/uploads\/2022\/08\/cropped-site_logo.png\",\"contentUrl\":\"https:\/\/fcspartaktrnava.com\/wp-content\/uploads\/2022\/08\/cropped-site_logo.png\",\"width\":140,\"height\":140,\"caption\":\"FC Spartak Trnava\"},\"image\":{\"@id\":\"https:\/\/fcspartaktrnava.com\/#\/schema\/logo\/image\/\"},\"sameAs\":[\"https:\/\/www.facebook.com\/SpartakTrnava\",\"https:\/\/x.com\/SpartakTrnava1\",\"https:\/\/www.instagram.com\/spartak_sk\/\"]},{\"@type\":\"Person\",\"@id\":\"https:\/\/fcspartaktrnava.com\/#\/schema\/person\/24bc5b254af14f71d7d8af178790aa75\",\"name\":\"spartak\",\"image\":{\"@type\":\"ImageObject\",\"inLanguage\":\"en-GB\",\"@id\":\"https:\/\/fcspartaktrnava.com\/#\/schema\/person\/image\/\",\"url\":\"https:\/\/secure.gravatar.com\/avatar\/f8ff8584f3fcf3909a11a6da9019f37749183b4015bca14e64556c52614cdc7f?s=96&d=mm&r=g\",\"contentUrl\":\"https:\/\/secure.gravatar.com\/avatar\/f8ff8584f3fcf3909a11a6da9019f37749183b4015bca14e64556c52614cdc7f?s=96&d=mm&r=g\",\"caption\":\"spartak\"},\"url\":\"https:\/\/fcspartaktrnava.com\/en\/author\/spartak\/\"}]}<\/script>\n<!-- \/ Yoast SEO plugin. -->","yoast_head_json":{"title":"U15-ka hrala s\u00a0Liverpoolom a\u00a0nav\u0161t\u00edvila aj Osvien\u010dim - FC Spartak Trnava","robots":{"index":"index","follow":"follow","max-snippet":"max-snippet:-1","max-image-preview":"max-image-preview:large","max-video-preview":"max-video-preview:-1"},"canonical":"https:\/\/fcspartaktrnava.com\/en\/u15-ka-hrala-s-liverpoolom-a-navstivila-aj-osviencim\/","twitter_misc":{"Written by":"spartak","Estimated reading time":"4 minutes"},"schema":{"@context":"https:\/\/schema.org","@graph":[{"@type":"Article","@id":"https:\/\/fcspartaktrnava.com\/u15-ka-hrala-s-liverpoolom-a-navstivila-aj-osviencim\/#article","isPartOf":{"@id":"https:\/\/fcspartaktrnava.com\/u15-ka-hrala-s-liverpoolom-a-navstivila-aj-osviencim\/"},"author":{"name":"spartak","@id":"https:\/\/fcspartaktrnava.com\/#\/schema\/person\/24bc5b254af14f71d7d8af178790aa75"},"headline":"U15-ka hrala s\u00a0Liverpoolom a\u00a0nav\u0161t\u00edvila aj Osvien\u010dim","datePublished":"2026-04-29T10:36:06+00:00","dateModified":"2026-04-29T10:36:07+00:00","mainEntityOfPage":{"@id":"https:\/\/fcspartaktrnava.com\/u15-ka-hrala-s-liverpoolom-a-navstivila-aj-osviencim\/"},"wordCount":568,"publisher":{"@id":"https:\/\/fcspartaktrnava.com\/#organization"},"image":{"@id":"https:\/\/fcspartaktrnava.com\/u15-ka-hrala-s-liverpoolom-a-navstivila-aj-osviencim\/#primaryimage"},"thumbnailUrl":"https:\/\/fcspartaktrnava.com\/wp-content\/uploads\/2026\/04\/WhatsApp-Image-2026-04-24-at-17.40.25-e1777458781192.jpeg","articleSection":["Ml\u00e1de\u017e","Spr\u00e1vy"],"inLanguage":"en-GB"},{"@type":"WebPage","@id":"https:\/\/fcspartaktrnava.com\/u15-ka-hrala-s-liverpoolom-a-navstivila-aj-osviencim\/","url":"https:\/\/fcspartaktrnava.com\/u15-ka-hrala-s-liverpoolom-a-navstivila-aj-osviencim\/","name":"U15-ka hrala s\u00a0Liverpoolom a\u00a0nav\u0161t\u00edvila aj Osvien\u010dim - FC Spartak Trnava","isPartOf":{"@id":"https:\/\/fcspartaktrnava.com\/#website"},"primaryImageOfPage":{"@id":"https:\/\/fcspartaktrnava.com\/u15-ka-hrala-s-liverpoolom-a-navstivila-aj-osviencim\/#primaryimage"},"image":{"@id":"https:\/\/fcspartaktrnava.com\/u15-ka-hrala-s-liverpoolom-a-navstivila-aj-osviencim\/#primaryimage"},"thumbnailUrl":"https:\/\/fcspartaktrnava.com\/wp-content\/uploads\/2026\/04\/WhatsApp-Image-2026-04-24-at-17.40.25-e1777458781192.jpeg","datePublished":"2026-04-29T10:36:06+00:00","dateModified":"2026-04-29T10:36:07+00:00","breadcrumb":{"@id":"https:\/\/fcspartaktrnava.com\/u15-ka-hrala-s-liverpoolom-a-navstivila-aj-osviencim\/#breadcrumb"},"inLanguage":"en-GB","potentialAction":[{"@type":"ReadAction","target":["https:\/\/fcspartaktrnava.com\/u15-ka-hrala-s-liverpoolom-a-navstivila-aj-osviencim\/"]}]},{"@type":"ImageObject","inLanguage":"en-GB","@id":"https:\/\/fcspartaktrnava.com\/u15-ka-hrala-s-liverpoolom-a-navstivila-aj-osviencim\/#primaryimage","url":"https:\/\/fcspartaktrnava.com\/wp-content\/uploads\/2026\/04\/WhatsApp-Image-2026-04-24-at-17.40.25-e1777458781192.jpeg","contentUrl":"https:\/\/fcspartaktrnava.com\/wp-content\/uploads\/2026\/04\/WhatsApp-Image-2026-04-24-at-17.40.25-e1777458781192.jpeg","width":826,"height":728},{"@type":"BreadcrumbList","@id":"https:\/\/fcspartaktrnava.com\/u15-ka-hrala-s-liverpoolom-a-navstivila-aj-osviencim\/#breadcrumb","itemListElement":[{"@type":"ListItem","position":1,"name":"Home","item":"https:\/\/fcspartaktrnava.com\/"},{"@type":"ListItem","position":2,"name":"U15-ka hrala s\u00a0Liverpoolom a\u00a0nav\u0161t\u00edvila aj Osvien\u010dim"}]},{"@type":"WebSite","@id":"https:\/\/fcspartaktrnava.com\/#website","url":"https:\/\/fcspartaktrnava.com\/","name":"FC Spartak Trnava","description":"ofici\u00e1lna webstr\u00e1nka futbalov\u00e9ho klubu","publisher":{"@id":"https:\/\/fcspartaktrnava.com\/#organization"},"potentialAction":[{"@type":"SearchAction","target":{"@type":"EntryPoint","urlTemplate":"https:\/\/fcspartaktrnava.com\/?s={search_term_string}"},"query-input":{"@type":"PropertyValueSpecification","valueRequired":true,"valueName":"search_term_string"}}],"inLanguage":"en-GB"},{"@type":"Organization","@id":"https:\/\/fcspartaktrnava.com\/#organization","name":"FC Spartak Trnava","alternateName":"Spartak","url":"https:\/\/fcspartaktrnava.com\/","logo":{"@type":"ImageObject","inLanguage":"en-GB","@id":"https:\/\/fcspartaktrnava.com\/#\/schema\/logo\/image\/","url":"https:\/\/fcspartaktrnava.com\/wp-content\/uploads\/2022\/08\/cropped-site_logo.png","contentUrl":"https:\/\/fcspartaktrnava.com\/wp-content\/uploads\/2022\/08\/cropped-site_logo.png","width":140,"height":140,"caption":"FC Spartak Trnava"},"image":{"@id":"https:\/\/fcspartaktrnava.com\/#\/schema\/logo\/image\/"},"sameAs":["https:\/\/www.facebook.com\/SpartakTrnava","https:\/\/x.com\/SpartakTrnava1","https:\/\/www.instagram.com\/spartak_sk\/"]},{"@type":"Person","@id":"https:\/\/fcspartaktrnava.com\/#\/schema\/person\/24bc5b254af14f71d7d8af178790aa75","name":"spartak","image":{"@type":"ImageObject","inLanguage":"en-GB","@id":"https:\/\/fcspartaktrnava.com\/#\/schema\/person\/image\/","url":"https:\/\/secure.gravatar.com\/avatar\/f8ff8584f3fcf3909a11a6da9019f37749183b4015bca14e64556c52614cdc7f?s=96&d=mm&r=g","contentUrl":"https:\/\/secure.gravatar.com\/avatar\/f8ff8584f3fcf3909a11a6da9019f37749183b4015bca14e64556c52614cdc7f?s=96&d=mm&r=g","caption":"spartak"},"url":"https:\/\/fcspartaktrnava.com\/en\/author\/spartak\/"}]}},"_links":{"self":[{"href":"https:\/\/fcspartaktrnava.com\/en\/wp-json\/wp\/v2\/posts\/43377","targetHints":{"allow":["GET"]}}],"collection":[{"href":"https:\/\/fcspartaktrnava.com\/en\/wp-json\/wp\/v2\/posts"}],"about":[{"href":"https:\/\/fcspartaktrnava.com\/en\/wp-json\/wp\/v2\/types\/post"}],"author":[{"embeddable":true,"href":"https:\/\/fcspartaktrnava.com\/en\/wp-json\/wp\/v2\/users\/2"}],"replies":[{"embeddable":true,"href":"https:\/\/fcspartaktrnava.com\/en\/wp-json\/wp\/v2\/comments?post=43377"}],"version-history":[{"count":0,"href":"https:\/\/fcspartaktrnava.com\/en\/wp-json\/wp\/v2\/posts\/43377\/revisions"}],"wp:featuredmedia":[{"embeddable":true,"href":"https:\/\/fcspartaktrnava.com\/en\/wp-json\/wp\/v2\/media\/43378"}],"wp:attachment":[{"href":"https:\/\/fcspartaktrnava.com\/en\/wp-json\/wp\/v2\/media?parent=43377"}],"wp:term":[{"taxonomy":"category","embeddable":true,"href":"https:\/\/fcspartaktrnava.com\/en\/wp-json\/wp\/v2\/categories?post=43377"},{"taxonomy":"post_tag","embeddable":true,"href":"https:\/\/fcspartaktrnava.com\/en\/wp-json\/wp\/v2\/tags?post=43377"}],"curies":[{"name":"wp","href":"https:\/\/api.w.org\/{rel}","templated":true}]}}