{"id":43372,"date":"2026-04-28T14:20:04","date_gmt":"2026-04-28T12:20:04","guid":{"rendered":"https:\/\/fcspartaktrnava.com\/?p=43372"},"modified":"2026-04-28T14:20:04","modified_gmt":"2026-04-28T12:20:04","slug":"posledny-zapas-sezony-na-stadione-antona-malatinskeho","status":"publish","type":"post","link":"https:\/\/fcspartaktrnava.com\/en\/posledny-zapas-sezony-na-stadione-antona-malatinskeho\/","title":{"rendered":"Posledn\u00fd z\u00e1pas sez\u00f3ny na \u0160tadi\u00f3ne Antona Malatinsk\u00e9ho!"},"content":{"rendered":"<p style=\"font-size:24px\"><strong>Sez\u00f3na 2025\/26 pomaly fini\u0161uje a Spartak je v boji o eur\u00f3pske poh\u00e1rov\u00e9 prie\u010dky. V poslednom dom\u00e1com z\u00e1pase sez\u00f3ny sa\u00a0Andeli\u00a0predstavia v s\u00faboji o v\u0161etko proti hos\u0165om zo\u00a0\u017diliny. V\u00fdkop z\u00e1pasu je napl\u00e1novan\u00fd na nede\u013eu\u00a010. m\u00e1ja\u00a0o\u00a019:00.<\/strong><\/p>\n\n\n<div class=\"wp-block-image\">\n<figure class=\"aligncenter size-large is-resized\"><a href=\"https:\/\/predpredaj.zoznam.sk\/sk\/listky\/fc-spartak-trnava-msk-zilina-2026-05-10\/\"><img loading=\"lazy\" decoding=\"async\" width=\"1024\" height=\"341\" src=\"https:\/\/fcspartaktrnava.com\/wp-content\/uploads\/2026\/04\/Predpredaj-banner-4-1024x341.png\" alt=\"\" class=\"wp-image-43373\" style=\"aspect-ratio:3.003016422746062;width:604px;height:auto\" srcset=\"https:\/\/fcspartaktrnava.com\/wp-content\/uploads\/2026\/04\/Predpredaj-banner-4-1024x341.png 1024w, https:\/\/fcspartaktrnava.com\/wp-content\/uploads\/2026\/04\/Predpredaj-banner-4-300x100.png 300w, https:\/\/fcspartaktrnava.com\/wp-content\/uploads\/2026\/04\/Predpredaj-banner-4-768x256.png 768w, https:\/\/fcspartaktrnava.com\/wp-content\/uploads\/2026\/04\/Predpredaj-banner-4-18x6.png 18w, https:\/\/fcspartaktrnava.com\/wp-content\/uploads\/2026\/04\/Predpredaj-banner-4.png 1140w\" sizes=\"auto, (max-width: 1024px) 100vw, 1024px\" \/><\/a><\/figure>\n<\/div>\n\n\n<p class=\"has-medium-font-size\">V ponuke op\u00e4\u0165 nebude ch\u00fdba\u0165 ani&nbsp;<strong>DETSK\u00dd SEKTOR<\/strong>&nbsp;(5, 6, 7) pre mami\u010dky s de\u0165mi. Vstupenku za symbolick\u00e9&nbsp;<strong>1 EURO<\/strong>&nbsp;si zak\u00fapite po vyplnen\u00ed v\u0161etk\u00fdch povinn\u00fdch \u00fadajov a n\u00e1slednom kliknut\u00ed na pol\u00ed\u010dko \u201eVyu\u017ei\u0165 z\u013eavu\u201c.<\/p>\n\n\n\n<p class=\"has-medium-font-size\">Pr\u00ed\u010f sa spolu s nami rozl\u00fa\u010di\u0165 so sez\u00f3nou vo ve\u013ekom \u0161t\u00fdle a pom\u00f4\u017e <strong>Andelom<\/strong> k zisku \u010fal\u0161\u00edch d\u00f4le\u017eit\u00fdch 3 bodov!<\/p>\n\n\n\n<p class=\"has-medium-font-size\">Vid\u00edme sa na \u0161tadi\u00f3ne.&nbsp;<strong>Trnava do teho<\/strong>!<\/p>","protected":false},"excerpt":{"rendered":"<p>Sez\u00f3na 2025\/26 pomaly fini\u0161uje a Spartak je v&#8230;<\/p>","protected":false},"author":5,"featured_media":43325,"comment_status":"closed","ping_status":"closed","sticky":false,"template":"","format":"standard","meta":{"footnotes":""},"categories":[12],"tags":[],"class_list":["post-43372","post","type-post","status-publish","format-standard","has-post-thumbnail","hentry","category-spravy","post-number-1"],"yoast_head":"<!-- This site is optimized with the Yoast SEO plugin v27.1.1 - https:\/\/yoast.com\/product\/yoast-seo-wordpress\/ -->\n<title>Posledn\u00fd z\u00e1pas sez\u00f3ny na \u0160tadi\u00f3ne Antona Malatinsk\u00e9ho! - FC Spartak Trnava<\/title>\n<meta name=\"robots\" content=\"index, follow, max-snippet:-1, max-image-preview:large, max-video-preview:-1\" \/>\n<link rel=\"canonical\" href=\"https:\/\/fcspartaktrnava.com\/en\/posledny-zapas-sezony-na-stadione-antona-malatinskeho\/\" \/>\n<meta name=\"twitter:label1\" content=\"Written by\" \/>\n\t<meta name=\"twitter:data1\" content=\"Samuel \u010eurinsk\u00fd\" \/>\n\t<meta name=\"twitter:label2\" content=\"Estimated reading time\" \/>\n\t<meta name=\"twitter:data2\" content=\"1 minute\" \/>\n<script type=\"application\/ld+json\" class=\"yoast-schema-graph\">{\"@context\":\"https:\/\/schema.org\",\"@graph\":[{\"@type\":\"Article\",\"@id\":\"https:\/\/fcspartaktrnava.com\/posledny-zapas-sezony-na-stadione-antona-malatinskeho\/#article\",\"isPartOf\":{\"@id\":\"https:\/\/fcspartaktrnava.com\/posledny-zapas-sezony-na-stadione-antona-malatinskeho\/\"},\"author\":{\"name\":\"Samuel \u010eurinsk\u00fd\",\"@id\":\"https:\/\/fcspartaktrnava.com\/#\/schema\/person\/62c3c2562c3c56e4c0c8c2342c596ac0\"},\"headline\":\"Posledn\u00fd z\u00e1pas sez\u00f3ny na \u0160tadi\u00f3ne Antona Malatinsk\u00e9ho!\",\"datePublished\":\"2026-04-28T12:20:04+00:00\",\"mainEntityOfPage\":{\"@id\":\"https:\/\/fcspartaktrnava.com\/posledny-zapas-sezony-na-stadione-antona-malatinskeho\/\"},\"wordCount\":145,\"publisher\":{\"@id\":\"https:\/\/fcspartaktrnava.com\/#organization\"},\"image\":{\"@id\":\"https:\/\/fcspartaktrnava.com\/posledny-zapas-sezony-na-stadione-antona-malatinskeho\/#primaryimage\"},\"thumbnailUrl\":\"https:\/\/fcspartaktrnava.com\/wp-content\/uploads\/2026\/04\/LUC_5603-1.jpg\",\"articleSection\":[\"Spr\u00e1vy\"],\"inLanguage\":\"en-GB\"},{\"@type\":\"WebPage\",\"@id\":\"https:\/\/fcspartaktrnava.com\/posledny-zapas-sezony-na-stadione-antona-malatinskeho\/\",\"url\":\"https:\/\/fcspartaktrnava.com\/posledny-zapas-sezony-na-stadione-antona-malatinskeho\/\",\"name\":\"Posledn\u00fd z\u00e1pas sez\u00f3ny na \u0160tadi\u00f3ne Antona Malatinsk\u00e9ho! - FC Spartak Trnava\",\"isPartOf\":{\"@id\":\"https:\/\/fcspartaktrnava.com\/#website\"},\"primaryImageOfPage\":{\"@id\":\"https:\/\/fcspartaktrnava.com\/posledny-zapas-sezony-na-stadione-antona-malatinskeho\/#primaryimage\"},\"image\":{\"@id\":\"https:\/\/fcspartaktrnava.com\/posledny-zapas-sezony-na-stadione-antona-malatinskeho\/#primaryimage\"},\"thumbnailUrl\":\"https:\/\/fcspartaktrnava.com\/wp-content\/uploads\/2026\/04\/LUC_5603-1.jpg\",\"datePublished\":\"2026-04-28T12:20:04+00:00\",\"breadcrumb\":{\"@id\":\"https:\/\/fcspartaktrnava.com\/posledny-zapas-sezony-na-stadione-antona-malatinskeho\/#breadcrumb\"},\"inLanguage\":\"en-GB\",\"potentialAction\":[{\"@type\":\"ReadAction\",\"target\":[\"https:\/\/fcspartaktrnava.com\/posledny-zapas-sezony-na-stadione-antona-malatinskeho\/\"]}]},{\"@type\":\"ImageObject\",\"inLanguage\":\"en-GB\",\"@id\":\"https:\/\/fcspartaktrnava.com\/posledny-zapas-sezony-na-stadione-antona-malatinskeho\/#primaryimage\",\"url\":\"https:\/\/fcspartaktrnava.com\/wp-content\/uploads\/2026\/04\/LUC_5603-1.jpg\",\"contentUrl\":\"https:\/\/fcspartaktrnava.com\/wp-content\/uploads\/2026\/04\/LUC_5603-1.jpg\",\"width\":1520,\"height\":1013},{\"@type\":\"BreadcrumbList\",\"@id\":\"https:\/\/fcspartaktrnava.com\/posledny-zapas-sezony-na-stadione-antona-malatinskeho\/#breadcrumb\",\"itemListElement\":[{\"@type\":\"ListItem\",\"position\":1,\"name\":\"Home\",\"item\":\"https:\/\/fcspartaktrnava.com\/\"},{\"@type\":\"ListItem\",\"position\":2,\"name\":\"Posledn\u00fd z\u00e1pas sez\u00f3ny na \u0160tadi\u00f3ne Antona Malatinsk\u00e9ho!\"}]},{\"@type\":\"WebSite\",\"@id\":\"https:\/\/fcspartaktrnava.com\/#website\",\"url\":\"https:\/\/fcspartaktrnava.com\/\",\"name\":\"FC Spartak Trnava\",\"description\":\"ofici\u00e1lna webstr\u00e1nka futbalov\u00e9ho klubu\",\"publisher\":{\"@id\":\"https:\/\/fcspartaktrnava.com\/#organization\"},\"potentialAction\":[{\"@type\":\"SearchAction\",\"target\":{\"@type\":\"EntryPoint\",\"urlTemplate\":\"https:\/\/fcspartaktrnava.com\/?s={search_term_string}\"},\"query-input\":{\"@type\":\"PropertyValueSpecification\",\"valueRequired\":true,\"valueName\":\"search_term_string\"}}],\"inLanguage\":\"en-GB\"},{\"@type\":\"Organization\",\"@id\":\"https:\/\/fcspartaktrnava.com\/#organization\",\"name\":\"FC Spartak Trnava\",\"alternateName\":\"Spartak\",\"url\":\"https:\/\/fcspartaktrnava.com\/\",\"logo\":{\"@type\":\"ImageObject\",\"inLanguage\":\"en-GB\",\"@id\":\"https:\/\/fcspartaktrnava.com\/#\/schema\/logo\/image\/\",\"url\":\"https:\/\/fcspartaktrnava.com\/wp-content\/uploads\/2022\/08\/cropped-site_logo.png\",\"contentUrl\":\"https:\/\/fcspartaktrnava.com\/wp-content\/uploads\/2022\/08\/cropped-site_logo.png\",\"width\":140,\"height\":140,\"caption\":\"FC Spartak Trnava\"},\"image\":{\"@id\":\"https:\/\/fcspartaktrnava.com\/#\/schema\/logo\/image\/\"},\"sameAs\":[\"https:\/\/www.facebook.com\/SpartakTrnava\",\"https:\/\/x.com\/SpartakTrnava1\",\"https:\/\/www.instagram.com\/spartak_sk\/\"]},{\"@type\":\"Person\",\"@id\":\"https:\/\/fcspartaktrnava.com\/#\/schema\/person\/62c3c2562c3c56e4c0c8c2342c596ac0\",\"name\":\"Samuel \u010eurinsk\u00fd\",\"image\":{\"@type\":\"ImageObject\",\"inLanguage\":\"en-GB\",\"@id\":\"https:\/\/fcspartaktrnava.com\/#\/schema\/person\/image\/\",\"url\":\"https:\/\/secure.gravatar.com\/avatar\/af2fa02af92418b86ed742470664fe40056833fb68d84becf03f6ab02319257c?s=96&d=mm&r=g\",\"contentUrl\":\"https:\/\/secure.gravatar.com\/avatar\/af2fa02af92418b86ed742470664fe40056833fb68d84becf03f6ab02319257c?s=96&d=mm&r=g\",\"caption\":\"Samuel \u010eurinsk\u00fd\"},\"url\":\"https:\/\/fcspartaktrnava.com\/en\/author\/fcst-samuel\/\"}]}<\/script>\n<!-- \/ Yoast SEO plugin. -->","yoast_head_json":{"title":"Posledn\u00fd z\u00e1pas sez\u00f3ny na \u0160tadi\u00f3ne Antona Malatinsk\u00e9ho! - FC Spartak Trnava","robots":{"index":"index","follow":"follow","max-snippet":"max-snippet:-1","max-image-preview":"max-image-preview:large","max-video-preview":"max-video-preview:-1"},"canonical":"https:\/\/fcspartaktrnava.com\/en\/posledny-zapas-sezony-na-stadione-antona-malatinskeho\/","twitter_misc":{"Written by":"Samuel \u010eurinsk\u00fd","Estimated reading time":"1 minute"},"schema":{"@context":"https:\/\/schema.org","@graph":[{"@type":"Article","@id":"https:\/\/fcspartaktrnava.com\/posledny-zapas-sezony-na-stadione-antona-malatinskeho\/#article","isPartOf":{"@id":"https:\/\/fcspartaktrnava.com\/posledny-zapas-sezony-na-stadione-antona-malatinskeho\/"},"author":{"name":"Samuel \u010eurinsk\u00fd","@id":"https:\/\/fcspartaktrnava.com\/#\/schema\/person\/62c3c2562c3c56e4c0c8c2342c596ac0"},"headline":"Posledn\u00fd z\u00e1pas sez\u00f3ny na \u0160tadi\u00f3ne Antona Malatinsk\u00e9ho!","datePublished":"2026-04-28T12:20:04+00:00","mainEntityOfPage":{"@id":"https:\/\/fcspartaktrnava.com\/posledny-zapas-sezony-na-stadione-antona-malatinskeho\/"},"wordCount":145,"publisher":{"@id":"https:\/\/fcspartaktrnava.com\/#organization"},"image":{"@id":"https:\/\/fcspartaktrnava.com\/posledny-zapas-sezony-na-stadione-antona-malatinskeho\/#primaryimage"},"thumbnailUrl":"https:\/\/fcspartaktrnava.com\/wp-content\/uploads\/2026\/04\/LUC_5603-1.jpg","articleSection":["Spr\u00e1vy"],"inLanguage":"en-GB"},{"@type":"WebPage","@id":"https:\/\/fcspartaktrnava.com\/posledny-zapas-sezony-na-stadione-antona-malatinskeho\/","url":"https:\/\/fcspartaktrnava.com\/posledny-zapas-sezony-na-stadione-antona-malatinskeho\/","name":"Posledn\u00fd z\u00e1pas sez\u00f3ny na \u0160tadi\u00f3ne Antona Malatinsk\u00e9ho! - FC Spartak Trnava","isPartOf":{"@id":"https:\/\/fcspartaktrnava.com\/#website"},"primaryImageOfPage":{"@id":"https:\/\/fcspartaktrnava.com\/posledny-zapas-sezony-na-stadione-antona-malatinskeho\/#primaryimage"},"image":{"@id":"https:\/\/fcspartaktrnava.com\/posledny-zapas-sezony-na-stadione-antona-malatinskeho\/#primaryimage"},"thumbnailUrl":"https:\/\/fcspartaktrnava.com\/wp-content\/uploads\/2026\/04\/LUC_5603-1.jpg","datePublished":"2026-04-28T12:20:04+00:00","breadcrumb":{"@id":"https:\/\/fcspartaktrnava.com\/posledny-zapas-sezony-na-stadione-antona-malatinskeho\/#breadcrumb"},"inLanguage":"en-GB","potentialAction":[{"@type":"ReadAction","target":["https:\/\/fcspartaktrnava.com\/posledny-zapas-sezony-na-stadione-antona-malatinskeho\/"]}]},{"@type":"ImageObject","inLanguage":"en-GB","@id":"https:\/\/fcspartaktrnava.com\/posledny-zapas-sezony-na-stadione-antona-malatinskeho\/#primaryimage","url":"https:\/\/fcspartaktrnava.com\/wp-content\/uploads\/2026\/04\/LUC_5603-1.jpg","contentUrl":"https:\/\/fcspartaktrnava.com\/wp-content\/uploads\/2026\/04\/LUC_5603-1.jpg","width":1520,"height":1013},{"@type":"BreadcrumbList","@id":"https:\/\/fcspartaktrnava.com\/posledny-zapas-sezony-na-stadione-antona-malatinskeho\/#breadcrumb","itemListElement":[{"@type":"ListItem","position":1,"name":"Home","item":"https:\/\/fcspartaktrnava.com\/"},{"@type":"ListItem","position":2,"name":"Posledn\u00fd z\u00e1pas sez\u00f3ny na \u0160tadi\u00f3ne Antona Malatinsk\u00e9ho!"}]},{"@type":"WebSite","@id":"https:\/\/fcspartaktrnava.com\/#website","url":"https:\/\/fcspartaktrnava.com\/","name":"FC Spartak Trnava","description":"ofici\u00e1lna webstr\u00e1nka futbalov\u00e9ho klubu","publisher":{"@id":"https:\/\/fcspartaktrnava.com\/#organization"},"potentialAction":[{"@type":"SearchAction","target":{"@type":"EntryPoint","urlTemplate":"https:\/\/fcspartaktrnava.com\/?s={search_term_string}"},"query-input":{"@type":"PropertyValueSpecification","valueRequired":true,"valueName":"search_term_string"}}],"inLanguage":"en-GB"},{"@type":"Organization","@id":"https:\/\/fcspartaktrnava.com\/#organization","name":"FC Spartak Trnava","alternateName":"Spartak","url":"https:\/\/fcspartaktrnava.com\/","logo":{"@type":"ImageObject","inLanguage":"en-GB","@id":"https:\/\/fcspartaktrnava.com\/#\/schema\/logo\/image\/","url":"https:\/\/fcspartaktrnava.com\/wp-content\/uploads\/2022\/08\/cropped-site_logo.png","contentUrl":"https:\/\/fcspartaktrnava.com\/wp-content\/uploads\/2022\/08\/cropped-site_logo.png","width":140,"height":140,"caption":"FC Spartak Trnava"},"image":{"@id":"https:\/\/fcspartaktrnava.com\/#\/schema\/logo\/image\/"},"sameAs":["https:\/\/www.facebook.com\/SpartakTrnava","https:\/\/x.com\/SpartakTrnava1","https:\/\/www.instagram.com\/spartak_sk\/"]},{"@type":"Person","@id":"https:\/\/fcspartaktrnava.com\/#\/schema\/person\/62c3c2562c3c56e4c0c8c2342c596ac0","name":"Samuel \u010eurinsk\u00fd","image":{"@type":"ImageObject","inLanguage":"en-GB","@id":"https:\/\/fcspartaktrnava.com\/#\/schema\/person\/image\/","url":"https:\/\/secure.gravatar.com\/avatar\/af2fa02af92418b86ed742470664fe40056833fb68d84becf03f6ab02319257c?s=96&d=mm&r=g","contentUrl":"https:\/\/secure.gravatar.com\/avatar\/af2fa02af92418b86ed742470664fe40056833fb68d84becf03f6ab02319257c?s=96&d=mm&r=g","caption":"Samuel \u010eurinsk\u00fd"},"url":"https:\/\/fcspartaktrnava.com\/en\/author\/fcst-samuel\/"}]}},"_links":{"self":[{"href":"https:\/\/fcspartaktrnava.com\/en\/wp-json\/wp\/v2\/posts\/43372","targetHints":{"allow":["GET"]}}],"collection":[{"href":"https:\/\/fcspartaktrnava.com\/en\/wp-json\/wp\/v2\/posts"}],"about":[{"href":"https:\/\/fcspartaktrnava.com\/en\/wp-json\/wp\/v2\/types\/post"}],"author":[{"embeddable":true,"href":"https:\/\/fcspartaktrnava.com\/en\/wp-json\/wp\/v2\/users\/5"}],"replies":[{"embeddable":true,"href":"https:\/\/fcspartaktrnava.com\/en\/wp-json\/wp\/v2\/comments?post=43372"}],"version-history":[{"count":0,"href":"https:\/\/fcspartaktrnava.com\/en\/wp-json\/wp\/v2\/posts\/43372\/revisions"}],"wp:featuredmedia":[{"embeddable":true,"href":"https:\/\/fcspartaktrnava.com\/en\/wp-json\/wp\/v2\/media\/43325"}],"wp:attachment":[{"href":"https:\/\/fcspartaktrnava.com\/en\/wp-json\/wp\/v2\/media?parent=43372"}],"wp:term":[{"taxonomy":"category","embeddable":true,"href":"https:\/\/fcspartaktrnava.com\/en\/wp-json\/wp\/v2\/categories?post=43372"},{"taxonomy":"post_tag","embeddable":true,"href":"https:\/\/fcspartaktrnava.com\/en\/wp-json\/wp\/v2\/tags?post=43372"}],"curies":[{"name":"wp","href":"https:\/\/api.w.org\/{rel}","templated":true}]}}