{"id":4333,"date":"2022-11-24T09:57:16","date_gmt":"2022-11-24T09:57:16","guid":{"rendered":"https:\/\/fcspartaktrnava.com\/?p=4333"},"modified":"2022-11-24T09:58:17","modified_gmt":"2022-11-24T09:58:17","slug":"dobrivoj-rusov-predlzil-zmluvu-do-spartakom","status":"publish","type":"post","link":"https:\/\/fcspartaktrnava.com\/en\/dobrivoj-rusov-predlzil-zmluvu-do-spartakom\/","title":{"rendered":"Dobrivoj Rusov pred\u013a\u017eil zmluvu so Spartakom"},"content":{"rendered":"<p>Vlani v&nbsp;marci si v&nbsp;\u017diline v\u00e1\u017ene poranil koleno brank\u00e1r Dobrivoj Rusov. Po n\u00e1slednej oper\u00e1cii pretrhnut\u00e9ho kr\u00ed\u017eneho v\u00e4zu takmer rok rehabilitoval a&nbsp;pripravoval sa na n\u00e1vrat do s\u00fa\u0165a\u017en\u00e9ho koloto\u010da. Ten za\u017eil po trin\u00e1stich mesiacoch v&nbsp;dom\u00e1com z\u00e1pase proti Slovanu, ktor\u00fd odchytal cel\u00fd, no bol znova nadlho posledn\u00fd. Napriek tesnej prehre 0:1 v&nbsp;oslaben\u00ed po vyl\u00fa\u010den\u00ed \u0160krtela sa zdalo, \u017ee Dobo bude po zranen\u00ed op\u00e4\u0165 fit. Bohu\u017eia\u013e, v&nbsp;n\u00e1slednom tr\u00e9ningovom procese operovan\u00fd v\u00e4z nevydr\u017eal a&nbsp;trnavsk\u00fd brank\u00e1r musel za\u010d\u00edna\u0165 odznova.<\/p>\n\n\n\n<p><strong><em>\u201eT\u00fdm si mus\u00ed \u010dlovek prejs\u0165, aby to pochopil. Ve\u013eakr\u00e1t som sa p\u00fdtal s\u00e1m seba, \u010d\u00edm som si to zasl\u00fa\u017eil, lebo a\u017e tak\u00fdto trest som si nezasl\u00fa\u017eil. Je to n\u00e1ro\u010dn\u00e9 a&nbsp;trv\u00e1 to ve\u013emi dlho. Rehabilit\u00e1cia je nielen \u0165a\u017ek\u00e1 po fyzickej str\u00e1nke, ale aj na hlavu. Je n\u00e1ro\u010dn\u00e9 n\u00e1js\u0165 si motiv\u00e1ciu a&nbsp;veri\u0165 v&nbsp;to, \u017ee noha bude op\u00e4\u0165 zdrav\u00e1. A&nbsp;prejs\u0165 si v\u0161etk\u00fdm druh\u00fdkr\u00e1t, tak to u\u017e je nie\u010do&#8230;,\u201c<\/em><\/strong> hovor\u00ed brank\u00e1r, ktor\u00fd na za\u010diatku bud\u00faceho roka osl\u00e1vi okr\u00fahlu tridsiatku.<\/p>\n\n\n\n<p>Motiv\u00e1ciu vydr\u017ea\u0165 mu v\u0161ak okrem najbli\u017e\u0161\u00edch dal aj matersk\u00fd klub Spartak Trnava, ktor\u00fd mu pon\u00fakol nov\u00fa zmluvu do konca sez\u00f3ny 2023\/24, na ktorej sa obe strany dohodli. <strong><em>\u201eV\u017edy som hovoril, \u017ee chcem by\u0165 v&nbsp;Spartaku \u010do najdlh\u0161ie. Moment\u00e1lne prech\u00e1dzam obdob\u00edm, ktor\u00e9 nie je v\u00f4bec jednoduch\u00e9, a\u017e hrani\u010dn\u00e9, tak\u017ee je to pre m\u0148a tak\u00e1 siln\u00e1 vzpruha, \u017ee klub mi st\u00e1le d\u00f4veruje. Dalo mi to ve\u013ea motiv\u00e1cie do \u010fal\u0161ej pr\u00e1ce a&nbsp;ver\u00edm v&nbsp;to, \u017ee pr\u00edde de\u0148, ke\u010f budem kone\u010dne zdrav\u00fd a&nbsp;t\u00fa d\u00f4veru mu splat\u00edm.\u201c<\/em><\/strong><\/p>\n\n\n\n<p>Rusov tentoraz podst\u00fapil z\u00e1krok na klinike v&nbsp;rak\u00faskom Innsbrucku a&nbsp;rehabilit\u00e1ciu podstupuje v&nbsp;Banskej Bystrici. Nechce ni\u010d upon\u00e1h\u013ea\u0165, no ak v\u0161etko p\u00f4jde dobre, mohol by sa do plnej tr\u00e9ningovej z\u00e1\u0165a\u017ee zapoji\u0165 e\u0161te v&nbsp;jarnej \u010dasti tejto sez\u00f3ny. <strong><em>\u201eM\u00e1m \u0161es\u0165 a&nbsp;pol mesiaca po oper\u00e1cii a&nbsp;som vo f\u00e1ze, kedy u\u017e dost\u00e1vam dos\u0165 zabra\u0165. St\u00e1le e\u0161te nem\u00f4\u017eem a&nbsp;ani nechcem kopa\u0165 do lopty, nerob\u00edm zmeny smeru, ale u\u017e sk\u00e1\u010dem a&nbsp;dopad\u00e1m na t\u00fa nohu. V\u0161etko sa odv\u00edja od toho, \u010do povie lek\u00e1r, ktor\u00fd je jedin\u00fd, kto mi m\u00f4\u017ee da\u0165 zelen\u00fa. Boli pr\u00edpady, \u017ee to bolo po deviatich mesiacov, ale nezriedka a\u017e po jeden\u00e1stich. \u0164a\u017eko poveda\u0165.\u201c<\/em><\/strong><\/p>\n\n\n\n<p>Cel\u00fd rozhovor s\u00a0Dobrivojom Rusovom si m\u00f4\u017eete pozrie\u0165 na klubovom youtube kan\u00e1li.<\/p>\n\n\n\n<figure class=\"wp-block-embed is-type-video is-provider-youtube wp-block-embed-youtube wp-embed-aspect-16-9 wp-has-aspect-ratio\"><div class=\"wp-block-embed__wrapper\">\n<iframe loading=\"lazy\" title=\"Dobrivoj Rusov po pred\u013a\u017een\u00ed zmluvy\" width=\"500\" height=\"281\" src=\"https:\/\/www.youtube.com\/embed\/mFwrcs7f0fk?feature=oembed\" frameborder=\"0\" allow=\"accelerometer; autoplay; clipboard-write; encrypted-media; gyroscope; picture-in-picture; web-share\" referrerpolicy=\"strict-origin-when-cross-origin\" allowfullscreen><\/iframe>\n<\/div><\/figure>","protected":false},"excerpt":{"rendered":"<p>Vlani v&nbsp;marci si v&nbsp;\u017diline v\u00e1\u017ene poranil koleno brank\u00e1r&#8230;<\/p>","protected":false},"author":2,"featured_media":4334,"comment_status":"closed","ping_status":"closed","sticky":false,"template":"","format":"standard","meta":{"footnotes":""},"categories":[41,50],"tags":[],"class_list":["post-4333","post","type-post","status-publish","format-standard","has-post-thumbnail","hentry","category-intervju","category-rozhovory","post-number-1"],"yoast_head":"<!-- This site is optimized with the Yoast SEO plugin v27.1.1 - https:\/\/yoast.com\/product\/yoast-seo-wordpress\/ -->\n<title>Dobrivoj Rusov pred\u013a\u017eil zmluvu so Spartakom - FC Spartak Trnava<\/title>\n<meta name=\"robots\" content=\"index, follow, max-snippet:-1, max-image-preview:large, max-video-preview:-1\" \/>\n<link rel=\"canonical\" href=\"https:\/\/fcspartaktrnava.com\/en\/dobrivoj-rusov-predlzil-zmluvu-do-spartakom\/\" \/>\n<meta name=\"twitter:label1\" content=\"Written by\" \/>\n\t<meta name=\"twitter:data1\" content=\"spartak\" \/>\n\t<meta name=\"twitter:label2\" content=\"Estimated reading time\" \/>\n\t<meta name=\"twitter:data2\" content=\"2 minutes\" \/>\n<script type=\"application\/ld+json\" class=\"yoast-schema-graph\">{\"@context\":\"https:\/\/schema.org\",\"@graph\":[{\"@type\":\"Article\",\"@id\":\"https:\/\/fcspartaktrnava.com\/dobrivoj-rusov-predlzil-zmluvu-do-spartakom\/#article\",\"isPartOf\":{\"@id\":\"https:\/\/fcspartaktrnava.com\/dobrivoj-rusov-predlzil-zmluvu-do-spartakom\/\"},\"author\":{\"name\":\"spartak\",\"@id\":\"https:\/\/fcspartaktrnava.com\/#\/schema\/person\/24bc5b254af14f71d7d8af178790aa75\"},\"headline\":\"Dobrivoj Rusov pred\u013a\u017eil zmluvu so Spartakom\",\"datePublished\":\"2022-11-24T09:57:16+00:00\",\"dateModified\":\"2022-11-24T09:58:17+00:00\",\"mainEntityOfPage\":{\"@id\":\"https:\/\/fcspartaktrnava.com\/dobrivoj-rusov-predlzil-zmluvu-do-spartakom\/\"},\"wordCount\":505,\"publisher\":{\"@id\":\"https:\/\/fcspartaktrnava.com\/#organization\"},\"image\":{\"@id\":\"https:\/\/fcspartaktrnava.com\/dobrivoj-rusov-predlzil-zmluvu-do-spartakom\/#primaryimage\"},\"thumbnailUrl\":\"https:\/\/fcspartaktrnava.com\/wp-content\/uploads\/2022\/11\/dobo.jpg\",\"articleSection\":[\"Rozhovory\",\"Rozhovory\"],\"inLanguage\":\"en-GB\"},{\"@type\":\"WebPage\",\"@id\":\"https:\/\/fcspartaktrnava.com\/dobrivoj-rusov-predlzil-zmluvu-do-spartakom\/\",\"url\":\"https:\/\/fcspartaktrnava.com\/dobrivoj-rusov-predlzil-zmluvu-do-spartakom\/\",\"name\":\"Dobrivoj Rusov pred\u013a\u017eil zmluvu so Spartakom - FC Spartak Trnava\",\"isPartOf\":{\"@id\":\"https:\/\/fcspartaktrnava.com\/#website\"},\"primaryImageOfPage\":{\"@id\":\"https:\/\/fcspartaktrnava.com\/dobrivoj-rusov-predlzil-zmluvu-do-spartakom\/#primaryimage\"},\"image\":{\"@id\":\"https:\/\/fcspartaktrnava.com\/dobrivoj-rusov-predlzil-zmluvu-do-spartakom\/#primaryimage\"},\"thumbnailUrl\":\"https:\/\/fcspartaktrnava.com\/wp-content\/uploads\/2022\/11\/dobo.jpg\",\"datePublished\":\"2022-11-24T09:57:16+00:00\",\"dateModified\":\"2022-11-24T09:58:17+00:00\",\"breadcrumb\":{\"@id\":\"https:\/\/fcspartaktrnava.com\/dobrivoj-rusov-predlzil-zmluvu-do-spartakom\/#breadcrumb\"},\"inLanguage\":\"en-GB\",\"potentialAction\":[{\"@type\":\"ReadAction\",\"target\":[\"https:\/\/fcspartaktrnava.com\/dobrivoj-rusov-predlzil-zmluvu-do-spartakom\/\"]}]},{\"@type\":\"ImageObject\",\"inLanguage\":\"en-GB\",\"@id\":\"https:\/\/fcspartaktrnava.com\/dobrivoj-rusov-predlzil-zmluvu-do-spartakom\/#primaryimage\",\"url\":\"https:\/\/fcspartaktrnava.com\/wp-content\/uploads\/2022\/11\/dobo.jpg\",\"contentUrl\":\"https:\/\/fcspartaktrnava.com\/wp-content\/uploads\/2022\/11\/dobo.jpg\",\"width\":998,\"height\":665},{\"@type\":\"BreadcrumbList\",\"@id\":\"https:\/\/fcspartaktrnava.com\/dobrivoj-rusov-predlzil-zmluvu-do-spartakom\/#breadcrumb\",\"itemListElement\":[{\"@type\":\"ListItem\",\"position\":1,\"name\":\"Home\",\"item\":\"https:\/\/fcspartaktrnava.com\/\"},{\"@type\":\"ListItem\",\"position\":2,\"name\":\"Dobrivoj Rusov pred\u013a\u017eil zmluvu so Spartakom\"}]},{\"@type\":\"WebSite\",\"@id\":\"https:\/\/fcspartaktrnava.com\/#website\",\"url\":\"https:\/\/fcspartaktrnava.com\/\",\"name\":\"FC Spartak Trnava\",\"description\":\"ofici\u00e1lna webstr\u00e1nka futbalov\u00e9ho klubu\",\"publisher\":{\"@id\":\"https:\/\/fcspartaktrnava.com\/#organization\"},\"potentialAction\":[{\"@type\":\"SearchAction\",\"target\":{\"@type\":\"EntryPoint\",\"urlTemplate\":\"https:\/\/fcspartaktrnava.com\/?s={search_term_string}\"},\"query-input\":{\"@type\":\"PropertyValueSpecification\",\"valueRequired\":true,\"valueName\":\"search_term_string\"}}],\"inLanguage\":\"en-GB\"},{\"@type\":\"Organization\",\"@id\":\"https:\/\/fcspartaktrnava.com\/#organization\",\"name\":\"FC Spartak Trnava\",\"alternateName\":\"Spartak\",\"url\":\"https:\/\/fcspartaktrnava.com\/\",\"logo\":{\"@type\":\"ImageObject\",\"inLanguage\":\"en-GB\",\"@id\":\"https:\/\/fcspartaktrnava.com\/#\/schema\/logo\/image\/\",\"url\":\"https:\/\/fcspartaktrnava.com\/wp-content\/uploads\/2022\/08\/cropped-site_logo.png\",\"contentUrl\":\"https:\/\/fcspartaktrnava.com\/wp-content\/uploads\/2022\/08\/cropped-site_logo.png\",\"width\":140,\"height\":140,\"caption\":\"FC Spartak Trnava\"},\"image\":{\"@id\":\"https:\/\/fcspartaktrnava.com\/#\/schema\/logo\/image\/\"},\"sameAs\":[\"https:\/\/www.facebook.com\/SpartakTrnava\",\"https:\/\/x.com\/SpartakTrnava1\",\"https:\/\/www.instagram.com\/spartak_sk\/\"]},{\"@type\":\"Person\",\"@id\":\"https:\/\/fcspartaktrnava.com\/#\/schema\/person\/24bc5b254af14f71d7d8af178790aa75\",\"name\":\"spartak\",\"image\":{\"@type\":\"ImageObject\",\"inLanguage\":\"en-GB\",\"@id\":\"https:\/\/fcspartaktrnava.com\/#\/schema\/person\/image\/\",\"url\":\"https:\/\/secure.gravatar.com\/avatar\/f8ff8584f3fcf3909a11a6da9019f37749183b4015bca14e64556c52614cdc7f?s=96&d=mm&r=g\",\"contentUrl\":\"https:\/\/secure.gravatar.com\/avatar\/f8ff8584f3fcf3909a11a6da9019f37749183b4015bca14e64556c52614cdc7f?s=96&d=mm&r=g\",\"caption\":\"spartak\"},\"url\":\"https:\/\/fcspartaktrnava.com\/en\/author\/spartak\/\"}]}<\/script>\n<!-- \/ Yoast SEO plugin. -->","yoast_head_json":{"title":"Dobrivoj Rusov pred\u013a\u017eil zmluvu so Spartakom - FC Spartak Trnava","robots":{"index":"index","follow":"follow","max-snippet":"max-snippet:-1","max-image-preview":"max-image-preview:large","max-video-preview":"max-video-preview:-1"},"canonical":"https:\/\/fcspartaktrnava.com\/en\/dobrivoj-rusov-predlzil-zmluvu-do-spartakom\/","twitter_misc":{"Written by":"spartak","Estimated reading time":"2 minutes"},"schema":{"@context":"https:\/\/schema.org","@graph":[{"@type":"Article","@id":"https:\/\/fcspartaktrnava.com\/dobrivoj-rusov-predlzil-zmluvu-do-spartakom\/#article","isPartOf":{"@id":"https:\/\/fcspartaktrnava.com\/dobrivoj-rusov-predlzil-zmluvu-do-spartakom\/"},"author":{"name":"spartak","@id":"https:\/\/fcspartaktrnava.com\/#\/schema\/person\/24bc5b254af14f71d7d8af178790aa75"},"headline":"Dobrivoj Rusov pred\u013a\u017eil zmluvu so Spartakom","datePublished":"2022-11-24T09:57:16+00:00","dateModified":"2022-11-24T09:58:17+00:00","mainEntityOfPage":{"@id":"https:\/\/fcspartaktrnava.com\/dobrivoj-rusov-predlzil-zmluvu-do-spartakom\/"},"wordCount":505,"publisher":{"@id":"https:\/\/fcspartaktrnava.com\/#organization"},"image":{"@id":"https:\/\/fcspartaktrnava.com\/dobrivoj-rusov-predlzil-zmluvu-do-spartakom\/#primaryimage"},"thumbnailUrl":"https:\/\/fcspartaktrnava.com\/wp-content\/uploads\/2022\/11\/dobo.jpg","articleSection":["Rozhovory","Rozhovory"],"inLanguage":"en-GB"},{"@type":"WebPage","@id":"https:\/\/fcspartaktrnava.com\/dobrivoj-rusov-predlzil-zmluvu-do-spartakom\/","url":"https:\/\/fcspartaktrnava.com\/dobrivoj-rusov-predlzil-zmluvu-do-spartakom\/","name":"Dobrivoj Rusov pred\u013a\u017eil zmluvu so Spartakom - FC Spartak Trnava","isPartOf":{"@id":"https:\/\/fcspartaktrnava.com\/#website"},"primaryImageOfPage":{"@id":"https:\/\/fcspartaktrnava.com\/dobrivoj-rusov-predlzil-zmluvu-do-spartakom\/#primaryimage"},"image":{"@id":"https:\/\/fcspartaktrnava.com\/dobrivoj-rusov-predlzil-zmluvu-do-spartakom\/#primaryimage"},"thumbnailUrl":"https:\/\/fcspartaktrnava.com\/wp-content\/uploads\/2022\/11\/dobo.jpg","datePublished":"2022-11-24T09:57:16+00:00","dateModified":"2022-11-24T09:58:17+00:00","breadcrumb":{"@id":"https:\/\/fcspartaktrnava.com\/dobrivoj-rusov-predlzil-zmluvu-do-spartakom\/#breadcrumb"},"inLanguage":"en-GB","potentialAction":[{"@type":"ReadAction","target":["https:\/\/fcspartaktrnava.com\/dobrivoj-rusov-predlzil-zmluvu-do-spartakom\/"]}]},{"@type":"ImageObject","inLanguage":"en-GB","@id":"https:\/\/fcspartaktrnava.com\/dobrivoj-rusov-predlzil-zmluvu-do-spartakom\/#primaryimage","url":"https:\/\/fcspartaktrnava.com\/wp-content\/uploads\/2022\/11\/dobo.jpg","contentUrl":"https:\/\/fcspartaktrnava.com\/wp-content\/uploads\/2022\/11\/dobo.jpg","width":998,"height":665},{"@type":"BreadcrumbList","@id":"https:\/\/fcspartaktrnava.com\/dobrivoj-rusov-predlzil-zmluvu-do-spartakom\/#breadcrumb","itemListElement":[{"@type":"ListItem","position":1,"name":"Home","item":"https:\/\/fcspartaktrnava.com\/"},{"@type":"ListItem","position":2,"name":"Dobrivoj Rusov pred\u013a\u017eil zmluvu so Spartakom"}]},{"@type":"WebSite","@id":"https:\/\/fcspartaktrnava.com\/#website","url":"https:\/\/fcspartaktrnava.com\/","name":"FC Spartak Trnava","description":"ofici\u00e1lna webstr\u00e1nka futbalov\u00e9ho klubu","publisher":{"@id":"https:\/\/fcspartaktrnava.com\/#organization"},"potentialAction":[{"@type":"SearchAction","target":{"@type":"EntryPoint","urlTemplate":"https:\/\/fcspartaktrnava.com\/?s={search_term_string}"},"query-input":{"@type":"PropertyValueSpecification","valueRequired":true,"valueName":"search_term_string"}}],"inLanguage":"en-GB"},{"@type":"Organization","@id":"https:\/\/fcspartaktrnava.com\/#organization","name":"FC Spartak Trnava","alternateName":"Spartak","url":"https:\/\/fcspartaktrnava.com\/","logo":{"@type":"ImageObject","inLanguage":"en-GB","@id":"https:\/\/fcspartaktrnava.com\/#\/schema\/logo\/image\/","url":"https:\/\/fcspartaktrnava.com\/wp-content\/uploads\/2022\/08\/cropped-site_logo.png","contentUrl":"https:\/\/fcspartaktrnava.com\/wp-content\/uploads\/2022\/08\/cropped-site_logo.png","width":140,"height":140,"caption":"FC Spartak Trnava"},"image":{"@id":"https:\/\/fcspartaktrnava.com\/#\/schema\/logo\/image\/"},"sameAs":["https:\/\/www.facebook.com\/SpartakTrnava","https:\/\/x.com\/SpartakTrnava1","https:\/\/www.instagram.com\/spartak_sk\/"]},{"@type":"Person","@id":"https:\/\/fcspartaktrnava.com\/#\/schema\/person\/24bc5b254af14f71d7d8af178790aa75","name":"spartak","image":{"@type":"ImageObject","inLanguage":"en-GB","@id":"https:\/\/fcspartaktrnava.com\/#\/schema\/person\/image\/","url":"https:\/\/secure.gravatar.com\/avatar\/f8ff8584f3fcf3909a11a6da9019f37749183b4015bca14e64556c52614cdc7f?s=96&d=mm&r=g","contentUrl":"https:\/\/secure.gravatar.com\/avatar\/f8ff8584f3fcf3909a11a6da9019f37749183b4015bca14e64556c52614cdc7f?s=96&d=mm&r=g","caption":"spartak"},"url":"https:\/\/fcspartaktrnava.com\/en\/author\/spartak\/"}]}},"_links":{"self":[{"href":"https:\/\/fcspartaktrnava.com\/en\/wp-json\/wp\/v2\/posts\/4333","targetHints":{"allow":["GET"]}}],"collection":[{"href":"https:\/\/fcspartaktrnava.com\/en\/wp-json\/wp\/v2\/posts"}],"about":[{"href":"https:\/\/fcspartaktrnava.com\/en\/wp-json\/wp\/v2\/types\/post"}],"author":[{"embeddable":true,"href":"https:\/\/fcspartaktrnava.com\/en\/wp-json\/wp\/v2\/users\/2"}],"replies":[{"embeddable":true,"href":"https:\/\/fcspartaktrnava.com\/en\/wp-json\/wp\/v2\/comments?post=4333"}],"version-history":[{"count":0,"href":"https:\/\/fcspartaktrnava.com\/en\/wp-json\/wp\/v2\/posts\/4333\/revisions"}],"wp:featuredmedia":[{"embeddable":true,"href":"https:\/\/fcspartaktrnava.com\/en\/wp-json\/wp\/v2\/media\/4334"}],"wp:attachment":[{"href":"https:\/\/fcspartaktrnava.com\/en\/wp-json\/wp\/v2\/media?parent=4333"}],"wp:term":[{"taxonomy":"category","embeddable":true,"href":"https:\/\/fcspartaktrnava.com\/en\/wp-json\/wp\/v2\/categories?post=4333"},{"taxonomy":"post_tag","embeddable":true,"href":"https:\/\/fcspartaktrnava.com\/en\/wp-json\/wp\/v2\/tags?post=4333"}],"curies":[{"name":"wp","href":"https:\/\/api.w.org\/{rel}","templated":true}]}}