{"id":43172,"date":"2026-04-26T20:06:50","date_gmt":"2026-04-26T18:06:50","guid":{"rendered":"https:\/\/fcspartaktrnava.com\/?p=43172"},"modified":"2026-04-26T22:13:21","modified_gmt":"2026-04-26T20:13:21","slug":"derby-so-slovanom-aj-v-mladezi","status":"publish","type":"post","link":"https:\/\/fcspartaktrnava.com\/en\/derby-so-slovanom-aj-v-mladezi\/","title":{"rendered":"Derby so Slovanom aj v ml\u00e1de\u017ei"},"content":{"rendered":"<p class=\"has-text-align-center\"><strong>FC Spartak Trnava U19 \u2013 \u0160K Slovan Bratislava U19 1:0 (1:0)<\/strong><\/p>\n\n\n\n<p class=\"has-text-align-center\">Najsl\u00e1vnej\u0161ie slovensk\u00e9 derby sa neodohralo iba v&nbsp;Nik\u00e9 lige, ale aj v&nbsp;ml\u00e1de\u017en\u00edckych kateg\u00f3ri\u00e1ch. Dev\u00e4tn\u00e1stka hostila Slovan a&nbsp;g\u00f3lom Tejzra z&nbsp;8. min\u00faty vyhrala 1:0.<\/p>\n\n\n\n<p class=\"has-text-align-center\"><strong>FCST U19: <\/strong>Jablonick\u00fd \u2013 Hus\u00e1r, Redenkovi\u010d, Pristach (C), Konopka, Benkovsk\u00fd (81. Roh\u00e1\u010d), Tejzr, Flimmel, Pta\u010d\u00edn (59. Farka\u0161), Duchovi\u010d (81. Ma\u0165o), Velick\u00fd (66. Priecel)<\/p>\n\n\n\n<p class=\"has-text-align-center\"><strong>Goals: <\/strong>8. Tejzr<\/p>\n\n\n\n<p class=\"has-text-align-center\"><strong>Yellow cards: <\/strong>Benkovsk\u00fd, Pristach, Tejzr, Hus\u00e1r, Jablonick\u00fd<\/p>\n\n\n\n<p class=\"has-text-align-center\"><strong>Peter Ga\u017ei: \u201eNa z\u00e1pas sme boli v\u00fdborne nastaven\u00ed, \u010do sa prejavilo najm\u00e4 v \u00favodn\u00fdch 30-tich min\u00fatach, po\u010das ktor\u00fdch sme dominovali a rozhodli o v\u00fdsledku. Prv\u00fd g\u00f3l sme strelili po peknej kombina\u010dnej akcii. V tomto \u00faseku sme v\u0161ak pri lep\u0161om rie\u0161en\u00ed situ\u00e1ci\u00ed mohli prida\u0165 e\u0161te minim\u00e1lne dva g\u00f3ly. Od tohto momentu a\u017e do konca z\u00e1pasu bol s\u00edce viac na lopte s\u00faper, no okrem jednej strely zvn\u00fatra pokutov\u00e9ho \u00fazemia sme ho nepustili do nebezpe\u010dn\u00fdch priestorov a v\u00fdborne sme pracovali v defenz\u00edve. Z\u00e1rove\u0148 sme ve\u013emi dobre zvl\u00e1dli aj br\u00e1nenie v\u00e4\u010d\u0161ieho po\u010dtu \u0161tandardn\u00fdch situ\u00e1ci\u00ed. Hne\u010f v \u00favode druh\u00e9ho pol\u010dasu a rovnako aj v z\u00e1vere z\u00e1pasu sme si vytvorili ve\u013ek\u00e9 pr\u00edle\u017eitosti, ktor\u00fdmi sme mohli z\u00e1pas definit\u00edvne upokoji\u0165. Te\u0161\u00ed n\u00e1s v\u00ed\u0165azstvo v tomto prest\u00ed\u017enom ml\u00e1de\u017en\u00edckom z\u00e1pase a teraz sa potrebujeme kvalitne pripravi\u0165 na nasleduj\u00faci t\u00fd\u017ede\u0148, ktor\u00fd m\u00f4\u017ee by\u0165 z m\u00f4jho poh\u013eadu k\u013e\u00fa\u010dov\u00fd pre \u010fal\u0161\u00ed v\u00fdvoj sez\u00f3ny.\u201c<\/strong><\/p>\n\n\n<div class=\"wp-block-image\">\n<figure class=\"aligncenter size-large is-resized\"><img loading=\"lazy\" decoding=\"async\" width=\"1024\" height=\"683\" src=\"https:\/\/fcspartaktrnava.com\/wp-content\/uploads\/2026\/04\/LUC_4332-1024x683.jpg\" alt=\"\" class=\"wp-image-43173\" style=\"aspect-ratio:1.499330655957162;width:640px;height:auto\" srcset=\"https:\/\/fcspartaktrnava.com\/wp-content\/uploads\/2026\/04\/LUC_4332-1024x683.jpg 1024w, https:\/\/fcspartaktrnava.com\/wp-content\/uploads\/2026\/04\/LUC_4332-300x200.jpg 300w, https:\/\/fcspartaktrnava.com\/wp-content\/uploads\/2026\/04\/LUC_4332-768x513.jpg 768w, https:\/\/fcspartaktrnava.com\/wp-content\/uploads\/2026\/04\/LUC_4332-1536x1025.jpg 1536w, https:\/\/fcspartaktrnava.com\/wp-content\/uploads\/2026\/04\/LUC_4332-2048x1367.jpg 2048w, https:\/\/fcspartaktrnava.com\/wp-content\/uploads\/2026\/04\/LUC_4332-18x12.jpg 18w\" sizes=\"auto, (max-width: 1024px) 100vw, 1024px\" \/><\/figure>\n<\/div>\n\n<div class=\"wp-block-image\">\n<figure class=\"aligncenter size-large is-resized\"><img loading=\"lazy\" decoding=\"async\" width=\"1024\" height=\"682\" src=\"https:\/\/fcspartaktrnava.com\/wp-content\/uploads\/2026\/04\/LUK_4773-1-1024x682.jpg\" alt=\"\" class=\"wp-image-43174\" style=\"aspect-ratio:1.501508211373031;width:642px;height:auto\" srcset=\"https:\/\/fcspartaktrnava.com\/wp-content\/uploads\/2026\/04\/LUK_4773-1-1024x682.jpg 1024w, https:\/\/fcspartaktrnava.com\/wp-content\/uploads\/2026\/04\/LUK_4773-1-300x200.jpg 300w, https:\/\/fcspartaktrnava.com\/wp-content\/uploads\/2026\/04\/LUK_4773-1-768x511.jpg 768w, https:\/\/fcspartaktrnava.com\/wp-content\/uploads\/2026\/04\/LUK_4773-1-1536x1023.jpg 1536w, https:\/\/fcspartaktrnava.com\/wp-content\/uploads\/2026\/04\/LUK_4773-1-2048x1363.jpg 2048w, https:\/\/fcspartaktrnava.com\/wp-content\/uploads\/2026\/04\/LUK_4773-1-18x12.jpg 18w\" sizes=\"auto, (max-width: 1024px) 100vw, 1024px\" \/><\/figure>\n<\/div>\n\n\n<p class=\"has-text-align-center\"><strong>\u0160K Slovan Bratislava U17 \u2013 FC Spartak Trnava U17 1:1 (1:1)<\/strong><\/p>\n\n\n\n<p class=\"has-text-align-center\">R\u00fdchly g\u00f3l sme zaznamenali aj v z\u00e1pase&nbsp;kateg\u00f3rie U17, ke\u010f u\u017e v&nbsp;10. min\u00fate otvoril sk\u00f3re \u0160emel\u00e1k. V&nbsp;tomto pr\u00edpade ale belas\u00ed vyrovnali a&nbsp;napokon sa na p\u00f4de l\u00eddra s\u00fa\u0165a\u017ee zrodila rem\u00edza 1:1.<\/p>\n\n\n\n<p class=\"has-text-align-center\"><strong>FCST U17: <\/strong>Pavelka \u2013 Studen\u00fd, Mar\u010di\u0161, Lenghardt, \u0160emel\u00e1k, Dole\u017eaj, Bohunick\u00fd (C), Bartovi\u010d, Pittel (85. Knotek), Holek (90. Bachrat\u00fd), Feni\u010d<\/p>\n\n\n\n<p class=\"has-text-align-center\"><strong>Goals: <\/strong>10. \u0160emel\u00e1k<\/p>\n\n\n\n<p class=\"has-text-align-center\"><strong>Yellow cards: <\/strong>Lenghardt, Pittel<\/p>\n\n\n\n<p class=\"has-text-align-center\"><strong>Karol Kantek: \u201eDom\u00e1ci boli od za\u010diatku akt\u00edvnej\u0161\u00ed na lopte, ale do vedenia sme sa dostali po g\u00f3le \u0160emel\u00e1ka. Chceli sme vych\u00e1dza\u0165 z dobre organizovanej obrany, av\u0161ak spravili sme chybu pri g\u00f3le, ke\u010f sme situ\u00e1ciu zle vyrie\u0161ili a s\u00faper vyrovnal. Hne\u010f po zmene str\u00e1n sme si vypracovali pr\u00edle\u017eitos\u0165 Mar\u010di\u0161om, ktor\u00fd prekop\u00e1val vy\u0161\u0161ie postaven\u00e9ho brank\u00e1ra, no pr\u00e1zdnu br\u00e1nu netrafil. Druhy pol\u010das bol vyrovnanej\u0161\u00ed, \u010do sa t\u00fdka dr\u017eania lopty, ale nedok\u00e1zali sme niektor\u00e9 dobre za\u010d\u00ednaj\u00face sa \u00fatoky dotiahnu\u0165 do zakon\u010denia. Ku koncu sme \u0161li za v\u00ed\u0165azstvom, ke\u010f sme si vypracovali g\u00f3lov\u00e9 pr\u00edle\u017eitosti Bohunick\u00fdm, \u0160emel\u00e1kom \u010di Mar\u010di\u0161om, ale u\u017e sa n\u00e1m nepodarilo sk\u00f3rova\u0165. T\u00edmu patr\u00ed po\u010fakovanie, \u017ee i\u0161iel za v\u00ed\u0165azstvom do konca z\u00e1pasu.\u201c<\/strong><\/p>\n\n\n\n<p class=\"has-text-align-center\"><strong>\u0160K Slovan Bratislava U16 \u2013 FC Spartak Trnava U16 2:1 (1:1)<\/strong><\/p>\n\n\n\n<p class=\"has-text-align-center\">Do tretice r\u00fdchly g\u00f3l v&nbsp;na\u0161om podan\u00ed strelil v&nbsp;13. min\u00fate Kasan. \u017dia\u013e, v&nbsp;tomto pr\u00edpade sme \u0165ahali za krat\u0161\u00ed koniec, ke\u010f\u017ee dom\u00e1ci dvomi g\u00f3lmi oto\u010dili, pri\u010dom n\u00e1m u\u0161tedrili v\u00f4bec prv\u00fa prehru v&nbsp;sez\u00f3ne.<\/p>\n\n\n\n<p class=\"has-text-align-center\"><strong>FCST U16: <\/strong>Vlkovi\u010d (35. \u0160umichrast) \u2013 Martinkovi\u010d, Kalam\u00e1r (C), G\u00e1bor, B\u00f6hmer, \u0160tip\u010d\u00e1k (75. Sp\u00e1\u010dil), Holb\u00edk, \u010euri\u0161 (75. Matu\u0161\u00edk), Oros, Dreven\u00e1k, Kasan (56. Kr\u00e1\u013eovi\u010d)<\/p>\n\n\n\n<p class=\"has-text-align-center\"><strong>Goals: <\/strong>13. Kasan<\/p>\n\n\n\n<p class=\"has-text-align-center\"><strong>Tom\u00e1\u0161 K\u00e1nik: \u201ePrv\u00fdch 25 min\u00fat tohto z\u00e1pasu patrilo k&nbsp;na\u0161im najslab\u0161\u00edm v&nbsp;tejto sez\u00f3ne. Napriek tomu sme sa ujali vedenia po \u0161tandardnej situ\u00e1cii. Ve\u013emi kontroverzn\u00fd bol vyrovn\u00e1vaj\u00faci g\u00f3l s\u00fapera, pre n\u00e1s extr\u00e9mne smoln\u00fd, ke\u010f po zr\u00e1\u017eke n\u00e1\u0161ho brank\u00e1ra s&nbsp;obrancom zostal n\u00e1\u0161 hr\u00e1\u010d le\u017ea\u0165. Brank\u00e1r sa sna\u017eil v&nbsp;hre pokra\u010dova\u0165 aj napriek v\u00e1\u017enemu zraneniu a&nbsp;z&nbsp;n\u00e1slednej situ\u00e1cie sa lopta od n\u00e1\u0161ho le\u017eiaceho hr\u00e1\u010da odrazila do br\u00e1ny. Z\u00e1pas sa ale zlomil v&nbsp;druhom pol\u010dase, kedy po na\u0161ej vylo\u017eenej pr\u00edle\u017eitosti s\u00faper hne\u010f vz\u00e1p\u00e4t\u00ed t\u00fa svoju vyu\u017eil. N\u00e1sledne na\u0161i hr\u00e1\u010di urobili v\u0161etko pre vyrovnanie, ale u\u017e sme si nevedeli vypracova\u0165 vylo\u017een\u00fa \u0161ancu. Je to pre n\u00e1s pr\u00edle\u017eitos\u0165 sa po prvej prehre v&nbsp;sez\u00f3ne postavi\u0165, uk\u00e1za\u0165 ment\u00e1lnu silu a&nbsp;odhodlanie vo zvy\u0161ku sez\u00f3ny poda\u0165 lep\u0161ie v\u00fdkony ako dnes.\u201c<\/strong><\/p>\n\n\n\n<p class=\"has-text-align-center\">Star\u0161\u00ed \u017eiaci mali prest\u00e1vku od ligov\u00e9ho koloto\u010da. \u0160estica na\u0161ich hr\u00e1\u010dov z&nbsp;kateg\u00f3rie U14 bola nominovan\u00e1 na region\u00e1lny zraz Z\u00e1padoslovensk\u00e9ho futbalov\u00e9ho zv\u00e4zu (ZsFZ) na turnaj v Poprade. P\u00e4tn\u00e1stka sa zas cez v\u00edkend z\u00fa\u010dastnila prest\u00ed\u017eneho medzin\u00e1rodn\u00e9ho podujatia v&nbsp;Ostrave. V&nbsp;\u010cesku na Turnaji n\u00e1rodov \u010delila napr\u00edklad aj Liverpoolu. V&nbsp;konkurencii eur\u00f3pskych akad\u00e9mi\u00ed obsadili spartakovci 17. miesto.<\/p>\n\n\n\n<p class=\"has-text-align-center\"><strong>FCST U15: <\/strong>Mes\u00e1ro\u0161, Kamen\u00e1r \u2013 Gajdo\u0161, Rep\u00e1\u0148, Mikulec, Svitana, Pol\u0165\u00e1k, Poliak, Miklovi\u010d, Horv\u00e1th, Mar\u010di\u0161, \u0160\u010dasn\u00fd, Junas, Kohutovi\u010d, \u017digrai, K\u0148a\u017eek, Pola\u010dek, Dvorsk\u00fd<\/p>\n\n\n\n<p class=\"has-text-align-center\"><strong>z\u00e1kladn\u00e1 skupina:<\/strong><\/p>\n\n\n\n<p class=\"has-text-align-center\"><strong>FCST <\/strong>\u2013 AC Sparta Praha (CZE) 0:1<\/p>\n\n\n\n<p class=\"has-text-align-center\"><strong>FCST <\/strong>\u2013 Fredrikstad FK(NOR) 0:0<\/p>\n\n\n\n<p class=\"has-text-align-center\"><strong>FCST <\/strong>\u2013 Liverpool FC (ENG) 1:1 (Pola\u010dek)<\/p>\n\n\n\n<p class=\"has-text-align-center\"><strong>FCST<\/strong> \u2013 FC Augsburg (GER) 2:2 (Gajdo\u0161, Mar\u010di\u0161)<\/p>\n\n\n\n<p class=\"has-text-align-center\"><strong>o&nbsp;umiestnenie 17. \u2013 20.<\/strong>:<\/p>\n\n\n\n<p class=\"has-text-align-center\"><strong>FCST <\/strong>\u2013 FC Tatran Pre\u0161ov (SVK) 2:1 (2x \u017digrai)<\/p>\n\n\n\n<p class=\"has-text-align-center\"><strong>FCST<\/strong> \u2013 Vitesse Arnhem (NED) 2:1 (Poliak, Junas)<\/p>\n\n\n\n<p class=\"has-text-align-center\"><strong>FCST<\/strong> \u2013 FC Hermannstadt (ROM) 2:0 (Horv\u00e1th, Kohutovi\u010d)<\/p>\n\n\n\n<p class=\"has-text-align-center\"><strong>Jozef Pa\u013eo: \u201eV prv\u00fd de\u0148 sme odohrali jeden z\u00e1pas s hrac\u00edm \u010dasom 30 min\u00fat. Druh\u00fd de\u0148 sme absolvovali tri z\u00e1pasy, taktie\u017e s hrac\u00edm \u010dasom 30 min\u00fat. V tret\u00ed hrac\u00ed de\u0148 sme odohrali tri z\u00e1pasy po 40 min\u00fat. Celkovo sme nast\u00fapili na sedem stretnut\u00ed, z ktor\u00fdch sme jedno prehrali, trikr\u00e1t remizovali a trikr\u00e1t zv\u00ed\u0165azili. V ka\u017edom z\u00e1pase sme sa sna\u017eili presadzova\u0165 postupnou, kombina\u010dnou hrou. Kvalitn\u00e1 pr\u00e1ca s loptou a zvl\u00e1danie rozhoduj\u00facich momentov v zakon\u010den\u00ed n\u00e1m po\u010das cel\u00e9ho turnaja prin\u00e1\u0161ali viacer\u00e9 pekn\u00e9 futbalov\u00e9 situ\u00e1cie. Prezentovali sme sa v\u00fdraznou t\u00edmovos\u0165ou nielen na ihrisku, ale aj mimo neho. Ka\u017ed\u00fd hr\u00e1\u010d sa sna\u017eil poda\u0165 \u010do najlep\u0161\u00ed individu\u00e1lny v\u00fdkon v prospech mu\u017estva. Na turnaji sme nast\u00fapili proti ve\u013emi kvalitn\u00fdm s\u00faperom, \u010do pre na\u0161ich hr\u00e1\u010dov predstavovalo cenn\u00fa konfront\u00e1ciu aj sk\u00fasenos\u0165. Turnaj sme si u\u017eili a cel\u00e9 mu\u017estvo si zasl\u00fa\u017ei pochvalu za pr\u00edstup a nasadenie. Ver\u00edm, \u017ee chlapci bud\u00fa aj na\u010falej zbiera\u0165 \u010fal\u0161ie futbalov\u00e9 sk\u00fasenosti a z\u00e1\u017eitky.\u201c<\/strong><\/p>\n\n\n<div class=\"wp-block-image\">\n<figure class=\"aligncenter size-large is-resized\"><img loading=\"lazy\" decoding=\"async\" width=\"578\" height=\"1024\" src=\"https:\/\/fcspartaktrnava.com\/wp-content\/uploads\/2026\/04\/WhatsApp-Image-2026-04-25-at-12.19.53-578x1024.jpeg\" alt=\"\" class=\"wp-image-43175\" style=\"width:408px;height:auto\" srcset=\"https:\/\/fcspartaktrnava.com\/wp-content\/uploads\/2026\/04\/WhatsApp-Image-2026-04-25-at-12.19.53-578x1024.jpeg 578w, https:\/\/fcspartaktrnava.com\/wp-content\/uploads\/2026\/04\/WhatsApp-Image-2026-04-25-at-12.19.53-169x300.jpeg 169w, https:\/\/fcspartaktrnava.com\/wp-content\/uploads\/2026\/04\/WhatsApp-Image-2026-04-25-at-12.19.53-768x1361.jpeg 768w, https:\/\/fcspartaktrnava.com\/wp-content\/uploads\/2026\/04\/WhatsApp-Image-2026-04-25-at-12.19.53-867x1536.jpeg 867w, https:\/\/fcspartaktrnava.com\/wp-content\/uploads\/2026\/04\/WhatsApp-Image-2026-04-25-at-12.19.53-7x12.jpeg 7w, https:\/\/fcspartaktrnava.com\/wp-content\/uploads\/2026\/04\/WhatsApp-Image-2026-04-25-at-12.19.53.jpeg 903w\" sizes=\"auto, (max-width: 578px) 100vw, 578px\" \/><\/figure>\n<\/div>\n\n\n<p class=\"has-text-align-center\"><strong>FC Spartak Trnava U13 \u2013 \u0160K Slovan Bratislava U13 2:3 (2:2)<\/strong><\/p>\n\n\n\n<p class=\"has-text-align-center\">Okrem dorastencov \u010delili Slovanu Bratislava aj t\u00edmy mlad\u0161\u00edch \u017eiakov. Trin\u00e1stka na dom\u00e1cej p\u00f4de \u0165ahala za krat\u0161\u00ed koniec a&nbsp;napriek sol\u00eddnemu v\u00fdkonu prehrala 2:3.<\/p>\n\n\n\n<p class=\"has-text-align-center\"><strong>FCST U13: <\/strong>Man\u010d\u00e1k, Horn\u00fd \u2013 Urban, Kybych, Hude\u010dek, Zeman, Fulier, Tibensk\u00fd, Brezina, Lasac, Karku\u0161, Ryban, Kr\u00e1\u013eovi\u010d, Luka\u010dka, Kajma, Marcinkovi\u010d, Sabadosh, Varga, Hamb\u00e1lek, Vir\u00e1g<\/p>\n\n\n\n<p class=\"has-text-align-center\"><strong>Goals: <\/strong>Marcinkovi\u010d, Kr\u00e1\u013eovi\u010d<\/p>\n\n\n\n<p class=\"has-text-align-center\"><strong>Filip Tomovi\u010d: \u201e\u00davod z\u00e1pasu n\u00e1m nevy\u0161iel a s\u00faper sa ujal vedenia po r\u00fdchlych proti\u00fatokoch, kde sme boli ned\u00f4razn\u00ed v osobn\u00fdch s\u00fabojoch po vysokom pressingu. Od t\u00fdchto momentov sme a\u017e do konca pol\u010dasu boli dominantn\u00ed a s\u00fapera dr\u017eali na ich polovici. Vypracovali sme si zauj\u00edmav\u00e9 situ\u00e1cie a po peknom g\u00f3le sme zn\u00ed\u017eili Marcinkovi\u010dom. \u010ealej sme pokra\u010dovali v tlaku a vyrovnali z pokutov\u00e9ho kopu na 2:2. Po pol\u010dase sme inkasovali znova z ojedinelej akcie, kde s\u00faper uk\u00e1zal kvalitu a efektivitu v zakon\u010den\u00ed. V druhom pol\u010dase sme boli menej dominantn\u00ed, najm\u00e4 vplyvom siln\u00e9ho vetra, ktor\u00fd ve\u013emi negat\u00edvne ovplyvnil cel\u00fd z\u00e1pas. V\u0161etk\u00fdch chlapcov, aj t\u00fdch, ktor\u00ed nehrali alebo hrali men\u0161iu \u010das\u0165 z\u00e1pasu, dnes mus\u00edme pochv\u00e1li\u0165 za energiu, s\u00fadr\u017enos\u0165 a nasadenie v dne\u0161nom derby. Aj tak\u00e9to momenty n\u00e1s pos\u00favaj\u00fa \u010falej a ver\u00edme, \u017ee v\u00fdkonnostn\u00fd progres v \u010fal\u0161om z\u00e1pase transformujeme aj do v\u00fdsledkov\u00e9ho.\u201c<\/strong><\/p>\n\n\n\n<p class=\"has-text-align-center\">E\u0161te pred v\u00edkendov\u00fdm z\u00e1pasom absolvovali na\u0161i najmlad\u0161\u00ed \u017eiaci turnaj v&nbsp;Radave. V&nbsp;obci v&nbsp;okrese Nov\u00e9 Z\u00e1mky sa stretli s&nbsp;t\u00edmami MTK Budape\u0161\u0165, Tren\u010d\u00edn, U\u017ehorod a&nbsp;CFT Academy.<\/p>\n\n\n\n<p class=\"has-text-align-center\"><strong>D\u00e1vid Mi\u0161kovi\u010d: \u201eV syst\u00e9me 8+1 sme zaznamenali \u0161tyri rem\u00edzy s celkov\u00fdm sk\u00f3re 1:1, pri\u010dom defenz\u00edva fungovala v\u00fdborne a dostali sme sa do nespo\u010detne ve\u013ea \u0161anc\u00ed, v\u017edy sme v\u0161ak br\u00e1nu netrafili alebo sme spravili z brank\u00e1ra hviezdu. Herne najvydarenej\u0161ia akcia tohto roka. Hr\u00e1\u010di zahrali takmer na svojom maxime.\u201c<\/strong><\/p>\n\n\n\n<p class=\"has-text-align-center\"><strong>FC Spartak Trnava U12 \u2013 \u0160K Slovan Bratislava U12 8:2 (5:1)<\/strong><\/p>\n\n\n\n<p class=\"has-text-align-center\">Dobre naladen\u00ed z&nbsp;turnaja v&nbsp;Radave nast\u00fapili na\u0161i najmlad\u0161\u00ed \u017eiaci aj na derby, v&nbsp;ktorom po dominantnom v\u00fdkone zv\u00ed\u0165azili 8:2. Hetrikom k&nbsp;tomu prispel O\u0161ka.<\/p>\n\n\n\n<p class=\"has-text-align-center\"><strong>FCST U12: <\/strong>Mar\u0161o, Jankovi\u010d \u2013 Chod\u00far, Matejovi\u010d, Horv\u00e1th, Psota, Kro\u010dka, Kri\u0161tof, Chlepko, Poledn\u00e1k, O\u0161ka, Kostolansk\u00fd, Kadlec, Jobek, Or\u0161ul\u00e1k, Skalick\u00fd, Ondri\u0161\u00edk, Bohun\u010d\u00e1k, Gur\u010d\u00edk, Stre\u010dansk\u00fd<\/p>\n\n\n\n<p class=\"has-text-align-center\"><strong>Goals: <\/strong>19., 22. a&nbsp;30. O\u0161ka, 24. Chlepko, 28. Stre\u010do, 51. Psota, 53. Poledn\u00e1k, 56. Skalick\u00fd<\/p>\n\n\n\n<p class=\"has-text-align-center\"><strong>Yellow cards: <\/strong>Jankovi\u010d<\/p>\n\n\n\n<p class=\"has-text-align-center\"><strong>D\u00e1vid Mi\u0161kovi\u010d: \u201eHr\u00e1\u010dov s\u00fapera sme prev\u00fd\u0161ili vo v\u0161etk\u00fdch hern\u00fdch \u010dinnostiach a dominovali sme v oboch f\u00e1zach hry. Chalani si v\u00ed\u0165azstvo nesmierne odbojovali a aj plne zasl\u00fa\u017eili, posledn\u00e9 dva mesiace predv\u00e1dzaj\u00fa fantastick\u00e9 v\u00fdkony a robia maximum pre svoj rozvoj na tr\u00e9ningu aj doma. Toto v\u00ed\u0165azstvo je ve\u013ekou odmenou za posledn\u00e9 obdobie.\u201c<\/strong><\/p>\n\n\n\n<p class=\"has-text-align-center\"><strong>FC Spartak Trnava WU19 \u2013 FC Union Nov\u00e9 Z\u00e1mky WU19 5:0 (3:0)<\/strong><\/p>\n\n\n\n<p class=\"has-text-align-center\">Nede\u013en\u00e9 popoludnie patrilo na Sl\u00e1vii diev\u010densk\u00e9mu futbalu. Dorastenky si poradili s&nbsp;Nov\u00fdmi Z\u00e1mkami, ke\u010f u\u017e po \u0161tvr\u0165hodine viedli rozdielom triedy. V&nbsp;z\u00e1vere pridali e\u0161te dva z\u00e1sahy a&nbsp;zv\u00ed\u0165azili 5:0.<\/p>\n\n\n\n<p class=\"has-text-align-center\"><strong>FCST WU19: <\/strong>Pre\u0161insk\u00e1 \u2013 Polovkov\u00e1, Vl\u010dkov\u00e1, Mikov\u00e1, Jara\u0161ov\u00e1, Beranov\u00e1, Ryb\u00e1rov\u00e1, Lehock\u00e1 (C), \u0160kult\u00e9tyov\u00e1, Katreniakov\u00e1, Vicianov\u00e1<\/p>\n\n\n\n<p class=\"has-text-align-center\"><strong>Goals: <\/strong>9. a&nbsp;14. Vicianov\u00e1, 17. Ryb\u00e1rov\u00e1, 70. \u0160kult\u00e9tyov\u00e1, 84. Lehock\u00e1<\/p>\n\n\n\n<p class=\"has-text-align-center\"><strong>Jakub Bla\u017ei: \u201eOd prvej min\u00faty sme mali z\u00e1pas pod kontrolou, boli sme akt\u00edvne a d\u00f4razn\u00e9. V prv\u00fdch piatich min\u00fatach sme mohli vyhr\u00e1va\u0165 u\u017e 3:0, ale \u0161ance sme nevyu\u017eili. Na niektor\u00fdch postoch sme mali dnes lep\u0161\u00ed de\u0148, na niektor\u00fdch hor\u0161\u00ed. Te\u0161\u00ed ma ale, \u017ee sme si preniesli veci z tr\u00e9ningov a aj z t\u00edmovej porady, ktor\u00fa sme v t\u00fd\u017edni absolvovali. Napriek vysok\u00e9mu v\u00ed\u0165azstvu tam st\u00e1le boli f\u00e1zy, kde vieme \u00eds\u0165 e\u0161te na vy\u0161\u0161iu \u00farove\u0148 \u2013 hlavne v detailoch, koncentr\u00e1cii a d\u00f4slednosti po\u010das cel\u00fdch 90 min\u00fat.\u201c<\/strong><\/p>\n\n\n\n<p class=\"has-text-align-center\"><strong>FC Spartak Trnava WU15 \u2013 FC Union Nov\u00e9 Z\u00e1mky WU15 4:0 (4:0)<\/strong><\/p>\n\n\n\n<p class=\"has-text-align-center\">R\u00fdchlymi g\u00f3lmi rozhodli o&nbsp;v\u00ed\u0165azstve aj \u017eia\u010dky. Tie dali v\u0161etky \u0161tyri z\u00e1sahy v&nbsp;rozmedz\u00ed od 3. do 27. min\u00faty a&nbsp;Nov\u00e9 Z\u00e1mky zdolali 4:0.<\/p>\n\n\n\n<p class=\"has-text-align-center\"><strong>FCST WU15: <\/strong>Grellov\u00e1 \u2013 Baraniakov\u00e1 (C), Stri\u017eencov\u00e1, Ondru\u0161ekov\u00e1, Hro\u0161kov\u00e1, Ma\u010durov\u00e1, E. Koll\u00e1rov\u00e1, S. Koll\u00e1rov\u00e1, Kapo\u0161ov\u00e1, Hlavatovi\u010dov\u00e1, Kubovi\u010dov\u00e1, Ostrenkov\u00e1, N. Koll\u00e1rov\u00e1, Gul\u00edkov\u00e1, Tom\u010d\u00e1nyiov\u00e1<\/p>\n\n\n\n<p class=\"has-text-align-center\"><strong>Goals: <\/strong>3. Ma\u010durov\u00e1, 5. a&nbsp;27. Ostrenkov\u00e1, 20. Hro\u0161kov\u00e1<\/p>\n\n\n\n<p class=\"has-text-align-center\"><strong>Henrieta Pol\u00e1\u010dikov\u00e1: \u201eZ\u00e1pas n\u00e1m nevy\u0161iel pod\u013ea predst\u00e1v. Hr\u00e1\u010dky robili nespr\u00e1vne rozhodnutia v hern\u00fdch situ\u00e1ci\u00e1ch a nedok\u00e1zali sa efekt\u00edvne presadi\u0165 proti obrann\u00e9mu bloku s\u00fapera. Aj ke\u010f sme sa dostali do nieko\u013ek\u00fdch s\u013eubn\u00fdch pr\u00edle\u017eitost\u00ed, ch\u00fdbala n\u00e1m lep\u0161ia realiz\u00e1cia a zakon\u010denie. Celkov\u00fd hern\u00fd v\u00fdkon bol pod na\u0161imi mo\u017enos\u0165ami a vieme, \u017ee dru\u017estvo m\u00e1 na ove\u013ea viac. Aj napriek tomu sme z\u00e1pas vyhrali pohodlne 4:0.\u201c<\/strong><\/p>","protected":false},"excerpt":{"rendered":"<p>FC Spartak Trnava U19 \u2013 \u0160K Slovan Bratislava&#8230;<\/p>","protected":false},"author":2,"featured_media":43176,"comment_status":"closed","ping_status":"closed","sticky":false,"template":"","format":"standard","meta":{"footnotes":""},"categories":[52,12],"tags":[53],"class_list":["post-43172","post","type-post","status-publish","format-standard","has-post-thumbnail","hentry","category-mladez","category-spravy","tag-mladez","post-number-1"],"yoast_head":"<!-- This site is optimized with the Yoast SEO plugin v27.1.1 - https:\/\/yoast.com\/product\/yoast-seo-wordpress\/ -->\n<title>Derby so Slovanom aj v ml\u00e1de\u017ei - FC Spartak Trnava<\/title>\n<meta name=\"robots\" content=\"index, follow, max-snippet:-1, max-image-preview:large, max-video-preview:-1\" \/>\n<link rel=\"canonical\" href=\"https:\/\/fcspartaktrnava.com\/en\/derby-so-slovanom-aj-v-mladezi\/\" \/>\n<meta name=\"twitter:label1\" content=\"Written by\" \/>\n\t<meta name=\"twitter:data1\" content=\"spartak\" \/>\n\t<meta name=\"twitter:label2\" content=\"Estimated reading time\" \/>\n\t<meta name=\"twitter:data2\" content=\"10 minutes\" \/>\n<script type=\"application\/ld+json\" class=\"yoast-schema-graph\">{\"@context\":\"https:\/\/schema.org\",\"@graph\":[{\"@type\":\"Article\",\"@id\":\"https:\/\/fcspartaktrnava.com\/derby-so-slovanom-aj-v-mladezi\/#article\",\"isPartOf\":{\"@id\":\"https:\/\/fcspartaktrnava.com\/derby-so-slovanom-aj-v-mladezi\/\"},\"author\":{\"name\":\"spartak\",\"@id\":\"https:\/\/fcspartaktrnava.com\/#\/schema\/person\/24bc5b254af14f71d7d8af178790aa75\"},\"headline\":\"Derby so Slovanom aj v ml\u00e1de\u017ei\",\"datePublished\":\"2026-04-26T18:06:50+00:00\",\"dateModified\":\"2026-04-26T20:13:21+00:00\",\"mainEntityOfPage\":{\"@id\":\"https:\/\/fcspartaktrnava.com\/derby-so-slovanom-aj-v-mladezi\/\"},\"wordCount\":2029,\"publisher\":{\"@id\":\"https:\/\/fcspartaktrnava.com\/#organization\"},\"image\":{\"@id\":\"https:\/\/fcspartaktrnava.com\/derby-so-slovanom-aj-v-mladezi\/#primaryimage\"},\"thumbnailUrl\":\"https:\/\/fcspartaktrnava.com\/wp-content\/uploads\/2026\/04\/LUC_4305-1-scaled.jpg\",\"keywords\":[\"ml\u00e1de\u017e\"],\"articleSection\":[\"Ml\u00e1de\u017e\",\"Spr\u00e1vy\"],\"inLanguage\":\"en-GB\"},{\"@type\":\"WebPage\",\"@id\":\"https:\/\/fcspartaktrnava.com\/derby-so-slovanom-aj-v-mladezi\/\",\"url\":\"https:\/\/fcspartaktrnava.com\/derby-so-slovanom-aj-v-mladezi\/\",\"name\":\"Derby so Slovanom aj v ml\u00e1de\u017ei - FC Spartak Trnava\",\"isPartOf\":{\"@id\":\"https:\/\/fcspartaktrnava.com\/#website\"},\"primaryImageOfPage\":{\"@id\":\"https:\/\/fcspartaktrnava.com\/derby-so-slovanom-aj-v-mladezi\/#primaryimage\"},\"image\":{\"@id\":\"https:\/\/fcspartaktrnava.com\/derby-so-slovanom-aj-v-mladezi\/#primaryimage\"},\"thumbnailUrl\":\"https:\/\/fcspartaktrnava.com\/wp-content\/uploads\/2026\/04\/LUC_4305-1-scaled.jpg\",\"datePublished\":\"2026-04-26T18:06:50+00:00\",\"dateModified\":\"2026-04-26T20:13:21+00:00\",\"breadcrumb\":{\"@id\":\"https:\/\/fcspartaktrnava.com\/derby-so-slovanom-aj-v-mladezi\/#breadcrumb\"},\"inLanguage\":\"en-GB\",\"potentialAction\":[{\"@type\":\"ReadAction\",\"target\":[\"https:\/\/fcspartaktrnava.com\/derby-so-slovanom-aj-v-mladezi\/\"]}]},{\"@type\":\"ImageObject\",\"inLanguage\":\"en-GB\",\"@id\":\"https:\/\/fcspartaktrnava.com\/derby-so-slovanom-aj-v-mladezi\/#primaryimage\",\"url\":\"https:\/\/fcspartaktrnava.com\/wp-content\/uploads\/2026\/04\/LUC_4305-1-scaled.jpg\",\"contentUrl\":\"https:\/\/fcspartaktrnava.com\/wp-content\/uploads\/2026\/04\/LUC_4305-1-scaled.jpg\",\"width\":2560,\"height\":1707},{\"@type\":\"BreadcrumbList\",\"@id\":\"https:\/\/fcspartaktrnava.com\/derby-so-slovanom-aj-v-mladezi\/#breadcrumb\",\"itemListElement\":[{\"@type\":\"ListItem\",\"position\":1,\"name\":\"Home\",\"item\":\"https:\/\/fcspartaktrnava.com\/\"},{\"@type\":\"ListItem\",\"position\":2,\"name\":\"Derby so Slovanom aj v ml\u00e1de\u017ei\"}]},{\"@type\":\"WebSite\",\"@id\":\"https:\/\/fcspartaktrnava.com\/#website\",\"url\":\"https:\/\/fcspartaktrnava.com\/\",\"name\":\"FC Spartak Trnava\",\"description\":\"ofici\u00e1lna webstr\u00e1nka futbalov\u00e9ho klubu\",\"publisher\":{\"@id\":\"https:\/\/fcspartaktrnava.com\/#organization\"},\"potentialAction\":[{\"@type\":\"SearchAction\",\"target\":{\"@type\":\"EntryPoint\",\"urlTemplate\":\"https:\/\/fcspartaktrnava.com\/?s={search_term_string}\"},\"query-input\":{\"@type\":\"PropertyValueSpecification\",\"valueRequired\":true,\"valueName\":\"search_term_string\"}}],\"inLanguage\":\"en-GB\"},{\"@type\":\"Organization\",\"@id\":\"https:\/\/fcspartaktrnava.com\/#organization\",\"name\":\"FC Spartak Trnava\",\"alternateName\":\"Spartak\",\"url\":\"https:\/\/fcspartaktrnava.com\/\",\"logo\":{\"@type\":\"ImageObject\",\"inLanguage\":\"en-GB\",\"@id\":\"https:\/\/fcspartaktrnava.com\/#\/schema\/logo\/image\/\",\"url\":\"https:\/\/fcspartaktrnava.com\/wp-content\/uploads\/2022\/08\/cropped-site_logo.png\",\"contentUrl\":\"https:\/\/fcspartaktrnava.com\/wp-content\/uploads\/2022\/08\/cropped-site_logo.png\",\"width\":140,\"height\":140,\"caption\":\"FC Spartak Trnava\"},\"image\":{\"@id\":\"https:\/\/fcspartaktrnava.com\/#\/schema\/logo\/image\/\"},\"sameAs\":[\"https:\/\/www.facebook.com\/SpartakTrnava\",\"https:\/\/x.com\/SpartakTrnava1\",\"https:\/\/www.instagram.com\/spartak_sk\/\"]},{\"@type\":\"Person\",\"@id\":\"https:\/\/fcspartaktrnava.com\/#\/schema\/person\/24bc5b254af14f71d7d8af178790aa75\",\"name\":\"spartak\",\"image\":{\"@type\":\"ImageObject\",\"inLanguage\":\"en-GB\",\"@id\":\"https:\/\/fcspartaktrnava.com\/#\/schema\/person\/image\/\",\"url\":\"https:\/\/secure.gravatar.com\/avatar\/f8ff8584f3fcf3909a11a6da9019f37749183b4015bca14e64556c52614cdc7f?s=96&d=mm&r=g\",\"contentUrl\":\"https:\/\/secure.gravatar.com\/avatar\/f8ff8584f3fcf3909a11a6da9019f37749183b4015bca14e64556c52614cdc7f?s=96&d=mm&r=g\",\"caption\":\"spartak\"},\"url\":\"https:\/\/fcspartaktrnava.com\/en\/author\/spartak\/\"}]}<\/script>\n<!-- \/ Yoast SEO plugin. -->","yoast_head_json":{"title":"Derby so Slovanom aj v ml\u00e1de\u017ei - FC Spartak Trnava","robots":{"index":"index","follow":"follow","max-snippet":"max-snippet:-1","max-image-preview":"max-image-preview:large","max-video-preview":"max-video-preview:-1"},"canonical":"https:\/\/fcspartaktrnava.com\/en\/derby-so-slovanom-aj-v-mladezi\/","twitter_misc":{"Written by":"spartak","Estimated reading time":"10 minutes"},"schema":{"@context":"https:\/\/schema.org","@graph":[{"@type":"Article","@id":"https:\/\/fcspartaktrnava.com\/derby-so-slovanom-aj-v-mladezi\/#article","isPartOf":{"@id":"https:\/\/fcspartaktrnava.com\/derby-so-slovanom-aj-v-mladezi\/"},"author":{"name":"spartak","@id":"https:\/\/fcspartaktrnava.com\/#\/schema\/person\/24bc5b254af14f71d7d8af178790aa75"},"headline":"Derby so Slovanom aj v ml\u00e1de\u017ei","datePublished":"2026-04-26T18:06:50+00:00","dateModified":"2026-04-26T20:13:21+00:00","mainEntityOfPage":{"@id":"https:\/\/fcspartaktrnava.com\/derby-so-slovanom-aj-v-mladezi\/"},"wordCount":2029,"publisher":{"@id":"https:\/\/fcspartaktrnava.com\/#organization"},"image":{"@id":"https:\/\/fcspartaktrnava.com\/derby-so-slovanom-aj-v-mladezi\/#primaryimage"},"thumbnailUrl":"https:\/\/fcspartaktrnava.com\/wp-content\/uploads\/2026\/04\/LUC_4305-1-scaled.jpg","keywords":["ml\u00e1de\u017e"],"articleSection":["Ml\u00e1de\u017e","Spr\u00e1vy"],"inLanguage":"en-GB"},{"@type":"WebPage","@id":"https:\/\/fcspartaktrnava.com\/derby-so-slovanom-aj-v-mladezi\/","url":"https:\/\/fcspartaktrnava.com\/derby-so-slovanom-aj-v-mladezi\/","name":"Derby so Slovanom aj v ml\u00e1de\u017ei - FC Spartak Trnava","isPartOf":{"@id":"https:\/\/fcspartaktrnava.com\/#website"},"primaryImageOfPage":{"@id":"https:\/\/fcspartaktrnava.com\/derby-so-slovanom-aj-v-mladezi\/#primaryimage"},"image":{"@id":"https:\/\/fcspartaktrnava.com\/derby-so-slovanom-aj-v-mladezi\/#primaryimage"},"thumbnailUrl":"https:\/\/fcspartaktrnava.com\/wp-content\/uploads\/2026\/04\/LUC_4305-1-scaled.jpg","datePublished":"2026-04-26T18:06:50+00:00","dateModified":"2026-04-26T20:13:21+00:00","breadcrumb":{"@id":"https:\/\/fcspartaktrnava.com\/derby-so-slovanom-aj-v-mladezi\/#breadcrumb"},"inLanguage":"en-GB","potentialAction":[{"@type":"ReadAction","target":["https:\/\/fcspartaktrnava.com\/derby-so-slovanom-aj-v-mladezi\/"]}]},{"@type":"ImageObject","inLanguage":"en-GB","@id":"https:\/\/fcspartaktrnava.com\/derby-so-slovanom-aj-v-mladezi\/#primaryimage","url":"https:\/\/fcspartaktrnava.com\/wp-content\/uploads\/2026\/04\/LUC_4305-1-scaled.jpg","contentUrl":"https:\/\/fcspartaktrnava.com\/wp-content\/uploads\/2026\/04\/LUC_4305-1-scaled.jpg","width":2560,"height":1707},{"@type":"BreadcrumbList","@id":"https:\/\/fcspartaktrnava.com\/derby-so-slovanom-aj-v-mladezi\/#breadcrumb","itemListElement":[{"@type":"ListItem","position":1,"name":"Home","item":"https:\/\/fcspartaktrnava.com\/"},{"@type":"ListItem","position":2,"name":"Derby so Slovanom aj v ml\u00e1de\u017ei"}]},{"@type":"WebSite","@id":"https:\/\/fcspartaktrnava.com\/#website","url":"https:\/\/fcspartaktrnava.com\/","name":"FC Spartak Trnava","description":"ofici\u00e1lna webstr\u00e1nka futbalov\u00e9ho klubu","publisher":{"@id":"https:\/\/fcspartaktrnava.com\/#organization"},"potentialAction":[{"@type":"SearchAction","target":{"@type":"EntryPoint","urlTemplate":"https:\/\/fcspartaktrnava.com\/?s={search_term_string}"},"query-input":{"@type":"PropertyValueSpecification","valueRequired":true,"valueName":"search_term_string"}}],"inLanguage":"en-GB"},{"@type":"Organization","@id":"https:\/\/fcspartaktrnava.com\/#organization","name":"FC Spartak Trnava","alternateName":"Spartak","url":"https:\/\/fcspartaktrnava.com\/","logo":{"@type":"ImageObject","inLanguage":"en-GB","@id":"https:\/\/fcspartaktrnava.com\/#\/schema\/logo\/image\/","url":"https:\/\/fcspartaktrnava.com\/wp-content\/uploads\/2022\/08\/cropped-site_logo.png","contentUrl":"https:\/\/fcspartaktrnava.com\/wp-content\/uploads\/2022\/08\/cropped-site_logo.png","width":140,"height":140,"caption":"FC Spartak Trnava"},"image":{"@id":"https:\/\/fcspartaktrnava.com\/#\/schema\/logo\/image\/"},"sameAs":["https:\/\/www.facebook.com\/SpartakTrnava","https:\/\/x.com\/SpartakTrnava1","https:\/\/www.instagram.com\/spartak_sk\/"]},{"@type":"Person","@id":"https:\/\/fcspartaktrnava.com\/#\/schema\/person\/24bc5b254af14f71d7d8af178790aa75","name":"spartak","image":{"@type":"ImageObject","inLanguage":"en-GB","@id":"https:\/\/fcspartaktrnava.com\/#\/schema\/person\/image\/","url":"https:\/\/secure.gravatar.com\/avatar\/f8ff8584f3fcf3909a11a6da9019f37749183b4015bca14e64556c52614cdc7f?s=96&d=mm&r=g","contentUrl":"https:\/\/secure.gravatar.com\/avatar\/f8ff8584f3fcf3909a11a6da9019f37749183b4015bca14e64556c52614cdc7f?s=96&d=mm&r=g","caption":"spartak"},"url":"https:\/\/fcspartaktrnava.com\/en\/author\/spartak\/"}]}},"_links":{"self":[{"href":"https:\/\/fcspartaktrnava.com\/en\/wp-json\/wp\/v2\/posts\/43172","targetHints":{"allow":["GET"]}}],"collection":[{"href":"https:\/\/fcspartaktrnava.com\/en\/wp-json\/wp\/v2\/posts"}],"about":[{"href":"https:\/\/fcspartaktrnava.com\/en\/wp-json\/wp\/v2\/types\/post"}],"author":[{"embeddable":true,"href":"https:\/\/fcspartaktrnava.com\/en\/wp-json\/wp\/v2\/users\/2"}],"replies":[{"embeddable":true,"href":"https:\/\/fcspartaktrnava.com\/en\/wp-json\/wp\/v2\/comments?post=43172"}],"version-history":[{"count":0,"href":"https:\/\/fcspartaktrnava.com\/en\/wp-json\/wp\/v2\/posts\/43172\/revisions"}],"wp:featuredmedia":[{"embeddable":true,"href":"https:\/\/fcspartaktrnava.com\/en\/wp-json\/wp\/v2\/media\/43176"}],"wp:attachment":[{"href":"https:\/\/fcspartaktrnava.com\/en\/wp-json\/wp\/v2\/media?parent=43172"}],"wp:term":[{"taxonomy":"category","embeddable":true,"href":"https:\/\/fcspartaktrnava.com\/en\/wp-json\/wp\/v2\/categories?post=43172"},{"taxonomy":"post_tag","embeddable":true,"href":"https:\/\/fcspartaktrnava.com\/en\/wp-json\/wp\/v2\/tags?post=43172"}],"curies":[{"name":"wp","href":"https:\/\/api.w.org\/{rel}","templated":true}]}}