{"id":43170,"date":"2026-04-26T21:24:17","date_gmt":"2026-04-26T19:24:17","guid":{"rendered":"https:\/\/fcspartaktrnava.com\/?p=43170"},"modified":"2026-04-26T21:24:17","modified_gmt":"2026-04-26T19:24:17","slug":"spartak-v-derby-tesne-prehral-so-slovanom","status":"publish","type":"post","link":"https:\/\/fcspartaktrnava.com\/en\/spartak-v-derby-tesne-prehral-so-slovanom\/","title":{"rendered":"Spartak v\u00a0derby tesne prehral so Slovanom"},"content":{"rendered":"<p class=\"has-text-align-center has-black-color has-white-background-color has-text-color has-background has-link-color has-medium-font-size wp-elements-c2dcd575a4678a4e854b5da063548e0d\"><strong>FC Spartak Trnava &#8211; Slovan 0:1 (0:1)<\/strong><br><br><br><strong>SPARTAK: <\/strong>Vantruba \u2013 Ko\u0161trna (75. Tomi\u010d), Sabo, Twardzik (46. Azango), Mikovi\u010d (18. Stojsalvjevi\u010d) \u2013 Paur, Lau\u0161i\u010d (75. Proch\u00e1zka) \u2013 Gong, Khokrheli, Jure\u0161kin \u2013 Kudli\u010dka (80. \u010euri\u0161)<strong><br>SLOVAN: <\/strong>Tak\u00e1\u010d \u2013 \u00a0Blackman, Bajri\u010d, Markovi\u010d, Cruz \u2013 Ibrahim, Pokorn\u00fd \u2013 Gajdo\u0161 (75. Weiss) \u2013 Barseghyan, Griger (59. Zuberu), Jankovi\u010d<br><br><strong>Goals:<\/strong> 45+2. Barseghyan<br><br><strong>Yellow cards:<\/strong> Sabo, Jure\u0161kin, Kudli\u010dka, Paur, Tomi\u010d, Proch\u00e1zka \u2013 Gajdo\u0161, Griger, Zuberu, Weiss<br><br><strong>Judge: <\/strong>Dzivjak<br><br><strong>Spectators: <\/strong>10437<br><\/p>\n\n\n\n<p class=\"has-text-align-center has-medium-font-size\">Pred samotn\u00fdm z\u00e1pasom gratulovali z\u00e1stupcovia klubu prezident Peter Macho a\u00a0\u0161portov\u00fd riadite\u013e Martin \u0160krtel Du\u0161anovi Keketimu. B\u00fdval\u00fd brank\u00e1r Spartaka osl\u00e1vil 75. narodeniny. Tr\u00e9ner Mu\u0148oz spravil dve zmeny v\u00a0obrane, na \u013eav\u00fa stranu sa vr\u00e1til kapit\u00e1n Mikovi\u010d a\u00a0na stred Twardzik. Na hrote \u00fatoku nast\u00fapil Kudli\u010dka podporovan\u00fd Khorkhelim. Na kr\u00eddlach ofenz\u00edvu podporovali Gong a\u00a0Jure\u0161kin.<br><br>U\u017e z\u00a0prvej akcie pri\u0161lo ohrozenie br\u00e1nky Slovana, hlavi\u010dkou vystra\u0161il vlastn\u00e9ho brank\u00e1ra Tak\u00e1\u010da Cruz, lopta v\u0161ak mierila tesne mimo. V\u00a018. min\u00fate sa v\u00a0be\u017eeckom s\u00faboji zranil Mikovi\u010d a\u00a0nahradil ho Stojsavlejvi\u010d. Oba t\u00edmy si d\u00e1vali pozor na chyby, prv\u00fd pol\u010das pokra\u010doval bojom o\u00a0ka\u017ed\u00fa loptu. Kr\u00e1tko po polhodine hry mohol Spartak posla\u0165 do vedenia Jure\u0161kin, ale na strie\u013ean\u00fa prihr\u00e1vku pred br\u00e1nku od Paura napokon v\u00a0sklze nedosiahol. Na druhej strane si na h\u013abkov\u00fa prihr\u00e1vku nabehol z\u00a0obrany Cruz a\u00a0po jeho te\u010di mierila lopta mimo br\u00e1nku Vantrubu.<br><br>Slovanu vy\u0161la kontra po akcii Spartaka a\u00a0po prieniku cez stred ihriska pri\u0161la prihr\u00e1vka na Barseghyana, ktor\u00fd po zemi prekonal Vantrubu \u2013 0:1. Do \u0161atn\u00ed sa tak i\u0161lo s\u00a0jednog\u00f3lov\u00fdm mankom. Po pol\u010dase pri\u0161iel na ihrisko namiesto Twardzika Azango, Slovan pokra\u010doval s\u00a0p\u00f4vodnou jeden\u00e1stkou. Od \u00favodn\u00fdch min\u00fat sa Trnav\u010dania do s\u00fapera pustili a\u00a0po g\u00f3le volali najm\u00e4 strela Gonga z\u00a052. min\u00faty, alebo Azangov o\u00a0pokus po prihr\u00e1vke z\u00a0pravej strany o\u00a0minut\u00fa nesk\u00f4r. Po jednom zo s\u00fabojov sa strhla hromadn\u00e1 mela a\u00a0v\u00fdsledkom boli \u0161tyri \u017elt\u00e9 karty, po dve na ka\u017edej strane.<br><br>Po hodine hry vybojoval Kudli\u010dka \u0165a\u017ek\u00fa loptu medzi dvomi stop\u00e9rmi Slovana, posunul na Azanga, ale sk\u00e1kaj\u00facu loptu nedok\u00e1zal kr\u00eddeln\u00edk v\u00a0zlo\u017eitej situ\u00e1cii zakon\u010di\u0165. V\u00a072. min\u00fate pri\u0161la op\u00e4\u0165 r\u00fdchla kontra Slovana a\u00a0op\u00e4\u0165 zakon\u010duj\u00faci Barseghyan. Tento raz na\u0161\u0165astie mieril do brvna Vantrubovej br\u00e1nky. \u0160ance pokra\u010dovali, Gong dostal kr\u00e1tku prihr\u00e1vku od Khorkheliho a\u00a0mieril v\u00a0dobrej poz\u00edcii nad. Snaha Spartaka bola o\u010dividn\u00e1, Slovan hral pozorne v\u00a0obrane a\u00a0vyr\u00e1\u017eal do proti\u00fatokov. Napokon sa z\u00e1pas skon\u010dil tesnou v\u00fdhrou host\u00ed v\u00a0pomere 1:0.<\/p>\n\n\n\n<p><\/p>","protected":false},"excerpt":{"rendered":"<p>FC Spartak Trnava &#8211; Slovan 0:1 (0:1)SPARTAK: Vantruba&#8230;<\/p>","protected":false},"author":10,"featured_media":43171,"comment_status":"closed","ping_status":"closed","sticky":false,"template":"","format":"standard","meta":{"footnotes":""},"categories":[12],"tags":[],"class_list":["post-43170","post","type-post","status-publish","format-standard","has-post-thumbnail","hentry","category-spravy","post-number-1"],"yoast_head":"<!-- This site is optimized with the Yoast SEO plugin v27.1.1 - https:\/\/yoast.com\/product\/yoast-seo-wordpress\/ -->\n<title>Spartak v\u00a0derby tesne prehral so Slovanom - FC Spartak Trnava<\/title>\n<meta name=\"robots\" content=\"index, follow, max-snippet:-1, max-image-preview:large, max-video-preview:-1\" \/>\n<link rel=\"canonical\" href=\"https:\/\/fcspartaktrnava.com\/en\/spartak-v-derby-tesne-prehral-so-slovanom\/\" \/>\n<meta name=\"twitter:label1\" content=\"Written by\" \/>\n\t<meta name=\"twitter:data1\" content=\"Martin Jani\u0161\" \/>\n\t<meta name=\"twitter:label2\" content=\"Estimated reading time\" \/>\n\t<meta name=\"twitter:data2\" content=\"3 minutes\" \/>\n<script type=\"application\/ld+json\" class=\"yoast-schema-graph\">{\"@context\":\"https:\/\/schema.org\",\"@graph\":[{\"@type\":\"Article\",\"@id\":\"https:\/\/fcspartaktrnava.com\/spartak-v-derby-tesne-prehral-so-slovanom\/#article\",\"isPartOf\":{\"@id\":\"https:\/\/fcspartaktrnava.com\/spartak-v-derby-tesne-prehral-so-slovanom\/\"},\"author\":{\"name\":\"Martin Jani\u0161\",\"@id\":\"https:\/\/fcspartaktrnava.com\/#\/schema\/person\/7cdd4b929b99ded36250b65a912c3e50\"},\"headline\":\"Spartak v\u00a0derby tesne prehral so Slovanom\",\"datePublished\":\"2026-04-26T19:24:17+00:00\",\"mainEntityOfPage\":{\"@id\":\"https:\/\/fcspartaktrnava.com\/spartak-v-derby-tesne-prehral-so-slovanom\/\"},\"wordCount\":468,\"publisher\":{\"@id\":\"https:\/\/fcspartaktrnava.com\/#organization\"},\"image\":{\"@id\":\"https:\/\/fcspartaktrnava.com\/spartak-v-derby-tesne-prehral-so-slovanom\/#primaryimage\"},\"thumbnailUrl\":\"https:\/\/fcspartaktrnava.com\/wp-content\/uploads\/2026\/04\/kudlo.jpg\",\"articleSection\":[\"Spr\u00e1vy\"],\"inLanguage\":\"en-GB\"},{\"@type\":\"WebPage\",\"@id\":\"https:\/\/fcspartaktrnava.com\/spartak-v-derby-tesne-prehral-so-slovanom\/\",\"url\":\"https:\/\/fcspartaktrnava.com\/spartak-v-derby-tesne-prehral-so-slovanom\/\",\"name\":\"Spartak v\u00a0derby tesne prehral so Slovanom - FC Spartak Trnava\",\"isPartOf\":{\"@id\":\"https:\/\/fcspartaktrnava.com\/#website\"},\"primaryImageOfPage\":{\"@id\":\"https:\/\/fcspartaktrnava.com\/spartak-v-derby-tesne-prehral-so-slovanom\/#primaryimage\"},\"image\":{\"@id\":\"https:\/\/fcspartaktrnava.com\/spartak-v-derby-tesne-prehral-so-slovanom\/#primaryimage\"},\"thumbnailUrl\":\"https:\/\/fcspartaktrnava.com\/wp-content\/uploads\/2026\/04\/kudlo.jpg\",\"datePublished\":\"2026-04-26T19:24:17+00:00\",\"breadcrumb\":{\"@id\":\"https:\/\/fcspartaktrnava.com\/spartak-v-derby-tesne-prehral-so-slovanom\/#breadcrumb\"},\"inLanguage\":\"en-GB\",\"potentialAction\":[{\"@type\":\"ReadAction\",\"target\":[\"https:\/\/fcspartaktrnava.com\/spartak-v-derby-tesne-prehral-so-slovanom\/\"]}]},{\"@type\":\"ImageObject\",\"inLanguage\":\"en-GB\",\"@id\":\"https:\/\/fcspartaktrnava.com\/spartak-v-derby-tesne-prehral-so-slovanom\/#primaryimage\",\"url\":\"https:\/\/fcspartaktrnava.com\/wp-content\/uploads\/2026\/04\/kudlo.jpg\",\"contentUrl\":\"https:\/\/fcspartaktrnava.com\/wp-content\/uploads\/2026\/04\/kudlo.jpg\",\"width\":2048,\"height\":1365},{\"@type\":\"BreadcrumbList\",\"@id\":\"https:\/\/fcspartaktrnava.com\/spartak-v-derby-tesne-prehral-so-slovanom\/#breadcrumb\",\"itemListElement\":[{\"@type\":\"ListItem\",\"position\":1,\"name\":\"Home\",\"item\":\"https:\/\/fcspartaktrnava.com\/\"},{\"@type\":\"ListItem\",\"position\":2,\"name\":\"Spartak v\u00a0derby tesne prehral so Slovanom\"}]},{\"@type\":\"WebSite\",\"@id\":\"https:\/\/fcspartaktrnava.com\/#website\",\"url\":\"https:\/\/fcspartaktrnava.com\/\",\"name\":\"FC Spartak Trnava\",\"description\":\"ofici\u00e1lna webstr\u00e1nka futbalov\u00e9ho klubu\",\"publisher\":{\"@id\":\"https:\/\/fcspartaktrnava.com\/#organization\"},\"potentialAction\":[{\"@type\":\"SearchAction\",\"target\":{\"@type\":\"EntryPoint\",\"urlTemplate\":\"https:\/\/fcspartaktrnava.com\/?s={search_term_string}\"},\"query-input\":{\"@type\":\"PropertyValueSpecification\",\"valueRequired\":true,\"valueName\":\"search_term_string\"}}],\"inLanguage\":\"en-GB\"},{\"@type\":\"Organization\",\"@id\":\"https:\/\/fcspartaktrnava.com\/#organization\",\"name\":\"FC Spartak Trnava\",\"alternateName\":\"Spartak\",\"url\":\"https:\/\/fcspartaktrnava.com\/\",\"logo\":{\"@type\":\"ImageObject\",\"inLanguage\":\"en-GB\",\"@id\":\"https:\/\/fcspartaktrnava.com\/#\/schema\/logo\/image\/\",\"url\":\"https:\/\/fcspartaktrnava.com\/wp-content\/uploads\/2022\/08\/cropped-site_logo.png\",\"contentUrl\":\"https:\/\/fcspartaktrnava.com\/wp-content\/uploads\/2022\/08\/cropped-site_logo.png\",\"width\":140,\"height\":140,\"caption\":\"FC Spartak Trnava\"},\"image\":{\"@id\":\"https:\/\/fcspartaktrnava.com\/#\/schema\/logo\/image\/\"},\"sameAs\":[\"https:\/\/www.facebook.com\/SpartakTrnava\",\"https:\/\/x.com\/SpartakTrnava1\",\"https:\/\/www.instagram.com\/spartak_sk\/\"]},{\"@type\":\"Person\",\"@id\":\"https:\/\/fcspartaktrnava.com\/#\/schema\/person\/7cdd4b929b99ded36250b65a912c3e50\",\"name\":\"Martin Jani\u0161\",\"image\":{\"@type\":\"ImageObject\",\"inLanguage\":\"en-GB\",\"@id\":\"https:\/\/fcspartaktrnava.com\/#\/schema\/person\/image\/\",\"url\":\"https:\/\/secure.gravatar.com\/avatar\/fedc052aa0cc97945f02257b4d7403b58c43abc4a09851b80363a242b2276a06?s=96&d=mm&r=g\",\"contentUrl\":\"https:\/\/secure.gravatar.com\/avatar\/fedc052aa0cc97945f02257b4d7403b58c43abc4a09851b80363a242b2276a06?s=96&d=mm&r=g\",\"caption\":\"Martin Jani\u0161\"},\"sameAs\":[\"http:\/\/Martin%20Janis\"],\"url\":\"https:\/\/fcspartaktrnava.com\/en\/author\/martin-janis\/\"}]}<\/script>\n<!-- \/ Yoast SEO plugin. -->","yoast_head_json":{"title":"Spartak v\u00a0derby tesne prehral so Slovanom - FC Spartak Trnava","robots":{"index":"index","follow":"follow","max-snippet":"max-snippet:-1","max-image-preview":"max-image-preview:large","max-video-preview":"max-video-preview:-1"},"canonical":"https:\/\/fcspartaktrnava.com\/en\/spartak-v-derby-tesne-prehral-so-slovanom\/","twitter_misc":{"Written by":"Martin Jani\u0161","Estimated reading time":"3 minutes"},"schema":{"@context":"https:\/\/schema.org","@graph":[{"@type":"Article","@id":"https:\/\/fcspartaktrnava.com\/spartak-v-derby-tesne-prehral-so-slovanom\/#article","isPartOf":{"@id":"https:\/\/fcspartaktrnava.com\/spartak-v-derby-tesne-prehral-so-slovanom\/"},"author":{"name":"Martin Jani\u0161","@id":"https:\/\/fcspartaktrnava.com\/#\/schema\/person\/7cdd4b929b99ded36250b65a912c3e50"},"headline":"Spartak v\u00a0derby tesne prehral so Slovanom","datePublished":"2026-04-26T19:24:17+00:00","mainEntityOfPage":{"@id":"https:\/\/fcspartaktrnava.com\/spartak-v-derby-tesne-prehral-so-slovanom\/"},"wordCount":468,"publisher":{"@id":"https:\/\/fcspartaktrnava.com\/#organization"},"image":{"@id":"https:\/\/fcspartaktrnava.com\/spartak-v-derby-tesne-prehral-so-slovanom\/#primaryimage"},"thumbnailUrl":"https:\/\/fcspartaktrnava.com\/wp-content\/uploads\/2026\/04\/kudlo.jpg","articleSection":["Spr\u00e1vy"],"inLanguage":"en-GB"},{"@type":"WebPage","@id":"https:\/\/fcspartaktrnava.com\/spartak-v-derby-tesne-prehral-so-slovanom\/","url":"https:\/\/fcspartaktrnava.com\/spartak-v-derby-tesne-prehral-so-slovanom\/","name":"Spartak v\u00a0derby tesne prehral so Slovanom - FC Spartak Trnava","isPartOf":{"@id":"https:\/\/fcspartaktrnava.com\/#website"},"primaryImageOfPage":{"@id":"https:\/\/fcspartaktrnava.com\/spartak-v-derby-tesne-prehral-so-slovanom\/#primaryimage"},"image":{"@id":"https:\/\/fcspartaktrnava.com\/spartak-v-derby-tesne-prehral-so-slovanom\/#primaryimage"},"thumbnailUrl":"https:\/\/fcspartaktrnava.com\/wp-content\/uploads\/2026\/04\/kudlo.jpg","datePublished":"2026-04-26T19:24:17+00:00","breadcrumb":{"@id":"https:\/\/fcspartaktrnava.com\/spartak-v-derby-tesne-prehral-so-slovanom\/#breadcrumb"},"inLanguage":"en-GB","potentialAction":[{"@type":"ReadAction","target":["https:\/\/fcspartaktrnava.com\/spartak-v-derby-tesne-prehral-so-slovanom\/"]}]},{"@type":"ImageObject","inLanguage":"en-GB","@id":"https:\/\/fcspartaktrnava.com\/spartak-v-derby-tesne-prehral-so-slovanom\/#primaryimage","url":"https:\/\/fcspartaktrnava.com\/wp-content\/uploads\/2026\/04\/kudlo.jpg","contentUrl":"https:\/\/fcspartaktrnava.com\/wp-content\/uploads\/2026\/04\/kudlo.jpg","width":2048,"height":1365},{"@type":"BreadcrumbList","@id":"https:\/\/fcspartaktrnava.com\/spartak-v-derby-tesne-prehral-so-slovanom\/#breadcrumb","itemListElement":[{"@type":"ListItem","position":1,"name":"Home","item":"https:\/\/fcspartaktrnava.com\/"},{"@type":"ListItem","position":2,"name":"Spartak v\u00a0derby tesne prehral so Slovanom"}]},{"@type":"WebSite","@id":"https:\/\/fcspartaktrnava.com\/#website","url":"https:\/\/fcspartaktrnava.com\/","name":"FC Spartak Trnava","description":"ofici\u00e1lna webstr\u00e1nka futbalov\u00e9ho klubu","publisher":{"@id":"https:\/\/fcspartaktrnava.com\/#organization"},"potentialAction":[{"@type":"SearchAction","target":{"@type":"EntryPoint","urlTemplate":"https:\/\/fcspartaktrnava.com\/?s={search_term_string}"},"query-input":{"@type":"PropertyValueSpecification","valueRequired":true,"valueName":"search_term_string"}}],"inLanguage":"en-GB"},{"@type":"Organization","@id":"https:\/\/fcspartaktrnava.com\/#organization","name":"FC Spartak Trnava","alternateName":"Spartak","url":"https:\/\/fcspartaktrnava.com\/","logo":{"@type":"ImageObject","inLanguage":"en-GB","@id":"https:\/\/fcspartaktrnava.com\/#\/schema\/logo\/image\/","url":"https:\/\/fcspartaktrnava.com\/wp-content\/uploads\/2022\/08\/cropped-site_logo.png","contentUrl":"https:\/\/fcspartaktrnava.com\/wp-content\/uploads\/2022\/08\/cropped-site_logo.png","width":140,"height":140,"caption":"FC Spartak Trnava"},"image":{"@id":"https:\/\/fcspartaktrnava.com\/#\/schema\/logo\/image\/"},"sameAs":["https:\/\/www.facebook.com\/SpartakTrnava","https:\/\/x.com\/SpartakTrnava1","https:\/\/www.instagram.com\/spartak_sk\/"]},{"@type":"Person","@id":"https:\/\/fcspartaktrnava.com\/#\/schema\/person\/7cdd4b929b99ded36250b65a912c3e50","name":"Martin Jani\u0161","image":{"@type":"ImageObject","inLanguage":"en-GB","@id":"https:\/\/fcspartaktrnava.com\/#\/schema\/person\/image\/","url":"https:\/\/secure.gravatar.com\/avatar\/fedc052aa0cc97945f02257b4d7403b58c43abc4a09851b80363a242b2276a06?s=96&d=mm&r=g","contentUrl":"https:\/\/secure.gravatar.com\/avatar\/fedc052aa0cc97945f02257b4d7403b58c43abc4a09851b80363a242b2276a06?s=96&d=mm&r=g","caption":"Martin Jani\u0161"},"sameAs":["http:\/\/Martin%20Janis"],"url":"https:\/\/fcspartaktrnava.com\/en\/author\/martin-janis\/"}]}},"_links":{"self":[{"href":"https:\/\/fcspartaktrnava.com\/en\/wp-json\/wp\/v2\/posts\/43170","targetHints":{"allow":["GET"]}}],"collection":[{"href":"https:\/\/fcspartaktrnava.com\/en\/wp-json\/wp\/v2\/posts"}],"about":[{"href":"https:\/\/fcspartaktrnava.com\/en\/wp-json\/wp\/v2\/types\/post"}],"author":[{"embeddable":true,"href":"https:\/\/fcspartaktrnava.com\/en\/wp-json\/wp\/v2\/users\/10"}],"replies":[{"embeddable":true,"href":"https:\/\/fcspartaktrnava.com\/en\/wp-json\/wp\/v2\/comments?post=43170"}],"version-history":[{"count":0,"href":"https:\/\/fcspartaktrnava.com\/en\/wp-json\/wp\/v2\/posts\/43170\/revisions"}],"wp:featuredmedia":[{"embeddable":true,"href":"https:\/\/fcspartaktrnava.com\/en\/wp-json\/wp\/v2\/media\/43171"}],"wp:attachment":[{"href":"https:\/\/fcspartaktrnava.com\/en\/wp-json\/wp\/v2\/media?parent=43170"}],"wp:term":[{"taxonomy":"category","embeddable":true,"href":"https:\/\/fcspartaktrnava.com\/en\/wp-json\/wp\/v2\/categories?post=43170"},{"taxonomy":"post_tag","embeddable":true,"href":"https:\/\/fcspartaktrnava.com\/en\/wp-json\/wp\/v2\/tags?post=43170"}],"curies":[{"name":"wp","href":"https:\/\/api.w.org\/{rel}","templated":true}]}}