{"id":41181,"date":"2026-03-13T13:45:59","date_gmt":"2026-03-13T11:45:59","guid":{"rendered":"https:\/\/fcspartaktrnava.com\/?p=41181"},"modified":"2026-03-13T13:45:59","modified_gmt":"2026-03-13T11:45:59","slug":"krajske-derby-sa-napokon-odohra-v-inom-termine","status":"publish","type":"post","link":"https:\/\/fcspartaktrnava.com\/en\/krajske-derby-sa-napokon-odohra-v-inom-termine\/","title":{"rendered":"Krajsk\u00e9 derby sa napokon odohr\u00e1 v inom term\u00edne"},"content":{"rendered":"<p style=\"font-size:26px\"><strong>Sobot\u0148aj\u0161\u00ed z\u00e1pas medzi FC Spartak Trnava a DAC 1904 Dunajsk\u00e1 Streda sa v p\u00f4vodnom term\u00edne &#8211; 14. marca o 18:00 napokon hra\u0165 nebude.<\/strong><\/p>\n\n\n\n<p class=\"has-medium-font-size\">D\u00f4vodom je v\u00edrusov\u00e9 ochorenie roz\u0161\u00edren\u00e9 v t\u00edme host\u00ed, \u00daLK prist\u00fapila k odlo\u017eeniu stretnutia na z\u00e1klade rozhodnutia Region\u00e1lneho \u00faradu verejn\u00e9ho zdravotn\u00edctva so s\u00eddlom v Dunajskej Strede. Nov\u00fd term\u00edn z\u00e1pasu zatia\u013e zn\u00e1my nie je, budeme v\u00e1s o \u0148om v\u010das informova\u0165.<br><br>Ka\u017ed\u00fd, kto si zak\u00fapil vstupenky na zajtraj\u0161\u00ed z\u00e1pas online cez port\u00e1l predpredaj.sk dostane informa\u010dn\u00fd e-mail. Vstupenky ostan\u00fa v platnosti aj v novom term\u00edne, v pr\u00edpade, \u017ee by mal niekto z\u00e1ujem o vr\u00e1tenie pe\u0148az\u00ed z d\u00f4vodu nevyhovuj\u00faceho nov\u00e9ho term\u00ednu, postupujte pod\u013ea krokov, ktor\u00e9 bud\u00fa uveden\u00e9 v e-maili. <\/p>","protected":false},"excerpt":{"rendered":"<p>Sobot\u0148aj\u0161\u00ed z\u00e1pas medzi FC Spartak Trnava a DAC&#8230;<\/p>","protected":false},"author":5,"featured_media":41182,"comment_status":"closed","ping_status":"closed","sticky":false,"template":"","format":"standard","meta":{"footnotes":""},"categories":[12],"tags":[],"class_list":["post-41181","post","type-post","status-publish","format-standard","has-post-thumbnail","hentry","category-spravy","post-number-1"],"yoast_head":"<!-- This site is optimized with the Yoast SEO plugin v27.1.1 - https:\/\/yoast.com\/product\/yoast-seo-wordpress\/ -->\n<title>Krajsk\u00e9 derby sa napokon odohr\u00e1 v inom term\u00edne - FC Spartak Trnava<\/title>\n<meta name=\"robots\" content=\"index, follow, max-snippet:-1, max-image-preview:large, max-video-preview:-1\" \/>\n<link rel=\"canonical\" href=\"https:\/\/fcspartaktrnava.com\/en\/krajske-derby-sa-napokon-odohra-v-inom-termine\/\" \/>\n<meta name=\"twitter:label1\" content=\"Written by\" \/>\n\t<meta name=\"twitter:data1\" content=\"Samuel \u010eurinsk\u00fd\" \/>\n\t<meta name=\"twitter:label2\" content=\"Estimated reading time\" \/>\n\t<meta name=\"twitter:data2\" content=\"1 minute\" \/>\n<script type=\"application\/ld+json\" class=\"yoast-schema-graph\">{\"@context\":\"https:\/\/schema.org\",\"@graph\":[{\"@type\":\"Article\",\"@id\":\"https:\/\/fcspartaktrnava.com\/krajske-derby-sa-napokon-odohra-v-inom-termine\/#article\",\"isPartOf\":{\"@id\":\"https:\/\/fcspartaktrnava.com\/krajske-derby-sa-napokon-odohra-v-inom-termine\/\"},\"author\":{\"name\":\"Samuel \u010eurinsk\u00fd\",\"@id\":\"https:\/\/fcspartaktrnava.com\/#\/schema\/person\/62c3c2562c3c56e4c0c8c2342c596ac0\"},\"headline\":\"Krajsk\u00e9 derby sa napokon odohr\u00e1 v inom term\u00edne\",\"datePublished\":\"2026-03-13T11:45:59+00:00\",\"mainEntityOfPage\":{\"@id\":\"https:\/\/fcspartaktrnava.com\/krajske-derby-sa-napokon-odohra-v-inom-termine\/\"},\"wordCount\":149,\"publisher\":{\"@id\":\"https:\/\/fcspartaktrnava.com\/#organization\"},\"image\":{\"@id\":\"https:\/\/fcspartaktrnava.com\/krajske-derby-sa-napokon-odohra-v-inom-termine\/#primaryimage\"},\"thumbnailUrl\":\"https:\/\/fcspartaktrnava.com\/wp-content\/uploads\/2026\/03\/LUC_5561-scaled.jpg\",\"articleSection\":[\"Spr\u00e1vy\"],\"inLanguage\":\"en-GB\"},{\"@type\":\"WebPage\",\"@id\":\"https:\/\/fcspartaktrnava.com\/krajske-derby-sa-napokon-odohra-v-inom-termine\/\",\"url\":\"https:\/\/fcspartaktrnava.com\/krajske-derby-sa-napokon-odohra-v-inom-termine\/\",\"name\":\"Krajsk\u00e9 derby sa napokon odohr\u00e1 v inom term\u00edne - FC Spartak Trnava\",\"isPartOf\":{\"@id\":\"https:\/\/fcspartaktrnava.com\/#website\"},\"primaryImageOfPage\":{\"@id\":\"https:\/\/fcspartaktrnava.com\/krajske-derby-sa-napokon-odohra-v-inom-termine\/#primaryimage\"},\"image\":{\"@id\":\"https:\/\/fcspartaktrnava.com\/krajske-derby-sa-napokon-odohra-v-inom-termine\/#primaryimage\"},\"thumbnailUrl\":\"https:\/\/fcspartaktrnava.com\/wp-content\/uploads\/2026\/03\/LUC_5561-scaled.jpg\",\"datePublished\":\"2026-03-13T11:45:59+00:00\",\"breadcrumb\":{\"@id\":\"https:\/\/fcspartaktrnava.com\/krajske-derby-sa-napokon-odohra-v-inom-termine\/#breadcrumb\"},\"inLanguage\":\"en-GB\",\"potentialAction\":[{\"@type\":\"ReadAction\",\"target\":[\"https:\/\/fcspartaktrnava.com\/krajske-derby-sa-napokon-odohra-v-inom-termine\/\"]}]},{\"@type\":\"ImageObject\",\"inLanguage\":\"en-GB\",\"@id\":\"https:\/\/fcspartaktrnava.com\/krajske-derby-sa-napokon-odohra-v-inom-termine\/#primaryimage\",\"url\":\"https:\/\/fcspartaktrnava.com\/wp-content\/uploads\/2026\/03\/LUC_5561-scaled.jpg\",\"contentUrl\":\"https:\/\/fcspartaktrnava.com\/wp-content\/uploads\/2026\/03\/LUC_5561-scaled.jpg\",\"width\":2560,\"height\":1707},{\"@type\":\"BreadcrumbList\",\"@id\":\"https:\/\/fcspartaktrnava.com\/krajske-derby-sa-napokon-odohra-v-inom-termine\/#breadcrumb\",\"itemListElement\":[{\"@type\":\"ListItem\",\"position\":1,\"name\":\"Home\",\"item\":\"https:\/\/fcspartaktrnava.com\/\"},{\"@type\":\"ListItem\",\"position\":2,\"name\":\"Krajsk\u00e9 derby sa napokon odohr\u00e1 v inom term\u00edne\"}]},{\"@type\":\"WebSite\",\"@id\":\"https:\/\/fcspartaktrnava.com\/#website\",\"url\":\"https:\/\/fcspartaktrnava.com\/\",\"name\":\"FC Spartak Trnava\",\"description\":\"ofici\u00e1lna webstr\u00e1nka futbalov\u00e9ho klubu\",\"publisher\":{\"@id\":\"https:\/\/fcspartaktrnava.com\/#organization\"},\"potentialAction\":[{\"@type\":\"SearchAction\",\"target\":{\"@type\":\"EntryPoint\",\"urlTemplate\":\"https:\/\/fcspartaktrnava.com\/?s={search_term_string}\"},\"query-input\":{\"@type\":\"PropertyValueSpecification\",\"valueRequired\":true,\"valueName\":\"search_term_string\"}}],\"inLanguage\":\"en-GB\"},{\"@type\":\"Organization\",\"@id\":\"https:\/\/fcspartaktrnava.com\/#organization\",\"name\":\"FC Spartak Trnava\",\"alternateName\":\"Spartak\",\"url\":\"https:\/\/fcspartaktrnava.com\/\",\"logo\":{\"@type\":\"ImageObject\",\"inLanguage\":\"en-GB\",\"@id\":\"https:\/\/fcspartaktrnava.com\/#\/schema\/logo\/image\/\",\"url\":\"https:\/\/fcspartaktrnava.com\/wp-content\/uploads\/2022\/08\/cropped-site_logo.png\",\"contentUrl\":\"https:\/\/fcspartaktrnava.com\/wp-content\/uploads\/2022\/08\/cropped-site_logo.png\",\"width\":140,\"height\":140,\"caption\":\"FC Spartak Trnava\"},\"image\":{\"@id\":\"https:\/\/fcspartaktrnava.com\/#\/schema\/logo\/image\/\"},\"sameAs\":[\"https:\/\/www.facebook.com\/SpartakTrnava\",\"https:\/\/x.com\/SpartakTrnava1\",\"https:\/\/www.instagram.com\/spartak_sk\/\"]},{\"@type\":\"Person\",\"@id\":\"https:\/\/fcspartaktrnava.com\/#\/schema\/person\/62c3c2562c3c56e4c0c8c2342c596ac0\",\"name\":\"Samuel \u010eurinsk\u00fd\",\"image\":{\"@type\":\"ImageObject\",\"inLanguage\":\"en-GB\",\"@id\":\"https:\/\/fcspartaktrnava.com\/#\/schema\/person\/image\/\",\"url\":\"https:\/\/secure.gravatar.com\/avatar\/af2fa02af92418b86ed742470664fe40056833fb68d84becf03f6ab02319257c?s=96&d=mm&r=g\",\"contentUrl\":\"https:\/\/secure.gravatar.com\/avatar\/af2fa02af92418b86ed742470664fe40056833fb68d84becf03f6ab02319257c?s=96&d=mm&r=g\",\"caption\":\"Samuel \u010eurinsk\u00fd\"},\"url\":\"https:\/\/fcspartaktrnava.com\/en\/author\/fcst-samuel\/\"}]}<\/script>\n<!-- \/ Yoast SEO plugin. -->","yoast_head_json":{"title":"Krajsk\u00e9 derby sa napokon odohr\u00e1 v inom term\u00edne - FC Spartak Trnava","robots":{"index":"index","follow":"follow","max-snippet":"max-snippet:-1","max-image-preview":"max-image-preview:large","max-video-preview":"max-video-preview:-1"},"canonical":"https:\/\/fcspartaktrnava.com\/en\/krajske-derby-sa-napokon-odohra-v-inom-termine\/","twitter_misc":{"Written by":"Samuel \u010eurinsk\u00fd","Estimated reading time":"1 minute"},"schema":{"@context":"https:\/\/schema.org","@graph":[{"@type":"Article","@id":"https:\/\/fcspartaktrnava.com\/krajske-derby-sa-napokon-odohra-v-inom-termine\/#article","isPartOf":{"@id":"https:\/\/fcspartaktrnava.com\/krajske-derby-sa-napokon-odohra-v-inom-termine\/"},"author":{"name":"Samuel \u010eurinsk\u00fd","@id":"https:\/\/fcspartaktrnava.com\/#\/schema\/person\/62c3c2562c3c56e4c0c8c2342c596ac0"},"headline":"Krajsk\u00e9 derby sa napokon odohr\u00e1 v inom term\u00edne","datePublished":"2026-03-13T11:45:59+00:00","mainEntityOfPage":{"@id":"https:\/\/fcspartaktrnava.com\/krajske-derby-sa-napokon-odohra-v-inom-termine\/"},"wordCount":149,"publisher":{"@id":"https:\/\/fcspartaktrnava.com\/#organization"},"image":{"@id":"https:\/\/fcspartaktrnava.com\/krajske-derby-sa-napokon-odohra-v-inom-termine\/#primaryimage"},"thumbnailUrl":"https:\/\/fcspartaktrnava.com\/wp-content\/uploads\/2026\/03\/LUC_5561-scaled.jpg","articleSection":["Spr\u00e1vy"],"inLanguage":"en-GB"},{"@type":"WebPage","@id":"https:\/\/fcspartaktrnava.com\/krajske-derby-sa-napokon-odohra-v-inom-termine\/","url":"https:\/\/fcspartaktrnava.com\/krajske-derby-sa-napokon-odohra-v-inom-termine\/","name":"Krajsk\u00e9 derby sa napokon odohr\u00e1 v inom term\u00edne - FC Spartak Trnava","isPartOf":{"@id":"https:\/\/fcspartaktrnava.com\/#website"},"primaryImageOfPage":{"@id":"https:\/\/fcspartaktrnava.com\/krajske-derby-sa-napokon-odohra-v-inom-termine\/#primaryimage"},"image":{"@id":"https:\/\/fcspartaktrnava.com\/krajske-derby-sa-napokon-odohra-v-inom-termine\/#primaryimage"},"thumbnailUrl":"https:\/\/fcspartaktrnava.com\/wp-content\/uploads\/2026\/03\/LUC_5561-scaled.jpg","datePublished":"2026-03-13T11:45:59+00:00","breadcrumb":{"@id":"https:\/\/fcspartaktrnava.com\/krajske-derby-sa-napokon-odohra-v-inom-termine\/#breadcrumb"},"inLanguage":"en-GB","potentialAction":[{"@type":"ReadAction","target":["https:\/\/fcspartaktrnava.com\/krajske-derby-sa-napokon-odohra-v-inom-termine\/"]}]},{"@type":"ImageObject","inLanguage":"en-GB","@id":"https:\/\/fcspartaktrnava.com\/krajske-derby-sa-napokon-odohra-v-inom-termine\/#primaryimage","url":"https:\/\/fcspartaktrnava.com\/wp-content\/uploads\/2026\/03\/LUC_5561-scaled.jpg","contentUrl":"https:\/\/fcspartaktrnava.com\/wp-content\/uploads\/2026\/03\/LUC_5561-scaled.jpg","width":2560,"height":1707},{"@type":"BreadcrumbList","@id":"https:\/\/fcspartaktrnava.com\/krajske-derby-sa-napokon-odohra-v-inom-termine\/#breadcrumb","itemListElement":[{"@type":"ListItem","position":1,"name":"Home","item":"https:\/\/fcspartaktrnava.com\/"},{"@type":"ListItem","position":2,"name":"Krajsk\u00e9 derby sa napokon odohr\u00e1 v inom term\u00edne"}]},{"@type":"WebSite","@id":"https:\/\/fcspartaktrnava.com\/#website","url":"https:\/\/fcspartaktrnava.com\/","name":"FC Spartak Trnava","description":"ofici\u00e1lna webstr\u00e1nka futbalov\u00e9ho klubu","publisher":{"@id":"https:\/\/fcspartaktrnava.com\/#organization"},"potentialAction":[{"@type":"SearchAction","target":{"@type":"EntryPoint","urlTemplate":"https:\/\/fcspartaktrnava.com\/?s={search_term_string}"},"query-input":{"@type":"PropertyValueSpecification","valueRequired":true,"valueName":"search_term_string"}}],"inLanguage":"en-GB"},{"@type":"Organization","@id":"https:\/\/fcspartaktrnava.com\/#organization","name":"FC Spartak Trnava","alternateName":"Spartak","url":"https:\/\/fcspartaktrnava.com\/","logo":{"@type":"ImageObject","inLanguage":"en-GB","@id":"https:\/\/fcspartaktrnava.com\/#\/schema\/logo\/image\/","url":"https:\/\/fcspartaktrnava.com\/wp-content\/uploads\/2022\/08\/cropped-site_logo.png","contentUrl":"https:\/\/fcspartaktrnava.com\/wp-content\/uploads\/2022\/08\/cropped-site_logo.png","width":140,"height":140,"caption":"FC Spartak Trnava"},"image":{"@id":"https:\/\/fcspartaktrnava.com\/#\/schema\/logo\/image\/"},"sameAs":["https:\/\/www.facebook.com\/SpartakTrnava","https:\/\/x.com\/SpartakTrnava1","https:\/\/www.instagram.com\/spartak_sk\/"]},{"@type":"Person","@id":"https:\/\/fcspartaktrnava.com\/#\/schema\/person\/62c3c2562c3c56e4c0c8c2342c596ac0","name":"Samuel \u010eurinsk\u00fd","image":{"@type":"ImageObject","inLanguage":"en-GB","@id":"https:\/\/fcspartaktrnava.com\/#\/schema\/person\/image\/","url":"https:\/\/secure.gravatar.com\/avatar\/af2fa02af92418b86ed742470664fe40056833fb68d84becf03f6ab02319257c?s=96&d=mm&r=g","contentUrl":"https:\/\/secure.gravatar.com\/avatar\/af2fa02af92418b86ed742470664fe40056833fb68d84becf03f6ab02319257c?s=96&d=mm&r=g","caption":"Samuel \u010eurinsk\u00fd"},"url":"https:\/\/fcspartaktrnava.com\/en\/author\/fcst-samuel\/"}]}},"_links":{"self":[{"href":"https:\/\/fcspartaktrnava.com\/en\/wp-json\/wp\/v2\/posts\/41181","targetHints":{"allow":["GET"]}}],"collection":[{"href":"https:\/\/fcspartaktrnava.com\/en\/wp-json\/wp\/v2\/posts"}],"about":[{"href":"https:\/\/fcspartaktrnava.com\/en\/wp-json\/wp\/v2\/types\/post"}],"author":[{"embeddable":true,"href":"https:\/\/fcspartaktrnava.com\/en\/wp-json\/wp\/v2\/users\/5"}],"replies":[{"embeddable":true,"href":"https:\/\/fcspartaktrnava.com\/en\/wp-json\/wp\/v2\/comments?post=41181"}],"version-history":[{"count":0,"href":"https:\/\/fcspartaktrnava.com\/en\/wp-json\/wp\/v2\/posts\/41181\/revisions"}],"wp:featuredmedia":[{"embeddable":true,"href":"https:\/\/fcspartaktrnava.com\/en\/wp-json\/wp\/v2\/media\/41182"}],"wp:attachment":[{"href":"https:\/\/fcspartaktrnava.com\/en\/wp-json\/wp\/v2\/media?parent=41181"}],"wp:term":[{"taxonomy":"category","embeddable":true,"href":"https:\/\/fcspartaktrnava.com\/en\/wp-json\/wp\/v2\/categories?post=41181"},{"taxonomy":"post_tag","embeddable":true,"href":"https:\/\/fcspartaktrnava.com\/en\/wp-json\/wp\/v2\/tags?post=41181"}],"curies":[{"name":"wp","href":"https:\/\/api.w.org\/{rel}","templated":true}]}}