{"id":41176,"date":"2026-03-12T16:04:21","date_gmt":"2026-03-12T14:04:21","guid":{"rendered":"https:\/\/fcspartaktrnava.com\/?p=41176"},"modified":"2026-03-12T16:04:54","modified_gmt":"2026-03-12T14:04:54","slug":"krajske-derby-na-stadione-a-malatinskeho","status":"publish","type":"post","link":"https:\/\/fcspartaktrnava.com\/en\/krajske-derby-na-stadione-a-malatinskeho\/","title":{"rendered":"Krajsk\u00e9 derby na \u0160tadi\u00f3ne A. Malatinsk\u00e9ho!"},"content":{"rendered":"<p style=\"font-size:24px\"><strong>U\u017e t\u00fato sobotu vyzve Spartak na dom\u00e1com ihrisku host\u00ed z Dunajskej Stredy. Nadstavbov\u00fa \u010das\u0165 Nik\u00e9 ligy od\u0161tartovali zverenci tr\u00e9nera Antonia Mu\u00f1oza v\u00fdhrou v \u017diline a 3 body bud\u00fa chcie\u0165 rozhodne z\u00edska\u0165 aj pred dom\u00e1cimi trib\u00fanami. V\u00fdkop je napl\u00e1novan\u00fd na 18:00. Br\u00e1ny \u0161tadi\u00f3na sa otv\u00e1raj\u00fa u\u017e 2 hodiny pred z\u00e1pasom, od 16:00<\/strong>, <strong>rovnako tak pokladne.<\/strong><\/p>\n\n\n\n<p class=\"has-text-align-center has-vivid-red-color has-white-background-color has-text-color has-background has-link-color has-medium-font-size wp-elements-93ceab378f1175db09feaa506ad40d5b\"><strong><a href=\"https:\/\/predpredaj.zoznam.sk\/sk\/listky\/fc-spartak-trnava-fc-dac-1904-dunajska-streda-2026-03-14\/\" type=\"link\" id=\"https:\/\/predpredaj.zoznam.sk\/sk\/listky\/fc-spartak-trnava-fc-dac-1904-dunajska-streda-2026-03-14\/\">VSTUPENKY NA Z\u00c1PAS K\u00daPI\u0160 ONLINE TU<\/a><\/strong><\/p>\n\n\n\n<p class=\"has-medium-font-size\">V ponuke bud\u00fa op\u00e4\u0165 aj <strong>DETSK\u00c9 SEKTORY 5, 6, 7<\/strong> a akcia pre mami\u010dky s de\u0165mi. Vstupenky za symbolick\u00fa sumu <strong>1 EURO <\/strong>si zak\u00fapite po vyplnen\u00ed v\u0161etk\u00fdch povinn\u00fdch \u00fadajov a n\u00e1slednom kliknut\u00ed na pol\u00ed\u010dko \u201e<strong>Vyu\u017ei\u0165 z\u013eavu<\/strong>\u201c. V pr\u00edpade z\u00e1ujmu o v\u00e4\u010d\u0161\u00ed po\u010det vstupeniek pre organizovan\u00fa skupinu (trieda, \u0161portov\u00fd klub,\u2026) n\u00e1m nap\u00ed\u0161te mail na&nbsp;<strong>office@fcspartaktrnava.com<\/strong>, kde v\u00e1m zabezpe\u010d\u00edme l\u00edstky.<br><br>Pre matersk\u00e9 a z\u00e1kladn\u00e9 <strong>\u0161koly v Trnave<\/strong> sme si pripravili aj \u0161peci\u00e1lnu <a href=\"https:\/\/fcspartaktrnava.com\/en\/sutaz-o-najoriginalnejsi-transparent\/\" type=\"link\" id=\"https:\/\/fcspartaktrnava.com\/sutaz-o-najoriginalnejsi-transparent\/\">s\u00fa\u0165a\u017e<\/a>! Vytvorte origin\u00e1lny <strong>transparent,<\/strong> ktor\u00fd zoberiete so sebou na sobot\u0148aj\u0161\u00ed z\u00e1pas a fan\u00fa\u0161ikovia rozhodn\u00fa, ktor\u00fd je ten naj!<\/p>\n\n\n\n<p class=\"has-medium-font-size\"><strong>Najorigin\u00e1lnej\u0161\u00ed transparent z\u00edska<\/strong> od n\u00e1s <strong>vstupenky<\/strong> na najbli\u017e\u0161\u00ed dom\u00e1ci z\u00e1pas, <strong>prehliadku \u0161tadi\u00f3na<\/strong> a <strong>jazdu klubov\u00fdm autobusom<\/strong> pre cel\u00fa triedu!<\/p>\n\n\n<div class=\"wp-block-image\">\n<figure class=\"aligncenter size-large is-resized\"><a href=\"https:\/\/predpredaj.zoznam.sk\/sk\/listky\/fc-spartak-trnava-fc-dac-1904-dunajska-streda-2026-03-14\/\"><img loading=\"lazy\" decoding=\"async\" width=\"1024\" height=\"341\" src=\"https:\/\/fcspartaktrnava.com\/wp-content\/uploads\/2026\/03\/Predpredaj-banner-1024x341.png\" alt=\"\" class=\"wp-image-41177\" style=\"aspect-ratio:3.003016422746062;width:648px;height:auto\" srcset=\"https:\/\/fcspartaktrnava.com\/wp-content\/uploads\/2026\/03\/Predpredaj-banner-1024x341.png 1024w, https:\/\/fcspartaktrnava.com\/wp-content\/uploads\/2026\/03\/Predpredaj-banner-300x100.png 300w, https:\/\/fcspartaktrnava.com\/wp-content\/uploads\/2026\/03\/Predpredaj-banner-768x256.png 768w, https:\/\/fcspartaktrnava.com\/wp-content\/uploads\/2026\/03\/Predpredaj-banner-18x6.png 18w, https:\/\/fcspartaktrnava.com\/wp-content\/uploads\/2026\/03\/Predpredaj-banner.png 1140w\" sizes=\"auto, (max-width: 1024px) 100vw, 1024px\" \/><\/a><\/figure>\n<\/div>\n\n\n<p class=\"has-medium-font-size\">Pred z\u00e1pasom sa budete m\u00f4c\u0165 op\u00e4\u0165 te\u0161i\u0165 na r\u00f4zne sprievodn\u00e9 aktivity. V priestoroch nad detsk\u00fdm sektorom bude v \u010dase od <strong>17:00<\/strong> prebieha\u0165 autogrami\u00e1da s na\u0161imi hr\u00e1\u010dmi &#8211; Patrickom <strong>Nwadikem<\/strong> a Kristi\u00e1nom <strong>Ko\u0161trnom<\/strong>.<br><br>Okrem toho si v na\u0161ej destkej z\u00f3ne m\u00f4\u017eete op\u00e4\u0165 zahra\u0165 <strong>futbal na mal\u00e9 br\u00e1nky<\/strong>, novinkou bud\u00fa aj <strong>spartakovsk\u00e9 osemsmerovky<\/strong> pre najmen\u0161\u00edch, ktor\u00e9 ich zabavia napr\u00edklad po\u010das pol\u010dasovej prest\u00e1vky.<br><br>Ch\u00fdba\u0165 nebude ani extern\u00fd st\u00e1nok<strong> FCSTORE<\/strong>, kde n\u00e1jdete najnov\u0161ie k\u00fasky z n\u00e1\u0161ho fanshopu. Pripravili sme aj \u0161peci\u00e1lnu<strong> NEVER GIVE UP<\/strong> ed\u00edciu spartakovsk\u00fdch tri\u010diek, ktor\u00e1 n\u00e1m pripom\u00edna, \u017ee nikdy nie je ni\u010d straten\u00e9 a treba bojova\u0165 \u010falej.<\/p>\n\n\n<div class=\"wp-block-image\">\n<figure class=\"aligncenter size-large is-resized\"><a href=\"https:\/\/fcstore.sk\/produkt\/tricko-never-give-up-cierne\/\"><img loading=\"lazy\" decoding=\"async\" width=\"1024\" height=\"341\" src=\"https:\/\/fcspartaktrnava.com\/wp-content\/uploads\/2026\/03\/Predpredaj-banner-1-1024x341.png\" alt=\"\" class=\"wp-image-41178\" style=\"aspect-ratio:3.003016422746062;width:668px;height:auto\" srcset=\"https:\/\/fcspartaktrnava.com\/wp-content\/uploads\/2026\/03\/Predpredaj-banner-1-1024x341.png 1024w, https:\/\/fcspartaktrnava.com\/wp-content\/uploads\/2026\/03\/Predpredaj-banner-1-300x100.png 300w, https:\/\/fcspartaktrnava.com\/wp-content\/uploads\/2026\/03\/Predpredaj-banner-1-768x256.png 768w, https:\/\/fcspartaktrnava.com\/wp-content\/uploads\/2026\/03\/Predpredaj-banner-1-18x6.png 18w, https:\/\/fcspartaktrnava.com\/wp-content\/uploads\/2026\/03\/Predpredaj-banner-1.png 1140w\" sizes=\"auto, (max-width: 1024px) 100vw, 1024px\" \/><\/a><\/figure>\n<\/div>","protected":false},"excerpt":{"rendered":"<p>U\u017e t\u00fato sobotu vyzve Spartak na dom\u00e1com ihrisku&#8230;<\/p>","protected":false},"author":5,"featured_media":41179,"comment_status":"closed","ping_status":"closed","sticky":false,"template":"","format":"standard","meta":{"footnotes":""},"categories":[12],"tags":[],"class_list":["post-41176","post","type-post","status-publish","format-standard","has-post-thumbnail","hentry","category-spravy","post-number-1"],"yoast_head":"<!-- This site is optimized with the Yoast SEO plugin v27.1.1 - https:\/\/yoast.com\/product\/yoast-seo-wordpress\/ -->\n<title>Krajsk\u00e9 derby na \u0160tadi\u00f3ne A. Malatinsk\u00e9ho! - FC Spartak Trnava<\/title>\n<meta name=\"robots\" content=\"index, follow, max-snippet:-1, max-image-preview:large, max-video-preview:-1\" \/>\n<link rel=\"canonical\" href=\"https:\/\/fcspartaktrnava.com\/en\/krajske-derby-na-stadione-a-malatinskeho\/\" \/>\n<meta name=\"twitter:label1\" content=\"Written by\" \/>\n\t<meta name=\"twitter:data1\" content=\"Samuel \u010eurinsk\u00fd\" \/>\n\t<meta name=\"twitter:label2\" content=\"Estimated reading time\" \/>\n\t<meta name=\"twitter:data2\" content=\"3 minutes\" \/>\n<script type=\"application\/ld+json\" class=\"yoast-schema-graph\">{\"@context\":\"https:\/\/schema.org\",\"@graph\":[{\"@type\":\"Article\",\"@id\":\"https:\/\/fcspartaktrnava.com\/krajske-derby-na-stadione-a-malatinskeho\/#article\",\"isPartOf\":{\"@id\":\"https:\/\/fcspartaktrnava.com\/krajske-derby-na-stadione-a-malatinskeho\/\"},\"author\":{\"name\":\"Samuel \u010eurinsk\u00fd\",\"@id\":\"https:\/\/fcspartaktrnava.com\/#\/schema\/person\/62c3c2562c3c56e4c0c8c2342c596ac0\"},\"headline\":\"Krajsk\u00e9 derby na \u0160tadi\u00f3ne A. Malatinsk\u00e9ho!\",\"datePublished\":\"2026-03-12T14:04:21+00:00\",\"dateModified\":\"2026-03-12T14:04:54+00:00\",\"mainEntityOfPage\":{\"@id\":\"https:\/\/fcspartaktrnava.com\/krajske-derby-na-stadione-a-malatinskeho\/\"},\"wordCount\":345,\"publisher\":{\"@id\":\"https:\/\/fcspartaktrnava.com\/#organization\"},\"image\":{\"@id\":\"https:\/\/fcspartaktrnava.com\/krajske-derby-na-stadione-a-malatinskeho\/#primaryimage\"},\"thumbnailUrl\":\"https:\/\/fcspartaktrnava.com\/wp-content\/uploads\/2026\/03\/243-scaled.jpg\",\"articleSection\":[\"Spr\u00e1vy\"],\"inLanguage\":\"en-GB\"},{\"@type\":\"WebPage\",\"@id\":\"https:\/\/fcspartaktrnava.com\/krajske-derby-na-stadione-a-malatinskeho\/\",\"url\":\"https:\/\/fcspartaktrnava.com\/krajske-derby-na-stadione-a-malatinskeho\/\",\"name\":\"Krajsk\u00e9 derby na \u0160tadi\u00f3ne A. Malatinsk\u00e9ho! - FC Spartak Trnava\",\"isPartOf\":{\"@id\":\"https:\/\/fcspartaktrnava.com\/#website\"},\"primaryImageOfPage\":{\"@id\":\"https:\/\/fcspartaktrnava.com\/krajske-derby-na-stadione-a-malatinskeho\/#primaryimage\"},\"image\":{\"@id\":\"https:\/\/fcspartaktrnava.com\/krajske-derby-na-stadione-a-malatinskeho\/#primaryimage\"},\"thumbnailUrl\":\"https:\/\/fcspartaktrnava.com\/wp-content\/uploads\/2026\/03\/243-scaled.jpg\",\"datePublished\":\"2026-03-12T14:04:21+00:00\",\"dateModified\":\"2026-03-12T14:04:54+00:00\",\"breadcrumb\":{\"@id\":\"https:\/\/fcspartaktrnava.com\/krajske-derby-na-stadione-a-malatinskeho\/#breadcrumb\"},\"inLanguage\":\"en-GB\",\"potentialAction\":[{\"@type\":\"ReadAction\",\"target\":[\"https:\/\/fcspartaktrnava.com\/krajske-derby-na-stadione-a-malatinskeho\/\"]}]},{\"@type\":\"ImageObject\",\"inLanguage\":\"en-GB\",\"@id\":\"https:\/\/fcspartaktrnava.com\/krajske-derby-na-stadione-a-malatinskeho\/#primaryimage\",\"url\":\"https:\/\/fcspartaktrnava.com\/wp-content\/uploads\/2026\/03\/243-scaled.jpg\",\"contentUrl\":\"https:\/\/fcspartaktrnava.com\/wp-content\/uploads\/2026\/03\/243-scaled.jpg\",\"width\":2560,\"height\":1704},{\"@type\":\"BreadcrumbList\",\"@id\":\"https:\/\/fcspartaktrnava.com\/krajske-derby-na-stadione-a-malatinskeho\/#breadcrumb\",\"itemListElement\":[{\"@type\":\"ListItem\",\"position\":1,\"name\":\"Home\",\"item\":\"https:\/\/fcspartaktrnava.com\/\"},{\"@type\":\"ListItem\",\"position\":2,\"name\":\"Krajsk\u00e9 derby na \u0160tadi\u00f3ne A. Malatinsk\u00e9ho!\"}]},{\"@type\":\"WebSite\",\"@id\":\"https:\/\/fcspartaktrnava.com\/#website\",\"url\":\"https:\/\/fcspartaktrnava.com\/\",\"name\":\"FC Spartak Trnava\",\"description\":\"ofici\u00e1lna webstr\u00e1nka futbalov\u00e9ho klubu\",\"publisher\":{\"@id\":\"https:\/\/fcspartaktrnava.com\/#organization\"},\"potentialAction\":[{\"@type\":\"SearchAction\",\"target\":{\"@type\":\"EntryPoint\",\"urlTemplate\":\"https:\/\/fcspartaktrnava.com\/?s={search_term_string}\"},\"query-input\":{\"@type\":\"PropertyValueSpecification\",\"valueRequired\":true,\"valueName\":\"search_term_string\"}}],\"inLanguage\":\"en-GB\"},{\"@type\":\"Organization\",\"@id\":\"https:\/\/fcspartaktrnava.com\/#organization\",\"name\":\"FC Spartak Trnava\",\"alternateName\":\"Spartak\",\"url\":\"https:\/\/fcspartaktrnava.com\/\",\"logo\":{\"@type\":\"ImageObject\",\"inLanguage\":\"en-GB\",\"@id\":\"https:\/\/fcspartaktrnava.com\/#\/schema\/logo\/image\/\",\"url\":\"https:\/\/fcspartaktrnava.com\/wp-content\/uploads\/2022\/08\/cropped-site_logo.png\",\"contentUrl\":\"https:\/\/fcspartaktrnava.com\/wp-content\/uploads\/2022\/08\/cropped-site_logo.png\",\"width\":140,\"height\":140,\"caption\":\"FC Spartak Trnava\"},\"image\":{\"@id\":\"https:\/\/fcspartaktrnava.com\/#\/schema\/logo\/image\/\"},\"sameAs\":[\"https:\/\/www.facebook.com\/SpartakTrnava\",\"https:\/\/x.com\/SpartakTrnava1\",\"https:\/\/www.instagram.com\/spartak_sk\/\"]},{\"@type\":\"Person\",\"@id\":\"https:\/\/fcspartaktrnava.com\/#\/schema\/person\/62c3c2562c3c56e4c0c8c2342c596ac0\",\"name\":\"Samuel \u010eurinsk\u00fd\",\"image\":{\"@type\":\"ImageObject\",\"inLanguage\":\"en-GB\",\"@id\":\"https:\/\/fcspartaktrnava.com\/#\/schema\/person\/image\/\",\"url\":\"https:\/\/secure.gravatar.com\/avatar\/af2fa02af92418b86ed742470664fe40056833fb68d84becf03f6ab02319257c?s=96&d=mm&r=g\",\"contentUrl\":\"https:\/\/secure.gravatar.com\/avatar\/af2fa02af92418b86ed742470664fe40056833fb68d84becf03f6ab02319257c?s=96&d=mm&r=g\",\"caption\":\"Samuel \u010eurinsk\u00fd\"},\"url\":\"https:\/\/fcspartaktrnava.com\/en\/author\/fcst-samuel\/\"}]}<\/script>\n<!-- \/ Yoast SEO plugin. -->","yoast_head_json":{"title":"Krajsk\u00e9 derby na \u0160tadi\u00f3ne A. Malatinsk\u00e9ho! - FC Spartak Trnava","robots":{"index":"index","follow":"follow","max-snippet":"max-snippet:-1","max-image-preview":"max-image-preview:large","max-video-preview":"max-video-preview:-1"},"canonical":"https:\/\/fcspartaktrnava.com\/en\/krajske-derby-na-stadione-a-malatinskeho\/","twitter_misc":{"Written by":"Samuel \u010eurinsk\u00fd","Estimated reading time":"3 minutes"},"schema":{"@context":"https:\/\/schema.org","@graph":[{"@type":"Article","@id":"https:\/\/fcspartaktrnava.com\/krajske-derby-na-stadione-a-malatinskeho\/#article","isPartOf":{"@id":"https:\/\/fcspartaktrnava.com\/krajske-derby-na-stadione-a-malatinskeho\/"},"author":{"name":"Samuel \u010eurinsk\u00fd","@id":"https:\/\/fcspartaktrnava.com\/#\/schema\/person\/62c3c2562c3c56e4c0c8c2342c596ac0"},"headline":"Krajsk\u00e9 derby na \u0160tadi\u00f3ne A. Malatinsk\u00e9ho!","datePublished":"2026-03-12T14:04:21+00:00","dateModified":"2026-03-12T14:04:54+00:00","mainEntityOfPage":{"@id":"https:\/\/fcspartaktrnava.com\/krajske-derby-na-stadione-a-malatinskeho\/"},"wordCount":345,"publisher":{"@id":"https:\/\/fcspartaktrnava.com\/#organization"},"image":{"@id":"https:\/\/fcspartaktrnava.com\/krajske-derby-na-stadione-a-malatinskeho\/#primaryimage"},"thumbnailUrl":"https:\/\/fcspartaktrnava.com\/wp-content\/uploads\/2026\/03\/243-scaled.jpg","articleSection":["Spr\u00e1vy"],"inLanguage":"en-GB"},{"@type":"WebPage","@id":"https:\/\/fcspartaktrnava.com\/krajske-derby-na-stadione-a-malatinskeho\/","url":"https:\/\/fcspartaktrnava.com\/krajske-derby-na-stadione-a-malatinskeho\/","name":"Krajsk\u00e9 derby na \u0160tadi\u00f3ne A. Malatinsk\u00e9ho! - FC Spartak Trnava","isPartOf":{"@id":"https:\/\/fcspartaktrnava.com\/#website"},"primaryImageOfPage":{"@id":"https:\/\/fcspartaktrnava.com\/krajske-derby-na-stadione-a-malatinskeho\/#primaryimage"},"image":{"@id":"https:\/\/fcspartaktrnava.com\/krajske-derby-na-stadione-a-malatinskeho\/#primaryimage"},"thumbnailUrl":"https:\/\/fcspartaktrnava.com\/wp-content\/uploads\/2026\/03\/243-scaled.jpg","datePublished":"2026-03-12T14:04:21+00:00","dateModified":"2026-03-12T14:04:54+00:00","breadcrumb":{"@id":"https:\/\/fcspartaktrnava.com\/krajske-derby-na-stadione-a-malatinskeho\/#breadcrumb"},"inLanguage":"en-GB","potentialAction":[{"@type":"ReadAction","target":["https:\/\/fcspartaktrnava.com\/krajske-derby-na-stadione-a-malatinskeho\/"]}]},{"@type":"ImageObject","inLanguage":"en-GB","@id":"https:\/\/fcspartaktrnava.com\/krajske-derby-na-stadione-a-malatinskeho\/#primaryimage","url":"https:\/\/fcspartaktrnava.com\/wp-content\/uploads\/2026\/03\/243-scaled.jpg","contentUrl":"https:\/\/fcspartaktrnava.com\/wp-content\/uploads\/2026\/03\/243-scaled.jpg","width":2560,"height":1704},{"@type":"BreadcrumbList","@id":"https:\/\/fcspartaktrnava.com\/krajske-derby-na-stadione-a-malatinskeho\/#breadcrumb","itemListElement":[{"@type":"ListItem","position":1,"name":"Home","item":"https:\/\/fcspartaktrnava.com\/"},{"@type":"ListItem","position":2,"name":"Krajsk\u00e9 derby na \u0160tadi\u00f3ne A. Malatinsk\u00e9ho!"}]},{"@type":"WebSite","@id":"https:\/\/fcspartaktrnava.com\/#website","url":"https:\/\/fcspartaktrnava.com\/","name":"FC Spartak Trnava","description":"ofici\u00e1lna webstr\u00e1nka futbalov\u00e9ho klubu","publisher":{"@id":"https:\/\/fcspartaktrnava.com\/#organization"},"potentialAction":[{"@type":"SearchAction","target":{"@type":"EntryPoint","urlTemplate":"https:\/\/fcspartaktrnava.com\/?s={search_term_string}"},"query-input":{"@type":"PropertyValueSpecification","valueRequired":true,"valueName":"search_term_string"}}],"inLanguage":"en-GB"},{"@type":"Organization","@id":"https:\/\/fcspartaktrnava.com\/#organization","name":"FC Spartak Trnava","alternateName":"Spartak","url":"https:\/\/fcspartaktrnava.com\/","logo":{"@type":"ImageObject","inLanguage":"en-GB","@id":"https:\/\/fcspartaktrnava.com\/#\/schema\/logo\/image\/","url":"https:\/\/fcspartaktrnava.com\/wp-content\/uploads\/2022\/08\/cropped-site_logo.png","contentUrl":"https:\/\/fcspartaktrnava.com\/wp-content\/uploads\/2022\/08\/cropped-site_logo.png","width":140,"height":140,"caption":"FC Spartak Trnava"},"image":{"@id":"https:\/\/fcspartaktrnava.com\/#\/schema\/logo\/image\/"},"sameAs":["https:\/\/www.facebook.com\/SpartakTrnava","https:\/\/x.com\/SpartakTrnava1","https:\/\/www.instagram.com\/spartak_sk\/"]},{"@type":"Person","@id":"https:\/\/fcspartaktrnava.com\/#\/schema\/person\/62c3c2562c3c56e4c0c8c2342c596ac0","name":"Samuel \u010eurinsk\u00fd","image":{"@type":"ImageObject","inLanguage":"en-GB","@id":"https:\/\/fcspartaktrnava.com\/#\/schema\/person\/image\/","url":"https:\/\/secure.gravatar.com\/avatar\/af2fa02af92418b86ed742470664fe40056833fb68d84becf03f6ab02319257c?s=96&d=mm&r=g","contentUrl":"https:\/\/secure.gravatar.com\/avatar\/af2fa02af92418b86ed742470664fe40056833fb68d84becf03f6ab02319257c?s=96&d=mm&r=g","caption":"Samuel \u010eurinsk\u00fd"},"url":"https:\/\/fcspartaktrnava.com\/en\/author\/fcst-samuel\/"}]}},"_links":{"self":[{"href":"https:\/\/fcspartaktrnava.com\/en\/wp-json\/wp\/v2\/posts\/41176","targetHints":{"allow":["GET"]}}],"collection":[{"href":"https:\/\/fcspartaktrnava.com\/en\/wp-json\/wp\/v2\/posts"}],"about":[{"href":"https:\/\/fcspartaktrnava.com\/en\/wp-json\/wp\/v2\/types\/post"}],"author":[{"embeddable":true,"href":"https:\/\/fcspartaktrnava.com\/en\/wp-json\/wp\/v2\/users\/5"}],"replies":[{"embeddable":true,"href":"https:\/\/fcspartaktrnava.com\/en\/wp-json\/wp\/v2\/comments?post=41176"}],"version-history":[{"count":0,"href":"https:\/\/fcspartaktrnava.com\/en\/wp-json\/wp\/v2\/posts\/41176\/revisions"}],"wp:featuredmedia":[{"embeddable":true,"href":"https:\/\/fcspartaktrnava.com\/en\/wp-json\/wp\/v2\/media\/41179"}],"wp:attachment":[{"href":"https:\/\/fcspartaktrnava.com\/en\/wp-json\/wp\/v2\/media?parent=41176"}],"wp:term":[{"taxonomy":"category","embeddable":true,"href":"https:\/\/fcspartaktrnava.com\/en\/wp-json\/wp\/v2\/categories?post=41176"},{"taxonomy":"post_tag","embeddable":true,"href":"https:\/\/fcspartaktrnava.com\/en\/wp-json\/wp\/v2\/tags?post=41176"}],"curies":[{"name":"wp","href":"https:\/\/api.w.org\/{rel}","templated":true}]}}