{"id":38538,"date":"2025-12-25T12:55:22","date_gmt":"2025-12-25T10:55:22","guid":{"rendered":"https:\/\/fcspartaktrnava.com\/?p=38538"},"modified":"2025-12-25T12:55:22","modified_gmt":"2025-12-25T10:55:22","slug":"skrtel-hodnotil-jesennu-cast-odvolanie-trenera-bol-dobry-krok-posily-riesime-mesiace","status":"publish","type":"post","link":"https:\/\/fcspartaktrnava.com\/en\/skrtel-hodnotil-jesennu-cast-odvolanie-trenera-bol-dobry-krok-posily-riesime-mesiace\/","title":{"rendered":"\u0160krtel hodnotil jesenn\u00fa \u010das\u0165: Odvolanie tr\u00e9nera bol dobr\u00fd krok, posily rie\u0161ime mesiace"},"content":{"rendered":"<p style=\"font-size:25px\"><strong>Martin \u0160krtel si po z\u00e1vere\u010dnom z\u00e1pase roku 2025 na\u0161iel priestor na kr\u00e1tke bilancovanie. Obzrel sa za svojim pr\u00edchodom do Trnavy, letnou obmenou k\u00e1dra, \u00fa\u010dinkovanie v\u00a0eur\u00f3pskych s\u00fa\u0165a\u017eiach, ukon\u010denie spolupr\u00e1ce s\u00a0tr\u00e9nerom \u0160\u010dasn\u00fdm a\u00a0nevynechal ani pl\u00e1ny do najbli\u017e\u0161\u00edch dn\u00ed.<\/strong><\/p>\n\n\n\n<p class=\"has-medium-font-size\"><strong>Ak\u00fd je tvoj poh\u013ead na jesenn\u00fa \u010das\u0165 sez\u00f3ny v&nbsp;podan\u00ed Spartaka?<\/strong><br><br>U\u017e ke\u010f som do klubu v&nbsp;marci 2025 pri\u0161iel, za\u010dali sme&nbsp;s&nbsp;tr\u00e9nerom Ga\u0161par\u00edkom pl\u00e1nova\u0165 bud\u00facnos\u0165, letn\u00e9 prestupov\u00e9 obdobie klubu a&nbsp;ur\u010dili potrebu omladi\u0165 t\u00edm, obnovi\u0165 energiu. Do toho v\u0161ak pri\u0161la v\u00fdmena tr\u00e9nera, ke\u010f\u017ee Ga\u0161par\u00edk odi\u0161iel do Po\u013eska. K&nbsp;hr\u00e1\u010dom sa tak pridala aj \u00faloha n\u00e1js\u0165 nov\u00e9ho tr\u00e9nera. Rozhodli sme sa pre tr\u00e9nera \u0160\u010dasn\u00e9ho, s&nbsp;ktor\u00fdm sme pokra\u010dovali v&nbsp;tom, \u010do sme za\u010dali s&nbsp;p\u00f4vodn\u00fdm tr\u00e9nerom.<br>K obmene mu\u017estva sa pridala aj zmena hracieho syst\u00e9mu, s&nbsp;ktor\u00fdm pri\u0161iel \u0160\u010dasn\u00fd.<br><br>Leto bolo ve\u013emi hektick\u00e9, \u010dakala n\u00e1s Eur\u00f3pa, vedeli sme, \u017ee \u010dasu na pr\u00edpravu nebude ve\u013ea. Z\u00e1rove\u0148 sme c\u00edtili, \u017ee hr\u00e1\u010di ktor\u00fdch sme priviedli maj\u00fa kvalitu a&nbsp;verili sme, \u017ee m\u00f4\u017eu t\u00edm posun\u00fa\u0165 vpred. To, \u017ee ideme dobrou cestou n\u00e1m uk\u00e1zali z\u00e1pasy v&nbsp;eur\u00f3pskej lige, H\u00e4ckenu sme boli vyrovnan\u00fd s\u00faper a&nbsp;ve\u013emi m\u00e1lo ch\u00fdbalo, aby sme post\u00fapili. Rovnako aj skvel\u00fd dom\u00e1ci z\u00e1pas s&nbsp;Rumunmi. Mu\u017estvo vyhralo p\u00e4\u0165 z\u00e1pasov v&nbsp;lige, fungovalo mo\u017eno a\u017e nad moje o\u010dak\u00e1vanie. Po takej obmene hr\u00e1\u010dov sa d\u00e1 o\u010dak\u00e1va\u0165, \u017ee \u00favod bude slab\u0161\u00ed a&nbsp;pr\u00eddu v\u00fdkyvy. Nastavili sme latku vysoko, zapojili do diania div\u00e1kov, futbal v&nbsp;Trnave akoby o\u017eil. Mali sme ve\u013ea \u013eud\u00ed na dom\u00e1com \u0161tadi\u00f3ne, chodili s&nbsp;nami vo v\u00fdborn\u00fdch po\u010dtoch aj von.<br><br>Vznikla a\u017e euf\u00f3ria, ktor\u00e1 n\u00e1m, nechcem poveda\u0165, \u017ee u\u0161kodila, ale trochu ubl\u00ed\u017eila, preto\u017ee pri\u0161li z\u00e1pasy s&nbsp;Michalovcami a&nbsp;Dunajskou Stredou, mu\u017estvo sa dostalo do stavu, ktor\u00fd som \u010dakal v&nbsp;\u00favode ligy. Pri\u0161li zl\u00e9 v\u00fdsledky, hor\u0161ie v\u00fdkony a&nbsp;atmosf\u00e9ra okolo t\u00edmu sa zhor\u0161ila. Pri\u0161lo to a\u017e do \u0161t\u00e1dia, ke\u010f sme sa museli rozl\u00fa\u010di\u0165 s&nbsp;tr\u00e9nerom \u0160\u010dasn\u00fdm. Tou zmenou sme chceli t\u00edm nakopn\u00fa\u0165, preto\u017ee sme presved\u010den\u00ed, \u017ee dru\u017estvo m\u00e1 svoju kvalitu. Av\u0161ak atmosf\u00e9ra okolo t\u00edmu n\u00e1m d\u00e1vala pocit, \u017ee zmena je potrebn\u00e1. Nemali sme pocit, \u017ee za vtedaj\u0161ieho tr\u00e9nera by sa nie\u010do zmenilo.<br><br>Posledn\u00fdch p\u00e4\u0165 z\u00e1pasov n\u00e1m uk\u00e1zalo, \u017ee to bol spr\u00e1vny krok. \u0160tyri duely sme vyhrali a&nbsp;aj v&nbsp;Dunajskej Strede mohol by\u0165 v\u00fdsledok lep\u0161\u00ed, po na\u0161ich chyb\u00e1ch sme to nezvl\u00e1dli. D\u00f4le\u017eit\u00fdm pri v\u00fdmene tr\u00e9nera bolo, aby sme po jeseni ostali v&nbsp;kontakte s&nbsp;\u010delom tabu\u013eky a&nbsp;to sa podarilo.<br><br>Keby n\u00e1m pred za\u010diatkom ligy povedali v&nbsp;akej budeme poz\u00edcii, ka\u017ed\u00fd z&nbsp;n\u00e1s by bol zrejme spokojn\u00fd, sme \u0161tyri body za prv\u00fdm miestom a&nbsp;liga je otvoren\u00e1 a&nbsp;vyrovnan\u00e1. Ver\u00edm, \u017ee v&nbsp;zime sa dobre priprav\u00edme a&nbsp;vo v\u00fdsledkoch zo z\u00e1veru jesennej \u010dasti budeme pokra\u010dova\u0165 aj na jar.<br><br><br><strong>Pr\u00ed\u010diny poklesu formy by si h\u013eadal kde?<\/strong><br><br>Mo\u017eno sme v\u00fdsledkami uverili, \u017ee sme lep\u0161\u00ed ako v skuto\u010dnosti sme. Pri\u0161la facka od Michaloviec, potom od Dunajskej Stredy. Slab\u00fd z\u00e1pas bol v&nbsp;Ru\u017eomberku, vyvrcholilo to v&nbsp;Pre\u0161ove, kde mu\u017estvo p\u00f4sobilo odovzdan\u00fdm dojmom. &nbsp;Ten proces zmien na ktor\u00e9 sme sa rozhodli st\u00e1le prebieha. Nikdy to nie je ot\u00e1zka dvoch \u2013 troch t\u00fd\u017ed\u0148ov.<br><br>\u010cakala n\u00e1s Eur\u00f3pa, po\u010d\u00edtali sme s&nbsp;t\u00fdm, \u017ee treba ma\u0165 \u0161irok\u00fd k\u00e1der, zdvojen\u00e9 posty, aby sme boli vyrovnan\u00ed pre s\u00faperov v&nbsp;zahrani\u010d\u00ed a&nbsp;z\u00e1rove\u0148 konkurencieschopn\u00ed aj v&nbsp;na\u0161ej lige. Pr\u00edde ve\u013ea z\u00e1pasov, zranenia, tresty, \u010do sa napokon aj potvrdilo, jese\u0148 sme dohr\u00e1vali s&nbsp;dvomi dorastencami na lavi\u010dke. Ke\u010f m\u00e1te \u0161irok\u00fd k\u00e1der, treba v\u0161ak hr\u00e1\u010dov aj rotova\u0165, aby sa ka\u017ed\u00fd hr\u00e1\u010d c\u00edtil potrebn\u00fd. To je cesta k&nbsp;dobrej atmosf\u00e9re v&nbsp;mu\u017estve a&nbsp;rozlo\u017eenej vy\u0165a\u017eenosti hr\u00e1\u010dov. Po Eur\u00f3pe sme mali ve\u013ek\u00fd po\u010det hr\u00e1\u010dov, ktor\u00ed akoby tam neboli, respekt\u00edve mali minim\u00e1lnu minut\u00e1\u017e. N\u00e1sledne neboli pripraven\u00ed fyzicky, alebo ment\u00e1lne akoby bolo treba. Dovol\u00edm si tvrdi\u0165, \u017ee zlyhal mene\u017ement hr\u00e1\u010dov, ve\u013ea z&nbsp;nich bolo nespokojn\u00fdch, hr\u00e1\u010di neboli mene\u017eovan\u00ed ako by mali by\u0165 a&nbsp;atmosf\u00e9ra potom na z\u00e1pasoch vyzerala akoby sme tam ani neboli. Najm\u00e4 mentalitou a&nbsp;emo\u010dne. To bol ve\u013ek\u00fd probl\u00e9m a&nbsp;d\u00f4vod na zmenu tr\u00e9nera.<br><br><strong>Pl\u00e1nuj\u00fa sa nejak\u00e9 pohyby v&nbsp;k\u00e1dri?<br><br><\/strong>Posledn\u00e9 obdobie bolo ve\u013emi hektick\u00e9, p\u00f4sobil som na dvoch stoli\u010dk\u00e1ch. T\u00fato \u010das\u0165 ligy m\u00e1me v\u0161ak vyhodnoten\u00fa a&nbsp;vieme akou cestou chceme pokra\u010dova\u0165. Iste, pozer\u00e1me sa aj t\u00fdm smerom, \u017ee niektor\u00ed hr\u00e1\u010di u&nbsp;n\u00e1s nebud\u00fa pokra\u010dova\u0165. Rovnako v\u0161ak, chceme na niektor\u00fdch postoch posilni\u0165. \u010ci to vyjde, uvid\u00edme, zimn\u00e9 prestupov\u00e9 obdobie je kr\u00e1tke a&nbsp;ve\u013ea prestupov sa nedeje. Urob\u00edme, v\u0161etko pre to, aby mu\u017estvo bolo do jarnej \u010dasti pripraven\u00e9 po v\u0161etk\u00fdch str\u00e1nkach.<br><br><strong>Je na stole nejak\u00e1 ponuka na na\u0161ich hr\u00e1\u010dov?<\/strong><br><br>Po\u010das jesene sme zaznamenali z\u00e1ujem o&nbsp;dvoch \u2013 troch hr\u00e1\u010dov, ale nebola tam \u017eiadna konkr\u00e9tna ponuka. Vieme, ktor\u00ed s\u00fa na\u0161i k\u013e\u00fa\u010dov\u00ed hr\u00e1\u010di a&nbsp;nechyst\u00e1me sa k\u00e1der oslabi\u0165. Musela by pr\u00eds\u0165 skuto\u010dne zauj\u00edmav\u00e1 ponuka, aby sme sa t\u00fdmto zaoberali. Sk\u00f4r sa pozer\u00e1me na hr\u00e1\u010dov, ktor\u00ed boli menej vy\u0165a\u017een\u00ed a prejavili t\u00fa\u017ebu hra\u0165 viac a&nbsp;mo\u017eno aj zmeni\u0165 prostredie. Pri ka\u017edom hr\u00e1\u010dovi sme si ur\u010dili podmienky, vieme, \u017ee dnes to nie je jednoduch\u00e9, uvid\u00edme ako sa veci pohn\u00fa. Budeme to rie\u0161i\u0165 individu\u00e1lne.<br><strong><br>Na akom poste potrebuje dne\u0161n\u00fd Spartak posilni\u0165?<\/strong><br>Vieme na ktorom poste potrebujeme posilni\u0165, respekt\u00edve zv\u00fd\u0161i\u0165 tam konkurenciu. S&nbsp;potenci\u00e1lnou posilou na tento konkr\u00e9tny post sme v&nbsp;kontakte u\u017e nejak\u00e9 dva \u2013 tri mesiace. O&nbsp;hr\u00e1\u010da sa zaj\u00edmaj\u00fa aj in\u00e9 kluby a&nbsp;\u010dak\u00e1me ako sa rozhodne. Hr\u00e1\u010d ktor\u00fd je k&nbsp;dispoz\u00edcii dnes, u\u017e nemus\u00ed by\u0165 v&nbsp;lete, preto rie\u0161ime aj nov\u00e9 pr\u00edchody.<br><br><strong>Spartak hral na jese\u0148 preva\u017ene v&nbsp;dvoch form\u00e1ci\u00e1ch, ktor\u00e1 je pre Teba ako tr\u00e9nera bli\u017e\u0161ia?<\/strong><br><br>Hr\u00e1\u010dov ktor\u00fdch sme priv\u00e1dzali, sa orientovali na syst\u00e9m tr\u00e9nera \u0160\u010dasn\u00e9ho a&nbsp;nesk\u00f4r sme pre\u0161li kozmetickou \u00fapravou. Bude to na tr\u00e9neroch, ak\u00fdm sp\u00f4sobom sa na to bude pozera\u0165, \u010di u\u017e to bude teraj\u0161\u00ed realiza\u010dn\u00fd t\u00edm, alebo niekto in\u00fd. Hlavn\u00e9 je, aby \u0161t\u00fdl bol variabiln\u00fd a&nbsp;mohli sme cez z\u00e1pas reagova\u0165 a&nbsp;robi\u0165 zmeny.<br><br><strong>Ak\u00e1 je situ\u00e1cia s&nbsp;hlavn\u00fdm tr\u00e9nerom na jarn\u00fa \u010das\u0165?<\/strong><br><br>Plat\u00ed to ist\u00e9 ako s&nbsp;hr\u00e1\u010dmi. Na za\u010diatku pr\u00edpravy chceme ma\u0165 t\u00fato ot\u00e1zku vyrie\u0161en\u00fa. Dnes m\u00e1me otvoren\u00e9 v\u0161etky mo\u017enosti. Zmenu, ktor\u00fa sme spravili funguje. Rovnako aj n\u00e1lada \u010di vz\u0165ahy. Zaober\u00e1me sa teda aj my\u0161lienkou pokra\u010dova\u0165 v&nbsp;tomto zlo\u017een\u00ed \u010falej, rovnako je v&nbsp;hre my\u0161lienka nov\u00e9ho tr\u00e9nera. Rie\u0161ime to denne.<br><br><strong>\u010co by si preferoval osobne?<\/strong><br><br>Pri\u0161iel som do Spartaka na poz\u00edciu \u0161portov\u00e9ho mene\u017e\u00e9ra, d\u00e1 sa poveda\u0165, \u017ee som sa s&nbsp;t\u00fdm z\u017eil. Je to pr\u00e1ca, ktor\u00e1 ma nap\u013a\u0148a a&nbsp;bav\u00ed. Ke\u010f som sa pripojil k&nbsp;mu\u017estvu, mus\u00edm poveda\u0165, \u017ee aj to je zauj\u00edmav\u00e1 pr\u00e1ca, ale st\u00e1le viac inklinujem k&nbsp;p\u00f4vodnej poz\u00edcii. Zmena zafungovala, atmosf\u00e9ra a&nbsp;mentalita hr\u00e1\u010dov sa zmenila. \u010ci u\u017e s\u00fa\u010dasn\u00fd realiza\u010dn\u00fd t\u00edm, alebo niekto in\u00fd, mysl\u00edm si, \u017ee pri spr\u00e1vnom mene\u017emente hr\u00e1\u010dov by to \u0161lo udr\u017ea\u0165. Ak m\u00e1m za seba hovori\u0165, ak by sme pokra\u010dovali v&nbsp;tomto nastaven\u00ed, musel by som sa vzda\u0165 jednej z&nbsp;funkci\u00ed. Dlhodobo sa ned\u00e1 fungova\u0165 ako v&nbsp;posledn\u00fdch t\u00fd\u017ed\u0148och, fyzicky aj psychicky je to n\u00e1ro\u010dn\u00e9.<br><strong><br>Ak\u00fd je zdravotn\u00fd stav k\u00e1dra?<\/strong><br><br>Ver\u00edm, \u017ee v\u0161etci pr\u00eddu pripraven\u00ed. Vracia sa Marek Ujlaky, ktor\u00fd ch\u00fdbal cel\u00fa jese\u0148 po oper\u00e1cii. K&nbsp;dispoz\u00edcii na zimn\u00fa pr\u00edpravu by mali by\u0165 aj Roman Proch\u00e1zka, ktor\u00fd bol na oper\u00e1cii kolena a Libor Hol\u00edk. &nbsp;<br>To boli tak\u00e9 najv\u00e1\u017enej\u0161ie zranenia, ostatn\u00e9 boli drobnosti, ktor\u00e9 hr\u00e1\u010di nazbierali po\u010das jesene.<br><br><strong>\u010cak\u00e1 n\u00e1s s\u00fastredenie, pocestuj\u00fa s&nbsp;t\u00edmom aj mlad\u00ed hr\u00e1\u010di z&nbsp;dorastu \u010di hos\u0165ovania v&nbsp;Mal\u017eeniciach?<\/strong><br><br>Mlad\u00fdch hr\u00e1\u010dov z&nbsp;U19 a&nbsp;Mal\u017een\u00edc zap\u00e1jame do tr\u00e9ningov, modelovan\u00fdch z\u00e1pasov, chceme vedie\u0165 ako reaguj\u00fa v&nbsp;konfront\u00e1cii s&nbsp;chlapcami z&nbsp;prv\u00e9ho mu\u017estva. M\u00e1me tam dos\u0165 hr\u00e1\u010dov s&nbsp;potenci\u00e1lom aby hrali za Spartak \u010falej. Menovite, Trello, Bukovsk\u00fd, Pol\u0165\u00e1k, Alabi. Ako aj chalani, ktor\u00ed boli pri mu\u017estve v&nbsp;poslednom z\u00e1pase v&nbsp;lige \u2013 Pristach, Pittel. To s\u00fa hr\u00e1\u010di, ktor\u00ed s\u00fa v&nbsp;h\u013ead\u00e1\u010diku Spartaka do bud\u00facnosti a&nbsp;s\u00fastredeniami a&nbsp;tr\u00e9ningami by sme ich chceli do t\u00edmu zapracova\u0165.<br><br>Spolupr\u00e1ca s&nbsp;Mal\u017eenicami je zrejm\u00e1 a&nbsp;vidite\u013en\u00e1, sme radi, \u017ee ju m\u00e1me. Hr\u00e1\u010di z&nbsp;U19 maj\u00fa mo\u017enos\u0165 hra\u0165 kvalitn\u00fa druh\u00fa ligu a&nbsp;s\u00fa pod na\u0161im doh\u013eadom. Tr\u00e9nuj\u00fa s&nbsp;nami pondelky a&nbsp;utorky, z\u00e1pasy hraj\u00fa za Dynamo. Ich z\u00e1pasy sledujeme spolu s&nbsp;prezidentom Machom. Rovnako komunikujeme s&nbsp;tr\u00e9nerom Mal\u017een\u00edc o&nbsp;ich fungovan\u00ed, vystupovan\u00ed a&nbsp;z\u00e1le\u017e\u00ed od nich ako bud\u00fa napredova\u0165 \u010falej. &nbsp;&nbsp;<br><br><br><\/p>","protected":false},"excerpt":{"rendered":"<p>Martin \u0160krtel si po z\u00e1vere\u010dnom z\u00e1pase roku 2025&#8230;<\/p>","protected":false},"author":2,"featured_media":38541,"comment_status":"closed","ping_status":"closed","sticky":false,"template":"","format":"standard","meta":{"footnotes":""},"categories":[12],"tags":[],"class_list":["post-38538","post","type-post","status-publish","format-standard","has-post-thumbnail","hentry","category-spravy","post-number-1"],"yoast_head":"<!-- This site is optimized with the Yoast SEO plugin v27.1.1 - https:\/\/yoast.com\/product\/yoast-seo-wordpress\/ -->\n<title>\u0160krtel hodnotil jesenn\u00fa \u010das\u0165: Odvolanie tr\u00e9nera bol dobr\u00fd krok, posily rie\u0161ime mesiace - FC Spartak Trnava<\/title>\n<meta name=\"robots\" content=\"index, follow, max-snippet:-1, max-image-preview:large, max-video-preview:-1\" \/>\n<link rel=\"canonical\" href=\"https:\/\/fcspartaktrnava.com\/en\/skrtel-hodnotil-jesennu-cast-odvolanie-trenera-bol-dobry-krok-posily-riesime-mesiace\/\" \/>\n<meta name=\"twitter:label1\" content=\"Written by\" \/>\n\t<meta name=\"twitter:data1\" content=\"spartak\" \/>\n\t<meta name=\"twitter:label2\" content=\"Estimated reading time\" \/>\n\t<meta name=\"twitter:data2\" content=\"8 minutes\" \/>\n<script type=\"application\/ld+json\" class=\"yoast-schema-graph\">{\"@context\":\"https:\/\/schema.org\",\"@graph\":[{\"@type\":\"Article\",\"@id\":\"https:\/\/fcspartaktrnava.com\/skrtel-hodnotil-jesennu-cast-odvolanie-trenera-bol-dobry-krok-posily-riesime-mesiace\/#article\",\"isPartOf\":{\"@id\":\"https:\/\/fcspartaktrnava.com\/skrtel-hodnotil-jesennu-cast-odvolanie-trenera-bol-dobry-krok-posily-riesime-mesiace\/\"},\"author\":{\"name\":\"spartak\",\"@id\":\"https:\/\/fcspartaktrnava.com\/#\/schema\/person\/24bc5b254af14f71d7d8af178790aa75\"},\"headline\":\"\u0160krtel hodnotil jesenn\u00fa \u010das\u0165: Odvolanie tr\u00e9nera bol dobr\u00fd krok, posily rie\u0161ime mesiace\",\"datePublished\":\"2025-12-25T10:55:22+00:00\",\"mainEntityOfPage\":{\"@id\":\"https:\/\/fcspartaktrnava.com\/skrtel-hodnotil-jesennu-cast-odvolanie-trenera-bol-dobry-krok-posily-riesime-mesiace\/\"},\"wordCount\":1823,\"publisher\":{\"@id\":\"https:\/\/fcspartaktrnava.com\/#organization\"},\"image\":{\"@id\":\"https:\/\/fcspartaktrnava.com\/skrtel-hodnotil-jesennu-cast-odvolanie-trenera-bol-dobry-krok-posily-riesime-mesiace\/#primaryimage\"},\"thumbnailUrl\":\"https:\/\/fcspartaktrnava.com\/wp-content\/uploads\/2025\/12\/YOUTUBE-Thumbnails-2.png\",\"articleSection\":[\"Spr\u00e1vy\"],\"inLanguage\":\"en-GB\"},{\"@type\":\"WebPage\",\"@id\":\"https:\/\/fcspartaktrnava.com\/skrtel-hodnotil-jesennu-cast-odvolanie-trenera-bol-dobry-krok-posily-riesime-mesiace\/\",\"url\":\"https:\/\/fcspartaktrnava.com\/skrtel-hodnotil-jesennu-cast-odvolanie-trenera-bol-dobry-krok-posily-riesime-mesiace\/\",\"name\":\"\u0160krtel hodnotil jesenn\u00fa \u010das\u0165: Odvolanie tr\u00e9nera bol dobr\u00fd krok, posily rie\u0161ime mesiace - FC Spartak Trnava\",\"isPartOf\":{\"@id\":\"https:\/\/fcspartaktrnava.com\/#website\"},\"primaryImageOfPage\":{\"@id\":\"https:\/\/fcspartaktrnava.com\/skrtel-hodnotil-jesennu-cast-odvolanie-trenera-bol-dobry-krok-posily-riesime-mesiace\/#primaryimage\"},\"image\":{\"@id\":\"https:\/\/fcspartaktrnava.com\/skrtel-hodnotil-jesennu-cast-odvolanie-trenera-bol-dobry-krok-posily-riesime-mesiace\/#primaryimage\"},\"thumbnailUrl\":\"https:\/\/fcspartaktrnava.com\/wp-content\/uploads\/2025\/12\/YOUTUBE-Thumbnails-2.png\",\"datePublished\":\"2025-12-25T10:55:22+00:00\",\"breadcrumb\":{\"@id\":\"https:\/\/fcspartaktrnava.com\/skrtel-hodnotil-jesennu-cast-odvolanie-trenera-bol-dobry-krok-posily-riesime-mesiace\/#breadcrumb\"},\"inLanguage\":\"en-GB\",\"potentialAction\":[{\"@type\":\"ReadAction\",\"target\":[\"https:\/\/fcspartaktrnava.com\/skrtel-hodnotil-jesennu-cast-odvolanie-trenera-bol-dobry-krok-posily-riesime-mesiace\/\"]}]},{\"@type\":\"ImageObject\",\"inLanguage\":\"en-GB\",\"@id\":\"https:\/\/fcspartaktrnava.com\/skrtel-hodnotil-jesennu-cast-odvolanie-trenera-bol-dobry-krok-posily-riesime-mesiace\/#primaryimage\",\"url\":\"https:\/\/fcspartaktrnava.com\/wp-content\/uploads\/2025\/12\/YOUTUBE-Thumbnails-2.png\",\"contentUrl\":\"https:\/\/fcspartaktrnava.com\/wp-content\/uploads\/2025\/12\/YOUTUBE-Thumbnails-2.png\",\"width\":1920,\"height\":1080},{\"@type\":\"BreadcrumbList\",\"@id\":\"https:\/\/fcspartaktrnava.com\/skrtel-hodnotil-jesennu-cast-odvolanie-trenera-bol-dobry-krok-posily-riesime-mesiace\/#breadcrumb\",\"itemListElement\":[{\"@type\":\"ListItem\",\"position\":1,\"name\":\"Home\",\"item\":\"https:\/\/fcspartaktrnava.com\/\"},{\"@type\":\"ListItem\",\"position\":2,\"name\":\"\u0160krtel hodnotil jesenn\u00fa \u010das\u0165: Odvolanie tr\u00e9nera bol dobr\u00fd krok, posily rie\u0161ime mesiace\"}]},{\"@type\":\"WebSite\",\"@id\":\"https:\/\/fcspartaktrnava.com\/#website\",\"url\":\"https:\/\/fcspartaktrnava.com\/\",\"name\":\"FC Spartak Trnava\",\"description\":\"ofici\u00e1lna webstr\u00e1nka futbalov\u00e9ho klubu\",\"publisher\":{\"@id\":\"https:\/\/fcspartaktrnava.com\/#organization\"},\"potentialAction\":[{\"@type\":\"SearchAction\",\"target\":{\"@type\":\"EntryPoint\",\"urlTemplate\":\"https:\/\/fcspartaktrnava.com\/?s={search_term_string}\"},\"query-input\":{\"@type\":\"PropertyValueSpecification\",\"valueRequired\":true,\"valueName\":\"search_term_string\"}}],\"inLanguage\":\"en-GB\"},{\"@type\":\"Organization\",\"@id\":\"https:\/\/fcspartaktrnava.com\/#organization\",\"name\":\"FC Spartak Trnava\",\"alternateName\":\"Spartak\",\"url\":\"https:\/\/fcspartaktrnava.com\/\",\"logo\":{\"@type\":\"ImageObject\",\"inLanguage\":\"en-GB\",\"@id\":\"https:\/\/fcspartaktrnava.com\/#\/schema\/logo\/image\/\",\"url\":\"https:\/\/fcspartaktrnava.com\/wp-content\/uploads\/2022\/08\/cropped-site_logo.png\",\"contentUrl\":\"https:\/\/fcspartaktrnava.com\/wp-content\/uploads\/2022\/08\/cropped-site_logo.png\",\"width\":140,\"height\":140,\"caption\":\"FC Spartak Trnava\"},\"image\":{\"@id\":\"https:\/\/fcspartaktrnava.com\/#\/schema\/logo\/image\/\"},\"sameAs\":[\"https:\/\/www.facebook.com\/SpartakTrnava\",\"https:\/\/x.com\/SpartakTrnava1\",\"https:\/\/www.instagram.com\/spartak_sk\/\"]},{\"@type\":\"Person\",\"@id\":\"https:\/\/fcspartaktrnava.com\/#\/schema\/person\/24bc5b254af14f71d7d8af178790aa75\",\"name\":\"spartak\",\"image\":{\"@type\":\"ImageObject\",\"inLanguage\":\"en-GB\",\"@id\":\"https:\/\/fcspartaktrnava.com\/#\/schema\/person\/image\/\",\"url\":\"https:\/\/secure.gravatar.com\/avatar\/f8ff8584f3fcf3909a11a6da9019f37749183b4015bca14e64556c52614cdc7f?s=96&d=mm&r=g\",\"contentUrl\":\"https:\/\/secure.gravatar.com\/avatar\/f8ff8584f3fcf3909a11a6da9019f37749183b4015bca14e64556c52614cdc7f?s=96&d=mm&r=g\",\"caption\":\"spartak\"},\"url\":\"https:\/\/fcspartaktrnava.com\/en\/author\/spartak\/\"}]}<\/script>\n<!-- \/ Yoast SEO plugin. -->","yoast_head_json":{"title":"\u0160krtel hodnotil jesenn\u00fa \u010das\u0165: Odvolanie tr\u00e9nera bol dobr\u00fd krok, posily rie\u0161ime mesiace - FC Spartak Trnava","robots":{"index":"index","follow":"follow","max-snippet":"max-snippet:-1","max-image-preview":"max-image-preview:large","max-video-preview":"max-video-preview:-1"},"canonical":"https:\/\/fcspartaktrnava.com\/en\/skrtel-hodnotil-jesennu-cast-odvolanie-trenera-bol-dobry-krok-posily-riesime-mesiace\/","twitter_misc":{"Written by":"spartak","Estimated reading time":"8 minutes"},"schema":{"@context":"https:\/\/schema.org","@graph":[{"@type":"Article","@id":"https:\/\/fcspartaktrnava.com\/skrtel-hodnotil-jesennu-cast-odvolanie-trenera-bol-dobry-krok-posily-riesime-mesiace\/#article","isPartOf":{"@id":"https:\/\/fcspartaktrnava.com\/skrtel-hodnotil-jesennu-cast-odvolanie-trenera-bol-dobry-krok-posily-riesime-mesiace\/"},"author":{"name":"spartak","@id":"https:\/\/fcspartaktrnava.com\/#\/schema\/person\/24bc5b254af14f71d7d8af178790aa75"},"headline":"\u0160krtel hodnotil jesenn\u00fa \u010das\u0165: Odvolanie tr\u00e9nera bol dobr\u00fd krok, posily rie\u0161ime mesiace","datePublished":"2025-12-25T10:55:22+00:00","mainEntityOfPage":{"@id":"https:\/\/fcspartaktrnava.com\/skrtel-hodnotil-jesennu-cast-odvolanie-trenera-bol-dobry-krok-posily-riesime-mesiace\/"},"wordCount":1823,"publisher":{"@id":"https:\/\/fcspartaktrnava.com\/#organization"},"image":{"@id":"https:\/\/fcspartaktrnava.com\/skrtel-hodnotil-jesennu-cast-odvolanie-trenera-bol-dobry-krok-posily-riesime-mesiace\/#primaryimage"},"thumbnailUrl":"https:\/\/fcspartaktrnava.com\/wp-content\/uploads\/2025\/12\/YOUTUBE-Thumbnails-2.png","articleSection":["Spr\u00e1vy"],"inLanguage":"en-GB"},{"@type":"WebPage","@id":"https:\/\/fcspartaktrnava.com\/skrtel-hodnotil-jesennu-cast-odvolanie-trenera-bol-dobry-krok-posily-riesime-mesiace\/","url":"https:\/\/fcspartaktrnava.com\/skrtel-hodnotil-jesennu-cast-odvolanie-trenera-bol-dobry-krok-posily-riesime-mesiace\/","name":"\u0160krtel hodnotil jesenn\u00fa \u010das\u0165: Odvolanie tr\u00e9nera bol dobr\u00fd krok, posily rie\u0161ime mesiace - FC Spartak Trnava","isPartOf":{"@id":"https:\/\/fcspartaktrnava.com\/#website"},"primaryImageOfPage":{"@id":"https:\/\/fcspartaktrnava.com\/skrtel-hodnotil-jesennu-cast-odvolanie-trenera-bol-dobry-krok-posily-riesime-mesiace\/#primaryimage"},"image":{"@id":"https:\/\/fcspartaktrnava.com\/skrtel-hodnotil-jesennu-cast-odvolanie-trenera-bol-dobry-krok-posily-riesime-mesiace\/#primaryimage"},"thumbnailUrl":"https:\/\/fcspartaktrnava.com\/wp-content\/uploads\/2025\/12\/YOUTUBE-Thumbnails-2.png","datePublished":"2025-12-25T10:55:22+00:00","breadcrumb":{"@id":"https:\/\/fcspartaktrnava.com\/skrtel-hodnotil-jesennu-cast-odvolanie-trenera-bol-dobry-krok-posily-riesime-mesiace\/#breadcrumb"},"inLanguage":"en-GB","potentialAction":[{"@type":"ReadAction","target":["https:\/\/fcspartaktrnava.com\/skrtel-hodnotil-jesennu-cast-odvolanie-trenera-bol-dobry-krok-posily-riesime-mesiace\/"]}]},{"@type":"ImageObject","inLanguage":"en-GB","@id":"https:\/\/fcspartaktrnava.com\/skrtel-hodnotil-jesennu-cast-odvolanie-trenera-bol-dobry-krok-posily-riesime-mesiace\/#primaryimage","url":"https:\/\/fcspartaktrnava.com\/wp-content\/uploads\/2025\/12\/YOUTUBE-Thumbnails-2.png","contentUrl":"https:\/\/fcspartaktrnava.com\/wp-content\/uploads\/2025\/12\/YOUTUBE-Thumbnails-2.png","width":1920,"height":1080},{"@type":"BreadcrumbList","@id":"https:\/\/fcspartaktrnava.com\/skrtel-hodnotil-jesennu-cast-odvolanie-trenera-bol-dobry-krok-posily-riesime-mesiace\/#breadcrumb","itemListElement":[{"@type":"ListItem","position":1,"name":"Home","item":"https:\/\/fcspartaktrnava.com\/"},{"@type":"ListItem","position":2,"name":"\u0160krtel hodnotil jesenn\u00fa \u010das\u0165: Odvolanie tr\u00e9nera bol dobr\u00fd krok, posily rie\u0161ime mesiace"}]},{"@type":"WebSite","@id":"https:\/\/fcspartaktrnava.com\/#website","url":"https:\/\/fcspartaktrnava.com\/","name":"FC Spartak Trnava","description":"ofici\u00e1lna webstr\u00e1nka futbalov\u00e9ho klubu","publisher":{"@id":"https:\/\/fcspartaktrnava.com\/#organization"},"potentialAction":[{"@type":"SearchAction","target":{"@type":"EntryPoint","urlTemplate":"https:\/\/fcspartaktrnava.com\/?s={search_term_string}"},"query-input":{"@type":"PropertyValueSpecification","valueRequired":true,"valueName":"search_term_string"}}],"inLanguage":"en-GB"},{"@type":"Organization","@id":"https:\/\/fcspartaktrnava.com\/#organization","name":"FC Spartak Trnava","alternateName":"Spartak","url":"https:\/\/fcspartaktrnava.com\/","logo":{"@type":"ImageObject","inLanguage":"en-GB","@id":"https:\/\/fcspartaktrnava.com\/#\/schema\/logo\/image\/","url":"https:\/\/fcspartaktrnava.com\/wp-content\/uploads\/2022\/08\/cropped-site_logo.png","contentUrl":"https:\/\/fcspartaktrnava.com\/wp-content\/uploads\/2022\/08\/cropped-site_logo.png","width":140,"height":140,"caption":"FC Spartak Trnava"},"image":{"@id":"https:\/\/fcspartaktrnava.com\/#\/schema\/logo\/image\/"},"sameAs":["https:\/\/www.facebook.com\/SpartakTrnava","https:\/\/x.com\/SpartakTrnava1","https:\/\/www.instagram.com\/spartak_sk\/"]},{"@type":"Person","@id":"https:\/\/fcspartaktrnava.com\/#\/schema\/person\/24bc5b254af14f71d7d8af178790aa75","name":"spartak","image":{"@type":"ImageObject","inLanguage":"en-GB","@id":"https:\/\/fcspartaktrnava.com\/#\/schema\/person\/image\/","url":"https:\/\/secure.gravatar.com\/avatar\/f8ff8584f3fcf3909a11a6da9019f37749183b4015bca14e64556c52614cdc7f?s=96&d=mm&r=g","contentUrl":"https:\/\/secure.gravatar.com\/avatar\/f8ff8584f3fcf3909a11a6da9019f37749183b4015bca14e64556c52614cdc7f?s=96&d=mm&r=g","caption":"spartak"},"url":"https:\/\/fcspartaktrnava.com\/en\/author\/spartak\/"}]}},"_links":{"self":[{"href":"https:\/\/fcspartaktrnava.com\/en\/wp-json\/wp\/v2\/posts\/38538","targetHints":{"allow":["GET"]}}],"collection":[{"href":"https:\/\/fcspartaktrnava.com\/en\/wp-json\/wp\/v2\/posts"}],"about":[{"href":"https:\/\/fcspartaktrnava.com\/en\/wp-json\/wp\/v2\/types\/post"}],"author":[{"embeddable":true,"href":"https:\/\/fcspartaktrnava.com\/en\/wp-json\/wp\/v2\/users\/2"}],"replies":[{"embeddable":true,"href":"https:\/\/fcspartaktrnava.com\/en\/wp-json\/wp\/v2\/comments?post=38538"}],"version-history":[{"count":0,"href":"https:\/\/fcspartaktrnava.com\/en\/wp-json\/wp\/v2\/posts\/38538\/revisions"}],"wp:featuredmedia":[{"embeddable":true,"href":"https:\/\/fcspartaktrnava.com\/en\/wp-json\/wp\/v2\/media\/38541"}],"wp:attachment":[{"href":"https:\/\/fcspartaktrnava.com\/en\/wp-json\/wp\/v2\/media?parent=38538"}],"wp:term":[{"taxonomy":"category","embeddable":true,"href":"https:\/\/fcspartaktrnava.com\/en\/wp-json\/wp\/v2\/categories?post=38538"},{"taxonomy":"post_tag","embeddable":true,"href":"https:\/\/fcspartaktrnava.com\/en\/wp-json\/wp\/v2\/tags?post=38538"}],"curies":[{"name":"wp","href":"https:\/\/api.w.org\/{rel}","templated":true}]}}