{"id":38107,"date":"2025-12-11T14:12:46","date_gmt":"2025-12-11T12:12:46","guid":{"rendered":"https:\/\/fcspartaktrnava.com\/?p=38107"},"modified":"2025-12-11T18:58:28","modified_gmt":"2025-12-11T16:58:28","slug":"fc-spartak-trnava-viac-nez-futbal","status":"publish","type":"post","link":"https:\/\/fcspartaktrnava.com\/en\/fc-spartak-trnava-viac-nez-futbal\/","title":{"rendered":"FC Spartak Trnava, viac ne\u017e futbal"},"content":{"rendered":"<p style=\"font-size:25px\"><strong>Pre mnoh\u00fdch fan\u00fa\u0161ikov je futbal jednoducho \u0161portom \u010di em\u00f3ciami, no pre \u00a0Spartak Trnava znamen\u00e1 futbal aj ob\u010diansku zodpovednos\u0165, komunitu a pomoc t\u00fdm, ktor\u00ed to potrebuj\u00fa. Klub sa rozhodol, \u017ee jeho soci\u00e1lne a charitat\u00edvne aktivity nebud\u00fa len po\u010das viano\u010dn\u00e9ho obdobia, ale bud\u00fa trvalou s\u00fa\u010das\u0165ou sez\u00f3ny 2025\/26.<\/strong><\/p>\n\n\n\n<p class=\"has-medium-font-size\">Od za\u010diatku ligov\u00e9ho ro\u010dn\u00edka Spartak pravidelne <strong>venuje vstupenky<\/strong> na dom\u00e1ce z\u00e1pasy <strong>pre sere\u010fsk\u00e9 Centrum pre rodiny s de\u0165mi<\/strong>, v\u010faka \u010domu m\u00f4\u017eu mal\u00ed fan\u00fa\u0161ikovia z tohto zariadenia&nbsp;hrdo fandi\u0165 na\u0161im andelom. &nbsp;Deti tak za\u017eij\u00fa atmosf\u00e9ru futbalu, ktor\u00e1 by inak mohla by\u0165 pre nich nedostupn\u00e1.<\/p>\n\n\n\n<p class=\"has-medium-font-size\">Na za\u010diatku adventu str\u00e1vili futbalisti s de\u0165mi z centra spolo\u010dn\u00e9 popoludnie pln\u00e9 ot\u00e1zok, hier, futbalu, basketbalu, dokonca na programe bola aj schov\u00e1va\u010dka. Osobn\u00fd kontakt, rados\u0165 z pr\u00edtomnosti, chv\u00edle smiechu a z\u00e1\u017eitkov, s\u00fa momenty, ktor\u00e9 maj\u00fa pre mal\u00fdch fan\u00fa\u0161ikov nesmiernu hodnotu.<\/p>\n\n\n<div class=\"wp-block-image\">\n<figure class=\"aligncenter size-large is-resized\"><img loading=\"lazy\" decoding=\"async\" width=\"1024\" height=\"341\" src=\"https:\/\/fcspartaktrnava.com\/wp-content\/uploads\/2025\/12\/Predpredaj-banner-3-1024x341.png\" alt=\"\" class=\"wp-image-38109\" style=\"width:699px;height:auto\" srcset=\"https:\/\/fcspartaktrnava.com\/wp-content\/uploads\/2025\/12\/Predpredaj-banner-3-1024x341.png 1024w, https:\/\/fcspartaktrnava.com\/wp-content\/uploads\/2025\/12\/Predpredaj-banner-3-300x100.png 300w, https:\/\/fcspartaktrnava.com\/wp-content\/uploads\/2025\/12\/Predpredaj-banner-3-768x256.png 768w, https:\/\/fcspartaktrnava.com\/wp-content\/uploads\/2025\/12\/Predpredaj-banner-3-18x6.png 18w, https:\/\/fcspartaktrnava.com\/wp-content\/uploads\/2025\/12\/Predpredaj-banner-3.png 1140w\" sizes=\"auto, (max-width: 1024px) 100vw, 1024px\" \/><\/figure>\n<\/div>\n\n\n<p class=\"has-medium-font-size\">Klub v\u0161ak nezost\u00e1va len pri rodin\u00e1ch s\u00a0de\u0165mi a\u00a0detskom domove. Po\u010das derby so Slovanom Bratislava na \u0161tadi\u00f3ne Antona Malatinsk\u00e9ho prebiehala zbierka na pomoc pacientom trpiacich onko-hematologick\u00fdmi ochoreniami. Hr\u00e1\u010di na ihrisko boli sprev\u00e1dzan\u00ed skuto\u010dn\u00fdmi hrdinami, de\u0165mi, ktor\u00ed pre\u017eili transplant\u00e1ciu kostnej drene. Futbalisti Spartaka navy\u0161e <strong>ofici\u00e1lne podporili iniciat\u00edvu M\u00e1te slinu<\/strong>, ktor\u00e1 roz\u0161iruje zoznam dobrovo\u013en\u00fdch darcov kostnej drene a krvotvorn\u00fdch buniek.<\/p>\n\n\n\n<figure class=\"wp-block-embed is-type-video is-provider-youtube wp-block-embed-youtube wp-embed-aspect-16-9 wp-has-aspect-ratio\"><div class=\"wp-block-embed__wrapper\">\n<iframe loading=\"lazy\" title=\"M\u00e1\u0161 Slinu? Spartak pom\u00e1ha v spolupr\u00e1ci s Kvapka n\u00e1deje\" width=\"500\" height=\"281\" src=\"https:\/\/www.youtube.com\/embed\/VjDLjhlgr6I?feature=oembed&#038;enablejsapi=1&#038;origin=https:\/\/fcspartaktrnava.com\" frameborder=\"0\" allow=\"accelerometer; autoplay; clipboard-write; encrypted-media; gyroscope; picture-in-picture; web-share\" referrerpolicy=\"strict-origin-when-cross-origin\" allowfullscreen><\/iframe>\n<\/div><\/figure>\n\n\n\n<p class=\"has-medium-font-size\">Uk\u00e1zalo sa, \u017ee futbal je mostom medzi \u0161portom a&nbsp;\u017eivotom, medzi borcami na ihrisku a t\u00fdmi, ktor\u00ed bojuj\u00fa o \u017eivot. Klub posiela jasn\u00fd sign\u00e1l, br\u00e1ni hodnoty solidarity, pomoci a s\u00fadr\u017enosti.<\/p>\n\n\n\n<p class=\"has-medium-font-size\">Soci\u00e1lnej anga\u017eovanosti v\u0161ak nie je nikdy dostatok ani vo\u010di seniorom. Pri z\u00e1pase proti Kom\u00e1rnu venoval klub <strong>30 vstupeniek pre najstar\u0161\u00edch fan\u00fa\u0161ikov prostredn\u00edctvom Ligy pre seniorov<\/strong>. Mohli si tak spr\u00edjemni\u0165 sobotn\u00e9 popoludnie a znova za\u017ei\u0165 atmosf\u00e9ru ligov\u00e9ho futbalu. Z\u00e1rove\u0148 na z\u00e1pas priniesli fan\u00fa\u0161ikovia dar\u010deky pre seniorov v\u00a0duchu kampane &#8222;Ko\u013eko l\u00e1sky sa zmest\u00ed do krabice od top\u00e1nok?&#8220;.<br><br>Takto pripraven\u00e9 dar\u010deky od fan\u00fa\u0161ikov a hr\u00e1\u010dov, odovzd\u00e1 osobne realiza\u010dn\u00fd t\u00edm, vedenie a zamestnanci FC Spartak Trnava v piatok 12. decembra v domove d\u00f4chodcov.<\/p>\n\n\n\n<p class=\"has-medium-font-size\">Trnav\u010dania sa u\u017e pripravuj\u00fa na najbli\u017e\u0161\u00ed dom\u00e1ci ligov\u00fd z\u00e1pas. V sobotu 13. decembra proti Skalici uvar\u00ed klub spolu s fan\u00fa\u0161ikmi tradi\u010dn\u00fa <strong>Spartakovsk\u00fa kapustnicu<\/strong>. Viano\u010dn\u00e1 \u0161pecialita bude serv\u00edrovan\u00e1 fan\u00fa\u0161ikom za <strong>dobrovo\u013en\u00fd pr\u00edspevok<\/strong> a cel\u00e1 vyzbieran\u00e1 suma <strong>poputuje na lie\u010dbu vern\u00e9ho \u010derveno-\u010dierneho fan\u00fa\u0161ika Jakubka<\/strong>, ktor\u00fd bojuje s leuk\u00e9miou.<\/p>\n\n\n\n<p class=\"has-medium-font-size\">To v\u0161ak nie je v\u0161etko. Na \u0161tadi\u00f3ne nebude ch\u00fdba\u0165 ani <strong>Spartakovsk\u00fd strom\u010dek dobr\u00fdch skutkov<\/strong>, kde deti m\u00f4\u017eu prinies\u0165 <strong>vlastnoru\u010dne vyroben\u00e9 ozdoby s dobr\u00fdm skutkom<\/strong>, ktor\u00fd tento rok spravili. A aby bol futbal pr\u00edstupn\u00fd pre v\u0161etky rodiny, aj tento z\u00e1pas pon\u00fakne op\u00e4\u0165 sektory pre mami\u010dky s de\u0165mi, s l\u00edstkom <strong>za symbolick\u00e9 1 euro<\/strong>.<\/p>\n\n\n<div class=\"wp-block-image\">\n<figure class=\"aligncenter size-large is-resized\"><img loading=\"lazy\" decoding=\"async\" width=\"1024\" height=\"341\" src=\"https:\/\/fcspartaktrnava.com\/wp-content\/uploads\/2025\/12\/Predpredaj-banner-2-2-1024x341.png\" alt=\"\" class=\"wp-image-38112\" style=\"width:692px;height:auto\" srcset=\"https:\/\/fcspartaktrnava.com\/wp-content\/uploads\/2025\/12\/Predpredaj-banner-2-2-1024x341.png 1024w, https:\/\/fcspartaktrnava.com\/wp-content\/uploads\/2025\/12\/Predpredaj-banner-2-2-300x100.png 300w, https:\/\/fcspartaktrnava.com\/wp-content\/uploads\/2025\/12\/Predpredaj-banner-2-2-768x256.png 768w, https:\/\/fcspartaktrnava.com\/wp-content\/uploads\/2025\/12\/Predpredaj-banner-2-2-18x6.png 18w, https:\/\/fcspartaktrnava.com\/wp-content\/uploads\/2025\/12\/Predpredaj-banner-2-2.png 1140w\" sizes=\"auto, (max-width: 1024px) 100vw, 1024px\" \/><\/figure>\n<\/div>\n\n\n<p class=\"has-medium-font-size\"><strong>Pre\u010do to rob\u00edme a pre\u010do je to d\u00f4le\u017eit\u00e9<\/strong><\/p>\n\n\n\n<p class=\"has-medium-font-size\">Spartak takto ukazuje, \u017ee futbal nie je len o bodoch, g\u00f3loch \u010di v\u00fdsledkoch. Je to priestor, kde sa buduje <strong>komunita, solidarita a \u013eudskos\u0165.<\/strong> Pomoc rodin\u00e1m, de\u0165om, chor\u00fdm, seniorom \u010di \u013eu\u010fom v&nbsp;\u0165a\u017ekostiach. To v\u0161etko patr\u00ed k \u017eivotu klubu, ktor\u00fd nechce by\u0165 iba \u0161portov\u00fdm t\u00edmom, ale s\u00fa\u010das\u0165ou spolo\u010dnosti.<\/p>\n\n\n\n<p class=\"has-medium-font-size\">Rozhodnutie klubu prep\u00e1ja\u0165 z\u00e1pasy s konkr\u00e9tnou pomocou, darovan\u00edm vstupeniek, organizovan\u00edm podujat\u00ed, zbierok, charitat\u00edvnych akci\u00ed znamen\u00e1, \u017ee ka\u017ed\u00fd z\u00e1pas m\u00f4\u017ee ma\u0165 dvojit\u00fd v\u00fdznam &#8211; \u0161portov\u00fd a&nbsp;\u013eudsk\u00fd.<\/p>","protected":false},"excerpt":{"rendered":"<p>Pre mnoh\u00fdch fan\u00fa\u0161ikov je futbal jednoducho \u0161portom \u010di&#8230;<\/p>","protected":false},"author":2,"featured_media":37565,"comment_status":"closed","ping_status":"closed","sticky":false,"template":"","format":"standard","meta":{"footnotes":""},"categories":[12],"tags":[],"class_list":["post-38107","post","type-post","status-publish","format-standard","has-post-thumbnail","hentry","category-spravy","post-number-1"],"yoast_head":"<!-- This site is optimized with the Yoast SEO plugin v27.1.1 - https:\/\/yoast.com\/product\/yoast-seo-wordpress\/ -->\n<title>FC Spartak Trnava, viac ne\u017e futbal - FC Spartak Trnava<\/title>\n<meta name=\"robots\" content=\"index, follow, max-snippet:-1, max-image-preview:large, max-video-preview:-1\" \/>\n<link rel=\"canonical\" href=\"https:\/\/fcspartaktrnava.com\/en\/fc-spartak-trnava-viac-nez-futbal\/\" \/>\n<meta name=\"twitter:label1\" content=\"Written by\" \/>\n\t<meta name=\"twitter:data1\" content=\"spartak\" \/>\n\t<meta name=\"twitter:label2\" content=\"Estimated reading time\" \/>\n\t<meta name=\"twitter:data2\" content=\"4 minutes\" \/>\n<script type=\"application\/ld+json\" class=\"yoast-schema-graph\">{\"@context\":\"https:\/\/schema.org\",\"@graph\":[{\"@type\":\"Article\",\"@id\":\"https:\/\/fcspartaktrnava.com\/fc-spartak-trnava-viac-nez-futbal\/#article\",\"isPartOf\":{\"@id\":\"https:\/\/fcspartaktrnava.com\/fc-spartak-trnava-viac-nez-futbal\/\"},\"author\":{\"name\":\"spartak\",\"@id\":\"https:\/\/fcspartaktrnava.com\/#\/schema\/person\/24bc5b254af14f71d7d8af178790aa75\"},\"headline\":\"FC Spartak Trnava, viac ne\u017e futbal\",\"datePublished\":\"2025-12-11T12:12:46+00:00\",\"dateModified\":\"2025-12-11T16:58:28+00:00\",\"mainEntityOfPage\":{\"@id\":\"https:\/\/fcspartaktrnava.com\/fc-spartak-trnava-viac-nez-futbal\/\"},\"wordCount\":640,\"publisher\":{\"@id\":\"https:\/\/fcspartaktrnava.com\/#organization\"},\"image\":{\"@id\":\"https:\/\/fcspartaktrnava.com\/fc-spartak-trnava-viac-nez-futbal\/#primaryimage\"},\"thumbnailUrl\":\"https:\/\/fcspartaktrnava.com\/wp-content\/uploads\/2025\/11\/LUK_0819.jpg\",\"articleSection\":[\"Spr\u00e1vy\"],\"inLanguage\":\"en-GB\"},{\"@type\":\"WebPage\",\"@id\":\"https:\/\/fcspartaktrnava.com\/fc-spartak-trnava-viac-nez-futbal\/\",\"url\":\"https:\/\/fcspartaktrnava.com\/fc-spartak-trnava-viac-nez-futbal\/\",\"name\":\"FC Spartak Trnava, viac ne\u017e futbal - FC Spartak Trnava\",\"isPartOf\":{\"@id\":\"https:\/\/fcspartaktrnava.com\/#website\"},\"primaryImageOfPage\":{\"@id\":\"https:\/\/fcspartaktrnava.com\/fc-spartak-trnava-viac-nez-futbal\/#primaryimage\"},\"image\":{\"@id\":\"https:\/\/fcspartaktrnava.com\/fc-spartak-trnava-viac-nez-futbal\/#primaryimage\"},\"thumbnailUrl\":\"https:\/\/fcspartaktrnava.com\/wp-content\/uploads\/2025\/11\/LUK_0819.jpg\",\"datePublished\":\"2025-12-11T12:12:46+00:00\",\"dateModified\":\"2025-12-11T16:58:28+00:00\",\"breadcrumb\":{\"@id\":\"https:\/\/fcspartaktrnava.com\/fc-spartak-trnava-viac-nez-futbal\/#breadcrumb\"},\"inLanguage\":\"en-GB\",\"potentialAction\":[{\"@type\":\"ReadAction\",\"target\":[\"https:\/\/fcspartaktrnava.com\/fc-spartak-trnava-viac-nez-futbal\/\"]}]},{\"@type\":\"ImageObject\",\"inLanguage\":\"en-GB\",\"@id\":\"https:\/\/fcspartaktrnava.com\/fc-spartak-trnava-viac-nez-futbal\/#primaryimage\",\"url\":\"https:\/\/fcspartaktrnava.com\/wp-content\/uploads\/2025\/11\/LUK_0819.jpg\",\"contentUrl\":\"https:\/\/fcspartaktrnava.com\/wp-content\/uploads\/2025\/11\/LUK_0819.jpg\",\"width\":1520,\"height\":1011},{\"@type\":\"BreadcrumbList\",\"@id\":\"https:\/\/fcspartaktrnava.com\/fc-spartak-trnava-viac-nez-futbal\/#breadcrumb\",\"itemListElement\":[{\"@type\":\"ListItem\",\"position\":1,\"name\":\"Home\",\"item\":\"https:\/\/fcspartaktrnava.com\/\"},{\"@type\":\"ListItem\",\"position\":2,\"name\":\"FC Spartak Trnava, viac ne\u017e futbal\"}]},{\"@type\":\"WebSite\",\"@id\":\"https:\/\/fcspartaktrnava.com\/#website\",\"url\":\"https:\/\/fcspartaktrnava.com\/\",\"name\":\"FC Spartak Trnava\",\"description\":\"ofici\u00e1lna webstr\u00e1nka futbalov\u00e9ho klubu\",\"publisher\":{\"@id\":\"https:\/\/fcspartaktrnava.com\/#organization\"},\"potentialAction\":[{\"@type\":\"SearchAction\",\"target\":{\"@type\":\"EntryPoint\",\"urlTemplate\":\"https:\/\/fcspartaktrnava.com\/?s={search_term_string}\"},\"query-input\":{\"@type\":\"PropertyValueSpecification\",\"valueRequired\":true,\"valueName\":\"search_term_string\"}}],\"inLanguage\":\"en-GB\"},{\"@type\":\"Organization\",\"@id\":\"https:\/\/fcspartaktrnava.com\/#organization\",\"name\":\"FC Spartak Trnava\",\"alternateName\":\"Spartak\",\"url\":\"https:\/\/fcspartaktrnava.com\/\",\"logo\":{\"@type\":\"ImageObject\",\"inLanguage\":\"en-GB\",\"@id\":\"https:\/\/fcspartaktrnava.com\/#\/schema\/logo\/image\/\",\"url\":\"https:\/\/fcspartaktrnava.com\/wp-content\/uploads\/2022\/08\/cropped-site_logo.png\",\"contentUrl\":\"https:\/\/fcspartaktrnava.com\/wp-content\/uploads\/2022\/08\/cropped-site_logo.png\",\"width\":140,\"height\":140,\"caption\":\"FC Spartak Trnava\"},\"image\":{\"@id\":\"https:\/\/fcspartaktrnava.com\/#\/schema\/logo\/image\/\"},\"sameAs\":[\"https:\/\/www.facebook.com\/SpartakTrnava\",\"https:\/\/x.com\/SpartakTrnava1\",\"https:\/\/www.instagram.com\/spartak_sk\/\"]},{\"@type\":\"Person\",\"@id\":\"https:\/\/fcspartaktrnava.com\/#\/schema\/person\/24bc5b254af14f71d7d8af178790aa75\",\"name\":\"spartak\",\"image\":{\"@type\":\"ImageObject\",\"inLanguage\":\"en-GB\",\"@id\":\"https:\/\/fcspartaktrnava.com\/#\/schema\/person\/image\/\",\"url\":\"https:\/\/secure.gravatar.com\/avatar\/f8ff8584f3fcf3909a11a6da9019f37749183b4015bca14e64556c52614cdc7f?s=96&d=mm&r=g\",\"contentUrl\":\"https:\/\/secure.gravatar.com\/avatar\/f8ff8584f3fcf3909a11a6da9019f37749183b4015bca14e64556c52614cdc7f?s=96&d=mm&r=g\",\"caption\":\"spartak\"},\"url\":\"https:\/\/fcspartaktrnava.com\/en\/author\/spartak\/\"}]}<\/script>\n<!-- \/ Yoast SEO plugin. -->","yoast_head_json":{"title":"FC Spartak Trnava, viac ne\u017e futbal - FC Spartak Trnava","robots":{"index":"index","follow":"follow","max-snippet":"max-snippet:-1","max-image-preview":"max-image-preview:large","max-video-preview":"max-video-preview:-1"},"canonical":"https:\/\/fcspartaktrnava.com\/en\/fc-spartak-trnava-viac-nez-futbal\/","twitter_misc":{"Written by":"spartak","Estimated reading time":"4 minutes"},"schema":{"@context":"https:\/\/schema.org","@graph":[{"@type":"Article","@id":"https:\/\/fcspartaktrnava.com\/fc-spartak-trnava-viac-nez-futbal\/#article","isPartOf":{"@id":"https:\/\/fcspartaktrnava.com\/fc-spartak-trnava-viac-nez-futbal\/"},"author":{"name":"spartak","@id":"https:\/\/fcspartaktrnava.com\/#\/schema\/person\/24bc5b254af14f71d7d8af178790aa75"},"headline":"FC Spartak Trnava, viac ne\u017e futbal","datePublished":"2025-12-11T12:12:46+00:00","dateModified":"2025-12-11T16:58:28+00:00","mainEntityOfPage":{"@id":"https:\/\/fcspartaktrnava.com\/fc-spartak-trnava-viac-nez-futbal\/"},"wordCount":640,"publisher":{"@id":"https:\/\/fcspartaktrnava.com\/#organization"},"image":{"@id":"https:\/\/fcspartaktrnava.com\/fc-spartak-trnava-viac-nez-futbal\/#primaryimage"},"thumbnailUrl":"https:\/\/fcspartaktrnava.com\/wp-content\/uploads\/2025\/11\/LUK_0819.jpg","articleSection":["Spr\u00e1vy"],"inLanguage":"en-GB"},{"@type":"WebPage","@id":"https:\/\/fcspartaktrnava.com\/fc-spartak-trnava-viac-nez-futbal\/","url":"https:\/\/fcspartaktrnava.com\/fc-spartak-trnava-viac-nez-futbal\/","name":"FC Spartak Trnava, viac ne\u017e futbal - FC Spartak Trnava","isPartOf":{"@id":"https:\/\/fcspartaktrnava.com\/#website"},"primaryImageOfPage":{"@id":"https:\/\/fcspartaktrnava.com\/fc-spartak-trnava-viac-nez-futbal\/#primaryimage"},"image":{"@id":"https:\/\/fcspartaktrnava.com\/fc-spartak-trnava-viac-nez-futbal\/#primaryimage"},"thumbnailUrl":"https:\/\/fcspartaktrnava.com\/wp-content\/uploads\/2025\/11\/LUK_0819.jpg","datePublished":"2025-12-11T12:12:46+00:00","dateModified":"2025-12-11T16:58:28+00:00","breadcrumb":{"@id":"https:\/\/fcspartaktrnava.com\/fc-spartak-trnava-viac-nez-futbal\/#breadcrumb"},"inLanguage":"en-GB","potentialAction":[{"@type":"ReadAction","target":["https:\/\/fcspartaktrnava.com\/fc-spartak-trnava-viac-nez-futbal\/"]}]},{"@type":"ImageObject","inLanguage":"en-GB","@id":"https:\/\/fcspartaktrnava.com\/fc-spartak-trnava-viac-nez-futbal\/#primaryimage","url":"https:\/\/fcspartaktrnava.com\/wp-content\/uploads\/2025\/11\/LUK_0819.jpg","contentUrl":"https:\/\/fcspartaktrnava.com\/wp-content\/uploads\/2025\/11\/LUK_0819.jpg","width":1520,"height":1011},{"@type":"BreadcrumbList","@id":"https:\/\/fcspartaktrnava.com\/fc-spartak-trnava-viac-nez-futbal\/#breadcrumb","itemListElement":[{"@type":"ListItem","position":1,"name":"Home","item":"https:\/\/fcspartaktrnava.com\/"},{"@type":"ListItem","position":2,"name":"FC Spartak Trnava, viac ne\u017e futbal"}]},{"@type":"WebSite","@id":"https:\/\/fcspartaktrnava.com\/#website","url":"https:\/\/fcspartaktrnava.com\/","name":"FC Spartak Trnava","description":"ofici\u00e1lna webstr\u00e1nka futbalov\u00e9ho klubu","publisher":{"@id":"https:\/\/fcspartaktrnava.com\/#organization"},"potentialAction":[{"@type":"SearchAction","target":{"@type":"EntryPoint","urlTemplate":"https:\/\/fcspartaktrnava.com\/?s={search_term_string}"},"query-input":{"@type":"PropertyValueSpecification","valueRequired":true,"valueName":"search_term_string"}}],"inLanguage":"en-GB"},{"@type":"Organization","@id":"https:\/\/fcspartaktrnava.com\/#organization","name":"FC Spartak Trnava","alternateName":"Spartak","url":"https:\/\/fcspartaktrnava.com\/","logo":{"@type":"ImageObject","inLanguage":"en-GB","@id":"https:\/\/fcspartaktrnava.com\/#\/schema\/logo\/image\/","url":"https:\/\/fcspartaktrnava.com\/wp-content\/uploads\/2022\/08\/cropped-site_logo.png","contentUrl":"https:\/\/fcspartaktrnava.com\/wp-content\/uploads\/2022\/08\/cropped-site_logo.png","width":140,"height":140,"caption":"FC Spartak Trnava"},"image":{"@id":"https:\/\/fcspartaktrnava.com\/#\/schema\/logo\/image\/"},"sameAs":["https:\/\/www.facebook.com\/SpartakTrnava","https:\/\/x.com\/SpartakTrnava1","https:\/\/www.instagram.com\/spartak_sk\/"]},{"@type":"Person","@id":"https:\/\/fcspartaktrnava.com\/#\/schema\/person\/24bc5b254af14f71d7d8af178790aa75","name":"spartak","image":{"@type":"ImageObject","inLanguage":"en-GB","@id":"https:\/\/fcspartaktrnava.com\/#\/schema\/person\/image\/","url":"https:\/\/secure.gravatar.com\/avatar\/f8ff8584f3fcf3909a11a6da9019f37749183b4015bca14e64556c52614cdc7f?s=96&d=mm&r=g","contentUrl":"https:\/\/secure.gravatar.com\/avatar\/f8ff8584f3fcf3909a11a6da9019f37749183b4015bca14e64556c52614cdc7f?s=96&d=mm&r=g","caption":"spartak"},"url":"https:\/\/fcspartaktrnava.com\/en\/author\/spartak\/"}]}},"_links":{"self":[{"href":"https:\/\/fcspartaktrnava.com\/en\/wp-json\/wp\/v2\/posts\/38107","targetHints":{"allow":["GET"]}}],"collection":[{"href":"https:\/\/fcspartaktrnava.com\/en\/wp-json\/wp\/v2\/posts"}],"about":[{"href":"https:\/\/fcspartaktrnava.com\/en\/wp-json\/wp\/v2\/types\/post"}],"author":[{"embeddable":true,"href":"https:\/\/fcspartaktrnava.com\/en\/wp-json\/wp\/v2\/users\/2"}],"replies":[{"embeddable":true,"href":"https:\/\/fcspartaktrnava.com\/en\/wp-json\/wp\/v2\/comments?post=38107"}],"version-history":[{"count":0,"href":"https:\/\/fcspartaktrnava.com\/en\/wp-json\/wp\/v2\/posts\/38107\/revisions"}],"wp:featuredmedia":[{"embeddable":true,"href":"https:\/\/fcspartaktrnava.com\/en\/wp-json\/wp\/v2\/media\/37565"}],"wp:attachment":[{"href":"https:\/\/fcspartaktrnava.com\/en\/wp-json\/wp\/v2\/media?parent=38107"}],"wp:term":[{"taxonomy":"category","embeddable":true,"href":"https:\/\/fcspartaktrnava.com\/en\/wp-json\/wp\/v2\/categories?post=38107"},{"taxonomy":"post_tag","embeddable":true,"href":"https:\/\/fcspartaktrnava.com\/en\/wp-json\/wp\/v2\/tags?post=38107"}],"curies":[{"name":"wp","href":"https:\/\/api.w.org\/{rel}","templated":true}]}}