{"id":37934,"date":"2025-12-06T10:49:40","date_gmt":"2025-12-06T08:49:40","guid":{"rendered":"https:\/\/fcspartaktrnava.com\/?p=37934"},"modified":"2025-12-06T10:49:41","modified_gmt":"2025-12-06T08:49:41","slug":"spartak-si-zazmluvnil-dalsi-brankarsky-talent","status":"publish","type":"post","link":"https:\/\/fcspartaktrnava.com\/en\/spartak-si-zazmluvnil-dalsi-brankarsky-talent\/","title":{"rendered":"Spartak si zazmluvnil \u010fal\u0161\u00ed brank\u00e1rsky talent"},"content":{"rendered":"<p style=\"font-size:25px\"><strong>Dnes podp\u00edsal svoju prv\u00fa talentov\u00fa zmluvu 196 cm vysok\u00fd brank\u00e1r z kateg\u00f3rie U19 Tom\u00e1\u0161 Jablonick\u00fd, ktor\u00fd m\u00e1 u\u017e za sebou aj nieko\u013eko tr\u00e9ningov s &#8222;A&#8220; t\u00edmom.<\/strong><\/p>\n\n\n\n<p class=\"has-medium-font-size\">17-ro\u010dn\u00fd brank\u00e1rsky talent dokonca v lete absolvoval aj letn\u00e9 s\u00fastredenie s A-t\u00edmom v Slovinsku. Na svojom konte m\u00e1 \u0161tarty aj za ml\u00e1de\u017en\u00edcke reprezent\u00e1cie.<br><br>\u0160\u00e9ftr\u00e9ner brank\u00e1rov J\u00e1n Pol\u00f3ny sa o svojom zverencovi vyjadril takto: <em>,,Tom\u00e1\u0161 k n\u00e1m pri\u0161iel pred dvoma rokmi s ur\u010dit\u00fdm potenci\u00e1lom a predpokladmi. Za ten \u010das dospel \u013eudsky a spravil v\u00fdrazn\u00fd progres po \u0161portovej str\u00e1nke vo v\u0161etk\u00fdch \u010dinnostiach. Pre\u0161iel si aj \u0165a\u017e\u0161\u00edmi obdobiami, ale v\u010faka svojej pracovitosti a hlavne trpezlivosti, ktor\u00e1 ve\u013ea mlad\u00fdm brank\u00e1rom ch\u00fdba, sa dostal na slu\u0161n\u00fa \u00farove\u0148, \u010do potvrdzoval aj v jesennej \u010dasti tejto sez\u00f3ny. Gratulujem mu k tomuto kroku a ver\u00edm, \u017ee to je pre neho len prv\u00fd krok a spr\u00e1vna motiv\u00e1cia do bud\u00facna.&#8220;<\/em><\/p>\n\n\n\n<p class=\"has-medium-font-size\">\u0160\u0165astie neskr\u00fdval ani samotn\u00fd Tom\u00e1\u0161: <em>,,\u010eakujem za t\u00fato pr\u00edle\u017eitos\u0165, som ve\u013emi r\u00e1d, \u017ee som mohol urobi\u0165 tak\u00fdto ve\u013ek\u00fd krok v mojej kari\u00e9re. Na tr\u00e9ningoch sa sna\u017e\u00edm vyda\u0165 maximum, rovnako aj v z\u00e1pasoch a koncentrova\u0165 sa na ka\u017ed\u00fa situ\u00e1ciu. Som v\u010fa\u010dn\u00fd, \u017ee mi klub ver\u00ed a budem robi\u0165 v\u0161etko pre to, aby som pomohol spoluhr\u00e1\u010dom, ale aj klubu. V neposlednom rade \u010fakujem svojim rodi\u010dom a tie\u017e agentovi\u00a0p.\u00a0Vr\u0165ovi.&#8220;<\/em><\/p>\n\n\n<div class=\"wp-block-image\">\n<figure class=\"aligncenter size-large is-resized\"><img loading=\"lazy\" decoding=\"async\" width=\"1024\" height=\"683\" src=\"https:\/\/fcspartaktrnava.com\/wp-content\/uploads\/2025\/12\/LUC_5792-1024x683.jpg\" alt=\"\" class=\"wp-image-37936\" style=\"width:730px;height:auto\" srcset=\"https:\/\/fcspartaktrnava.com\/wp-content\/uploads\/2025\/12\/LUC_5792-1024x683.jpg 1024w, https:\/\/fcspartaktrnava.com\/wp-content\/uploads\/2025\/12\/LUC_5792-300x200.jpg 300w, https:\/\/fcspartaktrnava.com\/wp-content\/uploads\/2025\/12\/LUC_5792-768x512.jpg 768w, https:\/\/fcspartaktrnava.com\/wp-content\/uploads\/2025\/12\/LUC_5792-1536x1024.jpg 1536w, https:\/\/fcspartaktrnava.com\/wp-content\/uploads\/2025\/12\/LUC_5792-2048x1365.jpg 2048w, https:\/\/fcspartaktrnava.com\/wp-content\/uploads\/2025\/12\/LUC_5792-18x12.jpg 18w\" sizes=\"auto, (max-width: 1024px) 100vw, 1024px\" \/><\/figure>\n<\/div>","protected":false},"excerpt":{"rendered":"<p>Dnes podp\u00edsal svoju prv\u00fa talentov\u00fa zmluvu 196 cm&#8230;<\/p>","protected":false},"author":5,"featured_media":37935,"comment_status":"closed","ping_status":"closed","sticky":false,"template":"","format":"standard","meta":{"footnotes":""},"categories":[12],"tags":[],"class_list":["post-37934","post","type-post","status-publish","format-standard","has-post-thumbnail","hentry","category-spravy","post-number-1"],"yoast_head":"<!-- This site is optimized with the Yoast SEO plugin v27.1.1 - https:\/\/yoast.com\/product\/yoast-seo-wordpress\/ -->\n<title>Spartak si zazmluvnil \u010fal\u0161\u00ed brank\u00e1rsky talent - FC Spartak Trnava<\/title>\n<meta name=\"robots\" content=\"index, follow, max-snippet:-1, max-image-preview:large, max-video-preview:-1\" \/>\n<link rel=\"canonical\" href=\"https:\/\/fcspartaktrnava.com\/en\/spartak-si-zazmluvnil-dalsi-brankarsky-talent\/\" \/>\n<meta name=\"twitter:label1\" content=\"Written by\" \/>\n\t<meta name=\"twitter:data1\" content=\"Samuel \u010eurinsk\u00fd\" \/>\n\t<meta name=\"twitter:label2\" content=\"Estimated reading time\" \/>\n\t<meta name=\"twitter:data2\" content=\"2 minutes\" \/>\n<script type=\"application\/ld+json\" class=\"yoast-schema-graph\">{\"@context\":\"https:\/\/schema.org\",\"@graph\":[{\"@type\":\"Article\",\"@id\":\"https:\/\/fcspartaktrnava.com\/spartak-si-zazmluvnil-dalsi-brankarsky-talent\/#article\",\"isPartOf\":{\"@id\":\"https:\/\/fcspartaktrnava.com\/spartak-si-zazmluvnil-dalsi-brankarsky-talent\/\"},\"author\":{\"name\":\"Samuel \u010eurinsk\u00fd\",\"@id\":\"https:\/\/fcspartaktrnava.com\/#\/schema\/person\/62c3c2562c3c56e4c0c8c2342c596ac0\"},\"headline\":\"Spartak si zazmluvnil \u010fal\u0161\u00ed brank\u00e1rsky talent\",\"datePublished\":\"2025-12-06T08:49:40+00:00\",\"dateModified\":\"2025-12-06T08:49:41+00:00\",\"mainEntityOfPage\":{\"@id\":\"https:\/\/fcspartaktrnava.com\/spartak-si-zazmluvnil-dalsi-brankarsky-talent\/\"},\"wordCount\":270,\"publisher\":{\"@id\":\"https:\/\/fcspartaktrnava.com\/#organization\"},\"image\":{\"@id\":\"https:\/\/fcspartaktrnava.com\/spartak-si-zazmluvnil-dalsi-brankarsky-talent\/#primaryimage\"},\"thumbnailUrl\":\"https:\/\/fcspartaktrnava.com\/wp-content\/uploads\/2025\/12\/LUC_5780-scaled.jpg\",\"articleSection\":[\"Spr\u00e1vy\"],\"inLanguage\":\"en-GB\"},{\"@type\":\"WebPage\",\"@id\":\"https:\/\/fcspartaktrnava.com\/spartak-si-zazmluvnil-dalsi-brankarsky-talent\/\",\"url\":\"https:\/\/fcspartaktrnava.com\/spartak-si-zazmluvnil-dalsi-brankarsky-talent\/\",\"name\":\"Spartak si zazmluvnil \u010fal\u0161\u00ed brank\u00e1rsky talent - FC Spartak Trnava\",\"isPartOf\":{\"@id\":\"https:\/\/fcspartaktrnava.com\/#website\"},\"primaryImageOfPage\":{\"@id\":\"https:\/\/fcspartaktrnava.com\/spartak-si-zazmluvnil-dalsi-brankarsky-talent\/#primaryimage\"},\"image\":{\"@id\":\"https:\/\/fcspartaktrnava.com\/spartak-si-zazmluvnil-dalsi-brankarsky-talent\/#primaryimage\"},\"thumbnailUrl\":\"https:\/\/fcspartaktrnava.com\/wp-content\/uploads\/2025\/12\/LUC_5780-scaled.jpg\",\"datePublished\":\"2025-12-06T08:49:40+00:00\",\"dateModified\":\"2025-12-06T08:49:41+00:00\",\"breadcrumb\":{\"@id\":\"https:\/\/fcspartaktrnava.com\/spartak-si-zazmluvnil-dalsi-brankarsky-talent\/#breadcrumb\"},\"inLanguage\":\"en-GB\",\"potentialAction\":[{\"@type\":\"ReadAction\",\"target\":[\"https:\/\/fcspartaktrnava.com\/spartak-si-zazmluvnil-dalsi-brankarsky-talent\/\"]}]},{\"@type\":\"ImageObject\",\"inLanguage\":\"en-GB\",\"@id\":\"https:\/\/fcspartaktrnava.com\/spartak-si-zazmluvnil-dalsi-brankarsky-talent\/#primaryimage\",\"url\":\"https:\/\/fcspartaktrnava.com\/wp-content\/uploads\/2025\/12\/LUC_5780-scaled.jpg\",\"contentUrl\":\"https:\/\/fcspartaktrnava.com\/wp-content\/uploads\/2025\/12\/LUC_5780-scaled.jpg\",\"width\":2560,\"height\":1707},{\"@type\":\"BreadcrumbList\",\"@id\":\"https:\/\/fcspartaktrnava.com\/spartak-si-zazmluvnil-dalsi-brankarsky-talent\/#breadcrumb\",\"itemListElement\":[{\"@type\":\"ListItem\",\"position\":1,\"name\":\"Home\",\"item\":\"https:\/\/fcspartaktrnava.com\/\"},{\"@type\":\"ListItem\",\"position\":2,\"name\":\"Spartak si zazmluvnil \u010fal\u0161\u00ed brank\u00e1rsky talent\"}]},{\"@type\":\"WebSite\",\"@id\":\"https:\/\/fcspartaktrnava.com\/#website\",\"url\":\"https:\/\/fcspartaktrnava.com\/\",\"name\":\"FC Spartak Trnava\",\"description\":\"ofici\u00e1lna webstr\u00e1nka futbalov\u00e9ho klubu\",\"publisher\":{\"@id\":\"https:\/\/fcspartaktrnava.com\/#organization\"},\"potentialAction\":[{\"@type\":\"SearchAction\",\"target\":{\"@type\":\"EntryPoint\",\"urlTemplate\":\"https:\/\/fcspartaktrnava.com\/?s={search_term_string}\"},\"query-input\":{\"@type\":\"PropertyValueSpecification\",\"valueRequired\":true,\"valueName\":\"search_term_string\"}}],\"inLanguage\":\"en-GB\"},{\"@type\":\"Organization\",\"@id\":\"https:\/\/fcspartaktrnava.com\/#organization\",\"name\":\"FC Spartak Trnava\",\"alternateName\":\"Spartak\",\"url\":\"https:\/\/fcspartaktrnava.com\/\",\"logo\":{\"@type\":\"ImageObject\",\"inLanguage\":\"en-GB\",\"@id\":\"https:\/\/fcspartaktrnava.com\/#\/schema\/logo\/image\/\",\"url\":\"https:\/\/fcspartaktrnava.com\/wp-content\/uploads\/2022\/08\/cropped-site_logo.png\",\"contentUrl\":\"https:\/\/fcspartaktrnava.com\/wp-content\/uploads\/2022\/08\/cropped-site_logo.png\",\"width\":140,\"height\":140,\"caption\":\"FC Spartak Trnava\"},\"image\":{\"@id\":\"https:\/\/fcspartaktrnava.com\/#\/schema\/logo\/image\/\"},\"sameAs\":[\"https:\/\/www.facebook.com\/SpartakTrnava\",\"https:\/\/x.com\/SpartakTrnava1\",\"https:\/\/www.instagram.com\/spartak_sk\/\"]},{\"@type\":\"Person\",\"@id\":\"https:\/\/fcspartaktrnava.com\/#\/schema\/person\/62c3c2562c3c56e4c0c8c2342c596ac0\",\"name\":\"Samuel \u010eurinsk\u00fd\",\"image\":{\"@type\":\"ImageObject\",\"inLanguage\":\"en-GB\",\"@id\":\"https:\/\/fcspartaktrnava.com\/#\/schema\/person\/image\/\",\"url\":\"https:\/\/secure.gravatar.com\/avatar\/af2fa02af92418b86ed742470664fe40056833fb68d84becf03f6ab02319257c?s=96&d=mm&r=g\",\"contentUrl\":\"https:\/\/secure.gravatar.com\/avatar\/af2fa02af92418b86ed742470664fe40056833fb68d84becf03f6ab02319257c?s=96&d=mm&r=g\",\"caption\":\"Samuel \u010eurinsk\u00fd\"},\"url\":\"https:\/\/fcspartaktrnava.com\/en\/author\/fcst-samuel\/\"}]}<\/script>\n<!-- \/ Yoast SEO plugin. -->","yoast_head_json":{"title":"Spartak si zazmluvnil \u010fal\u0161\u00ed brank\u00e1rsky talent - FC Spartak Trnava","robots":{"index":"index","follow":"follow","max-snippet":"max-snippet:-1","max-image-preview":"max-image-preview:large","max-video-preview":"max-video-preview:-1"},"canonical":"https:\/\/fcspartaktrnava.com\/en\/spartak-si-zazmluvnil-dalsi-brankarsky-talent\/","twitter_misc":{"Written by":"Samuel \u010eurinsk\u00fd","Estimated reading time":"2 minutes"},"schema":{"@context":"https:\/\/schema.org","@graph":[{"@type":"Article","@id":"https:\/\/fcspartaktrnava.com\/spartak-si-zazmluvnil-dalsi-brankarsky-talent\/#article","isPartOf":{"@id":"https:\/\/fcspartaktrnava.com\/spartak-si-zazmluvnil-dalsi-brankarsky-talent\/"},"author":{"name":"Samuel \u010eurinsk\u00fd","@id":"https:\/\/fcspartaktrnava.com\/#\/schema\/person\/62c3c2562c3c56e4c0c8c2342c596ac0"},"headline":"Spartak si zazmluvnil \u010fal\u0161\u00ed brank\u00e1rsky talent","datePublished":"2025-12-06T08:49:40+00:00","dateModified":"2025-12-06T08:49:41+00:00","mainEntityOfPage":{"@id":"https:\/\/fcspartaktrnava.com\/spartak-si-zazmluvnil-dalsi-brankarsky-talent\/"},"wordCount":270,"publisher":{"@id":"https:\/\/fcspartaktrnava.com\/#organization"},"image":{"@id":"https:\/\/fcspartaktrnava.com\/spartak-si-zazmluvnil-dalsi-brankarsky-talent\/#primaryimage"},"thumbnailUrl":"https:\/\/fcspartaktrnava.com\/wp-content\/uploads\/2025\/12\/LUC_5780-scaled.jpg","articleSection":["Spr\u00e1vy"],"inLanguage":"en-GB"},{"@type":"WebPage","@id":"https:\/\/fcspartaktrnava.com\/spartak-si-zazmluvnil-dalsi-brankarsky-talent\/","url":"https:\/\/fcspartaktrnava.com\/spartak-si-zazmluvnil-dalsi-brankarsky-talent\/","name":"Spartak si zazmluvnil \u010fal\u0161\u00ed brank\u00e1rsky talent - FC Spartak Trnava","isPartOf":{"@id":"https:\/\/fcspartaktrnava.com\/#website"},"primaryImageOfPage":{"@id":"https:\/\/fcspartaktrnava.com\/spartak-si-zazmluvnil-dalsi-brankarsky-talent\/#primaryimage"},"image":{"@id":"https:\/\/fcspartaktrnava.com\/spartak-si-zazmluvnil-dalsi-brankarsky-talent\/#primaryimage"},"thumbnailUrl":"https:\/\/fcspartaktrnava.com\/wp-content\/uploads\/2025\/12\/LUC_5780-scaled.jpg","datePublished":"2025-12-06T08:49:40+00:00","dateModified":"2025-12-06T08:49:41+00:00","breadcrumb":{"@id":"https:\/\/fcspartaktrnava.com\/spartak-si-zazmluvnil-dalsi-brankarsky-talent\/#breadcrumb"},"inLanguage":"en-GB","potentialAction":[{"@type":"ReadAction","target":["https:\/\/fcspartaktrnava.com\/spartak-si-zazmluvnil-dalsi-brankarsky-talent\/"]}]},{"@type":"ImageObject","inLanguage":"en-GB","@id":"https:\/\/fcspartaktrnava.com\/spartak-si-zazmluvnil-dalsi-brankarsky-talent\/#primaryimage","url":"https:\/\/fcspartaktrnava.com\/wp-content\/uploads\/2025\/12\/LUC_5780-scaled.jpg","contentUrl":"https:\/\/fcspartaktrnava.com\/wp-content\/uploads\/2025\/12\/LUC_5780-scaled.jpg","width":2560,"height":1707},{"@type":"BreadcrumbList","@id":"https:\/\/fcspartaktrnava.com\/spartak-si-zazmluvnil-dalsi-brankarsky-talent\/#breadcrumb","itemListElement":[{"@type":"ListItem","position":1,"name":"Home","item":"https:\/\/fcspartaktrnava.com\/"},{"@type":"ListItem","position":2,"name":"Spartak si zazmluvnil \u010fal\u0161\u00ed brank\u00e1rsky talent"}]},{"@type":"WebSite","@id":"https:\/\/fcspartaktrnava.com\/#website","url":"https:\/\/fcspartaktrnava.com\/","name":"FC Spartak Trnava","description":"ofici\u00e1lna webstr\u00e1nka futbalov\u00e9ho klubu","publisher":{"@id":"https:\/\/fcspartaktrnava.com\/#organization"},"potentialAction":[{"@type":"SearchAction","target":{"@type":"EntryPoint","urlTemplate":"https:\/\/fcspartaktrnava.com\/?s={search_term_string}"},"query-input":{"@type":"PropertyValueSpecification","valueRequired":true,"valueName":"search_term_string"}}],"inLanguage":"en-GB"},{"@type":"Organization","@id":"https:\/\/fcspartaktrnava.com\/#organization","name":"FC Spartak Trnava","alternateName":"Spartak","url":"https:\/\/fcspartaktrnava.com\/","logo":{"@type":"ImageObject","inLanguage":"en-GB","@id":"https:\/\/fcspartaktrnava.com\/#\/schema\/logo\/image\/","url":"https:\/\/fcspartaktrnava.com\/wp-content\/uploads\/2022\/08\/cropped-site_logo.png","contentUrl":"https:\/\/fcspartaktrnava.com\/wp-content\/uploads\/2022\/08\/cropped-site_logo.png","width":140,"height":140,"caption":"FC Spartak Trnava"},"image":{"@id":"https:\/\/fcspartaktrnava.com\/#\/schema\/logo\/image\/"},"sameAs":["https:\/\/www.facebook.com\/SpartakTrnava","https:\/\/x.com\/SpartakTrnava1","https:\/\/www.instagram.com\/spartak_sk\/"]},{"@type":"Person","@id":"https:\/\/fcspartaktrnava.com\/#\/schema\/person\/62c3c2562c3c56e4c0c8c2342c596ac0","name":"Samuel \u010eurinsk\u00fd","image":{"@type":"ImageObject","inLanguage":"en-GB","@id":"https:\/\/fcspartaktrnava.com\/#\/schema\/person\/image\/","url":"https:\/\/secure.gravatar.com\/avatar\/af2fa02af92418b86ed742470664fe40056833fb68d84becf03f6ab02319257c?s=96&d=mm&r=g","contentUrl":"https:\/\/secure.gravatar.com\/avatar\/af2fa02af92418b86ed742470664fe40056833fb68d84becf03f6ab02319257c?s=96&d=mm&r=g","caption":"Samuel \u010eurinsk\u00fd"},"url":"https:\/\/fcspartaktrnava.com\/en\/author\/fcst-samuel\/"}]}},"_links":{"self":[{"href":"https:\/\/fcspartaktrnava.com\/en\/wp-json\/wp\/v2\/posts\/37934","targetHints":{"allow":["GET"]}}],"collection":[{"href":"https:\/\/fcspartaktrnava.com\/en\/wp-json\/wp\/v2\/posts"}],"about":[{"href":"https:\/\/fcspartaktrnava.com\/en\/wp-json\/wp\/v2\/types\/post"}],"author":[{"embeddable":true,"href":"https:\/\/fcspartaktrnava.com\/en\/wp-json\/wp\/v2\/users\/5"}],"replies":[{"embeddable":true,"href":"https:\/\/fcspartaktrnava.com\/en\/wp-json\/wp\/v2\/comments?post=37934"}],"version-history":[{"count":0,"href":"https:\/\/fcspartaktrnava.com\/en\/wp-json\/wp\/v2\/posts\/37934\/revisions"}],"wp:featuredmedia":[{"embeddable":true,"href":"https:\/\/fcspartaktrnava.com\/en\/wp-json\/wp\/v2\/media\/37935"}],"wp:attachment":[{"href":"https:\/\/fcspartaktrnava.com\/en\/wp-json\/wp\/v2\/media?parent=37934"}],"wp:term":[{"taxonomy":"category","embeddable":true,"href":"https:\/\/fcspartaktrnava.com\/en\/wp-json\/wp\/v2\/categories?post=37934"},{"taxonomy":"post_tag","embeddable":true,"href":"https:\/\/fcspartaktrnava.com\/en\/wp-json\/wp\/v2\/tags?post=37934"}],"curies":[{"name":"wp","href":"https:\/\/api.w.org\/{rel}","templated":true}]}}