{"id":37922,"date":"2025-12-05T16:39:48","date_gmt":"2025-12-05T14:39:48","guid":{"rendered":"https:\/\/fcspartaktrnava.com\/?p=37922"},"modified":"2025-12-05T16:39:49","modified_gmt":"2025-12-05T14:39:49","slug":"treneri-mladeze-spartaka-zozali-ocenenia-ceriova-a-zigova-v-zenskej-jedenastke-roka","status":"publish","type":"post","link":"https:\/\/fcspartaktrnava.com\/en\/treneri-mladeze-spartaka-zozali-ocenenia-ceriova-a-zigova-v-zenskej-jedenastke-roka\/","title":{"rendered":"Tr\u00e9neri ml\u00e1de\u017ee Spartaka zo\u017eali ocenenia, \u010c\u00e9riov\u00e1 a\u00a0\u017digov\u00e1 v \u017eenskej\u00a0jeden\u00e1stke roka"},"content":{"rendered":"<p style=\"font-size:25px\"><strong>Na sl\u00e1vnostnom odovzd\u00e1van\u00ed Grassroots Gala SFZ 2025 ocenili trnavsk\u00fdch tr\u00e9nerov a\u00a0dve futbalistky prenikli do najlep\u0161ej \u017eenskej jeden\u00e1stky roka.<\/strong><\/p>\n\n\n\n<p style=\"font-size:20px\">V\u00a0stredu 3. decembra ocenil Slovensk\u00fd futbalov\u00fd zv\u00e4z na sl\u00e1vnostnom podujat\u00ed v\u00a0\u0160amor\u00edne\u00a0 ml\u00e1de\u017en\u00edckych tr\u00e9nerov a\u00a0tr\u00e9nerky, talentovan\u00e9\u00a0\u017eiakov za \u0161kolsk\u00e9 aj\u00a0klubov\u00e9 s\u00fa\u0165a\u017ee. Ocenen\u00ed boli aj kanonieri, rozhodcovia, z\u00e1stupcovia amat\u00e9rskych klubov a vyhl\u00e1sili Futbalistov roka vo vekov\u00fdch kateg\u00f3ri\u00e1ch do sedemn\u00e1s\u0165, respekt\u00edve dev\u00e4tn\u00e1s\u0165 rokov\u00a0i\u00a0\u017eensk\u00fa ligov\u00fa futbalov\u00fa jeden\u00e1stku.<br><br>Medzi ocenen\u00fdmi sa na p\u00f3diu predstavili aj z\u00e1stupcovia Spartaka Trnava.<br><br>Oliver Burian, aktu\u00e1lne p\u00f4sobiaci ako hlavn\u00fd skaut klubu bol ocenen\u00fd ako tr\u00e9ner kateg\u00f3rie \u017eiakov do 15 rokov. V\u00a0tejto kateg\u00f3rii sa futbalisti Spartaka stali majstrami republiky v\u00a0ro\u010dn\u00edku 2024\/2025.<br><br><em>\u201eOcenenie si ve\u013emi v\u00e1\u017eim, vn\u00edmam to ako zados\u0165\u00fa\u010dinenie za cel\u00fa moju tr\u00e9nersk\u00fa pr\u00e1cu, je to v\u0161ak aj z\u00e1sluha m\u00f4jho perfektn\u00e9ho realiza\u010dn\u00e9ho t\u00edmu, ktor\u00fd mi ve\u013emi pom\u00e1hal. V neposlednom rade je to z\u00e1sluha hr\u00e1\u010dov, ktor\u00ed nielen t\u00fato sez\u00f3nu dokazovali, \u017ee sme pr\u00e1vom najlep\u0161\u00ed na Slovensku,&#8220; <\/em>zhodnotil Burian. <\/p>\n\n\n<div class=\"wp-block-image\">\n<figure class=\"aligncenter size-large is-resized\"><img loading=\"lazy\" decoding=\"async\" width=\"1024\" height=\"681\" src=\"https:\/\/fcspartaktrnava.com\/wp-content\/uploads\/2025\/12\/strelec-1.jpg-1-1024x681.webp\" alt=\"\" class=\"wp-image-37928\" style=\"width:602px;height:auto\" srcset=\"https:\/\/fcspartaktrnava.com\/wp-content\/uploads\/2025\/12\/strelec-1.jpg-1-1024x681.webp 1024w, https:\/\/fcspartaktrnava.com\/wp-content\/uploads\/2025\/12\/strelec-1.jpg-1-300x200.webp 300w, https:\/\/fcspartaktrnava.com\/wp-content\/uploads\/2025\/12\/strelec-1.jpg-1-768x511.webp 768w, https:\/\/fcspartaktrnava.com\/wp-content\/uploads\/2025\/12\/strelec-1.jpg-1-18x12.webp 18w, https:\/\/fcspartaktrnava.com\/wp-content\/uploads\/2025\/12\/strelec-1.jpg-1.webp 1500w\" sizes=\"auto, (max-width: 1024px) 100vw, 1024px\" \/><\/figure>\n<\/div>\n\n\n<p class=\"has-medium-font-size\">Rovnak\u00e9 ocenenie dostal aj aktu\u00e1lny asistent pri A- t\u00edme Spartaka, Adam Chorvath. Aj jeho zverenci v\u00a0kateg\u00f3rii do sedemn\u00e1s\u0165 rokov z\u00edskali n\u00e1rodn\u00fd titul v\u00a0sez\u00f3ne 2024\/2025.<br><br>Spomedzi tr\u00e9neriek \u017eensk\u00fdch a\u00a0diev\u010densk\u00fdch t\u00edmov ocenili organiz\u00e1tori aj trnavsk\u00fa Nat\u00e1liu Kissov\u00fa, ktor\u00e1 viedla v\u00a0minulej sez\u00f3ne \u017eia\u010dky v\u00a0kateg\u00f3rii do 15 rokov.<br><br>Galave\u010der patril aj vyhl\u00e1seniu \u017eenskej jeden\u00e1stky roka v\u00a0minul\u00fa sez\u00f3nu a\u00a0miesto v\u00a0nej si na\u0161li dve hr\u00e1\u010dky Spartaka. V\u00f4bec premi\u00e9rovo patr\u00ed do elitnej spolo\u010dnosti Ela \u017digov\u00e1. Pre Vikt\u00f3riu \u010c\u00e9riov\u00fa, je to u\u017e \u0161tvrt\u00e1 \u00fa\u010das\u0165 v\u00a0rade.<br><br><em>\u201eChcela by som sa po\u010fakova\u0165 v\u0161etk\u00fdm, ktor\u00ed ma zvolili a\u00a0obrovsk\u00e9 \u010fakujem patr\u00ed \u013eudom, ktor\u00ed s\u00fa okolo m\u0148a, veria mi, vytv\u00e1raj\u00fa podmienky na hranie a\u00a0stoja pri mne, St\u00e1\u0165 na p\u00f3diu \u0161tvrt\u00fd raz je pre m\u0148a ve\u013ek\u00e1 \u010des\u0165 a\u00a0z\u00e1rove\u0148 motiv\u00e1cia pracova\u0165 na sebe. Som ve\u013emi rada, \u017ee \u010das, ktor\u00fd d\u00e1vam do futbalu sa mi vracia aj podobe tak\u00fdchto mil\u00fdch ocenen\u00ed,\u201c <\/em>povedala \u010ceriov\u00e1 pre n\u00e1\u0161 web.<\/p>","protected":false},"excerpt":{"rendered":"<p>Na sl\u00e1vnostnom odovzd\u00e1van\u00ed Grassroots Gala SFZ 2025 ocenili&#8230;<\/p>","protected":false},"author":2,"featured_media":37926,"comment_status":"closed","ping_status":"closed","sticky":false,"template":"","format":"standard","meta":{"footnotes":""},"categories":[12],"tags":[],"class_list":["post-37922","post","type-post","status-publish","format-standard","has-post-thumbnail","hentry","category-spravy","post-number-1"],"yoast_head":"<!-- This site is optimized with the Yoast SEO plugin v27.1.1 - https:\/\/yoast.com\/product\/yoast-seo-wordpress\/ -->\n<title>Tr\u00e9neri ml\u00e1de\u017ee Spartaka zo\u017eali ocenenia, \u010c\u00e9riov\u00e1 a\u00a0\u017digov\u00e1 v \u017eenskej\u00a0jeden\u00e1stke roka - FC Spartak Trnava<\/title>\n<meta name=\"robots\" content=\"index, follow, max-snippet:-1, max-image-preview:large, max-video-preview:-1\" \/>\n<link rel=\"canonical\" href=\"https:\/\/fcspartaktrnava.com\/en\/treneri-mladeze-spartaka-zozali-ocenenia-ceriova-a-zigova-v-zenskej-jedenastke-roka\/\" \/>\n<meta name=\"twitter:label1\" content=\"Written by\" \/>\n\t<meta name=\"twitter:data1\" content=\"spartak\" \/>\n\t<meta name=\"twitter:label2\" content=\"Estimated reading time\" \/>\n\t<meta name=\"twitter:data2\" content=\"3 minutes\" \/>\n<script type=\"application\/ld+json\" class=\"yoast-schema-graph\">{\"@context\":\"https:\/\/schema.org\",\"@graph\":[{\"@type\":\"Article\",\"@id\":\"https:\/\/fcspartaktrnava.com\/treneri-mladeze-spartaka-zozali-ocenenia-ceriova-a-zigova-v-zenskej-jedenastke-roka\/#article\",\"isPartOf\":{\"@id\":\"https:\/\/fcspartaktrnava.com\/treneri-mladeze-spartaka-zozali-ocenenia-ceriova-a-zigova-v-zenskej-jedenastke-roka\/\"},\"author\":{\"name\":\"spartak\",\"@id\":\"https:\/\/fcspartaktrnava.com\/#\/schema\/person\/24bc5b254af14f71d7d8af178790aa75\"},\"headline\":\"Tr\u00e9neri ml\u00e1de\u017ee Spartaka zo\u017eali ocenenia, \u010c\u00e9riov\u00e1 a\u00a0\u017digov\u00e1 v \u017eenskej\u00a0jeden\u00e1stke roka\",\"datePublished\":\"2025-12-05T14:39:48+00:00\",\"dateModified\":\"2025-12-05T14:39:49+00:00\",\"mainEntityOfPage\":{\"@id\":\"https:\/\/fcspartaktrnava.com\/treneri-mladeze-spartaka-zozali-ocenenia-ceriova-a-zigova-v-zenskej-jedenastke-roka\/\"},\"wordCount\":414,\"publisher\":{\"@id\":\"https:\/\/fcspartaktrnava.com\/#organization\"},\"image\":{\"@id\":\"https:\/\/fcspartaktrnava.com\/treneri-mladeze-spartaka-zozali-ocenenia-ceriova-a-zigova-v-zenskej-jedenastke-roka\/#primaryimage\"},\"thumbnailUrl\":\"https:\/\/fcspartaktrnava.com\/wp-content\/uploads\/2025\/12\/zenska-11-ka.jpg.webp\",\"articleSection\":[\"Spr\u00e1vy\"],\"inLanguage\":\"en-GB\"},{\"@type\":\"WebPage\",\"@id\":\"https:\/\/fcspartaktrnava.com\/treneri-mladeze-spartaka-zozali-ocenenia-ceriova-a-zigova-v-zenskej-jedenastke-roka\/\",\"url\":\"https:\/\/fcspartaktrnava.com\/treneri-mladeze-spartaka-zozali-ocenenia-ceriova-a-zigova-v-zenskej-jedenastke-roka\/\",\"name\":\"Tr\u00e9neri ml\u00e1de\u017ee Spartaka zo\u017eali ocenenia, \u010c\u00e9riov\u00e1 a\u00a0\u017digov\u00e1 v \u017eenskej\u00a0jeden\u00e1stke roka - FC Spartak Trnava\",\"isPartOf\":{\"@id\":\"https:\/\/fcspartaktrnava.com\/#website\"},\"primaryImageOfPage\":{\"@id\":\"https:\/\/fcspartaktrnava.com\/treneri-mladeze-spartaka-zozali-ocenenia-ceriova-a-zigova-v-zenskej-jedenastke-roka\/#primaryimage\"},\"image\":{\"@id\":\"https:\/\/fcspartaktrnava.com\/treneri-mladeze-spartaka-zozali-ocenenia-ceriova-a-zigova-v-zenskej-jedenastke-roka\/#primaryimage\"},\"thumbnailUrl\":\"https:\/\/fcspartaktrnava.com\/wp-content\/uploads\/2025\/12\/zenska-11-ka.jpg.webp\",\"datePublished\":\"2025-12-05T14:39:48+00:00\",\"dateModified\":\"2025-12-05T14:39:49+00:00\",\"breadcrumb\":{\"@id\":\"https:\/\/fcspartaktrnava.com\/treneri-mladeze-spartaka-zozali-ocenenia-ceriova-a-zigova-v-zenskej-jedenastke-roka\/#breadcrumb\"},\"inLanguage\":\"en-GB\",\"potentialAction\":[{\"@type\":\"ReadAction\",\"target\":[\"https:\/\/fcspartaktrnava.com\/treneri-mladeze-spartaka-zozali-ocenenia-ceriova-a-zigova-v-zenskej-jedenastke-roka\/\"]}]},{\"@type\":\"ImageObject\",\"inLanguage\":\"en-GB\",\"@id\":\"https:\/\/fcspartaktrnava.com\/treneri-mladeze-spartaka-zozali-ocenenia-ceriova-a-zigova-v-zenskej-jedenastke-roka\/#primaryimage\",\"url\":\"https:\/\/fcspartaktrnava.com\/wp-content\/uploads\/2025\/12\/zenska-11-ka.jpg.webp\",\"contentUrl\":\"https:\/\/fcspartaktrnava.com\/wp-content\/uploads\/2025\/12\/zenska-11-ka.jpg.webp\",\"width\":1340,\"height\":892},{\"@type\":\"BreadcrumbList\",\"@id\":\"https:\/\/fcspartaktrnava.com\/treneri-mladeze-spartaka-zozali-ocenenia-ceriova-a-zigova-v-zenskej-jedenastke-roka\/#breadcrumb\",\"itemListElement\":[{\"@type\":\"ListItem\",\"position\":1,\"name\":\"Home\",\"item\":\"https:\/\/fcspartaktrnava.com\/\"},{\"@type\":\"ListItem\",\"position\":2,\"name\":\"Tr\u00e9neri ml\u00e1de\u017ee Spartaka zo\u017eali ocenenia, \u010c\u00e9riov\u00e1 a\u00a0\u017digov\u00e1 v \u017eenskej\u00a0jeden\u00e1stke roka\"}]},{\"@type\":\"WebSite\",\"@id\":\"https:\/\/fcspartaktrnava.com\/#website\",\"url\":\"https:\/\/fcspartaktrnava.com\/\",\"name\":\"FC Spartak Trnava\",\"description\":\"ofici\u00e1lna webstr\u00e1nka futbalov\u00e9ho klubu\",\"publisher\":{\"@id\":\"https:\/\/fcspartaktrnava.com\/#organization\"},\"potentialAction\":[{\"@type\":\"SearchAction\",\"target\":{\"@type\":\"EntryPoint\",\"urlTemplate\":\"https:\/\/fcspartaktrnava.com\/?s={search_term_string}\"},\"query-input\":{\"@type\":\"PropertyValueSpecification\",\"valueRequired\":true,\"valueName\":\"search_term_string\"}}],\"inLanguage\":\"en-GB\"},{\"@type\":\"Organization\",\"@id\":\"https:\/\/fcspartaktrnava.com\/#organization\",\"name\":\"FC Spartak Trnava\",\"alternateName\":\"Spartak\",\"url\":\"https:\/\/fcspartaktrnava.com\/\",\"logo\":{\"@type\":\"ImageObject\",\"inLanguage\":\"en-GB\",\"@id\":\"https:\/\/fcspartaktrnava.com\/#\/schema\/logo\/image\/\",\"url\":\"https:\/\/fcspartaktrnava.com\/wp-content\/uploads\/2022\/08\/cropped-site_logo.png\",\"contentUrl\":\"https:\/\/fcspartaktrnava.com\/wp-content\/uploads\/2022\/08\/cropped-site_logo.png\",\"width\":140,\"height\":140,\"caption\":\"FC Spartak Trnava\"},\"image\":{\"@id\":\"https:\/\/fcspartaktrnava.com\/#\/schema\/logo\/image\/\"},\"sameAs\":[\"https:\/\/www.facebook.com\/SpartakTrnava\",\"https:\/\/x.com\/SpartakTrnava1\",\"https:\/\/www.instagram.com\/spartak_sk\/\"]},{\"@type\":\"Person\",\"@id\":\"https:\/\/fcspartaktrnava.com\/#\/schema\/person\/24bc5b254af14f71d7d8af178790aa75\",\"name\":\"spartak\",\"image\":{\"@type\":\"ImageObject\",\"inLanguage\":\"en-GB\",\"@id\":\"https:\/\/fcspartaktrnava.com\/#\/schema\/person\/image\/\",\"url\":\"https:\/\/secure.gravatar.com\/avatar\/f8ff8584f3fcf3909a11a6da9019f37749183b4015bca14e64556c52614cdc7f?s=96&d=mm&r=g\",\"contentUrl\":\"https:\/\/secure.gravatar.com\/avatar\/f8ff8584f3fcf3909a11a6da9019f37749183b4015bca14e64556c52614cdc7f?s=96&d=mm&r=g\",\"caption\":\"spartak\"},\"url\":\"https:\/\/fcspartaktrnava.com\/en\/author\/spartak\/\"}]}<\/script>\n<!-- \/ Yoast SEO plugin. -->","yoast_head_json":{"title":"Tr\u00e9neri ml\u00e1de\u017ee Spartaka zo\u017eali ocenenia, \u010c\u00e9riov\u00e1 a\u00a0\u017digov\u00e1 v \u017eenskej\u00a0jeden\u00e1stke roka - FC Spartak Trnava","robots":{"index":"index","follow":"follow","max-snippet":"max-snippet:-1","max-image-preview":"max-image-preview:large","max-video-preview":"max-video-preview:-1"},"canonical":"https:\/\/fcspartaktrnava.com\/en\/treneri-mladeze-spartaka-zozali-ocenenia-ceriova-a-zigova-v-zenskej-jedenastke-roka\/","twitter_misc":{"Written by":"spartak","Estimated reading time":"3 minutes"},"schema":{"@context":"https:\/\/schema.org","@graph":[{"@type":"Article","@id":"https:\/\/fcspartaktrnava.com\/treneri-mladeze-spartaka-zozali-ocenenia-ceriova-a-zigova-v-zenskej-jedenastke-roka\/#article","isPartOf":{"@id":"https:\/\/fcspartaktrnava.com\/treneri-mladeze-spartaka-zozali-ocenenia-ceriova-a-zigova-v-zenskej-jedenastke-roka\/"},"author":{"name":"spartak","@id":"https:\/\/fcspartaktrnava.com\/#\/schema\/person\/24bc5b254af14f71d7d8af178790aa75"},"headline":"Tr\u00e9neri ml\u00e1de\u017ee Spartaka zo\u017eali ocenenia, \u010c\u00e9riov\u00e1 a\u00a0\u017digov\u00e1 v \u017eenskej\u00a0jeden\u00e1stke roka","datePublished":"2025-12-05T14:39:48+00:00","dateModified":"2025-12-05T14:39:49+00:00","mainEntityOfPage":{"@id":"https:\/\/fcspartaktrnava.com\/treneri-mladeze-spartaka-zozali-ocenenia-ceriova-a-zigova-v-zenskej-jedenastke-roka\/"},"wordCount":414,"publisher":{"@id":"https:\/\/fcspartaktrnava.com\/#organization"},"image":{"@id":"https:\/\/fcspartaktrnava.com\/treneri-mladeze-spartaka-zozali-ocenenia-ceriova-a-zigova-v-zenskej-jedenastke-roka\/#primaryimage"},"thumbnailUrl":"https:\/\/fcspartaktrnava.com\/wp-content\/uploads\/2025\/12\/zenska-11-ka.jpg.webp","articleSection":["Spr\u00e1vy"],"inLanguage":"en-GB"},{"@type":"WebPage","@id":"https:\/\/fcspartaktrnava.com\/treneri-mladeze-spartaka-zozali-ocenenia-ceriova-a-zigova-v-zenskej-jedenastke-roka\/","url":"https:\/\/fcspartaktrnava.com\/treneri-mladeze-spartaka-zozali-ocenenia-ceriova-a-zigova-v-zenskej-jedenastke-roka\/","name":"Tr\u00e9neri ml\u00e1de\u017ee Spartaka zo\u017eali ocenenia, \u010c\u00e9riov\u00e1 a\u00a0\u017digov\u00e1 v \u017eenskej\u00a0jeden\u00e1stke roka - FC Spartak Trnava","isPartOf":{"@id":"https:\/\/fcspartaktrnava.com\/#website"},"primaryImageOfPage":{"@id":"https:\/\/fcspartaktrnava.com\/treneri-mladeze-spartaka-zozali-ocenenia-ceriova-a-zigova-v-zenskej-jedenastke-roka\/#primaryimage"},"image":{"@id":"https:\/\/fcspartaktrnava.com\/treneri-mladeze-spartaka-zozali-ocenenia-ceriova-a-zigova-v-zenskej-jedenastke-roka\/#primaryimage"},"thumbnailUrl":"https:\/\/fcspartaktrnava.com\/wp-content\/uploads\/2025\/12\/zenska-11-ka.jpg.webp","datePublished":"2025-12-05T14:39:48+00:00","dateModified":"2025-12-05T14:39:49+00:00","breadcrumb":{"@id":"https:\/\/fcspartaktrnava.com\/treneri-mladeze-spartaka-zozali-ocenenia-ceriova-a-zigova-v-zenskej-jedenastke-roka\/#breadcrumb"},"inLanguage":"en-GB","potentialAction":[{"@type":"ReadAction","target":["https:\/\/fcspartaktrnava.com\/treneri-mladeze-spartaka-zozali-ocenenia-ceriova-a-zigova-v-zenskej-jedenastke-roka\/"]}]},{"@type":"ImageObject","inLanguage":"en-GB","@id":"https:\/\/fcspartaktrnava.com\/treneri-mladeze-spartaka-zozali-ocenenia-ceriova-a-zigova-v-zenskej-jedenastke-roka\/#primaryimage","url":"https:\/\/fcspartaktrnava.com\/wp-content\/uploads\/2025\/12\/zenska-11-ka.jpg.webp","contentUrl":"https:\/\/fcspartaktrnava.com\/wp-content\/uploads\/2025\/12\/zenska-11-ka.jpg.webp","width":1340,"height":892},{"@type":"BreadcrumbList","@id":"https:\/\/fcspartaktrnava.com\/treneri-mladeze-spartaka-zozali-ocenenia-ceriova-a-zigova-v-zenskej-jedenastke-roka\/#breadcrumb","itemListElement":[{"@type":"ListItem","position":1,"name":"Home","item":"https:\/\/fcspartaktrnava.com\/"},{"@type":"ListItem","position":2,"name":"Tr\u00e9neri ml\u00e1de\u017ee Spartaka zo\u017eali ocenenia, \u010c\u00e9riov\u00e1 a\u00a0\u017digov\u00e1 v \u017eenskej\u00a0jeden\u00e1stke roka"}]},{"@type":"WebSite","@id":"https:\/\/fcspartaktrnava.com\/#website","url":"https:\/\/fcspartaktrnava.com\/","name":"FC Spartak Trnava","description":"ofici\u00e1lna webstr\u00e1nka futbalov\u00e9ho klubu","publisher":{"@id":"https:\/\/fcspartaktrnava.com\/#organization"},"potentialAction":[{"@type":"SearchAction","target":{"@type":"EntryPoint","urlTemplate":"https:\/\/fcspartaktrnava.com\/?s={search_term_string}"},"query-input":{"@type":"PropertyValueSpecification","valueRequired":true,"valueName":"search_term_string"}}],"inLanguage":"en-GB"},{"@type":"Organization","@id":"https:\/\/fcspartaktrnava.com\/#organization","name":"FC Spartak Trnava","alternateName":"Spartak","url":"https:\/\/fcspartaktrnava.com\/","logo":{"@type":"ImageObject","inLanguage":"en-GB","@id":"https:\/\/fcspartaktrnava.com\/#\/schema\/logo\/image\/","url":"https:\/\/fcspartaktrnava.com\/wp-content\/uploads\/2022\/08\/cropped-site_logo.png","contentUrl":"https:\/\/fcspartaktrnava.com\/wp-content\/uploads\/2022\/08\/cropped-site_logo.png","width":140,"height":140,"caption":"FC Spartak Trnava"},"image":{"@id":"https:\/\/fcspartaktrnava.com\/#\/schema\/logo\/image\/"},"sameAs":["https:\/\/www.facebook.com\/SpartakTrnava","https:\/\/x.com\/SpartakTrnava1","https:\/\/www.instagram.com\/spartak_sk\/"]},{"@type":"Person","@id":"https:\/\/fcspartaktrnava.com\/#\/schema\/person\/24bc5b254af14f71d7d8af178790aa75","name":"spartak","image":{"@type":"ImageObject","inLanguage":"en-GB","@id":"https:\/\/fcspartaktrnava.com\/#\/schema\/person\/image\/","url":"https:\/\/secure.gravatar.com\/avatar\/f8ff8584f3fcf3909a11a6da9019f37749183b4015bca14e64556c52614cdc7f?s=96&d=mm&r=g","contentUrl":"https:\/\/secure.gravatar.com\/avatar\/f8ff8584f3fcf3909a11a6da9019f37749183b4015bca14e64556c52614cdc7f?s=96&d=mm&r=g","caption":"spartak"},"url":"https:\/\/fcspartaktrnava.com\/en\/author\/spartak\/"}]}},"_links":{"self":[{"href":"https:\/\/fcspartaktrnava.com\/en\/wp-json\/wp\/v2\/posts\/37922","targetHints":{"allow":["GET"]}}],"collection":[{"href":"https:\/\/fcspartaktrnava.com\/en\/wp-json\/wp\/v2\/posts"}],"about":[{"href":"https:\/\/fcspartaktrnava.com\/en\/wp-json\/wp\/v2\/types\/post"}],"author":[{"embeddable":true,"href":"https:\/\/fcspartaktrnava.com\/en\/wp-json\/wp\/v2\/users\/2"}],"replies":[{"embeddable":true,"href":"https:\/\/fcspartaktrnava.com\/en\/wp-json\/wp\/v2\/comments?post=37922"}],"version-history":[{"count":0,"href":"https:\/\/fcspartaktrnava.com\/en\/wp-json\/wp\/v2\/posts\/37922\/revisions"}],"wp:featuredmedia":[{"embeddable":true,"href":"https:\/\/fcspartaktrnava.com\/en\/wp-json\/wp\/v2\/media\/37926"}],"wp:attachment":[{"href":"https:\/\/fcspartaktrnava.com\/en\/wp-json\/wp\/v2\/media?parent=37922"}],"wp:term":[{"taxonomy":"category","embeddable":true,"href":"https:\/\/fcspartaktrnava.com\/en\/wp-json\/wp\/v2\/categories?post=37922"},{"taxonomy":"post_tag","embeddable":true,"href":"https:\/\/fcspartaktrnava.com\/en\/wp-json\/wp\/v2\/tags?post=37922"}],"curies":[{"name":"wp","href":"https:\/\/api.w.org\/{rel}","templated":true}]}}