{"id":37919,"date":"2025-12-04T18:19:46","date_gmt":"2025-12-04T16:19:46","guid":{"rendered":"https:\/\/fcspartaktrnava.com\/?p=37919"},"modified":"2025-12-04T18:19:46","modified_gmt":"2025-12-04T16:19:46","slug":"nike-liga-pomaha-aj-pocas-adventu","status":"publish","type":"post","link":"https:\/\/fcspartaktrnava.com\/en\/nike-liga-pomaha-aj-pocas-adventu\/","title":{"rendered":"Nik\u00e9 liga pom\u00e1ha aj po\u010das adventu"},"content":{"rendered":"<p style=\"font-size:25px\"><strong>Na finan\u010dn\u00fa pomoc organiz\u00e1cii \u00dasmev ako dar sa tentoraz premenia v\u0161etky prihr\u00e1vky zo z\u00e1pasov 17. kola Nik\u00e9 ligy.<\/strong><\/p>\n\n\n\n<p class=\"has-medium-font-size\">Rovnako ako vlani, aj tento rok Nik\u00e9 liga vyu\u017eije adventn\u00fd \u010das na pomoc t\u00fdm, ktor\u00ed to potrebuj\u00fa. Projekt Nik\u00e9 liga pom\u00e1ha pokra\u010duje druh\u00fdm tematick\u00fdm kolom v&nbsp;aktu\u00e1lnej sez\u00f3ne Nik\u00e9 ligy, patri\u0165 mu bud\u00fa z\u00e1pasy 17. kola. \u00dania ligov\u00fdch klubov spolo\u010dne s&nbsp;titul\u00e1rnym partnerom ligy, spolo\u010dnos\u0165ou Nik\u00e9, tentoraz pom\u00f4\u017eu Spolo\u010dnosti priate\u013eov det\u00ed z&nbsp;detsk\u00fdch domovov \u00dasmev ako dar. T\u00e1to organiz\u00e1cia pom\u00e1ha rodin\u00e1m v&nbsp;\u0165a\u017ek\u00fdch \u017eivotn\u00fdch situ\u00e1ci\u00e1ch a&nbsp;podporuje deti a&nbsp;mlad\u00fdch v&nbsp;centr\u00e1ch pre deti a&nbsp;rodiny.<\/p>\n\n\n\n<p class=\"has-medium-font-size\"><em>\u201eRovnako ako pred rokom, aj tentoraz budeme pred Vianocami v\u00a0Nik\u00e9 lige pom\u00e1ha\u0165 de\u0165om. Hoci l\u00e1ska a\u00a0teplo domova by mali by\u0165 samozrejmos\u0165ou, nie v\u0161etky deti ich m\u00f4\u017eu za\u017e\u00edva\u0165. Som r\u00e1d, \u017ee spolo\u010dne s\u00a0klubmi, hr\u00e1\u010dmi a\u00a0fan\u00fa\u0161ikmi podpor\u00edme deti a\u00a0rodiny, ktor\u00e9 to v\u00a0\u017eivote nemaj\u00fa \u013eahk\u00e9. Futbal ma prin\u00e1\u0161a\u0165 rados\u0165 a\u00a0ja ver\u00edm, \u017ee v\u00a0r\u00e1mci projektu Nik\u00e9 liga pom\u00e1ha bude op\u00e4\u0165 pr\u00edtomn\u00e1 medzi v\u0161etk\u00fdmi \u00fa\u010dastn\u00edkmi,\u201c<\/em>\u00a0povedal Ivan Koz\u00e1k, prezident \u00danie ligov\u00fdch klubov.\u00a0<\/p>\n\n\n\n<p class=\"has-medium-font-size\">V&nbsp;17. kole Nik\u00e9 ligy bude pozornos\u0165 upret\u00e1 na prihr\u00e1vky. Za ka\u017ed\u00fa z&nbsp;nich toti\u017e venuje Nik\u00e9 prostredn\u00edctvom svojho Fondu pre bud\u00facnos\u0165 \u0161portu tri eur\u00e1 na konto organiz\u00e1cie \u00dasmev ako dar.&nbsp;<\/p>\n\n\n\n<p class=\"has-medium-font-size\"><em>\u201eBl\u00ed\u017eia sa najkraj\u0161ie sviatky v\u00a0roku a\u00a0ja som r\u00e1d, \u017ee v\u00a0spolupr\u00e1ci s\u00a0\u00daniou ligov\u00fdch klubov budeme aj v\u00a0tomto obdob\u00ed pom\u00e1ha\u0165. Chceme roz\u017eiari\u0165 \u00fasmev na tv\u00e1rach de\u0165om v\u00a0detsk\u00fdch domovoch a\u00a0rodin\u00e1m v\u00a0\u0165a\u017ek\u00fdch \u017eivotn\u00fdch situ\u00e1ci\u00e1ch. Za ka\u017ed\u00fa prihr\u00e1vku prispejeme z\u00a0Fondu pre bud\u00facnos\u0165 \u0161portu troma eurami OZ \u00dasmev ako dar. Fand\u00edm v\u0161etk\u00fdm futbalistom a\u00a0ver\u00edm, \u017ee t\u00fdch prihr\u00e1vok bude \u010do najviac,\u201c<\/em><strong>\u00a0<\/strong>uviedol Roman Berger, gener\u00e1lny riadite\u013e Nik\u00e9.\u00a0<\/p>\n\n\n\n<p class=\"has-medium-font-size\">Pripoji\u0165 sa k pomoci bud\u00fa m\u00f4c\u0165 aj fan\u00fa\u0161ikovia priamo na \u0161tadi\u00f3noch. Pred ka\u017ed\u00fdm duelom 17. kola sa toti\u017e v\u00a0are\u00e1loch jednotliv\u00fdch \u0161tadi\u00f3nov bude nach\u00e1dza\u0165 st\u00e1nok s\u00a0tepl\u00fdm \u010dajom. Fan\u00fa\u0161ikovia si bud\u00fa m\u00f4c\u0165 zak\u00fapi\u0165 \u010daj za dobrovo\u013en\u00fd pr\u00edspevok, pri\u010dom vyzbieran\u00e9 peniaze p\u00f4jdu takisto na podporu \u010dinnosti organiz\u00e1cie \u00dasmev ako dar.\u00a0<\/p>\n\n\n\n<p class=\"has-medium-font-size\">V r\u00e1mci tohto projektu na\u0161i hr\u00e1\u010di Lazar Stojsavljevi\u0107, \u017diga Frelih a Patrick Karhan nav\u0161t\u00edvili Centrum pre deti a rodiny v Seredi, kde deti\u010dk\u00e1m doniesli dar\u010deky, rozdali podpisy a zahrali sa s nimi r\u00f4zne hry.<\/p>\n\n\n<div class=\"wp-block-image\">\n<figure class=\"aligncenter size-large is-resized\"><img loading=\"lazy\" decoding=\"async\" width=\"1024\" height=\"683\" src=\"https:\/\/fcspartaktrnava.com\/wp-content\/uploads\/2025\/12\/LUC_3349-1024x683.jpg\" alt=\"\" class=\"wp-image-37921\" style=\"width:638px;height:auto\" srcset=\"https:\/\/fcspartaktrnava.com\/wp-content\/uploads\/2025\/12\/LUC_3349-1024x683.jpg 1024w, https:\/\/fcspartaktrnava.com\/wp-content\/uploads\/2025\/12\/LUC_3349-300x200.jpg 300w, https:\/\/fcspartaktrnava.com\/wp-content\/uploads\/2025\/12\/LUC_3349-768x512.jpg 768w, https:\/\/fcspartaktrnava.com\/wp-content\/uploads\/2025\/12\/LUC_3349-1536x1024.jpg 1536w, https:\/\/fcspartaktrnava.com\/wp-content\/uploads\/2025\/12\/LUC_3349-2048x1365.jpg 2048w, https:\/\/fcspartaktrnava.com\/wp-content\/uploads\/2025\/12\/LUC_3349-18x12.jpg 18w\" sizes=\"auto, (max-width: 1024px) 100vw, 1024px\" \/><\/figure>\n<\/div>","protected":false},"excerpt":{"rendered":"<p>Na finan\u010dn\u00fa pomoc organiz\u00e1cii \u00dasmev ako dar sa&#8230;<\/p>","protected":false},"author":5,"featured_media":37920,"comment_status":"closed","ping_status":"closed","sticky":false,"template":"","format":"standard","meta":{"footnotes":""},"categories":[12],"tags":[],"class_list":["post-37919","post","type-post","status-publish","format-standard","has-post-thumbnail","hentry","category-spravy","post-number-1"],"yoast_head":"<!-- This site is optimized with the Yoast SEO plugin v27.1.1 - https:\/\/yoast.com\/product\/yoast-seo-wordpress\/ -->\n<title>Nik\u00e9 liga pom\u00e1ha aj po\u010das adventu - FC Spartak Trnava<\/title>\n<meta name=\"robots\" content=\"index, follow, max-snippet:-1, max-image-preview:large, max-video-preview:-1\" \/>\n<link rel=\"canonical\" href=\"https:\/\/fcspartaktrnava.com\/en\/nike-liga-pomaha-aj-pocas-adventu\/\" \/>\n<meta name=\"twitter:label1\" content=\"Written by\" \/>\n\t<meta name=\"twitter:data1\" content=\"Samuel \u010eurinsk\u00fd\" \/>\n\t<meta name=\"twitter:label2\" content=\"Estimated reading time\" \/>\n\t<meta name=\"twitter:data2\" content=\"3 minutes\" \/>\n<script type=\"application\/ld+json\" class=\"yoast-schema-graph\">{\"@context\":\"https:\/\/schema.org\",\"@graph\":[{\"@type\":\"Article\",\"@id\":\"https:\/\/fcspartaktrnava.com\/nike-liga-pomaha-aj-pocas-adventu\/#article\",\"isPartOf\":{\"@id\":\"https:\/\/fcspartaktrnava.com\/nike-liga-pomaha-aj-pocas-adventu\/\"},\"author\":{\"name\":\"Samuel \u010eurinsk\u00fd\",\"@id\":\"https:\/\/fcspartaktrnava.com\/#\/schema\/person\/62c3c2562c3c56e4c0c8c2342c596ac0\"},\"headline\":\"Nik\u00e9 liga pom\u00e1ha aj po\u010das adventu\",\"datePublished\":\"2025-12-04T16:19:46+00:00\",\"mainEntityOfPage\":{\"@id\":\"https:\/\/fcspartaktrnava.com\/nike-liga-pomaha-aj-pocas-adventu\/\"},\"wordCount\":483,\"publisher\":{\"@id\":\"https:\/\/fcspartaktrnava.com\/#organization\"},\"image\":{\"@id\":\"https:\/\/fcspartaktrnava.com\/nike-liga-pomaha-aj-pocas-adventu\/#primaryimage\"},\"thumbnailUrl\":\"https:\/\/fcspartaktrnava.com\/wp-content\/uploads\/2025\/12\/LUC_3278-scaled.jpg\",\"articleSection\":[\"Spr\u00e1vy\"],\"inLanguage\":\"en-GB\"},{\"@type\":\"WebPage\",\"@id\":\"https:\/\/fcspartaktrnava.com\/nike-liga-pomaha-aj-pocas-adventu\/\",\"url\":\"https:\/\/fcspartaktrnava.com\/nike-liga-pomaha-aj-pocas-adventu\/\",\"name\":\"Nik\u00e9 liga pom\u00e1ha aj po\u010das adventu - FC Spartak Trnava\",\"isPartOf\":{\"@id\":\"https:\/\/fcspartaktrnava.com\/#website\"},\"primaryImageOfPage\":{\"@id\":\"https:\/\/fcspartaktrnava.com\/nike-liga-pomaha-aj-pocas-adventu\/#primaryimage\"},\"image\":{\"@id\":\"https:\/\/fcspartaktrnava.com\/nike-liga-pomaha-aj-pocas-adventu\/#primaryimage\"},\"thumbnailUrl\":\"https:\/\/fcspartaktrnava.com\/wp-content\/uploads\/2025\/12\/LUC_3278-scaled.jpg\",\"datePublished\":\"2025-12-04T16:19:46+00:00\",\"breadcrumb\":{\"@id\":\"https:\/\/fcspartaktrnava.com\/nike-liga-pomaha-aj-pocas-adventu\/#breadcrumb\"},\"inLanguage\":\"en-GB\",\"potentialAction\":[{\"@type\":\"ReadAction\",\"target\":[\"https:\/\/fcspartaktrnava.com\/nike-liga-pomaha-aj-pocas-adventu\/\"]}]},{\"@type\":\"ImageObject\",\"inLanguage\":\"en-GB\",\"@id\":\"https:\/\/fcspartaktrnava.com\/nike-liga-pomaha-aj-pocas-adventu\/#primaryimage\",\"url\":\"https:\/\/fcspartaktrnava.com\/wp-content\/uploads\/2025\/12\/LUC_3278-scaled.jpg\",\"contentUrl\":\"https:\/\/fcspartaktrnava.com\/wp-content\/uploads\/2025\/12\/LUC_3278-scaled.jpg\",\"width\":2560,\"height\":1830},{\"@type\":\"BreadcrumbList\",\"@id\":\"https:\/\/fcspartaktrnava.com\/nike-liga-pomaha-aj-pocas-adventu\/#breadcrumb\",\"itemListElement\":[{\"@type\":\"ListItem\",\"position\":1,\"name\":\"Home\",\"item\":\"https:\/\/fcspartaktrnava.com\/\"},{\"@type\":\"ListItem\",\"position\":2,\"name\":\"Nik\u00e9 liga pom\u00e1ha aj po\u010das adventu\"}]},{\"@type\":\"WebSite\",\"@id\":\"https:\/\/fcspartaktrnava.com\/#website\",\"url\":\"https:\/\/fcspartaktrnava.com\/\",\"name\":\"FC Spartak Trnava\",\"description\":\"ofici\u00e1lna webstr\u00e1nka futbalov\u00e9ho klubu\",\"publisher\":{\"@id\":\"https:\/\/fcspartaktrnava.com\/#organization\"},\"potentialAction\":[{\"@type\":\"SearchAction\",\"target\":{\"@type\":\"EntryPoint\",\"urlTemplate\":\"https:\/\/fcspartaktrnava.com\/?s={search_term_string}\"},\"query-input\":{\"@type\":\"PropertyValueSpecification\",\"valueRequired\":true,\"valueName\":\"search_term_string\"}}],\"inLanguage\":\"en-GB\"},{\"@type\":\"Organization\",\"@id\":\"https:\/\/fcspartaktrnava.com\/#organization\",\"name\":\"FC Spartak Trnava\",\"alternateName\":\"Spartak\",\"url\":\"https:\/\/fcspartaktrnava.com\/\",\"logo\":{\"@type\":\"ImageObject\",\"inLanguage\":\"en-GB\",\"@id\":\"https:\/\/fcspartaktrnava.com\/#\/schema\/logo\/image\/\",\"url\":\"https:\/\/fcspartaktrnava.com\/wp-content\/uploads\/2022\/08\/cropped-site_logo.png\",\"contentUrl\":\"https:\/\/fcspartaktrnava.com\/wp-content\/uploads\/2022\/08\/cropped-site_logo.png\",\"width\":140,\"height\":140,\"caption\":\"FC Spartak Trnava\"},\"image\":{\"@id\":\"https:\/\/fcspartaktrnava.com\/#\/schema\/logo\/image\/\"},\"sameAs\":[\"https:\/\/www.facebook.com\/SpartakTrnava\",\"https:\/\/x.com\/SpartakTrnava1\",\"https:\/\/www.instagram.com\/spartak_sk\/\"]},{\"@type\":\"Person\",\"@id\":\"https:\/\/fcspartaktrnava.com\/#\/schema\/person\/62c3c2562c3c56e4c0c8c2342c596ac0\",\"name\":\"Samuel \u010eurinsk\u00fd\",\"image\":{\"@type\":\"ImageObject\",\"inLanguage\":\"en-GB\",\"@id\":\"https:\/\/fcspartaktrnava.com\/#\/schema\/person\/image\/\",\"url\":\"https:\/\/secure.gravatar.com\/avatar\/af2fa02af92418b86ed742470664fe40056833fb68d84becf03f6ab02319257c?s=96&d=mm&r=g\",\"contentUrl\":\"https:\/\/secure.gravatar.com\/avatar\/af2fa02af92418b86ed742470664fe40056833fb68d84becf03f6ab02319257c?s=96&d=mm&r=g\",\"caption\":\"Samuel \u010eurinsk\u00fd\"},\"url\":\"https:\/\/fcspartaktrnava.com\/en\/author\/fcst-samuel\/\"}]}<\/script>\n<!-- \/ Yoast SEO plugin. -->","yoast_head_json":{"title":"Nik\u00e9 liga pom\u00e1ha aj po\u010das adventu - FC Spartak Trnava","robots":{"index":"index","follow":"follow","max-snippet":"max-snippet:-1","max-image-preview":"max-image-preview:large","max-video-preview":"max-video-preview:-1"},"canonical":"https:\/\/fcspartaktrnava.com\/en\/nike-liga-pomaha-aj-pocas-adventu\/","twitter_misc":{"Written by":"Samuel \u010eurinsk\u00fd","Estimated reading time":"3 minutes"},"schema":{"@context":"https:\/\/schema.org","@graph":[{"@type":"Article","@id":"https:\/\/fcspartaktrnava.com\/nike-liga-pomaha-aj-pocas-adventu\/#article","isPartOf":{"@id":"https:\/\/fcspartaktrnava.com\/nike-liga-pomaha-aj-pocas-adventu\/"},"author":{"name":"Samuel \u010eurinsk\u00fd","@id":"https:\/\/fcspartaktrnava.com\/#\/schema\/person\/62c3c2562c3c56e4c0c8c2342c596ac0"},"headline":"Nik\u00e9 liga pom\u00e1ha aj po\u010das adventu","datePublished":"2025-12-04T16:19:46+00:00","mainEntityOfPage":{"@id":"https:\/\/fcspartaktrnava.com\/nike-liga-pomaha-aj-pocas-adventu\/"},"wordCount":483,"publisher":{"@id":"https:\/\/fcspartaktrnava.com\/#organization"},"image":{"@id":"https:\/\/fcspartaktrnava.com\/nike-liga-pomaha-aj-pocas-adventu\/#primaryimage"},"thumbnailUrl":"https:\/\/fcspartaktrnava.com\/wp-content\/uploads\/2025\/12\/LUC_3278-scaled.jpg","articleSection":["Spr\u00e1vy"],"inLanguage":"en-GB"},{"@type":"WebPage","@id":"https:\/\/fcspartaktrnava.com\/nike-liga-pomaha-aj-pocas-adventu\/","url":"https:\/\/fcspartaktrnava.com\/nike-liga-pomaha-aj-pocas-adventu\/","name":"Nik\u00e9 liga pom\u00e1ha aj po\u010das adventu - FC Spartak Trnava","isPartOf":{"@id":"https:\/\/fcspartaktrnava.com\/#website"},"primaryImageOfPage":{"@id":"https:\/\/fcspartaktrnava.com\/nike-liga-pomaha-aj-pocas-adventu\/#primaryimage"},"image":{"@id":"https:\/\/fcspartaktrnava.com\/nike-liga-pomaha-aj-pocas-adventu\/#primaryimage"},"thumbnailUrl":"https:\/\/fcspartaktrnava.com\/wp-content\/uploads\/2025\/12\/LUC_3278-scaled.jpg","datePublished":"2025-12-04T16:19:46+00:00","breadcrumb":{"@id":"https:\/\/fcspartaktrnava.com\/nike-liga-pomaha-aj-pocas-adventu\/#breadcrumb"},"inLanguage":"en-GB","potentialAction":[{"@type":"ReadAction","target":["https:\/\/fcspartaktrnava.com\/nike-liga-pomaha-aj-pocas-adventu\/"]}]},{"@type":"ImageObject","inLanguage":"en-GB","@id":"https:\/\/fcspartaktrnava.com\/nike-liga-pomaha-aj-pocas-adventu\/#primaryimage","url":"https:\/\/fcspartaktrnava.com\/wp-content\/uploads\/2025\/12\/LUC_3278-scaled.jpg","contentUrl":"https:\/\/fcspartaktrnava.com\/wp-content\/uploads\/2025\/12\/LUC_3278-scaled.jpg","width":2560,"height":1830},{"@type":"BreadcrumbList","@id":"https:\/\/fcspartaktrnava.com\/nike-liga-pomaha-aj-pocas-adventu\/#breadcrumb","itemListElement":[{"@type":"ListItem","position":1,"name":"Home","item":"https:\/\/fcspartaktrnava.com\/"},{"@type":"ListItem","position":2,"name":"Nik\u00e9 liga pom\u00e1ha aj po\u010das adventu"}]},{"@type":"WebSite","@id":"https:\/\/fcspartaktrnava.com\/#website","url":"https:\/\/fcspartaktrnava.com\/","name":"FC Spartak Trnava","description":"ofici\u00e1lna webstr\u00e1nka futbalov\u00e9ho klubu","publisher":{"@id":"https:\/\/fcspartaktrnava.com\/#organization"},"potentialAction":[{"@type":"SearchAction","target":{"@type":"EntryPoint","urlTemplate":"https:\/\/fcspartaktrnava.com\/?s={search_term_string}"},"query-input":{"@type":"PropertyValueSpecification","valueRequired":true,"valueName":"search_term_string"}}],"inLanguage":"en-GB"},{"@type":"Organization","@id":"https:\/\/fcspartaktrnava.com\/#organization","name":"FC Spartak Trnava","alternateName":"Spartak","url":"https:\/\/fcspartaktrnava.com\/","logo":{"@type":"ImageObject","inLanguage":"en-GB","@id":"https:\/\/fcspartaktrnava.com\/#\/schema\/logo\/image\/","url":"https:\/\/fcspartaktrnava.com\/wp-content\/uploads\/2022\/08\/cropped-site_logo.png","contentUrl":"https:\/\/fcspartaktrnava.com\/wp-content\/uploads\/2022\/08\/cropped-site_logo.png","width":140,"height":140,"caption":"FC Spartak Trnava"},"image":{"@id":"https:\/\/fcspartaktrnava.com\/#\/schema\/logo\/image\/"},"sameAs":["https:\/\/www.facebook.com\/SpartakTrnava","https:\/\/x.com\/SpartakTrnava1","https:\/\/www.instagram.com\/spartak_sk\/"]},{"@type":"Person","@id":"https:\/\/fcspartaktrnava.com\/#\/schema\/person\/62c3c2562c3c56e4c0c8c2342c596ac0","name":"Samuel \u010eurinsk\u00fd","image":{"@type":"ImageObject","inLanguage":"en-GB","@id":"https:\/\/fcspartaktrnava.com\/#\/schema\/person\/image\/","url":"https:\/\/secure.gravatar.com\/avatar\/af2fa02af92418b86ed742470664fe40056833fb68d84becf03f6ab02319257c?s=96&d=mm&r=g","contentUrl":"https:\/\/secure.gravatar.com\/avatar\/af2fa02af92418b86ed742470664fe40056833fb68d84becf03f6ab02319257c?s=96&d=mm&r=g","caption":"Samuel \u010eurinsk\u00fd"},"url":"https:\/\/fcspartaktrnava.com\/en\/author\/fcst-samuel\/"}]}},"_links":{"self":[{"href":"https:\/\/fcspartaktrnava.com\/en\/wp-json\/wp\/v2\/posts\/37919","targetHints":{"allow":["GET"]}}],"collection":[{"href":"https:\/\/fcspartaktrnava.com\/en\/wp-json\/wp\/v2\/posts"}],"about":[{"href":"https:\/\/fcspartaktrnava.com\/en\/wp-json\/wp\/v2\/types\/post"}],"author":[{"embeddable":true,"href":"https:\/\/fcspartaktrnava.com\/en\/wp-json\/wp\/v2\/users\/5"}],"replies":[{"embeddable":true,"href":"https:\/\/fcspartaktrnava.com\/en\/wp-json\/wp\/v2\/comments?post=37919"}],"version-history":[{"count":0,"href":"https:\/\/fcspartaktrnava.com\/en\/wp-json\/wp\/v2\/posts\/37919\/revisions"}],"wp:featuredmedia":[{"embeddable":true,"href":"https:\/\/fcspartaktrnava.com\/en\/wp-json\/wp\/v2\/media\/37920"}],"wp:attachment":[{"href":"https:\/\/fcspartaktrnava.com\/en\/wp-json\/wp\/v2\/media?parent=37919"}],"wp:term":[{"taxonomy":"category","embeddable":true,"href":"https:\/\/fcspartaktrnava.com\/en\/wp-json\/wp\/v2\/categories?post=37919"},{"taxonomy":"post_tag","embeddable":true,"href":"https:\/\/fcspartaktrnava.com\/en\/wp-json\/wp\/v2\/tags?post=37919"}],"curies":[{"name":"wp","href":"https:\/\/api.w.org\/{rel}","templated":true}]}}