{"id":3759,"date":"2022-11-14T10:05:06","date_gmt":"2022-11-14T10:05:06","guid":{"rendered":"https:\/\/fcspartaktrnava.com\/?p=3759"},"modified":"2022-11-14T10:05:07","modified_gmt":"2022-11-14T10:05:07","slug":"daniel-s-osenim-podrzali-takaca-muzstvo-hralo-do-poslednej-sekundy","status":"publish","type":"post","link":"https:\/\/fcspartaktrnava.com\/en\/daniel-s-osenim-podrzali-takaca-muzstvo-hralo-do-poslednej-sekundy\/","title":{"rendered":"Daniel s Osenim podr\u017eali Tak\u00e1\u010da, mu\u017estvo hralo do poslednej sekundy"},"content":{"rendered":"<p>Kto si myslel, \u017ee po poh\u00e1rovej dr\u00e1me s Michalovcami bude ligov\u00fd z\u00e1pas pokojnou prech\u00e1dzkou, bol v\u010dera vyveden\u00fd z omylu. Ak sa v utorok pohr\u00e1vali spartakovci s nervami svojich fan\u00fa\u0161ikov, tak v piatok im proti Skalici pridali dup\u013eu. Oba z\u00e1pasy v\u0161ak boli so \u0161\u0165astn\u00fdm koncom.<\/p>\n\n\n\n<p>V\u010dera sa z penaltov\u00e9ho hrdinu stal smoliar a kv\u00f4li chybe Tak\u00e1\u010da, ktor\u00e9mu prepadla \u013eahk\u00e1 lopta a\u017e za chrb\u00e1t, Trnava v pol\u010dase prehr\u00e1vala. Nielen kv\u00f4li tomuto okamihu, ale aj preto, \u017ee br\u00e1nku hos\u0165uj\u00faceho Junasa nedok\u00e1zal nikto ohrozi\u0165.<\/p>\n\n\n\n<p>V tejto s\u00favislosti treba uvies\u0165, \u017ee Michal Ga\u0161par\u00edk musel pred z\u00e1pasom rie\u0161i\u0165 absenciu takmer kompletn\u00e9ho stredu ihriska a e\u0161te po\u010das z\u00e1pasu sa zranili Ristovski aj s Mikovi\u010dom.\u00a0<strong><em>\u201eNedok\u00e1zali sme vysklada\u0165 zostavu tak, aby sme mali stred, lebo traja kvalitn\u00ed z\u00e1lo\u017en\u00edci (\u0160tef\u00e1nik, Paur, Bukata) sa zranili a Savvidis sa vykartoval. Mo\u017eno n\u00e1m pom\u00f4\u017ee, \u017ee dohr\u00e1vku hr\u00e1me a\u017e 24. novembra a d\u00e1me sa dokopy, lebo u\u017e je toho ve\u013ea. Najm\u00e4, ak s\u00fa to hr\u00e1\u010di na rovnak\u00fa poz\u00edciu. Dnes to bolo vidno, tam bolo to\u013eko taktick\u00fdch nedostatkov, zl\u00fdch postaven\u00ed, lebo chalani nie s\u00fa nau\u010den\u00ed na tie poz\u00edcie. Napokon sme posunuli Oseniho o poz\u00edciu vy\u0161\u0161ie a dal pekn\u00fd g\u00f3l, Azevedo, na to, \u017ee to nikdy nehr\u00e1va, tak dobre zapadol. Smerom do defenz\u00edvy tam boli obrovsk\u00e9 okn\u00e1, ktor\u00e9 Skalica vyu\u017e\u00edvala a mala aj \u0161ance,\u201c<\/em><\/strong><em>\u00a0objasnil tr\u00e9ner Spartaka, ktor\u00fd bol nakoniec spokojnej\u0161\u00ed, lebo \u0161\u0165astie sa priklonilo na stranu toho, kto sa o\u0148 usiloval.<\/em><\/p>\n\n\n\n<figure class=\"wp-block-embed is-type-video is-provider-youtube wp-block-embed-youtube wp-embed-aspect-16-9 wp-has-aspect-ratio\"><div class=\"wp-block-embed__wrapper\">\n<iframe loading=\"lazy\" title=\"Erik Daniel po z\u00e1pase so Skalicou\" width=\"500\" height=\"281\" src=\"https:\/\/www.youtube.com\/embed\/If30xfBuLBo?start=3&#038;feature=oembed\" frameborder=\"0\" allow=\"accelerometer; autoplay; clipboard-write; encrypted-media; gyroscope; picture-in-picture; web-share\" referrerpolicy=\"strict-origin-when-cross-origin\" allowfullscreen><\/iframe>\n<\/div><\/figure>\n\n\n\n<p>Sl\u00fa\u017ei ku cti Skali\u010danom, \u017ee v Trnave podali bojovn\u00fd v\u00fdkon a odv\u00e1\u017eny smerom dopredu. Jedn\u00fdm dychom v\u0161ak treba poveda\u0165, \u017ee ho \u010dasto negovali pr\u00edli\u0161n\u00fdm zdr\u017eovan\u00edm, ktor\u00fdm najm\u00e4 brank\u00e1r Junas brnkal na nervy nielen fan\u00fa\u0161ikom, ale aj rozhodcovi Doh\u00e1lovi, ktor\u00fd mu nevedno pre\u010do neuk\u00e1zal kartu. Presne toto sa im napokon vypomstilo, lebo k\u00fdm k\u00faskovali hru, tak spartakovci chceli z\u00e1pas zlomi\u0165 do posledn\u00e9ho okamihu. To sa aj podarilo po najkraj\u0161ej akcii z\u00e1pasu, ke\u010f si Daniel narazil loptu s Osenim a milimetrovou strelou trafil presne k vzdialenej\u0161ej ty\u010dke. Mimochodom, to be\u017eal \u010das 94:28, cel\u00e1 akcia sa za\u010dala hlboko v poslednej z avizovan\u00fdch \u0161tyroch min\u00fat. Z nich sa napokon skuto\u010dne hralo len 1:58 a rozhodca viackr\u00e1t pri preru\u0161eniach ukazoval gestom na hodinky, \u017ee zdr\u017eovanie vn\u00edma.<\/p>\n\n\n\n<figure class=\"wp-block-embed is-type-video is-provider-youtube wp-block-embed-youtube wp-embed-aspect-16-9 wp-has-aspect-ratio\"><div class=\"wp-block-embed__wrapper\">\n<iframe loading=\"lazy\" title=\"HIGHLIGHTS | FC Spartak Trnava vs. MFK Skalica 2:1 (0:1)\" width=\"500\" height=\"281\" src=\"https:\/\/www.youtube.com\/embed\/Q8QjfLoaPkk?start=301&#038;feature=oembed\" frameborder=\"0\" allow=\"accelerometer; autoplay; clipboard-write; encrypted-media; gyroscope; picture-in-picture; web-share\" referrerpolicy=\"strict-origin-when-cross-origin\" allowfullscreen><\/iframe>\n<\/div><\/figure>\n\n\n\n<p><strong><em>\u201eMy sme prv\u00fd pol\u010das hrali zle, pomaly, Skalica mala v\u0161etky odrazen\u00e9 lopty, lebo sme nevyhrali \u017eiadny s\u00faboj. Dali n\u00e1hodn\u00fd g\u00f3l, ale my sme bojovali a\u017e do konca a zvr\u00e1tili sme to. Nebola to len moja z\u00e1sluha, bol tam Zizu, ktor\u00fd mi dal \u00fa\u017easn\u00fa nahr\u00e1vku, ale cel\u00e9 mu\u017estvo sme bojovali do konca. Druh\u00fd pol\u010das sme hrali dobre, mali sme nieko\u013eko pr\u00edle\u017eitost\u00ed na g\u00f3l, a to, \u017ee pri\u0161iel nakoniec, je o to kraj\u0161ie. Chut\u00ed o to lep\u0161ie, ke\u010f s\u00faper d\u00fafa, \u017ee to udr\u017e\u00ed a my to oto\u010d\u00edme,\u201c<\/em><\/strong><em>\u00a0<\/em>zhodnotil z\u00e1pas \u0161\u0165astn\u00fd strelec v\u00ed\u0165azn\u00e9ho g\u00f3lu. Erik Daniel sk\u00f3roval aj cez t\u00fd\u017ede\u0148 v poh\u00e1ri a ver\u00ed, \u017ee v streleckej forme bude pokra\u010dova\u0165. Pritom v druhom pol\u010dase si vymenil poz\u00edciu a \u00fato\u010dil z \u013eav\u00e9ho kr\u00eddla, odkia\u013e dal aj g\u00f3l. <\/p>\n\n\n\n<p>Niekedy je tak\u00e9 v\u00ed\u0165azstvo, v ktorom sa herne nedar\u00ed, potrebn\u00e9 pre psychiku mu\u017estva a dok\u00e1\u017ee ho na\u0161tartova\u0165. K\u00fdm minul\u00fd t\u00fd\u017ede\u0148 boli spartakovci v Dunajskej Strede v role mu\u017estva, ktor\u00e9 neudr\u017ealo v z\u00e1vere v\u00fdsledok, teraz pre\u017e\u00edvali pocity v\u00ed\u0165azov.<\/p>\n\n\n\n<div class=\"wp-block-buttons is-layout-flex wp-block-buttons-is-layout-flex\">\n<div class=\"wp-block-button aligncenter is-style-fill\"><a class=\"wp-block-button__link has-white-color has-text-color has-background wp-element-button\" href=\"https:\/\/fcspartaktrnava.com\/en\/galerii\/trening-16-1-2023\/\" style=\"border-radius:0px;background-color:#d40133\" target=\"_blank\" rel=\"noreferrer noopener\">PHOTO GALLERY<\/a><\/div>\n<\/div>","protected":false},"excerpt":{"rendered":"<p>Kto si myslel, \u017ee po poh\u00e1rovej dr\u00e1me s&#8230;<\/p>","protected":false},"author":2,"featured_media":3418,"comment_status":"closed","ping_status":"closed","sticky":false,"template":"","format":"standard","meta":{"footnotes":""},"categories":[41,50],"tags":[11],"class_list":["post-3759","post","type-post","status-publish","format-standard","has-post-thumbnail","hentry","category-intervju","category-rozhovory","tag-michal-gasparik","post-number-1"],"yoast_head":"<!-- This site is optimized with the Yoast SEO plugin v27.1.1 - https:\/\/yoast.com\/product\/yoast-seo-wordpress\/ -->\n<title>Daniel s Osenim podr\u017eali Tak\u00e1\u010da, mu\u017estvo hralo do poslednej sekundy - FC Spartak Trnava<\/title>\n<meta name=\"robots\" content=\"index, follow, max-snippet:-1, max-image-preview:large, max-video-preview:-1\" \/>\n<link rel=\"canonical\" href=\"https:\/\/fcspartaktrnava.com\/en\/daniel-s-osenim-podrzali-takaca-muzstvo-hralo-do-poslednej-sekundy\/\" \/>\n<meta name=\"twitter:label1\" content=\"Written by\" \/>\n\t<meta name=\"twitter:data1\" content=\"spartak\" \/>\n\t<meta name=\"twitter:label2\" content=\"Estimated reading time\" \/>\n\t<meta name=\"twitter:data2\" content=\"3 minutes\" \/>\n<script type=\"application\/ld+json\" class=\"yoast-schema-graph\">{\"@context\":\"https:\/\/schema.org\",\"@graph\":[{\"@type\":\"Article\",\"@id\":\"https:\/\/fcspartaktrnava.com\/daniel-s-osenim-podrzali-takaca-muzstvo-hralo-do-poslednej-sekundy\/#article\",\"isPartOf\":{\"@id\":\"https:\/\/fcspartaktrnava.com\/daniel-s-osenim-podrzali-takaca-muzstvo-hralo-do-poslednej-sekundy\/\"},\"author\":{\"name\":\"spartak\",\"@id\":\"https:\/\/fcspartaktrnava.com\/#\/schema\/person\/24bc5b254af14f71d7d8af178790aa75\"},\"headline\":\"Daniel s Osenim podr\u017eali Tak\u00e1\u010da, mu\u017estvo hralo do poslednej sekundy\",\"datePublished\":\"2022-11-14T10:05:06+00:00\",\"dateModified\":\"2022-11-14T10:05:07+00:00\",\"mainEntityOfPage\":{\"@id\":\"https:\/\/fcspartaktrnava.com\/daniel-s-osenim-podrzali-takaca-muzstvo-hralo-do-poslednej-sekundy\/\"},\"wordCount\":680,\"publisher\":{\"@id\":\"https:\/\/fcspartaktrnava.com\/#organization\"},\"image\":{\"@id\":\"https:\/\/fcspartaktrnava.com\/daniel-s-osenim-podrzali-takaca-muzstvo-hralo-do-poslednej-sekundy\/#primaryimage\"},\"thumbnailUrl\":\"https:\/\/fcspartaktrnava.com\/wp-content\/uploads\/2022\/11\/DSC_5551.jpg\",\"keywords\":[\"Michal Ga\u0161par\u00edk\"],\"articleSection\":[\"Rozhovory\",\"Rozhovory\"],\"inLanguage\":\"en-GB\"},{\"@type\":\"WebPage\",\"@id\":\"https:\/\/fcspartaktrnava.com\/daniel-s-osenim-podrzali-takaca-muzstvo-hralo-do-poslednej-sekundy\/\",\"url\":\"https:\/\/fcspartaktrnava.com\/daniel-s-osenim-podrzali-takaca-muzstvo-hralo-do-poslednej-sekundy\/\",\"name\":\"Daniel s Osenim podr\u017eali Tak\u00e1\u010da, mu\u017estvo hralo do poslednej sekundy - FC Spartak Trnava\",\"isPartOf\":{\"@id\":\"https:\/\/fcspartaktrnava.com\/#website\"},\"primaryImageOfPage\":{\"@id\":\"https:\/\/fcspartaktrnava.com\/daniel-s-osenim-podrzali-takaca-muzstvo-hralo-do-poslednej-sekundy\/#primaryimage\"},\"image\":{\"@id\":\"https:\/\/fcspartaktrnava.com\/daniel-s-osenim-podrzali-takaca-muzstvo-hralo-do-poslednej-sekundy\/#primaryimage\"},\"thumbnailUrl\":\"https:\/\/fcspartaktrnava.com\/wp-content\/uploads\/2022\/11\/DSC_5551.jpg\",\"datePublished\":\"2022-11-14T10:05:06+00:00\",\"dateModified\":\"2022-11-14T10:05:07+00:00\",\"breadcrumb\":{\"@id\":\"https:\/\/fcspartaktrnava.com\/daniel-s-osenim-podrzali-takaca-muzstvo-hralo-do-poslednej-sekundy\/#breadcrumb\"},\"inLanguage\":\"en-GB\",\"potentialAction\":[{\"@type\":\"ReadAction\",\"target\":[\"https:\/\/fcspartaktrnava.com\/daniel-s-osenim-podrzali-takaca-muzstvo-hralo-do-poslednej-sekundy\/\"]}]},{\"@type\":\"ImageObject\",\"inLanguage\":\"en-GB\",\"@id\":\"https:\/\/fcspartaktrnava.com\/daniel-s-osenim-podrzali-takaca-muzstvo-hralo-do-poslednej-sekundy\/#primaryimage\",\"url\":\"https:\/\/fcspartaktrnava.com\/wp-content\/uploads\/2022\/11\/DSC_5551.jpg\",\"contentUrl\":\"https:\/\/fcspartaktrnava.com\/wp-content\/uploads\/2022\/11\/DSC_5551.jpg\",\"width\":1598,\"height\":1065},{\"@type\":\"BreadcrumbList\",\"@id\":\"https:\/\/fcspartaktrnava.com\/daniel-s-osenim-podrzali-takaca-muzstvo-hralo-do-poslednej-sekundy\/#breadcrumb\",\"itemListElement\":[{\"@type\":\"ListItem\",\"position\":1,\"name\":\"Home\",\"item\":\"https:\/\/fcspartaktrnava.com\/\"},{\"@type\":\"ListItem\",\"position\":2,\"name\":\"Daniel s Osenim podr\u017eali Tak\u00e1\u010da, mu\u017estvo hralo do poslednej sekundy\"}]},{\"@type\":\"WebSite\",\"@id\":\"https:\/\/fcspartaktrnava.com\/#website\",\"url\":\"https:\/\/fcspartaktrnava.com\/\",\"name\":\"FC Spartak Trnava\",\"description\":\"ofici\u00e1lna webstr\u00e1nka futbalov\u00e9ho klubu\",\"publisher\":{\"@id\":\"https:\/\/fcspartaktrnava.com\/#organization\"},\"potentialAction\":[{\"@type\":\"SearchAction\",\"target\":{\"@type\":\"EntryPoint\",\"urlTemplate\":\"https:\/\/fcspartaktrnava.com\/?s={search_term_string}\"},\"query-input\":{\"@type\":\"PropertyValueSpecification\",\"valueRequired\":true,\"valueName\":\"search_term_string\"}}],\"inLanguage\":\"en-GB\"},{\"@type\":\"Organization\",\"@id\":\"https:\/\/fcspartaktrnava.com\/#organization\",\"name\":\"FC Spartak Trnava\",\"alternateName\":\"Spartak\",\"url\":\"https:\/\/fcspartaktrnava.com\/\",\"logo\":{\"@type\":\"ImageObject\",\"inLanguage\":\"en-GB\",\"@id\":\"https:\/\/fcspartaktrnava.com\/#\/schema\/logo\/image\/\",\"url\":\"https:\/\/fcspartaktrnava.com\/wp-content\/uploads\/2022\/08\/cropped-site_logo.png\",\"contentUrl\":\"https:\/\/fcspartaktrnava.com\/wp-content\/uploads\/2022\/08\/cropped-site_logo.png\",\"width\":140,\"height\":140,\"caption\":\"FC Spartak Trnava\"},\"image\":{\"@id\":\"https:\/\/fcspartaktrnava.com\/#\/schema\/logo\/image\/\"},\"sameAs\":[\"https:\/\/www.facebook.com\/SpartakTrnava\",\"https:\/\/x.com\/SpartakTrnava1\",\"https:\/\/www.instagram.com\/spartak_sk\/\"]},{\"@type\":\"Person\",\"@id\":\"https:\/\/fcspartaktrnava.com\/#\/schema\/person\/24bc5b254af14f71d7d8af178790aa75\",\"name\":\"spartak\",\"image\":{\"@type\":\"ImageObject\",\"inLanguage\":\"en-GB\",\"@id\":\"https:\/\/fcspartaktrnava.com\/#\/schema\/person\/image\/\",\"url\":\"https:\/\/secure.gravatar.com\/avatar\/f8ff8584f3fcf3909a11a6da9019f37749183b4015bca14e64556c52614cdc7f?s=96&d=mm&r=g\",\"contentUrl\":\"https:\/\/secure.gravatar.com\/avatar\/f8ff8584f3fcf3909a11a6da9019f37749183b4015bca14e64556c52614cdc7f?s=96&d=mm&r=g\",\"caption\":\"spartak\"},\"url\":\"https:\/\/fcspartaktrnava.com\/en\/author\/spartak\/\"}]}<\/script>\n<!-- \/ Yoast SEO plugin. -->","yoast_head_json":{"title":"Daniel s Osenim podr\u017eali Tak\u00e1\u010da, mu\u017estvo hralo do poslednej sekundy - FC Spartak Trnava","robots":{"index":"index","follow":"follow","max-snippet":"max-snippet:-1","max-image-preview":"max-image-preview:large","max-video-preview":"max-video-preview:-1"},"canonical":"https:\/\/fcspartaktrnava.com\/en\/daniel-s-osenim-podrzali-takaca-muzstvo-hralo-do-poslednej-sekundy\/","twitter_misc":{"Written by":"spartak","Estimated reading time":"3 minutes"},"schema":{"@context":"https:\/\/schema.org","@graph":[{"@type":"Article","@id":"https:\/\/fcspartaktrnava.com\/daniel-s-osenim-podrzali-takaca-muzstvo-hralo-do-poslednej-sekundy\/#article","isPartOf":{"@id":"https:\/\/fcspartaktrnava.com\/daniel-s-osenim-podrzali-takaca-muzstvo-hralo-do-poslednej-sekundy\/"},"author":{"name":"spartak","@id":"https:\/\/fcspartaktrnava.com\/#\/schema\/person\/24bc5b254af14f71d7d8af178790aa75"},"headline":"Daniel s Osenim podr\u017eali Tak\u00e1\u010da, mu\u017estvo hralo do poslednej sekundy","datePublished":"2022-11-14T10:05:06+00:00","dateModified":"2022-11-14T10:05:07+00:00","mainEntityOfPage":{"@id":"https:\/\/fcspartaktrnava.com\/daniel-s-osenim-podrzali-takaca-muzstvo-hralo-do-poslednej-sekundy\/"},"wordCount":680,"publisher":{"@id":"https:\/\/fcspartaktrnava.com\/#organization"},"image":{"@id":"https:\/\/fcspartaktrnava.com\/daniel-s-osenim-podrzali-takaca-muzstvo-hralo-do-poslednej-sekundy\/#primaryimage"},"thumbnailUrl":"https:\/\/fcspartaktrnava.com\/wp-content\/uploads\/2022\/11\/DSC_5551.jpg","keywords":["Michal Ga\u0161par\u00edk"],"articleSection":["Rozhovory","Rozhovory"],"inLanguage":"en-GB"},{"@type":"WebPage","@id":"https:\/\/fcspartaktrnava.com\/daniel-s-osenim-podrzali-takaca-muzstvo-hralo-do-poslednej-sekundy\/","url":"https:\/\/fcspartaktrnava.com\/daniel-s-osenim-podrzali-takaca-muzstvo-hralo-do-poslednej-sekundy\/","name":"Daniel s Osenim podr\u017eali Tak\u00e1\u010da, mu\u017estvo hralo do poslednej sekundy - FC Spartak Trnava","isPartOf":{"@id":"https:\/\/fcspartaktrnava.com\/#website"},"primaryImageOfPage":{"@id":"https:\/\/fcspartaktrnava.com\/daniel-s-osenim-podrzali-takaca-muzstvo-hralo-do-poslednej-sekundy\/#primaryimage"},"image":{"@id":"https:\/\/fcspartaktrnava.com\/daniel-s-osenim-podrzali-takaca-muzstvo-hralo-do-poslednej-sekundy\/#primaryimage"},"thumbnailUrl":"https:\/\/fcspartaktrnava.com\/wp-content\/uploads\/2022\/11\/DSC_5551.jpg","datePublished":"2022-11-14T10:05:06+00:00","dateModified":"2022-11-14T10:05:07+00:00","breadcrumb":{"@id":"https:\/\/fcspartaktrnava.com\/daniel-s-osenim-podrzali-takaca-muzstvo-hralo-do-poslednej-sekundy\/#breadcrumb"},"inLanguage":"en-GB","potentialAction":[{"@type":"ReadAction","target":["https:\/\/fcspartaktrnava.com\/daniel-s-osenim-podrzali-takaca-muzstvo-hralo-do-poslednej-sekundy\/"]}]},{"@type":"ImageObject","inLanguage":"en-GB","@id":"https:\/\/fcspartaktrnava.com\/daniel-s-osenim-podrzali-takaca-muzstvo-hralo-do-poslednej-sekundy\/#primaryimage","url":"https:\/\/fcspartaktrnava.com\/wp-content\/uploads\/2022\/11\/DSC_5551.jpg","contentUrl":"https:\/\/fcspartaktrnava.com\/wp-content\/uploads\/2022\/11\/DSC_5551.jpg","width":1598,"height":1065},{"@type":"BreadcrumbList","@id":"https:\/\/fcspartaktrnava.com\/daniel-s-osenim-podrzali-takaca-muzstvo-hralo-do-poslednej-sekundy\/#breadcrumb","itemListElement":[{"@type":"ListItem","position":1,"name":"Home","item":"https:\/\/fcspartaktrnava.com\/"},{"@type":"ListItem","position":2,"name":"Daniel s Osenim podr\u017eali Tak\u00e1\u010da, mu\u017estvo hralo do poslednej sekundy"}]},{"@type":"WebSite","@id":"https:\/\/fcspartaktrnava.com\/#website","url":"https:\/\/fcspartaktrnava.com\/","name":"FC Spartak Trnava","description":"ofici\u00e1lna webstr\u00e1nka futbalov\u00e9ho klubu","publisher":{"@id":"https:\/\/fcspartaktrnava.com\/#organization"},"potentialAction":[{"@type":"SearchAction","target":{"@type":"EntryPoint","urlTemplate":"https:\/\/fcspartaktrnava.com\/?s={search_term_string}"},"query-input":{"@type":"PropertyValueSpecification","valueRequired":true,"valueName":"search_term_string"}}],"inLanguage":"en-GB"},{"@type":"Organization","@id":"https:\/\/fcspartaktrnava.com\/#organization","name":"FC Spartak Trnava","alternateName":"Spartak","url":"https:\/\/fcspartaktrnava.com\/","logo":{"@type":"ImageObject","inLanguage":"en-GB","@id":"https:\/\/fcspartaktrnava.com\/#\/schema\/logo\/image\/","url":"https:\/\/fcspartaktrnava.com\/wp-content\/uploads\/2022\/08\/cropped-site_logo.png","contentUrl":"https:\/\/fcspartaktrnava.com\/wp-content\/uploads\/2022\/08\/cropped-site_logo.png","width":140,"height":140,"caption":"FC Spartak Trnava"},"image":{"@id":"https:\/\/fcspartaktrnava.com\/#\/schema\/logo\/image\/"},"sameAs":["https:\/\/www.facebook.com\/SpartakTrnava","https:\/\/x.com\/SpartakTrnava1","https:\/\/www.instagram.com\/spartak_sk\/"]},{"@type":"Person","@id":"https:\/\/fcspartaktrnava.com\/#\/schema\/person\/24bc5b254af14f71d7d8af178790aa75","name":"spartak","image":{"@type":"ImageObject","inLanguage":"en-GB","@id":"https:\/\/fcspartaktrnava.com\/#\/schema\/person\/image\/","url":"https:\/\/secure.gravatar.com\/avatar\/f8ff8584f3fcf3909a11a6da9019f37749183b4015bca14e64556c52614cdc7f?s=96&d=mm&r=g","contentUrl":"https:\/\/secure.gravatar.com\/avatar\/f8ff8584f3fcf3909a11a6da9019f37749183b4015bca14e64556c52614cdc7f?s=96&d=mm&r=g","caption":"spartak"},"url":"https:\/\/fcspartaktrnava.com\/en\/author\/spartak\/"}]}},"_links":{"self":[{"href":"https:\/\/fcspartaktrnava.com\/en\/wp-json\/wp\/v2\/posts\/3759","targetHints":{"allow":["GET"]}}],"collection":[{"href":"https:\/\/fcspartaktrnava.com\/en\/wp-json\/wp\/v2\/posts"}],"about":[{"href":"https:\/\/fcspartaktrnava.com\/en\/wp-json\/wp\/v2\/types\/post"}],"author":[{"embeddable":true,"href":"https:\/\/fcspartaktrnava.com\/en\/wp-json\/wp\/v2\/users\/2"}],"replies":[{"embeddable":true,"href":"https:\/\/fcspartaktrnava.com\/en\/wp-json\/wp\/v2\/comments?post=3759"}],"version-history":[{"count":0,"href":"https:\/\/fcspartaktrnava.com\/en\/wp-json\/wp\/v2\/posts\/3759\/revisions"}],"wp:featuredmedia":[{"embeddable":true,"href":"https:\/\/fcspartaktrnava.com\/en\/wp-json\/wp\/v2\/media\/3418"}],"wp:attachment":[{"href":"https:\/\/fcspartaktrnava.com\/en\/wp-json\/wp\/v2\/media?parent=3759"}],"wp:term":[{"taxonomy":"category","embeddable":true,"href":"https:\/\/fcspartaktrnava.com\/en\/wp-json\/wp\/v2\/categories?post=3759"},{"taxonomy":"post_tag","embeddable":true,"href":"https:\/\/fcspartaktrnava.com\/en\/wp-json\/wp\/v2\/tags?post=3759"}],"curies":[{"name":"wp","href":"https:\/\/api.w.org\/{rel}","templated":true}]}}