{"id":37584,"date":"2025-12-01T12:52:00","date_gmt":"2025-12-01T10:52:00","guid":{"rendered":"https:\/\/fcspartaktrnava.com\/?p=37584"},"modified":"2025-12-01T12:52:01","modified_gmt":"2025-12-01T10:52:01","slug":"mikovic-po-komarne-je-to-pekny-pribeh-metsoko-pomohol-nam-aj-sebe-skrtel-chvalil-obranu","status":"publish","type":"post","link":"https:\/\/fcspartaktrnava.com\/en\/mikovic-po-komarne-je-to-pekny-pribeh-metsoko-pomohol-nam-aj-sebe-skrtel-chvalil-obranu\/","title":{"rendered":"Mikovi\u010d po Kom\u00e1rne: Je to pekn\u00fd pr\u00edbeh, Metsoko pomohol n\u00e1m aj sebe, \u0160krtel chv\u00e1lil obranu\u00a0\u00a0\u00a0\u00a0\u00a0\u00a0\u00a0"},"content":{"rendered":"<p class=\"has-medium-font-size\">Trnavsk\u00fd kapit\u00e1n si proti Kom\u00e1rnu vysk\u00fa\u0161al nov\u00e9 miesto v\u00a0zostave, hral na opa\u010dnej strane ako je zvyknut\u00fd, \u00fatok podporoval z\u00a0pravej strany.<br><br><em>\u201eMali sme vymenen\u00e9 poz\u00edcie, tr\u00e9neri chceli hra\u0165 s\u00a0hr\u00e1\u010dmi, ktor\u00ed si loptu bud\u00fa nav\u00e1dza\u0165 dovn\u00fatra, vcelku mi to sedelo, v\u00a0prvej min\u00fate som mal \u0161ancu. Teraz by som to rie\u0161il inak, \u0161koda toho. Dobre sme reagovali, hoci bol pol\u010das 0:0, lopty sme dost\u00e1vali do \u0161estn\u00e1stky, \u00fato\u010dn\u00edkov na tieto situ\u00e1cie m\u00e1me dobr\u00fdch, potvrdilo sa to. G\u00f3l dal aj Metsoko, pom\u00f4\u017ee to n\u00e1m aj jemu. Je to pekn\u00fd pr\u00edbeh, pri\u0161iel na ihrisko, mal e\u0161te jednu pr\u00edle\u017eitos\u0165, ktor\u00fa minul, ale za t\u00fa pr\u00e1cu \u010do odv\u00e1dzal na tr\u00e9ningoch a\u00a0mimo ihrisko si to zasl\u00fa\u017eil a\u00a0pomohol n\u00e1m,\u201c<\/em> povedal kapit\u00e1n Spartaka po z\u00e1pase<\/p>\n\n\n\n<p class=\"has-medium-font-size\">\u201e<em>Pote\u0161ilo n\u00e1s v\u0161etko, dva strelen\u00e9 g\u00f3ly, hoci ich mohlo by\u0165 viac, udr\u017eali sme nulu vzadu. O\u00a0Kom\u00e1rne sme vedeli \u010do bud\u00fa hra\u0165, nikdy to s\u00a0nimi nie s\u00fa jednoduch\u00e9 z\u00e1pasy, u\u017e sme museli z\u00e1pas proti tomuto s\u00faperovi aj ot\u00e1\u010da\u0165. Sme radi za v\u00fdhru, je to nepr\u00edjemn\u00fd s\u00faper a\u00a0poc\u00edtili to v\u0161etci v\u00a0lige, ani dnes sa tu neodovzdali zadarmo,\u201c<\/em> komentoval Mikovi\u010d duel.<br><br>Odchovanec Spartaka ocenil aj n\u00e1vrat viacer\u00fdch hr\u00e1\u010dov do zostavy, pod\u013ea vlastn\u00fdch slov maj\u00fa v\u0161etci rovnak\u00fa \u0161tartovaciu poz\u00edciu a\u00a0pod do\u010dasn\u00fdm tr\u00e9nerom m\u00e1 \u0161ancu ka\u017ed\u00fd. <em>\u201eV\u00a0tr\u00e9ningovom procese toho u\u017e ve\u013ea nezmen\u00edme, \u0160kr\u0165o to m\u00e1 zalo\u017een\u00e9 na em\u00f3cii, budeme mu dr\u017ea\u0165 palce,\u201c<\/em> dodal.<\/p>\n\n\n\n<figure class=\"wp-block-embed is-type-video is-provider-youtube wp-block-embed-youtube wp-embed-aspect-16-9 wp-has-aspect-ratio\"><div class=\"wp-block-embed__wrapper\">\n<iframe loading=\"lazy\" title=\"Martin Mikovi\u010d po z\u00e1pase s Kom\u00e1rnom\" width=\"500\" height=\"281\" src=\"https:\/\/www.youtube.com\/embed\/867yw3cCCDg?feature=oembed\" frameborder=\"0\" allow=\"accelerometer; autoplay; clipboard-write; encrypted-media; gyroscope; picture-in-picture; web-share\" referrerpolicy=\"strict-origin-when-cross-origin\" allowfullscreen><\/iframe>\n<\/div><\/figure>\n\n\n\n<p class=\"has-medium-font-size\">Duel hodnotil aj do\u010dasn\u00fd tr\u00e9ner \u0160krtel, pre ktor\u00e9ho to bol druh\u00fd duel v rade s\u00a0pln\u00fdm bodov\u00fdm ziskom. Vyjadril sa aj debutantovi Metsokovi:<br><br><em>\u201eSom za Metsoka r\u00e1d, nebol v\u00a0jednoduchej situ\u00e1cii a\u00a0postavil sa k\u00a0tomu cel\u00e9mu dobre. Nerobil \u017eiadne probl\u00e9my, bolo to vidno aj na reakcii po g\u00f3le, chalani sa s\u00a0n\u00edm \u00faprimne te\u0161ili. Po\u010das t\u00fd\u017ed\u0148a sa prezentoval dobre na tr\u00e9ningu, uk\u00e1zal pre\u010do sme ho do Trnavy brali. Vypadol n\u00e1m Paur a\u00a0s\u00a0tr\u00e9nermi sme sa dohodli, \u017ee ho na z\u00e1pas nominujeme a\u00a0vyvinulo sa to tak, \u017ee sme \u00fato\u010dn\u00edka do hry potrebovali a\u00a0napokon strelil g\u00f3l. Som za\u0148ho r\u00e1d, za tie pevn\u00e9 nervy a\u00a0trpezlivos\u0165 si g\u00f3l zasl\u00fa\u017eil a\u00a0uvid\u00edme ako to bude \u010falej. Ak bude pracova\u0165 ako tento t\u00fd\u017ede\u0148, nevid\u00edm d\u00f4vod pre\u010do by nemal osta\u0165.\u201c<\/em><br><br>Jedna z\u00a0ot\u00e1zok novin\u00e1rov na poz\u00e1pasovej tla\u010dovej konferencii smerovala aj na hodnotenie Patricka Karhana: <em>\u201eSom r\u00e1d, \u017ee mu\u017estvo udr\u017ealo nulu a\u00a0obrana s\u00a0Karhanom, Stojsavljevi\u010dom a\u00a0Twardzikom odohrala dobr\u00fd z\u00e1pas. Pa\u0165o zo za\u010diatku sez\u00f3ny nastupoval, potom zo zostavy vypadol a\u00a0mali sme pocit, \u017ee pri ne\u00fa\u010dasti Nwadikeho n\u00e1m v\u00a0zadnej l\u00ednii ch\u00fdbala r\u00fdchlos\u0165 a\u00a0t\u00fa on m\u00e1. Rozhodli sme sa, \u017ee mu \u0161ancu d\u00e1me a\u00a0zastal sa jej, \u017eia\u013e dlh\u0161\u00ed v\u00fdpadok sa prejavil a\u00a0v\u00a0z\u00e1vere musel strieda\u0165 pre k\u0155\u010de, ale celkovo bol jeho v\u00fdkon dobr\u00fd. M\u00e1 dva \u2013 tri dni na regener\u00e1ciu a\u00a0ver\u00edm, \u017ee v\u00a0stredu na duel v\u00a0Podbrezovej bude pripraven\u00fd.\u201c<\/em><\/p>\n\n\n\n<figure class=\"wp-block-embed is-type-video is-provider-youtube wp-block-embed-youtube wp-embed-aspect-16-9 wp-has-aspect-ratio\"><div class=\"wp-block-embed__wrapper\">\n<iframe loading=\"lazy\" title=\"Tla\u010dov\u00e1 konferencia | M. Radv\u00e1nyi a M. \u0160krtel hodnotia z\u00e1pas 16. kola Nik\u00e9 ligy\" width=\"500\" height=\"281\" src=\"https:\/\/www.youtube.com\/embed\/jg8ccSgOlRI?feature=oembed\" frameborder=\"0\" allow=\"accelerometer; autoplay; clipboard-write; encrypted-media; gyroscope; picture-in-picture; web-share\" referrerpolicy=\"strict-origin-when-cross-origin\" allowfullscreen><\/iframe>\n<\/div><\/figure>","protected":false},"excerpt":{"rendered":"<p>Trnavsk\u00fd kapit\u00e1n si proti Kom\u00e1rnu vysk\u00fa\u0161al nov\u00e9 miesto&#8230;<\/p>","protected":false},"author":2,"featured_media":37466,"comment_status":"closed","ping_status":"closed","sticky":false,"template":"","format":"standard","meta":{"footnotes":""},"categories":[12],"tags":[],"class_list":["post-37584","post","type-post","status-publish","format-standard","has-post-thumbnail","hentry","category-spravy","post-number-1"],"yoast_head":"<!-- This site is optimized with the Yoast SEO plugin v27.1.1 - https:\/\/yoast.com\/product\/yoast-seo-wordpress\/ -->\n<title>Mikovi\u010d po Kom\u00e1rne: Je to pekn\u00fd pr\u00edbeh, Metsoko pomohol n\u00e1m aj sebe, \u0160krtel chv\u00e1lil obranu\u00a0\u00a0\u00a0\u00a0\u00a0\u00a0\u00a0 - FC Spartak Trnava<\/title>\n<meta name=\"robots\" content=\"index, follow, max-snippet:-1, max-image-preview:large, max-video-preview:-1\" \/>\n<link rel=\"canonical\" href=\"https:\/\/fcspartaktrnava.com\/en\/mikovic-po-komarne-je-to-pekny-pribeh-metsoko-pomohol-nam-aj-sebe-skrtel-chvalil-obranu\/\" \/>\n<meta name=\"twitter:label1\" content=\"Written by\" \/>\n\t<meta name=\"twitter:data1\" content=\"spartak\" \/>\n\t<meta name=\"twitter:label2\" content=\"Estimated reading time\" \/>\n\t<meta name=\"twitter:data2\" content=\"3 minutes\" \/>\n<script type=\"application\/ld+json\" class=\"yoast-schema-graph\">{\"@context\":\"https:\/\/schema.org\",\"@graph\":[{\"@type\":\"Article\",\"@id\":\"https:\/\/fcspartaktrnava.com\/mikovic-po-komarne-je-to-pekny-pribeh-metsoko-pomohol-nam-aj-sebe-skrtel-chvalil-obranu\/#article\",\"isPartOf\":{\"@id\":\"https:\/\/fcspartaktrnava.com\/mikovic-po-komarne-je-to-pekny-pribeh-metsoko-pomohol-nam-aj-sebe-skrtel-chvalil-obranu\/\"},\"author\":{\"name\":\"spartak\",\"@id\":\"https:\/\/fcspartaktrnava.com\/#\/schema\/person\/24bc5b254af14f71d7d8af178790aa75\"},\"headline\":\"Mikovi\u010d po Kom\u00e1rne: Je to pekn\u00fd pr\u00edbeh, Metsoko pomohol n\u00e1m aj sebe, \u0160krtel chv\u00e1lil obranu\u00a0\u00a0\u00a0\u00a0\u00a0\u00a0\u00a0\",\"datePublished\":\"2025-12-01T10:52:00+00:00\",\"dateModified\":\"2025-12-01T10:52:01+00:00\",\"mainEntityOfPage\":{\"@id\":\"https:\/\/fcspartaktrnava.com\/mikovic-po-komarne-je-to-pekny-pribeh-metsoko-pomohol-nam-aj-sebe-skrtel-chvalil-obranu\/\"},\"wordCount\":610,\"publisher\":{\"@id\":\"https:\/\/fcspartaktrnava.com\/#organization\"},\"image\":{\"@id\":\"https:\/\/fcspartaktrnava.com\/mikovic-po-komarne-je-to-pekny-pribeh-metsoko-pomohol-nam-aj-sebe-skrtel-chvalil-obranu\/#primaryimage\"},\"thumbnailUrl\":\"https:\/\/fcspartaktrnava.com\/wp-content\/uploads\/2025\/11\/LUC_1625.jpg\",\"articleSection\":[\"Spr\u00e1vy\"],\"inLanguage\":\"en-GB\"},{\"@type\":\"WebPage\",\"@id\":\"https:\/\/fcspartaktrnava.com\/mikovic-po-komarne-je-to-pekny-pribeh-metsoko-pomohol-nam-aj-sebe-skrtel-chvalil-obranu\/\",\"url\":\"https:\/\/fcspartaktrnava.com\/mikovic-po-komarne-je-to-pekny-pribeh-metsoko-pomohol-nam-aj-sebe-skrtel-chvalil-obranu\/\",\"name\":\"Mikovi\u010d po Kom\u00e1rne: Je to pekn\u00fd pr\u00edbeh, Metsoko pomohol n\u00e1m aj sebe, \u0160krtel chv\u00e1lil obranu\u00a0\u00a0\u00a0\u00a0\u00a0\u00a0\u00a0 - FC Spartak Trnava\",\"isPartOf\":{\"@id\":\"https:\/\/fcspartaktrnava.com\/#website\"},\"primaryImageOfPage\":{\"@id\":\"https:\/\/fcspartaktrnava.com\/mikovic-po-komarne-je-to-pekny-pribeh-metsoko-pomohol-nam-aj-sebe-skrtel-chvalil-obranu\/#primaryimage\"},\"image\":{\"@id\":\"https:\/\/fcspartaktrnava.com\/mikovic-po-komarne-je-to-pekny-pribeh-metsoko-pomohol-nam-aj-sebe-skrtel-chvalil-obranu\/#primaryimage\"},\"thumbnailUrl\":\"https:\/\/fcspartaktrnava.com\/wp-content\/uploads\/2025\/11\/LUC_1625.jpg\",\"datePublished\":\"2025-12-01T10:52:00+00:00\",\"dateModified\":\"2025-12-01T10:52:01+00:00\",\"breadcrumb\":{\"@id\":\"https:\/\/fcspartaktrnava.com\/mikovic-po-komarne-je-to-pekny-pribeh-metsoko-pomohol-nam-aj-sebe-skrtel-chvalil-obranu\/#breadcrumb\"},\"inLanguage\":\"en-GB\",\"potentialAction\":[{\"@type\":\"ReadAction\",\"target\":[\"https:\/\/fcspartaktrnava.com\/mikovic-po-komarne-je-to-pekny-pribeh-metsoko-pomohol-nam-aj-sebe-skrtel-chvalil-obranu\/\"]}]},{\"@type\":\"ImageObject\",\"inLanguage\":\"en-GB\",\"@id\":\"https:\/\/fcspartaktrnava.com\/mikovic-po-komarne-je-to-pekny-pribeh-metsoko-pomohol-nam-aj-sebe-skrtel-chvalil-obranu\/#primaryimage\",\"url\":\"https:\/\/fcspartaktrnava.com\/wp-content\/uploads\/2025\/11\/LUC_1625.jpg\",\"contentUrl\":\"https:\/\/fcspartaktrnava.com\/wp-content\/uploads\/2025\/11\/LUC_1625.jpg\",\"width\":1520,\"height\":1013},{\"@type\":\"BreadcrumbList\",\"@id\":\"https:\/\/fcspartaktrnava.com\/mikovic-po-komarne-je-to-pekny-pribeh-metsoko-pomohol-nam-aj-sebe-skrtel-chvalil-obranu\/#breadcrumb\",\"itemListElement\":[{\"@type\":\"ListItem\",\"position\":1,\"name\":\"Home\",\"item\":\"https:\/\/fcspartaktrnava.com\/\"},{\"@type\":\"ListItem\",\"position\":2,\"name\":\"Mikovi\u010d po Kom\u00e1rne: Je to pekn\u00fd pr\u00edbeh, Metsoko pomohol n\u00e1m aj sebe, \u0160krtel chv\u00e1lil obranu\u00a0\u00a0\u00a0\u00a0\u00a0\u00a0\u00a0\"}]},{\"@type\":\"WebSite\",\"@id\":\"https:\/\/fcspartaktrnava.com\/#website\",\"url\":\"https:\/\/fcspartaktrnava.com\/\",\"name\":\"FC Spartak Trnava\",\"description\":\"ofici\u00e1lna webstr\u00e1nka futbalov\u00e9ho klubu\",\"publisher\":{\"@id\":\"https:\/\/fcspartaktrnava.com\/#organization\"},\"potentialAction\":[{\"@type\":\"SearchAction\",\"target\":{\"@type\":\"EntryPoint\",\"urlTemplate\":\"https:\/\/fcspartaktrnava.com\/?s={search_term_string}\"},\"query-input\":{\"@type\":\"PropertyValueSpecification\",\"valueRequired\":true,\"valueName\":\"search_term_string\"}}],\"inLanguage\":\"en-GB\"},{\"@type\":\"Organization\",\"@id\":\"https:\/\/fcspartaktrnava.com\/#organization\",\"name\":\"FC Spartak Trnava\",\"alternateName\":\"Spartak\",\"url\":\"https:\/\/fcspartaktrnava.com\/\",\"logo\":{\"@type\":\"ImageObject\",\"inLanguage\":\"en-GB\",\"@id\":\"https:\/\/fcspartaktrnava.com\/#\/schema\/logo\/image\/\",\"url\":\"https:\/\/fcspartaktrnava.com\/wp-content\/uploads\/2022\/08\/cropped-site_logo.png\",\"contentUrl\":\"https:\/\/fcspartaktrnava.com\/wp-content\/uploads\/2022\/08\/cropped-site_logo.png\",\"width\":140,\"height\":140,\"caption\":\"FC Spartak Trnava\"},\"image\":{\"@id\":\"https:\/\/fcspartaktrnava.com\/#\/schema\/logo\/image\/\"},\"sameAs\":[\"https:\/\/www.facebook.com\/SpartakTrnava\",\"https:\/\/x.com\/SpartakTrnava1\",\"https:\/\/www.instagram.com\/spartak_sk\/\"]},{\"@type\":\"Person\",\"@id\":\"https:\/\/fcspartaktrnava.com\/#\/schema\/person\/24bc5b254af14f71d7d8af178790aa75\",\"name\":\"spartak\",\"image\":{\"@type\":\"ImageObject\",\"inLanguage\":\"en-GB\",\"@id\":\"https:\/\/fcspartaktrnava.com\/#\/schema\/person\/image\/\",\"url\":\"https:\/\/secure.gravatar.com\/avatar\/f8ff8584f3fcf3909a11a6da9019f37749183b4015bca14e64556c52614cdc7f?s=96&d=mm&r=g\",\"contentUrl\":\"https:\/\/secure.gravatar.com\/avatar\/f8ff8584f3fcf3909a11a6da9019f37749183b4015bca14e64556c52614cdc7f?s=96&d=mm&r=g\",\"caption\":\"spartak\"},\"url\":\"https:\/\/fcspartaktrnava.com\/en\/author\/spartak\/\"}]}<\/script>\n<!-- \/ Yoast SEO plugin. -->","yoast_head_json":{"title":"Mikovi\u010d po Kom\u00e1rne: Je to pekn\u00fd pr\u00edbeh, Metsoko pomohol n\u00e1m aj sebe, \u0160krtel chv\u00e1lil obranu\u00a0\u00a0\u00a0\u00a0\u00a0\u00a0\u00a0 - FC Spartak Trnava","robots":{"index":"index","follow":"follow","max-snippet":"max-snippet:-1","max-image-preview":"max-image-preview:large","max-video-preview":"max-video-preview:-1"},"canonical":"https:\/\/fcspartaktrnava.com\/en\/mikovic-po-komarne-je-to-pekny-pribeh-metsoko-pomohol-nam-aj-sebe-skrtel-chvalil-obranu\/","twitter_misc":{"Written by":"spartak","Estimated reading time":"3 minutes"},"schema":{"@context":"https:\/\/schema.org","@graph":[{"@type":"Article","@id":"https:\/\/fcspartaktrnava.com\/mikovic-po-komarne-je-to-pekny-pribeh-metsoko-pomohol-nam-aj-sebe-skrtel-chvalil-obranu\/#article","isPartOf":{"@id":"https:\/\/fcspartaktrnava.com\/mikovic-po-komarne-je-to-pekny-pribeh-metsoko-pomohol-nam-aj-sebe-skrtel-chvalil-obranu\/"},"author":{"name":"spartak","@id":"https:\/\/fcspartaktrnava.com\/#\/schema\/person\/24bc5b254af14f71d7d8af178790aa75"},"headline":"Mikovi\u010d po Kom\u00e1rne: Je to pekn\u00fd pr\u00edbeh, Metsoko pomohol n\u00e1m aj sebe, \u0160krtel chv\u00e1lil obranu\u00a0\u00a0\u00a0\u00a0\u00a0\u00a0\u00a0","datePublished":"2025-12-01T10:52:00+00:00","dateModified":"2025-12-01T10:52:01+00:00","mainEntityOfPage":{"@id":"https:\/\/fcspartaktrnava.com\/mikovic-po-komarne-je-to-pekny-pribeh-metsoko-pomohol-nam-aj-sebe-skrtel-chvalil-obranu\/"},"wordCount":610,"publisher":{"@id":"https:\/\/fcspartaktrnava.com\/#organization"},"image":{"@id":"https:\/\/fcspartaktrnava.com\/mikovic-po-komarne-je-to-pekny-pribeh-metsoko-pomohol-nam-aj-sebe-skrtel-chvalil-obranu\/#primaryimage"},"thumbnailUrl":"https:\/\/fcspartaktrnava.com\/wp-content\/uploads\/2025\/11\/LUC_1625.jpg","articleSection":["Spr\u00e1vy"],"inLanguage":"en-GB"},{"@type":"WebPage","@id":"https:\/\/fcspartaktrnava.com\/mikovic-po-komarne-je-to-pekny-pribeh-metsoko-pomohol-nam-aj-sebe-skrtel-chvalil-obranu\/","url":"https:\/\/fcspartaktrnava.com\/mikovic-po-komarne-je-to-pekny-pribeh-metsoko-pomohol-nam-aj-sebe-skrtel-chvalil-obranu\/","name":"Mikovi\u010d po Kom\u00e1rne: Je to pekn\u00fd pr\u00edbeh, Metsoko pomohol n\u00e1m aj sebe, \u0160krtel chv\u00e1lil obranu\u00a0\u00a0\u00a0\u00a0\u00a0\u00a0\u00a0 - FC Spartak Trnava","isPartOf":{"@id":"https:\/\/fcspartaktrnava.com\/#website"},"primaryImageOfPage":{"@id":"https:\/\/fcspartaktrnava.com\/mikovic-po-komarne-je-to-pekny-pribeh-metsoko-pomohol-nam-aj-sebe-skrtel-chvalil-obranu\/#primaryimage"},"image":{"@id":"https:\/\/fcspartaktrnava.com\/mikovic-po-komarne-je-to-pekny-pribeh-metsoko-pomohol-nam-aj-sebe-skrtel-chvalil-obranu\/#primaryimage"},"thumbnailUrl":"https:\/\/fcspartaktrnava.com\/wp-content\/uploads\/2025\/11\/LUC_1625.jpg","datePublished":"2025-12-01T10:52:00+00:00","dateModified":"2025-12-01T10:52:01+00:00","breadcrumb":{"@id":"https:\/\/fcspartaktrnava.com\/mikovic-po-komarne-je-to-pekny-pribeh-metsoko-pomohol-nam-aj-sebe-skrtel-chvalil-obranu\/#breadcrumb"},"inLanguage":"en-GB","potentialAction":[{"@type":"ReadAction","target":["https:\/\/fcspartaktrnava.com\/mikovic-po-komarne-je-to-pekny-pribeh-metsoko-pomohol-nam-aj-sebe-skrtel-chvalil-obranu\/"]}]},{"@type":"ImageObject","inLanguage":"en-GB","@id":"https:\/\/fcspartaktrnava.com\/mikovic-po-komarne-je-to-pekny-pribeh-metsoko-pomohol-nam-aj-sebe-skrtel-chvalil-obranu\/#primaryimage","url":"https:\/\/fcspartaktrnava.com\/wp-content\/uploads\/2025\/11\/LUC_1625.jpg","contentUrl":"https:\/\/fcspartaktrnava.com\/wp-content\/uploads\/2025\/11\/LUC_1625.jpg","width":1520,"height":1013},{"@type":"BreadcrumbList","@id":"https:\/\/fcspartaktrnava.com\/mikovic-po-komarne-je-to-pekny-pribeh-metsoko-pomohol-nam-aj-sebe-skrtel-chvalil-obranu\/#breadcrumb","itemListElement":[{"@type":"ListItem","position":1,"name":"Home","item":"https:\/\/fcspartaktrnava.com\/"},{"@type":"ListItem","position":2,"name":"Mikovi\u010d po Kom\u00e1rne: Je to pekn\u00fd pr\u00edbeh, Metsoko pomohol n\u00e1m aj sebe, \u0160krtel chv\u00e1lil obranu\u00a0\u00a0\u00a0\u00a0\u00a0\u00a0\u00a0"}]},{"@type":"WebSite","@id":"https:\/\/fcspartaktrnava.com\/#website","url":"https:\/\/fcspartaktrnava.com\/","name":"FC Spartak Trnava","description":"ofici\u00e1lna webstr\u00e1nka futbalov\u00e9ho klubu","publisher":{"@id":"https:\/\/fcspartaktrnava.com\/#organization"},"potentialAction":[{"@type":"SearchAction","target":{"@type":"EntryPoint","urlTemplate":"https:\/\/fcspartaktrnava.com\/?s={search_term_string}"},"query-input":{"@type":"PropertyValueSpecification","valueRequired":true,"valueName":"search_term_string"}}],"inLanguage":"en-GB"},{"@type":"Organization","@id":"https:\/\/fcspartaktrnava.com\/#organization","name":"FC Spartak Trnava","alternateName":"Spartak","url":"https:\/\/fcspartaktrnava.com\/","logo":{"@type":"ImageObject","inLanguage":"en-GB","@id":"https:\/\/fcspartaktrnava.com\/#\/schema\/logo\/image\/","url":"https:\/\/fcspartaktrnava.com\/wp-content\/uploads\/2022\/08\/cropped-site_logo.png","contentUrl":"https:\/\/fcspartaktrnava.com\/wp-content\/uploads\/2022\/08\/cropped-site_logo.png","width":140,"height":140,"caption":"FC Spartak Trnava"},"image":{"@id":"https:\/\/fcspartaktrnava.com\/#\/schema\/logo\/image\/"},"sameAs":["https:\/\/www.facebook.com\/SpartakTrnava","https:\/\/x.com\/SpartakTrnava1","https:\/\/www.instagram.com\/spartak_sk\/"]},{"@type":"Person","@id":"https:\/\/fcspartaktrnava.com\/#\/schema\/person\/24bc5b254af14f71d7d8af178790aa75","name":"spartak","image":{"@type":"ImageObject","inLanguage":"en-GB","@id":"https:\/\/fcspartaktrnava.com\/#\/schema\/person\/image\/","url":"https:\/\/secure.gravatar.com\/avatar\/f8ff8584f3fcf3909a11a6da9019f37749183b4015bca14e64556c52614cdc7f?s=96&d=mm&r=g","contentUrl":"https:\/\/secure.gravatar.com\/avatar\/f8ff8584f3fcf3909a11a6da9019f37749183b4015bca14e64556c52614cdc7f?s=96&d=mm&r=g","caption":"spartak"},"url":"https:\/\/fcspartaktrnava.com\/en\/author\/spartak\/"}]}},"_links":{"self":[{"href":"https:\/\/fcspartaktrnava.com\/en\/wp-json\/wp\/v2\/posts\/37584","targetHints":{"allow":["GET"]}}],"collection":[{"href":"https:\/\/fcspartaktrnava.com\/en\/wp-json\/wp\/v2\/posts"}],"about":[{"href":"https:\/\/fcspartaktrnava.com\/en\/wp-json\/wp\/v2\/types\/post"}],"author":[{"embeddable":true,"href":"https:\/\/fcspartaktrnava.com\/en\/wp-json\/wp\/v2\/users\/2"}],"replies":[{"embeddable":true,"href":"https:\/\/fcspartaktrnava.com\/en\/wp-json\/wp\/v2\/comments?post=37584"}],"version-history":[{"count":0,"href":"https:\/\/fcspartaktrnava.com\/en\/wp-json\/wp\/v2\/posts\/37584\/revisions"}],"wp:featuredmedia":[{"embeddable":true,"href":"https:\/\/fcspartaktrnava.com\/en\/wp-json\/wp\/v2\/media\/37466"}],"wp:attachment":[{"href":"https:\/\/fcspartaktrnava.com\/en\/wp-json\/wp\/v2\/media?parent=37584"}],"wp:term":[{"taxonomy":"category","embeddable":true,"href":"https:\/\/fcspartaktrnava.com\/en\/wp-json\/wp\/v2\/categories?post=37584"},{"taxonomy":"post_tag","embeddable":true,"href":"https:\/\/fcspartaktrnava.com\/en\/wp-json\/wp\/v2\/tags?post=37584"}],"curies":[{"name":"wp","href":"https:\/\/api.w.org\/{rel}","templated":true}]}}