{"id":37205,"date":"2025-11-24T16:34:52","date_gmt":"2025-11-24T14:34:52","guid":{"rendered":"https:\/\/fcspartaktrnava.com\/?p=37205"},"modified":"2025-11-24T18:38:09","modified_gmt":"2025-11-24T16:38:09","slug":"zaciatok-adventu-na-stadione-antona-malatinskeho","status":"publish","type":"post","link":"https:\/\/fcspartaktrnava.com\/en\/zaciatok-adventu-na-stadione-antona-malatinskeho\/","title":{"rendered":"Za\u010diatok adventu na \u0160tadi\u00f3ne Antona Malatinsk\u00e9ho"},"content":{"rendered":"<p style=\"font-size:25px\"><strong>Adventn\u00e9 obdobie od\u0161tartuje\u00a0v Trnave\u00a0sobot\u0148aj\u0161\u00edm z\u00e1pasom na\u00a0\u0160tadi\u00f3ne Antona Malatinsk\u00e9ho!\u00a0Andeli\u00a0na dom\u00e1com tr\u00e1vniku priv\u00edtaj\u00fa host\u00ed z\u00a0KFC Kom\u00e1rno.<\/strong><\/p>\n\n\n\n<p class=\"has-medium-font-size\">Aj pre tento dom\u00e1ci z\u00e1pas sme si pre v\u00e1s pripravili t\u00e9matick\u00e9 doprovodn\u00e9 aktivity. Pod z\u00e1padnou trib\u00fanou budete m\u00f4c\u0165 ochutna\u0165 tradi\u010dn\u00e9\u00a0<strong>adventn\u00e9 \u0161peciality<\/strong>,\u00a0<strong>medovn\u00edky<\/strong>, a tie\u017e objavi\u0165 \u0161peci\u00e1lny\u00a0<strong>zimn\u00fd sortiment<\/strong> v klubovom st\u00e1nku\u00a0<strong>FCSTORE<\/strong>\u00a0Trnava. Vyber si nie\u010do z na\u0161ej najnov\u0161ej <a href=\"https:\/\/fcstore.sk\/kategoria\/merch\/\">zimnej kolekcie<\/a> a oble\u010d sa \u0161t\u00fdlovo v spartakovsk\u00fdch farb\u00e1ch.<br><br>Pod z\u00e1padnou trib\u00fanou n\u00e1jdete aj n\u00e1\u0161 \u201e<strong>Spartakovsk\u00fd strom\u010dek dobr\u00fdch skutkov<\/strong>\u201d. Budeme sa te\u0161i\u0165 ak deti prines\u00fa vlastnoru\u010dne vyroben\u00e9 ozdoby, na ktor\u00e9 nap\u00ed\u0161u\u00a0<strong>dobr\u00fd skutok<\/strong>, ktor\u00fd v roku 2025 uskuto\u010dnili. Vyroben\u00fdch\u00a0<strong>ozd\u00f4b<\/strong>\u00a0m\u00f4\u017eu deti prinies\u0165 ko\u013eko chc\u00fa. Na ozdobe je v\u0161ak potrebn\u00e9 uvies\u0165 ich\u00a0<strong>meno a email\u00a0<\/strong>rodi\u010da.<\/p>\n\n\n\n<p class=\"has-text-align-center has-vivid-red-color has-white-background-color has-text-color has-background has-link-color has-medium-font-size wp-elements-334e113c5a74655d8f0ee4baae7b1ac1\"><strong><a href=\"https:\/\/predpredaj.zoznam.sk\/sk\/listky\/fc-spartak-trnava-kfc-komarno-2025-11-29\/\">VSTUPENKY NA Z\u00c1PAS K\u00daPI\u0160 ONLINE TU!<\/a><\/strong><\/p>\n\n\n<div class=\"wp-block-image\">\n<figure class=\"aligncenter size-large is-resized\"><a href=\"https:\/\/fcstore.sk\/kategoria\/merch\/\"><img loading=\"lazy\" decoding=\"async\" width=\"1024\" height=\"683\" src=\"https:\/\/fcspartaktrnava.com\/wp-content\/uploads\/2025\/11\/LUC_4307-1024x683.jpg\" alt=\"\" class=\"wp-image-37208\" style=\"width:747px;height:auto\" srcset=\"https:\/\/fcspartaktrnava.com\/wp-content\/uploads\/2025\/11\/LUC_4307-1024x683.jpg 1024w, https:\/\/fcspartaktrnava.com\/wp-content\/uploads\/2025\/11\/LUC_4307-300x200.jpg 300w, https:\/\/fcspartaktrnava.com\/wp-content\/uploads\/2025\/11\/LUC_4307-768x512.jpg 768w, https:\/\/fcspartaktrnava.com\/wp-content\/uploads\/2025\/11\/LUC_4307-1536x1024.jpg 1536w, https:\/\/fcspartaktrnava.com\/wp-content\/uploads\/2025\/11\/LUC_4307-2048x1365.jpg 2048w, https:\/\/fcspartaktrnava.com\/wp-content\/uploads\/2025\/11\/LUC_4307-18x12.jpg 18w\" sizes=\"auto, (max-width: 1024px) 100vw, 1024px\" \/><\/a><\/figure>\n<\/div>","protected":false},"excerpt":{"rendered":"<p>Adventn\u00e9 obdobie od\u0161tartuje\u00a0v Trnave\u00a0sobot\u0148aj\u0161\u00edm z\u00e1pasom na\u00a0\u0160tadi\u00f3ne Antona Malatinsk\u00e9ho!\u00a0Andeli\u00a0na&#8230;<\/p>","protected":false},"author":5,"featured_media":37209,"comment_status":"closed","ping_status":"closed","sticky":false,"template":"","format":"standard","meta":{"footnotes":""},"categories":[12],"tags":[],"class_list":["post-37205","post","type-post","status-publish","format-standard","has-post-thumbnail","hentry","category-spravy","post-number-1"],"yoast_head":"<!-- This site is optimized with the Yoast SEO plugin v27.1.1 - https:\/\/yoast.com\/product\/yoast-seo-wordpress\/ -->\n<title>Za\u010diatok adventu na \u0160tadi\u00f3ne Antona Malatinsk\u00e9ho - FC Spartak Trnava<\/title>\n<meta name=\"robots\" content=\"index, follow, max-snippet:-1, max-image-preview:large, max-video-preview:-1\" \/>\n<link rel=\"canonical\" href=\"https:\/\/fcspartaktrnava.com\/en\/zaciatok-adventu-na-stadione-antona-malatinskeho\/\" \/>\n<meta name=\"twitter:label1\" content=\"Written by\" \/>\n\t<meta name=\"twitter:data1\" content=\"Samuel \u010eurinsk\u00fd\" \/>\n\t<meta name=\"twitter:label2\" content=\"Estimated reading time\" \/>\n\t<meta name=\"twitter:data2\" content=\"2 minutes\" \/>\n<script type=\"application\/ld+json\" class=\"yoast-schema-graph\">{\"@context\":\"https:\/\/schema.org\",\"@graph\":[{\"@type\":\"Article\",\"@id\":\"https:\/\/fcspartaktrnava.com\/zaciatok-adventu-na-stadione-antona-malatinskeho\/#article\",\"isPartOf\":{\"@id\":\"https:\/\/fcspartaktrnava.com\/zaciatok-adventu-na-stadione-antona-malatinskeho\/\"},\"author\":{\"name\":\"Samuel \u010eurinsk\u00fd\",\"@id\":\"https:\/\/fcspartaktrnava.com\/#\/schema\/person\/62c3c2562c3c56e4c0c8c2342c596ac0\"},\"headline\":\"Za\u010diatok adventu na \u0160tadi\u00f3ne Antona Malatinsk\u00e9ho\",\"datePublished\":\"2025-11-24T14:34:52+00:00\",\"dateModified\":\"2025-11-24T16:38:09+00:00\",\"mainEntityOfPage\":{\"@id\":\"https:\/\/fcspartaktrnava.com\/zaciatok-adventu-na-stadione-antona-malatinskeho\/\"},\"wordCount\":174,\"publisher\":{\"@id\":\"https:\/\/fcspartaktrnava.com\/#organization\"},\"image\":{\"@id\":\"https:\/\/fcspartaktrnava.com\/zaciatok-adventu-na-stadione-antona-malatinskeho\/#primaryimage\"},\"thumbnailUrl\":\"https:\/\/fcspartaktrnava.com\/wp-content\/uploads\/2025\/11\/ChatGPT-Image-24.-11.-2025-17_35_48.png\",\"articleSection\":[\"Spr\u00e1vy\"],\"inLanguage\":\"en-GB\"},{\"@type\":\"WebPage\",\"@id\":\"https:\/\/fcspartaktrnava.com\/zaciatok-adventu-na-stadione-antona-malatinskeho\/\",\"url\":\"https:\/\/fcspartaktrnava.com\/zaciatok-adventu-na-stadione-antona-malatinskeho\/\",\"name\":\"Za\u010diatok adventu na \u0160tadi\u00f3ne Antona Malatinsk\u00e9ho - FC Spartak Trnava\",\"isPartOf\":{\"@id\":\"https:\/\/fcspartaktrnava.com\/#website\"},\"primaryImageOfPage\":{\"@id\":\"https:\/\/fcspartaktrnava.com\/zaciatok-adventu-na-stadione-antona-malatinskeho\/#primaryimage\"},\"image\":{\"@id\":\"https:\/\/fcspartaktrnava.com\/zaciatok-adventu-na-stadione-antona-malatinskeho\/#primaryimage\"},\"thumbnailUrl\":\"https:\/\/fcspartaktrnava.com\/wp-content\/uploads\/2025\/11\/ChatGPT-Image-24.-11.-2025-17_35_48.png\",\"datePublished\":\"2025-11-24T14:34:52+00:00\",\"dateModified\":\"2025-11-24T16:38:09+00:00\",\"breadcrumb\":{\"@id\":\"https:\/\/fcspartaktrnava.com\/zaciatok-adventu-na-stadione-antona-malatinskeho\/#breadcrumb\"},\"inLanguage\":\"en-GB\",\"potentialAction\":[{\"@type\":\"ReadAction\",\"target\":[\"https:\/\/fcspartaktrnava.com\/zaciatok-adventu-na-stadione-antona-malatinskeho\/\"]}]},{\"@type\":\"ImageObject\",\"inLanguage\":\"en-GB\",\"@id\":\"https:\/\/fcspartaktrnava.com\/zaciatok-adventu-na-stadione-antona-malatinskeho\/#primaryimage\",\"url\":\"https:\/\/fcspartaktrnava.com\/wp-content\/uploads\/2025\/11\/ChatGPT-Image-24.-11.-2025-17_35_48.png\",\"contentUrl\":\"https:\/\/fcspartaktrnava.com\/wp-content\/uploads\/2025\/11\/ChatGPT-Image-24.-11.-2025-17_35_48.png\",\"width\":1536,\"height\":1024},{\"@type\":\"BreadcrumbList\",\"@id\":\"https:\/\/fcspartaktrnava.com\/zaciatok-adventu-na-stadione-antona-malatinskeho\/#breadcrumb\",\"itemListElement\":[{\"@type\":\"ListItem\",\"position\":1,\"name\":\"Home\",\"item\":\"https:\/\/fcspartaktrnava.com\/\"},{\"@type\":\"ListItem\",\"position\":2,\"name\":\"Za\u010diatok adventu na \u0160tadi\u00f3ne Antona Malatinsk\u00e9ho\"}]},{\"@type\":\"WebSite\",\"@id\":\"https:\/\/fcspartaktrnava.com\/#website\",\"url\":\"https:\/\/fcspartaktrnava.com\/\",\"name\":\"FC Spartak Trnava\",\"description\":\"ofici\u00e1lna webstr\u00e1nka futbalov\u00e9ho klubu\",\"publisher\":{\"@id\":\"https:\/\/fcspartaktrnava.com\/#organization\"},\"potentialAction\":[{\"@type\":\"SearchAction\",\"target\":{\"@type\":\"EntryPoint\",\"urlTemplate\":\"https:\/\/fcspartaktrnava.com\/?s={search_term_string}\"},\"query-input\":{\"@type\":\"PropertyValueSpecification\",\"valueRequired\":true,\"valueName\":\"search_term_string\"}}],\"inLanguage\":\"en-GB\"},{\"@type\":\"Organization\",\"@id\":\"https:\/\/fcspartaktrnava.com\/#organization\",\"name\":\"FC Spartak Trnava\",\"alternateName\":\"Spartak\",\"url\":\"https:\/\/fcspartaktrnava.com\/\",\"logo\":{\"@type\":\"ImageObject\",\"inLanguage\":\"en-GB\",\"@id\":\"https:\/\/fcspartaktrnava.com\/#\/schema\/logo\/image\/\",\"url\":\"https:\/\/fcspartaktrnava.com\/wp-content\/uploads\/2022\/08\/cropped-site_logo.png\",\"contentUrl\":\"https:\/\/fcspartaktrnava.com\/wp-content\/uploads\/2022\/08\/cropped-site_logo.png\",\"width\":140,\"height\":140,\"caption\":\"FC Spartak Trnava\"},\"image\":{\"@id\":\"https:\/\/fcspartaktrnava.com\/#\/schema\/logo\/image\/\"},\"sameAs\":[\"https:\/\/www.facebook.com\/SpartakTrnava\",\"https:\/\/x.com\/SpartakTrnava1\",\"https:\/\/www.instagram.com\/spartak_sk\/\"]},{\"@type\":\"Person\",\"@id\":\"https:\/\/fcspartaktrnava.com\/#\/schema\/person\/62c3c2562c3c56e4c0c8c2342c596ac0\",\"name\":\"Samuel \u010eurinsk\u00fd\",\"image\":{\"@type\":\"ImageObject\",\"inLanguage\":\"en-GB\",\"@id\":\"https:\/\/fcspartaktrnava.com\/#\/schema\/person\/image\/\",\"url\":\"https:\/\/secure.gravatar.com\/avatar\/af2fa02af92418b86ed742470664fe40056833fb68d84becf03f6ab02319257c?s=96&d=mm&r=g\",\"contentUrl\":\"https:\/\/secure.gravatar.com\/avatar\/af2fa02af92418b86ed742470664fe40056833fb68d84becf03f6ab02319257c?s=96&d=mm&r=g\",\"caption\":\"Samuel \u010eurinsk\u00fd\"},\"url\":\"https:\/\/fcspartaktrnava.com\/en\/author\/fcst-samuel\/\"}]}<\/script>\n<!-- \/ Yoast SEO plugin. -->","yoast_head_json":{"title":"Za\u010diatok adventu na \u0160tadi\u00f3ne Antona Malatinsk\u00e9ho - FC Spartak Trnava","robots":{"index":"index","follow":"follow","max-snippet":"max-snippet:-1","max-image-preview":"max-image-preview:large","max-video-preview":"max-video-preview:-1"},"canonical":"https:\/\/fcspartaktrnava.com\/en\/zaciatok-adventu-na-stadione-antona-malatinskeho\/","twitter_misc":{"Written by":"Samuel \u010eurinsk\u00fd","Estimated reading time":"2 minutes"},"schema":{"@context":"https:\/\/schema.org","@graph":[{"@type":"Article","@id":"https:\/\/fcspartaktrnava.com\/zaciatok-adventu-na-stadione-antona-malatinskeho\/#article","isPartOf":{"@id":"https:\/\/fcspartaktrnava.com\/zaciatok-adventu-na-stadione-antona-malatinskeho\/"},"author":{"name":"Samuel \u010eurinsk\u00fd","@id":"https:\/\/fcspartaktrnava.com\/#\/schema\/person\/62c3c2562c3c56e4c0c8c2342c596ac0"},"headline":"Za\u010diatok adventu na \u0160tadi\u00f3ne Antona Malatinsk\u00e9ho","datePublished":"2025-11-24T14:34:52+00:00","dateModified":"2025-11-24T16:38:09+00:00","mainEntityOfPage":{"@id":"https:\/\/fcspartaktrnava.com\/zaciatok-adventu-na-stadione-antona-malatinskeho\/"},"wordCount":174,"publisher":{"@id":"https:\/\/fcspartaktrnava.com\/#organization"},"image":{"@id":"https:\/\/fcspartaktrnava.com\/zaciatok-adventu-na-stadione-antona-malatinskeho\/#primaryimage"},"thumbnailUrl":"https:\/\/fcspartaktrnava.com\/wp-content\/uploads\/2025\/11\/ChatGPT-Image-24.-11.-2025-17_35_48.png","articleSection":["Spr\u00e1vy"],"inLanguage":"en-GB"},{"@type":"WebPage","@id":"https:\/\/fcspartaktrnava.com\/zaciatok-adventu-na-stadione-antona-malatinskeho\/","url":"https:\/\/fcspartaktrnava.com\/zaciatok-adventu-na-stadione-antona-malatinskeho\/","name":"Za\u010diatok adventu na \u0160tadi\u00f3ne Antona Malatinsk\u00e9ho - FC Spartak Trnava","isPartOf":{"@id":"https:\/\/fcspartaktrnava.com\/#website"},"primaryImageOfPage":{"@id":"https:\/\/fcspartaktrnava.com\/zaciatok-adventu-na-stadione-antona-malatinskeho\/#primaryimage"},"image":{"@id":"https:\/\/fcspartaktrnava.com\/zaciatok-adventu-na-stadione-antona-malatinskeho\/#primaryimage"},"thumbnailUrl":"https:\/\/fcspartaktrnava.com\/wp-content\/uploads\/2025\/11\/ChatGPT-Image-24.-11.-2025-17_35_48.png","datePublished":"2025-11-24T14:34:52+00:00","dateModified":"2025-11-24T16:38:09+00:00","breadcrumb":{"@id":"https:\/\/fcspartaktrnava.com\/zaciatok-adventu-na-stadione-antona-malatinskeho\/#breadcrumb"},"inLanguage":"en-GB","potentialAction":[{"@type":"ReadAction","target":["https:\/\/fcspartaktrnava.com\/zaciatok-adventu-na-stadione-antona-malatinskeho\/"]}]},{"@type":"ImageObject","inLanguage":"en-GB","@id":"https:\/\/fcspartaktrnava.com\/zaciatok-adventu-na-stadione-antona-malatinskeho\/#primaryimage","url":"https:\/\/fcspartaktrnava.com\/wp-content\/uploads\/2025\/11\/ChatGPT-Image-24.-11.-2025-17_35_48.png","contentUrl":"https:\/\/fcspartaktrnava.com\/wp-content\/uploads\/2025\/11\/ChatGPT-Image-24.-11.-2025-17_35_48.png","width":1536,"height":1024},{"@type":"BreadcrumbList","@id":"https:\/\/fcspartaktrnava.com\/zaciatok-adventu-na-stadione-antona-malatinskeho\/#breadcrumb","itemListElement":[{"@type":"ListItem","position":1,"name":"Home","item":"https:\/\/fcspartaktrnava.com\/"},{"@type":"ListItem","position":2,"name":"Za\u010diatok adventu na \u0160tadi\u00f3ne Antona Malatinsk\u00e9ho"}]},{"@type":"WebSite","@id":"https:\/\/fcspartaktrnava.com\/#website","url":"https:\/\/fcspartaktrnava.com\/","name":"FC Spartak Trnava","description":"ofici\u00e1lna webstr\u00e1nka futbalov\u00e9ho klubu","publisher":{"@id":"https:\/\/fcspartaktrnava.com\/#organization"},"potentialAction":[{"@type":"SearchAction","target":{"@type":"EntryPoint","urlTemplate":"https:\/\/fcspartaktrnava.com\/?s={search_term_string}"},"query-input":{"@type":"PropertyValueSpecification","valueRequired":true,"valueName":"search_term_string"}}],"inLanguage":"en-GB"},{"@type":"Organization","@id":"https:\/\/fcspartaktrnava.com\/#organization","name":"FC Spartak Trnava","alternateName":"Spartak","url":"https:\/\/fcspartaktrnava.com\/","logo":{"@type":"ImageObject","inLanguage":"en-GB","@id":"https:\/\/fcspartaktrnava.com\/#\/schema\/logo\/image\/","url":"https:\/\/fcspartaktrnava.com\/wp-content\/uploads\/2022\/08\/cropped-site_logo.png","contentUrl":"https:\/\/fcspartaktrnava.com\/wp-content\/uploads\/2022\/08\/cropped-site_logo.png","width":140,"height":140,"caption":"FC Spartak Trnava"},"image":{"@id":"https:\/\/fcspartaktrnava.com\/#\/schema\/logo\/image\/"},"sameAs":["https:\/\/www.facebook.com\/SpartakTrnava","https:\/\/x.com\/SpartakTrnava1","https:\/\/www.instagram.com\/spartak_sk\/"]},{"@type":"Person","@id":"https:\/\/fcspartaktrnava.com\/#\/schema\/person\/62c3c2562c3c56e4c0c8c2342c596ac0","name":"Samuel \u010eurinsk\u00fd","image":{"@type":"ImageObject","inLanguage":"en-GB","@id":"https:\/\/fcspartaktrnava.com\/#\/schema\/person\/image\/","url":"https:\/\/secure.gravatar.com\/avatar\/af2fa02af92418b86ed742470664fe40056833fb68d84becf03f6ab02319257c?s=96&d=mm&r=g","contentUrl":"https:\/\/secure.gravatar.com\/avatar\/af2fa02af92418b86ed742470664fe40056833fb68d84becf03f6ab02319257c?s=96&d=mm&r=g","caption":"Samuel \u010eurinsk\u00fd"},"url":"https:\/\/fcspartaktrnava.com\/en\/author\/fcst-samuel\/"}]}},"_links":{"self":[{"href":"https:\/\/fcspartaktrnava.com\/en\/wp-json\/wp\/v2\/posts\/37205","targetHints":{"allow":["GET"]}}],"collection":[{"href":"https:\/\/fcspartaktrnava.com\/en\/wp-json\/wp\/v2\/posts"}],"about":[{"href":"https:\/\/fcspartaktrnava.com\/en\/wp-json\/wp\/v2\/types\/post"}],"author":[{"embeddable":true,"href":"https:\/\/fcspartaktrnava.com\/en\/wp-json\/wp\/v2\/users\/5"}],"replies":[{"embeddable":true,"href":"https:\/\/fcspartaktrnava.com\/en\/wp-json\/wp\/v2\/comments?post=37205"}],"version-history":[{"count":0,"href":"https:\/\/fcspartaktrnava.com\/en\/wp-json\/wp\/v2\/posts\/37205\/revisions"}],"wp:featuredmedia":[{"embeddable":true,"href":"https:\/\/fcspartaktrnava.com\/en\/wp-json\/wp\/v2\/media\/37209"}],"wp:attachment":[{"href":"https:\/\/fcspartaktrnava.com\/en\/wp-json\/wp\/v2\/media?parent=37205"}],"wp:term":[{"taxonomy":"category","embeddable":true,"href":"https:\/\/fcspartaktrnava.com\/en\/wp-json\/wp\/v2\/categories?post=37205"},{"taxonomy":"post_tag","embeddable":true,"href":"https:\/\/fcspartaktrnava.com\/en\/wp-json\/wp\/v2\/tags?post=37205"}],"curies":[{"name":"wp","href":"https:\/\/api.w.org\/{rel}","templated":true}]}}