{"id":37204,"date":"2025-11-24T12:14:39","date_gmt":"2025-11-24T10:14:39","guid":{"rendered":"https:\/\/fcspartaktrnava.com\/?p=37204"},"modified":"2025-11-24T12:14:39","modified_gmt":"2025-11-24T10:14:39","slug":"erik-sabo-po-kosiciach-nasi-fanusikovia-su-fenomenalni-a-najlepsi-na-slovensku","status":"publish","type":"post","link":"https:\/\/fcspartaktrnava.com\/en\/erik-sabo-po-kosiciach-nasi-fanusikovia-su-fenomenalni-a-najlepsi-na-slovensku\/","title":{"rendered":"Erik Sabo po Ko\u0161iciach: \u00a0Na\u0161i fan\u00fa\u0161ikovia s\u00fa fenomen\u00e1lni a\u00a0najlep\u0161\u00ed na Slovensku"},"content":{"rendered":"<p style=\"font-size:25px\"><strong>Strelec v\u00ed\u0165azn\u00e9ho g\u00f3lu proti Ko\u0161iciam osl\u00e1vil v\u00a0de\u0148 duelu svoje 34. narodeniny.<\/strong><\/p>\n\n\n\n<p style=\"font-size:20px\">Spartak Trnava si splnil povinnos\u0165 a\u00a0doviezol z\u00a0mraziv\u00e9ho ko\u0161ick\u00e9ho po\u010dasia tri body. V\u00fdhra pre klub a\u00a0do\u010dasn\u00e9ho tr\u00e9nera Martina \u0160krtela sa v\u0161ak nerodila \u013eahko. Vn\u00fatorn\u00fdmi probl\u00e9mami su\u017eovan\u00fd s\u00faper v\u00a0stretnut\u00ed viedol 1:0, ke\u010f p\u00e1r sek\u00fand po za\u010diatku druh\u00e9ho pol\u010dasu sk\u00f3roval Kov\u00e1cs. Trnav\u010dania zbrane nezlo\u017eili a\u00a0dvomi g\u00f3lmi svojich odchovancov sk\u00f3re oto\u010dili. Najprv sa v\u00a084. min\u00fate po nevyu\u017eitej penalte n\u00e1dherne trafil Mikovi\u010d a\u00a0dielo dokonal umiestnenou strelou z\u00a0vn\u00fatra \u0161estn\u00e1stky v\u00a0nadstavenom \u010dase Sabo.<br><br>Pre Saba to bol v\u00a0sobotu ve\u010der v\u00fdnimo\u010dn\u00fd de\u0148, pr\u00e1ve 22. novembra osl\u00e1vil svoje 34. narodeniny. V\u00a0poz\u00e1pasovom rozhovore ne\u0161etril chv\u00e1lou na trnavsk\u00fdch fan\u00fa\u0161ikov, ktor\u00ed v\u00a0sol\u00eddnom po\u010dte povzbudzovali svoj t\u00edm aj na v\u00fdchode republiky:<br><br><em>\u201ePrv\u00fd pol\u010das hrali Ko\u0161ice dobre v\u00a0bloku a\u00a0my sme str\u00e1cali lopty, z\u00a0toho sa dost\u00e1vali do brejkov a\u00a0ur\u010dite boli nebezpe\u010dnej\u0161\u00ed. Druh\u00fd pol\u010das za\u010dali hne\u010f g\u00f3lom. N\u00e1sledne pri\u0161li na\u0161i striedaj\u00faci hr\u00e1\u010di a\u00a0m\u00f4\u017eem poveda\u0165, \u017ee rozhodli z\u00e1pas, v\u0161etci \u010do vst\u00fapili na ihrisko hrali super a\u00a0sme \u0161\u0165astn\u00ed, \u017ee vezieme tri body. Dnes m\u00e1m narodeniny a\u00a0kraj\u0161\u00ed dar\u010dek som si nemohol veru da\u0165. Klob\u00fak dole pre na\u0161imi fan\u00fa\u0161ikmi, chodia za nami \u010di do Pre\u0161ova, tak aj proti Ko\u0161iciam. Niet \u010do doda\u0165, s\u00fa fenomen\u00e1lni a\u00a0najlep\u0161\u00ed na Slovensku.\u201c <\/em><br><br>Sabo sa vyjadril aj k\u00a0premi\u00e9rovej \u00fa\u010dasti Martina \u0160krtela na lavi\u010dke: <em>\u201eChceli sme aj kv\u00f4li nemu uk\u00e1za\u0165, \u017ee na to m\u00e1me a\u00a0chceme vyhr\u00e1va\u0165. Martin je ve\u013ek\u00e1 osobnos\u0165 slovensk\u00e9ho futbalu a\u00a0hr\u00e1\u010di ho re\u0161pektuj\u00fa, hrali sme to, \u010do n\u00e1m povedal a\u00a0tri body sme si zasl\u00fa\u017eili, lebo sme hrali do konca.\u201c<\/em><\/p>\n\n\n\n<figure class=\"wp-block-embed is-type-video is-provider-youtube wp-block-embed-youtube wp-embed-aspect-16-9 wp-has-aspect-ratio\"><div class=\"wp-block-embed__wrapper\">\n<iframe loading=\"lazy\" title=\"Erik Sabo hodnot\u00ed z\u00e1pas s Ko\u0161icami\" width=\"500\" height=\"281\" src=\"https:\/\/www.youtube.com\/embed\/yynLQCG0tno?feature=oembed\" frameborder=\"0\" allow=\"accelerometer; autoplay; clipboard-write; encrypted-media; gyroscope; picture-in-picture; web-share\" referrerpolicy=\"strict-origin-when-cross-origin\" allowfullscreen><\/iframe>\n<\/div><\/figure>\n\n\n\n<p class=\"has-medium-font-size\">Svoj poh\u013ead na z\u00e1pas poskytol na poz\u00e1pasov\u00fdch rozhovoroch aj kapit\u00e1n t\u00edmu Martin Mikovi\u010d: <em>\u201eKo\u0161ice mali viac \u0161anc\u00ed, sna\u017eili sa, ale vyhralo \u0161\u0165astnej\u0161ie mu\u017estvo. Ke\u010f dali g\u00f3l, pri\u0161lo mi, \u017ee sa viac stiahli, vieme v\u00a0akej s\u00fa situ\u00e1cii a\u00a0nemaj\u00fa pr\u00edli\u0161n\u00e9 sebavedomie, s\u00fa posledn\u00ed. Dostali sme sa do hry, na\u0161li sme pokoj na kopa\u010dk\u00e1ch a\u00a0rozhodla kvalita a\u00a0zomknutie n\u00e1\u0161ho t\u00edmu. Do penalty sme nemali nejak\u00e9 \u0161ance, v\u017edy v\u0161ak treba veri\u0165, v\u00a0Trnave som za\u017eil viac duelov, kde sme na z\u00e1ver v\u00fdsledok oto\u010dili.\u201c <\/em>\u00a0<\/p>\n\n\n\n<figure class=\"wp-block-embed is-type-video is-provider-youtube wp-block-embed-youtube wp-embed-aspect-16-9 wp-has-aspect-ratio\"><div class=\"wp-block-embed__wrapper\">\n<iframe loading=\"lazy\" title=\"Martin Mikovi\u010d po z\u00e1pase s Ko\u0161icami\" width=\"500\" height=\"281\" src=\"https:\/\/www.youtube.com\/embed\/BTaB4lni7CY?feature=oembed\" frameborder=\"0\" allow=\"accelerometer; autoplay; clipboard-write; encrypted-media; gyroscope; picture-in-picture; web-share\" referrerpolicy=\"strict-origin-when-cross-origin\" allowfullscreen><\/iframe>\n<\/div><\/figure>","protected":false},"excerpt":{"rendered":"<p>Strelec v\u00ed\u0165azn\u00e9ho g\u00f3lu proti Ko\u0161iciam osl\u00e1vil v\u00a0de\u0148 duelu&#8230;<\/p>","protected":false},"author":2,"featured_media":37197,"comment_status":"closed","ping_status":"closed","sticky":false,"template":"","format":"standard","meta":{"footnotes":""},"categories":[12],"tags":[],"class_list":["post-37204","post","type-post","status-publish","format-standard","has-post-thumbnail","hentry","category-spravy","post-number-1"],"yoast_head":"<!-- This site is optimized with the Yoast SEO plugin v27.1.1 - https:\/\/yoast.com\/product\/yoast-seo-wordpress\/ -->\n<title>Erik Sabo po Ko\u0161iciach: \u00a0Na\u0161i fan\u00fa\u0161ikovia s\u00fa fenomen\u00e1lni a\u00a0najlep\u0161\u00ed na Slovensku - FC Spartak Trnava<\/title>\n<meta name=\"robots\" content=\"index, follow, max-snippet:-1, max-image-preview:large, max-video-preview:-1\" \/>\n<link rel=\"canonical\" href=\"https:\/\/fcspartaktrnava.com\/en\/erik-sabo-po-kosiciach-nasi-fanusikovia-su-fenomenalni-a-najlepsi-na-slovensku\/\" \/>\n<meta name=\"twitter:label1\" content=\"Written by\" \/>\n\t<meta name=\"twitter:data1\" content=\"spartak\" \/>\n\t<meta name=\"twitter:label2\" content=\"Estimated reading time\" \/>\n\t<meta name=\"twitter:data2\" content=\"3 minutes\" \/>\n<script type=\"application\/ld+json\" class=\"yoast-schema-graph\">{\"@context\":\"https:\/\/schema.org\",\"@graph\":[{\"@type\":\"Article\",\"@id\":\"https:\/\/fcspartaktrnava.com\/erik-sabo-po-kosiciach-nasi-fanusikovia-su-fenomenalni-a-najlepsi-na-slovensku\/#article\",\"isPartOf\":{\"@id\":\"https:\/\/fcspartaktrnava.com\/erik-sabo-po-kosiciach-nasi-fanusikovia-su-fenomenalni-a-najlepsi-na-slovensku\/\"},\"author\":{\"name\":\"spartak\",\"@id\":\"https:\/\/fcspartaktrnava.com\/#\/schema\/person\/24bc5b254af14f71d7d8af178790aa75\"},\"headline\":\"Erik Sabo po Ko\u0161iciach: \u00a0Na\u0161i fan\u00fa\u0161ikovia s\u00fa fenomen\u00e1lni a\u00a0najlep\u0161\u00ed na Slovensku\",\"datePublished\":\"2025-11-24T10:14:39+00:00\",\"mainEntityOfPage\":{\"@id\":\"https:\/\/fcspartaktrnava.com\/erik-sabo-po-kosiciach-nasi-fanusikovia-su-fenomenalni-a-najlepsi-na-slovensku\/\"},\"wordCount\":484,\"publisher\":{\"@id\":\"https:\/\/fcspartaktrnava.com\/#organization\"},\"image\":{\"@id\":\"https:\/\/fcspartaktrnava.com\/erik-sabo-po-kosiciach-nasi-fanusikovia-su-fenomenalni-a-najlepsi-na-slovensku\/#primaryimage\"},\"thumbnailUrl\":\"https:\/\/fcspartaktrnava.com\/wp-content\/uploads\/2025\/11\/LUK_0299.jpg\",\"articleSection\":[\"Spr\u00e1vy\"],\"inLanguage\":\"en-GB\"},{\"@type\":\"WebPage\",\"@id\":\"https:\/\/fcspartaktrnava.com\/erik-sabo-po-kosiciach-nasi-fanusikovia-su-fenomenalni-a-najlepsi-na-slovensku\/\",\"url\":\"https:\/\/fcspartaktrnava.com\/erik-sabo-po-kosiciach-nasi-fanusikovia-su-fenomenalni-a-najlepsi-na-slovensku\/\",\"name\":\"Erik Sabo po Ko\u0161iciach: \u00a0Na\u0161i fan\u00fa\u0161ikovia s\u00fa fenomen\u00e1lni a\u00a0najlep\u0161\u00ed na Slovensku - FC Spartak Trnava\",\"isPartOf\":{\"@id\":\"https:\/\/fcspartaktrnava.com\/#website\"},\"primaryImageOfPage\":{\"@id\":\"https:\/\/fcspartaktrnava.com\/erik-sabo-po-kosiciach-nasi-fanusikovia-su-fenomenalni-a-najlepsi-na-slovensku\/#primaryimage\"},\"image\":{\"@id\":\"https:\/\/fcspartaktrnava.com\/erik-sabo-po-kosiciach-nasi-fanusikovia-su-fenomenalni-a-najlepsi-na-slovensku\/#primaryimage\"},\"thumbnailUrl\":\"https:\/\/fcspartaktrnava.com\/wp-content\/uploads\/2025\/11\/LUK_0299.jpg\",\"datePublished\":\"2025-11-24T10:14:39+00:00\",\"breadcrumb\":{\"@id\":\"https:\/\/fcspartaktrnava.com\/erik-sabo-po-kosiciach-nasi-fanusikovia-su-fenomenalni-a-najlepsi-na-slovensku\/#breadcrumb\"},\"inLanguage\":\"en-GB\",\"potentialAction\":[{\"@type\":\"ReadAction\",\"target\":[\"https:\/\/fcspartaktrnava.com\/erik-sabo-po-kosiciach-nasi-fanusikovia-su-fenomenalni-a-najlepsi-na-slovensku\/\"]}]},{\"@type\":\"ImageObject\",\"inLanguage\":\"en-GB\",\"@id\":\"https:\/\/fcspartaktrnava.com\/erik-sabo-po-kosiciach-nasi-fanusikovia-su-fenomenalni-a-najlepsi-na-slovensku\/#primaryimage\",\"url\":\"https:\/\/fcspartaktrnava.com\/wp-content\/uploads\/2025\/11\/LUK_0299.jpg\",\"contentUrl\":\"https:\/\/fcspartaktrnava.com\/wp-content\/uploads\/2025\/11\/LUK_0299.jpg\",\"width\":1520,\"height\":1011},{\"@type\":\"BreadcrumbList\",\"@id\":\"https:\/\/fcspartaktrnava.com\/erik-sabo-po-kosiciach-nasi-fanusikovia-su-fenomenalni-a-najlepsi-na-slovensku\/#breadcrumb\",\"itemListElement\":[{\"@type\":\"ListItem\",\"position\":1,\"name\":\"Home\",\"item\":\"https:\/\/fcspartaktrnava.com\/\"},{\"@type\":\"ListItem\",\"position\":2,\"name\":\"Erik Sabo po Ko\u0161iciach: \u00a0Na\u0161i fan\u00fa\u0161ikovia s\u00fa fenomen\u00e1lni a\u00a0najlep\u0161\u00ed na Slovensku\"}]},{\"@type\":\"WebSite\",\"@id\":\"https:\/\/fcspartaktrnava.com\/#website\",\"url\":\"https:\/\/fcspartaktrnava.com\/\",\"name\":\"FC Spartak Trnava\",\"description\":\"ofici\u00e1lna webstr\u00e1nka futbalov\u00e9ho klubu\",\"publisher\":{\"@id\":\"https:\/\/fcspartaktrnava.com\/#organization\"},\"potentialAction\":[{\"@type\":\"SearchAction\",\"target\":{\"@type\":\"EntryPoint\",\"urlTemplate\":\"https:\/\/fcspartaktrnava.com\/?s={search_term_string}\"},\"query-input\":{\"@type\":\"PropertyValueSpecification\",\"valueRequired\":true,\"valueName\":\"search_term_string\"}}],\"inLanguage\":\"en-GB\"},{\"@type\":\"Organization\",\"@id\":\"https:\/\/fcspartaktrnava.com\/#organization\",\"name\":\"FC Spartak Trnava\",\"alternateName\":\"Spartak\",\"url\":\"https:\/\/fcspartaktrnava.com\/\",\"logo\":{\"@type\":\"ImageObject\",\"inLanguage\":\"en-GB\",\"@id\":\"https:\/\/fcspartaktrnava.com\/#\/schema\/logo\/image\/\",\"url\":\"https:\/\/fcspartaktrnava.com\/wp-content\/uploads\/2022\/08\/cropped-site_logo.png\",\"contentUrl\":\"https:\/\/fcspartaktrnava.com\/wp-content\/uploads\/2022\/08\/cropped-site_logo.png\",\"width\":140,\"height\":140,\"caption\":\"FC Spartak Trnava\"},\"image\":{\"@id\":\"https:\/\/fcspartaktrnava.com\/#\/schema\/logo\/image\/\"},\"sameAs\":[\"https:\/\/www.facebook.com\/SpartakTrnava\",\"https:\/\/x.com\/SpartakTrnava1\",\"https:\/\/www.instagram.com\/spartak_sk\/\"]},{\"@type\":\"Person\",\"@id\":\"https:\/\/fcspartaktrnava.com\/#\/schema\/person\/24bc5b254af14f71d7d8af178790aa75\",\"name\":\"spartak\",\"image\":{\"@type\":\"ImageObject\",\"inLanguage\":\"en-GB\",\"@id\":\"https:\/\/fcspartaktrnava.com\/#\/schema\/person\/image\/\",\"url\":\"https:\/\/secure.gravatar.com\/avatar\/f8ff8584f3fcf3909a11a6da9019f37749183b4015bca14e64556c52614cdc7f?s=96&d=mm&r=g\",\"contentUrl\":\"https:\/\/secure.gravatar.com\/avatar\/f8ff8584f3fcf3909a11a6da9019f37749183b4015bca14e64556c52614cdc7f?s=96&d=mm&r=g\",\"caption\":\"spartak\"},\"url\":\"https:\/\/fcspartaktrnava.com\/en\/author\/spartak\/\"}]}<\/script>\n<!-- \/ Yoast SEO plugin. -->","yoast_head_json":{"title":"Erik Sabo po Ko\u0161iciach: \u00a0Na\u0161i fan\u00fa\u0161ikovia s\u00fa fenomen\u00e1lni a\u00a0najlep\u0161\u00ed na Slovensku - FC Spartak Trnava","robots":{"index":"index","follow":"follow","max-snippet":"max-snippet:-1","max-image-preview":"max-image-preview:large","max-video-preview":"max-video-preview:-1"},"canonical":"https:\/\/fcspartaktrnava.com\/en\/erik-sabo-po-kosiciach-nasi-fanusikovia-su-fenomenalni-a-najlepsi-na-slovensku\/","twitter_misc":{"Written by":"spartak","Estimated reading time":"3 minutes"},"schema":{"@context":"https:\/\/schema.org","@graph":[{"@type":"Article","@id":"https:\/\/fcspartaktrnava.com\/erik-sabo-po-kosiciach-nasi-fanusikovia-su-fenomenalni-a-najlepsi-na-slovensku\/#article","isPartOf":{"@id":"https:\/\/fcspartaktrnava.com\/erik-sabo-po-kosiciach-nasi-fanusikovia-su-fenomenalni-a-najlepsi-na-slovensku\/"},"author":{"name":"spartak","@id":"https:\/\/fcspartaktrnava.com\/#\/schema\/person\/24bc5b254af14f71d7d8af178790aa75"},"headline":"Erik Sabo po Ko\u0161iciach: \u00a0Na\u0161i fan\u00fa\u0161ikovia s\u00fa fenomen\u00e1lni a\u00a0najlep\u0161\u00ed na Slovensku","datePublished":"2025-11-24T10:14:39+00:00","mainEntityOfPage":{"@id":"https:\/\/fcspartaktrnava.com\/erik-sabo-po-kosiciach-nasi-fanusikovia-su-fenomenalni-a-najlepsi-na-slovensku\/"},"wordCount":484,"publisher":{"@id":"https:\/\/fcspartaktrnava.com\/#organization"},"image":{"@id":"https:\/\/fcspartaktrnava.com\/erik-sabo-po-kosiciach-nasi-fanusikovia-su-fenomenalni-a-najlepsi-na-slovensku\/#primaryimage"},"thumbnailUrl":"https:\/\/fcspartaktrnava.com\/wp-content\/uploads\/2025\/11\/LUK_0299.jpg","articleSection":["Spr\u00e1vy"],"inLanguage":"en-GB"},{"@type":"WebPage","@id":"https:\/\/fcspartaktrnava.com\/erik-sabo-po-kosiciach-nasi-fanusikovia-su-fenomenalni-a-najlepsi-na-slovensku\/","url":"https:\/\/fcspartaktrnava.com\/erik-sabo-po-kosiciach-nasi-fanusikovia-su-fenomenalni-a-najlepsi-na-slovensku\/","name":"Erik Sabo po Ko\u0161iciach: \u00a0Na\u0161i fan\u00fa\u0161ikovia s\u00fa fenomen\u00e1lni a\u00a0najlep\u0161\u00ed na Slovensku - FC Spartak Trnava","isPartOf":{"@id":"https:\/\/fcspartaktrnava.com\/#website"},"primaryImageOfPage":{"@id":"https:\/\/fcspartaktrnava.com\/erik-sabo-po-kosiciach-nasi-fanusikovia-su-fenomenalni-a-najlepsi-na-slovensku\/#primaryimage"},"image":{"@id":"https:\/\/fcspartaktrnava.com\/erik-sabo-po-kosiciach-nasi-fanusikovia-su-fenomenalni-a-najlepsi-na-slovensku\/#primaryimage"},"thumbnailUrl":"https:\/\/fcspartaktrnava.com\/wp-content\/uploads\/2025\/11\/LUK_0299.jpg","datePublished":"2025-11-24T10:14:39+00:00","breadcrumb":{"@id":"https:\/\/fcspartaktrnava.com\/erik-sabo-po-kosiciach-nasi-fanusikovia-su-fenomenalni-a-najlepsi-na-slovensku\/#breadcrumb"},"inLanguage":"en-GB","potentialAction":[{"@type":"ReadAction","target":["https:\/\/fcspartaktrnava.com\/erik-sabo-po-kosiciach-nasi-fanusikovia-su-fenomenalni-a-najlepsi-na-slovensku\/"]}]},{"@type":"ImageObject","inLanguage":"en-GB","@id":"https:\/\/fcspartaktrnava.com\/erik-sabo-po-kosiciach-nasi-fanusikovia-su-fenomenalni-a-najlepsi-na-slovensku\/#primaryimage","url":"https:\/\/fcspartaktrnava.com\/wp-content\/uploads\/2025\/11\/LUK_0299.jpg","contentUrl":"https:\/\/fcspartaktrnava.com\/wp-content\/uploads\/2025\/11\/LUK_0299.jpg","width":1520,"height":1011},{"@type":"BreadcrumbList","@id":"https:\/\/fcspartaktrnava.com\/erik-sabo-po-kosiciach-nasi-fanusikovia-su-fenomenalni-a-najlepsi-na-slovensku\/#breadcrumb","itemListElement":[{"@type":"ListItem","position":1,"name":"Home","item":"https:\/\/fcspartaktrnava.com\/"},{"@type":"ListItem","position":2,"name":"Erik Sabo po Ko\u0161iciach: \u00a0Na\u0161i fan\u00fa\u0161ikovia s\u00fa fenomen\u00e1lni a\u00a0najlep\u0161\u00ed na Slovensku"}]},{"@type":"WebSite","@id":"https:\/\/fcspartaktrnava.com\/#website","url":"https:\/\/fcspartaktrnava.com\/","name":"FC Spartak Trnava","description":"ofici\u00e1lna webstr\u00e1nka futbalov\u00e9ho klubu","publisher":{"@id":"https:\/\/fcspartaktrnava.com\/#organization"},"potentialAction":[{"@type":"SearchAction","target":{"@type":"EntryPoint","urlTemplate":"https:\/\/fcspartaktrnava.com\/?s={search_term_string}"},"query-input":{"@type":"PropertyValueSpecification","valueRequired":true,"valueName":"search_term_string"}}],"inLanguage":"en-GB"},{"@type":"Organization","@id":"https:\/\/fcspartaktrnava.com\/#organization","name":"FC Spartak Trnava","alternateName":"Spartak","url":"https:\/\/fcspartaktrnava.com\/","logo":{"@type":"ImageObject","inLanguage":"en-GB","@id":"https:\/\/fcspartaktrnava.com\/#\/schema\/logo\/image\/","url":"https:\/\/fcspartaktrnava.com\/wp-content\/uploads\/2022\/08\/cropped-site_logo.png","contentUrl":"https:\/\/fcspartaktrnava.com\/wp-content\/uploads\/2022\/08\/cropped-site_logo.png","width":140,"height":140,"caption":"FC Spartak Trnava"},"image":{"@id":"https:\/\/fcspartaktrnava.com\/#\/schema\/logo\/image\/"},"sameAs":["https:\/\/www.facebook.com\/SpartakTrnava","https:\/\/x.com\/SpartakTrnava1","https:\/\/www.instagram.com\/spartak_sk\/"]},{"@type":"Person","@id":"https:\/\/fcspartaktrnava.com\/#\/schema\/person\/24bc5b254af14f71d7d8af178790aa75","name":"spartak","image":{"@type":"ImageObject","inLanguage":"en-GB","@id":"https:\/\/fcspartaktrnava.com\/#\/schema\/person\/image\/","url":"https:\/\/secure.gravatar.com\/avatar\/f8ff8584f3fcf3909a11a6da9019f37749183b4015bca14e64556c52614cdc7f?s=96&d=mm&r=g","contentUrl":"https:\/\/secure.gravatar.com\/avatar\/f8ff8584f3fcf3909a11a6da9019f37749183b4015bca14e64556c52614cdc7f?s=96&d=mm&r=g","caption":"spartak"},"url":"https:\/\/fcspartaktrnava.com\/en\/author\/spartak\/"}]}},"_links":{"self":[{"href":"https:\/\/fcspartaktrnava.com\/en\/wp-json\/wp\/v2\/posts\/37204","targetHints":{"allow":["GET"]}}],"collection":[{"href":"https:\/\/fcspartaktrnava.com\/en\/wp-json\/wp\/v2\/posts"}],"about":[{"href":"https:\/\/fcspartaktrnava.com\/en\/wp-json\/wp\/v2\/types\/post"}],"author":[{"embeddable":true,"href":"https:\/\/fcspartaktrnava.com\/en\/wp-json\/wp\/v2\/users\/2"}],"replies":[{"embeddable":true,"href":"https:\/\/fcspartaktrnava.com\/en\/wp-json\/wp\/v2\/comments?post=37204"}],"version-history":[{"count":0,"href":"https:\/\/fcspartaktrnava.com\/en\/wp-json\/wp\/v2\/posts\/37204\/revisions"}],"wp:featuredmedia":[{"embeddable":true,"href":"https:\/\/fcspartaktrnava.com\/en\/wp-json\/wp\/v2\/media\/37197"}],"wp:attachment":[{"href":"https:\/\/fcspartaktrnava.com\/en\/wp-json\/wp\/v2\/media?parent=37204"}],"wp:term":[{"taxonomy":"category","embeddable":true,"href":"https:\/\/fcspartaktrnava.com\/en\/wp-json\/wp\/v2\/categories?post=37204"},{"taxonomy":"post_tag","embeddable":true,"href":"https:\/\/fcspartaktrnava.com\/en\/wp-json\/wp\/v2\/tags?post=37204"}],"curies":[{"name":"wp","href":"https:\/\/api.w.org\/{rel}","templated":true}]}}