{"id":36808,"date":"2025-11-13T14:25:46","date_gmt":"2025-11-13T12:25:46","guid":{"rendered":"https:\/\/fcspartaktrnava.com\/?p=36808"},"modified":"2025-11-14T10:23:47","modified_gmt":"2025-11-14T08:23:47","slug":"chladnejsie-dni-uz-nie-su-prekazkou-objavte-liniu-pumatech-v-fcstore","status":"publish","type":"post","link":"https:\/\/fcspartaktrnava.com\/en\/chladnejsie-dni-uz-nie-su-prekazkou-objavte-liniu-pumatech-v-fcstore\/","title":{"rendered":"Chladnej\u0161ie dni u\u017e nie s\u00fa prek\u00e1\u017ekou. Objavte l\u00edniu PumaTech v\u00a0FCSTORE"},"content":{"rendered":"<p style=\"font-size:25px\"><strong>FCSTORE v\u00e1m s rados\u0165ou predstavuje \u00faplne nov\u00fa jesenn\u00fa\/zimn\u00fa kolekciu oble\u010denia od zna\u010dky Puma. Ide o komfortn\u00e9, \u0161t\u00fdlov\u00e9 outfity na ka\u017ed\u00fd de\u0148, vhodn\u00e9 pre mal\u00fdch aj ve\u013ek\u00fdch fan\u00fa\u0161ikov n\u00e1\u0161ho klubu.<\/strong><\/p>\n\n\n\n<p class=\"has-medium-font-size\">S pr\u00edchodom chladnej\u0161ieho po\u010dasia je spr\u00e1vny \u010das doplni\u0165 \u0161atn\u00edk o k\u00fasky, ktor\u00e9 v\u00e1s zahrej\u00fa, pritom podporia farby a ducha Spartaka. Nov\u00e1 limitovan\u00e1 kolekcia jese\u0148-zima od Pumy pon\u00faka pestr\u00fa paletu modelov, ktor\u00e9 zahrej\u00fa telo a srdce v\u0161etk\u00fdm fan\u00fa\u0161ikom \u010derveno-\u010d\u00edrnych farieb. Ka\u017ed\u00fd fan\u00fa\u0161ik, mal\u00fd \u010di ve\u013ek\u00fd, si vyberie a m\u00f4\u017ee sa c\u00edti\u0165 pohodlne aj vo vo\u013enom \u010dase.<\/p>\n\n\n\n<p class=\"has-medium-font-size\"><strong>\u010co prin\u00e1\u0161a kolekcia<\/strong><\/p>\n\n\n\n<ul class=\"wp-block-list\">\n<li class=\"has-medium-font-size\">&#8211; Pohodln\u00e9 tepl\u00e1kov\u00e9 s\u00fapravy, mikiny a&nbsp;tepl\u00e1ky. Ide\u00e1lne na vo\u013en\u00fd \u010das, do \u0161koly \u010di mimo \u0161tadi\u00f3n.<\/li>\n\n\n\n<li class=\"has-medium-font-size\">&#8211; Fleece mikiny pre dospel\u00fdch, ale aj vesty pre deti aby ani t\u00ed najmen\u0161\u00ed neboli ochudobnen\u00ed o klubov\u00fd \u0161t\u00fdl.<\/li>\n\n\n\n<li class=\"has-medium-font-size\">&#8211; Streetwearov\u00e1 l\u00ednia PumaTech v dizajne FCST sp\u00e1ja modern\u00e9 k\u00fasky, ktor\u00e9 nielen podporuj\u00fa klub, ale s\u00fa aj m\u00f3dnym v\u00fdberom. Na str\u00e1nke <strong><a href=\"http:\/\/fcstore.sk\">fcstore.sk<\/a><\/strong> n\u00e1jdete napr\u00edklad bundu z PumaTech l\u00ednie s technol\u00f3giou warmCELL do chladnej\u0161ieho po\u010dasia.<\/li>\n\n\n\n<li class=\"has-medium-font-size\">&#8211; Oble\u010denie sadne ka\u017edej postave, pre mu\u017eov, \u017eeny aj deti, v r\u00f4znych strihoch a ve\u013ekostiach.<\/li>\n<\/ul>\n\n\n<div class=\"wp-block-image\">\n<figure class=\"aligncenter size-large is-resized\"><a href=\"https:\/\/fcstore.sk\/kategoria\/merch\/\"><img loading=\"lazy\" decoding=\"async\" width=\"1024\" height=\"427\" src=\"https:\/\/fcspartaktrnava.com\/wp-content\/uploads\/2025\/11\/BannerFCSTORE-1024x427.png\" alt=\"\" class=\"wp-image-36810\" style=\"width:716px;height:auto\" srcset=\"https:\/\/fcspartaktrnava.com\/wp-content\/uploads\/2025\/11\/BannerFCSTORE-1024x427.png 1024w, https:\/\/fcspartaktrnava.com\/wp-content\/uploads\/2025\/11\/BannerFCSTORE-300x125.png 300w, https:\/\/fcspartaktrnava.com\/wp-content\/uploads\/2025\/11\/BannerFCSTORE-768x320.png 768w, https:\/\/fcspartaktrnava.com\/wp-content\/uploads\/2025\/11\/BannerFCSTORE-1536x640.png 1536w, https:\/\/fcspartaktrnava.com\/wp-content\/uploads\/2025\/11\/BannerFCSTORE-2048x854.png 2048w, https:\/\/fcspartaktrnava.com\/wp-content\/uploads\/2025\/11\/BannerFCSTORE-18x8.png 18w\" sizes=\"auto, (max-width: 1024px) 100vw, 1024px\" \/><\/a><\/figure>\n<\/div>\n\n\n<p class=\"has-medium-font-size\"><strong>Zauj\u00edmavos\u0165 zo z\u00e1kulisia nat\u00e1\u010dania promo videa<\/strong><\/p>\n\n\n\n<p class=\"has-medium-font-size\">Nat\u00e1\u010danie novej kolekcie prebehlo pod doh\u013eadom sk\u00fasen\u00e9ho kameramana Paliho Ban\u00e1\u0161a. Nov\u00fa kolekciu si na sebe vysk\u00fa\u0161ali hr\u00e1\u010d A-t\u00edmu Roko Jure\u0161kin, ale aj trnav\u010dan Kevin Mru\u0161kovi\u010d, ktor\u00fd sa m\u00f4\u017ee p\u00fd\u0161i\u0165 titulom &#8222;Man of the Year 2024&#8220;. Nech\u00fdbala ani na\u0161a modelka Danka a tie\u017e deti\u010dky Am\u00e1lka a Samko, ktor\u00e9 hrdo odprezentovali na\u0161u nov\u00fa kolekciu pre najmen\u0161\u00edch. <br><br>Ide o mix lifestylov\u00e9ho a \u0161portov\u00e9ho \u0161t\u00fdlu, vhodn\u00fd na ka\u017edodenn\u00e9 nosenie, \u010di na \u0161portovanie. <\/p>\n\n\n\n<figure class=\"wp-block-embed is-type-video is-provider-youtube wp-block-embed-youtube wp-embed-aspect-16-9 wp-has-aspect-ratio\"><div class=\"wp-block-embed__wrapper\">\n<iframe loading=\"lazy\" title=\"LOOKBOOK | Nov\u00e1 kolekcia FCSTORE jese\u0148\/zima\" width=\"500\" height=\"281\" src=\"https:\/\/www.youtube.com\/embed\/IFLCOfMFlXE?feature=oembed&#038;enablejsapi=1&#038;origin=https:\/\/fcspartaktrnava.com\" frameborder=\"0\" allow=\"accelerometer; autoplay; clipboard-write; encrypted-media; gyroscope; picture-in-picture; web-share\" referrerpolicy=\"strict-origin-when-cross-origin\" allowfullscreen><\/iframe>\n<\/div><\/figure>\n\n\n\n<p class=\"has-medium-font-size\"><strong>Ako a kde nak\u00fapi\u0165<\/strong><\/p>\n\n\n\n<p class=\"has-medium-font-size\">Nav\u0161t\u00edvte ofici\u00e1lny e-shop FCSTORE.sk alebo kamenn\u00fd fanshop n\u00e1\u0161ho klubu. Odpor\u00fa\u010dame nev\u00e1ha\u0165, nov\u00e9 modely a ve\u013ekosti sa r\u00fdchlo m\u00ed\u0148aj\u00fa.<\/p>","protected":false},"excerpt":{"rendered":"<p>FCSTORE v\u00e1m s rados\u0165ou predstavuje \u00faplne nov\u00fa jesenn\u00fa\/zimn\u00fa&#8230;<\/p>","protected":false},"author":5,"featured_media":36809,"comment_status":"closed","ping_status":"closed","sticky":false,"template":"","format":"standard","meta":{"footnotes":""},"categories":[12],"tags":[],"class_list":["post-36808","post","type-post","status-publish","format-standard","has-post-thumbnail","hentry","category-spravy","post-number-1"],"yoast_head":"<!-- This site is optimized with the Yoast SEO plugin v27.1.1 - https:\/\/yoast.com\/product\/yoast-seo-wordpress\/ -->\n<title>Chladnej\u0161ie dni u\u017e nie s\u00fa prek\u00e1\u017ekou. Objavte l\u00edniu PumaTech v\u00a0FCSTORE - FC Spartak Trnava<\/title>\n<meta name=\"robots\" content=\"index, follow, max-snippet:-1, max-image-preview:large, max-video-preview:-1\" \/>\n<link rel=\"canonical\" href=\"https:\/\/fcspartaktrnava.com\/en\/chladnejsie-dni-uz-nie-su-prekazkou-objavte-liniu-pumatech-v-fcstore\/\" \/>\n<meta name=\"twitter:label1\" content=\"Written by\" \/>\n\t<meta name=\"twitter:data1\" content=\"Samuel \u010eurinsk\u00fd\" \/>\n\t<meta name=\"twitter:label2\" content=\"Estimated reading time\" \/>\n\t<meta name=\"twitter:data2\" content=\"2 minutes\" \/>\n<script type=\"application\/ld+json\" class=\"yoast-schema-graph\">{\"@context\":\"https:\/\/schema.org\",\"@graph\":[{\"@type\":\"Article\",\"@id\":\"https:\/\/fcspartaktrnava.com\/chladnejsie-dni-uz-nie-su-prekazkou-objavte-liniu-pumatech-v-fcstore\/#article\",\"isPartOf\":{\"@id\":\"https:\/\/fcspartaktrnava.com\/chladnejsie-dni-uz-nie-su-prekazkou-objavte-liniu-pumatech-v-fcstore\/\"},\"author\":{\"name\":\"Samuel \u010eurinsk\u00fd\",\"@id\":\"https:\/\/fcspartaktrnava.com\/#\/schema\/person\/62c3c2562c3c56e4c0c8c2342c596ac0\"},\"headline\":\"Chladnej\u0161ie dni u\u017e nie s\u00fa prek\u00e1\u017ekou. Objavte l\u00edniu PumaTech v\u00a0FCSTORE\",\"datePublished\":\"2025-11-13T12:25:46+00:00\",\"dateModified\":\"2025-11-14T08:23:47+00:00\",\"mainEntityOfPage\":{\"@id\":\"https:\/\/fcspartaktrnava.com\/chladnejsie-dni-uz-nie-su-prekazkou-objavte-liniu-pumatech-v-fcstore\/\"},\"wordCount\":379,\"publisher\":{\"@id\":\"https:\/\/fcspartaktrnava.com\/#organization\"},\"image\":{\"@id\":\"https:\/\/fcspartaktrnava.com\/chladnejsie-dni-uz-nie-su-prekazkou-objavte-liniu-pumatech-v-fcstore\/#primaryimage\"},\"thumbnailUrl\":\"https:\/\/fcspartaktrnava.com\/wp-content\/uploads\/2025\/11\/LUC_3894-scaled.jpg\",\"articleSection\":[\"Spr\u00e1vy\"],\"inLanguage\":\"en-GB\"},{\"@type\":\"WebPage\",\"@id\":\"https:\/\/fcspartaktrnava.com\/chladnejsie-dni-uz-nie-su-prekazkou-objavte-liniu-pumatech-v-fcstore\/\",\"url\":\"https:\/\/fcspartaktrnava.com\/chladnejsie-dni-uz-nie-su-prekazkou-objavte-liniu-pumatech-v-fcstore\/\",\"name\":\"Chladnej\u0161ie dni u\u017e nie s\u00fa prek\u00e1\u017ekou. Objavte l\u00edniu PumaTech v\u00a0FCSTORE - FC Spartak Trnava\",\"isPartOf\":{\"@id\":\"https:\/\/fcspartaktrnava.com\/#website\"},\"primaryImageOfPage\":{\"@id\":\"https:\/\/fcspartaktrnava.com\/chladnejsie-dni-uz-nie-su-prekazkou-objavte-liniu-pumatech-v-fcstore\/#primaryimage\"},\"image\":{\"@id\":\"https:\/\/fcspartaktrnava.com\/chladnejsie-dni-uz-nie-su-prekazkou-objavte-liniu-pumatech-v-fcstore\/#primaryimage\"},\"thumbnailUrl\":\"https:\/\/fcspartaktrnava.com\/wp-content\/uploads\/2025\/11\/LUC_3894-scaled.jpg\",\"datePublished\":\"2025-11-13T12:25:46+00:00\",\"dateModified\":\"2025-11-14T08:23:47+00:00\",\"breadcrumb\":{\"@id\":\"https:\/\/fcspartaktrnava.com\/chladnejsie-dni-uz-nie-su-prekazkou-objavte-liniu-pumatech-v-fcstore\/#breadcrumb\"},\"inLanguage\":\"en-GB\",\"potentialAction\":[{\"@type\":\"ReadAction\",\"target\":[\"https:\/\/fcspartaktrnava.com\/chladnejsie-dni-uz-nie-su-prekazkou-objavte-liniu-pumatech-v-fcstore\/\"]}]},{\"@type\":\"ImageObject\",\"inLanguage\":\"en-GB\",\"@id\":\"https:\/\/fcspartaktrnava.com\/chladnejsie-dni-uz-nie-su-prekazkou-objavte-liniu-pumatech-v-fcstore\/#primaryimage\",\"url\":\"https:\/\/fcspartaktrnava.com\/wp-content\/uploads\/2025\/11\/LUC_3894-scaled.jpg\",\"contentUrl\":\"https:\/\/fcspartaktrnava.com\/wp-content\/uploads\/2025\/11\/LUC_3894-scaled.jpg\",\"width\":2560,\"height\":1937},{\"@type\":\"BreadcrumbList\",\"@id\":\"https:\/\/fcspartaktrnava.com\/chladnejsie-dni-uz-nie-su-prekazkou-objavte-liniu-pumatech-v-fcstore\/#breadcrumb\",\"itemListElement\":[{\"@type\":\"ListItem\",\"position\":1,\"name\":\"Home\",\"item\":\"https:\/\/fcspartaktrnava.com\/\"},{\"@type\":\"ListItem\",\"position\":2,\"name\":\"Chladnej\u0161ie dni u\u017e nie s\u00fa prek\u00e1\u017ekou. Objavte l\u00edniu PumaTech v\u00a0FCSTORE\"}]},{\"@type\":\"WebSite\",\"@id\":\"https:\/\/fcspartaktrnava.com\/#website\",\"url\":\"https:\/\/fcspartaktrnava.com\/\",\"name\":\"FC Spartak Trnava\",\"description\":\"ofici\u00e1lna webstr\u00e1nka futbalov\u00e9ho klubu\",\"publisher\":{\"@id\":\"https:\/\/fcspartaktrnava.com\/#organization\"},\"potentialAction\":[{\"@type\":\"SearchAction\",\"target\":{\"@type\":\"EntryPoint\",\"urlTemplate\":\"https:\/\/fcspartaktrnava.com\/?s={search_term_string}\"},\"query-input\":{\"@type\":\"PropertyValueSpecification\",\"valueRequired\":true,\"valueName\":\"search_term_string\"}}],\"inLanguage\":\"en-GB\"},{\"@type\":\"Organization\",\"@id\":\"https:\/\/fcspartaktrnava.com\/#organization\",\"name\":\"FC Spartak Trnava\",\"alternateName\":\"Spartak\",\"url\":\"https:\/\/fcspartaktrnava.com\/\",\"logo\":{\"@type\":\"ImageObject\",\"inLanguage\":\"en-GB\",\"@id\":\"https:\/\/fcspartaktrnava.com\/#\/schema\/logo\/image\/\",\"url\":\"https:\/\/fcspartaktrnava.com\/wp-content\/uploads\/2022\/08\/cropped-site_logo.png\",\"contentUrl\":\"https:\/\/fcspartaktrnava.com\/wp-content\/uploads\/2022\/08\/cropped-site_logo.png\",\"width\":140,\"height\":140,\"caption\":\"FC Spartak Trnava\"},\"image\":{\"@id\":\"https:\/\/fcspartaktrnava.com\/#\/schema\/logo\/image\/\"},\"sameAs\":[\"https:\/\/www.facebook.com\/SpartakTrnava\",\"https:\/\/x.com\/SpartakTrnava1\",\"https:\/\/www.instagram.com\/spartak_sk\/\"]},{\"@type\":\"Person\",\"@id\":\"https:\/\/fcspartaktrnava.com\/#\/schema\/person\/62c3c2562c3c56e4c0c8c2342c596ac0\",\"name\":\"Samuel \u010eurinsk\u00fd\",\"image\":{\"@type\":\"ImageObject\",\"inLanguage\":\"en-GB\",\"@id\":\"https:\/\/fcspartaktrnava.com\/#\/schema\/person\/image\/\",\"url\":\"https:\/\/secure.gravatar.com\/avatar\/af2fa02af92418b86ed742470664fe40056833fb68d84becf03f6ab02319257c?s=96&d=mm&r=g\",\"contentUrl\":\"https:\/\/secure.gravatar.com\/avatar\/af2fa02af92418b86ed742470664fe40056833fb68d84becf03f6ab02319257c?s=96&d=mm&r=g\",\"caption\":\"Samuel \u010eurinsk\u00fd\"},\"url\":\"https:\/\/fcspartaktrnava.com\/en\/author\/fcst-samuel\/\"}]}<\/script>\n<!-- \/ Yoast SEO plugin. -->","yoast_head_json":{"title":"Chladnej\u0161ie dni u\u017e nie s\u00fa prek\u00e1\u017ekou. Objavte l\u00edniu PumaTech v\u00a0FCSTORE - FC Spartak Trnava","robots":{"index":"index","follow":"follow","max-snippet":"max-snippet:-1","max-image-preview":"max-image-preview:large","max-video-preview":"max-video-preview:-1"},"canonical":"https:\/\/fcspartaktrnava.com\/en\/chladnejsie-dni-uz-nie-su-prekazkou-objavte-liniu-pumatech-v-fcstore\/","twitter_misc":{"Written by":"Samuel \u010eurinsk\u00fd","Estimated reading time":"2 minutes"},"schema":{"@context":"https:\/\/schema.org","@graph":[{"@type":"Article","@id":"https:\/\/fcspartaktrnava.com\/chladnejsie-dni-uz-nie-su-prekazkou-objavte-liniu-pumatech-v-fcstore\/#article","isPartOf":{"@id":"https:\/\/fcspartaktrnava.com\/chladnejsie-dni-uz-nie-su-prekazkou-objavte-liniu-pumatech-v-fcstore\/"},"author":{"name":"Samuel \u010eurinsk\u00fd","@id":"https:\/\/fcspartaktrnava.com\/#\/schema\/person\/62c3c2562c3c56e4c0c8c2342c596ac0"},"headline":"Chladnej\u0161ie dni u\u017e nie s\u00fa prek\u00e1\u017ekou. Objavte l\u00edniu PumaTech v\u00a0FCSTORE","datePublished":"2025-11-13T12:25:46+00:00","dateModified":"2025-11-14T08:23:47+00:00","mainEntityOfPage":{"@id":"https:\/\/fcspartaktrnava.com\/chladnejsie-dni-uz-nie-su-prekazkou-objavte-liniu-pumatech-v-fcstore\/"},"wordCount":379,"publisher":{"@id":"https:\/\/fcspartaktrnava.com\/#organization"},"image":{"@id":"https:\/\/fcspartaktrnava.com\/chladnejsie-dni-uz-nie-su-prekazkou-objavte-liniu-pumatech-v-fcstore\/#primaryimage"},"thumbnailUrl":"https:\/\/fcspartaktrnava.com\/wp-content\/uploads\/2025\/11\/LUC_3894-scaled.jpg","articleSection":["Spr\u00e1vy"],"inLanguage":"en-GB"},{"@type":"WebPage","@id":"https:\/\/fcspartaktrnava.com\/chladnejsie-dni-uz-nie-su-prekazkou-objavte-liniu-pumatech-v-fcstore\/","url":"https:\/\/fcspartaktrnava.com\/chladnejsie-dni-uz-nie-su-prekazkou-objavte-liniu-pumatech-v-fcstore\/","name":"Chladnej\u0161ie dni u\u017e nie s\u00fa prek\u00e1\u017ekou. Objavte l\u00edniu PumaTech v\u00a0FCSTORE - FC Spartak Trnava","isPartOf":{"@id":"https:\/\/fcspartaktrnava.com\/#website"},"primaryImageOfPage":{"@id":"https:\/\/fcspartaktrnava.com\/chladnejsie-dni-uz-nie-su-prekazkou-objavte-liniu-pumatech-v-fcstore\/#primaryimage"},"image":{"@id":"https:\/\/fcspartaktrnava.com\/chladnejsie-dni-uz-nie-su-prekazkou-objavte-liniu-pumatech-v-fcstore\/#primaryimage"},"thumbnailUrl":"https:\/\/fcspartaktrnava.com\/wp-content\/uploads\/2025\/11\/LUC_3894-scaled.jpg","datePublished":"2025-11-13T12:25:46+00:00","dateModified":"2025-11-14T08:23:47+00:00","breadcrumb":{"@id":"https:\/\/fcspartaktrnava.com\/chladnejsie-dni-uz-nie-su-prekazkou-objavte-liniu-pumatech-v-fcstore\/#breadcrumb"},"inLanguage":"en-GB","potentialAction":[{"@type":"ReadAction","target":["https:\/\/fcspartaktrnava.com\/chladnejsie-dni-uz-nie-su-prekazkou-objavte-liniu-pumatech-v-fcstore\/"]}]},{"@type":"ImageObject","inLanguage":"en-GB","@id":"https:\/\/fcspartaktrnava.com\/chladnejsie-dni-uz-nie-su-prekazkou-objavte-liniu-pumatech-v-fcstore\/#primaryimage","url":"https:\/\/fcspartaktrnava.com\/wp-content\/uploads\/2025\/11\/LUC_3894-scaled.jpg","contentUrl":"https:\/\/fcspartaktrnava.com\/wp-content\/uploads\/2025\/11\/LUC_3894-scaled.jpg","width":2560,"height":1937},{"@type":"BreadcrumbList","@id":"https:\/\/fcspartaktrnava.com\/chladnejsie-dni-uz-nie-su-prekazkou-objavte-liniu-pumatech-v-fcstore\/#breadcrumb","itemListElement":[{"@type":"ListItem","position":1,"name":"Home","item":"https:\/\/fcspartaktrnava.com\/"},{"@type":"ListItem","position":2,"name":"Chladnej\u0161ie dni u\u017e nie s\u00fa prek\u00e1\u017ekou. Objavte l\u00edniu PumaTech v\u00a0FCSTORE"}]},{"@type":"WebSite","@id":"https:\/\/fcspartaktrnava.com\/#website","url":"https:\/\/fcspartaktrnava.com\/","name":"FC Spartak Trnava","description":"ofici\u00e1lna webstr\u00e1nka futbalov\u00e9ho klubu","publisher":{"@id":"https:\/\/fcspartaktrnava.com\/#organization"},"potentialAction":[{"@type":"SearchAction","target":{"@type":"EntryPoint","urlTemplate":"https:\/\/fcspartaktrnava.com\/?s={search_term_string}"},"query-input":{"@type":"PropertyValueSpecification","valueRequired":true,"valueName":"search_term_string"}}],"inLanguage":"en-GB"},{"@type":"Organization","@id":"https:\/\/fcspartaktrnava.com\/#organization","name":"FC Spartak Trnava","alternateName":"Spartak","url":"https:\/\/fcspartaktrnava.com\/","logo":{"@type":"ImageObject","inLanguage":"en-GB","@id":"https:\/\/fcspartaktrnava.com\/#\/schema\/logo\/image\/","url":"https:\/\/fcspartaktrnava.com\/wp-content\/uploads\/2022\/08\/cropped-site_logo.png","contentUrl":"https:\/\/fcspartaktrnava.com\/wp-content\/uploads\/2022\/08\/cropped-site_logo.png","width":140,"height":140,"caption":"FC Spartak Trnava"},"image":{"@id":"https:\/\/fcspartaktrnava.com\/#\/schema\/logo\/image\/"},"sameAs":["https:\/\/www.facebook.com\/SpartakTrnava","https:\/\/x.com\/SpartakTrnava1","https:\/\/www.instagram.com\/spartak_sk\/"]},{"@type":"Person","@id":"https:\/\/fcspartaktrnava.com\/#\/schema\/person\/62c3c2562c3c56e4c0c8c2342c596ac0","name":"Samuel \u010eurinsk\u00fd","image":{"@type":"ImageObject","inLanguage":"en-GB","@id":"https:\/\/fcspartaktrnava.com\/#\/schema\/person\/image\/","url":"https:\/\/secure.gravatar.com\/avatar\/af2fa02af92418b86ed742470664fe40056833fb68d84becf03f6ab02319257c?s=96&d=mm&r=g","contentUrl":"https:\/\/secure.gravatar.com\/avatar\/af2fa02af92418b86ed742470664fe40056833fb68d84becf03f6ab02319257c?s=96&d=mm&r=g","caption":"Samuel \u010eurinsk\u00fd"},"url":"https:\/\/fcspartaktrnava.com\/en\/author\/fcst-samuel\/"}]}},"_links":{"self":[{"href":"https:\/\/fcspartaktrnava.com\/en\/wp-json\/wp\/v2\/posts\/36808","targetHints":{"allow":["GET"]}}],"collection":[{"href":"https:\/\/fcspartaktrnava.com\/en\/wp-json\/wp\/v2\/posts"}],"about":[{"href":"https:\/\/fcspartaktrnava.com\/en\/wp-json\/wp\/v2\/types\/post"}],"author":[{"embeddable":true,"href":"https:\/\/fcspartaktrnava.com\/en\/wp-json\/wp\/v2\/users\/5"}],"replies":[{"embeddable":true,"href":"https:\/\/fcspartaktrnava.com\/en\/wp-json\/wp\/v2\/comments?post=36808"}],"version-history":[{"count":0,"href":"https:\/\/fcspartaktrnava.com\/en\/wp-json\/wp\/v2\/posts\/36808\/revisions"}],"wp:featuredmedia":[{"embeddable":true,"href":"https:\/\/fcspartaktrnava.com\/en\/wp-json\/wp\/v2\/media\/36809"}],"wp:attachment":[{"href":"https:\/\/fcspartaktrnava.com\/en\/wp-json\/wp\/v2\/media?parent=36808"}],"wp:term":[{"taxonomy":"category","embeddable":true,"href":"https:\/\/fcspartaktrnava.com\/en\/wp-json\/wp\/v2\/categories?post=36808"},{"taxonomy":"post_tag","embeddable":true,"href":"https:\/\/fcspartaktrnava.com\/en\/wp-json\/wp\/v2\/tags?post=36808"}],"curies":[{"name":"wp","href":"https:\/\/api.w.org\/{rel}","templated":true}]}}