{"id":36607,"date":"2025-11-09T21:26:23","date_gmt":"2025-11-09T19:26:23","guid":{"rendered":"https:\/\/fcspartaktrnava.com\/?p=36607"},"modified":"2025-11-09T21:53:25","modified_gmt":"2025-11-09T19:53:25","slug":"spartak-neudrzal-vedenie-a-v-presove-prehral","status":"publish","type":"post","link":"https:\/\/fcspartaktrnava.com\/en\/spartak-neudrzal-vedenie-a-v-presove-prehral\/","title":{"rendered":"Spartak neudr\u017eal vedenie a v Pre\u0161ove prehral"},"content":{"rendered":"<p class=\"has-text-align-center has-black-color has-white-background-color has-text-color has-background has-link-color has-medium-font-size wp-elements-b07ff1e6cac96254ddc6946ecf447af8\"><strong>FC Tatran Pre\u0161ov \u2013 FC Spartak Trnava 2:1 (2:1)<\/strong><br><br><strong>Pre\u0161ov:<\/strong> Bajza \u2013 Menich, Bondarenko, Balodis \u2013 Kotula, \u0160imko, Begala, Revenco (90+1. G\u00e1ll) \u2013 Olejn\u00edk (77: Sou\u010dek), Masaryk (63. Simon), Reg\u00e1li (77. Sagna)<br><br><strong>Spartak <\/strong>\u2013 Frelih \u2013 Sabo (C), Nwadike, Stojsavljevi\u010d \u2013 Hol\u00edk, Moistrapishvili, Kratochv\u00edl, Jure\u0161kin (58. Mikovi\u010d) \u2013 Gong (58. Azango, 86. Khorkheli)), Taiwo (75. \u010euri\u0161), Kudli\u010dka (58. \u0160krbo)<br><br><strong>Goals<\/strong>: 41. Olejn\u00edk, 45+6. Reg\u00e1li &#8211; 26. Kudli\u010dka<br><br><strong>Yellow cards<\/strong>: Begala, \u0160imko, Balodis \u2013 Taiwo, Kratochv\u00edl, \u010euri\u0161<br><br><strong>Red cards<\/strong>: Moistsrapishvili<br><br><strong>Rozhodoval<\/strong>: Kru\u017eliak<br><br><strong>Spectators<\/strong>: 6327<\/p>\n\n\n\n<p class=\"has-medium-font-size\">Na \u0161tadi\u00f3ne Ladislava Pavlovi\u010da v&nbsp;Pre\u0161ove boli trib\u00fany zaplnen\u00e9 do posledn\u00e9ho miesta a do z\u00e1kladnej zostavy Spartaka sa op\u00e4\u0165 dostal Kudli\u010dka, nast\u00fapil na \u013eavom kr\u00eddle. Gong dostal \u0161ancu na pravej strane a&nbsp;na hrote u\u017e tradi\u010dne operoval Taiwo. V&nbsp;z\u00e1lohe nahradil Kratochv\u00edl Proch\u00e1zku. Na poz\u00edcii \u013eav\u00e9ho stop\u00e9ra nast\u00fapil Stojsavljevi\u010d.<\/p>\n\n\n\n<p class=\"has-medium-font-size\">V&nbsp;samotnom \u00favode musel Kru\u017eliak duel na p\u00e1r min\u00fat preru\u0161i\u0165 pre dymovnice z&nbsp;dom\u00e1ceho sektora. V&nbsp;deviatej min\u00fate sa do \u0161ance dostali dom\u00e1ci, ke\u010f centrovan\u00fa loptu z&nbsp;\u013eavej strany zakon\u010doval Olejn\u00edk, ale Frelih predviedol v\u00fdborn\u00fd z\u00e1krok. G\u00f3lom sa neskon\u010dila ani strela Reg\u00e1liho z&nbsp;\u013eavej strany, \u00fato\u010dn\u00edk dom\u00e1cich minul trnavsk\u00fa br\u00e1nku.<br><br>V 26. min\u00fate u\u017e sa Spartak dostal do vedenia. Po chybe Reg\u00e1liho po pravej strane unikol Hol\u00edk a&nbsp;prihr\u00e1vkou na\u0161iel pred \u0161estn\u00e1stkou Kudli\u010dku. Mlad\u00fd strelec nadviazal na svoje ned\u00e1vne v\u00fdkony prekonal Bajzu \u2013 0:1.<br><br>Pre\u0161ov vyrovnal v&nbsp;41. min\u00fate, ke\u010f po kr\u00e1tkych prihr\u00e1vkach pred \u0161estn\u00e1stkou dostal dobr\u00fa loptu od Begalu do behu Olejn\u00edk a&nbsp;prekonal Freliha \u2013 1:1.<br><br>Z\u00e1ver pol\u010dasu bol ako zo zl\u00e9ho sna. Po rohu Pre\u0161ova sa lopta dostala k&nbsp;Sabovi, ktor\u00fd ju chcel odkopn\u00fa\u0165, nap\u00e1lil ju do Reg\u00e1liho a&nbsp;po smolnom odraze na \u0148u u\u017e Frelih nedok\u00e1zal reagova\u0165 \u2013 2:1.<br><br>V druhom pol\u010dase pokra\u010dovali oba t\u00edmy bez jedinej zmeny. Spartak sa hnal do \u00fatoku, snahu po p\u00e1r min\u00fatach op\u00e4\u0165 zmaril dym a&nbsp;preru\u0161enie duelu. Vyrovnanie mal na hlave Taiwo v&nbsp;57. min\u00fate, prudk\u00fa loptu po rohovom kope Moistrapishviliho namieril tesne mimo br\u00e1nku.<br><br>Kr\u00e1tko pred uplynut\u00edm hodiny hry reagoval tr\u00e9ner \u0160\u010dasn\u00fd na stav sk\u00f3re trojn\u00e1sobn\u00fdm striedan\u00edm. Od tohto momentu Spartak prebral iniciat\u00edvu. Nebezpe\u010dn\u00e1 bola strela Mikovi\u010da spoza \u0161estn\u00e1stky, ale Bajza bol na zemi v&nbsp;prav\u00fd \u010das. Trnavsk\u00e1 lavi\u010dka poslala na plochu Michala \u010euri\u0161a, pre sk\u00fasen\u00e9ho \u00fato\u010dn\u00edka to v&nbsp;nede\u013eu bolo presne dvadsa\u0165 rokov od \u00favodn\u00e9ho ligov\u00e9ho z\u00e1pasu. V samom z\u00e1vere e\u0161te videl \u010derven\u00fa kartu po s\u00faboji so Sou\u010dekom Moistsrapishvili.<br><br>Trnav\u010dania sa napriek ve\u013ekej aktivite a&nbsp;snahe do zakon\u010denia nedostali a&nbsp;po prehre 1:2 odch\u00e1dzaj\u00fa z&nbsp;Pre\u0161ova bez bodu.<\/p>","protected":false},"excerpt":{"rendered":"<p>FC Tatran Pre\u0161ov \u2013 FC Spartak Trnava 2:1&#8230;<\/p>","protected":false},"author":5,"featured_media":36608,"comment_status":"closed","ping_status":"closed","sticky":false,"template":"","format":"standard","meta":{"footnotes":""},"categories":[12],"tags":[],"class_list":["post-36607","post","type-post","status-publish","format-standard","has-post-thumbnail","hentry","category-spravy","post-number-1"],"yoast_head":"<!-- This site is optimized with the Yoast SEO plugin v27.1.1 - https:\/\/yoast.com\/product\/yoast-seo-wordpress\/ -->\n<title>Spartak neudr\u017eal vedenie a v Pre\u0161ove prehral - FC Spartak Trnava<\/title>\n<meta name=\"robots\" content=\"index, follow, max-snippet:-1, max-image-preview:large, max-video-preview:-1\" \/>\n<link rel=\"canonical\" href=\"https:\/\/fcspartaktrnava.com\/en\/spartak-neudrzal-vedenie-a-v-presove-prehral\/\" \/>\n<meta name=\"twitter:label1\" content=\"Written by\" \/>\n\t<meta name=\"twitter:data1\" content=\"Samuel \u010eurinsk\u00fd\" \/>\n\t<meta name=\"twitter:label2\" content=\"Estimated reading time\" \/>\n\t<meta name=\"twitter:data2\" content=\"3 minutes\" \/>\n<script type=\"application\/ld+json\" class=\"yoast-schema-graph\">{\"@context\":\"https:\/\/schema.org\",\"@graph\":[{\"@type\":\"Article\",\"@id\":\"https:\/\/fcspartaktrnava.com\/spartak-neudrzal-vedenie-a-v-presove-prehral\/#article\",\"isPartOf\":{\"@id\":\"https:\/\/fcspartaktrnava.com\/spartak-neudrzal-vedenie-a-v-presove-prehral\/\"},\"author\":{\"name\":\"Samuel \u010eurinsk\u00fd\",\"@id\":\"https:\/\/fcspartaktrnava.com\/#\/schema\/person\/62c3c2562c3c56e4c0c8c2342c596ac0\"},\"headline\":\"Spartak neudr\u017eal vedenie a v Pre\u0161ove prehral\",\"datePublished\":\"2025-11-09T19:26:23+00:00\",\"dateModified\":\"2025-11-09T19:53:25+00:00\",\"mainEntityOfPage\":{\"@id\":\"https:\/\/fcspartaktrnava.com\/spartak-neudrzal-vedenie-a-v-presove-prehral\/\"},\"wordCount\":507,\"publisher\":{\"@id\":\"https:\/\/fcspartaktrnava.com\/#organization\"},\"image\":{\"@id\":\"https:\/\/fcspartaktrnava.com\/spartak-neudrzal-vedenie-a-v-presove-prehral\/#primaryimage\"},\"thumbnailUrl\":\"https:\/\/fcspartaktrnava.com\/wp-content\/uploads\/2025\/11\/LUC_6283-scaled.jpg\",\"articleSection\":[\"Spr\u00e1vy\"],\"inLanguage\":\"en-GB\"},{\"@type\":\"WebPage\",\"@id\":\"https:\/\/fcspartaktrnava.com\/spartak-neudrzal-vedenie-a-v-presove-prehral\/\",\"url\":\"https:\/\/fcspartaktrnava.com\/spartak-neudrzal-vedenie-a-v-presove-prehral\/\",\"name\":\"Spartak neudr\u017eal vedenie a v Pre\u0161ove prehral - FC Spartak Trnava\",\"isPartOf\":{\"@id\":\"https:\/\/fcspartaktrnava.com\/#website\"},\"primaryImageOfPage\":{\"@id\":\"https:\/\/fcspartaktrnava.com\/spartak-neudrzal-vedenie-a-v-presove-prehral\/#primaryimage\"},\"image\":{\"@id\":\"https:\/\/fcspartaktrnava.com\/spartak-neudrzal-vedenie-a-v-presove-prehral\/#primaryimage\"},\"thumbnailUrl\":\"https:\/\/fcspartaktrnava.com\/wp-content\/uploads\/2025\/11\/LUC_6283-scaled.jpg\",\"datePublished\":\"2025-11-09T19:26:23+00:00\",\"dateModified\":\"2025-11-09T19:53:25+00:00\",\"breadcrumb\":{\"@id\":\"https:\/\/fcspartaktrnava.com\/spartak-neudrzal-vedenie-a-v-presove-prehral\/#breadcrumb\"},\"inLanguage\":\"en-GB\",\"potentialAction\":[{\"@type\":\"ReadAction\",\"target\":[\"https:\/\/fcspartaktrnava.com\/spartak-neudrzal-vedenie-a-v-presove-prehral\/\"]}]},{\"@type\":\"ImageObject\",\"inLanguage\":\"en-GB\",\"@id\":\"https:\/\/fcspartaktrnava.com\/spartak-neudrzal-vedenie-a-v-presove-prehral\/#primaryimage\",\"url\":\"https:\/\/fcspartaktrnava.com\/wp-content\/uploads\/2025\/11\/LUC_6283-scaled.jpg\",\"contentUrl\":\"https:\/\/fcspartaktrnava.com\/wp-content\/uploads\/2025\/11\/LUC_6283-scaled.jpg\",\"width\":2560,\"height\":1707},{\"@type\":\"BreadcrumbList\",\"@id\":\"https:\/\/fcspartaktrnava.com\/spartak-neudrzal-vedenie-a-v-presove-prehral\/#breadcrumb\",\"itemListElement\":[{\"@type\":\"ListItem\",\"position\":1,\"name\":\"Home\",\"item\":\"https:\/\/fcspartaktrnava.com\/\"},{\"@type\":\"ListItem\",\"position\":2,\"name\":\"Spartak neudr\u017eal vedenie a v Pre\u0161ove prehral\"}]},{\"@type\":\"WebSite\",\"@id\":\"https:\/\/fcspartaktrnava.com\/#website\",\"url\":\"https:\/\/fcspartaktrnava.com\/\",\"name\":\"FC Spartak Trnava\",\"description\":\"ofici\u00e1lna webstr\u00e1nka futbalov\u00e9ho klubu\",\"publisher\":{\"@id\":\"https:\/\/fcspartaktrnava.com\/#organization\"},\"potentialAction\":[{\"@type\":\"SearchAction\",\"target\":{\"@type\":\"EntryPoint\",\"urlTemplate\":\"https:\/\/fcspartaktrnava.com\/?s={search_term_string}\"},\"query-input\":{\"@type\":\"PropertyValueSpecification\",\"valueRequired\":true,\"valueName\":\"search_term_string\"}}],\"inLanguage\":\"en-GB\"},{\"@type\":\"Organization\",\"@id\":\"https:\/\/fcspartaktrnava.com\/#organization\",\"name\":\"FC Spartak Trnava\",\"alternateName\":\"Spartak\",\"url\":\"https:\/\/fcspartaktrnava.com\/\",\"logo\":{\"@type\":\"ImageObject\",\"inLanguage\":\"en-GB\",\"@id\":\"https:\/\/fcspartaktrnava.com\/#\/schema\/logo\/image\/\",\"url\":\"https:\/\/fcspartaktrnava.com\/wp-content\/uploads\/2022\/08\/cropped-site_logo.png\",\"contentUrl\":\"https:\/\/fcspartaktrnava.com\/wp-content\/uploads\/2022\/08\/cropped-site_logo.png\",\"width\":140,\"height\":140,\"caption\":\"FC Spartak Trnava\"},\"image\":{\"@id\":\"https:\/\/fcspartaktrnava.com\/#\/schema\/logo\/image\/\"},\"sameAs\":[\"https:\/\/www.facebook.com\/SpartakTrnava\",\"https:\/\/x.com\/SpartakTrnava1\",\"https:\/\/www.instagram.com\/spartak_sk\/\"]},{\"@type\":\"Person\",\"@id\":\"https:\/\/fcspartaktrnava.com\/#\/schema\/person\/62c3c2562c3c56e4c0c8c2342c596ac0\",\"name\":\"Samuel \u010eurinsk\u00fd\",\"image\":{\"@type\":\"ImageObject\",\"inLanguage\":\"en-GB\",\"@id\":\"https:\/\/fcspartaktrnava.com\/#\/schema\/person\/image\/\",\"url\":\"https:\/\/secure.gravatar.com\/avatar\/af2fa02af92418b86ed742470664fe40056833fb68d84becf03f6ab02319257c?s=96&d=mm&r=g\",\"contentUrl\":\"https:\/\/secure.gravatar.com\/avatar\/af2fa02af92418b86ed742470664fe40056833fb68d84becf03f6ab02319257c?s=96&d=mm&r=g\",\"caption\":\"Samuel \u010eurinsk\u00fd\"},\"url\":\"https:\/\/fcspartaktrnava.com\/en\/author\/fcst-samuel\/\"}]}<\/script>\n<!-- \/ Yoast SEO plugin. -->","yoast_head_json":{"title":"Spartak neudr\u017eal vedenie a v Pre\u0161ove prehral - FC Spartak Trnava","robots":{"index":"index","follow":"follow","max-snippet":"max-snippet:-1","max-image-preview":"max-image-preview:large","max-video-preview":"max-video-preview:-1"},"canonical":"https:\/\/fcspartaktrnava.com\/en\/spartak-neudrzal-vedenie-a-v-presove-prehral\/","twitter_misc":{"Written by":"Samuel \u010eurinsk\u00fd","Estimated reading time":"3 minutes"},"schema":{"@context":"https:\/\/schema.org","@graph":[{"@type":"Article","@id":"https:\/\/fcspartaktrnava.com\/spartak-neudrzal-vedenie-a-v-presove-prehral\/#article","isPartOf":{"@id":"https:\/\/fcspartaktrnava.com\/spartak-neudrzal-vedenie-a-v-presove-prehral\/"},"author":{"name":"Samuel \u010eurinsk\u00fd","@id":"https:\/\/fcspartaktrnava.com\/#\/schema\/person\/62c3c2562c3c56e4c0c8c2342c596ac0"},"headline":"Spartak neudr\u017eal vedenie a v Pre\u0161ove prehral","datePublished":"2025-11-09T19:26:23+00:00","dateModified":"2025-11-09T19:53:25+00:00","mainEntityOfPage":{"@id":"https:\/\/fcspartaktrnava.com\/spartak-neudrzal-vedenie-a-v-presove-prehral\/"},"wordCount":507,"publisher":{"@id":"https:\/\/fcspartaktrnava.com\/#organization"},"image":{"@id":"https:\/\/fcspartaktrnava.com\/spartak-neudrzal-vedenie-a-v-presove-prehral\/#primaryimage"},"thumbnailUrl":"https:\/\/fcspartaktrnava.com\/wp-content\/uploads\/2025\/11\/LUC_6283-scaled.jpg","articleSection":["Spr\u00e1vy"],"inLanguage":"en-GB"},{"@type":"WebPage","@id":"https:\/\/fcspartaktrnava.com\/spartak-neudrzal-vedenie-a-v-presove-prehral\/","url":"https:\/\/fcspartaktrnava.com\/spartak-neudrzal-vedenie-a-v-presove-prehral\/","name":"Spartak neudr\u017eal vedenie a v Pre\u0161ove prehral - FC Spartak Trnava","isPartOf":{"@id":"https:\/\/fcspartaktrnava.com\/#website"},"primaryImageOfPage":{"@id":"https:\/\/fcspartaktrnava.com\/spartak-neudrzal-vedenie-a-v-presove-prehral\/#primaryimage"},"image":{"@id":"https:\/\/fcspartaktrnava.com\/spartak-neudrzal-vedenie-a-v-presove-prehral\/#primaryimage"},"thumbnailUrl":"https:\/\/fcspartaktrnava.com\/wp-content\/uploads\/2025\/11\/LUC_6283-scaled.jpg","datePublished":"2025-11-09T19:26:23+00:00","dateModified":"2025-11-09T19:53:25+00:00","breadcrumb":{"@id":"https:\/\/fcspartaktrnava.com\/spartak-neudrzal-vedenie-a-v-presove-prehral\/#breadcrumb"},"inLanguage":"en-GB","potentialAction":[{"@type":"ReadAction","target":["https:\/\/fcspartaktrnava.com\/spartak-neudrzal-vedenie-a-v-presove-prehral\/"]}]},{"@type":"ImageObject","inLanguage":"en-GB","@id":"https:\/\/fcspartaktrnava.com\/spartak-neudrzal-vedenie-a-v-presove-prehral\/#primaryimage","url":"https:\/\/fcspartaktrnava.com\/wp-content\/uploads\/2025\/11\/LUC_6283-scaled.jpg","contentUrl":"https:\/\/fcspartaktrnava.com\/wp-content\/uploads\/2025\/11\/LUC_6283-scaled.jpg","width":2560,"height":1707},{"@type":"BreadcrumbList","@id":"https:\/\/fcspartaktrnava.com\/spartak-neudrzal-vedenie-a-v-presove-prehral\/#breadcrumb","itemListElement":[{"@type":"ListItem","position":1,"name":"Home","item":"https:\/\/fcspartaktrnava.com\/"},{"@type":"ListItem","position":2,"name":"Spartak neudr\u017eal vedenie a v Pre\u0161ove prehral"}]},{"@type":"WebSite","@id":"https:\/\/fcspartaktrnava.com\/#website","url":"https:\/\/fcspartaktrnava.com\/","name":"FC Spartak Trnava","description":"ofici\u00e1lna webstr\u00e1nka futbalov\u00e9ho klubu","publisher":{"@id":"https:\/\/fcspartaktrnava.com\/#organization"},"potentialAction":[{"@type":"SearchAction","target":{"@type":"EntryPoint","urlTemplate":"https:\/\/fcspartaktrnava.com\/?s={search_term_string}"},"query-input":{"@type":"PropertyValueSpecification","valueRequired":true,"valueName":"search_term_string"}}],"inLanguage":"en-GB"},{"@type":"Organization","@id":"https:\/\/fcspartaktrnava.com\/#organization","name":"FC Spartak Trnava","alternateName":"Spartak","url":"https:\/\/fcspartaktrnava.com\/","logo":{"@type":"ImageObject","inLanguage":"en-GB","@id":"https:\/\/fcspartaktrnava.com\/#\/schema\/logo\/image\/","url":"https:\/\/fcspartaktrnava.com\/wp-content\/uploads\/2022\/08\/cropped-site_logo.png","contentUrl":"https:\/\/fcspartaktrnava.com\/wp-content\/uploads\/2022\/08\/cropped-site_logo.png","width":140,"height":140,"caption":"FC Spartak Trnava"},"image":{"@id":"https:\/\/fcspartaktrnava.com\/#\/schema\/logo\/image\/"},"sameAs":["https:\/\/www.facebook.com\/SpartakTrnava","https:\/\/x.com\/SpartakTrnava1","https:\/\/www.instagram.com\/spartak_sk\/"]},{"@type":"Person","@id":"https:\/\/fcspartaktrnava.com\/#\/schema\/person\/62c3c2562c3c56e4c0c8c2342c596ac0","name":"Samuel \u010eurinsk\u00fd","image":{"@type":"ImageObject","inLanguage":"en-GB","@id":"https:\/\/fcspartaktrnava.com\/#\/schema\/person\/image\/","url":"https:\/\/secure.gravatar.com\/avatar\/af2fa02af92418b86ed742470664fe40056833fb68d84becf03f6ab02319257c?s=96&d=mm&r=g","contentUrl":"https:\/\/secure.gravatar.com\/avatar\/af2fa02af92418b86ed742470664fe40056833fb68d84becf03f6ab02319257c?s=96&d=mm&r=g","caption":"Samuel \u010eurinsk\u00fd"},"url":"https:\/\/fcspartaktrnava.com\/en\/author\/fcst-samuel\/"}]}},"_links":{"self":[{"href":"https:\/\/fcspartaktrnava.com\/en\/wp-json\/wp\/v2\/posts\/36607","targetHints":{"allow":["GET"]}}],"collection":[{"href":"https:\/\/fcspartaktrnava.com\/en\/wp-json\/wp\/v2\/posts"}],"about":[{"href":"https:\/\/fcspartaktrnava.com\/en\/wp-json\/wp\/v2\/types\/post"}],"author":[{"embeddable":true,"href":"https:\/\/fcspartaktrnava.com\/en\/wp-json\/wp\/v2\/users\/5"}],"replies":[{"embeddable":true,"href":"https:\/\/fcspartaktrnava.com\/en\/wp-json\/wp\/v2\/comments?post=36607"}],"version-history":[{"count":0,"href":"https:\/\/fcspartaktrnava.com\/en\/wp-json\/wp\/v2\/posts\/36607\/revisions"}],"wp:featuredmedia":[{"embeddable":true,"href":"https:\/\/fcspartaktrnava.com\/en\/wp-json\/wp\/v2\/media\/36608"}],"wp:attachment":[{"href":"https:\/\/fcspartaktrnava.com\/en\/wp-json\/wp\/v2\/media?parent=36607"}],"wp:term":[{"taxonomy":"category","embeddable":true,"href":"https:\/\/fcspartaktrnava.com\/en\/wp-json\/wp\/v2\/categories?post=36607"},{"taxonomy":"post_tag","embeddable":true,"href":"https:\/\/fcspartaktrnava.com\/en\/wp-json\/wp\/v2\/tags?post=36607"}],"curies":[{"name":"wp","href":"https:\/\/api.w.org\/{rel}","templated":true}]}}