{"id":36011,"date":"2025-11-01T13:13:15","date_gmt":"2025-11-01T11:13:15","guid":{"rendered":"https:\/\/fcspartaktrnava.com\/?p=36011"},"modified":"2025-11-01T13:43:26","modified_gmt":"2025-11-01T11:43:26","slug":"trencin-pride-nahecovany-kvalita-je-vsak-na-nasej-strane-hovori-kudlicka-pred-nedelou","status":"publish","type":"post","link":"https:\/\/fcspartaktrnava.com\/en\/trencin-pride-nahecovany-kvalita-je-vsak-na-nasej-strane-hovori-kudlicka-pred-nedelou\/","title":{"rendered":"Tren\u010d\u00edn pr\u00edde nahecovan\u00fd, kvalita je v\u0161ak na na\u0161ej strane, hovor\u00ed Kudli\u010dka pred nede\u013eou"},"content":{"rendered":"<p style=\"font-size:25px\"><strong>Trnav\u010dania v prvom vz\u00e1jomnom dueli tejto sez\u00f3ny vyhrali na Sihoti 1:0.<\/strong><\/p>\n\n\n\n<p class=\"has-medium-font-size\">Spartak priv\u00edta v&nbsp;nede\u013eu 2. novembra na svojom ihrisku s\u00fapera z&nbsp;Tren\u010d\u00edna. Z\u00e1pas trin\u00e1steho kola Nik\u00e9 ligy sa za\u010d\u00edna o&nbsp;18.00 a&nbsp;andeli by radi nadviazali na triumf z&nbsp;ostatn\u00e9ho kola proti Ko\u0161iciam.<br><br>V&nbsp;prvom vz\u00e1jomnom stretnut\u00ed tejto sez\u00f3ny vyhrali zverenci Michala \u0160\u010dasn\u00e9ho na Sihoti 1:0, ke\u010f sk\u00f3roval Erik Daniel. V&nbsp;stretnut\u00ed, v ktorom padli tri \u010derven\u00e9 karty hral aj Timotej Kudli\u010dka, do hry nasko\u010dil v&nbsp;79. min\u00fate za Paura. Mal \u0161ancu aj sk\u00f3rova\u0165, ale Tren\u010d\u00edn po chybe obrany zachr\u00e1nil v\u00fdborn\u00fdm z\u00e1krokom brank\u00e1r Kati\u010d.<\/p>\n\n\n\n<p class=\"has-text-align-center has-vivid-red-color has-white-background-color has-text-color has-background has-link-color has-medium-font-size wp-elements-e1fa12edc241aa26d61d5e4d92def257\"><strong><a href=\"https:\/\/predpredaj.zoznam.sk\/sk\/listky\/fc-spartak-trnava-as-trencin-2025-11-02\/\">VSTUPENKY NA TREN\u010c\u00cdN V PREDAJI TU!<\/a><\/strong><\/p>\n\n\n\n<p class=\"has-medium-font-size\"><em>\u201eVieme, \u017ee nemaj\u00fa pr\u00edli\u0161 dobr\u00fa s\u00e9riu, ale ur\u010dite na n\u00e1s pr\u00eddu nahecovan\u00ed. Hraj\u00fa kombina\u010dn\u00fd futbal, maj\u00fa \u0161ikovn\u00e9 kr\u00eddla a\u00a0\u00fato\u010dn\u00edkov, mus\u00edme si da\u0165 na to pozor. Kvalita je v\u0161ak na na\u0161ej strane a\u00a0mus\u00edme to uk\u00e1za\u0165,\u201c<\/em> povedal mlad\u00fd \u00fato\u010dn\u00edk pre klubov\u00fd web.<br><br>Kudli\u010dka sa v\u00a0lige po\u010das t\u00fd\u017ed\u0148a debutovo presadil a\u00a0nasmeroval n\u00e1\u0161 t\u00edm za v\u00fdhrou. Prezradil aj recept na \u010fal\u0161iu trnavsk\u00fa v\u00fdhru:<em> \u201eMus\u00edme sa vyvarova\u0165 individu\u00e1lnym chyb\u00e1m, pr\u00edpadne chyb\u00e1m vzadu, treba udr\u017ea\u0165 \u010dist\u00e9 konto a\u00a0samozrejme sk\u00f3rova\u0165.\u201c<\/em><br><br>Pristavil sa aj pri svojej ob\u013e\u00fabenej poz\u00edcii v\u00a0\u00fato\u010dnej form\u00e1cii<em>: \u201eNepova\u017eujem sa za \u010distokrvn\u00e9ho stredov\u00e9ho \u00fato\u010dn\u00edka, hral som prakticky na v\u0161etk\u00fdch postoch. D\u00f4le\u017eit\u00e9 je, \u017ee hr\u00e1m a\u00a0je \u00faplne jedno kde.\u201c<\/em><br><br>Cel\u00fd rozhovor na na\u0161om YouTube kan\u00e1li:<\/p>\n\n\n\n<figure class=\"wp-block-embed is-type-video is-provider-youtube wp-block-embed-youtube wp-embed-aspect-16-9 wp-has-aspect-ratio\"><div class=\"wp-block-embed__wrapper\">\n<iframe loading=\"lazy\" title=\"Timotej Kudli\u010dka pred z\u00e1pasom s Tren\u010d\u00ednom\" width=\"500\" height=\"281\" src=\"https:\/\/www.youtube.com\/embed\/kWROONv_rk8?feature=oembed&#038;enablejsapi=1&#038;origin=https:\/\/fcspartaktrnava.com\" frameborder=\"0\" allow=\"accelerometer; autoplay; clipboard-write; encrypted-media; gyroscope; picture-in-picture; web-share\" referrerpolicy=\"strict-origin-when-cross-origin\" allowfullscreen><\/iframe>\n<\/div><\/figure>\n\n\n\n<p style=\"font-size:20px\"><\/p>\n\n\n\n<p><\/p>","protected":false},"excerpt":{"rendered":"<p>Trnav\u010dania v prvom vz\u00e1jomnom dueli tejto sez\u00f3ny vyhrali&#8230;<\/p>","protected":false},"author":2,"featured_media":35954,"comment_status":"closed","ping_status":"closed","sticky":false,"template":"","format":"standard","meta":{"footnotes":""},"categories":[12],"tags":[],"class_list":["post-36011","post","type-post","status-publish","format-standard","has-post-thumbnail","hentry","category-spravy","post-number-1"],"yoast_head":"<!-- This site is optimized with the Yoast SEO plugin v27.1.1 - https:\/\/yoast.com\/product\/yoast-seo-wordpress\/ -->\n<title>Tren\u010d\u00edn pr\u00edde nahecovan\u00fd, kvalita je v\u0161ak na na\u0161ej strane, hovor\u00ed Kudli\u010dka pred nede\u013eou - FC Spartak Trnava<\/title>\n<meta name=\"robots\" content=\"index, follow, max-snippet:-1, max-image-preview:large, max-video-preview:-1\" \/>\n<link rel=\"canonical\" href=\"https:\/\/fcspartaktrnava.com\/en\/trencin-pride-nahecovany-kvalita-je-vsak-na-nasej-strane-hovori-kudlicka-pred-nedelou\/\" \/>\n<meta name=\"twitter:label1\" content=\"Written by\" \/>\n\t<meta name=\"twitter:data1\" content=\"spartak\" \/>\n\t<meta name=\"twitter:label2\" content=\"Estimated reading time\" \/>\n\t<meta name=\"twitter:data2\" content=\"2 minutes\" \/>\n<script type=\"application\/ld+json\" class=\"yoast-schema-graph\">{\"@context\":\"https:\/\/schema.org\",\"@graph\":[{\"@type\":\"Article\",\"@id\":\"https:\/\/fcspartaktrnava.com\/trencin-pride-nahecovany-kvalita-je-vsak-na-nasej-strane-hovori-kudlicka-pred-nedelou\/#article\",\"isPartOf\":{\"@id\":\"https:\/\/fcspartaktrnava.com\/trencin-pride-nahecovany-kvalita-je-vsak-na-nasej-strane-hovori-kudlicka-pred-nedelou\/\"},\"author\":{\"name\":\"spartak\",\"@id\":\"https:\/\/fcspartaktrnava.com\/#\/schema\/person\/24bc5b254af14f71d7d8af178790aa75\"},\"headline\":\"Tren\u010d\u00edn pr\u00edde nahecovan\u00fd, kvalita je v\u0161ak na na\u0161ej strane, hovor\u00ed Kudli\u010dka pred nede\u013eou\",\"datePublished\":\"2025-11-01T11:13:15+00:00\",\"dateModified\":\"2025-11-01T11:43:26+00:00\",\"mainEntityOfPage\":{\"@id\":\"https:\/\/fcspartaktrnava.com\/trencin-pride-nahecovany-kvalita-je-vsak-na-nasej-strane-hovori-kudlicka-pred-nedelou\/\"},\"wordCount\":317,\"publisher\":{\"@id\":\"https:\/\/fcspartaktrnava.com\/#organization\"},\"image\":{\"@id\":\"https:\/\/fcspartaktrnava.com\/trencin-pride-nahecovany-kvalita-je-vsak-na-nasej-strane-hovori-kudlicka-pred-nedelou\/#primaryimage\"},\"thumbnailUrl\":\"https:\/\/fcspartaktrnava.com\/wp-content\/uploads\/2025\/10\/LUC_0021.jpg\",\"articleSection\":[\"Spr\u00e1vy\"],\"inLanguage\":\"en-GB\"},{\"@type\":\"WebPage\",\"@id\":\"https:\/\/fcspartaktrnava.com\/trencin-pride-nahecovany-kvalita-je-vsak-na-nasej-strane-hovori-kudlicka-pred-nedelou\/\",\"url\":\"https:\/\/fcspartaktrnava.com\/trencin-pride-nahecovany-kvalita-je-vsak-na-nasej-strane-hovori-kudlicka-pred-nedelou\/\",\"name\":\"Tren\u010d\u00edn pr\u00edde nahecovan\u00fd, kvalita je v\u0161ak na na\u0161ej strane, hovor\u00ed Kudli\u010dka pred nede\u013eou - FC Spartak Trnava\",\"isPartOf\":{\"@id\":\"https:\/\/fcspartaktrnava.com\/#website\"},\"primaryImageOfPage\":{\"@id\":\"https:\/\/fcspartaktrnava.com\/trencin-pride-nahecovany-kvalita-je-vsak-na-nasej-strane-hovori-kudlicka-pred-nedelou\/#primaryimage\"},\"image\":{\"@id\":\"https:\/\/fcspartaktrnava.com\/trencin-pride-nahecovany-kvalita-je-vsak-na-nasej-strane-hovori-kudlicka-pred-nedelou\/#primaryimage\"},\"thumbnailUrl\":\"https:\/\/fcspartaktrnava.com\/wp-content\/uploads\/2025\/10\/LUC_0021.jpg\",\"datePublished\":\"2025-11-01T11:13:15+00:00\",\"dateModified\":\"2025-11-01T11:43:26+00:00\",\"breadcrumb\":{\"@id\":\"https:\/\/fcspartaktrnava.com\/trencin-pride-nahecovany-kvalita-je-vsak-na-nasej-strane-hovori-kudlicka-pred-nedelou\/#breadcrumb\"},\"inLanguage\":\"en-GB\",\"potentialAction\":[{\"@type\":\"ReadAction\",\"target\":[\"https:\/\/fcspartaktrnava.com\/trencin-pride-nahecovany-kvalita-je-vsak-na-nasej-strane-hovori-kudlicka-pred-nedelou\/\"]}]},{\"@type\":\"ImageObject\",\"inLanguage\":\"en-GB\",\"@id\":\"https:\/\/fcspartaktrnava.com\/trencin-pride-nahecovany-kvalita-je-vsak-na-nasej-strane-hovori-kudlicka-pred-nedelou\/#primaryimage\",\"url\":\"https:\/\/fcspartaktrnava.com\/wp-content\/uploads\/2025\/10\/LUC_0021.jpg\",\"contentUrl\":\"https:\/\/fcspartaktrnava.com\/wp-content\/uploads\/2025\/10\/LUC_0021.jpg\",\"width\":1520,\"height\":1013},{\"@type\":\"BreadcrumbList\",\"@id\":\"https:\/\/fcspartaktrnava.com\/trencin-pride-nahecovany-kvalita-je-vsak-na-nasej-strane-hovori-kudlicka-pred-nedelou\/#breadcrumb\",\"itemListElement\":[{\"@type\":\"ListItem\",\"position\":1,\"name\":\"Home\",\"item\":\"https:\/\/fcspartaktrnava.com\/\"},{\"@type\":\"ListItem\",\"position\":2,\"name\":\"Tren\u010d\u00edn pr\u00edde nahecovan\u00fd, kvalita je v\u0161ak na na\u0161ej strane, hovor\u00ed Kudli\u010dka pred nede\u013eou\"}]},{\"@type\":\"WebSite\",\"@id\":\"https:\/\/fcspartaktrnava.com\/#website\",\"url\":\"https:\/\/fcspartaktrnava.com\/\",\"name\":\"FC Spartak Trnava\",\"description\":\"ofici\u00e1lna webstr\u00e1nka futbalov\u00e9ho klubu\",\"publisher\":{\"@id\":\"https:\/\/fcspartaktrnava.com\/#organization\"},\"potentialAction\":[{\"@type\":\"SearchAction\",\"target\":{\"@type\":\"EntryPoint\",\"urlTemplate\":\"https:\/\/fcspartaktrnava.com\/?s={search_term_string}\"},\"query-input\":{\"@type\":\"PropertyValueSpecification\",\"valueRequired\":true,\"valueName\":\"search_term_string\"}}],\"inLanguage\":\"en-GB\"},{\"@type\":\"Organization\",\"@id\":\"https:\/\/fcspartaktrnava.com\/#organization\",\"name\":\"FC Spartak Trnava\",\"alternateName\":\"Spartak\",\"url\":\"https:\/\/fcspartaktrnava.com\/\",\"logo\":{\"@type\":\"ImageObject\",\"inLanguage\":\"en-GB\",\"@id\":\"https:\/\/fcspartaktrnava.com\/#\/schema\/logo\/image\/\",\"url\":\"https:\/\/fcspartaktrnava.com\/wp-content\/uploads\/2022\/08\/cropped-site_logo.png\",\"contentUrl\":\"https:\/\/fcspartaktrnava.com\/wp-content\/uploads\/2022\/08\/cropped-site_logo.png\",\"width\":140,\"height\":140,\"caption\":\"FC Spartak Trnava\"},\"image\":{\"@id\":\"https:\/\/fcspartaktrnava.com\/#\/schema\/logo\/image\/\"},\"sameAs\":[\"https:\/\/www.facebook.com\/SpartakTrnava\",\"https:\/\/x.com\/SpartakTrnava1\",\"https:\/\/www.instagram.com\/spartak_sk\/\"]},{\"@type\":\"Person\",\"@id\":\"https:\/\/fcspartaktrnava.com\/#\/schema\/person\/24bc5b254af14f71d7d8af178790aa75\",\"name\":\"spartak\",\"image\":{\"@type\":\"ImageObject\",\"inLanguage\":\"en-GB\",\"@id\":\"https:\/\/fcspartaktrnava.com\/#\/schema\/person\/image\/\",\"url\":\"https:\/\/secure.gravatar.com\/avatar\/f8ff8584f3fcf3909a11a6da9019f37749183b4015bca14e64556c52614cdc7f?s=96&d=mm&r=g\",\"contentUrl\":\"https:\/\/secure.gravatar.com\/avatar\/f8ff8584f3fcf3909a11a6da9019f37749183b4015bca14e64556c52614cdc7f?s=96&d=mm&r=g\",\"caption\":\"spartak\"},\"url\":\"https:\/\/fcspartaktrnava.com\/en\/author\/spartak\/\"}]}<\/script>\n<!-- \/ Yoast SEO plugin. -->","yoast_head_json":{"title":"Tren\u010d\u00edn pr\u00edde nahecovan\u00fd, kvalita je v\u0161ak na na\u0161ej strane, hovor\u00ed Kudli\u010dka pred nede\u013eou - FC Spartak Trnava","robots":{"index":"index","follow":"follow","max-snippet":"max-snippet:-1","max-image-preview":"max-image-preview:large","max-video-preview":"max-video-preview:-1"},"canonical":"https:\/\/fcspartaktrnava.com\/en\/trencin-pride-nahecovany-kvalita-je-vsak-na-nasej-strane-hovori-kudlicka-pred-nedelou\/","twitter_misc":{"Written by":"spartak","Estimated reading time":"2 minutes"},"schema":{"@context":"https:\/\/schema.org","@graph":[{"@type":"Article","@id":"https:\/\/fcspartaktrnava.com\/trencin-pride-nahecovany-kvalita-je-vsak-na-nasej-strane-hovori-kudlicka-pred-nedelou\/#article","isPartOf":{"@id":"https:\/\/fcspartaktrnava.com\/trencin-pride-nahecovany-kvalita-je-vsak-na-nasej-strane-hovori-kudlicka-pred-nedelou\/"},"author":{"name":"spartak","@id":"https:\/\/fcspartaktrnava.com\/#\/schema\/person\/24bc5b254af14f71d7d8af178790aa75"},"headline":"Tren\u010d\u00edn pr\u00edde nahecovan\u00fd, kvalita je v\u0161ak na na\u0161ej strane, hovor\u00ed Kudli\u010dka pred nede\u013eou","datePublished":"2025-11-01T11:13:15+00:00","dateModified":"2025-11-01T11:43:26+00:00","mainEntityOfPage":{"@id":"https:\/\/fcspartaktrnava.com\/trencin-pride-nahecovany-kvalita-je-vsak-na-nasej-strane-hovori-kudlicka-pred-nedelou\/"},"wordCount":317,"publisher":{"@id":"https:\/\/fcspartaktrnava.com\/#organization"},"image":{"@id":"https:\/\/fcspartaktrnava.com\/trencin-pride-nahecovany-kvalita-je-vsak-na-nasej-strane-hovori-kudlicka-pred-nedelou\/#primaryimage"},"thumbnailUrl":"https:\/\/fcspartaktrnava.com\/wp-content\/uploads\/2025\/10\/LUC_0021.jpg","articleSection":["Spr\u00e1vy"],"inLanguage":"en-GB"},{"@type":"WebPage","@id":"https:\/\/fcspartaktrnava.com\/trencin-pride-nahecovany-kvalita-je-vsak-na-nasej-strane-hovori-kudlicka-pred-nedelou\/","url":"https:\/\/fcspartaktrnava.com\/trencin-pride-nahecovany-kvalita-je-vsak-na-nasej-strane-hovori-kudlicka-pred-nedelou\/","name":"Tren\u010d\u00edn pr\u00edde nahecovan\u00fd, kvalita je v\u0161ak na na\u0161ej strane, hovor\u00ed Kudli\u010dka pred nede\u013eou - FC Spartak Trnava","isPartOf":{"@id":"https:\/\/fcspartaktrnava.com\/#website"},"primaryImageOfPage":{"@id":"https:\/\/fcspartaktrnava.com\/trencin-pride-nahecovany-kvalita-je-vsak-na-nasej-strane-hovori-kudlicka-pred-nedelou\/#primaryimage"},"image":{"@id":"https:\/\/fcspartaktrnava.com\/trencin-pride-nahecovany-kvalita-je-vsak-na-nasej-strane-hovori-kudlicka-pred-nedelou\/#primaryimage"},"thumbnailUrl":"https:\/\/fcspartaktrnava.com\/wp-content\/uploads\/2025\/10\/LUC_0021.jpg","datePublished":"2025-11-01T11:13:15+00:00","dateModified":"2025-11-01T11:43:26+00:00","breadcrumb":{"@id":"https:\/\/fcspartaktrnava.com\/trencin-pride-nahecovany-kvalita-je-vsak-na-nasej-strane-hovori-kudlicka-pred-nedelou\/#breadcrumb"},"inLanguage":"en-GB","potentialAction":[{"@type":"ReadAction","target":["https:\/\/fcspartaktrnava.com\/trencin-pride-nahecovany-kvalita-je-vsak-na-nasej-strane-hovori-kudlicka-pred-nedelou\/"]}]},{"@type":"ImageObject","inLanguage":"en-GB","@id":"https:\/\/fcspartaktrnava.com\/trencin-pride-nahecovany-kvalita-je-vsak-na-nasej-strane-hovori-kudlicka-pred-nedelou\/#primaryimage","url":"https:\/\/fcspartaktrnava.com\/wp-content\/uploads\/2025\/10\/LUC_0021.jpg","contentUrl":"https:\/\/fcspartaktrnava.com\/wp-content\/uploads\/2025\/10\/LUC_0021.jpg","width":1520,"height":1013},{"@type":"BreadcrumbList","@id":"https:\/\/fcspartaktrnava.com\/trencin-pride-nahecovany-kvalita-je-vsak-na-nasej-strane-hovori-kudlicka-pred-nedelou\/#breadcrumb","itemListElement":[{"@type":"ListItem","position":1,"name":"Home","item":"https:\/\/fcspartaktrnava.com\/"},{"@type":"ListItem","position":2,"name":"Tren\u010d\u00edn pr\u00edde nahecovan\u00fd, kvalita je v\u0161ak na na\u0161ej strane, hovor\u00ed Kudli\u010dka pred nede\u013eou"}]},{"@type":"WebSite","@id":"https:\/\/fcspartaktrnava.com\/#website","url":"https:\/\/fcspartaktrnava.com\/","name":"FC Spartak Trnava","description":"ofici\u00e1lna webstr\u00e1nka futbalov\u00e9ho klubu","publisher":{"@id":"https:\/\/fcspartaktrnava.com\/#organization"},"potentialAction":[{"@type":"SearchAction","target":{"@type":"EntryPoint","urlTemplate":"https:\/\/fcspartaktrnava.com\/?s={search_term_string}"},"query-input":{"@type":"PropertyValueSpecification","valueRequired":true,"valueName":"search_term_string"}}],"inLanguage":"en-GB"},{"@type":"Organization","@id":"https:\/\/fcspartaktrnava.com\/#organization","name":"FC Spartak Trnava","alternateName":"Spartak","url":"https:\/\/fcspartaktrnava.com\/","logo":{"@type":"ImageObject","inLanguage":"en-GB","@id":"https:\/\/fcspartaktrnava.com\/#\/schema\/logo\/image\/","url":"https:\/\/fcspartaktrnava.com\/wp-content\/uploads\/2022\/08\/cropped-site_logo.png","contentUrl":"https:\/\/fcspartaktrnava.com\/wp-content\/uploads\/2022\/08\/cropped-site_logo.png","width":140,"height":140,"caption":"FC Spartak Trnava"},"image":{"@id":"https:\/\/fcspartaktrnava.com\/#\/schema\/logo\/image\/"},"sameAs":["https:\/\/www.facebook.com\/SpartakTrnava","https:\/\/x.com\/SpartakTrnava1","https:\/\/www.instagram.com\/spartak_sk\/"]},{"@type":"Person","@id":"https:\/\/fcspartaktrnava.com\/#\/schema\/person\/24bc5b254af14f71d7d8af178790aa75","name":"spartak","image":{"@type":"ImageObject","inLanguage":"en-GB","@id":"https:\/\/fcspartaktrnava.com\/#\/schema\/person\/image\/","url":"https:\/\/secure.gravatar.com\/avatar\/f8ff8584f3fcf3909a11a6da9019f37749183b4015bca14e64556c52614cdc7f?s=96&d=mm&r=g","contentUrl":"https:\/\/secure.gravatar.com\/avatar\/f8ff8584f3fcf3909a11a6da9019f37749183b4015bca14e64556c52614cdc7f?s=96&d=mm&r=g","caption":"spartak"},"url":"https:\/\/fcspartaktrnava.com\/en\/author\/spartak\/"}]}},"_links":{"self":[{"href":"https:\/\/fcspartaktrnava.com\/en\/wp-json\/wp\/v2\/posts\/36011","targetHints":{"allow":["GET"]}}],"collection":[{"href":"https:\/\/fcspartaktrnava.com\/en\/wp-json\/wp\/v2\/posts"}],"about":[{"href":"https:\/\/fcspartaktrnava.com\/en\/wp-json\/wp\/v2\/types\/post"}],"author":[{"embeddable":true,"href":"https:\/\/fcspartaktrnava.com\/en\/wp-json\/wp\/v2\/users\/2"}],"replies":[{"embeddable":true,"href":"https:\/\/fcspartaktrnava.com\/en\/wp-json\/wp\/v2\/comments?post=36011"}],"version-history":[{"count":0,"href":"https:\/\/fcspartaktrnava.com\/en\/wp-json\/wp\/v2\/posts\/36011\/revisions"}],"wp:featuredmedia":[{"embeddable":true,"href":"https:\/\/fcspartaktrnava.com\/en\/wp-json\/wp\/v2\/media\/35954"}],"wp:attachment":[{"href":"https:\/\/fcspartaktrnava.com\/en\/wp-json\/wp\/v2\/media?parent=36011"}],"wp:term":[{"taxonomy":"category","embeddable":true,"href":"https:\/\/fcspartaktrnava.com\/en\/wp-json\/wp\/v2\/categories?post=36011"},{"taxonomy":"post_tag","embeddable":true,"href":"https:\/\/fcspartaktrnava.com\/en\/wp-json\/wp\/v2\/tags?post=36011"}],"curies":[{"name":"wp","href":"https:\/\/api.w.org\/{rel}","templated":true}]}}