{"id":36007,"date":"2025-11-01T10:10:57","date_gmt":"2025-11-01T08:10:57","guid":{"rendered":"https:\/\/fcspartaktrnava.com\/?p=36007"},"modified":"2025-11-01T10:12:50","modified_gmt":"2025-11-01T08:12:50","slug":"mladeznici-si-splnili-ligove-povinnosti-uz-cez-tyzden","status":"publish","type":"post","link":"https:\/\/fcspartaktrnava.com\/en\/mladeznici-si-splnili-ligove-povinnosti-uz-cez-tyzden\/","title":{"rendered":"Ml\u00e1de\u017en\u00edci si splnili ligov\u00e9 povinnosti u\u017e cez t\u00fd\u017ede\u0148"},"content":{"rendered":"<p class=\"has-text-align-center\"><strong>FK \u017deleziarne Podbrezov\u00e1 U19 \u2013 FC Spartak Trnava U19 4:1 (2:0)<\/strong><\/p>\n\n\n\n<p class=\"has-text-align-center\">Vzh\u013eadom na sviato\u010dn\u00e9 obdobie po\u010das v\u00edkendu odohrali v\u0161etky na\u0161e ml\u00e1de\u017en\u00edcke kateg\u00f3rie, ktor\u00e9 boli v&nbsp;akcii, svoje z\u00e1pasy u\u017e cez t\u00fd\u017ede\u0148. V\u00fdnimkou nebola dev\u00e4tn\u00e1stka, ktor\u00e1 sa predstavila v&nbsp;Podbrezovej v&nbsp;stredu. Prehru 1:4 zhodnotil asistent tr\u00e9nera Marek Mes\u00e1ro\u0161, preto\u017ee hlavn\u00fd kou\u010d Peter Ga\u017ei absolvoval po\u010das t\u00fd\u017ed\u0148a st\u00e1\u017e v&nbsp;r\u00e1mci \u0161t\u00fadia PRO licencie vo \u0161vaj\u010diarskej \u017deneve v&nbsp;s\u00eddle UEFA.<\/p>\n\n\n\n<p class=\"has-text-align-center\"><strong>FCST U19: <\/strong>Jablonick\u00fd \u2013 Velick\u00fd (87. Rep\u00e1\u0148), Pristach (C), Pittel, Konopka, Roh\u00e1\u010d, Tejzr, Priecel, Duchovi\u010d (87. Ma\u0165o), Pta\u010d\u00edn (59. Flimmel), Hus\u00e1r<\/p>\n\n\n\n<p class=\"has-text-align-center\"><strong>Goals: <\/strong>80. Duchovi\u010d<\/p>\n\n\n\n<p class=\"has-text-align-center\"><strong>Marek Mes\u00e1ro\u0161: \u201e\u00davod stretnutia n\u00e1m nevy\u0161iel pod\u013ea predst\u00e1v, ke\u010f sme v prvej polovici pol\u010dasu inkasovali dva r\u00fdchle g\u00f3ly. Postupne sme v\u0161ak prevzali iniciat\u00edvu, dostali s\u00fapera pod tlak a vytvorili si viacero s\u013eubn\u00fdch pr\u00edle\u017eitost\u00ed, ktor\u00e9 sa n\u00e1m, \u017eia\u013e, nepodarilo premeni\u0165. Do druh\u00e9ho pol\u010dasu sme vst\u00fapili akt\u00edvne, s vy\u0161\u0161ou intenzitou a snahou o r\u00fdchlej\u0161iu prechodov\u00fa f\u00e1zu. Napriek tomu sme po individu\u00e1lnej chybe v defenz\u00edve a nedostato\u010dnej reakcii na pohyb hr\u00e1\u010da v nebezpe\u010dnom priestore inkasovali tret\u00ed g\u00f3l. V z\u00e1vere z\u00e1pasu sme zareagovali ofenz\u00edvnej\u0161\u00edm rozostaven\u00edm a zmenami v zostave, \u010do prinieslo g\u00f3l Duchovi\u010da po \u0161tandardnej situ\u00e1cii. Po otvoren\u00ed hry v\u0161ak s\u00faper vyu\u017eil vo\u013en\u00fd priestor a pridal \u0161tvrt\u00fd g\u00f3l, \u010d\u00edm spe\u010datil svoje v\u00ed\u0165azstvo 4:1. S\u00faperovi gratulujeme k v\u00ed\u0165azstvu a my sa mus\u00edme \u010do najlep\u0161ie pripravi\u0165 na najbli\u017e\u0161ieho s\u00fapera&nbsp;z&nbsp;Petr\u017ealky.\u201c<\/strong><\/p>\n\n\n\n<p class=\"has-text-align-center\"><strong>FC Spartak Trnava U15 \u2013 FKM Karlova Ves U15 3:0 (1:0)<\/strong><\/p>\n\n\n\n<p class=\"has-text-align-center\">T\u00edmy star\u0161\u00edch \u017eiakov \u010delili Karlovej Vsi. P\u00e4tn\u00e1stka vo \u0161tvrtok na dom\u00e1cej p\u00f4de duel zvl\u00e1dla rozdielom triedy, hoci g\u00f3lov\u00fa poistku pridala takmer a\u017e po hodine hry.<\/p>\n\n\n\n<p class=\"has-text-align-center\"><strong>FCST U15: <\/strong>Mes\u00e1ro\u0161 (C) \u2013 Svitana, Mar\u010di\u0161 (41. Mikulec), Rep\u00e1\u0148 (41. Mego), Pola\u010dek, Pol\u0165\u00e1k, Miklovi\u010d (52. Poliak), K\u0148a\u017eek (59. \u017digrai), \u0160\u010dasn\u00fd (59. Kohutovi\u010d), Junas (52. Dvorsk\u00fd), Horv\u00e1th (52. Kuss)<\/p>\n\n\n\n<p class=\"has-text-align-center\"><strong>Goals: <\/strong>27. Horv\u00e1th, 55. Dvorsk\u00fd, 77. Kuss<\/p>\n\n\n\n<p class=\"has-text-align-center\"><strong>Yellow cards: <\/strong>Mikulec<\/p>\n\n\n\n<p class=\"has-text-align-center\"><strong>Jozef Pa\u013eo: \u201eVo ve\u013emi kvalitnom z\u00e1pase, v ktorom sa ofenz\u00edva striedala na oboch stran\u00e1ch, mala hra od \u00favodu vysok\u00e9 tempo. V prvom pol\u010dase sme si vytvorili viacero s\u013eubn\u00fdch situ\u00e1ci\u00ed v prechodovej f\u00e1ze, no vo fin\u00e1lnej n\u00e1m ch\u00fdbal v\u00e4\u010d\u0161\u00ed pokoj v zakon\u010den\u00ed. Po\u010das cel\u00e9ho stretnutia sme boli akt\u00edvni a z ka\u017edej akcie smerom dopredu sme sa sna\u017eili ohrozova\u0165 s\u00faperovu br\u00e1nu. O v\u00fdsledku napokon rozhodla na\u0161a kvalita na lopte, v\u010faka ktorej sa z\u00e1pas skon\u010dil v n\u00e1\u0161 prospech. V defenz\u00edve v\u0161ak mus\u00edme by\u0165 e\u0161te zodpovednej\u0161\u00ed a zlep\u0161i\u0165 vz\u00e1jomn\u00fa komunik\u00e1ciu. Na chlapcoch bolo vidie\u0165 ve\u013ek\u00fa t\u00fa\u017ebu po v\u00ed\u0165azstve \u2013 bojovali a\u017e do konca a odmenou je zasl\u00fa\u017een\u00e1 rados\u0165 z v\u00ed\u0165azstva. Hr\u00e1\u010di prist\u00fapili k z\u00e1pasu zodpovedne a hoci sme sa nevyhli men\u0161\u00edm chyb\u00e1m, v\u00fdkon t\u00edmu hodnot\u00edme&nbsp;pozit\u00edvne.\u201c<\/strong><\/p>\n\n\n\n<p class=\"has-text-align-center\"><strong>FC Spartak Trnava U14 \u2013 FKM Karlova Ves U14 8:2 (3:0)<\/strong><\/p>\n\n\n\n<p class=\"has-text-align-center\">Proti Bratislav\u010danom uspela aj \u0161trn\u00e1stka, ktor\u00e1 dala tri g\u00f3ly u\u017e v&nbsp;prvom pol\u010dase. Po obr\u00e1tke pridala \u010fal\u0161\u00edch p\u00e4\u0165. Celkovo sa zap\u00edsalo do listiny strelcov a\u017e sedem r\u00f4znych hr\u00e1\u010dov.<\/p>\n\n\n\n<p class=\"has-text-align-center\"><strong>FCST U14: <\/strong>Prokop, Kamen\u00e1r \u2013 \u010cerve\u0148, Franta, Beli\u010dka, Pavl\u00edk, Schriffel, Vir\u00e1g (C), Fojta, Hamb\u00e1lek, Bul\u00edk, Pol\u00e1\u010dik, Urban, Stre\u010dansk\u00fd, Marcinkovi\u010d<\/p>\n\n\n\n<p class=\"has-text-align-center\"><strong>Goals: <\/strong>13. Bul\u00edk, 20. a&nbsp;60. Hamb\u00e1lek, 36. Vir\u00e1g, 42. Marcinkovi\u010d, 46. Fojta, 68. Pavl\u00edk, 77. Stre\u010dansk\u00fd<\/p>\n\n\n\n<p class=\"has-text-align-center\"><strong>R\u00f3bert Polakovi\u010d: \u201eDo z\u00e1pasu sme vstupovali len s desiatimi zdrav\u00fdmi hr\u00e1\u010dmi a vypom\u00f4c\u0165 n\u00e1m pri\u0161li aj chalani z mlad\u0161ieho ro\u010dn\u00edka. Napriek v\u00fdznamn\u00fdm absenci\u00e1m na na\u0161ej strane sme boli po\u010das cel\u00e9ho z\u00e1pasu herne dominantn\u00ed a z\u00e1pas sme kontrolovali. Po\u010das prv\u00e9ho pol\u010dasu n\u00e1m trocha viazla r\u00fdchlej\u0161ia pr\u00e1ca s loptou, hlavne pri zmen\u00e1ch \u0165a\u017eiska hry. Napriek tomu bol po\u010det g\u00f3lov\u00fdch pr\u00edle\u017eitost\u00ed dobr\u00fd, len s\u00faper mal ve\u013emi kvalitn\u00fa brank\u00e1rku. Do druh\u00e9ho pol\u010dasu sme vst\u00fapili vo ve\u013emi dobrom nasaden\u00ed a dok\u00e1zali r\u00fdchlo streli\u0165 tri g\u00f3ly. N\u00e1sledne sme po\u013eavili v koncentr\u00e1cii v obrannej f\u00e1ze, \u010d\u00edm sme zbyto\u010dne umo\u017enili s\u00faperovi sk\u00f3rova\u0165. Koniec z\u00e1pasu sme si ale znova ustr\u00e1\u017eili a zasl\u00fa\u017eene&nbsp;vyhrali.\u201c<\/strong><\/p>\n\n\n<div class=\"wp-block-image\">\n<figure class=\"aligncenter size-large is-resized\"><img loading=\"lazy\" decoding=\"async\" width=\"768\" height=\"1024\" src=\"https:\/\/fcspartaktrnava.com\/wp-content\/uploads\/2025\/11\/u14-1-768x1024.jpg\" alt=\"\" class=\"wp-image-36010\" style=\"width:550px;height:auto\" srcset=\"https:\/\/fcspartaktrnava.com\/wp-content\/uploads\/2025\/11\/u14-1-768x1024.jpg 768w, https:\/\/fcspartaktrnava.com\/wp-content\/uploads\/2025\/11\/u14-1-225x300.jpg 225w, https:\/\/fcspartaktrnava.com\/wp-content\/uploads\/2025\/11\/u14-1-1152x1536.jpg 1152w, https:\/\/fcspartaktrnava.com\/wp-content\/uploads\/2025\/11\/u14-1-9x12.jpg 9w, https:\/\/fcspartaktrnava.com\/wp-content\/uploads\/2025\/11\/u14-1.jpg 1536w\" sizes=\"auto, (max-width: 768px) 100vw, 768px\" \/><\/figure>\n<\/div>\n\n\n<p class=\"has-text-align-center\"><strong>Spartak Myjava WU19 \u2013 FC Spartak Trnava WU19 1:3 (0:2)<\/strong><\/p>\n\n\n\n<p class=\"has-text-align-center\">Na diev\u010densk\u00e9 t\u00edmy \u010dakal ve\u013emi n\u00e1ro\u010dn\u00fd program, ke\u010f sa najprv v&nbsp;stredu predstavili na Myjave a&nbsp;ani nie o&nbsp;48 hod\u00edn nesk\u00f4r u\u017e \u010delili Zlat\u00fdm Moravciam. Dorastenky sa ale s&nbsp;t\u00fdm popasovali vynikaj\u00faco.<\/p>\n\n\n\n<p class=\"has-text-align-center\"><strong>FCST WU19: <\/strong>Pre\u0161insk\u00e1 \u2013 Zacharov\u00e1, N\u00e1vojsk\u00e1, Reh\u00e1kov\u00e1, Hal\u00e1sov\u00e1 (84. Huttov\u00e1), Ryb\u00e1rov\u00e1 (C), Lehock\u00e1 (84. Mikov\u00e1), He\u010dkov\u00e1 (61. Vl\u010dkov\u00e1), \u0160kult\u00e9tyov\u00e1 (84. Stankov\u00e1), Jara\u0161ov\u00e1 (70. Vicianov\u00e1), Konopkov\u00e1 (70. Horv\u00e1thov\u00e1)<\/p>\n\n\n\n<p class=\"has-text-align-center\"><strong>Goals: <\/strong>12. Ryb\u00e1rov\u00e1, 41. a&nbsp;52. Hal\u00e1sov\u00e1<\/p>\n\n\n\n<p class=\"has-text-align-center\"><strong>Yellow cards: <\/strong>Jara\u0161ov\u00e1<\/p>\n\n\n\n<p class=\"has-text-align-center\"><strong>Jakub Bla\u017ei: \u201eZ\u00e1pas, na ktor\u00fd sme sa poctivo pripravili. priniesol nie len v\u00fdsledkov\u00fa spokojnos\u0165, ale pote\u0161il najm\u00e4 n\u00e1\u0161 hern\u00fd prejav. Od \u00favodn\u00e9ho v\u00fdkopu mal duel ve\u013emi vysok\u00e9 tempo, my sme loptu dr\u017eali na svojich kopa\u010dk\u00e1ch, v defenz\u00edve sme hrali s nasaden\u00edm a v ofenz\u00edvnej \u010dasti sme sa dost\u00e1vali do ve\u013ek\u00fdch g\u00f3lov\u00fdch \u0161anc\u00ed, ktor\u00e9 sme ale nepremenili. Po\u010das t\u00fd\u017ed\u0148a sme sa venovali rohov\u00fdm kopom a v tomto z\u00e1pase sme sa z piatich presadili a\u017e trikr\u00e1t. Jedin\u00fd g\u00f3l, ktor\u00fd sme inkasovali, bol po nedorozumen\u00ed v na\u0161om pokutovom \u00fazem\u00ed a ne\u0161\u0165astnom momente, kedy sa z\u00e1rove\u0148 zranila hr\u00e1\u010dka s\u00faperiek. Tri body z Myjavy boli zasl\u00fa\u017een\u00e9, v\u00fdsledok mohol by\u0165 pokojne vy\u0161\u0161\u00ed, ale baby prep\u00edsali negat\u00edvnu s\u00e9riu, ke\u010f\u017ee sme prv\u00fdkr\u00e1t zv\u00ed\u0165azili na ihrisku Myjavy po dlh\u00fdch rokoch. Bol to n\u00e1\u0161 najlep\u0161\u00ed z\u00e1pas sez\u00f3ny. Ideme sa poctivo pripravi\u0165 aj na derby z\u00e1pas proti Slovanu vonku, ktor\u00fd n\u00e1s \u010dak\u00e1 u\u017e o t\u00fd\u017ede\u0148, kde chceme takisto&nbsp;bodova\u0165&nbsp;naplno.\u201c<\/strong><\/p>\n\n\n\n<p class=\"has-text-align-center\"><strong>FC Spartak Trnava WU19 \u2013 FC ViOn Zlat\u00e9 Moravce WU19 7:0 (4:0)<\/strong><\/p>\n\n\n\n<p class=\"has-text-align-center\">Nahusten\u00fd program na\u0161e dorastenky zvl\u00e1dli bez probl\u00e9mov. Doma viedli nad Zlat\u00fdmi Moravcami v&nbsp;5. min\u00fate u\u017e 2:0. Pri v\u00ed\u0165azstve 7:0 sa najviac darilo \u0160kult\u00e9tyovej s&nbsp;hetrikom, ktor\u00e1 to stihla u\u017e v&nbsp;prvom pol\u010dase.<\/p>\n\n\n\n<p class=\"has-text-align-center\"><strong>FCST WU19: <\/strong>Petransk\u00e1 (46. Kapkov\u00e1) \u2013 Huttov\u00e1 (57. Konopkov\u00e1), Beranov\u00e1, Vl\u010dkov\u00e1 (65. Lehock\u00e1), Volekov\u00e1, Mikov\u00e1, Krupov\u00e1, \u0160kult\u00e9tyov\u00e1 (46. Rampa\u0161ekov\u00e1), Vicianov\u00e1 (65. Hal\u00e1sov\u00e1), Mikulkov\u00e1, Horv\u00e1thov\u00e1 (57. Jara\u0161ov\u00e1)<\/p>\n\n\n\n<p class=\"has-text-align-center\"><strong>Goals: <\/strong>3., 27. a&nbsp;38. \u0160kult\u00e9tyov\u00e1, 5. Horv\u00e1thov\u00e1, 66. Konopkov\u00e1, 87. Jara\u0161ov\u00e1, 89. Beranov\u00e1<\/p>\n\n\n\n<p class=\"has-text-align-center\"><strong>Jakub Bla\u017ei: \u201ePredohr\u00e1vku 12. kola sme hrali netradi\u010dne v piatok, \u010di\u017ee o 2 dni po z\u00e1pase v Myjave. Ke\u010f\u017ee m\u00e1me \u0161irok\u00fd k\u00e1der a baby e\u0161te c\u00edtili \u00fanavu z predch\u00e1dzaj\u00faceho z\u00e1pasu, tak sme spravili ve\u013ea zmien v&nbsp;zostave. Niektor\u00e9 baby nast\u00fapili v tejto sez\u00f3ne po prv\u00fd raz v z\u00e1kladnej zostave. \u00davod z\u00e1pasu sme mali bleskov\u00fd, ke\u010f sme strelili dva r\u00fdchle g\u00f3ly. Hra bola na na\u0161ej strane v prvom pol\u010dase ve\u013emi dobr\u00e1, \u0161koda, \u017ee sme nepridali viac g\u00f3lov\u00fdch z\u00e1sahov. Do druh\u00e9ho pol\u010dasu sme vst\u00fapili vla\u017ene, vytv\u00e1rali sme si s\u00edce jednu \u0161ancu za druhou, no baby sa predbiehali nie v po\u010dte strelen\u00fdch g\u00f3lov, ale ktor\u00e1 zahod\u00ed v\u00e4\u010d\u0161iu \u0161ancu. Mus\u00edme sa tak\u00fdmto f\u00e1zam v z\u00e1pase vyvarova\u0165, ke\u010f\u017ee u\u017e v&nbsp;prvom pol\u010dase mohol by\u0165 rozdiel dvojcifern\u00fd. Diev\u010dat\u00e1 z\u00e1pas odmakali, ale ch\u00fdbal n\u00e1m v\u00e4\u010d\u0161\u00ed pokoj na lopte a v\u00e4\u010d\u0161ia kvalita vo&nbsp;fin\u00e1lnej&nbsp;f\u00e1ze.\u201c<\/strong><\/p>\n\n\n<div class=\"wp-block-image\">\n<figure class=\"aligncenter size-large is-resized\"><img loading=\"lazy\" decoding=\"async\" width=\"1024\" height=\"768\" src=\"https:\/\/fcspartaktrnava.com\/wp-content\/uploads\/2025\/11\/WU19-vs-Vion-1024x768.jpg\" alt=\"\" class=\"wp-image-36008\" style=\"width:674px;height:auto\" srcset=\"https:\/\/fcspartaktrnava.com\/wp-content\/uploads\/2025\/11\/WU19-vs-Vion-1024x768.jpg 1024w, https:\/\/fcspartaktrnava.com\/wp-content\/uploads\/2025\/11\/WU19-vs-Vion-300x225.jpg 300w, https:\/\/fcspartaktrnava.com\/wp-content\/uploads\/2025\/11\/WU19-vs-Vion-768x576.jpg 768w, https:\/\/fcspartaktrnava.com\/wp-content\/uploads\/2025\/11\/WU19-vs-Vion-1536x1152.jpg 1536w, https:\/\/fcspartaktrnava.com\/wp-content\/uploads\/2025\/11\/WU19-vs-Vion-16x12.jpg 16w, https:\/\/fcspartaktrnava.com\/wp-content\/uploads\/2025\/11\/WU19-vs-Vion.jpg 1600w\" sizes=\"auto, (max-width: 1024px) 100vw, 1024px\" \/><\/figure>\n<\/div>\n\n\n<p class=\"has-text-align-center\"><strong>Spartak Myjava WU15 \u2013 FC Spartak Trnava WU15 2:1 (1:1)<\/strong><\/p>\n\n\n\n<p class=\"has-text-align-center\">Stredaj\u0161\u00ed z\u00e1pas v\u00fdsledkovo nevy\u0161iel na\u0161im \u017eia\u010dkam. Tie s\u00edce viedli na Myjave u\u017e od 3. min\u00faty, ale dom\u00e1ce e\u0161te do pol\u010dasu vyrovnali a&nbsp;obrat dokonali min\u00fatu pred koncom riadneho hracieho \u010dasu.<\/p>\n\n\n\n<p class=\"has-text-align-center\"><strong>FCST WU15: <\/strong>Grellov\u00e1 \u2013 Baraniakov\u00e1 (C), Stri\u017eencov\u00e1, Lackovi\u010dov\u00e1, Ondru\u0161ekov\u00e1, N. Koll\u00e1rov\u00e1, Hro\u0161kov\u00e1, Ma\u010durov\u00e1, Kop\u00e1\u010dikov\u00e1, Iv\u00e1nov\u00e1, Markov\u00e1, Kubovi\u010dov\u00e1, E. Koll\u00e1rov\u00e1, Gul\u00edkov\u00e1, Voro\u0161ov\u00e1, Kapo\u0161ov\u00e1, Tom\u010d\u00e1nyiov\u00e1, S. Koll\u00e1rov\u00e1<\/p>\n\n\n\n<p class=\"has-text-align-center\"><strong>Goals: <\/strong>3. Kubovi\u010dov\u00e1<\/p>\n\n\n\n<p class=\"has-text-align-center\"><strong>Henrieta Pol\u00e1\u010dikov\u00e1: \u201ePrv\u00fd pol\u010das bol z oboch str\u00e1n pozna\u010den\u00fd nervozitou a mno\u017estvom nepresnost\u00ed. Obe dru\u017estv\u00e1 str\u00e1cali lopty a nedok\u00e1zali sa dlh\u0161ie udr\u017ea\u0165 v \u00fato\u010dnej f\u00e1ze. Po na\u0161om otv\u00e1racom g\u00f3le sme n\u00e1skok neudr\u017eali a s\u00faper prakticky vz\u00e1p\u00e4t\u00ed vyrovnal. V druhom pol\u010dase sme jasne dominovali \u2013 s\u00fapera sme nep\u00fa\u0161\u0165ali na na\u0161u polovicu a vytvorili sme si viacero g\u00f3lov\u00fdch pr\u00edle\u017eitost\u00ed, ktor\u00e9 sme v\u0161ak, \u017eia\u013e, nevyu\u017eili. Napriek prevahe a kontrole hry n\u00e1s s\u00faper potrestal min\u00fatu pred koncom po svojom prvom rohu v druhom pol\u010dase.\u201c<\/strong><\/p>\n\n\n\n<p class=\"has-text-align-center\"><strong>FC Spartak Trnava WU15 \u2013 FC ViOn Zlat\u00e9 Moravce WU15 22:0 (5:0)<\/strong><\/p>\n\n\n\n<p class=\"has-text-align-center\">Chu\u0165 po stredaj\u0161om z\u00e1pase si mlad\u00e9 Trnav\u010danky napravili viac ne\u017e dobre, hoci rozbeh mali pomal\u0161\u00ed. Zlat\u00fdm Moravciam dali v&nbsp;prvom pol\u010dase iba 5 g\u00f3lov, no po zmene str\u00e1n pridali plyn a&nbsp;v\u010faka 17-tim g\u00f3lom zv\u00ed\u0165azili presved\u010divo 22:0. Dve diev\u010dat\u00e1 dali a\u017e po \u0161tyri g\u00f3ly, \u010fal\u0161ie tri zaznamenali hetrik.<\/p>\n\n\n\n<p class=\"has-text-align-center\"><strong>FCST WU15: <\/strong>Grellov\u00e1 \u2013 Baraniakov\u00e1, Stri\u017eencov\u00e1, Lackovi\u010dov\u00e1, Ondru\u0161ekov\u00e1, N. Koll\u00e1rov\u00e1, Hro\u0161kov\u00e1, Ma\u010durov\u00e1, Kop\u00e1\u010dikov\u00e1 (C), Iv\u00e1nov\u00e1, Markov\u00e1, Kubovi\u010dov\u00e1, E. Koll\u00e1rov\u00e1, Gul\u00edkov\u00e1, S. Koll\u00e1rov\u00e1, Cuninkov\u00e1, Klimekov\u00e1, Kuklov\u00e1<\/p>\n\n\n\n<p class=\"has-text-align-center\"><strong>Goals: <\/strong>13., 36., 37. a&nbsp;67. Gul\u00edkov\u00e1, 24. a 32. Hro\u0161kov\u00e1, 44. Iv\u00e1nov\u00e1, 45., 55., 58. a&nbsp;71. Ma\u010durov\u00e1, 47., 48. a&nbsp;76. Ondru\u0161ekov\u00e1, 49., 50. a&nbsp;65. N. Koll\u00e1rov\u00e1, 53. a&nbsp;62. Baraniakov\u00e1, 66., 69. a&nbsp;79. Lackovi\u010dov\u00e1<\/p>\n\n\n\n<p class=\"has-text-align-center\"><strong>Henrieta Pol\u00e1\u010dikov\u00e1: \u201eZ\u00e1pas sme zvl\u00e1dli v\u00fdsledkovo jednozna\u010dne. V prvom pol\u010dase v\u0161ak na\u0161a hra nebola pod\u013ea predst\u00e1v. Do druh\u00e9ho pol\u010dasu sme vst\u00fapili ove\u013ea lep\u0161ie, zv\u00fd\u0161ili sme tempo hry, pridali d\u00f4raz a za\u010dali sme premie\u0148a\u0165 \u0161ance. V\u00fdsledkom bolo a\u017e 17 strelen\u00fdch g\u00f3lov&nbsp;po&nbsp;prest\u00e1vke.\u201c<\/strong><\/p>","protected":false},"excerpt":{"rendered":"<p>FK \u017deleziarne Podbrezov\u00e1 U19 \u2013 FC Spartak Trnava&#8230;<\/p>","protected":false},"author":2,"featured_media":36009,"comment_status":"closed","ping_status":"closed","sticky":false,"template":"","format":"standard","meta":{"footnotes":""},"categories":[52,12],"tags":[53],"class_list":["post-36007","post","type-post","status-publish","format-standard","has-post-thumbnail","hentry","category-mladez","category-spravy","tag-mladez","post-number-1"],"yoast_head":"<!-- This site is optimized with the Yoast SEO plugin v27.1.1 - https:\/\/yoast.com\/product\/yoast-seo-wordpress\/ -->\n<title>Ml\u00e1de\u017en\u00edci si splnili ligov\u00e9 povinnosti u\u017e cez t\u00fd\u017ede\u0148 - FC Spartak Trnava<\/title>\n<meta name=\"robots\" content=\"index, follow, max-snippet:-1, max-image-preview:large, max-video-preview:-1\" \/>\n<link rel=\"canonical\" href=\"https:\/\/fcspartaktrnava.com\/en\/mladeznici-si-splnili-ligove-povinnosti-uz-cez-tyzden\/\" \/>\n<meta name=\"twitter:label1\" content=\"Written by\" \/>\n\t<meta name=\"twitter:data1\" content=\"spartak\" \/>\n\t<meta name=\"twitter:label2\" content=\"Estimated reading time\" \/>\n\t<meta name=\"twitter:data2\" content=\"8 minutes\" \/>\n<script type=\"application\/ld+json\" class=\"yoast-schema-graph\">{\"@context\":\"https:\/\/schema.org\",\"@graph\":[{\"@type\":\"Article\",\"@id\":\"https:\/\/fcspartaktrnava.com\/mladeznici-si-splnili-ligove-povinnosti-uz-cez-tyzden\/#article\",\"isPartOf\":{\"@id\":\"https:\/\/fcspartaktrnava.com\/mladeznici-si-splnili-ligove-povinnosti-uz-cez-tyzden\/\"},\"author\":{\"name\":\"spartak\",\"@id\":\"https:\/\/fcspartaktrnava.com\/#\/schema\/person\/24bc5b254af14f71d7d8af178790aa75\"},\"headline\":\"Ml\u00e1de\u017en\u00edci si splnili ligov\u00e9 povinnosti u\u017e cez t\u00fd\u017ede\u0148\",\"datePublished\":\"2025-11-01T08:10:57+00:00\",\"dateModified\":\"2025-11-01T08:12:50+00:00\",\"mainEntityOfPage\":{\"@id\":\"https:\/\/fcspartaktrnava.com\/mladeznici-si-splnili-ligove-povinnosti-uz-cez-tyzden\/\"},\"wordCount\":1773,\"publisher\":{\"@id\":\"https:\/\/fcspartaktrnava.com\/#organization\"},\"image\":{\"@id\":\"https:\/\/fcspartaktrnava.com\/mladeznici-si-splnili-ligove-povinnosti-uz-cez-tyzden\/#primaryimage\"},\"thumbnailUrl\":\"https:\/\/fcspartaktrnava.com\/wp-content\/uploads\/2025\/11\/u14-e1761984691241.jpg\",\"keywords\":[\"ml\u00e1de\u017e\"],\"articleSection\":[\"Ml\u00e1de\u017e\",\"Spr\u00e1vy\"],\"inLanguage\":\"en-GB\"},{\"@type\":\"WebPage\",\"@id\":\"https:\/\/fcspartaktrnava.com\/mladeznici-si-splnili-ligove-povinnosti-uz-cez-tyzden\/\",\"url\":\"https:\/\/fcspartaktrnava.com\/mladeznici-si-splnili-ligove-povinnosti-uz-cez-tyzden\/\",\"name\":\"Ml\u00e1de\u017en\u00edci si splnili ligov\u00e9 povinnosti u\u017e cez t\u00fd\u017ede\u0148 - FC Spartak Trnava\",\"isPartOf\":{\"@id\":\"https:\/\/fcspartaktrnava.com\/#website\"},\"primaryImageOfPage\":{\"@id\":\"https:\/\/fcspartaktrnava.com\/mladeznici-si-splnili-ligove-povinnosti-uz-cez-tyzden\/#primaryimage\"},\"image\":{\"@id\":\"https:\/\/fcspartaktrnava.com\/mladeznici-si-splnili-ligove-povinnosti-uz-cez-tyzden\/#primaryimage\"},\"thumbnailUrl\":\"https:\/\/fcspartaktrnava.com\/wp-content\/uploads\/2025\/11\/u14-e1761984691241.jpg\",\"datePublished\":\"2025-11-01T08:10:57+00:00\",\"dateModified\":\"2025-11-01T08:12:50+00:00\",\"breadcrumb\":{\"@id\":\"https:\/\/fcspartaktrnava.com\/mladeznici-si-splnili-ligove-povinnosti-uz-cez-tyzden\/#breadcrumb\"},\"inLanguage\":\"en-GB\",\"potentialAction\":[{\"@type\":\"ReadAction\",\"target\":[\"https:\/\/fcspartaktrnava.com\/mladeznici-si-splnili-ligove-povinnosti-uz-cez-tyzden\/\"]}]},{\"@type\":\"ImageObject\",\"inLanguage\":\"en-GB\",\"@id\":\"https:\/\/fcspartaktrnava.com\/mladeznici-si-splnili-ligove-povinnosti-uz-cez-tyzden\/#primaryimage\",\"url\":\"https:\/\/fcspartaktrnava.com\/wp-content\/uploads\/2025\/11\/u14-e1761984691241.jpg\",\"contentUrl\":\"https:\/\/fcspartaktrnava.com\/wp-content\/uploads\/2025\/11\/u14-e1761984691241.jpg\",\"width\":1536,\"height\":1300},{\"@type\":\"BreadcrumbList\",\"@id\":\"https:\/\/fcspartaktrnava.com\/mladeznici-si-splnili-ligove-povinnosti-uz-cez-tyzden\/#breadcrumb\",\"itemListElement\":[{\"@type\":\"ListItem\",\"position\":1,\"name\":\"Home\",\"item\":\"https:\/\/fcspartaktrnava.com\/\"},{\"@type\":\"ListItem\",\"position\":2,\"name\":\"Ml\u00e1de\u017en\u00edci si splnili ligov\u00e9 povinnosti u\u017e cez t\u00fd\u017ede\u0148\"}]},{\"@type\":\"WebSite\",\"@id\":\"https:\/\/fcspartaktrnava.com\/#website\",\"url\":\"https:\/\/fcspartaktrnava.com\/\",\"name\":\"FC Spartak Trnava\",\"description\":\"ofici\u00e1lna webstr\u00e1nka futbalov\u00e9ho klubu\",\"publisher\":{\"@id\":\"https:\/\/fcspartaktrnava.com\/#organization\"},\"potentialAction\":[{\"@type\":\"SearchAction\",\"target\":{\"@type\":\"EntryPoint\",\"urlTemplate\":\"https:\/\/fcspartaktrnava.com\/?s={search_term_string}\"},\"query-input\":{\"@type\":\"PropertyValueSpecification\",\"valueRequired\":true,\"valueName\":\"search_term_string\"}}],\"inLanguage\":\"en-GB\"},{\"@type\":\"Organization\",\"@id\":\"https:\/\/fcspartaktrnava.com\/#organization\",\"name\":\"FC Spartak Trnava\",\"alternateName\":\"Spartak\",\"url\":\"https:\/\/fcspartaktrnava.com\/\",\"logo\":{\"@type\":\"ImageObject\",\"inLanguage\":\"en-GB\",\"@id\":\"https:\/\/fcspartaktrnava.com\/#\/schema\/logo\/image\/\",\"url\":\"https:\/\/fcspartaktrnava.com\/wp-content\/uploads\/2022\/08\/cropped-site_logo.png\",\"contentUrl\":\"https:\/\/fcspartaktrnava.com\/wp-content\/uploads\/2022\/08\/cropped-site_logo.png\",\"width\":140,\"height\":140,\"caption\":\"FC Spartak Trnava\"},\"image\":{\"@id\":\"https:\/\/fcspartaktrnava.com\/#\/schema\/logo\/image\/\"},\"sameAs\":[\"https:\/\/www.facebook.com\/SpartakTrnava\",\"https:\/\/x.com\/SpartakTrnava1\",\"https:\/\/www.instagram.com\/spartak_sk\/\"]},{\"@type\":\"Person\",\"@id\":\"https:\/\/fcspartaktrnava.com\/#\/schema\/person\/24bc5b254af14f71d7d8af178790aa75\",\"name\":\"spartak\",\"image\":{\"@type\":\"ImageObject\",\"inLanguage\":\"en-GB\",\"@id\":\"https:\/\/fcspartaktrnava.com\/#\/schema\/person\/image\/\",\"url\":\"https:\/\/secure.gravatar.com\/avatar\/f8ff8584f3fcf3909a11a6da9019f37749183b4015bca14e64556c52614cdc7f?s=96&d=mm&r=g\",\"contentUrl\":\"https:\/\/secure.gravatar.com\/avatar\/f8ff8584f3fcf3909a11a6da9019f37749183b4015bca14e64556c52614cdc7f?s=96&d=mm&r=g\",\"caption\":\"spartak\"},\"url\":\"https:\/\/fcspartaktrnava.com\/en\/author\/spartak\/\"}]}<\/script>\n<!-- \/ Yoast SEO plugin. -->","yoast_head_json":{"title":"Ml\u00e1de\u017en\u00edci si splnili ligov\u00e9 povinnosti u\u017e cez t\u00fd\u017ede\u0148 - FC Spartak Trnava","robots":{"index":"index","follow":"follow","max-snippet":"max-snippet:-1","max-image-preview":"max-image-preview:large","max-video-preview":"max-video-preview:-1"},"canonical":"https:\/\/fcspartaktrnava.com\/en\/mladeznici-si-splnili-ligove-povinnosti-uz-cez-tyzden\/","twitter_misc":{"Written by":"spartak","Estimated reading time":"8 minutes"},"schema":{"@context":"https:\/\/schema.org","@graph":[{"@type":"Article","@id":"https:\/\/fcspartaktrnava.com\/mladeznici-si-splnili-ligove-povinnosti-uz-cez-tyzden\/#article","isPartOf":{"@id":"https:\/\/fcspartaktrnava.com\/mladeznici-si-splnili-ligove-povinnosti-uz-cez-tyzden\/"},"author":{"name":"spartak","@id":"https:\/\/fcspartaktrnava.com\/#\/schema\/person\/24bc5b254af14f71d7d8af178790aa75"},"headline":"Ml\u00e1de\u017en\u00edci si splnili ligov\u00e9 povinnosti u\u017e cez t\u00fd\u017ede\u0148","datePublished":"2025-11-01T08:10:57+00:00","dateModified":"2025-11-01T08:12:50+00:00","mainEntityOfPage":{"@id":"https:\/\/fcspartaktrnava.com\/mladeznici-si-splnili-ligove-povinnosti-uz-cez-tyzden\/"},"wordCount":1773,"publisher":{"@id":"https:\/\/fcspartaktrnava.com\/#organization"},"image":{"@id":"https:\/\/fcspartaktrnava.com\/mladeznici-si-splnili-ligove-povinnosti-uz-cez-tyzden\/#primaryimage"},"thumbnailUrl":"https:\/\/fcspartaktrnava.com\/wp-content\/uploads\/2025\/11\/u14-e1761984691241.jpg","keywords":["ml\u00e1de\u017e"],"articleSection":["Ml\u00e1de\u017e","Spr\u00e1vy"],"inLanguage":"en-GB"},{"@type":"WebPage","@id":"https:\/\/fcspartaktrnava.com\/mladeznici-si-splnili-ligove-povinnosti-uz-cez-tyzden\/","url":"https:\/\/fcspartaktrnava.com\/mladeznici-si-splnili-ligove-povinnosti-uz-cez-tyzden\/","name":"Ml\u00e1de\u017en\u00edci si splnili ligov\u00e9 povinnosti u\u017e cez t\u00fd\u017ede\u0148 - FC Spartak Trnava","isPartOf":{"@id":"https:\/\/fcspartaktrnava.com\/#website"},"primaryImageOfPage":{"@id":"https:\/\/fcspartaktrnava.com\/mladeznici-si-splnili-ligove-povinnosti-uz-cez-tyzden\/#primaryimage"},"image":{"@id":"https:\/\/fcspartaktrnava.com\/mladeznici-si-splnili-ligove-povinnosti-uz-cez-tyzden\/#primaryimage"},"thumbnailUrl":"https:\/\/fcspartaktrnava.com\/wp-content\/uploads\/2025\/11\/u14-e1761984691241.jpg","datePublished":"2025-11-01T08:10:57+00:00","dateModified":"2025-11-01T08:12:50+00:00","breadcrumb":{"@id":"https:\/\/fcspartaktrnava.com\/mladeznici-si-splnili-ligove-povinnosti-uz-cez-tyzden\/#breadcrumb"},"inLanguage":"en-GB","potentialAction":[{"@type":"ReadAction","target":["https:\/\/fcspartaktrnava.com\/mladeznici-si-splnili-ligove-povinnosti-uz-cez-tyzden\/"]}]},{"@type":"ImageObject","inLanguage":"en-GB","@id":"https:\/\/fcspartaktrnava.com\/mladeznici-si-splnili-ligove-povinnosti-uz-cez-tyzden\/#primaryimage","url":"https:\/\/fcspartaktrnava.com\/wp-content\/uploads\/2025\/11\/u14-e1761984691241.jpg","contentUrl":"https:\/\/fcspartaktrnava.com\/wp-content\/uploads\/2025\/11\/u14-e1761984691241.jpg","width":1536,"height":1300},{"@type":"BreadcrumbList","@id":"https:\/\/fcspartaktrnava.com\/mladeznici-si-splnili-ligove-povinnosti-uz-cez-tyzden\/#breadcrumb","itemListElement":[{"@type":"ListItem","position":1,"name":"Home","item":"https:\/\/fcspartaktrnava.com\/"},{"@type":"ListItem","position":2,"name":"Ml\u00e1de\u017en\u00edci si splnili ligov\u00e9 povinnosti u\u017e cez t\u00fd\u017ede\u0148"}]},{"@type":"WebSite","@id":"https:\/\/fcspartaktrnava.com\/#website","url":"https:\/\/fcspartaktrnava.com\/","name":"FC Spartak Trnava","description":"ofici\u00e1lna webstr\u00e1nka futbalov\u00e9ho klubu","publisher":{"@id":"https:\/\/fcspartaktrnava.com\/#organization"},"potentialAction":[{"@type":"SearchAction","target":{"@type":"EntryPoint","urlTemplate":"https:\/\/fcspartaktrnava.com\/?s={search_term_string}"},"query-input":{"@type":"PropertyValueSpecification","valueRequired":true,"valueName":"search_term_string"}}],"inLanguage":"en-GB"},{"@type":"Organization","@id":"https:\/\/fcspartaktrnava.com\/#organization","name":"FC Spartak Trnava","alternateName":"Spartak","url":"https:\/\/fcspartaktrnava.com\/","logo":{"@type":"ImageObject","inLanguage":"en-GB","@id":"https:\/\/fcspartaktrnava.com\/#\/schema\/logo\/image\/","url":"https:\/\/fcspartaktrnava.com\/wp-content\/uploads\/2022\/08\/cropped-site_logo.png","contentUrl":"https:\/\/fcspartaktrnava.com\/wp-content\/uploads\/2022\/08\/cropped-site_logo.png","width":140,"height":140,"caption":"FC Spartak Trnava"},"image":{"@id":"https:\/\/fcspartaktrnava.com\/#\/schema\/logo\/image\/"},"sameAs":["https:\/\/www.facebook.com\/SpartakTrnava","https:\/\/x.com\/SpartakTrnava1","https:\/\/www.instagram.com\/spartak_sk\/"]},{"@type":"Person","@id":"https:\/\/fcspartaktrnava.com\/#\/schema\/person\/24bc5b254af14f71d7d8af178790aa75","name":"spartak","image":{"@type":"ImageObject","inLanguage":"en-GB","@id":"https:\/\/fcspartaktrnava.com\/#\/schema\/person\/image\/","url":"https:\/\/secure.gravatar.com\/avatar\/f8ff8584f3fcf3909a11a6da9019f37749183b4015bca14e64556c52614cdc7f?s=96&d=mm&r=g","contentUrl":"https:\/\/secure.gravatar.com\/avatar\/f8ff8584f3fcf3909a11a6da9019f37749183b4015bca14e64556c52614cdc7f?s=96&d=mm&r=g","caption":"spartak"},"url":"https:\/\/fcspartaktrnava.com\/en\/author\/spartak\/"}]}},"_links":{"self":[{"href":"https:\/\/fcspartaktrnava.com\/en\/wp-json\/wp\/v2\/posts\/36007","targetHints":{"allow":["GET"]}}],"collection":[{"href":"https:\/\/fcspartaktrnava.com\/en\/wp-json\/wp\/v2\/posts"}],"about":[{"href":"https:\/\/fcspartaktrnava.com\/en\/wp-json\/wp\/v2\/types\/post"}],"author":[{"embeddable":true,"href":"https:\/\/fcspartaktrnava.com\/en\/wp-json\/wp\/v2\/users\/2"}],"replies":[{"embeddable":true,"href":"https:\/\/fcspartaktrnava.com\/en\/wp-json\/wp\/v2\/comments?post=36007"}],"version-history":[{"count":0,"href":"https:\/\/fcspartaktrnava.com\/en\/wp-json\/wp\/v2\/posts\/36007\/revisions"}],"wp:featuredmedia":[{"embeddable":true,"href":"https:\/\/fcspartaktrnava.com\/en\/wp-json\/wp\/v2\/media\/36009"}],"wp:attachment":[{"href":"https:\/\/fcspartaktrnava.com\/en\/wp-json\/wp\/v2\/media?parent=36007"}],"wp:term":[{"taxonomy":"category","embeddable":true,"href":"https:\/\/fcspartaktrnava.com\/en\/wp-json\/wp\/v2\/categories?post=36007"},{"taxonomy":"post_tag","embeddable":true,"href":"https:\/\/fcspartaktrnava.com\/en\/wp-json\/wp\/v2\/tags?post=36007"}],"curies":[{"name":"wp","href":"https:\/\/api.w.org\/{rel}","templated":true}]}}