{"id":35667,"date":"2025-10-28T14:32:16","date_gmt":"2025-10-28T12:32:16","guid":{"rendered":"https:\/\/fcspartaktrnava.com\/?p=35667"},"modified":"2025-10-28T14:32:17","modified_gmt":"2025-10-28T12:32:17","slug":"nwadike-musime-bojovat-spolu-ako-tim-iba-tak-budeme-uspesni","status":"publish","type":"post","link":"https:\/\/fcspartaktrnava.com\/en\/nwadike-musime-bojovat-spolu-ako-tim-iba-tak-budeme-uspesni\/","title":{"rendered":"Nwadike: ,,Mus\u00edme bojova\u0165 spolu ako t\u00edm. Iba tak budeme \u00faspe\u0161n\u00ed.&#8220;"},"content":{"rendered":"<p style=\"font-size:25px\"><strong>Nahusten\u00fd program pre Spartak pokra\u010duje \u010fal\u0161\u00edm \u00b4anglick\u00fdm\u00b4 t\u00fd\u017ed\u0148om. U\u017e zajtra sa Andeli predstavia na dom\u00e1com tr\u00e1vniku v dohr\u00e1vke 4. kola Nik\u00e9 ligy proti FC Ko\u0161ice.<\/strong><\/p>\n\n\n\n<p class=\"has-medium-font-size\">Od rem\u00edzov\u00e9ho z\u00e1pasu v Ru\u017eomberku ubehlo len p\u00e1r desiatok hod\u00edn, Spartakovci sa u\u017e ale musia koncentrova\u0165 na \u010fal\u0161\u00ed z\u00e1pas. Ch\u00fdba\u0165 by v \u0148om nemal ani Patrick Nwadike, ktor\u00fd sa vypracoval k pilierom trnavskej obrany: <em>,,V Ru\u017eomberku sme chceli vyhra\u0165, aj ke\u010f sme remizovali, c\u00edtim sa ako keby sme prehrali. Ale mus\u00edme sa pozera\u0165 dopredu, teraz je tu \u010fal\u0161\u00ed z\u00e1pas a \u010fal\u0161ia pr\u00edle\u017eitos\u0165 na z\u00edskanie 3 bodov, ktor\u00e9 naozaj potrebujeme.&#8220;<\/em><\/p>\n\n\n\n<p class=\"has-text-align-center has-vivid-red-color has-white-background-color has-text-color has-background has-link-color has-medium-font-size wp-elements-81bd4d9dd55f791e4ecbbf8b4b3de551\"><strong><a href=\"https:\/\/predpredaj.zoznam.sk\/sk\/listky\/fc-spartak-trnava-fc-kosice-2025-10-29\/\">VSTUPENKY NA Z\u00c1PAS PROTI FC KO\u0160ICE K\u00daPI\u0160 TU!<\/a><\/strong><\/p>\n\n\n\n<p class=\"has-medium-font-size\">Proti s\u00faperovi z v\u00fdchodu s\u00edce e\u0161te vo svojej kari\u00e9re nehral, na z\u00e1klade pr\u00edpravy v\u0161ak tu\u0161\u00ed, \u010do za z\u00e1pas n\u00e1s zajtra \u010dak\u00e1:<em> ,,O\u010dak\u00e1vam, \u017ee za\u010dn\u00fa defenz\u00edvne, z hlbok\u00e9ho bloku. Spolieha\u0165 sa bud\u00fa najm\u00e4 na proti\u00fatoky, vpredu maj\u00fa \u0161ikovn\u00fdch hr\u00e1\u010dov. Mus\u00edme by\u0165 agres\u00edvni, kompaktn\u00ed a bojova\u0165 spolu ako jeden t\u00edm. K\u013e\u00fa\u010dov\u00fdm faktorom bude ur\u010dite aj premie\u0148anie \u0161anc\u00ed.&#8220;<\/em><br><br>V obrannej trojici aktu\u00e1lne naskakuje na strednej poz\u00edcii, aj ke\u010f pod tr\u00e9nerom Michalom \u0160\u010dasn\u00fdm si u\u017e vysk\u00fa\u0161al v\u0161etky 3 alternat\u00edvy: <em>,,C\u00edtim sa, \u017ee na strednej poz\u00edcii mi to teraz ide najlep\u0161ie. Ale je super, \u017ee som si vysk\u00fa\u0161al u\u017e v\u0161etky 3 posty a viem zahra\u0165 tam, kde ma tr\u00e9ner potrebuje.&#8220;<\/em><br><br>Cel\u00fd predz\u00e1pasov\u00fd rozhovor so \u0161v\u00e9dskym stop\u00e9rom n\u00e1jdete na na\u0161om YouTube:<\/p>\n\n\n\n<figure class=\"wp-block-embed is-type-video is-provider-youtube wp-block-embed-youtube wp-embed-aspect-16-9 wp-has-aspect-ratio\"><div class=\"wp-block-embed__wrapper\">\n<iframe loading=\"lazy\" title=\"Patrick Nwadike pred z\u00e1pasom proti FC Ko\u0161ice\" width=\"500\" height=\"281\" src=\"https:\/\/www.youtube.com\/embed\/khv87sJf4qU?feature=oembed\" frameborder=\"0\" allow=\"accelerometer; autoplay; clipboard-write; encrypted-media; gyroscope; picture-in-picture; web-share\" referrerpolicy=\"strict-origin-when-cross-origin\" allowfullscreen><\/iframe>\n<\/div><\/figure>","protected":false},"excerpt":{"rendered":"<p>Nahusten\u00fd program pre Spartak pokra\u010duje \u010fal\u0161\u00edm \u00b4anglick\u00fdm\u00b4 t\u00fd\u017ed\u0148om&#8230;.<\/p>","protected":false},"author":5,"featured_media":35762,"comment_status":"closed","ping_status":"closed","sticky":false,"template":"","format":"standard","meta":{"footnotes":""},"categories":[12],"tags":[],"class_list":["post-35667","post","type-post","status-publish","format-standard","has-post-thumbnail","hentry","category-spravy","post-number-1"],"yoast_head":"<!-- This site is optimized with the Yoast SEO plugin v27.1.1 - https:\/\/yoast.com\/product\/yoast-seo-wordpress\/ -->\n<title>Nwadike: ,,Mus\u00edme bojova\u0165 spolu ako t\u00edm. Iba tak budeme \u00faspe\u0161n\u00ed.&quot; - FC Spartak Trnava<\/title>\n<meta name=\"robots\" content=\"index, follow, max-snippet:-1, max-image-preview:large, max-video-preview:-1\" \/>\n<link rel=\"canonical\" href=\"https:\/\/fcspartaktrnava.com\/en\/nwadike-musime-bojovat-spolu-ako-tim-iba-tak-budeme-uspesni\/\" \/>\n<meta name=\"twitter:label1\" content=\"Written by\" \/>\n\t<meta name=\"twitter:data1\" content=\"Samuel \u010eurinsk\u00fd\" \/>\n\t<meta name=\"twitter:label2\" content=\"Estimated reading time\" \/>\n\t<meta name=\"twitter:data2\" content=\"2 minutes\" \/>\n<script type=\"application\/ld+json\" class=\"yoast-schema-graph\">{\"@context\":\"https:\/\/schema.org\",\"@graph\":[{\"@type\":\"Article\",\"@id\":\"https:\/\/fcspartaktrnava.com\/nwadike-musime-bojovat-spolu-ako-tim-iba-tak-budeme-uspesni\/#article\",\"isPartOf\":{\"@id\":\"https:\/\/fcspartaktrnava.com\/nwadike-musime-bojovat-spolu-ako-tim-iba-tak-budeme-uspesni\/\"},\"author\":{\"name\":\"Samuel \u010eurinsk\u00fd\",\"@id\":\"https:\/\/fcspartaktrnava.com\/#\/schema\/person\/62c3c2562c3c56e4c0c8c2342c596ac0\"},\"headline\":\"Nwadike: ,,Mus\u00edme bojova\u0165 spolu ako t\u00edm. Iba tak budeme \u00faspe\u0161n\u00ed.&#8220;\",\"datePublished\":\"2025-10-28T12:32:16+00:00\",\"dateModified\":\"2025-10-28T12:32:17+00:00\",\"mainEntityOfPage\":{\"@id\":\"https:\/\/fcspartaktrnava.com\/nwadike-musime-bojovat-spolu-ako-tim-iba-tak-budeme-uspesni\/\"},\"wordCount\":306,\"publisher\":{\"@id\":\"https:\/\/fcspartaktrnava.com\/#organization\"},\"image\":{\"@id\":\"https:\/\/fcspartaktrnava.com\/nwadike-musime-bojovat-spolu-ako-tim-iba-tak-budeme-uspesni\/#primaryimage\"},\"thumbnailUrl\":\"https:\/\/fcspartaktrnava.com\/wp-content\/uploads\/2025\/10\/LUC_6277-scaled.jpg\",\"articleSection\":[\"Spr\u00e1vy\"],\"inLanguage\":\"en-GB\"},{\"@type\":\"WebPage\",\"@id\":\"https:\/\/fcspartaktrnava.com\/nwadike-musime-bojovat-spolu-ako-tim-iba-tak-budeme-uspesni\/\",\"url\":\"https:\/\/fcspartaktrnava.com\/nwadike-musime-bojovat-spolu-ako-tim-iba-tak-budeme-uspesni\/\",\"name\":\"Nwadike: ,,Mus\u00edme bojova\u0165 spolu ako t\u00edm. Iba tak budeme \u00faspe\u0161n\u00ed.\\\" - FC Spartak Trnava\",\"isPartOf\":{\"@id\":\"https:\/\/fcspartaktrnava.com\/#website\"},\"primaryImageOfPage\":{\"@id\":\"https:\/\/fcspartaktrnava.com\/nwadike-musime-bojovat-spolu-ako-tim-iba-tak-budeme-uspesni\/#primaryimage\"},\"image\":{\"@id\":\"https:\/\/fcspartaktrnava.com\/nwadike-musime-bojovat-spolu-ako-tim-iba-tak-budeme-uspesni\/#primaryimage\"},\"thumbnailUrl\":\"https:\/\/fcspartaktrnava.com\/wp-content\/uploads\/2025\/10\/LUC_6277-scaled.jpg\",\"datePublished\":\"2025-10-28T12:32:16+00:00\",\"dateModified\":\"2025-10-28T12:32:17+00:00\",\"breadcrumb\":{\"@id\":\"https:\/\/fcspartaktrnava.com\/nwadike-musime-bojovat-spolu-ako-tim-iba-tak-budeme-uspesni\/#breadcrumb\"},\"inLanguage\":\"en-GB\",\"potentialAction\":[{\"@type\":\"ReadAction\",\"target\":[\"https:\/\/fcspartaktrnava.com\/nwadike-musime-bojovat-spolu-ako-tim-iba-tak-budeme-uspesni\/\"]}]},{\"@type\":\"ImageObject\",\"inLanguage\":\"en-GB\",\"@id\":\"https:\/\/fcspartaktrnava.com\/nwadike-musime-bojovat-spolu-ako-tim-iba-tak-budeme-uspesni\/#primaryimage\",\"url\":\"https:\/\/fcspartaktrnava.com\/wp-content\/uploads\/2025\/10\/LUC_6277-scaled.jpg\",\"contentUrl\":\"https:\/\/fcspartaktrnava.com\/wp-content\/uploads\/2025\/10\/LUC_6277-scaled.jpg\",\"width\":2560,\"height\":1707},{\"@type\":\"BreadcrumbList\",\"@id\":\"https:\/\/fcspartaktrnava.com\/nwadike-musime-bojovat-spolu-ako-tim-iba-tak-budeme-uspesni\/#breadcrumb\",\"itemListElement\":[{\"@type\":\"ListItem\",\"position\":1,\"name\":\"Home\",\"item\":\"https:\/\/fcspartaktrnava.com\/\"},{\"@type\":\"ListItem\",\"position\":2,\"name\":\"Nwadike: ,,Mus\u00edme bojova\u0165 spolu ako t\u00edm. Iba tak budeme \u00faspe\u0161n\u00ed.&#8220;\"}]},{\"@type\":\"WebSite\",\"@id\":\"https:\/\/fcspartaktrnava.com\/#website\",\"url\":\"https:\/\/fcspartaktrnava.com\/\",\"name\":\"FC Spartak Trnava\",\"description\":\"ofici\u00e1lna webstr\u00e1nka futbalov\u00e9ho klubu\",\"publisher\":{\"@id\":\"https:\/\/fcspartaktrnava.com\/#organization\"},\"potentialAction\":[{\"@type\":\"SearchAction\",\"target\":{\"@type\":\"EntryPoint\",\"urlTemplate\":\"https:\/\/fcspartaktrnava.com\/?s={search_term_string}\"},\"query-input\":{\"@type\":\"PropertyValueSpecification\",\"valueRequired\":true,\"valueName\":\"search_term_string\"}}],\"inLanguage\":\"en-GB\"},{\"@type\":\"Organization\",\"@id\":\"https:\/\/fcspartaktrnava.com\/#organization\",\"name\":\"FC Spartak Trnava\",\"alternateName\":\"Spartak\",\"url\":\"https:\/\/fcspartaktrnava.com\/\",\"logo\":{\"@type\":\"ImageObject\",\"inLanguage\":\"en-GB\",\"@id\":\"https:\/\/fcspartaktrnava.com\/#\/schema\/logo\/image\/\",\"url\":\"https:\/\/fcspartaktrnava.com\/wp-content\/uploads\/2022\/08\/cropped-site_logo.png\",\"contentUrl\":\"https:\/\/fcspartaktrnava.com\/wp-content\/uploads\/2022\/08\/cropped-site_logo.png\",\"width\":140,\"height\":140,\"caption\":\"FC Spartak Trnava\"},\"image\":{\"@id\":\"https:\/\/fcspartaktrnava.com\/#\/schema\/logo\/image\/\"},\"sameAs\":[\"https:\/\/www.facebook.com\/SpartakTrnava\",\"https:\/\/x.com\/SpartakTrnava1\",\"https:\/\/www.instagram.com\/spartak_sk\/\"]},{\"@type\":\"Person\",\"@id\":\"https:\/\/fcspartaktrnava.com\/#\/schema\/person\/62c3c2562c3c56e4c0c8c2342c596ac0\",\"name\":\"Samuel \u010eurinsk\u00fd\",\"image\":{\"@type\":\"ImageObject\",\"inLanguage\":\"en-GB\",\"@id\":\"https:\/\/fcspartaktrnava.com\/#\/schema\/person\/image\/\",\"url\":\"https:\/\/secure.gravatar.com\/avatar\/af2fa02af92418b86ed742470664fe40056833fb68d84becf03f6ab02319257c?s=96&d=mm&r=g\",\"contentUrl\":\"https:\/\/secure.gravatar.com\/avatar\/af2fa02af92418b86ed742470664fe40056833fb68d84becf03f6ab02319257c?s=96&d=mm&r=g\",\"caption\":\"Samuel \u010eurinsk\u00fd\"},\"url\":\"https:\/\/fcspartaktrnava.com\/en\/author\/fcst-samuel\/\"}]}<\/script>\n<!-- \/ Yoast SEO plugin. -->","yoast_head_json":{"title":"Nwadike: ,,Mus\u00edme bojova\u0165 spolu ako t\u00edm. Iba tak budeme \u00faspe\u0161n\u00ed.\" - FC Spartak Trnava","robots":{"index":"index","follow":"follow","max-snippet":"max-snippet:-1","max-image-preview":"max-image-preview:large","max-video-preview":"max-video-preview:-1"},"canonical":"https:\/\/fcspartaktrnava.com\/en\/nwadike-musime-bojovat-spolu-ako-tim-iba-tak-budeme-uspesni\/","twitter_misc":{"Written by":"Samuel \u010eurinsk\u00fd","Estimated reading time":"2 minutes"},"schema":{"@context":"https:\/\/schema.org","@graph":[{"@type":"Article","@id":"https:\/\/fcspartaktrnava.com\/nwadike-musime-bojovat-spolu-ako-tim-iba-tak-budeme-uspesni\/#article","isPartOf":{"@id":"https:\/\/fcspartaktrnava.com\/nwadike-musime-bojovat-spolu-ako-tim-iba-tak-budeme-uspesni\/"},"author":{"name":"Samuel \u010eurinsk\u00fd","@id":"https:\/\/fcspartaktrnava.com\/#\/schema\/person\/62c3c2562c3c56e4c0c8c2342c596ac0"},"headline":"Nwadike: ,,Mus\u00edme bojova\u0165 spolu ako t\u00edm. Iba tak budeme \u00faspe\u0161n\u00ed.&#8220;","datePublished":"2025-10-28T12:32:16+00:00","dateModified":"2025-10-28T12:32:17+00:00","mainEntityOfPage":{"@id":"https:\/\/fcspartaktrnava.com\/nwadike-musime-bojovat-spolu-ako-tim-iba-tak-budeme-uspesni\/"},"wordCount":306,"publisher":{"@id":"https:\/\/fcspartaktrnava.com\/#organization"},"image":{"@id":"https:\/\/fcspartaktrnava.com\/nwadike-musime-bojovat-spolu-ako-tim-iba-tak-budeme-uspesni\/#primaryimage"},"thumbnailUrl":"https:\/\/fcspartaktrnava.com\/wp-content\/uploads\/2025\/10\/LUC_6277-scaled.jpg","articleSection":["Spr\u00e1vy"],"inLanguage":"en-GB"},{"@type":"WebPage","@id":"https:\/\/fcspartaktrnava.com\/nwadike-musime-bojovat-spolu-ako-tim-iba-tak-budeme-uspesni\/","url":"https:\/\/fcspartaktrnava.com\/nwadike-musime-bojovat-spolu-ako-tim-iba-tak-budeme-uspesni\/","name":"Nwadike: ,,Mus\u00edme bojova\u0165 spolu ako t\u00edm. Iba tak budeme \u00faspe\u0161n\u00ed.\" - FC Spartak Trnava","isPartOf":{"@id":"https:\/\/fcspartaktrnava.com\/#website"},"primaryImageOfPage":{"@id":"https:\/\/fcspartaktrnava.com\/nwadike-musime-bojovat-spolu-ako-tim-iba-tak-budeme-uspesni\/#primaryimage"},"image":{"@id":"https:\/\/fcspartaktrnava.com\/nwadike-musime-bojovat-spolu-ako-tim-iba-tak-budeme-uspesni\/#primaryimage"},"thumbnailUrl":"https:\/\/fcspartaktrnava.com\/wp-content\/uploads\/2025\/10\/LUC_6277-scaled.jpg","datePublished":"2025-10-28T12:32:16+00:00","dateModified":"2025-10-28T12:32:17+00:00","breadcrumb":{"@id":"https:\/\/fcspartaktrnava.com\/nwadike-musime-bojovat-spolu-ako-tim-iba-tak-budeme-uspesni\/#breadcrumb"},"inLanguage":"en-GB","potentialAction":[{"@type":"ReadAction","target":["https:\/\/fcspartaktrnava.com\/nwadike-musime-bojovat-spolu-ako-tim-iba-tak-budeme-uspesni\/"]}]},{"@type":"ImageObject","inLanguage":"en-GB","@id":"https:\/\/fcspartaktrnava.com\/nwadike-musime-bojovat-spolu-ako-tim-iba-tak-budeme-uspesni\/#primaryimage","url":"https:\/\/fcspartaktrnava.com\/wp-content\/uploads\/2025\/10\/LUC_6277-scaled.jpg","contentUrl":"https:\/\/fcspartaktrnava.com\/wp-content\/uploads\/2025\/10\/LUC_6277-scaled.jpg","width":2560,"height":1707},{"@type":"BreadcrumbList","@id":"https:\/\/fcspartaktrnava.com\/nwadike-musime-bojovat-spolu-ako-tim-iba-tak-budeme-uspesni\/#breadcrumb","itemListElement":[{"@type":"ListItem","position":1,"name":"Home","item":"https:\/\/fcspartaktrnava.com\/"},{"@type":"ListItem","position":2,"name":"Nwadike: ,,Mus\u00edme bojova\u0165 spolu ako t\u00edm. Iba tak budeme \u00faspe\u0161n\u00ed.&#8220;"}]},{"@type":"WebSite","@id":"https:\/\/fcspartaktrnava.com\/#website","url":"https:\/\/fcspartaktrnava.com\/","name":"FC Spartak Trnava","description":"ofici\u00e1lna webstr\u00e1nka futbalov\u00e9ho klubu","publisher":{"@id":"https:\/\/fcspartaktrnava.com\/#organization"},"potentialAction":[{"@type":"SearchAction","target":{"@type":"EntryPoint","urlTemplate":"https:\/\/fcspartaktrnava.com\/?s={search_term_string}"},"query-input":{"@type":"PropertyValueSpecification","valueRequired":true,"valueName":"search_term_string"}}],"inLanguage":"en-GB"},{"@type":"Organization","@id":"https:\/\/fcspartaktrnava.com\/#organization","name":"FC Spartak Trnava","alternateName":"Spartak","url":"https:\/\/fcspartaktrnava.com\/","logo":{"@type":"ImageObject","inLanguage":"en-GB","@id":"https:\/\/fcspartaktrnava.com\/#\/schema\/logo\/image\/","url":"https:\/\/fcspartaktrnava.com\/wp-content\/uploads\/2022\/08\/cropped-site_logo.png","contentUrl":"https:\/\/fcspartaktrnava.com\/wp-content\/uploads\/2022\/08\/cropped-site_logo.png","width":140,"height":140,"caption":"FC Spartak Trnava"},"image":{"@id":"https:\/\/fcspartaktrnava.com\/#\/schema\/logo\/image\/"},"sameAs":["https:\/\/www.facebook.com\/SpartakTrnava","https:\/\/x.com\/SpartakTrnava1","https:\/\/www.instagram.com\/spartak_sk\/"]},{"@type":"Person","@id":"https:\/\/fcspartaktrnava.com\/#\/schema\/person\/62c3c2562c3c56e4c0c8c2342c596ac0","name":"Samuel \u010eurinsk\u00fd","image":{"@type":"ImageObject","inLanguage":"en-GB","@id":"https:\/\/fcspartaktrnava.com\/#\/schema\/person\/image\/","url":"https:\/\/secure.gravatar.com\/avatar\/af2fa02af92418b86ed742470664fe40056833fb68d84becf03f6ab02319257c?s=96&d=mm&r=g","contentUrl":"https:\/\/secure.gravatar.com\/avatar\/af2fa02af92418b86ed742470664fe40056833fb68d84becf03f6ab02319257c?s=96&d=mm&r=g","caption":"Samuel \u010eurinsk\u00fd"},"url":"https:\/\/fcspartaktrnava.com\/en\/author\/fcst-samuel\/"}]}},"_links":{"self":[{"href":"https:\/\/fcspartaktrnava.com\/en\/wp-json\/wp\/v2\/posts\/35667","targetHints":{"allow":["GET"]}}],"collection":[{"href":"https:\/\/fcspartaktrnava.com\/en\/wp-json\/wp\/v2\/posts"}],"about":[{"href":"https:\/\/fcspartaktrnava.com\/en\/wp-json\/wp\/v2\/types\/post"}],"author":[{"embeddable":true,"href":"https:\/\/fcspartaktrnava.com\/en\/wp-json\/wp\/v2\/users\/5"}],"replies":[{"embeddable":true,"href":"https:\/\/fcspartaktrnava.com\/en\/wp-json\/wp\/v2\/comments?post=35667"}],"version-history":[{"count":0,"href":"https:\/\/fcspartaktrnava.com\/en\/wp-json\/wp\/v2\/posts\/35667\/revisions"}],"wp:featuredmedia":[{"embeddable":true,"href":"https:\/\/fcspartaktrnava.com\/en\/wp-json\/wp\/v2\/media\/35762"}],"wp:attachment":[{"href":"https:\/\/fcspartaktrnava.com\/en\/wp-json\/wp\/v2\/media?parent=35667"}],"wp:term":[{"taxonomy":"category","embeddable":true,"href":"https:\/\/fcspartaktrnava.com\/en\/wp-json\/wp\/v2\/categories?post=35667"},{"taxonomy":"post_tag","embeddable":true,"href":"https:\/\/fcspartaktrnava.com\/en\/wp-json\/wp\/v2\/tags?post=35667"}],"curies":[{"name":"wp","href":"https:\/\/api.w.org\/{rel}","templated":true}]}}