{"id":35559,"date":"2025-10-26T18:21:57","date_gmt":"2025-10-26T16:21:57","guid":{"rendered":"https:\/\/fcspartaktrnava.com\/?p=35559"},"modified":"2025-10-26T22:22:13","modified_gmt":"2025-10-26T20:22:13","slug":"mladeznici-odohrali-menej-zapasov-ale-boli-uspesni","status":"publish","type":"post","link":"https:\/\/fcspartaktrnava.com\/en\/mladeznici-odohrali-menej-zapasov-ale-boli-uspesni\/","title":{"rendered":"Ml\u00e1de\u017en\u00edci odohrali menej z\u00e1pasov, ale boli \u00faspe\u0161n\u00ed"},"content":{"rendered":"<p class=\"has-text-align-center\"><strong>FC Spartak Trnava U19 \u2013 MFK Dukla Bansk\u00e1 Bystrice U19 4:0 (0:0)<\/strong><\/p>\n\n\n\n<p class=\"has-text-align-center\">Z&nbsp;dorasteneck\u00fdch t\u00edmov hral iba ten najstar\u0161\u00ed, ktor\u00fd po bezg\u00f3lovom prvom pol\u010dase rozhodol o&nbsp;svojom pohodlnom v\u00ed\u0165azstve po zmene str\u00e1n, ke\u010f dal a\u017e \u0161tyri g\u00f3ly. Prispelo k&nbsp;tomu aj vyl\u00fa\u010denie hos\u0165uj\u00faceho brank\u00e1ra v&nbsp;52. min\u00fate, \u010do okam\u017eite potrestal g\u00f3lom na 2:0 Duchovi\u010d.<\/p>\n\n\n\n<p class=\"has-text-align-center\"><strong>FCST U19: <\/strong>Kiss \u2013 Velick\u00fd (69. Rep\u00e1\u0148), Pristach (C), Pittel (80. Redenkovi\u010d), Konopka (80. Ma\u0165o), Roh\u00e1\u010d (63. Benkovsk\u00fd), Tejzr, Priecel, Duchovi\u010d, Pta\u010d\u00edn (63. Flimmel), Hus\u00e1r<\/p>\n\n\n\n<p class=\"has-text-align-center\"><strong>Goals: <\/strong>49. Roh\u00e1\u010d, 56. Duchovi\u010d, 77. Tejzr, 84. Flimmel<\/p>\n\n\n\n<p class=\"has-text-align-center\"><strong>Yellow cards: <\/strong>Velick\u00fd<\/p>\n\n\n\n<p class=\"has-text-align-center\"><strong>Peter Ga\u017ei: \u201eV prvom pol\u010dase som videl v na\u0161ej hre zlep\u0161enie. Dok\u00e1zali sme kombinova\u0165 vo vy\u0161\u0161om tempe, \u00fato\u010dili sme s v\u00e4\u010d\u0161\u00edm po\u010dtom hr\u00e1\u010dov a zv\u00fd\u0161ili sme po\u010det fin\u00e1lnych prihr\u00e1vok. G\u00f3lu sme sa v\u0161ak do\u010dkali a\u017e v druhom pol\u010dase po strele spoza pokutov\u00e9ho \u00fazemia od Roh\u00e1\u010da. Druh\u00fd g\u00f3l sme pridali z pokutov\u00e9ho kopu v podan\u00ed Duchovi\u010da, ktor\u00e9mu predch\u00e1dzala v\u00fdborn\u00e1 akcia 1 na 1 od Velick\u00e9ho. Po tomto g\u00f3le som na na\u0161om t\u00edme videl uvo\u013enenie a v\u0161etky \u010fal\u0161ie \u010dinnosti sme vykon\u00e1vali s v\u00e4\u010d\u0161ou \u013eahkos\u0165ou a sebavedom\u00edm. V\u00fdsledkom toho bola pekn\u00e1 g\u00f3lov\u00e1 strela Tejzra a z\u00e1sah Flimmela po v\u00fdborne zvl\u00e1dnutom r\u00fdchlom prechode. Te\u0161\u00ed ma, \u017ee sme strelili viac g\u00f3lov, no pozit\u00edvom bola aj dobre funguj\u00faca defenz\u00edva cel\u00e9ho t\u00edmu. Ver\u00edm, \u017ee na tento v\u00fdkon nadvia\u017eeme u\u017e v stredu v Podbrezovej.\u201c<\/strong><\/p>\n\n\n<div class=\"wp-block-image\">\n<figure class=\"aligncenter size-large is-resized\"><img loading=\"lazy\" decoding=\"async\" width=\"768\" height=\"1024\" src=\"https:\/\/fcspartaktrnava.com\/wp-content\/uploads\/2025\/10\/Obrazok-WhatsApp-2025-10-25-o-13.21.24_668da76c-768x1024.jpg\" alt=\"\" class=\"wp-image-35560\" style=\"width:518px;height:auto\" srcset=\"https:\/\/fcspartaktrnava.com\/wp-content\/uploads\/2025\/10\/Obrazok-WhatsApp-2025-10-25-o-13.21.24_668da76c-768x1024.jpg 768w, https:\/\/fcspartaktrnava.com\/wp-content\/uploads\/2025\/10\/Obrazok-WhatsApp-2025-10-25-o-13.21.24_668da76c-225x300.jpg 225w, https:\/\/fcspartaktrnava.com\/wp-content\/uploads\/2025\/10\/Obrazok-WhatsApp-2025-10-25-o-13.21.24_668da76c-1152x1536.jpg 1152w, https:\/\/fcspartaktrnava.com\/wp-content\/uploads\/2025\/10\/Obrazok-WhatsApp-2025-10-25-o-13.21.24_668da76c-9x12.jpg 9w, https:\/\/fcspartaktrnava.com\/wp-content\/uploads\/2025\/10\/Obrazok-WhatsApp-2025-10-25-o-13.21.24_668da76c.jpg 1440w\" sizes=\"auto, (max-width: 768px) 100vw, 768px\" \/><\/figure>\n<\/div>\n\n\n<p class=\"has-text-align-center\"><strong>FC ViOn Zlat\u00e9 Moravce U17 \u2013 FC Spartak Trnava U15 3:1<\/strong><\/p>\n\n\n\n<p class=\"has-text-align-center\">E\u0161te pred ligov\u00fdm z\u00e1pasom si na\u0161i najstar\u0161\u00ed \u017eiaci zmerali sily v&nbsp;pr\u00edpravnom stretnut\u00ed s&nbsp;druholigov\u00fdmi dorastencami zo Zlat\u00fdch Moraviec z&nbsp;kateg\u00f3rie U17. Po bojovnom v\u00fdkone ale prehrali 1:3.<\/p>\n\n\n\n<p class=\"has-text-align-center\"><strong>Goals: <\/strong>K\u0148a\u017eek<\/p>\n\n\n\n<p class=\"has-text-align-center\"><strong>Jozef Pa\u013eo: \u201eDo z\u00e1pasu sme vst\u00fapili sebavedomo a u\u017e v \u00favode sme si vypracovali nieko\u013eko dobr\u00fdch g\u00f3lov\u00fdch pr\u00edle\u017eitost\u00ed. Ch\u00fdbala n\u00e1m v\u0161ak v\u00e4\u010d\u0161ia koncentr\u00e1cia v zakon\u010den\u00ed. Pri takomto vstupe do z\u00e1pasu mus\u00edme jednozna\u010dne sk\u00f3rova\u0165. V \u010fal\u0161om priebehu hry sme sa m\u00e1lo pohybovali a neboli sme dostato\u010dne ist\u00ed na lopte, najm\u00e4 pri prvom dotyku. Rozhodovanie pri prihr\u00e1vkach bolo neskor\u00e9 a \u010dasto nepresn\u00e9. V prvom pol\u010dase bola c\u00edti\u0165 nervozita v prechodov\u00fdch f\u00e1zach hry. Do druh\u00e9ho pol\u010dasu sme nast\u00fapili s cie\u013eom zr\u00fdchli\u0165 tempo, zlep\u0161i\u0165 prihr\u00e1vkov\u00fa \u010dinnos\u0165 a prejavi\u0165 viac odvahy v individu\u00e1lnych prienikoch. \u017dia\u013e, v jednej situ\u00e1cii sme zabudli na n\u00e1vrat do defenz\u00edvy a s\u00faper to potrestal. Od tohto momentu sme mali viac z hry, predov\u0161etk\u00fdm v ofenz\u00edve. Dok\u00e1zali sme si vytv\u00e1ra\u0165 \u0161ance a ohrozova\u0165 s\u00faperovu br\u00e1nu aj na\u010falej. Napriek ve\u013ekej snahe a vysokej fyzickej n\u00e1mahe to v\u0161ak na v\u00ed\u0165azstvo&nbsp;nesta\u010dilo.\u201c<\/strong><\/p>\n\n\n\n<p class=\"has-text-align-center\"><strong>M\u0160K P\u00fachov U15 \u2013 FC Spartak Trnava U15 1:2 (0:2)<\/strong><\/p>\n\n\n\n<p class=\"has-text-align-center\">\u017diaci nast\u00fapili cez v\u00edkend proti P\u00fachovu. Star\u0161ie t\u00edmy hrali netradi\u010dne v&nbsp;nede\u013eu o&nbsp;15:30, respekt\u00edve o&nbsp;17:30. Nezvyk na\u0161a p\u00e4tn\u00e1stka zvl\u00e1dla a&nbsp;zv\u00ed\u0165azila najtesnej\u0161\u00edm rozdielom 2:1.<\/p>\n\n\n\n<p class=\"has-text-align-center\"><strong>FCST U15: <\/strong>Skornsek \u2013 Svitana, Pol\u0165\u00e1k (C), Mego (58. Rep\u00e1\u0148), Pola\u010dek (58. Mikulec), Poliak, \u017digrai (50. \u0160\u010dasn\u00fd), Kohutovi\u010d (58. Miklovi\u010d), Dvorsk\u00fd (50. Gajdo\u0161), Junas, Horv\u00e1th (50. Kuss)<\/p>\n\n\n\n<p class=\"has-text-align-center\"><strong>Goals: <\/strong>7. Horv\u00e1th, 37. Junas<\/p>\n\n\n\n<p class=\"has-text-align-center\"><strong>Yellow cards: <\/strong>Pola\u010dek, Horv\u00e1th, Kuss<\/p>\n\n\n\n<p class=\"has-text-align-center\"><strong>Jozef Pa\u013eo: \u201eDo z\u00e1pasu sme vst\u00fapili ve\u013emi dobre \u2013 boli sme akt\u00edvni, najm\u00e4 smerom dopredu. Po peknej akcii a presnom zakon\u010den\u00ed Horv\u00e1tha sme sa ujali vedenia 1:0. N\u00e1sledne v\u0161ak pri\u0161li pas\u00e1\u017ee, v ktor\u00fdch sme \u010dakali na \u010fal\u0161ie futbalov\u00e9 momenty. E\u0161te v prvom pol\u010dase sa n\u00e1m podarilo presadi\u0165 aj druh\u00fdkr\u00e1t a zv\u00fd\u0161i\u0165 n\u00e1skok na 2:0. S\u00faper n\u00e1s nap\u00e1dal u\u017e pri preberan\u00ed lopty, tak\u017ee na realiz\u00e1ciu ofenz\u00edvnych akci\u00ed sme mali m\u00e1lo priestoru aj \u010dasu. V bojovnom z\u00e1pase n\u00e1m ch\u00fdbal moment prekvapenia v zakon\u010den\u00ed a v\u00e4\u010d\u0161ia kvalita v \u00fato\u010dnej f\u00e1ze. Str\u00e1cali sme jednoduch\u00e9 lopty, \u010do h\u00fa\u017eevnat\u00fd s\u00faper dok\u00e1zal vyu\u017ei\u0165 a vytvori\u0165 si nieko\u013eko nebezpe\u010dn\u00fdch \u0161anc\u00ed. Aj napriek tomu, \u017ee hr\u00e1\u010dom nemo\u017eno uprie\u0165 bojovnos\u0165 a enormn\u00e9 nasadenie, nedok\u00e1zali sme si vypracova\u0165 100% g\u00f3lov\u00e9 pr\u00edle\u017eitosti. Na\u0161ou \u00falohou teraz bude pripravi\u0165 sa na najbli\u017e\u0161\u00ed z\u00e1pas a uspie\u0165 v \u0148om nielen v\u00fdsledkovo, ale aj herne. Chlapcom gratulujem k&nbsp;v\u00ed\u0165azstvu!\u201c<\/strong><\/p>\n\n\n\n<p class=\"has-text-align-center\"><strong>M\u0160K P\u00fachov U14 \u2013 FC Spartak Trnava U14 2:5 (1:2)<\/strong><\/p>\n\n\n\n<p class=\"has-text-align-center\">S&nbsp;neskor\u0161\u00edm \u010dasom v\u00fdkopu sa lep\u0161ie popasovala aj na\u0161a \u0161trn\u00e1stka, v&nbsp;ktorej z\u00e1pase dokonca vypadol elektrick\u00fd pr\u00fad. To na\u0161ich chalanov ale nerozhodilo a&nbsp;zv\u00ed\u0165azili 5:2.<\/p>\n\n\n\n<p class=\"has-text-align-center\"><strong>FCST U14: <\/strong>Kamen\u00e1r, Horn\u00fd \u2013 Ba\u0161ty (C), Dul\u00edk, Franta, Beli\u010dka, Vir\u00e1g, Pavl\u00edk, Kostol\u00e1ni, Llanaj, Fojta, Hamb\u00e1lek, Balko, \u010cerve\u0148, B\u00f6hman, Schriffel, Bul\u00edk, Pol\u00e1\u010dik<\/p>\n\n\n\n<p class=\"has-text-align-center\"><strong>Goals: <\/strong>3. Llanaj, 39. a&nbsp;67. Hamb\u00e1lek, 72. Pavl\u00edk, 79. Pol\u00e1\u010dik<\/p>\n\n\n\n<p class=\"has-text-align-center\"><strong>R\u00f3bert Polakovi\u010d: \u201eOd prvej min\u00fatu sme dirigovali tempo z\u00e1pasu a herne sme ur\u010dovali tv\u00e1r z\u00e1pasu. S\u00faper svoj\u00edm sp\u00f4sobom hry p\u00f4sobil len de\u0161trukt\u00edvne, ke\u010f prehus\u0165oval stred ihriska pred pokutov\u00fdm \u00fazem\u00edm. Tento sp\u00f4sob n\u00e1m robil probl\u00e9m a nie v\u017edy sme spr\u00e1vne vyhodnocovali ak\u00fd sp\u00f4sob vedenia \u00fatoku zvoli\u0165. Aj napriek tomu sme si dok\u00e1zali vypracova\u0165 dobr\u00fd po\u010det streleck\u00fdch pr\u00edle\u017eitost\u00ed, \u017eia\u013e na\u0161a efektivita nebola na po\u017eadovanej \u00farovni, aby sme rozhodli o v\u00fdsledku stretnutia sk\u00f4r. S\u00faper n\u00e1m dal oba g\u00f3ly po ned\u00f4raze v obrannej \u010dinnosti, \u010domu sa mus\u00edme vyvarova\u0165. Chalani ale na konci uk\u00e1zali silu kolekt\u00edvu a dok\u00e1zali zlomi\u0165 z\u00e1pas na svoju stranu a zasl\u00fa\u017eene&nbsp;vyhrali.\u201c<\/strong><\/p>\n\n\n\n<p class=\"has-text-align-center\"><strong>FC Ko\u0161ice U13 &#8211; FC Spartak Trnava U13<\/strong> <strong>3:2<\/strong><\/p>\n\n\n\n<p class=\"has-text-align-center\">Najnabitej\u0161\u00ed program mali na\u0161i najmlad\u0161\u00ed \u017eiaci. T\u00ed e\u0161te pred miniturnajom v Pre\u0161ove a ligovom z\u00e1pase proti P\u00fachovu odohrali aj pr\u00edpravn\u00e9 z\u00e1pasy proti Ko\u0161iciam.<\/p>\n\n\n\n<p class=\"has-text-align-center\"><strong>Goals:<\/strong> 2x Kr\u00e1\u013eovi\u010d<\/p>\n\n\n\n<p class=\"has-text-align-center\"><strong>Filip Tomovi\u010d: \u201eDnes sme mali mo\u017enos\u0165 zmera\u0165 si sily s Ko\u0161icami, ktor\u00e9 s\u00fa jednozna\u010dne najlep\u0161ie mu\u017estvo na v\u00fdchode SR. Po dlhej ceste sme p\u00f4sobili mierne zasko\u010den\u00ed z d\u00f4raznej hry s\u00fapera, ktor\u00fd vyhr\u00e1val 90% osobn\u00fdch s\u00fabojov, z \u010doho pramenili pr\u00edle\u017eitosti pre dom\u00e1cich. Prv\u00fd pol\u010das sme mali op\u00e4\u0165 vysok\u00e9 dr\u017eanie lopty, ale nevedeli sme sa presadi\u0165 lep\u0161ou fin\u00e1lnou a predfin\u00e1lnou prihr\u00e1vkou. Bu\u010f sme zvolili nepresn\u00e9 alebo zd\u013ahav\u00e9 rie\u0161enie. Druhy pol\u010das mal s\u00faper navrch a my sme sa nevedeli udr\u017ea\u0165 na lopte a viazla n\u00e1m kombin\u00e1cia, na\u0161a hra bola sk\u00f4r priamo\u010diara. Z\u00e1pas ale hodnot\u00edme ako v\u00fdborn\u00e1 previerka pred zajtraj\u0161\u00edm\u00a0mini-turnajom.\u201c<\/strong><\/p>\n\n\n\n<p class=\"has-text-align-center\">T\u00edmy na\u0161ich mlad\u0161\u00edch \u017eiakov e\u0161te pred ligov\u00fdm z\u00e1polen\u00edm proti P\u00fachovu absolvovali v&nbsp;piatok miniturnaj v&nbsp;Pre\u0161ove, kde odohrali po tri z\u00e1pasy.<\/p>\n\n\n\n<p class=\"has-text-align-center\"><strong>FCST <\/strong>\u2013 CFT Pre\u0161ov 0:1<\/p>\n\n\n\n<p class=\"has-text-align-center\"><strong>FCST <\/strong>\u2013 Ujpest 3:1 (2x Luka\u010dka, Kajma)<\/p>\n\n\n\n<p class=\"has-text-align-center\"><strong>FCST <\/strong>\u2013 Rakow 0:5<\/p>\n\n\n\n<p class=\"has-text-align-center\"><strong>Filip Tomovi\u010d: \u201eV prvom z\u00e1pase sme boli jednozna\u010dne lep\u0161\u00ed, ale vyhoreli sme v&nbsp;zakon\u010den\u00ed. Urobili sme ve\u013emi \u013eahk\u00fa a&nbsp;naivn\u00fa chybu v&nbsp;zakladan\u00ed \u00fatoku, z&nbsp;\u010doho sme inkasovali. Z\u00e1pas sme mali jednozna\u010dne vyhra\u0165. Potom sme predviedli dobr\u00fa reakciu na prv\u00fa prehru a&nbsp;po v\u00fdbornom a&nbsp;jednozna\u010dnom v\u00fdkone sme mohli vyhra\u0165 \u010faleko vy\u0161\u0161\u00edm rozdielom. Tret\u00ed z\u00e1pas bola pre chalanov vysok\u00e1 \u0161kola futbalu. Rakow m\u00e1 najlep\u0161iu a&nbsp;najbohat\u0161iu akad\u00e9miu v&nbsp;celom Po\u013esku. Zbieraj\u00fa a&nbsp;s\u0165ahuj\u00fa hr\u00e1\u010dov z&nbsp;celej krajiny. Ich kvalita vzh\u013eadom na vek bola nev\u00eddan\u00e1. S\u00faper hral v&nbsp;rozostaven\u00ed 3-4-3, vyzeral takticky, technicky, fyzicky a&nbsp;o&nbsp;dve triedy vyspelej\u0161ie ako my. Mus\u00edme pokorne uzna\u0165, \u017ee sme hrali zatia\u013e proti najlep\u0161iemu mu\u017estvu za m\u00f4jho p\u00f4sobenia. Celkovo hodnot\u00edm tento v\u00fdjazd ve\u013emi pozit\u00edvne vzh\u013eadom na kvalitn\u00e9 z\u00e1pasy a&nbsp;po\u010det min\u00fat, ktor\u00e9 hr\u00e1\u010di dostali.\u201c<\/strong><\/p>\n\n\n\n<p class=\"has-text-align-center\"><strong>FC Spartak Trnava U13 \u2013 M\u0160K P\u00fachov U13 4:0 (2:0)<\/strong><\/p>\n\n\n\n<p class=\"has-text-align-center\">Oproti star\u0161\u00edm spoluhr\u00e1\u010dom odohrali mlad\u0161\u00ed \u017eiaci majstrovsk\u00e9 z\u00e1pasy proti P\u00fachovu v&nbsp;typick\u00fdch \u010dasoch. Trin\u00e1stka rozhodla na Sl\u00e1vii o&nbsp;svojom v\u00ed\u0165azstve v\u010faka dvom r\u00fdchlym g\u00f3lom v&nbsp;prvom i&nbsp;druhom pol\u010dase.<\/p>\n\n\n\n<p class=\"has-text-align-center\"><strong>FCST U13: <\/strong>Man\u010d\u00e1k, Horn\u00fd, Lietavec \u2013 Tibensk\u00fd, Kybych, Kobza, Urban, Kr\u00e1\u013eovi\u010d (C), Kajma, Stre\u010dansk\u00fd, Ryban, Marcinkovi\u010d, Brezina, Luka\u010dka, Varga, Kodydek, Zeman, Lasac, Hude\u010dek, Karkus, Fulier<\/p>\n\n\n\n<p class=\"has-text-align-center\"><strong>Goals: <\/strong>10. Luka\u010dka, 11. Stre\u010dansk\u00fd, 37. Marcinkovi\u010d, 39. Varga<\/p>\n\n\n\n<p class=\"has-text-align-center\"><strong>Filip Tomovi\u010d: \u201eDne\u0161n\u00fd v\u00fdkon by som zhodnotil jedn\u00fdm slovom \u2013 sklamanie. Po v\u00edkende na v\u00fdchode, kde sme odohrali v\u00fdborne z\u00e1pasy, sme si dne\u0161n\u00fd z\u00e1pas chceli u\u017ei\u0165 poctiv\u00fdm a dobr\u00fdm v\u00fdkonom a prenies\u0165 veci, o ktor\u00fdch sme cel\u00fd \u010das debatovali, ale nastal \u00fapln\u00fd opak \u2013 uspokojenie, maxim\u00e1lne sa prisp\u00f4sobenie s\u00faperovi a nekvalita vo v\u0161etk\u00fdch hern\u00fdch \u010dinnostiach. So v\u0161etkou \u00factou k&nbsp;s\u00faperovi, tak\u00e9to z\u00e1pasy mus\u00edme zvl\u00e1da\u0165 \u00faplne inak herne, v\u00fdsledkovo a hlavne pr\u00edstupom. Ver\u00edm, \u017ee to bolo posledn\u00fdkr\u00e1t a u\u017e sa tak\u00fdto v\u00fdkon nebude&nbsp;opakova\u0165.\u201c<\/strong><\/p>\n\n\n\n<p class=\"has-text-align-center\"><strong>FC Ko\u0161ice U12 \u2013 FC Spartak Trnava U12 3:3<\/strong><\/p>\n\n\n\n<p class=\"has-text-align-center\">Pred miniturnajom v\u00a0Pre\u0161ove a\u00a0v\u00edkendov\u00fdm ligov\u00fdm z\u00e1pasom proti P\u00fachovu nast\u00fapila na pr\u00edpravn\u00fd z\u00e1pas v Ko\u0161iciach aj na\u0161a dvan\u00e1stka.<\/p>\n\n\n\n<p class=\"has-text-align-center\"><strong>Goals:<\/strong> Chod\u00far, Kro\u010dka, Jobek<\/p>\n\n\n\n<p class=\"has-text-align-center\"><strong>D\u00e1vid Mi\u0161kovi\u010d: \u201ePrv\u00fd pol\u010das rovnaj\u00faci sa 5-hodinovej ceste vlakom, p\u00f4sobili sme kom\u00f3tne a pomaly, nohy ne\u0161li. Druh\u00fd pol\u010das sme sa chytili na dobr\u00fdch \u00fasekoch hry a v z\u00e1vere z\u00e1pasu sme dominovali. \u00darove\u0148 futbalu z oboch str\u00e1n bola na ve\u013emi vysokej \u00farovni, v\u00fdborn\u00fd z\u00e1pas. S\u00faper n\u00e1m po\u013eahky vych\u00e1dzal z pressingu, ktor\u00fdm n\u00e1s v in\u00fdch z\u00e1pasoch zdob\u00ed.\u201c<\/strong><\/p>\n\n\n\n<p class=\"has-text-align-center\">S&nbsp;rovnak\u00fdmi s\u00fapermi si zmerali sily na turnaji v&nbsp;Pre\u0161ove aj na\u0161i najmlad\u0161\u00ed \u017eiaci, ktor\u00ed obst\u00e1li v\u00fdsledkovo o&nbsp;nie\u010do lep\u0161ie.<\/p>\n\n\n\n<p class=\"has-text-align-center\"><strong>FCST <\/strong>\u2013 CFT Pre\u0161ov 3:0 (Horv\u00e1th, Poledn\u00e1k, Ondri\u0161\u00edk<\/p>\n\n\n\n<p class=\"has-text-align-center\"><strong>FCST <\/strong>\u2013 Ujpest 1:1 (Kro\u010dka)<\/p>\n\n\n\n<p class=\"has-text-align-center\"><strong>FCST <\/strong>\u2013 Rakow 1:2 (Ondri\u0161\u00edk)<\/p>\n\n\n\n<p class=\"has-text-align-center\"><strong>D\u00e1vid Mi\u0161kovi\u010d: \u201eOproti v\u010deraj\u0161iemu z\u00e1pasu sme videli na\u0161ich hr\u00e1\u010dov v ich obvyklom nasaden\u00ed a r\u00fdchlosti, s ka\u017ed\u00fdm s\u00faperom sme odohrali kvalitn\u00fdch 40 min\u00fat. V z\u00e1pasoch s CFT a Ujpestom sme cel\u00fd z\u00e1pas jasne dominovali, dost\u00e1vali sme sa do \u010dist\u00fdch pr\u00edle\u017eitost\u00ed a s\u00fapera sme zatv\u00e1rali na vlastnej polovici. Z\u00e1pas proti Rakowu bol diametr\u00e1lne odli\u0161n\u00fd, s\u00faper bol ve\u013emi r\u00fdchlostne a fyzicky vybaven\u00fd a v \u00favode z\u00e1pasu n\u00e1m robil ve\u013ek\u00e9 probl\u00e9my. Ke\u010f sme si zvykli na in\u00e9 tempo z\u00e1pasu a dostali sa do hry, tak sa futbal prelieval zo strany na stranu a pokojne sme z\u00e1pas mohli vyhra\u0165. Dvomi hl\u00fapymi g\u00f3lmi sme s\u00faperovi darovali z\u00e1pas a vyrovna\u0165 sa n\u00e1m u\u017e napriek skvel\u00e9mu z\u00e1veru nepodarilo.\u201c<\/strong><\/p>\n\n\n\n<p class=\"has-text-align-center\"><strong>FC Spartak Trnava U12 \u2013 M\u0160K P\u00fachov U12 23:2 (7:1)<\/strong><\/p>\n\n\n\n<p class=\"has-text-align-center\">Aj \u0161tvrt\u00fd ligov\u00fd z\u00e1pas proti P\u00fachovu na\u0161i \u017eiaci zvl\u00e1dli. Pod v\u00ed\u0165azstvo 23:2 sa podp\u00edsala najv\u00e4\u010d\u0161\u00edm sp\u00f4sobom trojica \u0161tvorg\u00f3lov\u00fdch strelcov. Menovite s\u00fa to Chod\u00far, Kro\u010dka a&nbsp;Chlepko, ktor\u00fdm sekundoval s&nbsp;hetrikom Ondri\u0161\u00edk.<\/p>\n\n\n\n<p class=\"has-text-align-center\"><strong>FCST U12: <\/strong>Mar\u0161o, Kul\u00ed\u0161ek \u2013 Chod\u00far, Matejovi\u010d, Horv\u00e1th (C), Denkoci, Glasa, Kro\u010dka, Mi\u0161kolci, Chlepko, Poledn\u00e1k, Skalick\u00fd, Kostolansk\u00fd, Kadlec, Jobek, Or\u0161uk\u00e1l, Ondris\u00edk, Bohun\u010d\u00e1k, Gur\u010d\u00edk, Kri\u0161tof<\/p>\n\n\n\n<p class=\"has-text-align-center\"><strong>Goals: <\/strong>4x Chod\u00far, 4x Kro\u010dka, 4x Chlepko, 3x Ondris\u00edk, 2x Poledn\u00e1k, Gur\u010d\u00edk, Jobek, Mi\u0161kolci, Glasa, Denkoci, Horv\u00e1th<\/p>\n\n\n\n<p class=\"has-text-align-center\"><strong>D\u00e1vid Mi\u0161kovi\u010d: \u201eZ\u00e1pas sme za\u010dali ve\u013emi pomal\u00fdm tempom, s\u00edce vysok\u00fdm dr\u017ean\u00edm lopty, ale nie v\u00a0nebezpe\u010dn\u00fdch priestoroch pre s\u00fapera. Druh\u00e9 dejstvo po pol\u010dasovom rozhovore a pokynoch sa niesol vo svi\u017enej\u0161om tempe, takmer cel\u00fd okolo pokutov\u00fdch \u00fazem\u00ed host\u00ed. Ka\u017edop\u00e1dne, v niektor\u00fdch \u00fasekoch hry sme boli st\u00e1le zbyto\u010dne pas\u00edvni. V\u00fdborne n\u00e1m fungovalo zakladanie \u00fatoku, na ktorom sme v poslednom obdob\u00ed v\u00fdrazne baz\u00edrovali.\u201c<\/strong><\/p>","protected":false},"excerpt":{"rendered":"<p>FC Spartak Trnava U19 \u2013 MFK Dukla Bansk\u00e1&#8230;<\/p>","protected":false},"author":2,"featured_media":35561,"comment_status":"closed","ping_status":"closed","sticky":false,"template":"","format":"standard","meta":{"footnotes":""},"categories":[52,12],"tags":[53],"class_list":["post-35559","post","type-post","status-publish","format-standard","has-post-thumbnail","hentry","category-mladez","category-spravy","tag-mladez","post-number-1"],"yoast_head":"<!-- This site is optimized with the Yoast SEO plugin v27.1.1 - https:\/\/yoast.com\/product\/yoast-seo-wordpress\/ -->\n<title>Ml\u00e1de\u017en\u00edci odohrali menej z\u00e1pasov, ale boli \u00faspe\u0161n\u00ed - FC Spartak Trnava<\/title>\n<meta name=\"robots\" content=\"index, follow, max-snippet:-1, max-image-preview:large, max-video-preview:-1\" \/>\n<link rel=\"canonical\" href=\"https:\/\/fcspartaktrnava.com\/en\/mladeznici-odohrali-menej-zapasov-ale-boli-uspesni\/\" \/>\n<meta name=\"twitter:label1\" content=\"Written by\" \/>\n\t<meta name=\"twitter:data1\" content=\"spartak\" \/>\n\t<meta name=\"twitter:label2\" content=\"Estimated reading time\" \/>\n\t<meta name=\"twitter:data2\" content=\"10 minutes\" \/>\n<script type=\"application\/ld+json\" class=\"yoast-schema-graph\">{\"@context\":\"https:\/\/schema.org\",\"@graph\":[{\"@type\":\"Article\",\"@id\":\"https:\/\/fcspartaktrnava.com\/mladeznici-odohrali-menej-zapasov-ale-boli-uspesni\/#article\",\"isPartOf\":{\"@id\":\"https:\/\/fcspartaktrnava.com\/mladeznici-odohrali-menej-zapasov-ale-boli-uspesni\/\"},\"author\":{\"name\":\"spartak\",\"@id\":\"https:\/\/fcspartaktrnava.com\/#\/schema\/person\/24bc5b254af14f71d7d8af178790aa75\"},\"headline\":\"Ml\u00e1de\u017en\u00edci odohrali menej z\u00e1pasov, ale boli \u00faspe\u0161n\u00ed\",\"datePublished\":\"2025-10-26T16:21:57+00:00\",\"dateModified\":\"2025-10-26T20:22:13+00:00\",\"mainEntityOfPage\":{\"@id\":\"https:\/\/fcspartaktrnava.com\/mladeznici-odohrali-menej-zapasov-ale-boli-uspesni\/\"},\"wordCount\":2167,\"publisher\":{\"@id\":\"https:\/\/fcspartaktrnava.com\/#organization\"},\"image\":{\"@id\":\"https:\/\/fcspartaktrnava.com\/mladeznici-odohrali-menej-zapasov-ale-boli-uspesni\/#primaryimage\"},\"thumbnailUrl\":\"https:\/\/fcspartaktrnava.com\/wp-content\/uploads\/2025\/10\/DSC_7881-scaled.jpg\",\"keywords\":[\"ml\u00e1de\u017e\"],\"articleSection\":[\"Ml\u00e1de\u017e\",\"Spr\u00e1vy\"],\"inLanguage\":\"en-GB\"},{\"@type\":\"WebPage\",\"@id\":\"https:\/\/fcspartaktrnava.com\/mladeznici-odohrali-menej-zapasov-ale-boli-uspesni\/\",\"url\":\"https:\/\/fcspartaktrnava.com\/mladeznici-odohrali-menej-zapasov-ale-boli-uspesni\/\",\"name\":\"Ml\u00e1de\u017en\u00edci odohrali menej z\u00e1pasov, ale boli \u00faspe\u0161n\u00ed - FC Spartak Trnava\",\"isPartOf\":{\"@id\":\"https:\/\/fcspartaktrnava.com\/#website\"},\"primaryImageOfPage\":{\"@id\":\"https:\/\/fcspartaktrnava.com\/mladeznici-odohrali-menej-zapasov-ale-boli-uspesni\/#primaryimage\"},\"image\":{\"@id\":\"https:\/\/fcspartaktrnava.com\/mladeznici-odohrali-menej-zapasov-ale-boli-uspesni\/#primaryimage\"},\"thumbnailUrl\":\"https:\/\/fcspartaktrnava.com\/wp-content\/uploads\/2025\/10\/DSC_7881-scaled.jpg\",\"datePublished\":\"2025-10-26T16:21:57+00:00\",\"dateModified\":\"2025-10-26T20:22:13+00:00\",\"breadcrumb\":{\"@id\":\"https:\/\/fcspartaktrnava.com\/mladeznici-odohrali-menej-zapasov-ale-boli-uspesni\/#breadcrumb\"},\"inLanguage\":\"en-GB\",\"potentialAction\":[{\"@type\":\"ReadAction\",\"target\":[\"https:\/\/fcspartaktrnava.com\/mladeznici-odohrali-menej-zapasov-ale-boli-uspesni\/\"]}]},{\"@type\":\"ImageObject\",\"inLanguage\":\"en-GB\",\"@id\":\"https:\/\/fcspartaktrnava.com\/mladeznici-odohrali-menej-zapasov-ale-boli-uspesni\/#primaryimage\",\"url\":\"https:\/\/fcspartaktrnava.com\/wp-content\/uploads\/2025\/10\/DSC_7881-scaled.jpg\",\"contentUrl\":\"https:\/\/fcspartaktrnava.com\/wp-content\/uploads\/2025\/10\/DSC_7881-scaled.jpg\",\"width\":2560,\"height\":1732},{\"@type\":\"BreadcrumbList\",\"@id\":\"https:\/\/fcspartaktrnava.com\/mladeznici-odohrali-menej-zapasov-ale-boli-uspesni\/#breadcrumb\",\"itemListElement\":[{\"@type\":\"ListItem\",\"position\":1,\"name\":\"Home\",\"item\":\"https:\/\/fcspartaktrnava.com\/\"},{\"@type\":\"ListItem\",\"position\":2,\"name\":\"Ml\u00e1de\u017en\u00edci odohrali menej z\u00e1pasov, ale boli \u00faspe\u0161n\u00ed\"}]},{\"@type\":\"WebSite\",\"@id\":\"https:\/\/fcspartaktrnava.com\/#website\",\"url\":\"https:\/\/fcspartaktrnava.com\/\",\"name\":\"FC Spartak Trnava\",\"description\":\"ofici\u00e1lna webstr\u00e1nka futbalov\u00e9ho klubu\",\"publisher\":{\"@id\":\"https:\/\/fcspartaktrnava.com\/#organization\"},\"potentialAction\":[{\"@type\":\"SearchAction\",\"target\":{\"@type\":\"EntryPoint\",\"urlTemplate\":\"https:\/\/fcspartaktrnava.com\/?s={search_term_string}\"},\"query-input\":{\"@type\":\"PropertyValueSpecification\",\"valueRequired\":true,\"valueName\":\"search_term_string\"}}],\"inLanguage\":\"en-GB\"},{\"@type\":\"Organization\",\"@id\":\"https:\/\/fcspartaktrnava.com\/#organization\",\"name\":\"FC Spartak Trnava\",\"alternateName\":\"Spartak\",\"url\":\"https:\/\/fcspartaktrnava.com\/\",\"logo\":{\"@type\":\"ImageObject\",\"inLanguage\":\"en-GB\",\"@id\":\"https:\/\/fcspartaktrnava.com\/#\/schema\/logo\/image\/\",\"url\":\"https:\/\/fcspartaktrnava.com\/wp-content\/uploads\/2022\/08\/cropped-site_logo.png\",\"contentUrl\":\"https:\/\/fcspartaktrnava.com\/wp-content\/uploads\/2022\/08\/cropped-site_logo.png\",\"width\":140,\"height\":140,\"caption\":\"FC Spartak Trnava\"},\"image\":{\"@id\":\"https:\/\/fcspartaktrnava.com\/#\/schema\/logo\/image\/\"},\"sameAs\":[\"https:\/\/www.facebook.com\/SpartakTrnava\",\"https:\/\/x.com\/SpartakTrnava1\",\"https:\/\/www.instagram.com\/spartak_sk\/\"]},{\"@type\":\"Person\",\"@id\":\"https:\/\/fcspartaktrnava.com\/#\/schema\/person\/24bc5b254af14f71d7d8af178790aa75\",\"name\":\"spartak\",\"image\":{\"@type\":\"ImageObject\",\"inLanguage\":\"en-GB\",\"@id\":\"https:\/\/fcspartaktrnava.com\/#\/schema\/person\/image\/\",\"url\":\"https:\/\/secure.gravatar.com\/avatar\/f8ff8584f3fcf3909a11a6da9019f37749183b4015bca14e64556c52614cdc7f?s=96&d=mm&r=g\",\"contentUrl\":\"https:\/\/secure.gravatar.com\/avatar\/f8ff8584f3fcf3909a11a6da9019f37749183b4015bca14e64556c52614cdc7f?s=96&d=mm&r=g\",\"caption\":\"spartak\"},\"url\":\"https:\/\/fcspartaktrnava.com\/en\/author\/spartak\/\"}]}<\/script>\n<!-- \/ Yoast SEO plugin. -->","yoast_head_json":{"title":"Ml\u00e1de\u017en\u00edci odohrali menej z\u00e1pasov, ale boli \u00faspe\u0161n\u00ed - FC Spartak Trnava","robots":{"index":"index","follow":"follow","max-snippet":"max-snippet:-1","max-image-preview":"max-image-preview:large","max-video-preview":"max-video-preview:-1"},"canonical":"https:\/\/fcspartaktrnava.com\/en\/mladeznici-odohrali-menej-zapasov-ale-boli-uspesni\/","twitter_misc":{"Written by":"spartak","Estimated reading time":"10 minutes"},"schema":{"@context":"https:\/\/schema.org","@graph":[{"@type":"Article","@id":"https:\/\/fcspartaktrnava.com\/mladeznici-odohrali-menej-zapasov-ale-boli-uspesni\/#article","isPartOf":{"@id":"https:\/\/fcspartaktrnava.com\/mladeznici-odohrali-menej-zapasov-ale-boli-uspesni\/"},"author":{"name":"spartak","@id":"https:\/\/fcspartaktrnava.com\/#\/schema\/person\/24bc5b254af14f71d7d8af178790aa75"},"headline":"Ml\u00e1de\u017en\u00edci odohrali menej z\u00e1pasov, ale boli \u00faspe\u0161n\u00ed","datePublished":"2025-10-26T16:21:57+00:00","dateModified":"2025-10-26T20:22:13+00:00","mainEntityOfPage":{"@id":"https:\/\/fcspartaktrnava.com\/mladeznici-odohrali-menej-zapasov-ale-boli-uspesni\/"},"wordCount":2167,"publisher":{"@id":"https:\/\/fcspartaktrnava.com\/#organization"},"image":{"@id":"https:\/\/fcspartaktrnava.com\/mladeznici-odohrali-menej-zapasov-ale-boli-uspesni\/#primaryimage"},"thumbnailUrl":"https:\/\/fcspartaktrnava.com\/wp-content\/uploads\/2025\/10\/DSC_7881-scaled.jpg","keywords":["ml\u00e1de\u017e"],"articleSection":["Ml\u00e1de\u017e","Spr\u00e1vy"],"inLanguage":"en-GB"},{"@type":"WebPage","@id":"https:\/\/fcspartaktrnava.com\/mladeznici-odohrali-menej-zapasov-ale-boli-uspesni\/","url":"https:\/\/fcspartaktrnava.com\/mladeznici-odohrali-menej-zapasov-ale-boli-uspesni\/","name":"Ml\u00e1de\u017en\u00edci odohrali menej z\u00e1pasov, ale boli \u00faspe\u0161n\u00ed - FC Spartak Trnava","isPartOf":{"@id":"https:\/\/fcspartaktrnava.com\/#website"},"primaryImageOfPage":{"@id":"https:\/\/fcspartaktrnava.com\/mladeznici-odohrali-menej-zapasov-ale-boli-uspesni\/#primaryimage"},"image":{"@id":"https:\/\/fcspartaktrnava.com\/mladeznici-odohrali-menej-zapasov-ale-boli-uspesni\/#primaryimage"},"thumbnailUrl":"https:\/\/fcspartaktrnava.com\/wp-content\/uploads\/2025\/10\/DSC_7881-scaled.jpg","datePublished":"2025-10-26T16:21:57+00:00","dateModified":"2025-10-26T20:22:13+00:00","breadcrumb":{"@id":"https:\/\/fcspartaktrnava.com\/mladeznici-odohrali-menej-zapasov-ale-boli-uspesni\/#breadcrumb"},"inLanguage":"en-GB","potentialAction":[{"@type":"ReadAction","target":["https:\/\/fcspartaktrnava.com\/mladeznici-odohrali-menej-zapasov-ale-boli-uspesni\/"]}]},{"@type":"ImageObject","inLanguage":"en-GB","@id":"https:\/\/fcspartaktrnava.com\/mladeznici-odohrali-menej-zapasov-ale-boli-uspesni\/#primaryimage","url":"https:\/\/fcspartaktrnava.com\/wp-content\/uploads\/2025\/10\/DSC_7881-scaled.jpg","contentUrl":"https:\/\/fcspartaktrnava.com\/wp-content\/uploads\/2025\/10\/DSC_7881-scaled.jpg","width":2560,"height":1732},{"@type":"BreadcrumbList","@id":"https:\/\/fcspartaktrnava.com\/mladeznici-odohrali-menej-zapasov-ale-boli-uspesni\/#breadcrumb","itemListElement":[{"@type":"ListItem","position":1,"name":"Home","item":"https:\/\/fcspartaktrnava.com\/"},{"@type":"ListItem","position":2,"name":"Ml\u00e1de\u017en\u00edci odohrali menej z\u00e1pasov, ale boli \u00faspe\u0161n\u00ed"}]},{"@type":"WebSite","@id":"https:\/\/fcspartaktrnava.com\/#website","url":"https:\/\/fcspartaktrnava.com\/","name":"FC Spartak Trnava","description":"ofici\u00e1lna webstr\u00e1nka futbalov\u00e9ho klubu","publisher":{"@id":"https:\/\/fcspartaktrnava.com\/#organization"},"potentialAction":[{"@type":"SearchAction","target":{"@type":"EntryPoint","urlTemplate":"https:\/\/fcspartaktrnava.com\/?s={search_term_string}"},"query-input":{"@type":"PropertyValueSpecification","valueRequired":true,"valueName":"search_term_string"}}],"inLanguage":"en-GB"},{"@type":"Organization","@id":"https:\/\/fcspartaktrnava.com\/#organization","name":"FC Spartak Trnava","alternateName":"Spartak","url":"https:\/\/fcspartaktrnava.com\/","logo":{"@type":"ImageObject","inLanguage":"en-GB","@id":"https:\/\/fcspartaktrnava.com\/#\/schema\/logo\/image\/","url":"https:\/\/fcspartaktrnava.com\/wp-content\/uploads\/2022\/08\/cropped-site_logo.png","contentUrl":"https:\/\/fcspartaktrnava.com\/wp-content\/uploads\/2022\/08\/cropped-site_logo.png","width":140,"height":140,"caption":"FC Spartak Trnava"},"image":{"@id":"https:\/\/fcspartaktrnava.com\/#\/schema\/logo\/image\/"},"sameAs":["https:\/\/www.facebook.com\/SpartakTrnava","https:\/\/x.com\/SpartakTrnava1","https:\/\/www.instagram.com\/spartak_sk\/"]},{"@type":"Person","@id":"https:\/\/fcspartaktrnava.com\/#\/schema\/person\/24bc5b254af14f71d7d8af178790aa75","name":"spartak","image":{"@type":"ImageObject","inLanguage":"en-GB","@id":"https:\/\/fcspartaktrnava.com\/#\/schema\/person\/image\/","url":"https:\/\/secure.gravatar.com\/avatar\/f8ff8584f3fcf3909a11a6da9019f37749183b4015bca14e64556c52614cdc7f?s=96&d=mm&r=g","contentUrl":"https:\/\/secure.gravatar.com\/avatar\/f8ff8584f3fcf3909a11a6da9019f37749183b4015bca14e64556c52614cdc7f?s=96&d=mm&r=g","caption":"spartak"},"url":"https:\/\/fcspartaktrnava.com\/en\/author\/spartak\/"}]}},"_links":{"self":[{"href":"https:\/\/fcspartaktrnava.com\/en\/wp-json\/wp\/v2\/posts\/35559","targetHints":{"allow":["GET"]}}],"collection":[{"href":"https:\/\/fcspartaktrnava.com\/en\/wp-json\/wp\/v2\/posts"}],"about":[{"href":"https:\/\/fcspartaktrnava.com\/en\/wp-json\/wp\/v2\/types\/post"}],"author":[{"embeddable":true,"href":"https:\/\/fcspartaktrnava.com\/en\/wp-json\/wp\/v2\/users\/2"}],"replies":[{"embeddable":true,"href":"https:\/\/fcspartaktrnava.com\/en\/wp-json\/wp\/v2\/comments?post=35559"}],"version-history":[{"count":0,"href":"https:\/\/fcspartaktrnava.com\/en\/wp-json\/wp\/v2\/posts\/35559\/revisions"}],"wp:featuredmedia":[{"embeddable":true,"href":"https:\/\/fcspartaktrnava.com\/en\/wp-json\/wp\/v2\/media\/35561"}],"wp:attachment":[{"href":"https:\/\/fcspartaktrnava.com\/en\/wp-json\/wp\/v2\/media?parent=35559"}],"wp:term":[{"taxonomy":"category","embeddable":true,"href":"https:\/\/fcspartaktrnava.com\/en\/wp-json\/wp\/v2\/categories?post=35559"},{"taxonomy":"post_tag","embeddable":true,"href":"https:\/\/fcspartaktrnava.com\/en\/wp-json\/wp\/v2\/tags?post=35559"}],"curies":[{"name":"wp","href":"https:\/\/api.w.org\/{rel}","templated":true}]}}