{"id":35351,"date":"2025-10-21T12:52:54","date_gmt":"2025-10-21T10:52:54","guid":{"rendered":"https:\/\/fcspartaktrnava.com\/?p=35351"},"modified":"2025-10-21T13:24:53","modified_gmt":"2025-10-21T11:24:53","slug":"trener-scasny-pred-poharom-nasou-povinnostou-je-postupit","status":"publish","type":"post","link":"https:\/\/fcspartaktrnava.com\/en\/trener-scasny-pred-poharom-nasou-povinnostou-je-postupit\/","title":{"rendered":"Tr\u00e9ner \u0160\u010dasn\u00fd pred poh\u00e1rom: Na\u0161ou povinnos\u0165ou je post\u00fapi\u0165"},"content":{"rendered":"<p style=\"font-size:25px\"><strong>Cesta andelov dom\u00e1cou poh\u00e1rovou s\u00fa\u0165a\u017eou pokra\u010duje u\u017e v\u00a0stredu 22. okt\u00f3bra, kedy sa zverenci Michala \u0160\u010dasn\u00e9ho predstavia od 15.00 na ihrisku \u0160amor\u00edna.<\/strong><\/p>\n\n\n\n<p style=\"font-size:20px\">Pr\u00e1ve trnavsk\u00fd lodivod ozrejmil ak\u00e9 zlo\u017eit\u00e9 je po emo\u010dne n\u00e1ro\u010dnom z\u00e1pase op\u00e4\u0165 naladi\u0165 mu\u017estvo na najbli\u017e\u0161\u00ed duel: <em>\u201eSme st\u00e1le sklaman\u00ed z&nbsp;derby, ale chvalabohu m\u00e1me stretnutie hne\u010f v&nbsp;t\u00fd\u017edni a&nbsp;s\u00fastred\u00edme sa na veci \u010do n\u00e1s \u010dakaj\u00fa. Nemus\u00edme sa ani rozpr\u00e1va\u0165, \u017ee mus\u00edme post\u00fapi\u0165, aj ke\u010f n\u00e1s ne\u010dak\u00e1 \u013eahk\u00fd s\u00faper. Maj\u00fa obrovsk\u00fa kvalitu smerom dopredu, zahrani\u010dn\u00fdch hr\u00e1\u010dov, ktor\u00ed vedia by\u0165 rozdielov\u00ed, ale sme nachystan\u00ed zvl\u00e1dnu\u0165 tento z\u00e1pas.\u201c<\/em><\/p>\n\n\n\n<p style=\"font-size:20px\">V\u00a0poh\u00e1rov\u00fdch stretnutiach proti Nitre a Belu\u0161i dostali pr\u00edle\u017eitos\u0165 aj hr\u00e1\u010di \u0161ir\u0161ieho k\u00e1dra, hlavn\u00fd tr\u00e9ner nazna\u010dil, \u017ee podobn\u00fd krok urob\u00ed aj v\u00a0\u0160amor\u00edne.<\/p>\n\n\n\n<p style=\"font-size:20px\"><em>\u201eM\u00e1me v&nbsp;k\u00e1dri men\u0161ie zdravotn\u00e9 probl\u00e9my, Mikovi\u010d m\u00e1 drobn\u00fd probl\u00e9m s&nbsp;l\u00fdtkom, tr\u00e1pi n\u00e1s aj chr\u00edpka, ale s&nbsp;t\u00fdm sa mus\u00edme popasova\u0165.&nbsp; Ur\u010dit\u00e9 zmeny teda bud\u00fa, m\u00e1me v&nbsp;hlave jeden\u00e1stku v&nbsp;akej chceme nast\u00fapi\u0165. K\u00e1der je \u0161irok\u00fd aj&nbsp;hr\u00e1\u010di, ktor\u00ed moment\u00e1lne nehr\u00e1vali \u010di nedostali sa do z\u00e1kladu, tak teraz ako rovnocenn\u00ed partneri nast\u00fapia.\u201c<\/em><\/p>\n\n\n\n<p style=\"font-size:20px\">Poh\u00e1rov\u00e9 z\u00e1polenia s\u00fa \u0161pecifick\u00e9, motiv\u00e1cia na ligistu je pre kluby z&nbsp;ni\u017e\u0161\u00edch s\u00fa\u0165a\u017e\u00ed \u010dastokr\u00e1t obrovsk\u00e1. <em>\u201eKa\u017ed\u00fd tak\u00fdto s\u00faper je na ligov\u00fd t\u00edm nabuden\u00fd, najm\u00e4 ak sa stretne so &nbsp;Spartakom, ktor\u00fd patri k&nbsp;tomu top v&nbsp;lige. \u0160amor\u00edn n\u00e1m ned\u00e1 ni\u010d zadarmo a&nbsp;mus\u00edme by\u0165 agres\u00edvni a&nbsp;hra\u0165 svoju hru. Pr\u00edprava bola ako na ligov\u00fd z\u00e1pas, potrebujeme post\u00fapi\u0165 \u010falej a&nbsp;pripravova\u0165 sa na Ru\u017eomberok,\u201c <\/em>potvrdil v&nbsp;rozhovore pre klubov\u00fd web \u0160\u010dasn\u00fd.<\/p>\n\n\n\n<p style=\"font-size:20px\">Michal \u0160\u010dasn\u00fd si zaspom\u00ednal aj na triumf Spartaka v&nbsp;Slovnaft Cupe v&nbsp;sez\u00f3ne 2018\/2019 ke\u010f viedol t\u00edm rovnako ako dnes z&nbsp;poz\u00edcie hlavn\u00e9ho tr\u00e9nera: <em>\u201ePam\u00e4t\u00e1m si ako sme vtedy cez tre\u0165oligov\u00e9 Ko\u0161ice post\u00fapili a\u017e po penalt\u00e1ch a&nbsp;bol to stra\u0161n\u00fd z\u00e1pas. Rad\u0161ej by som bol, keby to malo v&nbsp;stredu hlad\u0161\u00ed priebeh.\u201c<\/em><\/p>\n\n\n\n<figure class=\"wp-block-embed is-type-video is-provider-youtube wp-block-embed-youtube wp-embed-aspect-16-9 wp-has-aspect-ratio\"><div class=\"wp-block-embed__wrapper\">\n<iframe loading=\"lazy\" title=\"Michal \u0160\u010dasn\u00fd pred z\u00e1pasom so \u0160amor\u00ednom\" width=\"500\" height=\"281\" src=\"https:\/\/www.youtube.com\/embed\/rUt-MMeY2Es?feature=oembed&#038;enablejsapi=1&#038;origin=https:\/\/fcspartaktrnava.com\" frameborder=\"0\" allow=\"accelerometer; autoplay; clipboard-write; encrypted-media; gyroscope; picture-in-picture; web-share\" referrerpolicy=\"strict-origin-when-cross-origin\" allowfullscreen><\/iframe>\n<\/div><\/figure>","protected":false},"excerpt":{"rendered":"<p>Cesta andelov dom\u00e1cou poh\u00e1rovou s\u00fa\u0165a\u017eou pokra\u010duje u\u017e v\u00a0stredu&#8230;<\/p>","protected":false},"author":2,"featured_media":35353,"comment_status":"closed","ping_status":"closed","sticky":false,"template":"","format":"standard","meta":{"footnotes":""},"categories":[12],"tags":[],"class_list":["post-35351","post","type-post","status-publish","format-standard","has-post-thumbnail","hentry","category-spravy","post-number-1"],"yoast_head":"<!-- This site is optimized with the Yoast SEO plugin v27.1.1 - https:\/\/yoast.com\/product\/yoast-seo-wordpress\/ -->\n<title>Tr\u00e9ner \u0160\u010dasn\u00fd pred poh\u00e1rom: Na\u0161ou povinnos\u0165ou je post\u00fapi\u0165 - FC Spartak Trnava<\/title>\n<meta name=\"robots\" content=\"index, follow, max-snippet:-1, max-image-preview:large, max-video-preview:-1\" \/>\n<link rel=\"canonical\" href=\"https:\/\/fcspartaktrnava.com\/en\/trener-scasny-pred-poharom-nasou-povinnostou-je-postupit\/\" \/>\n<meta name=\"twitter:label1\" content=\"Written by\" \/>\n\t<meta name=\"twitter:data1\" content=\"spartak\" \/>\n\t<meta name=\"twitter:label2\" content=\"Estimated reading time\" \/>\n\t<meta name=\"twitter:data2\" content=\"2 minutes\" \/>\n<script type=\"application\/ld+json\" class=\"yoast-schema-graph\">{\"@context\":\"https:\/\/schema.org\",\"@graph\":[{\"@type\":\"Article\",\"@id\":\"https:\/\/fcspartaktrnava.com\/trener-scasny-pred-poharom-nasou-povinnostou-je-postupit\/#article\",\"isPartOf\":{\"@id\":\"https:\/\/fcspartaktrnava.com\/trener-scasny-pred-poharom-nasou-povinnostou-je-postupit\/\"},\"author\":{\"name\":\"spartak\",\"@id\":\"https:\/\/fcspartaktrnava.com\/#\/schema\/person\/24bc5b254af14f71d7d8af178790aa75\"},\"headline\":\"Tr\u00e9ner \u0160\u010dasn\u00fd pred poh\u00e1rom: Na\u0161ou povinnos\u0165ou je post\u00fapi\u0165\",\"datePublished\":\"2025-10-21T10:52:54+00:00\",\"dateModified\":\"2025-10-21T11:24:53+00:00\",\"mainEntityOfPage\":{\"@id\":\"https:\/\/fcspartaktrnava.com\/trener-scasny-pred-poharom-nasou-povinnostou-je-postupit\/\"},\"wordCount\":423,\"publisher\":{\"@id\":\"https:\/\/fcspartaktrnava.com\/#organization\"},\"image\":{\"@id\":\"https:\/\/fcspartaktrnava.com\/trener-scasny-pred-poharom-nasou-povinnostou-je-postupit\/#primaryimage\"},\"thumbnailUrl\":\"https:\/\/fcspartaktrnava.com\/wp-content\/uploads\/2025\/10\/LUC_0301-scaled.jpg\",\"articleSection\":[\"Spr\u00e1vy\"],\"inLanguage\":\"en-GB\"},{\"@type\":\"WebPage\",\"@id\":\"https:\/\/fcspartaktrnava.com\/trener-scasny-pred-poharom-nasou-povinnostou-je-postupit\/\",\"url\":\"https:\/\/fcspartaktrnava.com\/trener-scasny-pred-poharom-nasou-povinnostou-je-postupit\/\",\"name\":\"Tr\u00e9ner \u0160\u010dasn\u00fd pred poh\u00e1rom: Na\u0161ou povinnos\u0165ou je post\u00fapi\u0165 - FC Spartak Trnava\",\"isPartOf\":{\"@id\":\"https:\/\/fcspartaktrnava.com\/#website\"},\"primaryImageOfPage\":{\"@id\":\"https:\/\/fcspartaktrnava.com\/trener-scasny-pred-poharom-nasou-povinnostou-je-postupit\/#primaryimage\"},\"image\":{\"@id\":\"https:\/\/fcspartaktrnava.com\/trener-scasny-pred-poharom-nasou-povinnostou-je-postupit\/#primaryimage\"},\"thumbnailUrl\":\"https:\/\/fcspartaktrnava.com\/wp-content\/uploads\/2025\/10\/LUC_0301-scaled.jpg\",\"datePublished\":\"2025-10-21T10:52:54+00:00\",\"dateModified\":\"2025-10-21T11:24:53+00:00\",\"breadcrumb\":{\"@id\":\"https:\/\/fcspartaktrnava.com\/trener-scasny-pred-poharom-nasou-povinnostou-je-postupit\/#breadcrumb\"},\"inLanguage\":\"en-GB\",\"potentialAction\":[{\"@type\":\"ReadAction\",\"target\":[\"https:\/\/fcspartaktrnava.com\/trener-scasny-pred-poharom-nasou-povinnostou-je-postupit\/\"]}]},{\"@type\":\"ImageObject\",\"inLanguage\":\"en-GB\",\"@id\":\"https:\/\/fcspartaktrnava.com\/trener-scasny-pred-poharom-nasou-povinnostou-je-postupit\/#primaryimage\",\"url\":\"https:\/\/fcspartaktrnava.com\/wp-content\/uploads\/2025\/10\/LUC_0301-scaled.jpg\",\"contentUrl\":\"https:\/\/fcspartaktrnava.com\/wp-content\/uploads\/2025\/10\/LUC_0301-scaled.jpg\",\"width\":2560,\"height\":1707},{\"@type\":\"BreadcrumbList\",\"@id\":\"https:\/\/fcspartaktrnava.com\/trener-scasny-pred-poharom-nasou-povinnostou-je-postupit\/#breadcrumb\",\"itemListElement\":[{\"@type\":\"ListItem\",\"position\":1,\"name\":\"Home\",\"item\":\"https:\/\/fcspartaktrnava.com\/\"},{\"@type\":\"ListItem\",\"position\":2,\"name\":\"Tr\u00e9ner \u0160\u010dasn\u00fd pred poh\u00e1rom: Na\u0161ou povinnos\u0165ou je post\u00fapi\u0165\"}]},{\"@type\":\"WebSite\",\"@id\":\"https:\/\/fcspartaktrnava.com\/#website\",\"url\":\"https:\/\/fcspartaktrnava.com\/\",\"name\":\"FC Spartak Trnava\",\"description\":\"ofici\u00e1lna webstr\u00e1nka futbalov\u00e9ho klubu\",\"publisher\":{\"@id\":\"https:\/\/fcspartaktrnava.com\/#organization\"},\"potentialAction\":[{\"@type\":\"SearchAction\",\"target\":{\"@type\":\"EntryPoint\",\"urlTemplate\":\"https:\/\/fcspartaktrnava.com\/?s={search_term_string}\"},\"query-input\":{\"@type\":\"PropertyValueSpecification\",\"valueRequired\":true,\"valueName\":\"search_term_string\"}}],\"inLanguage\":\"en-GB\"},{\"@type\":\"Organization\",\"@id\":\"https:\/\/fcspartaktrnava.com\/#organization\",\"name\":\"FC Spartak Trnava\",\"alternateName\":\"Spartak\",\"url\":\"https:\/\/fcspartaktrnava.com\/\",\"logo\":{\"@type\":\"ImageObject\",\"inLanguage\":\"en-GB\",\"@id\":\"https:\/\/fcspartaktrnava.com\/#\/schema\/logo\/image\/\",\"url\":\"https:\/\/fcspartaktrnava.com\/wp-content\/uploads\/2022\/08\/cropped-site_logo.png\",\"contentUrl\":\"https:\/\/fcspartaktrnava.com\/wp-content\/uploads\/2022\/08\/cropped-site_logo.png\",\"width\":140,\"height\":140,\"caption\":\"FC Spartak Trnava\"},\"image\":{\"@id\":\"https:\/\/fcspartaktrnava.com\/#\/schema\/logo\/image\/\"},\"sameAs\":[\"https:\/\/www.facebook.com\/SpartakTrnava\",\"https:\/\/x.com\/SpartakTrnava1\",\"https:\/\/www.instagram.com\/spartak_sk\/\"]},{\"@type\":\"Person\",\"@id\":\"https:\/\/fcspartaktrnava.com\/#\/schema\/person\/24bc5b254af14f71d7d8af178790aa75\",\"name\":\"spartak\",\"image\":{\"@type\":\"ImageObject\",\"inLanguage\":\"en-GB\",\"@id\":\"https:\/\/fcspartaktrnava.com\/#\/schema\/person\/image\/\",\"url\":\"https:\/\/secure.gravatar.com\/avatar\/f8ff8584f3fcf3909a11a6da9019f37749183b4015bca14e64556c52614cdc7f?s=96&d=mm&r=g\",\"contentUrl\":\"https:\/\/secure.gravatar.com\/avatar\/f8ff8584f3fcf3909a11a6da9019f37749183b4015bca14e64556c52614cdc7f?s=96&d=mm&r=g\",\"caption\":\"spartak\"},\"url\":\"https:\/\/fcspartaktrnava.com\/en\/author\/spartak\/\"}]}<\/script>\n<!-- \/ Yoast SEO plugin. -->","yoast_head_json":{"title":"Tr\u00e9ner \u0160\u010dasn\u00fd pred poh\u00e1rom: Na\u0161ou povinnos\u0165ou je post\u00fapi\u0165 - FC Spartak Trnava","robots":{"index":"index","follow":"follow","max-snippet":"max-snippet:-1","max-image-preview":"max-image-preview:large","max-video-preview":"max-video-preview:-1"},"canonical":"https:\/\/fcspartaktrnava.com\/en\/trener-scasny-pred-poharom-nasou-povinnostou-je-postupit\/","twitter_misc":{"Written by":"spartak","Estimated reading time":"2 minutes"},"schema":{"@context":"https:\/\/schema.org","@graph":[{"@type":"Article","@id":"https:\/\/fcspartaktrnava.com\/trener-scasny-pred-poharom-nasou-povinnostou-je-postupit\/#article","isPartOf":{"@id":"https:\/\/fcspartaktrnava.com\/trener-scasny-pred-poharom-nasou-povinnostou-je-postupit\/"},"author":{"name":"spartak","@id":"https:\/\/fcspartaktrnava.com\/#\/schema\/person\/24bc5b254af14f71d7d8af178790aa75"},"headline":"Tr\u00e9ner \u0160\u010dasn\u00fd pred poh\u00e1rom: Na\u0161ou povinnos\u0165ou je post\u00fapi\u0165","datePublished":"2025-10-21T10:52:54+00:00","dateModified":"2025-10-21T11:24:53+00:00","mainEntityOfPage":{"@id":"https:\/\/fcspartaktrnava.com\/trener-scasny-pred-poharom-nasou-povinnostou-je-postupit\/"},"wordCount":423,"publisher":{"@id":"https:\/\/fcspartaktrnava.com\/#organization"},"image":{"@id":"https:\/\/fcspartaktrnava.com\/trener-scasny-pred-poharom-nasou-povinnostou-je-postupit\/#primaryimage"},"thumbnailUrl":"https:\/\/fcspartaktrnava.com\/wp-content\/uploads\/2025\/10\/LUC_0301-scaled.jpg","articleSection":["Spr\u00e1vy"],"inLanguage":"en-GB"},{"@type":"WebPage","@id":"https:\/\/fcspartaktrnava.com\/trener-scasny-pred-poharom-nasou-povinnostou-je-postupit\/","url":"https:\/\/fcspartaktrnava.com\/trener-scasny-pred-poharom-nasou-povinnostou-je-postupit\/","name":"Tr\u00e9ner \u0160\u010dasn\u00fd pred poh\u00e1rom: Na\u0161ou povinnos\u0165ou je post\u00fapi\u0165 - FC Spartak Trnava","isPartOf":{"@id":"https:\/\/fcspartaktrnava.com\/#website"},"primaryImageOfPage":{"@id":"https:\/\/fcspartaktrnava.com\/trener-scasny-pred-poharom-nasou-povinnostou-je-postupit\/#primaryimage"},"image":{"@id":"https:\/\/fcspartaktrnava.com\/trener-scasny-pred-poharom-nasou-povinnostou-je-postupit\/#primaryimage"},"thumbnailUrl":"https:\/\/fcspartaktrnava.com\/wp-content\/uploads\/2025\/10\/LUC_0301-scaled.jpg","datePublished":"2025-10-21T10:52:54+00:00","dateModified":"2025-10-21T11:24:53+00:00","breadcrumb":{"@id":"https:\/\/fcspartaktrnava.com\/trener-scasny-pred-poharom-nasou-povinnostou-je-postupit\/#breadcrumb"},"inLanguage":"en-GB","potentialAction":[{"@type":"ReadAction","target":["https:\/\/fcspartaktrnava.com\/trener-scasny-pred-poharom-nasou-povinnostou-je-postupit\/"]}]},{"@type":"ImageObject","inLanguage":"en-GB","@id":"https:\/\/fcspartaktrnava.com\/trener-scasny-pred-poharom-nasou-povinnostou-je-postupit\/#primaryimage","url":"https:\/\/fcspartaktrnava.com\/wp-content\/uploads\/2025\/10\/LUC_0301-scaled.jpg","contentUrl":"https:\/\/fcspartaktrnava.com\/wp-content\/uploads\/2025\/10\/LUC_0301-scaled.jpg","width":2560,"height":1707},{"@type":"BreadcrumbList","@id":"https:\/\/fcspartaktrnava.com\/trener-scasny-pred-poharom-nasou-povinnostou-je-postupit\/#breadcrumb","itemListElement":[{"@type":"ListItem","position":1,"name":"Home","item":"https:\/\/fcspartaktrnava.com\/"},{"@type":"ListItem","position":2,"name":"Tr\u00e9ner \u0160\u010dasn\u00fd pred poh\u00e1rom: Na\u0161ou povinnos\u0165ou je post\u00fapi\u0165"}]},{"@type":"WebSite","@id":"https:\/\/fcspartaktrnava.com\/#website","url":"https:\/\/fcspartaktrnava.com\/","name":"FC Spartak Trnava","description":"ofici\u00e1lna webstr\u00e1nka futbalov\u00e9ho klubu","publisher":{"@id":"https:\/\/fcspartaktrnava.com\/#organization"},"potentialAction":[{"@type":"SearchAction","target":{"@type":"EntryPoint","urlTemplate":"https:\/\/fcspartaktrnava.com\/?s={search_term_string}"},"query-input":{"@type":"PropertyValueSpecification","valueRequired":true,"valueName":"search_term_string"}}],"inLanguage":"en-GB"},{"@type":"Organization","@id":"https:\/\/fcspartaktrnava.com\/#organization","name":"FC Spartak Trnava","alternateName":"Spartak","url":"https:\/\/fcspartaktrnava.com\/","logo":{"@type":"ImageObject","inLanguage":"en-GB","@id":"https:\/\/fcspartaktrnava.com\/#\/schema\/logo\/image\/","url":"https:\/\/fcspartaktrnava.com\/wp-content\/uploads\/2022\/08\/cropped-site_logo.png","contentUrl":"https:\/\/fcspartaktrnava.com\/wp-content\/uploads\/2022\/08\/cropped-site_logo.png","width":140,"height":140,"caption":"FC Spartak Trnava"},"image":{"@id":"https:\/\/fcspartaktrnava.com\/#\/schema\/logo\/image\/"},"sameAs":["https:\/\/www.facebook.com\/SpartakTrnava","https:\/\/x.com\/SpartakTrnava1","https:\/\/www.instagram.com\/spartak_sk\/"]},{"@type":"Person","@id":"https:\/\/fcspartaktrnava.com\/#\/schema\/person\/24bc5b254af14f71d7d8af178790aa75","name":"spartak","image":{"@type":"ImageObject","inLanguage":"en-GB","@id":"https:\/\/fcspartaktrnava.com\/#\/schema\/person\/image\/","url":"https:\/\/secure.gravatar.com\/avatar\/f8ff8584f3fcf3909a11a6da9019f37749183b4015bca14e64556c52614cdc7f?s=96&d=mm&r=g","contentUrl":"https:\/\/secure.gravatar.com\/avatar\/f8ff8584f3fcf3909a11a6da9019f37749183b4015bca14e64556c52614cdc7f?s=96&d=mm&r=g","caption":"spartak"},"url":"https:\/\/fcspartaktrnava.com\/en\/author\/spartak\/"}]}},"_links":{"self":[{"href":"https:\/\/fcspartaktrnava.com\/en\/wp-json\/wp\/v2\/posts\/35351","targetHints":{"allow":["GET"]}}],"collection":[{"href":"https:\/\/fcspartaktrnava.com\/en\/wp-json\/wp\/v2\/posts"}],"about":[{"href":"https:\/\/fcspartaktrnava.com\/en\/wp-json\/wp\/v2\/types\/post"}],"author":[{"embeddable":true,"href":"https:\/\/fcspartaktrnava.com\/en\/wp-json\/wp\/v2\/users\/2"}],"replies":[{"embeddable":true,"href":"https:\/\/fcspartaktrnava.com\/en\/wp-json\/wp\/v2\/comments?post=35351"}],"version-history":[{"count":0,"href":"https:\/\/fcspartaktrnava.com\/en\/wp-json\/wp\/v2\/posts\/35351\/revisions"}],"wp:featuredmedia":[{"embeddable":true,"href":"https:\/\/fcspartaktrnava.com\/en\/wp-json\/wp\/v2\/media\/35353"}],"wp:attachment":[{"href":"https:\/\/fcspartaktrnava.com\/en\/wp-json\/wp\/v2\/media?parent=35351"}],"wp:term":[{"taxonomy":"category","embeddable":true,"href":"https:\/\/fcspartaktrnava.com\/en\/wp-json\/wp\/v2\/categories?post=35351"},{"taxonomy":"post_tag","embeddable":true,"href":"https:\/\/fcspartaktrnava.com\/en\/wp-json\/wp\/v2\/tags?post=35351"}],"curies":[{"name":"wp","href":"https:\/\/api.w.org\/{rel}","templated":true}]}}