{"id":34418,"date":"2025-09-29T11:11:33","date_gmt":"2025-09-29T09:11:33","guid":{"rendered":"https:\/\/fcspartaktrnava.com\/?p=34418"},"modified":"2025-09-29T11:11:34","modified_gmt":"2025-09-29T09:11:34","slug":"michal-scasny-prvy-polcas-nebol-hodny-spartaku-trnava","status":"publish","type":"post","link":"https:\/\/fcspartaktrnava.com\/en\/michal-scasny-prvy-polcas-nebol-hodny-spartaku-trnava\/","title":{"rendered":"Michal \u0160\u010dasn\u00fd: ,,Prv\u00fd pol\u010das nebol hodn\u00fd Spartaku Trnava.&#8220;"},"content":{"rendered":"<p style=\"font-size:25px\"><strong>Spartak si z hor\u00facej p\u00f4dy v \u017diline napokon odn\u00e1\u0161a bod za rem\u00edzu 2:2. Bod, s ktor\u00fdm m\u00f4\u017eu by\u0165 Trnav\u010dania vonkoncom spokojn\u00ed, preto\u017ee museli v z\u00e1pase doh\u00e1\u0148a\u0165 2-g\u00f3lov\u00e9 manko. Napokon siahali aj po dokonalom obrate, tret\u00ed g\u00f3l sa im v\u0161ak u\u017e streli\u0165 nepodarilo.<\/strong><\/p>\n\n\n\n<p class=\"has-medium-font-size\">Pod\u013ea slov tr\u00e9nera \u0160\u010dasn\u00e9ho sme op\u00e4\u0165 doplatili na nezvl\u00e1dnut\u00fd prv\u00fd pol\u010das: <strong><em>,,Prv\u00fd pol\u010das to nebol v\u00fdkon hodn\u00fd Spartaku Trnava. \u017dilina dominovala, bola lep\u0161ia vo v\u0161etk\u00fdch aspektoch. Niektor\u00ed hr\u00e1\u010di by si mali uvedomi\u0165, za ak\u00fd klub hraj\u00fa.&#8220;<\/em><\/strong><br><br>Druh\u00fd pol\u010das u\u017e ale, aj po prestriedan\u00ed, pri\u0161lo potrebn\u00e9 zlep\u0161enie: <strong><em>,,Druh\u00fd pol\u010das, n\u00e1\u0161 tlak, na\u0161e chcenie, na\u0161i v\u00fdborn\u00ed fan\u00fa\u0161ikovia, ktor\u00ed n\u00e1s dotla\u010dili k tomu, \u017ee sme ten z\u00e1pas aspo\u0148 vyrovnali. Aj ke\u010f sme chceli vyhra\u0165, ten bod s pokorou berieme.&#8220;<\/em><\/strong><\/p>\n\n\n\n<figure class=\"wp-block-embed is-type-video is-provider-youtube wp-block-embed-youtube wp-embed-aspect-16-9 wp-has-aspect-ratio\"><div class=\"wp-block-embed__wrapper\">\n<iframe loading=\"lazy\" title=\"Tla\u010dov\u00e1 konferencia | Michal \u0160\u010dasn\u00fd a Pavol Sta\u0148o po z\u00e1pase 9. kola Nik\u00e9 ligy\" width=\"500\" height=\"281\" src=\"https:\/\/www.youtube.com\/embed\/o3cixK24FhE?start=52&#038;feature=oembed\" frameborder=\"0\" allow=\"accelerometer; autoplay; clipboard-write; encrypted-media; gyroscope; picture-in-picture; web-share\" referrerpolicy=\"strict-origin-when-cross-origin\" allowfullscreen><\/iframe>\n<\/div><\/figure>\n\n\n\n<p class=\"has-medium-font-size\">Roman Proch\u00e1zka v\u010dera strelil u\u017e svoj 4. ligov\u00fd g\u00f3l a je tak najlep\u0161\u00edm strelcom t\u00edmu v tejto sez\u00f3ne. Svojim exportn\u00fdm z\u00e1sahom z voleja zn\u00ed\u017eil stav stretnutia na 1:2 a prihl\u00e1sil sa op\u00e4\u0165 aj do boja v ankete G\u00f3l mesiaca: <strong><em>,,M\u00e1m zo z\u00e1pasu zmie\u0161an\u00e9 pocity. Prv\u00fd pol\u010das nebol dobr\u00fd z na\u0161ej strany. Druh\u00fd pol\u010das u\u017e to bolo lep\u0161ie, povedali sme si nejak\u00e9 veci, za\u010dali sme vy\u0161\u0161ie nap\u00e1da\u0165 a napokon sa n\u00e1m podarilo vyrovna\u0165. Koniec koncov mus\u00edme by\u0165 s bodom spokojn\u00ed.&#8220;<\/em><\/strong><br><br>Ako reaguje na to, \u017ee je najlep\u0161\u00edm strelcom mu\u017estva? <strong><em>,,Ja sa na tom smejem st\u00e1le. Je to fajn, ke\u010f to tam pad\u00e1, ale nie je to pre m\u0148a d\u00f4le\u017eit\u00e9. Ja chcem body, chcem vyhr\u00e1va\u0165 a je mi jedno k to tie g\u00f3ly d\u00e1.&#8220;<\/em><\/strong><\/p>\n\n\n\n<figure class=\"wp-block-embed is-type-video is-provider-youtube wp-block-embed-youtube wp-embed-aspect-16-9 wp-has-aspect-ratio\"><div class=\"wp-block-embed__wrapper\">\n<iframe loading=\"lazy\" title=\"Roman Proch\u00e1zka po z\u00e1pase so \u017dilinou\" width=\"500\" height=\"281\" src=\"https:\/\/www.youtube.com\/embed\/9aI_FlrXq3Q?feature=oembed\" frameborder=\"0\" allow=\"accelerometer; autoplay; clipboard-write; encrypted-media; gyroscope; picture-in-picture; web-share\" referrerpolicy=\"strict-origin-when-cross-origin\" allowfullscreen><\/iframe>\n<\/div><\/figure>\n\n\n\n<p class=\"has-medium-font-size\">Svoj prv\u00fd ligov\u00fd g\u00f3l vo farb\u00e1ch Spartaka v\u010dera strelil Hilary Gong. Nabehol si na skvel\u00fd center Moistsrapishviliho a netradi\u010dne hlavou umiestnil loptu do siete: <strong><em>,,Povedal som si, \u017ee idem do toho. Proste som vbehol do \u0161estn\u00e1stky, ten center bol v\u00fdborn\u00fd. Ne\u010dakal som, \u017ee to tam padne, ale nakoniec to dobre dopadlo.&#8220;<\/em><\/strong><br><br>Tento moment by nig\u00e9rijsk\u00e9mu kr\u00eddeln\u00edkovi mohol pom\u00f4c\u0165 s n\u00e1jden\u00edm sebavedomia a s bojom o v\u00e4\u010d\u0161iu minut\u00e1\u017e v trnavskom drese: ,<strong><em>,Idem krok za krokom, z\u00e1pas za z\u00e1pasom. Vo futbale je to v\u0161etko o \u010dakan\u00ed a trpezlivosti, mus\u00edte si po\u010dka\u0165 na svoju pr\u00edle\u017eitos\u0165 a potom da\u0165 do toho v\u0161etko.&#8220;<\/em><\/strong><\/p>\n\n\n\n<figure class=\"wp-block-embed is-type-video is-provider-youtube wp-block-embed-youtube wp-embed-aspect-16-9 wp-has-aspect-ratio\"><div class=\"wp-block-embed__wrapper\">\n<iframe loading=\"lazy\" title=\"Hilary Gong po z\u00e1pase so \u017dilinou\" width=\"500\" height=\"281\" src=\"https:\/\/www.youtube.com\/embed\/DBmqzxh_CRw?feature=oembed\" frameborder=\"0\" allow=\"accelerometer; autoplay; clipboard-write; encrypted-media; gyroscope; picture-in-picture; web-share\" referrerpolicy=\"strict-origin-when-cross-origin\" allowfullscreen><\/iframe>\n<\/div><\/figure>","protected":false},"excerpt":{"rendered":"<p>Spartak si z hor\u00facej p\u00f4dy v \u017diline napokon&#8230;<\/p>","protected":false},"author":5,"featured_media":34402,"comment_status":"closed","ping_status":"closed","sticky":false,"template":"","format":"standard","meta":{"footnotes":""},"categories":[12],"tags":[],"class_list":["post-34418","post","type-post","status-publish","format-standard","has-post-thumbnail","hentry","category-spravy","post-number-1"],"yoast_head":"<!-- This site is optimized with the Yoast SEO plugin v27.1.1 - https:\/\/yoast.com\/product\/yoast-seo-wordpress\/ -->\n<title>Michal \u0160\u010dasn\u00fd: ,,Prv\u00fd pol\u010das nebol hodn\u00fd Spartaku Trnava.&quot; - FC Spartak Trnava<\/title>\n<meta name=\"robots\" content=\"index, follow, max-snippet:-1, max-image-preview:large, max-video-preview:-1\" \/>\n<link rel=\"canonical\" href=\"https:\/\/fcspartaktrnava.com\/en\/michal-scasny-prvy-polcas-nebol-hodny-spartaku-trnava\/\" \/>\n<meta name=\"twitter:label1\" content=\"Written by\" \/>\n\t<meta name=\"twitter:data1\" content=\"Samuel \u010eurinsk\u00fd\" \/>\n\t<meta name=\"twitter:label2\" content=\"Estimated reading time\" \/>\n\t<meta name=\"twitter:data2\" content=\"3 minutes\" \/>\n<script type=\"application\/ld+json\" class=\"yoast-schema-graph\">{\"@context\":\"https:\/\/schema.org\",\"@graph\":[{\"@type\":\"Article\",\"@id\":\"https:\/\/fcspartaktrnava.com\/michal-scasny-prvy-polcas-nebol-hodny-spartaku-trnava\/#article\",\"isPartOf\":{\"@id\":\"https:\/\/fcspartaktrnava.com\/michal-scasny-prvy-polcas-nebol-hodny-spartaku-trnava\/\"},\"author\":{\"name\":\"Samuel \u010eurinsk\u00fd\",\"@id\":\"https:\/\/fcspartaktrnava.com\/#\/schema\/person\/62c3c2562c3c56e4c0c8c2342c596ac0\"},\"headline\":\"Michal \u0160\u010dasn\u00fd: ,,Prv\u00fd pol\u010das nebol hodn\u00fd Spartaku Trnava.&#8220;\",\"datePublished\":\"2025-09-29T09:11:33+00:00\",\"dateModified\":\"2025-09-29T09:11:34+00:00\",\"mainEntityOfPage\":{\"@id\":\"https:\/\/fcspartaktrnava.com\/michal-scasny-prvy-polcas-nebol-hodny-spartaku-trnava\/\"},\"wordCount\":462,\"publisher\":{\"@id\":\"https:\/\/fcspartaktrnava.com\/#organization\"},\"image\":{\"@id\":\"https:\/\/fcspartaktrnava.com\/michal-scasny-prvy-polcas-nebol-hodny-spartaku-trnava\/#primaryimage\"},\"thumbnailUrl\":\"https:\/\/fcspartaktrnava.com\/wp-content\/uploads\/2025\/09\/LUC_6326-1.jpg\",\"articleSection\":[\"Spr\u00e1vy\"],\"inLanguage\":\"en-GB\"},{\"@type\":\"WebPage\",\"@id\":\"https:\/\/fcspartaktrnava.com\/michal-scasny-prvy-polcas-nebol-hodny-spartaku-trnava\/\",\"url\":\"https:\/\/fcspartaktrnava.com\/michal-scasny-prvy-polcas-nebol-hodny-spartaku-trnava\/\",\"name\":\"Michal \u0160\u010dasn\u00fd: ,,Prv\u00fd pol\u010das nebol hodn\u00fd Spartaku Trnava.\\\" - FC Spartak Trnava\",\"isPartOf\":{\"@id\":\"https:\/\/fcspartaktrnava.com\/#website\"},\"primaryImageOfPage\":{\"@id\":\"https:\/\/fcspartaktrnava.com\/michal-scasny-prvy-polcas-nebol-hodny-spartaku-trnava\/#primaryimage\"},\"image\":{\"@id\":\"https:\/\/fcspartaktrnava.com\/michal-scasny-prvy-polcas-nebol-hodny-spartaku-trnava\/#primaryimage\"},\"thumbnailUrl\":\"https:\/\/fcspartaktrnava.com\/wp-content\/uploads\/2025\/09\/LUC_6326-1.jpg\",\"datePublished\":\"2025-09-29T09:11:33+00:00\",\"dateModified\":\"2025-09-29T09:11:34+00:00\",\"breadcrumb\":{\"@id\":\"https:\/\/fcspartaktrnava.com\/michal-scasny-prvy-polcas-nebol-hodny-spartaku-trnava\/#breadcrumb\"},\"inLanguage\":\"en-GB\",\"potentialAction\":[{\"@type\":\"ReadAction\",\"target\":[\"https:\/\/fcspartaktrnava.com\/michal-scasny-prvy-polcas-nebol-hodny-spartaku-trnava\/\"]}]},{\"@type\":\"ImageObject\",\"inLanguage\":\"en-GB\",\"@id\":\"https:\/\/fcspartaktrnava.com\/michal-scasny-prvy-polcas-nebol-hodny-spartaku-trnava\/#primaryimage\",\"url\":\"https:\/\/fcspartaktrnava.com\/wp-content\/uploads\/2025\/09\/LUC_6326-1.jpg\",\"contentUrl\":\"https:\/\/fcspartaktrnava.com\/wp-content\/uploads\/2025\/09\/LUC_6326-1.jpg\",\"width\":1520,\"height\":1013},{\"@type\":\"BreadcrumbList\",\"@id\":\"https:\/\/fcspartaktrnava.com\/michal-scasny-prvy-polcas-nebol-hodny-spartaku-trnava\/#breadcrumb\",\"itemListElement\":[{\"@type\":\"ListItem\",\"position\":1,\"name\":\"Home\",\"item\":\"https:\/\/fcspartaktrnava.com\/\"},{\"@type\":\"ListItem\",\"position\":2,\"name\":\"Michal \u0160\u010dasn\u00fd: ,,Prv\u00fd pol\u010das nebol hodn\u00fd Spartaku Trnava.&#8220;\"}]},{\"@type\":\"WebSite\",\"@id\":\"https:\/\/fcspartaktrnava.com\/#website\",\"url\":\"https:\/\/fcspartaktrnava.com\/\",\"name\":\"FC Spartak Trnava\",\"description\":\"ofici\u00e1lna webstr\u00e1nka futbalov\u00e9ho klubu\",\"publisher\":{\"@id\":\"https:\/\/fcspartaktrnava.com\/#organization\"},\"potentialAction\":[{\"@type\":\"SearchAction\",\"target\":{\"@type\":\"EntryPoint\",\"urlTemplate\":\"https:\/\/fcspartaktrnava.com\/?s={search_term_string}\"},\"query-input\":{\"@type\":\"PropertyValueSpecification\",\"valueRequired\":true,\"valueName\":\"search_term_string\"}}],\"inLanguage\":\"en-GB\"},{\"@type\":\"Organization\",\"@id\":\"https:\/\/fcspartaktrnava.com\/#organization\",\"name\":\"FC Spartak Trnava\",\"alternateName\":\"Spartak\",\"url\":\"https:\/\/fcspartaktrnava.com\/\",\"logo\":{\"@type\":\"ImageObject\",\"inLanguage\":\"en-GB\",\"@id\":\"https:\/\/fcspartaktrnava.com\/#\/schema\/logo\/image\/\",\"url\":\"https:\/\/fcspartaktrnava.com\/wp-content\/uploads\/2022\/08\/cropped-site_logo.png\",\"contentUrl\":\"https:\/\/fcspartaktrnava.com\/wp-content\/uploads\/2022\/08\/cropped-site_logo.png\",\"width\":140,\"height\":140,\"caption\":\"FC Spartak Trnava\"},\"image\":{\"@id\":\"https:\/\/fcspartaktrnava.com\/#\/schema\/logo\/image\/\"},\"sameAs\":[\"https:\/\/www.facebook.com\/SpartakTrnava\",\"https:\/\/x.com\/SpartakTrnava1\",\"https:\/\/www.instagram.com\/spartak_sk\/\"]},{\"@type\":\"Person\",\"@id\":\"https:\/\/fcspartaktrnava.com\/#\/schema\/person\/62c3c2562c3c56e4c0c8c2342c596ac0\",\"name\":\"Samuel \u010eurinsk\u00fd\",\"image\":{\"@type\":\"ImageObject\",\"inLanguage\":\"en-GB\",\"@id\":\"https:\/\/fcspartaktrnava.com\/#\/schema\/person\/image\/\",\"url\":\"https:\/\/secure.gravatar.com\/avatar\/af2fa02af92418b86ed742470664fe40056833fb68d84becf03f6ab02319257c?s=96&d=mm&r=g\",\"contentUrl\":\"https:\/\/secure.gravatar.com\/avatar\/af2fa02af92418b86ed742470664fe40056833fb68d84becf03f6ab02319257c?s=96&d=mm&r=g\",\"caption\":\"Samuel \u010eurinsk\u00fd\"},\"url\":\"https:\/\/fcspartaktrnava.com\/en\/author\/fcst-samuel\/\"}]}<\/script>\n<!-- \/ Yoast SEO plugin. -->","yoast_head_json":{"title":"Michal \u0160\u010dasn\u00fd: ,,Prv\u00fd pol\u010das nebol hodn\u00fd Spartaku Trnava.\" - FC Spartak Trnava","robots":{"index":"index","follow":"follow","max-snippet":"max-snippet:-1","max-image-preview":"max-image-preview:large","max-video-preview":"max-video-preview:-1"},"canonical":"https:\/\/fcspartaktrnava.com\/en\/michal-scasny-prvy-polcas-nebol-hodny-spartaku-trnava\/","twitter_misc":{"Written by":"Samuel \u010eurinsk\u00fd","Estimated reading time":"3 minutes"},"schema":{"@context":"https:\/\/schema.org","@graph":[{"@type":"Article","@id":"https:\/\/fcspartaktrnava.com\/michal-scasny-prvy-polcas-nebol-hodny-spartaku-trnava\/#article","isPartOf":{"@id":"https:\/\/fcspartaktrnava.com\/michal-scasny-prvy-polcas-nebol-hodny-spartaku-trnava\/"},"author":{"name":"Samuel \u010eurinsk\u00fd","@id":"https:\/\/fcspartaktrnava.com\/#\/schema\/person\/62c3c2562c3c56e4c0c8c2342c596ac0"},"headline":"Michal \u0160\u010dasn\u00fd: ,,Prv\u00fd pol\u010das nebol hodn\u00fd Spartaku Trnava.&#8220;","datePublished":"2025-09-29T09:11:33+00:00","dateModified":"2025-09-29T09:11:34+00:00","mainEntityOfPage":{"@id":"https:\/\/fcspartaktrnava.com\/michal-scasny-prvy-polcas-nebol-hodny-spartaku-trnava\/"},"wordCount":462,"publisher":{"@id":"https:\/\/fcspartaktrnava.com\/#organization"},"image":{"@id":"https:\/\/fcspartaktrnava.com\/michal-scasny-prvy-polcas-nebol-hodny-spartaku-trnava\/#primaryimage"},"thumbnailUrl":"https:\/\/fcspartaktrnava.com\/wp-content\/uploads\/2025\/09\/LUC_6326-1.jpg","articleSection":["Spr\u00e1vy"],"inLanguage":"en-GB"},{"@type":"WebPage","@id":"https:\/\/fcspartaktrnava.com\/michal-scasny-prvy-polcas-nebol-hodny-spartaku-trnava\/","url":"https:\/\/fcspartaktrnava.com\/michal-scasny-prvy-polcas-nebol-hodny-spartaku-trnava\/","name":"Michal \u0160\u010dasn\u00fd: ,,Prv\u00fd pol\u010das nebol hodn\u00fd Spartaku Trnava.\" - FC Spartak Trnava","isPartOf":{"@id":"https:\/\/fcspartaktrnava.com\/#website"},"primaryImageOfPage":{"@id":"https:\/\/fcspartaktrnava.com\/michal-scasny-prvy-polcas-nebol-hodny-spartaku-trnava\/#primaryimage"},"image":{"@id":"https:\/\/fcspartaktrnava.com\/michal-scasny-prvy-polcas-nebol-hodny-spartaku-trnava\/#primaryimage"},"thumbnailUrl":"https:\/\/fcspartaktrnava.com\/wp-content\/uploads\/2025\/09\/LUC_6326-1.jpg","datePublished":"2025-09-29T09:11:33+00:00","dateModified":"2025-09-29T09:11:34+00:00","breadcrumb":{"@id":"https:\/\/fcspartaktrnava.com\/michal-scasny-prvy-polcas-nebol-hodny-spartaku-trnava\/#breadcrumb"},"inLanguage":"en-GB","potentialAction":[{"@type":"ReadAction","target":["https:\/\/fcspartaktrnava.com\/michal-scasny-prvy-polcas-nebol-hodny-spartaku-trnava\/"]}]},{"@type":"ImageObject","inLanguage":"en-GB","@id":"https:\/\/fcspartaktrnava.com\/michal-scasny-prvy-polcas-nebol-hodny-spartaku-trnava\/#primaryimage","url":"https:\/\/fcspartaktrnava.com\/wp-content\/uploads\/2025\/09\/LUC_6326-1.jpg","contentUrl":"https:\/\/fcspartaktrnava.com\/wp-content\/uploads\/2025\/09\/LUC_6326-1.jpg","width":1520,"height":1013},{"@type":"BreadcrumbList","@id":"https:\/\/fcspartaktrnava.com\/michal-scasny-prvy-polcas-nebol-hodny-spartaku-trnava\/#breadcrumb","itemListElement":[{"@type":"ListItem","position":1,"name":"Home","item":"https:\/\/fcspartaktrnava.com\/"},{"@type":"ListItem","position":2,"name":"Michal \u0160\u010dasn\u00fd: ,,Prv\u00fd pol\u010das nebol hodn\u00fd Spartaku Trnava.&#8220;"}]},{"@type":"WebSite","@id":"https:\/\/fcspartaktrnava.com\/#website","url":"https:\/\/fcspartaktrnava.com\/","name":"FC Spartak Trnava","description":"ofici\u00e1lna webstr\u00e1nka futbalov\u00e9ho klubu","publisher":{"@id":"https:\/\/fcspartaktrnava.com\/#organization"},"potentialAction":[{"@type":"SearchAction","target":{"@type":"EntryPoint","urlTemplate":"https:\/\/fcspartaktrnava.com\/?s={search_term_string}"},"query-input":{"@type":"PropertyValueSpecification","valueRequired":true,"valueName":"search_term_string"}}],"inLanguage":"en-GB"},{"@type":"Organization","@id":"https:\/\/fcspartaktrnava.com\/#organization","name":"FC Spartak Trnava","alternateName":"Spartak","url":"https:\/\/fcspartaktrnava.com\/","logo":{"@type":"ImageObject","inLanguage":"en-GB","@id":"https:\/\/fcspartaktrnava.com\/#\/schema\/logo\/image\/","url":"https:\/\/fcspartaktrnava.com\/wp-content\/uploads\/2022\/08\/cropped-site_logo.png","contentUrl":"https:\/\/fcspartaktrnava.com\/wp-content\/uploads\/2022\/08\/cropped-site_logo.png","width":140,"height":140,"caption":"FC Spartak Trnava"},"image":{"@id":"https:\/\/fcspartaktrnava.com\/#\/schema\/logo\/image\/"},"sameAs":["https:\/\/www.facebook.com\/SpartakTrnava","https:\/\/x.com\/SpartakTrnava1","https:\/\/www.instagram.com\/spartak_sk\/"]},{"@type":"Person","@id":"https:\/\/fcspartaktrnava.com\/#\/schema\/person\/62c3c2562c3c56e4c0c8c2342c596ac0","name":"Samuel \u010eurinsk\u00fd","image":{"@type":"ImageObject","inLanguage":"en-GB","@id":"https:\/\/fcspartaktrnava.com\/#\/schema\/person\/image\/","url":"https:\/\/secure.gravatar.com\/avatar\/af2fa02af92418b86ed742470664fe40056833fb68d84becf03f6ab02319257c?s=96&d=mm&r=g","contentUrl":"https:\/\/secure.gravatar.com\/avatar\/af2fa02af92418b86ed742470664fe40056833fb68d84becf03f6ab02319257c?s=96&d=mm&r=g","caption":"Samuel \u010eurinsk\u00fd"},"url":"https:\/\/fcspartaktrnava.com\/en\/author\/fcst-samuel\/"}]}},"_links":{"self":[{"href":"https:\/\/fcspartaktrnava.com\/en\/wp-json\/wp\/v2\/posts\/34418","targetHints":{"allow":["GET"]}}],"collection":[{"href":"https:\/\/fcspartaktrnava.com\/en\/wp-json\/wp\/v2\/posts"}],"about":[{"href":"https:\/\/fcspartaktrnava.com\/en\/wp-json\/wp\/v2\/types\/post"}],"author":[{"embeddable":true,"href":"https:\/\/fcspartaktrnava.com\/en\/wp-json\/wp\/v2\/users\/5"}],"replies":[{"embeddable":true,"href":"https:\/\/fcspartaktrnava.com\/en\/wp-json\/wp\/v2\/comments?post=34418"}],"version-history":[{"count":0,"href":"https:\/\/fcspartaktrnava.com\/en\/wp-json\/wp\/v2\/posts\/34418\/revisions"}],"wp:featuredmedia":[{"embeddable":true,"href":"https:\/\/fcspartaktrnava.com\/en\/wp-json\/wp\/v2\/media\/34402"}],"wp:attachment":[{"href":"https:\/\/fcspartaktrnava.com\/en\/wp-json\/wp\/v2\/media?parent=34418"}],"wp:term":[{"taxonomy":"category","embeddable":true,"href":"https:\/\/fcspartaktrnava.com\/en\/wp-json\/wp\/v2\/categories?post=34418"},{"taxonomy":"post_tag","embeddable":true,"href":"https:\/\/fcspartaktrnava.com\/en\/wp-json\/wp\/v2\/tags?post=34418"}],"curies":[{"name":"wp","href":"https:\/\/api.w.org\/{rel}","templated":true}]}}