{"id":34264,"date":"2025-09-28T21:31:20","date_gmt":"2025-09-28T19:31:20","guid":{"rendered":"https:\/\/fcspartaktrnava.com\/?p=34264"},"modified":"2025-09-28T21:32:52","modified_gmt":"2025-09-28T19:32:52","slug":"dokonaly-obrat-sa-napokon-nekonal-spartak-si-zo-ziliny-odnasa-bod","status":"publish","type":"post","link":"https:\/\/fcspartaktrnava.com\/en\/dokonaly-obrat-sa-napokon-nekonal-spartak-si-zo-ziliny-odnasa-bod\/","title":{"rendered":"Dokonal\u00fd obrat sa napokon nekonal, Spartak si zo \u017diliny odn\u00e1\u0161a bod"},"content":{"rendered":"<p class=\"has-text-align-center has-black-color has-white-background-color has-text-color has-background has-link-color has-medium-font-size wp-elements-6d4e33891d9a81b645240b9919f45301\"><strong>M\u0160K \u017dilina &#8211; FC Spartak Trnava 2:2 (1:0)<\/strong><br><br><strong>\u017dILINA<\/strong>: Belko &#8211; Pali\u0161\u010d\u00e1k, Min\u00e1rik, Narimanidze &#8211; Kop\u00e1sek (75. Hranica), K\u00e1\u010der (C), Adang, Bari (88. Florea) &#8211; Fa\u0161ko (88. Ka\u0161a), I\u013eko (75. Prokop), \u010eatko (67. Rogini\u0107)<br><br><strong>SPARTAK<\/strong>: Frelih &#8211; Ko\u0161trna, Nwadike, Stojsavljevi\u0107 &#8211; Hol\u00edk, Proch\u00e1zka, Moistsrapishvili, Jure\u0161kin (55. Gong) &#8211; \u0160krbo (55. Khorkheli), Paur (71. Kudli\u010dka), Mikovi\u010d (C)<br><br><strong>Goals<\/strong>: 23. I\u013eko, 69. Fa\u0161ko &#8211; 72. Proch\u00e1zka, 85. Gong<br><br><strong>Yellow cards<\/strong>: Stojsavljevi\u0107, Khorkheli, Mikovi\u010d<br><br><strong>Pred 4261 div\u00e1kmi p\u00edskal M. Smol\u00e1k<\/strong> <\/p>\n\n\n\n<p class=\"has-medium-font-size\">Z\u00e1pas vo v\u00fdbornom tempe na\u010dal prvou nebezpe\u010dnou situ\u00e1ciou Michal Fa\u0161ko, ktor\u00e9ho oba\u013eova\u010dka v 7. min\u00fate len tesne minula Frelihovu \u017er\u010f. Na druhej strane mohla udrie\u0165 Trnava, ke\u010f sa po r\u00fdchlom proti\u00fatoku do zakon\u010denia dostal Jure\u0161kin, jeho streleck\u00fd pokus bol v\u0161ak zblokovan\u00fd na roh. V 11. min\u00fate pohrozil op\u00e4\u0165 Fa\u0161ko, jeho te\u010dovan\u00e1 strela ale na\u0161la len rukavice pripraven\u00e9ho Freliha.<br><br>O 5 min\u00fat nesk\u00f4r sa v dobrej poz\u00edcii ocitol op\u00e4\u0165 Fa\u0161ko, ani tentokr\u00e1t v\u0161ak svojou \u013eava\u010dkou nenamieril presne. V 23. min\u00fate u\u017e ale \u017dilina predsa len udrela. Po r\u00fdchlom brejku na\u0161iel Bari presn\u00fdm centrom I\u013eka a ten sa nepom\u00fdlil. Dom\u00e1ci nepo\u013eavovali, v 34. min\u00fate sa po chybnej rozohr\u00e1vke Freliha dostal k zakone\u010dniu \u010eatko, jeho pokus ale tesne minul \u013eav\u00fa \u017er\u010f br\u00e1ny slovinsk\u00e9ho brank\u00e1ra.<br><br>K ojedinel\u00e9mu zakon\u010deniu sa v 38. min\u00fate prepracoval Nwadike, spoza 16-ky v\u0161ak Belkovu br\u00e1nu netrafil. Spartak pokra\u010doval v aktivite, o p\u00e1r min\u00fat nesk\u00f4r sa najprv v \u0160krbo pre\u0161trikoval a\u017e do mal\u00e9ho v\u00e1pna, lopta sa napokon dostala k Hol\u00edkovi, ktor\u00fd \u013eava\u010dkou p\u00e1lil nad. <br><br>Vylo\u017een\u00fa pr\u00edle\u017eitos\u0165 si Spartak vypracoval v samom z\u00e1vere pol\u010dasu, ke\u010f \u0160krbo skvelo naviedol loptu, v dobrej poz\u00edcii v\u0161ak nie \u00faplne presne prihral Jure\u0161kinovi, ktor\u00fd mal pred sebou iba Belka, z uhla sa v\u0161ak k zakon\u010deniu nedostal a po miernej skrum\u00e1\u017ei p\u00e1lil napokon Moistsrapishvili ved\u013ea.<\/p>\n\n\n<div class=\"wp-block-image\">\n<figure class=\"aligncenter size-large is-resized\"><img loading=\"lazy\" decoding=\"async\" width=\"1024\" height=\"683\" src=\"https:\/\/fcspartaktrnava.com\/wp-content\/uploads\/2025\/09\/LUC_5638-1024x683.jpg\" alt=\"\" class=\"wp-image-34268\" style=\"width:697px;height:auto\" srcset=\"https:\/\/fcspartaktrnava.com\/wp-content\/uploads\/2025\/09\/LUC_5638-1024x683.jpg 1024w, https:\/\/fcspartaktrnava.com\/wp-content\/uploads\/2025\/09\/LUC_5638-300x200.jpg 300w, https:\/\/fcspartaktrnava.com\/wp-content\/uploads\/2025\/09\/LUC_5638-768x512.jpg 768w, https:\/\/fcspartaktrnava.com\/wp-content\/uploads\/2025\/09\/LUC_5638-1536x1024.jpg 1536w, https:\/\/fcspartaktrnava.com\/wp-content\/uploads\/2025\/09\/LUC_5638-2048x1365.jpg 2048w, https:\/\/fcspartaktrnava.com\/wp-content\/uploads\/2025\/09\/LUC_5638-18x12.jpg 18w\" sizes=\"auto, (max-width: 1024px) 100vw, 1024px\" \/><\/figure>\n<\/div>\n\n\n<p class=\"has-medium-font-size\">Druh\u00fd pol\u010das sa u\u017e niesol v pokojnej\u0161om tempe, bez \u0161ance na jednej \u010di druhej strane. To platilo do 68. min\u00faty, ke\u010f sa po jednoduchej nakopnutej lopte cez Stojsavljevi\u0107a pretla\u010dil Rogini\u0107 a na\u0161iel \u00faplne vo\u013en\u00e9ho Fa\u0161ka, ktor\u00fd sa zo\u010di-vo\u010di Frelihovi nepom\u00fdlil. <br><br>Druh\u00fd inkasovan\u00fd g\u00f3l u\u017e trnav\u010danov nakopol, po peknej kombina\u010dnej akcii sa k odrazenej lopte dostal Proch\u00e1zka a v\u00fdstavn\u00fdm g\u00f3lom z voleja zn\u00ed\u017eil stav stretnutia na 1:2 z poh\u013eadu Trnavy. V 77. min\u00fate vysunul Moistsrapishvili n\u00e1dhernou prihr\u00e1vkou Kudli\u010dku, ten sa v\u0161ak z uhla proti Belkovi nepresadil. V 84. min\u00fate na\u0161iel center Hol\u00edka hlavu Khorkheliho, ktor\u00fd loptu e\u0161te sklep\u00e1val na zadn\u00fa \u017er\u010f Gongovi, jeho pokus ale zblokovala dom\u00e1ca obrana.<br><br>Ten ist\u00fd hr\u00e1\u010d si ale chu\u0165 napravil u\u017e o min\u00fatu nesk\u00f4r, ke\u010f si nabehol na fantastick\u00fd center Moistsrapishviliho a hlavou vyrovnal stav stretnutia na 2:2. Trnava z\u00edskala momentum, ktor\u00e9 nakoniec do dokonal\u00e9ho obratu nedok\u00e1zala pretavi\u0165 a zo \u017diliny si tak odn\u00e1\u0161a bod za rem\u00edzu.<\/p>","protected":false},"excerpt":{"rendered":"<p>M\u0160K \u017dilina &#8211; FC Spartak Trnava 2:2 (1:0)\u017dILINA:&#8230;<\/p>","protected":false},"author":5,"featured_media":34269,"comment_status":"closed","ping_status":"closed","sticky":false,"template":"","format":"standard","meta":{"footnotes":""},"categories":[12],"tags":[],"class_list":["post-34264","post","type-post","status-publish","format-standard","has-post-thumbnail","hentry","category-spravy","post-number-1"],"yoast_head":"<!-- This site is optimized with the Yoast SEO plugin v27.1.1 - https:\/\/yoast.com\/product\/yoast-seo-wordpress\/ -->\n<title>Dokonal\u00fd obrat sa napokon nekonal, Spartak si zo \u017diliny odn\u00e1\u0161a bod - FC Spartak Trnava<\/title>\n<meta name=\"robots\" content=\"index, follow, max-snippet:-1, max-image-preview:large, max-video-preview:-1\" \/>\n<link rel=\"canonical\" href=\"https:\/\/fcspartaktrnava.com\/en\/dokonaly-obrat-sa-napokon-nekonal-spartak-si-zo-ziliny-odnasa-bod\/\" \/>\n<meta name=\"twitter:label1\" content=\"Written by\" \/>\n\t<meta name=\"twitter:data1\" content=\"Samuel \u010eurinsk\u00fd\" \/>\n\t<meta name=\"twitter:label2\" content=\"Estimated reading time\" \/>\n\t<meta name=\"twitter:data2\" content=\"3 minutes\" \/>\n<script type=\"application\/ld+json\" class=\"yoast-schema-graph\">{\"@context\":\"https:\/\/schema.org\",\"@graph\":[{\"@type\":\"Article\",\"@id\":\"https:\/\/fcspartaktrnava.com\/dokonaly-obrat-sa-napokon-nekonal-spartak-si-zo-ziliny-odnasa-bod\/#article\",\"isPartOf\":{\"@id\":\"https:\/\/fcspartaktrnava.com\/dokonaly-obrat-sa-napokon-nekonal-spartak-si-zo-ziliny-odnasa-bod\/\"},\"author\":{\"name\":\"Samuel \u010eurinsk\u00fd\",\"@id\":\"https:\/\/fcspartaktrnava.com\/#\/schema\/person\/62c3c2562c3c56e4c0c8c2342c596ac0\"},\"headline\":\"Dokonal\u00fd obrat sa napokon nekonal, Spartak si zo \u017diliny odn\u00e1\u0161a bod\",\"datePublished\":\"2025-09-28T19:31:20+00:00\",\"dateModified\":\"2025-09-28T19:32:52+00:00\",\"mainEntityOfPage\":{\"@id\":\"https:\/\/fcspartaktrnava.com\/dokonaly-obrat-sa-napokon-nekonal-spartak-si-zo-ziliny-odnasa-bod\/\"},\"wordCount\":548,\"publisher\":{\"@id\":\"https:\/\/fcspartaktrnava.com\/#organization\"},\"image\":{\"@id\":\"https:\/\/fcspartaktrnava.com\/dokonaly-obrat-sa-napokon-nekonal-spartak-si-zo-ziliny-odnasa-bod\/#primaryimage\"},\"thumbnailUrl\":\"https:\/\/fcspartaktrnava.com\/wp-content\/uploads\/2025\/09\/LUC_5978-scaled.jpg\",\"articleSection\":[\"Spr\u00e1vy\"],\"inLanguage\":\"en-GB\"},{\"@type\":\"WebPage\",\"@id\":\"https:\/\/fcspartaktrnava.com\/dokonaly-obrat-sa-napokon-nekonal-spartak-si-zo-ziliny-odnasa-bod\/\",\"url\":\"https:\/\/fcspartaktrnava.com\/dokonaly-obrat-sa-napokon-nekonal-spartak-si-zo-ziliny-odnasa-bod\/\",\"name\":\"Dokonal\u00fd obrat sa napokon nekonal, Spartak si zo \u017diliny odn\u00e1\u0161a bod - FC Spartak Trnava\",\"isPartOf\":{\"@id\":\"https:\/\/fcspartaktrnava.com\/#website\"},\"primaryImageOfPage\":{\"@id\":\"https:\/\/fcspartaktrnava.com\/dokonaly-obrat-sa-napokon-nekonal-spartak-si-zo-ziliny-odnasa-bod\/#primaryimage\"},\"image\":{\"@id\":\"https:\/\/fcspartaktrnava.com\/dokonaly-obrat-sa-napokon-nekonal-spartak-si-zo-ziliny-odnasa-bod\/#primaryimage\"},\"thumbnailUrl\":\"https:\/\/fcspartaktrnava.com\/wp-content\/uploads\/2025\/09\/LUC_5978-scaled.jpg\",\"datePublished\":\"2025-09-28T19:31:20+00:00\",\"dateModified\":\"2025-09-28T19:32:52+00:00\",\"breadcrumb\":{\"@id\":\"https:\/\/fcspartaktrnava.com\/dokonaly-obrat-sa-napokon-nekonal-spartak-si-zo-ziliny-odnasa-bod\/#breadcrumb\"},\"inLanguage\":\"en-GB\",\"potentialAction\":[{\"@type\":\"ReadAction\",\"target\":[\"https:\/\/fcspartaktrnava.com\/dokonaly-obrat-sa-napokon-nekonal-spartak-si-zo-ziliny-odnasa-bod\/\"]}]},{\"@type\":\"ImageObject\",\"inLanguage\":\"en-GB\",\"@id\":\"https:\/\/fcspartaktrnava.com\/dokonaly-obrat-sa-napokon-nekonal-spartak-si-zo-ziliny-odnasa-bod\/#primaryimage\",\"url\":\"https:\/\/fcspartaktrnava.com\/wp-content\/uploads\/2025\/09\/LUC_5978-scaled.jpg\",\"contentUrl\":\"https:\/\/fcspartaktrnava.com\/wp-content\/uploads\/2025\/09\/LUC_5978-scaled.jpg\",\"width\":2560,\"height\":1707},{\"@type\":\"BreadcrumbList\",\"@id\":\"https:\/\/fcspartaktrnava.com\/dokonaly-obrat-sa-napokon-nekonal-spartak-si-zo-ziliny-odnasa-bod\/#breadcrumb\",\"itemListElement\":[{\"@type\":\"ListItem\",\"position\":1,\"name\":\"Home\",\"item\":\"https:\/\/fcspartaktrnava.com\/\"},{\"@type\":\"ListItem\",\"position\":2,\"name\":\"Dokonal\u00fd obrat sa napokon nekonal, Spartak si zo \u017diliny odn\u00e1\u0161a bod\"}]},{\"@type\":\"WebSite\",\"@id\":\"https:\/\/fcspartaktrnava.com\/#website\",\"url\":\"https:\/\/fcspartaktrnava.com\/\",\"name\":\"FC Spartak Trnava\",\"description\":\"ofici\u00e1lna webstr\u00e1nka futbalov\u00e9ho klubu\",\"publisher\":{\"@id\":\"https:\/\/fcspartaktrnava.com\/#organization\"},\"potentialAction\":[{\"@type\":\"SearchAction\",\"target\":{\"@type\":\"EntryPoint\",\"urlTemplate\":\"https:\/\/fcspartaktrnava.com\/?s={search_term_string}\"},\"query-input\":{\"@type\":\"PropertyValueSpecification\",\"valueRequired\":true,\"valueName\":\"search_term_string\"}}],\"inLanguage\":\"en-GB\"},{\"@type\":\"Organization\",\"@id\":\"https:\/\/fcspartaktrnava.com\/#organization\",\"name\":\"FC Spartak Trnava\",\"alternateName\":\"Spartak\",\"url\":\"https:\/\/fcspartaktrnava.com\/\",\"logo\":{\"@type\":\"ImageObject\",\"inLanguage\":\"en-GB\",\"@id\":\"https:\/\/fcspartaktrnava.com\/#\/schema\/logo\/image\/\",\"url\":\"https:\/\/fcspartaktrnava.com\/wp-content\/uploads\/2022\/08\/cropped-site_logo.png\",\"contentUrl\":\"https:\/\/fcspartaktrnava.com\/wp-content\/uploads\/2022\/08\/cropped-site_logo.png\",\"width\":140,\"height\":140,\"caption\":\"FC Spartak Trnava\"},\"image\":{\"@id\":\"https:\/\/fcspartaktrnava.com\/#\/schema\/logo\/image\/\"},\"sameAs\":[\"https:\/\/www.facebook.com\/SpartakTrnava\",\"https:\/\/x.com\/SpartakTrnava1\",\"https:\/\/www.instagram.com\/spartak_sk\/\"]},{\"@type\":\"Person\",\"@id\":\"https:\/\/fcspartaktrnava.com\/#\/schema\/person\/62c3c2562c3c56e4c0c8c2342c596ac0\",\"name\":\"Samuel \u010eurinsk\u00fd\",\"image\":{\"@type\":\"ImageObject\",\"inLanguage\":\"en-GB\",\"@id\":\"https:\/\/fcspartaktrnava.com\/#\/schema\/person\/image\/\",\"url\":\"https:\/\/secure.gravatar.com\/avatar\/af2fa02af92418b86ed742470664fe40056833fb68d84becf03f6ab02319257c?s=96&d=mm&r=g\",\"contentUrl\":\"https:\/\/secure.gravatar.com\/avatar\/af2fa02af92418b86ed742470664fe40056833fb68d84becf03f6ab02319257c?s=96&d=mm&r=g\",\"caption\":\"Samuel \u010eurinsk\u00fd\"},\"url\":\"https:\/\/fcspartaktrnava.com\/en\/author\/fcst-samuel\/\"}]}<\/script>\n<!-- \/ Yoast SEO plugin. -->","yoast_head_json":{"title":"Dokonal\u00fd obrat sa napokon nekonal, Spartak si zo \u017diliny odn\u00e1\u0161a bod - FC Spartak Trnava","robots":{"index":"index","follow":"follow","max-snippet":"max-snippet:-1","max-image-preview":"max-image-preview:large","max-video-preview":"max-video-preview:-1"},"canonical":"https:\/\/fcspartaktrnava.com\/en\/dokonaly-obrat-sa-napokon-nekonal-spartak-si-zo-ziliny-odnasa-bod\/","twitter_misc":{"Written by":"Samuel \u010eurinsk\u00fd","Estimated reading time":"3 minutes"},"schema":{"@context":"https:\/\/schema.org","@graph":[{"@type":"Article","@id":"https:\/\/fcspartaktrnava.com\/dokonaly-obrat-sa-napokon-nekonal-spartak-si-zo-ziliny-odnasa-bod\/#article","isPartOf":{"@id":"https:\/\/fcspartaktrnava.com\/dokonaly-obrat-sa-napokon-nekonal-spartak-si-zo-ziliny-odnasa-bod\/"},"author":{"name":"Samuel \u010eurinsk\u00fd","@id":"https:\/\/fcspartaktrnava.com\/#\/schema\/person\/62c3c2562c3c56e4c0c8c2342c596ac0"},"headline":"Dokonal\u00fd obrat sa napokon nekonal, Spartak si zo \u017diliny odn\u00e1\u0161a bod","datePublished":"2025-09-28T19:31:20+00:00","dateModified":"2025-09-28T19:32:52+00:00","mainEntityOfPage":{"@id":"https:\/\/fcspartaktrnava.com\/dokonaly-obrat-sa-napokon-nekonal-spartak-si-zo-ziliny-odnasa-bod\/"},"wordCount":548,"publisher":{"@id":"https:\/\/fcspartaktrnava.com\/#organization"},"image":{"@id":"https:\/\/fcspartaktrnava.com\/dokonaly-obrat-sa-napokon-nekonal-spartak-si-zo-ziliny-odnasa-bod\/#primaryimage"},"thumbnailUrl":"https:\/\/fcspartaktrnava.com\/wp-content\/uploads\/2025\/09\/LUC_5978-scaled.jpg","articleSection":["Spr\u00e1vy"],"inLanguage":"en-GB"},{"@type":"WebPage","@id":"https:\/\/fcspartaktrnava.com\/dokonaly-obrat-sa-napokon-nekonal-spartak-si-zo-ziliny-odnasa-bod\/","url":"https:\/\/fcspartaktrnava.com\/dokonaly-obrat-sa-napokon-nekonal-spartak-si-zo-ziliny-odnasa-bod\/","name":"Dokonal\u00fd obrat sa napokon nekonal, Spartak si zo \u017diliny odn\u00e1\u0161a bod - FC Spartak Trnava","isPartOf":{"@id":"https:\/\/fcspartaktrnava.com\/#website"},"primaryImageOfPage":{"@id":"https:\/\/fcspartaktrnava.com\/dokonaly-obrat-sa-napokon-nekonal-spartak-si-zo-ziliny-odnasa-bod\/#primaryimage"},"image":{"@id":"https:\/\/fcspartaktrnava.com\/dokonaly-obrat-sa-napokon-nekonal-spartak-si-zo-ziliny-odnasa-bod\/#primaryimage"},"thumbnailUrl":"https:\/\/fcspartaktrnava.com\/wp-content\/uploads\/2025\/09\/LUC_5978-scaled.jpg","datePublished":"2025-09-28T19:31:20+00:00","dateModified":"2025-09-28T19:32:52+00:00","breadcrumb":{"@id":"https:\/\/fcspartaktrnava.com\/dokonaly-obrat-sa-napokon-nekonal-spartak-si-zo-ziliny-odnasa-bod\/#breadcrumb"},"inLanguage":"en-GB","potentialAction":[{"@type":"ReadAction","target":["https:\/\/fcspartaktrnava.com\/dokonaly-obrat-sa-napokon-nekonal-spartak-si-zo-ziliny-odnasa-bod\/"]}]},{"@type":"ImageObject","inLanguage":"en-GB","@id":"https:\/\/fcspartaktrnava.com\/dokonaly-obrat-sa-napokon-nekonal-spartak-si-zo-ziliny-odnasa-bod\/#primaryimage","url":"https:\/\/fcspartaktrnava.com\/wp-content\/uploads\/2025\/09\/LUC_5978-scaled.jpg","contentUrl":"https:\/\/fcspartaktrnava.com\/wp-content\/uploads\/2025\/09\/LUC_5978-scaled.jpg","width":2560,"height":1707},{"@type":"BreadcrumbList","@id":"https:\/\/fcspartaktrnava.com\/dokonaly-obrat-sa-napokon-nekonal-spartak-si-zo-ziliny-odnasa-bod\/#breadcrumb","itemListElement":[{"@type":"ListItem","position":1,"name":"Home","item":"https:\/\/fcspartaktrnava.com\/"},{"@type":"ListItem","position":2,"name":"Dokonal\u00fd obrat sa napokon nekonal, Spartak si zo \u017diliny odn\u00e1\u0161a bod"}]},{"@type":"WebSite","@id":"https:\/\/fcspartaktrnava.com\/#website","url":"https:\/\/fcspartaktrnava.com\/","name":"FC Spartak Trnava","description":"ofici\u00e1lna webstr\u00e1nka futbalov\u00e9ho klubu","publisher":{"@id":"https:\/\/fcspartaktrnava.com\/#organization"},"potentialAction":[{"@type":"SearchAction","target":{"@type":"EntryPoint","urlTemplate":"https:\/\/fcspartaktrnava.com\/?s={search_term_string}"},"query-input":{"@type":"PropertyValueSpecification","valueRequired":true,"valueName":"search_term_string"}}],"inLanguage":"en-GB"},{"@type":"Organization","@id":"https:\/\/fcspartaktrnava.com\/#organization","name":"FC Spartak Trnava","alternateName":"Spartak","url":"https:\/\/fcspartaktrnava.com\/","logo":{"@type":"ImageObject","inLanguage":"en-GB","@id":"https:\/\/fcspartaktrnava.com\/#\/schema\/logo\/image\/","url":"https:\/\/fcspartaktrnava.com\/wp-content\/uploads\/2022\/08\/cropped-site_logo.png","contentUrl":"https:\/\/fcspartaktrnava.com\/wp-content\/uploads\/2022\/08\/cropped-site_logo.png","width":140,"height":140,"caption":"FC Spartak Trnava"},"image":{"@id":"https:\/\/fcspartaktrnava.com\/#\/schema\/logo\/image\/"},"sameAs":["https:\/\/www.facebook.com\/SpartakTrnava","https:\/\/x.com\/SpartakTrnava1","https:\/\/www.instagram.com\/spartak_sk\/"]},{"@type":"Person","@id":"https:\/\/fcspartaktrnava.com\/#\/schema\/person\/62c3c2562c3c56e4c0c8c2342c596ac0","name":"Samuel \u010eurinsk\u00fd","image":{"@type":"ImageObject","inLanguage":"en-GB","@id":"https:\/\/fcspartaktrnava.com\/#\/schema\/person\/image\/","url":"https:\/\/secure.gravatar.com\/avatar\/af2fa02af92418b86ed742470664fe40056833fb68d84becf03f6ab02319257c?s=96&d=mm&r=g","contentUrl":"https:\/\/secure.gravatar.com\/avatar\/af2fa02af92418b86ed742470664fe40056833fb68d84becf03f6ab02319257c?s=96&d=mm&r=g","caption":"Samuel \u010eurinsk\u00fd"},"url":"https:\/\/fcspartaktrnava.com\/en\/author\/fcst-samuel\/"}]}},"_links":{"self":[{"href":"https:\/\/fcspartaktrnava.com\/en\/wp-json\/wp\/v2\/posts\/34264","targetHints":{"allow":["GET"]}}],"collection":[{"href":"https:\/\/fcspartaktrnava.com\/en\/wp-json\/wp\/v2\/posts"}],"about":[{"href":"https:\/\/fcspartaktrnava.com\/en\/wp-json\/wp\/v2\/types\/post"}],"author":[{"embeddable":true,"href":"https:\/\/fcspartaktrnava.com\/en\/wp-json\/wp\/v2\/users\/5"}],"replies":[{"embeddable":true,"href":"https:\/\/fcspartaktrnava.com\/en\/wp-json\/wp\/v2\/comments?post=34264"}],"version-history":[{"count":0,"href":"https:\/\/fcspartaktrnava.com\/en\/wp-json\/wp\/v2\/posts\/34264\/revisions"}],"wp:featuredmedia":[{"embeddable":true,"href":"https:\/\/fcspartaktrnava.com\/en\/wp-json\/wp\/v2\/media\/34269"}],"wp:attachment":[{"href":"https:\/\/fcspartaktrnava.com\/en\/wp-json\/wp\/v2\/media?parent=34264"}],"wp:term":[{"taxonomy":"category","embeddable":true,"href":"https:\/\/fcspartaktrnava.com\/en\/wp-json\/wp\/v2\/categories?post=34264"},{"taxonomy":"post_tag","embeddable":true,"href":"https:\/\/fcspartaktrnava.com\/en\/wp-json\/wp\/v2\/tags?post=34264"}],"curies":[{"name":"wp","href":"https:\/\/api.w.org\/{rel}","templated":true}]}}