{"id":33819,"date":"2025-09-20T09:41:17","date_gmt":"2025-09-20T07:41:17","guid":{"rendered":"https:\/\/fcspartaktrnava.com\/?p=33819"},"modified":"2025-09-20T09:41:17","modified_gmt":"2025-09-20T07:41:17","slug":"frelih-pred-michalovcami-kvalita-je-na-nasej-strane","status":"publish","type":"post","link":"https:\/\/fcspartaktrnava.com\/en\/frelih-pred-michalovcami-kvalita-je-na-nasej-strane\/","title":{"rendered":"Frelih pred Michalovcami: ,,Kvalita je na na\u0161ej strane.&#8220;"},"content":{"rendered":"<p style=\"font-size:25px\"><strong>Nede\u013ea bude u\u017e tradi\u010dne v tejto sez\u00f3ne patri\u0165 op\u00e4\u0165 dom\u00e1cemu z\u00e1pasu Spartaka. Andeli na \u0160tadi\u00f3ne Antona Malatinsk\u00e9ho priv\u00edtaj\u00fa MFK Zempl\u00edn Michalovce. <\/strong><\/p>\n\n\n\n<p class=\"has-medium-font-size\">Trnava za\u017e\u00edva v\u00fdborn\u00fd vstup do sez\u00f3ny, po 7. kol\u00e1ch maj\u00fa Andeli na svojom konte 5 v\u00fdhier a len jednu prehru. V 6-tich odohran\u00fdch z\u00e1pasoch (z\u00e1pas proti FC Ko\u0161ice bol odlo\u017een\u00fd) sa im dokonca podarilo 4-kr\u00e1t udr\u017ea\u0165 \u010dist\u00e9 konto. Najbli\u017e\u0161ie ich prever\u00ed nepr\u00edjemn\u00fd s\u00faper z v\u00fdchodu, s ktor\u00fdm v\u0161ak spartakovci maj\u00fa priazniv\u00fa bilanciu. Neprehrali s n\u00edm toti\u017e u\u017e v 10-tich vz\u00e1jomn\u00fdch z\u00e1pasoch v rade, z ktor\u00fdch sa a\u017e 9-kr\u00e1t te\u0161ili z v\u00ed\u0165azstva.<\/p>\n\n\n\n<p class=\"has-text-align-center has-vivid-red-color has-white-background-color has-text-color has-background has-link-color has-medium-font-size wp-elements-a34b8bde13baa2cd0d6dad58bb3a9582\"><strong><a href=\"http:\/\/bit.ly\/SpaMich\">VSTUPENKY NA Z\u00c1PAS PROTI MICHALOVCIAM K\u00daPI\u0160 TU!<\/a><\/strong><\/p>\n\n\n\n<p class=\"has-medium-font-size\">Brank\u00e1rskou jednotkou Trnavy je pr\u00e1ve b\u00fdval\u00fd hr\u00e1\u010d zo Zepml\u00edna, \u017diga Frelih. \u010co pod\u013ea neho stoj\u00ed za \u00faspe\u0161n\u00fdm \u0161tartom do sez\u00f3ny? <strong><em>,,T\u00edm. Jednoduch\u00e9,&#8220; <\/em><\/strong>zhodnotil stru\u010dne slovinsk\u00fd brank\u00e1r.<br><br>Kvalita je pod\u013ea neho rozhodne na na\u0161ej strane, \u010do by sa malo uk\u00e1za\u0165 aj v zajtraj\u0161om z\u00e1pase: <strong><em>,,T\u00edm, ktor\u00fd m\u00e1me t\u00fato sez\u00f3nu m\u00e1 kvalitu, aj individu\u00e1lnu, aj t\u00edmov\u00fa. Ke\u010f do z\u00e1pasu d\u00e1me v\u0161etko, rozhodne ho m\u00f4\u017eeme vyhra\u0165.&#8220;<br><\/em><\/strong><br>\u010co bude k\u013e\u00fa\u010dov\u00fdm faktorom, ktor\u00fd m\u00f4\u017ee rozhodn\u00fa\u0165 nede\u013e\u0148aj\u0161\u00ed duel?<strong><em> ,,Energia a fan\u00fa\u0161ikovia. Ich podpora pre n\u00e1s znamen\u00e1 ve\u013ea, ka\u017ed\u00fd z\u00e1pas s\u00fa v\u00fdborn\u00ed a aj preto sa u\u017e ve\u013emi te\u0161\u00edm na nede\u013e\u0148aj\u0161\u00ed z\u00e1pas.&#8220;<\/em><\/strong><br><br>Cel\u00fd rozhovor so slovinsk\u00fdm brank\u00e1rom n\u00e1jde\u0161 na na\u0161om YouTube:<\/p>\n\n\n\n<figure class=\"wp-block-embed is-type-video is-provider-youtube wp-block-embed-youtube wp-embed-aspect-16-9 wp-has-aspect-ratio\"><div class=\"wp-block-embed__wrapper\">\n<iframe loading=\"lazy\" title=\"\u017diga Frelih pred z\u00e1pasom s Michalovcami\" width=\"500\" height=\"281\" src=\"https:\/\/www.youtube.com\/embed\/_Gau2KQqqDw?feature=oembed\" frameborder=\"0\" allow=\"accelerometer; autoplay; clipboard-write; encrypted-media; gyroscope; picture-in-picture; web-share\" referrerpolicy=\"strict-origin-when-cross-origin\" allowfullscreen><\/iframe>\n<\/div><\/figure>\n\n\n\n<p class=\"has-medium-font-size\"><strong>Na z\u00e1pase si bude\u0161 m\u00f4c\u0165 okrem dobr\u00e9ho futbalu vychutna\u0165 aj atmosf\u00e9ru bavorsk\u00e9ho Oktoberfestu! Pr\u00e9miov\u00e9 pivo Paulaner, pracl\u00edky, leberk\u00e4se a tie\u017e \u017eiv\u00e1 hudba! Br\u00e1ny \u0161tadi\u00f3na otv\u00e1rame u\u017e od 17:00 tak nev\u00e1haj a pr\u00ed\u010f zakon\u010di\u0165 t\u00fd\u017ede\u0148 tak, ako sa patr\u00ed!<\/strong><\/p>","protected":false},"excerpt":{"rendered":"<p>Nede\u013ea bude u\u017e tradi\u010dne v tejto sez\u00f3ne patri\u0165&#8230;<\/p>","protected":false},"author":5,"featured_media":33820,"comment_status":"closed","ping_status":"closed","sticky":false,"template":"","format":"standard","meta":{"footnotes":""},"categories":[12],"tags":[],"class_list":["post-33819","post","type-post","status-publish","format-standard","has-post-thumbnail","hentry","category-spravy","post-number-1"],"yoast_head":"<!-- This site is optimized with the Yoast SEO plugin v27.1.1 - https:\/\/yoast.com\/product\/yoast-seo-wordpress\/ -->\n<title>Frelih pred Michalovcami: ,,Kvalita je na na\u0161ej strane.&quot; - FC Spartak Trnava<\/title>\n<meta name=\"robots\" content=\"index, follow, max-snippet:-1, max-image-preview:large, max-video-preview:-1\" \/>\n<link rel=\"canonical\" href=\"https:\/\/fcspartaktrnava.com\/en\/frelih-pred-michalovcami-kvalita-je-na-nasej-strane\/\" \/>\n<meta name=\"twitter:label1\" content=\"Written by\" \/>\n\t<meta name=\"twitter:data1\" content=\"Samuel \u010eurinsk\u00fd\" \/>\n\t<meta name=\"twitter:label2\" content=\"Estimated reading time\" \/>\n\t<meta name=\"twitter:data2\" content=\"2 minutes\" \/>\n<script type=\"application\/ld+json\" class=\"yoast-schema-graph\">{\"@context\":\"https:\/\/schema.org\",\"@graph\":[{\"@type\":\"Article\",\"@id\":\"https:\/\/fcspartaktrnava.com\/frelih-pred-michalovcami-kvalita-je-na-nasej-strane\/#article\",\"isPartOf\":{\"@id\":\"https:\/\/fcspartaktrnava.com\/frelih-pred-michalovcami-kvalita-je-na-nasej-strane\/\"},\"author\":{\"name\":\"Samuel \u010eurinsk\u00fd\",\"@id\":\"https:\/\/fcspartaktrnava.com\/#\/schema\/person\/62c3c2562c3c56e4c0c8c2342c596ac0\"},\"headline\":\"Frelih pred Michalovcami: ,,Kvalita je na na\u0161ej strane.&#8220;\",\"datePublished\":\"2025-09-20T07:41:17+00:00\",\"mainEntityOfPage\":{\"@id\":\"https:\/\/fcspartaktrnava.com\/frelih-pred-michalovcami-kvalita-je-na-nasej-strane\/\"},\"wordCount\":350,\"publisher\":{\"@id\":\"https:\/\/fcspartaktrnava.com\/#organization\"},\"image\":{\"@id\":\"https:\/\/fcspartaktrnava.com\/frelih-pred-michalovcami-kvalita-je-na-nasej-strane\/#primaryimage\"},\"thumbnailUrl\":\"https:\/\/fcspartaktrnava.com\/wp-content\/uploads\/2025\/09\/LUC_1193-1-scaled.jpg\",\"articleSection\":[\"Spr\u00e1vy\"],\"inLanguage\":\"en-GB\"},{\"@type\":\"WebPage\",\"@id\":\"https:\/\/fcspartaktrnava.com\/frelih-pred-michalovcami-kvalita-je-na-nasej-strane\/\",\"url\":\"https:\/\/fcspartaktrnava.com\/frelih-pred-michalovcami-kvalita-je-na-nasej-strane\/\",\"name\":\"Frelih pred Michalovcami: ,,Kvalita je na na\u0161ej strane.\\\" - FC Spartak Trnava\",\"isPartOf\":{\"@id\":\"https:\/\/fcspartaktrnava.com\/#website\"},\"primaryImageOfPage\":{\"@id\":\"https:\/\/fcspartaktrnava.com\/frelih-pred-michalovcami-kvalita-je-na-nasej-strane\/#primaryimage\"},\"image\":{\"@id\":\"https:\/\/fcspartaktrnava.com\/frelih-pred-michalovcami-kvalita-je-na-nasej-strane\/#primaryimage\"},\"thumbnailUrl\":\"https:\/\/fcspartaktrnava.com\/wp-content\/uploads\/2025\/09\/LUC_1193-1-scaled.jpg\",\"datePublished\":\"2025-09-20T07:41:17+00:00\",\"breadcrumb\":{\"@id\":\"https:\/\/fcspartaktrnava.com\/frelih-pred-michalovcami-kvalita-je-na-nasej-strane\/#breadcrumb\"},\"inLanguage\":\"en-GB\",\"potentialAction\":[{\"@type\":\"ReadAction\",\"target\":[\"https:\/\/fcspartaktrnava.com\/frelih-pred-michalovcami-kvalita-je-na-nasej-strane\/\"]}]},{\"@type\":\"ImageObject\",\"inLanguage\":\"en-GB\",\"@id\":\"https:\/\/fcspartaktrnava.com\/frelih-pred-michalovcami-kvalita-je-na-nasej-strane\/#primaryimage\",\"url\":\"https:\/\/fcspartaktrnava.com\/wp-content\/uploads\/2025\/09\/LUC_1193-1-scaled.jpg\",\"contentUrl\":\"https:\/\/fcspartaktrnava.com\/wp-content\/uploads\/2025\/09\/LUC_1193-1-scaled.jpg\",\"width\":2560,\"height\":1707},{\"@type\":\"BreadcrumbList\",\"@id\":\"https:\/\/fcspartaktrnava.com\/frelih-pred-michalovcami-kvalita-je-na-nasej-strane\/#breadcrumb\",\"itemListElement\":[{\"@type\":\"ListItem\",\"position\":1,\"name\":\"Home\",\"item\":\"https:\/\/fcspartaktrnava.com\/\"},{\"@type\":\"ListItem\",\"position\":2,\"name\":\"Frelih pred Michalovcami: ,,Kvalita je na na\u0161ej strane.&#8220;\"}]},{\"@type\":\"WebSite\",\"@id\":\"https:\/\/fcspartaktrnava.com\/#website\",\"url\":\"https:\/\/fcspartaktrnava.com\/\",\"name\":\"FC Spartak Trnava\",\"description\":\"ofici\u00e1lna webstr\u00e1nka futbalov\u00e9ho klubu\",\"publisher\":{\"@id\":\"https:\/\/fcspartaktrnava.com\/#organization\"},\"potentialAction\":[{\"@type\":\"SearchAction\",\"target\":{\"@type\":\"EntryPoint\",\"urlTemplate\":\"https:\/\/fcspartaktrnava.com\/?s={search_term_string}\"},\"query-input\":{\"@type\":\"PropertyValueSpecification\",\"valueRequired\":true,\"valueName\":\"search_term_string\"}}],\"inLanguage\":\"en-GB\"},{\"@type\":\"Organization\",\"@id\":\"https:\/\/fcspartaktrnava.com\/#organization\",\"name\":\"FC Spartak Trnava\",\"alternateName\":\"Spartak\",\"url\":\"https:\/\/fcspartaktrnava.com\/\",\"logo\":{\"@type\":\"ImageObject\",\"inLanguage\":\"en-GB\",\"@id\":\"https:\/\/fcspartaktrnava.com\/#\/schema\/logo\/image\/\",\"url\":\"https:\/\/fcspartaktrnava.com\/wp-content\/uploads\/2022\/08\/cropped-site_logo.png\",\"contentUrl\":\"https:\/\/fcspartaktrnava.com\/wp-content\/uploads\/2022\/08\/cropped-site_logo.png\",\"width\":140,\"height\":140,\"caption\":\"FC Spartak Trnava\"},\"image\":{\"@id\":\"https:\/\/fcspartaktrnava.com\/#\/schema\/logo\/image\/\"},\"sameAs\":[\"https:\/\/www.facebook.com\/SpartakTrnava\",\"https:\/\/x.com\/SpartakTrnava1\",\"https:\/\/www.instagram.com\/spartak_sk\/\"]},{\"@type\":\"Person\",\"@id\":\"https:\/\/fcspartaktrnava.com\/#\/schema\/person\/62c3c2562c3c56e4c0c8c2342c596ac0\",\"name\":\"Samuel \u010eurinsk\u00fd\",\"image\":{\"@type\":\"ImageObject\",\"inLanguage\":\"en-GB\",\"@id\":\"https:\/\/fcspartaktrnava.com\/#\/schema\/person\/image\/\",\"url\":\"https:\/\/secure.gravatar.com\/avatar\/af2fa02af92418b86ed742470664fe40056833fb68d84becf03f6ab02319257c?s=96&d=mm&r=g\",\"contentUrl\":\"https:\/\/secure.gravatar.com\/avatar\/af2fa02af92418b86ed742470664fe40056833fb68d84becf03f6ab02319257c?s=96&d=mm&r=g\",\"caption\":\"Samuel \u010eurinsk\u00fd\"},\"url\":\"https:\/\/fcspartaktrnava.com\/en\/author\/fcst-samuel\/\"}]}<\/script>\n<!-- \/ Yoast SEO plugin. -->","yoast_head_json":{"title":"Frelih pred Michalovcami: ,,Kvalita je na na\u0161ej strane.\" - FC Spartak Trnava","robots":{"index":"index","follow":"follow","max-snippet":"max-snippet:-1","max-image-preview":"max-image-preview:large","max-video-preview":"max-video-preview:-1"},"canonical":"https:\/\/fcspartaktrnava.com\/en\/frelih-pred-michalovcami-kvalita-je-na-nasej-strane\/","twitter_misc":{"Written by":"Samuel \u010eurinsk\u00fd","Estimated reading time":"2 minutes"},"schema":{"@context":"https:\/\/schema.org","@graph":[{"@type":"Article","@id":"https:\/\/fcspartaktrnava.com\/frelih-pred-michalovcami-kvalita-je-na-nasej-strane\/#article","isPartOf":{"@id":"https:\/\/fcspartaktrnava.com\/frelih-pred-michalovcami-kvalita-je-na-nasej-strane\/"},"author":{"name":"Samuel \u010eurinsk\u00fd","@id":"https:\/\/fcspartaktrnava.com\/#\/schema\/person\/62c3c2562c3c56e4c0c8c2342c596ac0"},"headline":"Frelih pred Michalovcami: ,,Kvalita je na na\u0161ej strane.&#8220;","datePublished":"2025-09-20T07:41:17+00:00","mainEntityOfPage":{"@id":"https:\/\/fcspartaktrnava.com\/frelih-pred-michalovcami-kvalita-je-na-nasej-strane\/"},"wordCount":350,"publisher":{"@id":"https:\/\/fcspartaktrnava.com\/#organization"},"image":{"@id":"https:\/\/fcspartaktrnava.com\/frelih-pred-michalovcami-kvalita-je-na-nasej-strane\/#primaryimage"},"thumbnailUrl":"https:\/\/fcspartaktrnava.com\/wp-content\/uploads\/2025\/09\/LUC_1193-1-scaled.jpg","articleSection":["Spr\u00e1vy"],"inLanguage":"en-GB"},{"@type":"WebPage","@id":"https:\/\/fcspartaktrnava.com\/frelih-pred-michalovcami-kvalita-je-na-nasej-strane\/","url":"https:\/\/fcspartaktrnava.com\/frelih-pred-michalovcami-kvalita-je-na-nasej-strane\/","name":"Frelih pred Michalovcami: ,,Kvalita je na na\u0161ej strane.\" - FC Spartak Trnava","isPartOf":{"@id":"https:\/\/fcspartaktrnava.com\/#website"},"primaryImageOfPage":{"@id":"https:\/\/fcspartaktrnava.com\/frelih-pred-michalovcami-kvalita-je-na-nasej-strane\/#primaryimage"},"image":{"@id":"https:\/\/fcspartaktrnava.com\/frelih-pred-michalovcami-kvalita-je-na-nasej-strane\/#primaryimage"},"thumbnailUrl":"https:\/\/fcspartaktrnava.com\/wp-content\/uploads\/2025\/09\/LUC_1193-1-scaled.jpg","datePublished":"2025-09-20T07:41:17+00:00","breadcrumb":{"@id":"https:\/\/fcspartaktrnava.com\/frelih-pred-michalovcami-kvalita-je-na-nasej-strane\/#breadcrumb"},"inLanguage":"en-GB","potentialAction":[{"@type":"ReadAction","target":["https:\/\/fcspartaktrnava.com\/frelih-pred-michalovcami-kvalita-je-na-nasej-strane\/"]}]},{"@type":"ImageObject","inLanguage":"en-GB","@id":"https:\/\/fcspartaktrnava.com\/frelih-pred-michalovcami-kvalita-je-na-nasej-strane\/#primaryimage","url":"https:\/\/fcspartaktrnava.com\/wp-content\/uploads\/2025\/09\/LUC_1193-1-scaled.jpg","contentUrl":"https:\/\/fcspartaktrnava.com\/wp-content\/uploads\/2025\/09\/LUC_1193-1-scaled.jpg","width":2560,"height":1707},{"@type":"BreadcrumbList","@id":"https:\/\/fcspartaktrnava.com\/frelih-pred-michalovcami-kvalita-je-na-nasej-strane\/#breadcrumb","itemListElement":[{"@type":"ListItem","position":1,"name":"Home","item":"https:\/\/fcspartaktrnava.com\/"},{"@type":"ListItem","position":2,"name":"Frelih pred Michalovcami: ,,Kvalita je na na\u0161ej strane.&#8220;"}]},{"@type":"WebSite","@id":"https:\/\/fcspartaktrnava.com\/#website","url":"https:\/\/fcspartaktrnava.com\/","name":"FC Spartak Trnava","description":"ofici\u00e1lna webstr\u00e1nka futbalov\u00e9ho klubu","publisher":{"@id":"https:\/\/fcspartaktrnava.com\/#organization"},"potentialAction":[{"@type":"SearchAction","target":{"@type":"EntryPoint","urlTemplate":"https:\/\/fcspartaktrnava.com\/?s={search_term_string}"},"query-input":{"@type":"PropertyValueSpecification","valueRequired":true,"valueName":"search_term_string"}}],"inLanguage":"en-GB"},{"@type":"Organization","@id":"https:\/\/fcspartaktrnava.com\/#organization","name":"FC Spartak Trnava","alternateName":"Spartak","url":"https:\/\/fcspartaktrnava.com\/","logo":{"@type":"ImageObject","inLanguage":"en-GB","@id":"https:\/\/fcspartaktrnava.com\/#\/schema\/logo\/image\/","url":"https:\/\/fcspartaktrnava.com\/wp-content\/uploads\/2022\/08\/cropped-site_logo.png","contentUrl":"https:\/\/fcspartaktrnava.com\/wp-content\/uploads\/2022\/08\/cropped-site_logo.png","width":140,"height":140,"caption":"FC Spartak Trnava"},"image":{"@id":"https:\/\/fcspartaktrnava.com\/#\/schema\/logo\/image\/"},"sameAs":["https:\/\/www.facebook.com\/SpartakTrnava","https:\/\/x.com\/SpartakTrnava1","https:\/\/www.instagram.com\/spartak_sk\/"]},{"@type":"Person","@id":"https:\/\/fcspartaktrnava.com\/#\/schema\/person\/62c3c2562c3c56e4c0c8c2342c596ac0","name":"Samuel \u010eurinsk\u00fd","image":{"@type":"ImageObject","inLanguage":"en-GB","@id":"https:\/\/fcspartaktrnava.com\/#\/schema\/person\/image\/","url":"https:\/\/secure.gravatar.com\/avatar\/af2fa02af92418b86ed742470664fe40056833fb68d84becf03f6ab02319257c?s=96&d=mm&r=g","contentUrl":"https:\/\/secure.gravatar.com\/avatar\/af2fa02af92418b86ed742470664fe40056833fb68d84becf03f6ab02319257c?s=96&d=mm&r=g","caption":"Samuel \u010eurinsk\u00fd"},"url":"https:\/\/fcspartaktrnava.com\/en\/author\/fcst-samuel\/"}]}},"_links":{"self":[{"href":"https:\/\/fcspartaktrnava.com\/en\/wp-json\/wp\/v2\/posts\/33819","targetHints":{"allow":["GET"]}}],"collection":[{"href":"https:\/\/fcspartaktrnava.com\/en\/wp-json\/wp\/v2\/posts"}],"about":[{"href":"https:\/\/fcspartaktrnava.com\/en\/wp-json\/wp\/v2\/types\/post"}],"author":[{"embeddable":true,"href":"https:\/\/fcspartaktrnava.com\/en\/wp-json\/wp\/v2\/users\/5"}],"replies":[{"embeddable":true,"href":"https:\/\/fcspartaktrnava.com\/en\/wp-json\/wp\/v2\/comments?post=33819"}],"version-history":[{"count":0,"href":"https:\/\/fcspartaktrnava.com\/en\/wp-json\/wp\/v2\/posts\/33819\/revisions"}],"wp:featuredmedia":[{"embeddable":true,"href":"https:\/\/fcspartaktrnava.com\/en\/wp-json\/wp\/v2\/media\/33820"}],"wp:attachment":[{"href":"https:\/\/fcspartaktrnava.com\/en\/wp-json\/wp\/v2\/media?parent=33819"}],"wp:term":[{"taxonomy":"category","embeddable":true,"href":"https:\/\/fcspartaktrnava.com\/en\/wp-json\/wp\/v2\/categories?post=33819"},{"taxonomy":"post_tag","embeddable":true,"href":"https:\/\/fcspartaktrnava.com\/en\/wp-json\/wp\/v2\/tags?post=33819"}],"curies":[{"name":"wp","href":"https:\/\/api.w.org\/{rel}","templated":true}]}}