{"id":33433,"date":"2025-09-09T16:08:29","date_gmt":"2025-09-09T14:08:29","guid":{"rendered":"https:\/\/fcspartaktrnava.com\/?p=33433"},"modified":"2025-09-09T16:08:29","modified_gmt":"2025-09-09T14:08:29","slug":"oktoberfest-na-spartaku","status":"publish","type":"post","link":"https:\/\/fcspartaktrnava.com\/en\/oktoberfest-na-spartaku\/","title":{"rendered":"Oktoberfest na Spartaku!"},"content":{"rendered":"<p style=\"font-size:25px\"><strong>U\u017e v nede\u013eu 21. septembra o 19:00 \u010dak\u00e1 Andelov \u010fal\u0161\u00ed dom\u00e1ci z\u00e1pas Nik\u00e9 ligy, v ktorom priv\u00edtaj\u00fa na \u0161tadi\u00f3ne A. Malatinsk\u00e9ho s\u00fapera MFK Zempl\u00edn Michalovce.<\/strong><\/p>\n\n\n\n<p class=\"has-medium-font-size\">Atmosf\u00e9ra bude op\u00e4\u0165 v\u00fdnimo\u010dn\u00e1 a nielen na ihrisku! Pred stretnut\u00edm sa fan\u00fa\u0161ikovia m\u00f4\u017eu te\u0161i\u0165 na\u00a0<strong>Oktoberfest<\/strong>\u00a0pod z\u00e1padnou trib\u00fanou, ktor\u00fd od\u0161tartuje v pr\u00edpade priazniv\u00e9ho po\u010dasia u\u017e\u00a0<strong>dve hodiny<\/strong> pred z\u00e1pasom.<br><br>Pripraven\u00e9 bude \u0161peci\u00e1lne pivo\u00a0<strong>Paulaner<\/strong>, tradi\u010dn\u00e1\u00a0<strong>s\u00fa\u0165a\u017e v jeden\u00ed pracl\u00edkov<\/strong>,\u00a0<strong>fotostena<\/strong>\u00a0a ch\u00fdba\u0165 nebude ani \u017eiv\u00e1 hudba v podan\u00ed harmonik\u00e1ra. Skvel\u00fd sp\u00f4sob, ako sa naladi\u0165 na ve\u010dern\u00fd futbal a u\u017ei\u0165 si nede\u013eu!<\/p>\n\n\n\n<p class=\"has-text-align-center has-vivid-red-color has-white-background-color has-text-color has-background has-link-color has-medium-font-size wp-elements-f470b413fc916120a7fc4fdaab5812e7\"><strong><a href=\"https:\/\/predpredaj.zoznam.sk\/sk\/listky\/fc-spartak-trnava-mfk-zemplin-michalovce-2025-09-21\/\">VSTUPENKY U\u017d V PREDAJI!<\/a><\/strong><\/p>\n\n\n\n<p class=\"has-medium-font-size\">Pre najmen\u0161\u00edch fan\u00fa\u0161ikov a ich rodi\u010dov bude op\u00e4\u0165 pripraven\u00fd\u00a0<strong>detsk\u00fd sektor 5, 6, 7<\/strong>\u00a0kde sa m\u00f4\u017eu te\u0161i\u0165 na mno\u017estvo hier a atrakci\u00ed. Mami\u010dky s de\u0165mi si navy\u0161e m\u00f4\u017eu zak\u00fapi\u0165 zv\u00fdhodnen\u00fd l\u00edstok len za\u00a0<strong>1 \u20ac na osobu<\/strong>.<\/p>\n\n\n\n<p class=\"has-medium-font-size\">Pr\u00ed\u010fte si u\u017ei\u0165 v\u00fdborn\u00fd futbal, pivn\u00fd festival a rodinn\u00fa atmosf\u00e9ru na \u0160tadi\u00f3n Antona Malatinsk\u00e9ho. V\u00fdkop z\u00e1pasu\u00a0<strong>FC Spartak Trnava \u2013 MFK Zempl\u00edn Michalovce<\/strong>\u00a0je napl\u00e1novan\u00fd na\u00a0<strong>nede\u013eu 21. septembra<\/strong> <strong>o 19:00<\/strong>. Pr\u00ed\u010fte si s celou rodinou u\u017ei\u0165 futbalov\u00fd ve\u010der a pom\u00f4\u017ete na\u0161im k trom bodom.<br><br><strong>Spolu za Spartak!<\/strong><\/p>\n\n\n<div class=\"wp-block-image\">\n<figure class=\"aligncenter size-large is-resized\"><img loading=\"lazy\" decoding=\"async\" width=\"1024\" height=\"682\" src=\"https:\/\/fcspartaktrnava.com\/wp-content\/uploads\/2025\/09\/LUC_9865-1024x682.jpg\" alt=\"\" class=\"wp-image-33434\" style=\"width:684px;height:auto\" srcset=\"https:\/\/fcspartaktrnava.com\/wp-content\/uploads\/2025\/09\/LUC_9865-1024x682.jpg 1024w, https:\/\/fcspartaktrnava.com\/wp-content\/uploads\/2025\/09\/LUC_9865-300x200.jpg 300w, https:\/\/fcspartaktrnava.com\/wp-content\/uploads\/2025\/09\/LUC_9865-768x511.jpg 768w, https:\/\/fcspartaktrnava.com\/wp-content\/uploads\/2025\/09\/LUC_9865-1536x1023.jpg 1536w, https:\/\/fcspartaktrnava.com\/wp-content\/uploads\/2025\/09\/LUC_9865-2048x1364.jpg 2048w, https:\/\/fcspartaktrnava.com\/wp-content\/uploads\/2025\/09\/LUC_9865-18x12.jpg 18w\" sizes=\"auto, (max-width: 1024px) 100vw, 1024px\" \/><\/figure>\n<\/div>\n\n\n<p class=\"has-medium-font-size\"><strong>Pripravte sa na jesenn\u00e9 ve\u010dery s na\u0161imi najnov\u0161\u00edmi FCST \u0161\u00e1lkami, z ktor\u00fdch \u010daj a k\u00e1va chut\u00ed najlep\u0161ie! Kupuj u\u017e teraz na <a href=\"https:\/\/fcstore.sk\/produkt\/salka-fcst\/\">fcstore.sk<\/a> alebo v na\u0161ej kamennej predajni FCSTORE.<\/strong><\/p>","protected":false},"excerpt":{"rendered":"<p>U\u017e v nede\u013eu 21. septembra o 19:00 \u010dak\u00e1&#8230;<\/p>","protected":false},"author":5,"featured_media":33435,"comment_status":"closed","ping_status":"closed","sticky":false,"template":"","format":"standard","meta":{"footnotes":""},"categories":[12],"tags":[],"class_list":["post-33433","post","type-post","status-publish","format-standard","has-post-thumbnail","hentry","category-spravy","post-number-1"],"yoast_head":"<!-- This site is optimized with the Yoast SEO plugin v27.1.1 - https:\/\/yoast.com\/product\/yoast-seo-wordpress\/ -->\n<title>Oktoberfest na Spartaku! - FC Spartak Trnava<\/title>\n<meta name=\"robots\" content=\"index, follow, max-snippet:-1, max-image-preview:large, max-video-preview:-1\" \/>\n<link rel=\"canonical\" href=\"https:\/\/fcspartaktrnava.com\/en\/oktoberfest-na-spartaku\/\" \/>\n<meta name=\"twitter:label1\" content=\"Written by\" \/>\n\t<meta name=\"twitter:data1\" content=\"Samuel \u010eurinsk\u00fd\" \/>\n\t<meta name=\"twitter:label2\" content=\"Estimated reading time\" \/>\n\t<meta name=\"twitter:data2\" content=\"2 minutes\" \/>\n<script type=\"application\/ld+json\" class=\"yoast-schema-graph\">{\"@context\":\"https:\/\/schema.org\",\"@graph\":[{\"@type\":\"Article\",\"@id\":\"https:\/\/fcspartaktrnava.com\/oktoberfest-na-spartaku\/#article\",\"isPartOf\":{\"@id\":\"https:\/\/fcspartaktrnava.com\/oktoberfest-na-spartaku\/\"},\"author\":{\"name\":\"Samuel \u010eurinsk\u00fd\",\"@id\":\"https:\/\/fcspartaktrnava.com\/#\/schema\/person\/62c3c2562c3c56e4c0c8c2342c596ac0\"},\"headline\":\"Oktoberfest na Spartaku!\",\"datePublished\":\"2025-09-09T14:08:29+00:00\",\"mainEntityOfPage\":{\"@id\":\"https:\/\/fcspartaktrnava.com\/oktoberfest-na-spartaku\/\"},\"wordCount\":267,\"publisher\":{\"@id\":\"https:\/\/fcspartaktrnava.com\/#organization\"},\"image\":{\"@id\":\"https:\/\/fcspartaktrnava.com\/oktoberfest-na-spartaku\/#primaryimage\"},\"thumbnailUrl\":\"https:\/\/fcspartaktrnava.com\/wp-content\/uploads\/2025\/09\/13-scaled.jpg\",\"articleSection\":[\"Spr\u00e1vy\"],\"inLanguage\":\"en-GB\"},{\"@type\":\"WebPage\",\"@id\":\"https:\/\/fcspartaktrnava.com\/oktoberfest-na-spartaku\/\",\"url\":\"https:\/\/fcspartaktrnava.com\/oktoberfest-na-spartaku\/\",\"name\":\"Oktoberfest na Spartaku! - FC Spartak Trnava\",\"isPartOf\":{\"@id\":\"https:\/\/fcspartaktrnava.com\/#website\"},\"primaryImageOfPage\":{\"@id\":\"https:\/\/fcspartaktrnava.com\/oktoberfest-na-spartaku\/#primaryimage\"},\"image\":{\"@id\":\"https:\/\/fcspartaktrnava.com\/oktoberfest-na-spartaku\/#primaryimage\"},\"thumbnailUrl\":\"https:\/\/fcspartaktrnava.com\/wp-content\/uploads\/2025\/09\/13-scaled.jpg\",\"datePublished\":\"2025-09-09T14:08:29+00:00\",\"breadcrumb\":{\"@id\":\"https:\/\/fcspartaktrnava.com\/oktoberfest-na-spartaku\/#breadcrumb\"},\"inLanguage\":\"en-GB\",\"potentialAction\":[{\"@type\":\"ReadAction\",\"target\":[\"https:\/\/fcspartaktrnava.com\/oktoberfest-na-spartaku\/\"]}]},{\"@type\":\"ImageObject\",\"inLanguage\":\"en-GB\",\"@id\":\"https:\/\/fcspartaktrnava.com\/oktoberfest-na-spartaku\/#primaryimage\",\"url\":\"https:\/\/fcspartaktrnava.com\/wp-content\/uploads\/2025\/09\/13-scaled.jpg\",\"contentUrl\":\"https:\/\/fcspartaktrnava.com\/wp-content\/uploads\/2025\/09\/13-scaled.jpg\",\"width\":2560,\"height\":1709},{\"@type\":\"BreadcrumbList\",\"@id\":\"https:\/\/fcspartaktrnava.com\/oktoberfest-na-spartaku\/#breadcrumb\",\"itemListElement\":[{\"@type\":\"ListItem\",\"position\":1,\"name\":\"Home\",\"item\":\"https:\/\/fcspartaktrnava.com\/\"},{\"@type\":\"ListItem\",\"position\":2,\"name\":\"Oktoberfest na Spartaku!\"}]},{\"@type\":\"WebSite\",\"@id\":\"https:\/\/fcspartaktrnava.com\/#website\",\"url\":\"https:\/\/fcspartaktrnava.com\/\",\"name\":\"FC Spartak Trnava\",\"description\":\"ofici\u00e1lna webstr\u00e1nka futbalov\u00e9ho klubu\",\"publisher\":{\"@id\":\"https:\/\/fcspartaktrnava.com\/#organization\"},\"potentialAction\":[{\"@type\":\"SearchAction\",\"target\":{\"@type\":\"EntryPoint\",\"urlTemplate\":\"https:\/\/fcspartaktrnava.com\/?s={search_term_string}\"},\"query-input\":{\"@type\":\"PropertyValueSpecification\",\"valueRequired\":true,\"valueName\":\"search_term_string\"}}],\"inLanguage\":\"en-GB\"},{\"@type\":\"Organization\",\"@id\":\"https:\/\/fcspartaktrnava.com\/#organization\",\"name\":\"FC Spartak Trnava\",\"alternateName\":\"Spartak\",\"url\":\"https:\/\/fcspartaktrnava.com\/\",\"logo\":{\"@type\":\"ImageObject\",\"inLanguage\":\"en-GB\",\"@id\":\"https:\/\/fcspartaktrnava.com\/#\/schema\/logo\/image\/\",\"url\":\"https:\/\/fcspartaktrnava.com\/wp-content\/uploads\/2022\/08\/cropped-site_logo.png\",\"contentUrl\":\"https:\/\/fcspartaktrnava.com\/wp-content\/uploads\/2022\/08\/cropped-site_logo.png\",\"width\":140,\"height\":140,\"caption\":\"FC Spartak Trnava\"},\"image\":{\"@id\":\"https:\/\/fcspartaktrnava.com\/#\/schema\/logo\/image\/\"},\"sameAs\":[\"https:\/\/www.facebook.com\/SpartakTrnava\",\"https:\/\/x.com\/SpartakTrnava1\",\"https:\/\/www.instagram.com\/spartak_sk\/\"]},{\"@type\":\"Person\",\"@id\":\"https:\/\/fcspartaktrnava.com\/#\/schema\/person\/62c3c2562c3c56e4c0c8c2342c596ac0\",\"name\":\"Samuel \u010eurinsk\u00fd\",\"image\":{\"@type\":\"ImageObject\",\"inLanguage\":\"en-GB\",\"@id\":\"https:\/\/fcspartaktrnava.com\/#\/schema\/person\/image\/\",\"url\":\"https:\/\/secure.gravatar.com\/avatar\/af2fa02af92418b86ed742470664fe40056833fb68d84becf03f6ab02319257c?s=96&d=mm&r=g\",\"contentUrl\":\"https:\/\/secure.gravatar.com\/avatar\/af2fa02af92418b86ed742470664fe40056833fb68d84becf03f6ab02319257c?s=96&d=mm&r=g\",\"caption\":\"Samuel \u010eurinsk\u00fd\"},\"url\":\"https:\/\/fcspartaktrnava.com\/en\/author\/fcst-samuel\/\"}]}<\/script>\n<!-- \/ Yoast SEO plugin. -->","yoast_head_json":{"title":"Oktoberfest na Spartaku! - FC Spartak Trnava","robots":{"index":"index","follow":"follow","max-snippet":"max-snippet:-1","max-image-preview":"max-image-preview:large","max-video-preview":"max-video-preview:-1"},"canonical":"https:\/\/fcspartaktrnava.com\/en\/oktoberfest-na-spartaku\/","twitter_misc":{"Written by":"Samuel \u010eurinsk\u00fd","Estimated reading time":"2 minutes"},"schema":{"@context":"https:\/\/schema.org","@graph":[{"@type":"Article","@id":"https:\/\/fcspartaktrnava.com\/oktoberfest-na-spartaku\/#article","isPartOf":{"@id":"https:\/\/fcspartaktrnava.com\/oktoberfest-na-spartaku\/"},"author":{"name":"Samuel \u010eurinsk\u00fd","@id":"https:\/\/fcspartaktrnava.com\/#\/schema\/person\/62c3c2562c3c56e4c0c8c2342c596ac0"},"headline":"Oktoberfest na Spartaku!","datePublished":"2025-09-09T14:08:29+00:00","mainEntityOfPage":{"@id":"https:\/\/fcspartaktrnava.com\/oktoberfest-na-spartaku\/"},"wordCount":267,"publisher":{"@id":"https:\/\/fcspartaktrnava.com\/#organization"},"image":{"@id":"https:\/\/fcspartaktrnava.com\/oktoberfest-na-spartaku\/#primaryimage"},"thumbnailUrl":"https:\/\/fcspartaktrnava.com\/wp-content\/uploads\/2025\/09\/13-scaled.jpg","articleSection":["Spr\u00e1vy"],"inLanguage":"en-GB"},{"@type":"WebPage","@id":"https:\/\/fcspartaktrnava.com\/oktoberfest-na-spartaku\/","url":"https:\/\/fcspartaktrnava.com\/oktoberfest-na-spartaku\/","name":"Oktoberfest na Spartaku! - FC Spartak Trnava","isPartOf":{"@id":"https:\/\/fcspartaktrnava.com\/#website"},"primaryImageOfPage":{"@id":"https:\/\/fcspartaktrnava.com\/oktoberfest-na-spartaku\/#primaryimage"},"image":{"@id":"https:\/\/fcspartaktrnava.com\/oktoberfest-na-spartaku\/#primaryimage"},"thumbnailUrl":"https:\/\/fcspartaktrnava.com\/wp-content\/uploads\/2025\/09\/13-scaled.jpg","datePublished":"2025-09-09T14:08:29+00:00","breadcrumb":{"@id":"https:\/\/fcspartaktrnava.com\/oktoberfest-na-spartaku\/#breadcrumb"},"inLanguage":"en-GB","potentialAction":[{"@type":"ReadAction","target":["https:\/\/fcspartaktrnava.com\/oktoberfest-na-spartaku\/"]}]},{"@type":"ImageObject","inLanguage":"en-GB","@id":"https:\/\/fcspartaktrnava.com\/oktoberfest-na-spartaku\/#primaryimage","url":"https:\/\/fcspartaktrnava.com\/wp-content\/uploads\/2025\/09\/13-scaled.jpg","contentUrl":"https:\/\/fcspartaktrnava.com\/wp-content\/uploads\/2025\/09\/13-scaled.jpg","width":2560,"height":1709},{"@type":"BreadcrumbList","@id":"https:\/\/fcspartaktrnava.com\/oktoberfest-na-spartaku\/#breadcrumb","itemListElement":[{"@type":"ListItem","position":1,"name":"Home","item":"https:\/\/fcspartaktrnava.com\/"},{"@type":"ListItem","position":2,"name":"Oktoberfest na Spartaku!"}]},{"@type":"WebSite","@id":"https:\/\/fcspartaktrnava.com\/#website","url":"https:\/\/fcspartaktrnava.com\/","name":"FC Spartak Trnava","description":"ofici\u00e1lna webstr\u00e1nka futbalov\u00e9ho klubu","publisher":{"@id":"https:\/\/fcspartaktrnava.com\/#organization"},"potentialAction":[{"@type":"SearchAction","target":{"@type":"EntryPoint","urlTemplate":"https:\/\/fcspartaktrnava.com\/?s={search_term_string}"},"query-input":{"@type":"PropertyValueSpecification","valueRequired":true,"valueName":"search_term_string"}}],"inLanguage":"en-GB"},{"@type":"Organization","@id":"https:\/\/fcspartaktrnava.com\/#organization","name":"FC Spartak Trnava","alternateName":"Spartak","url":"https:\/\/fcspartaktrnava.com\/","logo":{"@type":"ImageObject","inLanguage":"en-GB","@id":"https:\/\/fcspartaktrnava.com\/#\/schema\/logo\/image\/","url":"https:\/\/fcspartaktrnava.com\/wp-content\/uploads\/2022\/08\/cropped-site_logo.png","contentUrl":"https:\/\/fcspartaktrnava.com\/wp-content\/uploads\/2022\/08\/cropped-site_logo.png","width":140,"height":140,"caption":"FC Spartak Trnava"},"image":{"@id":"https:\/\/fcspartaktrnava.com\/#\/schema\/logo\/image\/"},"sameAs":["https:\/\/www.facebook.com\/SpartakTrnava","https:\/\/x.com\/SpartakTrnava1","https:\/\/www.instagram.com\/spartak_sk\/"]},{"@type":"Person","@id":"https:\/\/fcspartaktrnava.com\/#\/schema\/person\/62c3c2562c3c56e4c0c8c2342c596ac0","name":"Samuel \u010eurinsk\u00fd","image":{"@type":"ImageObject","inLanguage":"en-GB","@id":"https:\/\/fcspartaktrnava.com\/#\/schema\/person\/image\/","url":"https:\/\/secure.gravatar.com\/avatar\/af2fa02af92418b86ed742470664fe40056833fb68d84becf03f6ab02319257c?s=96&d=mm&r=g","contentUrl":"https:\/\/secure.gravatar.com\/avatar\/af2fa02af92418b86ed742470664fe40056833fb68d84becf03f6ab02319257c?s=96&d=mm&r=g","caption":"Samuel \u010eurinsk\u00fd"},"url":"https:\/\/fcspartaktrnava.com\/en\/author\/fcst-samuel\/"}]}},"_links":{"self":[{"href":"https:\/\/fcspartaktrnava.com\/en\/wp-json\/wp\/v2\/posts\/33433","targetHints":{"allow":["GET"]}}],"collection":[{"href":"https:\/\/fcspartaktrnava.com\/en\/wp-json\/wp\/v2\/posts"}],"about":[{"href":"https:\/\/fcspartaktrnava.com\/en\/wp-json\/wp\/v2\/types\/post"}],"author":[{"embeddable":true,"href":"https:\/\/fcspartaktrnava.com\/en\/wp-json\/wp\/v2\/users\/5"}],"replies":[{"embeddable":true,"href":"https:\/\/fcspartaktrnava.com\/en\/wp-json\/wp\/v2\/comments?post=33433"}],"version-history":[{"count":0,"href":"https:\/\/fcspartaktrnava.com\/en\/wp-json\/wp\/v2\/posts\/33433\/revisions"}],"wp:featuredmedia":[{"embeddable":true,"href":"https:\/\/fcspartaktrnava.com\/en\/wp-json\/wp\/v2\/media\/33435"}],"wp:attachment":[{"href":"https:\/\/fcspartaktrnava.com\/en\/wp-json\/wp\/v2\/media?parent=33433"}],"wp:term":[{"taxonomy":"category","embeddable":true,"href":"https:\/\/fcspartaktrnava.com\/en\/wp-json\/wp\/v2\/categories?post=33433"},{"taxonomy":"post_tag","embeddable":true,"href":"https:\/\/fcspartaktrnava.com\/en\/wp-json\/wp\/v2\/tags?post=33433"}],"curies":[{"name":"wp","href":"https:\/\/api.w.org\/{rel}","templated":true}]}}