{"id":3336,"date":"2022-11-09T11:48:21","date_gmt":"2022-11-09T11:48:21","guid":{"rendered":"https:\/\/fcspartaktrnava.com\/?p=3336"},"modified":"2022-11-09T11:48:23","modified_gmt":"2022-11-09T11:48:23","slug":"takac-odmietol-pustit-michalovce-dalej","status":"publish","type":"post","link":"https:\/\/fcspartaktrnava.com\/en\/takac-odmietol-pustit-michalovce-dalej\/","title":{"rendered":"Tak\u00e1\u010d odmietol pusti\u0165 Michalovce \u010falej"},"content":{"rendered":"<p>Spartak sa v poh\u00e1rovom z\u00e1pase hranom na jeden z\u00e1pas predstavil na dom\u00e1com ihrisku po ve\u013emi dlhej dobe, no nielen preto bol favoritom osemfin\u00e1lov\u00e9ho z\u00e1pasu Slovnaft Cupu proti Michalovciam. Hoci to na tr\u00e1vniku nebol suver\u00e9nny v\u00fdkon, rozdiel v kvalite bol o\u010dividn\u00fd. Napriek tomu dospel z\u00e1pas a\u017e do penaltov\u00e9ho rozsrelu.<\/p>\n\n\n\n<p>V prvom pol\u010dase nedok\u00e1zali Trnav\u010dania pretavi\u0165 svoje \u0161ance do g\u00f3lov\u00e9ho rozdielu a mohli by\u0165 radi, \u017ee pri tej jedinej hos\u0165uj\u00faceho Adlera skvele zasiahol Vantruba. V druhej polovici Spartak dva razy viedol, no najsk\u00f4r zapadol do Vantrubovej br\u00e1nky neadresn\u00fd center J\u00e1no\u0161\u00edka a potom obrana dve min\u00faty pred koncom neustr\u00e1\u017eila Marcina, ktor\u00fd zdanlivo straten\u00fd z\u00e1pas poslal k penalt\u00e1m.<\/p>\n\n\n\n<p>Tr\u00e9ner Michal Ga\u0161par\u00edk bol po z\u00e1pase nahnevan\u00fd nielen na to, \u017ee z\u00e1pas v\u00f4bec dospel a\u017e do rozstrelu, ale aj na to, \u017ee jeho zverenci v \u0148om zahodili dva me\u010dbaly. Sta\u010dilo, aby v predposledn\u00fdch dvoch s\u00e9ri\u00e1ch premenil penaltu Boateng alebo Ristovski. Obaja ich zahodili a hralo sa odznova.&nbsp;<strong><em>\u201eNa penalty sme sa chystali. Zo siedmich hr\u00e1\u010dov, ktor\u00ed ostali na ihrisku som tam mal piatich, ktor\u00ed to dobre kopali. Nedali, a to ma mrz\u00ed. Neviem pre\u010do to nedali, v\u010dera to kopali dobre a s\u00fa to \u00fato\u010dn\u00edci. Ke\u010f m\u00e1te dva me\u010dbaly, tak tam nem\u00f4\u017eete ma\u0165 ani tlak. Rozhodnem sa, vyberiem si k\u00fat a mus\u00ed to ma\u0165 nejak\u00fa razanciu. Ani jeden to neurobil,\u201c<\/em><\/strong><em>&nbsp;srdil sa Ga\u0161par\u00edk, ktor\u00fd priznal, \u017ee u\u017e mal pocit, ako by si po takomto priebehu jeho zverenci ani postup nezasl\u00fa\u017eili.<\/em><\/p>\n\n\n\n<p>Mal v\u0161ak spolu s Pavlom Kameschom \u0161\u0165astn\u00fa ruku pri striedan\u00ed brank\u00e1rov, ke\u010f na rozstrel poslal Dominika Tak\u00e1\u010da.\u00a0<strong><em>\u201eMali sme pripraven\u00e9 e\u0161te jedno striedanie pre Tak\u00e1\u010da. Dnes to nebolo o \u0161\u0165ast\u00ed, ale o jeho pripravenosti na penalty.\u201c<\/em><\/strong><\/p>\n\n\n\n<figure class=\"wp-block-embed is-type-video is-provider-youtube wp-block-embed-youtube wp-embed-aspect-16-9 wp-has-aspect-ratio\"><div class=\"wp-block-embed__wrapper\">\n<iframe loading=\"lazy\" title=\"Dominik Tak\u00e1\u010d a Sebasti\u00e1n K\u00f3\u0161a po postupe v Slovnaft Cup-e\" width=\"500\" height=\"281\" src=\"https:\/\/www.youtube.com\/embed\/xW4x-iBNzno?start=122&#038;feature=oembed\" frameborder=\"0\" allow=\"accelerometer; autoplay; clipboard-write; encrypted-media; gyroscope; picture-in-picture; web-share\" referrerpolicy=\"strict-origin-when-cross-origin\" allowfullscreen><\/iframe>\n<\/div><\/figure>\n\n\n\n<p><em><em>Ten sa uk\u00e1zal ako fantastick\u00fd likvid\u00e1tor pen\u00e1lt. Hovor\u00ed sa, \u017ee penalta sa ned\u00e1 chyti\u0165, len zle kopn\u00fa\u0165, no Domino uk\u00e1zal v tomto s\u00faboji, \u017ee zmaril aj pokusy, ktor\u00e9 neboli a\u017e tak zle kopnut\u00e9, no ke\u010f Tak\u00e1\u010d spr\u00e1vne odhadne stranu, je pre strelca \u0165a\u017ek\u00e9 n\u00e1js\u0165 miesto, kadia\u013e by lopta mohla prejs\u0165 za jeho chrb\u00e1t.\u00a0<strong><em>\u201ePred z\u00e1pasom sme rie\u0161ili, \u017ee ak bude tak\u00fd stav, tak by som mohol \u00eds\u0165 na penalty ja. Do poslednej chv\u00edle som sa nechcel \u00eds\u0165 ani rozcvi\u010dova\u0165, veril som, \u017ee si v\u00fdsledok postr\u00e1\u017eime. Na\u0161\u0165astie to dopadlo dobre, ale ner\u00e1d by som za\u017e\u00edval tak\u00e9to z\u00e1pasy. Som r\u00e1d, \u017ee som mu\u017estvu pomohol aspo\u0148 takto. Na nie\u010do sme sa chystali, ne\u0161iel som tam na n\u00e1hodu, ale nakoniec je o tom spr\u00e1vnom momente,\u201c<\/em><\/strong>\u00a0povedal po z\u00e1pase s tradi\u010dne pokojn\u00fdm v\u00fdrazom tv\u00e1re bez em\u00f3ci\u00ed, ktor\u00e9 na seba ned\u00e1va pozna\u0165 ani po\u010das z\u00e1pasu.Po zlyhaniach sk\u00fasen\u00fdch hr\u00e1\u010dov museli rozstrel napokon rozhodn\u00fa\u0165 mlad\u00edci. Najsk\u00f4r chladnokrvne premenil svoj pokus Oseni, ktor\u00fd odohral aj dobr\u00fd z\u00e1pas a po jeho prihr\u00e1vkach padli oba trnavsk\u00e9 g\u00f3ly. Rozhodnutie a postup potom priniesla penalta K\u00f3\u0161u.<strong><em>\u00a0\u201eZbyto\u010dne sme si skomplikovali z\u00e1pas, ktor\u00fd sme mali pod kontrolou a dvoma lacn\u00fdmi g\u00f3lmi sme to potiahli a\u017e do pen\u00e1lt. Dlh\u0161ie predt\u00fdm som si vybral stranu a u\u017e som to tam iba nap\u00e1lil.\u201c<\/em><\/strong>Priamo na \u0161tadi\u00f3ne sa z postupu te\u0161ilo len zop\u00e1r stoviek fan\u00fa\u0161ikov. Ne\u010dudo, hra\u0165 z\u00e1pas v utorok o 15. hodine nie je pr\u00e1ve v duchu hesla spojme sa pre futbal.\u00a0<strong><em>\u201eA to sa malo hra\u0165 o jednej, to s\u00fa nezmyseln\u00e9 \u010dasy. Hralo sa o tretej, \u010do je trocha lep\u0161\u00ed \u010das, ale takto by to nemalo by\u0165. Nerozumiem pre\u010do je to tak, lebo inak by pri\u0161li \u013eudia vo v\u00e4\u010d\u0161om po\u010dte, hoci \u00e1no, je to poh\u00e1r v strede t\u00fd\u017ed\u0148a,\u201c<\/em><\/strong>\u00a0\u010dudoval sa Ga\u0161par\u00edk.<\/em><\/em><\/p>\n\n\n\n<p>U\u017e tento piatok o 17:30 nast\u00fapi Spartak na dom\u00e1com \u0161tadi\u00f3ne v lige proti Skalici (https:\/\/cityarena.maxiticket.sk\/) a zn\u00e1my je u\u017e aj term\u00edn ligovej dohr\u00e1vky s Michalovcami, ktor\u00e9 priv\u00edtame na \u0160tadi\u00f3ne Antona Malatinsk\u00e9ho 24. novembra o 18:30.<\/p>\n\n\n\n<div class=\"wp-block-buttons is-layout-flex wp-block-buttons-is-layout-flex\">\n<div class=\"wp-block-button aligncenter is-style-fill\"><a class=\"wp-block-button__link has-white-color has-text-color has-background wp-element-button\" href=\"https:\/\/fcspartaktrnava.com\/en\/galerii\/trening-16-1-2023\/\" style=\"border-radius:0px;background-color:#d40133\" target=\"_blank\" rel=\"noreferrer noopener\">PHOTO GALLERY<\/a><\/div>\n<\/div>","protected":false},"excerpt":{"rendered":"<p>Spartak sa v poh\u00e1rovom z\u00e1pase hranom na jeden&#8230;<\/p>","protected":false},"author":2,"featured_media":3323,"comment_status":"closed","ping_status":"closed","sticky":false,"template":"","format":"standard","meta":{"footnotes":""},"categories":[41,50],"tags":[57],"class_list":["post-3336","post","type-post","status-publish","format-standard","has-post-thumbnail","hentry","category-intervju","category-rozhovory","tag-slovnaft-cup","post-number-1"],"yoast_head":"<!-- This site is optimized with the Yoast SEO plugin v27.1.1 - https:\/\/yoast.com\/product\/yoast-seo-wordpress\/ -->\n<title>Tak\u00e1\u010d odmietol pusti\u0165 Michalovce \u010falej - FC Spartak Trnava<\/title>\n<meta name=\"robots\" content=\"index, follow, max-snippet:-1, max-image-preview:large, max-video-preview:-1\" \/>\n<link rel=\"canonical\" href=\"https:\/\/fcspartaktrnava.com\/en\/takac-odmietol-pustit-michalovce-dalej\/\" \/>\n<meta name=\"twitter:label1\" content=\"Written by\" \/>\n\t<meta name=\"twitter:data1\" content=\"spartak\" \/>\n\t<meta name=\"twitter:label2\" content=\"Estimated reading time\" \/>\n\t<meta name=\"twitter:data2\" content=\"4 minutes\" \/>\n<script type=\"application\/ld+json\" class=\"yoast-schema-graph\">{\"@context\":\"https:\/\/schema.org\",\"@graph\":[{\"@type\":\"Article\",\"@id\":\"https:\/\/fcspartaktrnava.com\/takac-odmietol-pustit-michalovce-dalej\/#article\",\"isPartOf\":{\"@id\":\"https:\/\/fcspartaktrnava.com\/takac-odmietol-pustit-michalovce-dalej\/\"},\"author\":{\"name\":\"spartak\",\"@id\":\"https:\/\/fcspartaktrnava.com\/#\/schema\/person\/24bc5b254af14f71d7d8af178790aa75\"},\"headline\":\"Tak\u00e1\u010d odmietol pusti\u0165 Michalovce \u010falej\",\"datePublished\":\"2022-11-09T11:48:21+00:00\",\"dateModified\":\"2022-11-09T11:48:23+00:00\",\"mainEntityOfPage\":{\"@id\":\"https:\/\/fcspartaktrnava.com\/takac-odmietol-pustit-michalovce-dalej\/\"},\"wordCount\":741,\"publisher\":{\"@id\":\"https:\/\/fcspartaktrnava.com\/#organization\"},\"image\":{\"@id\":\"https:\/\/fcspartaktrnava.com\/takac-odmietol-pustit-michalovce-dalej\/#primaryimage\"},\"thumbnailUrl\":\"https:\/\/fcspartaktrnava.com\/wp-content\/uploads\/2022\/11\/DSC_4392.jpg\",\"keywords\":[\"Slovnaft Cup\"],\"articleSection\":[\"Rozhovory\",\"Rozhovory\"],\"inLanguage\":\"en-GB\"},{\"@type\":\"WebPage\",\"@id\":\"https:\/\/fcspartaktrnava.com\/takac-odmietol-pustit-michalovce-dalej\/\",\"url\":\"https:\/\/fcspartaktrnava.com\/takac-odmietol-pustit-michalovce-dalej\/\",\"name\":\"Tak\u00e1\u010d odmietol pusti\u0165 Michalovce \u010falej - FC Spartak Trnava\",\"isPartOf\":{\"@id\":\"https:\/\/fcspartaktrnava.com\/#website\"},\"primaryImageOfPage\":{\"@id\":\"https:\/\/fcspartaktrnava.com\/takac-odmietol-pustit-michalovce-dalej\/#primaryimage\"},\"image\":{\"@id\":\"https:\/\/fcspartaktrnava.com\/takac-odmietol-pustit-michalovce-dalej\/#primaryimage\"},\"thumbnailUrl\":\"https:\/\/fcspartaktrnava.com\/wp-content\/uploads\/2022\/11\/DSC_4392.jpg\",\"datePublished\":\"2022-11-09T11:48:21+00:00\",\"dateModified\":\"2022-11-09T11:48:23+00:00\",\"breadcrumb\":{\"@id\":\"https:\/\/fcspartaktrnava.com\/takac-odmietol-pustit-michalovce-dalej\/#breadcrumb\"},\"inLanguage\":\"en-GB\",\"potentialAction\":[{\"@type\":\"ReadAction\",\"target\":[\"https:\/\/fcspartaktrnava.com\/takac-odmietol-pustit-michalovce-dalej\/\"]}]},{\"@type\":\"ImageObject\",\"inLanguage\":\"en-GB\",\"@id\":\"https:\/\/fcspartaktrnava.com\/takac-odmietol-pustit-michalovce-dalej\/#primaryimage\",\"url\":\"https:\/\/fcspartaktrnava.com\/wp-content\/uploads\/2022\/11\/DSC_4392.jpg\",\"contentUrl\":\"https:\/\/fcspartaktrnava.com\/wp-content\/uploads\/2022\/11\/DSC_4392.jpg\",\"width\":1550,\"height\":1033},{\"@type\":\"BreadcrumbList\",\"@id\":\"https:\/\/fcspartaktrnava.com\/takac-odmietol-pustit-michalovce-dalej\/#breadcrumb\",\"itemListElement\":[{\"@type\":\"ListItem\",\"position\":1,\"name\":\"Home\",\"item\":\"https:\/\/fcspartaktrnava.com\/\"},{\"@type\":\"ListItem\",\"position\":2,\"name\":\"Tak\u00e1\u010d odmietol pusti\u0165 Michalovce \u010falej\"}]},{\"@type\":\"WebSite\",\"@id\":\"https:\/\/fcspartaktrnava.com\/#website\",\"url\":\"https:\/\/fcspartaktrnava.com\/\",\"name\":\"FC Spartak Trnava\",\"description\":\"ofici\u00e1lna webstr\u00e1nka futbalov\u00e9ho klubu\",\"publisher\":{\"@id\":\"https:\/\/fcspartaktrnava.com\/#organization\"},\"potentialAction\":[{\"@type\":\"SearchAction\",\"target\":{\"@type\":\"EntryPoint\",\"urlTemplate\":\"https:\/\/fcspartaktrnava.com\/?s={search_term_string}\"},\"query-input\":{\"@type\":\"PropertyValueSpecification\",\"valueRequired\":true,\"valueName\":\"search_term_string\"}}],\"inLanguage\":\"en-GB\"},{\"@type\":\"Organization\",\"@id\":\"https:\/\/fcspartaktrnava.com\/#organization\",\"name\":\"FC Spartak Trnava\",\"alternateName\":\"Spartak\",\"url\":\"https:\/\/fcspartaktrnava.com\/\",\"logo\":{\"@type\":\"ImageObject\",\"inLanguage\":\"en-GB\",\"@id\":\"https:\/\/fcspartaktrnava.com\/#\/schema\/logo\/image\/\",\"url\":\"https:\/\/fcspartaktrnava.com\/wp-content\/uploads\/2022\/08\/cropped-site_logo.png\",\"contentUrl\":\"https:\/\/fcspartaktrnava.com\/wp-content\/uploads\/2022\/08\/cropped-site_logo.png\",\"width\":140,\"height\":140,\"caption\":\"FC Spartak Trnava\"},\"image\":{\"@id\":\"https:\/\/fcspartaktrnava.com\/#\/schema\/logo\/image\/\"},\"sameAs\":[\"https:\/\/www.facebook.com\/SpartakTrnava\",\"https:\/\/x.com\/SpartakTrnava1\",\"https:\/\/www.instagram.com\/spartak_sk\/\"]},{\"@type\":\"Person\",\"@id\":\"https:\/\/fcspartaktrnava.com\/#\/schema\/person\/24bc5b254af14f71d7d8af178790aa75\",\"name\":\"spartak\",\"image\":{\"@type\":\"ImageObject\",\"inLanguage\":\"en-GB\",\"@id\":\"https:\/\/fcspartaktrnava.com\/#\/schema\/person\/image\/\",\"url\":\"https:\/\/secure.gravatar.com\/avatar\/f8ff8584f3fcf3909a11a6da9019f37749183b4015bca14e64556c52614cdc7f?s=96&d=mm&r=g\",\"contentUrl\":\"https:\/\/secure.gravatar.com\/avatar\/f8ff8584f3fcf3909a11a6da9019f37749183b4015bca14e64556c52614cdc7f?s=96&d=mm&r=g\",\"caption\":\"spartak\"},\"url\":\"https:\/\/fcspartaktrnava.com\/en\/author\/spartak\/\"}]}<\/script>\n<!-- \/ Yoast SEO plugin. -->","yoast_head_json":{"title":"Tak\u00e1\u010d odmietol pusti\u0165 Michalovce \u010falej - FC Spartak Trnava","robots":{"index":"index","follow":"follow","max-snippet":"max-snippet:-1","max-image-preview":"max-image-preview:large","max-video-preview":"max-video-preview:-1"},"canonical":"https:\/\/fcspartaktrnava.com\/en\/takac-odmietol-pustit-michalovce-dalej\/","twitter_misc":{"Written by":"spartak","Estimated reading time":"4 minutes"},"schema":{"@context":"https:\/\/schema.org","@graph":[{"@type":"Article","@id":"https:\/\/fcspartaktrnava.com\/takac-odmietol-pustit-michalovce-dalej\/#article","isPartOf":{"@id":"https:\/\/fcspartaktrnava.com\/takac-odmietol-pustit-michalovce-dalej\/"},"author":{"name":"spartak","@id":"https:\/\/fcspartaktrnava.com\/#\/schema\/person\/24bc5b254af14f71d7d8af178790aa75"},"headline":"Tak\u00e1\u010d odmietol pusti\u0165 Michalovce \u010falej","datePublished":"2022-11-09T11:48:21+00:00","dateModified":"2022-11-09T11:48:23+00:00","mainEntityOfPage":{"@id":"https:\/\/fcspartaktrnava.com\/takac-odmietol-pustit-michalovce-dalej\/"},"wordCount":741,"publisher":{"@id":"https:\/\/fcspartaktrnava.com\/#organization"},"image":{"@id":"https:\/\/fcspartaktrnava.com\/takac-odmietol-pustit-michalovce-dalej\/#primaryimage"},"thumbnailUrl":"https:\/\/fcspartaktrnava.com\/wp-content\/uploads\/2022\/11\/DSC_4392.jpg","keywords":["Slovnaft Cup"],"articleSection":["Rozhovory","Rozhovory"],"inLanguage":"en-GB"},{"@type":"WebPage","@id":"https:\/\/fcspartaktrnava.com\/takac-odmietol-pustit-michalovce-dalej\/","url":"https:\/\/fcspartaktrnava.com\/takac-odmietol-pustit-michalovce-dalej\/","name":"Tak\u00e1\u010d odmietol pusti\u0165 Michalovce \u010falej - FC Spartak Trnava","isPartOf":{"@id":"https:\/\/fcspartaktrnava.com\/#website"},"primaryImageOfPage":{"@id":"https:\/\/fcspartaktrnava.com\/takac-odmietol-pustit-michalovce-dalej\/#primaryimage"},"image":{"@id":"https:\/\/fcspartaktrnava.com\/takac-odmietol-pustit-michalovce-dalej\/#primaryimage"},"thumbnailUrl":"https:\/\/fcspartaktrnava.com\/wp-content\/uploads\/2022\/11\/DSC_4392.jpg","datePublished":"2022-11-09T11:48:21+00:00","dateModified":"2022-11-09T11:48:23+00:00","breadcrumb":{"@id":"https:\/\/fcspartaktrnava.com\/takac-odmietol-pustit-michalovce-dalej\/#breadcrumb"},"inLanguage":"en-GB","potentialAction":[{"@type":"ReadAction","target":["https:\/\/fcspartaktrnava.com\/takac-odmietol-pustit-michalovce-dalej\/"]}]},{"@type":"ImageObject","inLanguage":"en-GB","@id":"https:\/\/fcspartaktrnava.com\/takac-odmietol-pustit-michalovce-dalej\/#primaryimage","url":"https:\/\/fcspartaktrnava.com\/wp-content\/uploads\/2022\/11\/DSC_4392.jpg","contentUrl":"https:\/\/fcspartaktrnava.com\/wp-content\/uploads\/2022\/11\/DSC_4392.jpg","width":1550,"height":1033},{"@type":"BreadcrumbList","@id":"https:\/\/fcspartaktrnava.com\/takac-odmietol-pustit-michalovce-dalej\/#breadcrumb","itemListElement":[{"@type":"ListItem","position":1,"name":"Home","item":"https:\/\/fcspartaktrnava.com\/"},{"@type":"ListItem","position":2,"name":"Tak\u00e1\u010d odmietol pusti\u0165 Michalovce \u010falej"}]},{"@type":"WebSite","@id":"https:\/\/fcspartaktrnava.com\/#website","url":"https:\/\/fcspartaktrnava.com\/","name":"FC Spartak Trnava","description":"ofici\u00e1lna webstr\u00e1nka futbalov\u00e9ho klubu","publisher":{"@id":"https:\/\/fcspartaktrnava.com\/#organization"},"potentialAction":[{"@type":"SearchAction","target":{"@type":"EntryPoint","urlTemplate":"https:\/\/fcspartaktrnava.com\/?s={search_term_string}"},"query-input":{"@type":"PropertyValueSpecification","valueRequired":true,"valueName":"search_term_string"}}],"inLanguage":"en-GB"},{"@type":"Organization","@id":"https:\/\/fcspartaktrnava.com\/#organization","name":"FC Spartak Trnava","alternateName":"Spartak","url":"https:\/\/fcspartaktrnava.com\/","logo":{"@type":"ImageObject","inLanguage":"en-GB","@id":"https:\/\/fcspartaktrnava.com\/#\/schema\/logo\/image\/","url":"https:\/\/fcspartaktrnava.com\/wp-content\/uploads\/2022\/08\/cropped-site_logo.png","contentUrl":"https:\/\/fcspartaktrnava.com\/wp-content\/uploads\/2022\/08\/cropped-site_logo.png","width":140,"height":140,"caption":"FC Spartak Trnava"},"image":{"@id":"https:\/\/fcspartaktrnava.com\/#\/schema\/logo\/image\/"},"sameAs":["https:\/\/www.facebook.com\/SpartakTrnava","https:\/\/x.com\/SpartakTrnava1","https:\/\/www.instagram.com\/spartak_sk\/"]},{"@type":"Person","@id":"https:\/\/fcspartaktrnava.com\/#\/schema\/person\/24bc5b254af14f71d7d8af178790aa75","name":"spartak","image":{"@type":"ImageObject","inLanguage":"en-GB","@id":"https:\/\/fcspartaktrnava.com\/#\/schema\/person\/image\/","url":"https:\/\/secure.gravatar.com\/avatar\/f8ff8584f3fcf3909a11a6da9019f37749183b4015bca14e64556c52614cdc7f?s=96&d=mm&r=g","contentUrl":"https:\/\/secure.gravatar.com\/avatar\/f8ff8584f3fcf3909a11a6da9019f37749183b4015bca14e64556c52614cdc7f?s=96&d=mm&r=g","caption":"spartak"},"url":"https:\/\/fcspartaktrnava.com\/en\/author\/spartak\/"}]}},"_links":{"self":[{"href":"https:\/\/fcspartaktrnava.com\/en\/wp-json\/wp\/v2\/posts\/3336","targetHints":{"allow":["GET"]}}],"collection":[{"href":"https:\/\/fcspartaktrnava.com\/en\/wp-json\/wp\/v2\/posts"}],"about":[{"href":"https:\/\/fcspartaktrnava.com\/en\/wp-json\/wp\/v2\/types\/post"}],"author":[{"embeddable":true,"href":"https:\/\/fcspartaktrnava.com\/en\/wp-json\/wp\/v2\/users\/2"}],"replies":[{"embeddable":true,"href":"https:\/\/fcspartaktrnava.com\/en\/wp-json\/wp\/v2\/comments?post=3336"}],"version-history":[{"count":0,"href":"https:\/\/fcspartaktrnava.com\/en\/wp-json\/wp\/v2\/posts\/3336\/revisions"}],"wp:featuredmedia":[{"embeddable":true,"href":"https:\/\/fcspartaktrnava.com\/en\/wp-json\/wp\/v2\/media\/3323"}],"wp:attachment":[{"href":"https:\/\/fcspartaktrnava.com\/en\/wp-json\/wp\/v2\/media?parent=3336"}],"wp:term":[{"taxonomy":"category","embeddable":true,"href":"https:\/\/fcspartaktrnava.com\/en\/wp-json\/wp\/v2\/categories?post=3336"},{"taxonomy":"post_tag","embeddable":true,"href":"https:\/\/fcspartaktrnava.com\/en\/wp-json\/wp\/v2\/tags?post=3336"}],"curies":[{"name":"wp","href":"https:\/\/api.w.org\/{rel}","templated":true}]}}