{"id":31468,"date":"2025-08-12T14:05:38","date_gmt":"2025-08-12T12:05:38","guid":{"rendered":"https:\/\/fcspartaktrnava.com\/?p=31468"},"modified":"2025-08-12T14:05:38","modified_gmt":"2025-08-12T12:05:38","slug":"informacie-pre-fanusikov-pred-craiovou","status":"publish","type":"post","link":"https:\/\/fcspartaktrnava.com\/en\/informacie-pre-fanusikov-pred-craiovou\/","title":{"rendered":"INFORM\u00c1CIE PRE FAN\u00da\u0160IKOV PRED CRAIOVOU!"},"content":{"rendered":"<p class=\"has-text-align-center has-medium-font-size\"><strong>U\u017e vo \u0161tvrtok n\u00e1s \u010dak\u00e1 \u010fal\u0161\u00ed eur\u00f3psky futbalov\u00fd ve\u010der<\/strong> <strong>na \u0160tad\u00edone Antona Malatinsk\u00e9ho!<\/strong><\/p>\n\n\n\n<p class=\"has-text-align-center has-medium-font-size\">Na tomto \u0161tadi\u00f3ne sme u\u017e neraz dok\u00e1zali, \u017ee mo\u017en\u00e9 je v\u0161etko. Spolu sme porazili Lech Poznan, Sarajevo, Slovan, \u010di ned\u00e1vno Hibernians. A to v\u0161etko v\u010faka jedine\u010dnej atmosf\u00e9re, ak\u00fa dok\u00e1\u017eu vytvori\u0165 iba na\u0161e trib\u00fany!\u00a0<\/p>\n\n\n\n<p class=\"has-text-align-center has-vivid-red-color has-white-background-color has-text-color has-background has-link-color has-medium-font-size wp-elements-0c57524d2b58313b27c63017fd68959b\"><strong><a href=\"http:\/\/bit.ly\/SpartakCraiova\">VSTUPENKY K\u00daPI\u0160 TU!<\/a><\/strong><\/p>\n\n\n\n<p class=\"has-text-align-center has-medium-font-size\">D\u0148a\u00a0<strong>13. 08.<\/strong>\u00a0bude otvoren\u00e1 aj poklad\u0148a na \u0161tadi\u00f3ne, v \u010dase od\u00a0<strong>15:30<\/strong>\u00a0do\u00a0<strong>17:30<\/strong>. Poklad\u0148a bude rovnako otvoren\u00e1 aj v de\u0148 z\u00e1pasu, v \u010dase\u00a0<strong>od 17:30<\/strong>. Vstupenky si m\u00f4\u017eete st\u00e1le zak\u00fapi\u0165 aj v na\u0161om\u00a0<strong>FCSTORE.<\/strong><br><br>Okrem z\u00e1pasu bude na severnej trib\u00fane pripraven\u00fd op\u00e4\u0165 aj\u00a0<strong>detsk\u00fd k\u00fatik<\/strong>\u00a0pre najmen\u0161\u00edch. N\u00e1jdete tam aj n\u00e1\u0161\u00a0<strong>st\u00e1nok FCSTORE<\/strong>, kde si budete m\u00f4c\u0165 zak\u00fapi\u0165 vybran\u00e9 produkty, suven\u00edry a oble\u010denie. Vstup na \u0161tadi\u00f3n bude mo\u017en\u00fd u\u017e <strong>od 18:30<\/strong>. K\u00fatik spolu so st\u00e1nkom n\u00e1jdete v rohu nad sektormi\u00a0<strong>5, 6, 7<\/strong>.\u00a0<br><br>Deti\u00a0<strong>do 15 rokov<\/strong>, seniori\u00a0<strong>nad 62 rokov<\/strong>\u00a0a\u00a0<strong>Z\u0164P<\/strong>\u00a0spolu so\u00a0<strong>Z\u0164P-S<\/strong> si m\u00f4\u017eu vstupenku zak\u00fapi\u0165 so\u00a0<strong>z\u013eavou 40% .<br><br><\/strong>V na\u0161om<strong>\u00a0FCSTORE<\/strong>, n\u00e1jdete okrem najnov\u0161\u00edch k\u00faskov z na\u0161ej PUMA kolekcie, \u010di nov\u00fdch karti\u010diek futbalistov aj origin\u00e1lny z\u00e1pasov\u00fd \u0161\u00e1l. Zak\u00fap si aj ty svoj suven\u00edr a fandi ako poriadny fan\u00fa\u0161ik!<\/p>\n\n\n<div class=\"wp-block-image\">\n<figure class=\"aligncenter size-large is-resized\"><img loading=\"lazy\" decoding=\"async\" width=\"1024\" height=\"832\" src=\"https:\/\/fcspartaktrnava.com\/wp-content\/uploads\/2025\/08\/Obrazok-WhatsApp-2025-08-12-o-12.30.48_7aac9059-1024x832.jpg\" alt=\"\" class=\"wp-image-31469\" style=\"width:651px;height:auto\" srcset=\"https:\/\/fcspartaktrnava.com\/wp-content\/uploads\/2025\/08\/Obrazok-WhatsApp-2025-08-12-o-12.30.48_7aac9059-1024x832.jpg 1024w, https:\/\/fcspartaktrnava.com\/wp-content\/uploads\/2025\/08\/Obrazok-WhatsApp-2025-08-12-o-12.30.48_7aac9059-300x244.jpg 300w, https:\/\/fcspartaktrnava.com\/wp-content\/uploads\/2025\/08\/Obrazok-WhatsApp-2025-08-12-o-12.30.48_7aac9059-768x624.jpg 768w, https:\/\/fcspartaktrnava.com\/wp-content\/uploads\/2025\/08\/Obrazok-WhatsApp-2025-08-12-o-12.30.48_7aac9059-15x12.jpg 15w, https:\/\/fcspartaktrnava.com\/wp-content\/uploads\/2025\/08\/Obrazok-WhatsApp-2025-08-12-o-12.30.48_7aac9059.jpg 1170w\" sizes=\"auto, (max-width: 1024px) 100vw, 1024px\" \/><\/figure>\n<\/div>\n\n\n<p class=\"has-text-align-center has-medium-font-size\">Permanentk\u00e1rom, ktor\u00ed si na z\u00e1pas zak\u00fapili vstupenku v 1. vlne predaja s 50%-nou z\u013eavou a disponuj\u00fa plastovou karti\u010dkou permanentky, je na z\u00e1pas vstup umo\u017enen\u00fd len s permanentkou. T\u00ed, ktor\u00fdm e\u0161te plastov\u00e1 karti\u010dka nepri\u0161la, sa musia pri vstupe preuk\u00e1za\u0165 vstupenkou, ktor\u00e1 im bola poslan\u00e1 na mail. <\/p>\n\n\n<div class=\"wp-block-image\">\n<figure class=\"aligncenter size-large is-resized\"><img loading=\"lazy\" decoding=\"async\" width=\"1024\" height=\"450\" src=\"https:\/\/fcspartaktrnava.com\/wp-content\/uploads\/2025\/08\/fdas-1-1024x450.png\" alt=\"\" class=\"wp-image-31471\" style=\"width:676px;height:auto\" srcset=\"https:\/\/fcspartaktrnava.com\/wp-content\/uploads\/2025\/08\/fdas-1-1024x450.png 1024w, https:\/\/fcspartaktrnava.com\/wp-content\/uploads\/2025\/08\/fdas-1-300x132.png 300w, https:\/\/fcspartaktrnava.com\/wp-content\/uploads\/2025\/08\/fdas-1-768x337.png 768w, https:\/\/fcspartaktrnava.com\/wp-content\/uploads\/2025\/08\/fdas-1-1536x674.png 1536w, https:\/\/fcspartaktrnava.com\/wp-content\/uploads\/2025\/08\/fdas-1-18x8.png 18w, https:\/\/fcspartaktrnava.com\/wp-content\/uploads\/2025\/08\/fdas-1.png 1640w\" sizes=\"auto, (max-width: 1024px) 100vw, 1024px\" \/><\/figure>\n<\/div>\n\n\n<p class=\"has-text-align-center has-medium-font-size\">Z\u00e1rove\u0148 striktne \u017eiadame fan\u00fa\u0161ikov aby sa vyvarovali hlavne rasizmu a xenof\u00f3bii po\u010das z\u00e1pasu. Rovnako pros\u00edme, aby nevhadzovali \u017eiadne predmety na hraciu plochu, najm\u00e4 plastov\u00e9 poh\u00e1re. Zak\u00e1zan\u00fd je tie\u017e vstup na hraciu plochu po\u010das a po z\u00e1pase.\u00a0<br><br>Klubu za poru\u0161enie t\u00fdchto sankci\u00ed hrozia nemal\u00e9 finan\u010dn\u00e9 pokuty, rovnako ako aj in\u00e9 tresty (zatvoren\u00fd \u0161tadi\u00f3n,..)<br><br><strong>Ide n\u00e1m spolo\u010dne o jedno a to podpori\u0165 n\u00e1\u0161 klub k jeho cie\u013eom a najlep\u0161\u00edm v\u00fdsledkom.<\/strong><\/p>","protected":false},"excerpt":{"rendered":"<p>U\u017e vo \u0161tvrtok n\u00e1s \u010dak\u00e1 \u010fal\u0161\u00ed eur\u00f3psky futbalov\u00fd&#8230;<\/p>","protected":false},"author":5,"featured_media":31473,"comment_status":"closed","ping_status":"closed","sticky":false,"template":"","format":"standard","meta":{"footnotes":""},"categories":[12],"tags":[],"class_list":["post-31468","post","type-post","status-publish","format-standard","has-post-thumbnail","hentry","category-spravy","post-number-1"],"yoast_head":"<!-- This site is optimized with the Yoast SEO plugin v27.1.1 - https:\/\/yoast.com\/product\/yoast-seo-wordpress\/ -->\n<title>INFORM\u00c1CIE PRE FAN\u00da\u0160IKOV PRED CRAIOVOU! - FC Spartak Trnava<\/title>\n<meta name=\"robots\" content=\"index, follow, max-snippet:-1, max-image-preview:large, max-video-preview:-1\" \/>\n<link rel=\"canonical\" href=\"https:\/\/fcspartaktrnava.com\/en\/informacie-pre-fanusikov-pred-craiovou\/\" \/>\n<meta name=\"twitter:label1\" content=\"Written by\" \/>\n\t<meta name=\"twitter:data1\" content=\"Samuel \u010eurinsk\u00fd\" \/>\n\t<meta name=\"twitter:label2\" content=\"Estimated reading time\" \/>\n\t<meta name=\"twitter:data2\" content=\"3 minutes\" \/>\n<script type=\"application\/ld+json\" class=\"yoast-schema-graph\">{\"@context\":\"https:\/\/schema.org\",\"@graph\":[{\"@type\":\"Article\",\"@id\":\"https:\/\/fcspartaktrnava.com\/informacie-pre-fanusikov-pred-craiovou\/#article\",\"isPartOf\":{\"@id\":\"https:\/\/fcspartaktrnava.com\/informacie-pre-fanusikov-pred-craiovou\/\"},\"author\":{\"name\":\"Samuel \u010eurinsk\u00fd\",\"@id\":\"https:\/\/fcspartaktrnava.com\/#\/schema\/person\/62c3c2562c3c56e4c0c8c2342c596ac0\"},\"headline\":\"INFORM\u00c1CIE PRE FAN\u00da\u0160IKOV PRED CRAIOVOU!\",\"datePublished\":\"2025-08-12T12:05:38+00:00\",\"mainEntityOfPage\":{\"@id\":\"https:\/\/fcspartaktrnava.com\/informacie-pre-fanusikov-pred-craiovou\/\"},\"wordCount\":381,\"publisher\":{\"@id\":\"https:\/\/fcspartaktrnava.com\/#organization\"},\"image\":{\"@id\":\"https:\/\/fcspartaktrnava.com\/informacie-pre-fanusikov-pred-craiovou\/#primaryimage\"},\"thumbnailUrl\":\"https:\/\/fcspartaktrnava.com\/wp-content\/uploads\/2025\/08\/DSC_4926-scaled.jpg\",\"articleSection\":[\"Spr\u00e1vy\"],\"inLanguage\":\"en-GB\"},{\"@type\":\"WebPage\",\"@id\":\"https:\/\/fcspartaktrnava.com\/informacie-pre-fanusikov-pred-craiovou\/\",\"url\":\"https:\/\/fcspartaktrnava.com\/informacie-pre-fanusikov-pred-craiovou\/\",\"name\":\"INFORM\u00c1CIE PRE FAN\u00da\u0160IKOV PRED CRAIOVOU! - FC Spartak Trnava\",\"isPartOf\":{\"@id\":\"https:\/\/fcspartaktrnava.com\/#website\"},\"primaryImageOfPage\":{\"@id\":\"https:\/\/fcspartaktrnava.com\/informacie-pre-fanusikov-pred-craiovou\/#primaryimage\"},\"image\":{\"@id\":\"https:\/\/fcspartaktrnava.com\/informacie-pre-fanusikov-pred-craiovou\/#primaryimage\"},\"thumbnailUrl\":\"https:\/\/fcspartaktrnava.com\/wp-content\/uploads\/2025\/08\/DSC_4926-scaled.jpg\",\"datePublished\":\"2025-08-12T12:05:38+00:00\",\"breadcrumb\":{\"@id\":\"https:\/\/fcspartaktrnava.com\/informacie-pre-fanusikov-pred-craiovou\/#breadcrumb\"},\"inLanguage\":\"en-GB\",\"potentialAction\":[{\"@type\":\"ReadAction\",\"target\":[\"https:\/\/fcspartaktrnava.com\/informacie-pre-fanusikov-pred-craiovou\/\"]}]},{\"@type\":\"ImageObject\",\"inLanguage\":\"en-GB\",\"@id\":\"https:\/\/fcspartaktrnava.com\/informacie-pre-fanusikov-pred-craiovou\/#primaryimage\",\"url\":\"https:\/\/fcspartaktrnava.com\/wp-content\/uploads\/2025\/08\/DSC_4926-scaled.jpg\",\"contentUrl\":\"https:\/\/fcspartaktrnava.com\/wp-content\/uploads\/2025\/08\/DSC_4926-scaled.jpg\",\"width\":2560,\"height\":1707},{\"@type\":\"BreadcrumbList\",\"@id\":\"https:\/\/fcspartaktrnava.com\/informacie-pre-fanusikov-pred-craiovou\/#breadcrumb\",\"itemListElement\":[{\"@type\":\"ListItem\",\"position\":1,\"name\":\"Home\",\"item\":\"https:\/\/fcspartaktrnava.com\/\"},{\"@type\":\"ListItem\",\"position\":2,\"name\":\"INFORM\u00c1CIE PRE FAN\u00da\u0160IKOV PRED CRAIOVOU!\"}]},{\"@type\":\"WebSite\",\"@id\":\"https:\/\/fcspartaktrnava.com\/#website\",\"url\":\"https:\/\/fcspartaktrnava.com\/\",\"name\":\"FC Spartak Trnava\",\"description\":\"ofici\u00e1lna webstr\u00e1nka futbalov\u00e9ho klubu\",\"publisher\":{\"@id\":\"https:\/\/fcspartaktrnava.com\/#organization\"},\"potentialAction\":[{\"@type\":\"SearchAction\",\"target\":{\"@type\":\"EntryPoint\",\"urlTemplate\":\"https:\/\/fcspartaktrnava.com\/?s={search_term_string}\"},\"query-input\":{\"@type\":\"PropertyValueSpecification\",\"valueRequired\":true,\"valueName\":\"search_term_string\"}}],\"inLanguage\":\"en-GB\"},{\"@type\":\"Organization\",\"@id\":\"https:\/\/fcspartaktrnava.com\/#organization\",\"name\":\"FC Spartak Trnava\",\"alternateName\":\"Spartak\",\"url\":\"https:\/\/fcspartaktrnava.com\/\",\"logo\":{\"@type\":\"ImageObject\",\"inLanguage\":\"en-GB\",\"@id\":\"https:\/\/fcspartaktrnava.com\/#\/schema\/logo\/image\/\",\"url\":\"https:\/\/fcspartaktrnava.com\/wp-content\/uploads\/2022\/08\/cropped-site_logo.png\",\"contentUrl\":\"https:\/\/fcspartaktrnava.com\/wp-content\/uploads\/2022\/08\/cropped-site_logo.png\",\"width\":140,\"height\":140,\"caption\":\"FC Spartak Trnava\"},\"image\":{\"@id\":\"https:\/\/fcspartaktrnava.com\/#\/schema\/logo\/image\/\"},\"sameAs\":[\"https:\/\/www.facebook.com\/SpartakTrnava\",\"https:\/\/x.com\/SpartakTrnava1\",\"https:\/\/www.instagram.com\/spartak_sk\/\"]},{\"@type\":\"Person\",\"@id\":\"https:\/\/fcspartaktrnava.com\/#\/schema\/person\/62c3c2562c3c56e4c0c8c2342c596ac0\",\"name\":\"Samuel \u010eurinsk\u00fd\",\"image\":{\"@type\":\"ImageObject\",\"inLanguage\":\"en-GB\",\"@id\":\"https:\/\/fcspartaktrnava.com\/#\/schema\/person\/image\/\",\"url\":\"https:\/\/secure.gravatar.com\/avatar\/af2fa02af92418b86ed742470664fe40056833fb68d84becf03f6ab02319257c?s=96&d=mm&r=g\",\"contentUrl\":\"https:\/\/secure.gravatar.com\/avatar\/af2fa02af92418b86ed742470664fe40056833fb68d84becf03f6ab02319257c?s=96&d=mm&r=g\",\"caption\":\"Samuel \u010eurinsk\u00fd\"},\"url\":\"https:\/\/fcspartaktrnava.com\/en\/author\/fcst-samuel\/\"}]}<\/script>\n<!-- \/ Yoast SEO plugin. -->","yoast_head_json":{"title":"INFORM\u00c1CIE PRE FAN\u00da\u0160IKOV PRED CRAIOVOU! - FC Spartak Trnava","robots":{"index":"index","follow":"follow","max-snippet":"max-snippet:-1","max-image-preview":"max-image-preview:large","max-video-preview":"max-video-preview:-1"},"canonical":"https:\/\/fcspartaktrnava.com\/en\/informacie-pre-fanusikov-pred-craiovou\/","twitter_misc":{"Written by":"Samuel \u010eurinsk\u00fd","Estimated reading time":"3 minutes"},"schema":{"@context":"https:\/\/schema.org","@graph":[{"@type":"Article","@id":"https:\/\/fcspartaktrnava.com\/informacie-pre-fanusikov-pred-craiovou\/#article","isPartOf":{"@id":"https:\/\/fcspartaktrnava.com\/informacie-pre-fanusikov-pred-craiovou\/"},"author":{"name":"Samuel \u010eurinsk\u00fd","@id":"https:\/\/fcspartaktrnava.com\/#\/schema\/person\/62c3c2562c3c56e4c0c8c2342c596ac0"},"headline":"INFORM\u00c1CIE PRE FAN\u00da\u0160IKOV PRED CRAIOVOU!","datePublished":"2025-08-12T12:05:38+00:00","mainEntityOfPage":{"@id":"https:\/\/fcspartaktrnava.com\/informacie-pre-fanusikov-pred-craiovou\/"},"wordCount":381,"publisher":{"@id":"https:\/\/fcspartaktrnava.com\/#organization"},"image":{"@id":"https:\/\/fcspartaktrnava.com\/informacie-pre-fanusikov-pred-craiovou\/#primaryimage"},"thumbnailUrl":"https:\/\/fcspartaktrnava.com\/wp-content\/uploads\/2025\/08\/DSC_4926-scaled.jpg","articleSection":["Spr\u00e1vy"],"inLanguage":"en-GB"},{"@type":"WebPage","@id":"https:\/\/fcspartaktrnava.com\/informacie-pre-fanusikov-pred-craiovou\/","url":"https:\/\/fcspartaktrnava.com\/informacie-pre-fanusikov-pred-craiovou\/","name":"INFORM\u00c1CIE PRE FAN\u00da\u0160IKOV PRED CRAIOVOU! - FC Spartak Trnava","isPartOf":{"@id":"https:\/\/fcspartaktrnava.com\/#website"},"primaryImageOfPage":{"@id":"https:\/\/fcspartaktrnava.com\/informacie-pre-fanusikov-pred-craiovou\/#primaryimage"},"image":{"@id":"https:\/\/fcspartaktrnava.com\/informacie-pre-fanusikov-pred-craiovou\/#primaryimage"},"thumbnailUrl":"https:\/\/fcspartaktrnava.com\/wp-content\/uploads\/2025\/08\/DSC_4926-scaled.jpg","datePublished":"2025-08-12T12:05:38+00:00","breadcrumb":{"@id":"https:\/\/fcspartaktrnava.com\/informacie-pre-fanusikov-pred-craiovou\/#breadcrumb"},"inLanguage":"en-GB","potentialAction":[{"@type":"ReadAction","target":["https:\/\/fcspartaktrnava.com\/informacie-pre-fanusikov-pred-craiovou\/"]}]},{"@type":"ImageObject","inLanguage":"en-GB","@id":"https:\/\/fcspartaktrnava.com\/informacie-pre-fanusikov-pred-craiovou\/#primaryimage","url":"https:\/\/fcspartaktrnava.com\/wp-content\/uploads\/2025\/08\/DSC_4926-scaled.jpg","contentUrl":"https:\/\/fcspartaktrnava.com\/wp-content\/uploads\/2025\/08\/DSC_4926-scaled.jpg","width":2560,"height":1707},{"@type":"BreadcrumbList","@id":"https:\/\/fcspartaktrnava.com\/informacie-pre-fanusikov-pred-craiovou\/#breadcrumb","itemListElement":[{"@type":"ListItem","position":1,"name":"Home","item":"https:\/\/fcspartaktrnava.com\/"},{"@type":"ListItem","position":2,"name":"INFORM\u00c1CIE PRE FAN\u00da\u0160IKOV PRED CRAIOVOU!"}]},{"@type":"WebSite","@id":"https:\/\/fcspartaktrnava.com\/#website","url":"https:\/\/fcspartaktrnava.com\/","name":"FC Spartak Trnava","description":"ofici\u00e1lna webstr\u00e1nka futbalov\u00e9ho klubu","publisher":{"@id":"https:\/\/fcspartaktrnava.com\/#organization"},"potentialAction":[{"@type":"SearchAction","target":{"@type":"EntryPoint","urlTemplate":"https:\/\/fcspartaktrnava.com\/?s={search_term_string}"},"query-input":{"@type":"PropertyValueSpecification","valueRequired":true,"valueName":"search_term_string"}}],"inLanguage":"en-GB"},{"@type":"Organization","@id":"https:\/\/fcspartaktrnava.com\/#organization","name":"FC Spartak Trnava","alternateName":"Spartak","url":"https:\/\/fcspartaktrnava.com\/","logo":{"@type":"ImageObject","inLanguage":"en-GB","@id":"https:\/\/fcspartaktrnava.com\/#\/schema\/logo\/image\/","url":"https:\/\/fcspartaktrnava.com\/wp-content\/uploads\/2022\/08\/cropped-site_logo.png","contentUrl":"https:\/\/fcspartaktrnava.com\/wp-content\/uploads\/2022\/08\/cropped-site_logo.png","width":140,"height":140,"caption":"FC Spartak Trnava"},"image":{"@id":"https:\/\/fcspartaktrnava.com\/#\/schema\/logo\/image\/"},"sameAs":["https:\/\/www.facebook.com\/SpartakTrnava","https:\/\/x.com\/SpartakTrnava1","https:\/\/www.instagram.com\/spartak_sk\/"]},{"@type":"Person","@id":"https:\/\/fcspartaktrnava.com\/#\/schema\/person\/62c3c2562c3c56e4c0c8c2342c596ac0","name":"Samuel \u010eurinsk\u00fd","image":{"@type":"ImageObject","inLanguage":"en-GB","@id":"https:\/\/fcspartaktrnava.com\/#\/schema\/person\/image\/","url":"https:\/\/secure.gravatar.com\/avatar\/af2fa02af92418b86ed742470664fe40056833fb68d84becf03f6ab02319257c?s=96&d=mm&r=g","contentUrl":"https:\/\/secure.gravatar.com\/avatar\/af2fa02af92418b86ed742470664fe40056833fb68d84becf03f6ab02319257c?s=96&d=mm&r=g","caption":"Samuel \u010eurinsk\u00fd"},"url":"https:\/\/fcspartaktrnava.com\/en\/author\/fcst-samuel\/"}]}},"_links":{"self":[{"href":"https:\/\/fcspartaktrnava.com\/en\/wp-json\/wp\/v2\/posts\/31468","targetHints":{"allow":["GET"]}}],"collection":[{"href":"https:\/\/fcspartaktrnava.com\/en\/wp-json\/wp\/v2\/posts"}],"about":[{"href":"https:\/\/fcspartaktrnava.com\/en\/wp-json\/wp\/v2\/types\/post"}],"author":[{"embeddable":true,"href":"https:\/\/fcspartaktrnava.com\/en\/wp-json\/wp\/v2\/users\/5"}],"replies":[{"embeddable":true,"href":"https:\/\/fcspartaktrnava.com\/en\/wp-json\/wp\/v2\/comments?post=31468"}],"version-history":[{"count":0,"href":"https:\/\/fcspartaktrnava.com\/en\/wp-json\/wp\/v2\/posts\/31468\/revisions"}],"wp:featuredmedia":[{"embeddable":true,"href":"https:\/\/fcspartaktrnava.com\/en\/wp-json\/wp\/v2\/media\/31473"}],"wp:attachment":[{"href":"https:\/\/fcspartaktrnava.com\/en\/wp-json\/wp\/v2\/media?parent=31468"}],"wp:term":[{"taxonomy":"category","embeddable":true,"href":"https:\/\/fcspartaktrnava.com\/en\/wp-json\/wp\/v2\/categories?post=31468"},{"taxonomy":"post_tag","embeddable":true,"href":"https:\/\/fcspartaktrnava.com\/en\/wp-json\/wp\/v2\/tags?post=31468"}],"curies":[{"name":"wp","href":"https:\/\/api.w.org\/{rel}","templated":true}]}}