{"id":31147,"date":"2025-08-10T21:32:30","date_gmt":"2025-08-10T19:32:30","guid":{"rendered":"https:\/\/fcspartaktrnava.com\/?p=31147"},"modified":"2025-08-11T09:33:03","modified_gmt":"2025-08-11T07:33:03","slug":"mladeznici-s-ligovymi-generalkami","status":"publish","type":"post","link":"https:\/\/fcspartaktrnava.com\/en\/mladeznici-s-ligovymi-generalkami\/","title":{"rendered":"Ml\u00e1de\u017en\u00edci s\u00a0ligov\u00fdmi gener\u00e1lkami"},"content":{"rendered":"<p class=\"has-text-align-center\"><strong>FC Spartak Trnava U19 \u2013 SC Vasas Budape\u0161\u0165 U19 6:1 (3:0)<\/strong><\/p>\n\n\n\n<p class=\"has-text-align-center\">Dorasteneck\u00e9 t\u00edmy odohrali gener\u00e1lky pred novou sez\u00f3nou proti ma\u010farsk\u00e9mu Vasasu Budape\u0161\u0165. Dev\u00e4tn\u00e1stka sa na sobot\u0148aj\u0161\u00ed z\u00e1pas proti Pre\u0161ovu naladila vysok\u00fdm v\u00ed\u0165azstvom 6:1.<\/p>\n\n\n\n<p class=\"has-text-align-center\"><strong>Goals: <\/strong>Terenkov, Duchovi\u010d, Bug\u00e1r, Pta\u010d\u00edn, Hus\u00e1r, Benkovsk\u00fd<\/p>\n\n\n\n<p class=\"has-text-align-center\"><strong>Peter Ga\u017ei: \u201eV z\u00e1pase sme odohrali v\u00fdborn\u00fd prv\u00fd pol\u010das, v ktorom sme strelili tri pekn\u00e9 g\u00f3ly, v\u0161etky po toto\u017en\u00fdch akci\u00e1ch. Do druh\u00e9ho pol\u010dasu sme nevst\u00fapili optim\u00e1lne a s\u00faper zn\u00ed\u017eil, no posledn\u00e1 tretina z\u00e1pasu patrila n\u00e1m. Striedaj\u00faci hr\u00e1\u010di priniesli kvalitu aj nov\u00fa energiu a pridali sme \u010fal\u0161ie tri g\u00f3ly. Aj ke\u010f sme si v pr\u00edprave dali za cie\u013e vyhra\u0165 v\u0161etky z\u00e1pasy, \u010do sa n\u00e1m nepodarilo, na\u0161iel som v nej viacero pozit\u00edv. Medzi ne patr\u00ed v\u00ed\u0165azstvo na kvalitne obsadenom zahrani\u010dnom turnaji, absencia zranen\u00ed a dobr\u00e1 forma hr\u00e1\u010dov na z\u00e1ver pr\u00edpravy.\u201c<\/strong><\/p>\n\n\n\n<p class=\"has-text-align-center\"><strong>SC Vasas Budape\u0161\u0165 U17 \u2013 FC Spartak Trnava U17 3:2<\/strong><\/p>\n\n\n\n<p class=\"has-text-align-center\">T\u00edmy mlad\u0161\u00edch dorastov hraj\u00fa proti Pre\u0161ovu u\u017e vo \u0161tvrtok, pri\u010dom na v\u00fdchod krajiny id\u00fa o&nbsp;de\u0148 sk\u00f4r. Sedemn\u00e1stke gener\u00e1lka na ostr\u00fd \u0161tart v\u00fdsledkovo nevy\u0161la, ke\u010f v&nbsp;Ma\u010farsku prehrala o&nbsp;g\u00f3l \u2013 2:3.<\/p>\n\n\n\n<p class=\"has-text-align-center\"><strong>Goals: <\/strong>\u0160ev\u010d\u00edk, Pittel<\/p>\n\n\n\n<p class=\"has-text-align-center\"><strong>Karol Kantek: \u201eHerne sme odohrali dobr\u00fd z\u00e1pas, s\u00fapera sme nep\u00fa\u0161\u0165ali do zakon\u010denia a sna\u017eili sme sa viac dr\u017ea\u0165 loptu. Dom\u00e1ci sk\u00f3rovali po dvoch jeden\u00e1stkach, ktor\u00e9 neboli po vylo\u017een\u00fdch \u0161anciach, ale sk\u00f4r zbyto\u010dn\u00e9. Na obe sme dok\u00e1zali v\u017edy odpoveda\u0165. V prvom pr\u00edpade te\u010dom \u0160ev\u010d\u00edka a v druhom po dobre dohratej situ\u00e1cii Pittelom. Vysloven\u00fa chybu v z\u00e1pase sme spravili v druhom pol\u010dase pri tre\u0165om g\u00f3le. Do bud\u00facna sa mus\u00edme vyhn\u00fa\u0165 vytv\u00e1raniu \u0161tandardn\u00fdch situ\u00e1ci\u00ed pre s\u00fapera.\u201c<\/strong><\/p>\n\n\n\n<p class=\"has-text-align-center\"><strong>SC Vasas Budape\u0161\u0165 U16 \u2013 FC Spartak Trnava U16 1:1 (1:1)<\/strong><\/p>\n\n\n\n<p class=\"has-text-align-center\">V&nbsp;dorasteneckom trojz\u00e1pase s&nbsp;Vasasom sa zrodil aj tret\u00ed typ v\u00fdsledku. \u0160estn\u00e1stka po g\u00f3loch v&nbsp;prvom pol\u010dase remizovala 1:1.<\/p>\n\n\n\n<p class=\"has-text-align-center\"><strong>Goals: <\/strong>Lacko<\/p>\n\n\n\n<p class=\"has-text-align-center\"><strong>Tom\u00e1\u0161 K\u00e1nik: <\/strong><strong>\u201eZ\u00e1pas sa odohr\u00e1val v&nbsp;pomal\u0161om tempe. Z&nbsp;h\u013eadiska organiz\u00e1cie a&nbsp;princ\u00edpov hry n\u00e1m veci fungovali, ale v\u017edy ch\u00fdbala o&nbsp;nie\u010do lep\u0161ia realiz\u00e1cia. V tomto budeme musie\u0165 by\u0165 na hr\u00e1\u010dov v tr\u00e9ningovom procese n\u00e1ro\u010dnej\u0161\u00ed, aby sme k\u013e\u00fa\u010dov\u00e9 hern\u00e9 \u010dinnosti vykon\u00e1vali efekt\u00edvnej\u0161ie. S\u00faper i\u0161iel do vedenia po na\u0161ej strate na ich polovici a&nbsp;n\u00e1slednom r\u00fdchlom proti\u00fatoku. My sme z&nbsp;dobr\u00e9ho \u00faseku, kedy sa hralo dlh\u0161ie na s\u00faperovej polovici, vy\u0165a\u017eili vyrovn\u00e1vaj\u00faci g\u00f3l zo \u0161tandardnej situ\u00e1cie. V&nbsp;druhom pol\u010dase sme boli lep\u0161\u00edm t\u00edmom, lep\u0161ie sme kombinovali, ale st\u00e1le m\u00e1me probl\u00e9m by\u0165 nebezpe\u010dnej\u0161\u00ed v&nbsp;\u00fato\u010dnej z\u00f3ne. To bude jeden z&nbsp;na\u0161ich hlavn\u00fdch cie\u013eov na najbli\u017e\u0161ie obdobie.\u201c<\/strong><\/p>\n\n\n\n<p class=\"has-text-align-center\"><strong>1. FC Slov\u00e1cko U15 \u2013 FC Spartak Trnava U15 1:6 (1:4)<\/strong><\/p>\n\n\n\n<p class=\"has-text-align-center\">\u017diacke t\u00edmy, ktor\u00e9 o&nbsp;t\u00fd\u017ede\u0148 od\u0161tartuj\u00fa nov\u00fd ro\u010dn\u00edk z\u00e1pasmi proti Nitre, \u010dakal cez v\u00edkend s\u00faper z&nbsp;\u010ceska. Najstar\u0161\u00ed \u017eiaci z\u00e1pas v&nbsp;Slov\u00e1cku zvl\u00e1dli bez probl\u00e9mov a&nbsp;zv\u00ed\u0165azili vysoko 6:1.<\/p>\n\n\n\n<p class=\"has-text-align-center\"><strong>Goals: <\/strong>Poliak, Pol\u0165\u00e1k, Mar\u010di\u0161, Kuss, Junas, Mego<\/p>\n\n\n\n<p class=\"has-text-align-center\"><strong>Jozef Pa\u013eo: \u201eNa z\u00e1pas sme sa ve\u013emi dobre pripravili. Vedeli sme, \u017ee na ve\u013emi kvalitnej pr\u00edrodnej tr\u00e1ve budeme siln\u00ed na lopte a v prechodov\u00fdch f\u00e1zach si vypracujeme s\u013eubn\u00e9 g\u00f3lov\u00e9 pr\u00edle\u017eitosti. Na\u0161a sila spo\u010d\u00edvala v dobrej rozohr\u00e1vke z obrannej form\u00e1cie smerom na na\u0161ich stredov\u00fdch hr\u00e1\u010dov. T\u00ed sa dok\u00e1zali presadi\u0165 a svojimi my\u0161lienkami pripravi\u0165 \u00fato\u010dn\u00edkom \u0161ance na zakon\u010denie. Dokonca zakon\u010dovali aj oni sami stre\u013ebou zo strednej vzdialenosti. Miestami sme mali zl\u00fd prv\u00fd dotyk, \u010do je proti tak\u00e9muto s\u00faperovi dos\u0165 podstatn\u00e9, a str\u00e1cali sme \u013eahk\u00e9 lopty. G\u00f3ly sme dosiahli po kr\u00e1snych akci\u00e1ch a spr\u00e1vnom rozhodovan\u00ed sa. V defenz\u00edve sme dobre \u010d\u00edtali hru a boli sme ve\u013emi \u010dasto \u00faspe\u0161n\u00ed vo vzdu\u0161n\u00fdch s\u00fabojoch. Miestami sme zab\u00fadali na n\u00e1vrat smerom dozadu, na tejto f\u00e1ze budeme musie\u0165 popracova\u0165, je to aj o zodpovednosti hr\u00e1\u010da. Na\u0161a hra mala parametre dobr\u00e9ho hern\u00e9ho v\u00fdkonu. V z\u00e1pase prevl\u00e1dala discipl\u00edna hr\u00e1\u010dov, \u010do je z m\u00f4jho poh\u013eadu ve\u013emi d\u00f4le\u017eit\u00e9. Ve\u013emi dobr\u00e1 gener\u00e1lka pred ligou.\u201c<\/strong><\/p>\n\n\n\n<p class=\"has-text-align-center\"><strong>1. FC Slov\u00e1cko U14 \u2013 FC Spartak Trnava U14 3:2 (2:1)<\/strong><\/p>\n\n\n\n<p class=\"has-text-align-center\">S\u00faboj \u017eiakov do 14 rokov tak\u00fd jednozna\u010dn\u00fd nebol. Vo vyrovnanej partii \u0165ahali spartakovci za krat\u0161\u00ed koniec iba o&nbsp;jedin\u00fd g\u00f3l.<\/p>\n\n\n\n<p class=\"has-text-align-center\"><strong>Goals: <\/strong>Vir\u00e1g, Kostol\u00e1ni<\/p>\n\n\n\n<p class=\"has-text-align-center\"><strong>R\u00f3bert Polakovi\u010d: \u201eNa posledn\u00fd pr\u00edpravn\u00fd duel sme vycestovali vo ve\u013emi oklie\u0161tenej zostave. Napriek tomu, sme zvl\u00e1dli cel\u00fd z\u00e1pas odohra\u0165 v dobrej intenzite. Z n\u00e1\u0161ho poh\u013eadu by som ho rozdelil do dvoch \u010dast\u00ed. V \u00fato\u010dnej z\u00f3ne sme dok\u00e1zali dobre pracova\u0165, vytv\u00e1rali sme si aj pr\u00edle\u017eitosti a hlavne v druhom pol\u010dase n\u00e1m fungoval aj pressing. V ostatn\u00fdch z\u00f3nach sme ale u\u017e tak dobre nepracovali, hlavne d\u00f4raz a koncentr\u00e1cia n\u00e1m \u010dasto ch\u00fdbali pri br\u00e1nen\u00ed v bloku. Z n\u00e1\u0161ho poh\u013eadu ale preva\u017eovali pozit\u00edvne momenty a ke\u010f sa vyvarujeme zbyto\u010dn\u00fdm chyb\u00e1m, m\u00f4\u017eeme by\u0165 spokojn\u00ed ako s prejavom hry, tak aj v\u00fdsledkom.\u201c<\/strong><\/p>\n\n\n\n<p class=\"has-text-align-center\"><strong>FK Lokomot\u00edva Trnava U14 \u2013 FC Spartak Trnava U13 4:2<\/strong><\/p>\n\n\n\n<p class=\"has-text-align-center\">Proti Slov\u00e1cku nast\u00fapili aj t\u00edmy mlad\u0161\u00edch \u017eiakov. Trin\u00e1stka si v\u0161ak e\u0161te pred t\u00fdm v&nbsp;strede t\u00fd\u017ed\u0148a zmerala sily s&nbsp;druholigovou Lokomot\u00edvou Trnava. Spartakovci na o&nbsp;rok star\u0161ieho mestsk\u00e9ho rivala nesta\u010dili.<\/p>\n\n\n\n<p class=\"has-text-align-center\"><strong>Goals: <\/strong>Ryban, Urban<\/p>\n\n\n\n<p class=\"has-text-align-center\"><strong>Filip Tomovi\u010d: \u201eDne\u0161n\u00fd z\u00e1pas n\u00e1m z poh\u013eadu kvality hern\u00e9ho v\u00fdkonu uk\u00e1zal zatia\u013e najviac pozit\u00edv do ofenz\u00edvy. Fungovala n\u00e1m medzihra a dr\u017eanie lopty, ale o to \u0165a\u017e\u0161ie sa vieme presadi\u0165 do vylo\u017eenej \u0161ance, ak je s\u00faper v hlb\u0161om bloku. Ch\u00fdbalo n\u00e1m tam lep\u0161ie predfin\u00e1lne a fin\u00e1lne rie\u0161enie. Takisto sme mali ve\u013ek\u00e9 probl\u00e9my v prechodov\u00fdch f\u00e1zach hry do defenz\u00edvy, kde m\u00e1me probl\u00e9my s r\u00fdchlos\u0165ou s\u00fapera.\u201c<\/strong><\/p>\n\n\n\n<p class=\"has-text-align-center\"><strong>1. FC Slov\u00e1cko U13 \u2013 FC Spartak Trnava U13 5:2 (4:0)<\/strong><\/p>\n\n\n\n<p class=\"has-text-align-center\">Trin\u00e1stka \u0165ahala za krat\u0161\u00ed koniec aj v&nbsp;druhom z\u00e1pase t\u00fd\u017ed\u0148a. Duel so Slov\u00e1ckom rozhodol n\u00e1\u0161 zl\u00fd prv\u00fd pol\u010das, v&nbsp;ktorom sme inkasovali a\u017e \u0161tyrikr\u00e1t.<\/p>\n\n\n\n<p class=\"has-text-align-center\"><strong>Goals: <\/strong>Urban, Kobza<\/p>\n\n\n\n<p class=\"has-text-align-center\"><strong>Filip Tomovi\u010d: \u201eUzavreli sme pr\u00edpravn\u00e9 obdobie proti kvalitn\u00e9mu \u010desk\u00e9mu s\u00faperovi. Rozdelil by som to na dva pol\u010dasy. V prvom sme boli ve\u013emi nepresn\u00ed, ned\u00f4razn\u00ed, pomal\u00ed a m\u00e1lo agres\u00edvni a ke\u010f u\u017e sme sa dostali do \u0161anc\u00ed, tak sme boli nekvalitn\u00ed, tak\u017ee n\u00e1m ch\u00fdbalo v\u0161etko, \u010do si vy\u017eaduje futbal na ve\u013ek\u00e9 ihrisko. Druh\u00fd pol\u010das bol diametr\u00e1lne odli\u0161n\u00fd, tam mus\u00edm chlapcov pochv\u00e1li\u0165, s\u00fapera sme na 40 min\u00fat zavreli na jeho polovici a striedala sa \u0161anca za \u0161ancou, ale zase slab\u00fdm d\u00f4razom sme ich premenili iba dve z obrovsk\u00e9ho mno\u017estva. Oproti prv\u00e9mu pol\u010dasu n\u00e1m vych\u00e1dzal vysok\u00fd pressing, z \u010doho sme mali mno\u017estvo pr\u00edle\u017eitost\u00ed. V druhom pol\u010dase bol s\u00faper raz na na\u0161ej polovici a po ned\u00f4raznom br\u00e1nen\u00ed, kde jeden hr\u00e1\u010d s\u00fapera obi\u0161iel na\u0161ich troch, sme inkasovali g\u00f3l, \u010do pod\u010diarklo na\u0161u defenz\u00edvnu hru cel\u00e9ho mu\u017estva. N\u00e1\u0161mu t\u00edmu rob\u00ed obrovsk\u00fd probl\u00e9m prechod na ve\u013ek\u00e9 ihrisko. Ver\u00edme a pracujeme na tom, aby sme to chalanom u\u013eah\u010dili.\u201c<\/strong><\/p>\n\n\n\n<p class=\"has-text-align-center\"><strong>FC Spartak Trnava U12 \u2013 MOL Vidi U12 3:6<\/strong><\/p>\n\n\n\n<p class=\"has-text-align-center\">Dvan\u00e1stka doplnen\u00e1 o&nbsp;mlad\u0161\u00edch hr\u00e1\u010dov sa v&nbsp;sobotu rozdelila na dva t\u00edmy a&nbsp;odohrala dva z\u00e1pasy v&nbsp;syst\u00e9me 8+1. Prv\u00fd t\u00edm hral proti ma\u010farsk\u00e9mu MOL Vidi.<\/p>\n\n\n\n<p class=\"has-text-align-center\"><strong>Goals: <\/strong>2x Chod\u00far, Poledn\u00e1k<\/p>\n\n\n\n<p class=\"has-text-align-center\"><strong>D\u00e1vid Mi\u0161kovi\u010d: \u201eHr\u00e1\u010di absolvovali zna\u010dn\u00fa minut\u00e1\u017e len s tromi hr\u00e1\u010dmi na striedanie na oboch z\u00e1pasoch. S ma\u010farsk\u00fdm s\u00faperom sme videli dominanciu na lopte v podan\u00ed n\u00e1\u0161ho t\u00edmu po\u010das cel\u00e9ho z\u00e1pasu, ale aj ve\u013ek\u00fa neefekt\u00edvnos\u0165 v okol\u00ed br\u00e1ny. Vypracovali sme si ve\u013ek\u00e9 mno\u017estvo \u0161anc\u00ed, ale ich rie\u0161enie nebolo optim\u00e1lne. Zo 6 inkasovan\u00fdch g\u00f3lov sme na 5 prihrali \u00fato\u010dn\u00edkom s\u00fapera nepresnou prihr\u00e1vkou do vylo\u017eenej \u0161ance, \u010domu sa treba vyvarova\u0165. S predvedenou ofenz\u00edvnou hrou sme ve\u013emi spokojn\u00ed, v z\u00e1pase sme boli jasne lep\u0161\u00ed.\u201c<\/strong><\/p>\n\n\n\n<p class=\"has-text-align-center\"><strong>FC Spartak Trnava U12 \u2013 1. FC Slov\u00e1cko U12 5:5<\/strong><\/p>\n\n\n\n<p class=\"has-text-align-center\">Najmlad\u0161\u00ed \u017eiaci teda odohrali v&nbsp;sobotu dva z\u00e1pasy. Druh\u00e1 skupina hrala, podobne ako star\u0161\u00ed spoluhr\u00e1\u010di, proti Slov\u00e1cku. K&nbsp;rem\u00edze 5:5 prispel najviac trojg\u00f3lov\u00fd Chlepko.<\/p>\n\n\n\n<p class=\"has-text-align-center\"><strong>Goals: <\/strong>3x Chlepko, Horv\u00e1th, Denkoci<\/p>\n\n\n\n<p class=\"has-text-align-center\"><strong>D\u00e1vid Mi\u0161kovi\u010d: \u201eV tomto z\u00e1pase hodnot\u00edme n\u00e1\u0161 v\u00fdkon za ve\u013emi slab\u00fd a s predvedenou hrou sme nespokojn\u00ed. S\u00faperovi hr\u00e1\u010di dominovali v strede ihriska, kde boli na\u0161i hr\u00e1\u010di ned\u00f4razn\u00ed a v\u0161ade neskoro. V kr\u00eddeln\u00fdch priestoroch sme sa individu\u00e1lne presadzovali nedostato\u010dne a lopty sme \u010dasto str\u00e1cali. Pote\u0161ila st\u00fapaj\u00faca streleck\u00e1 pohoda Chlepka, ktor\u00fd g\u00f3lmi dominoval aj na minulot\u00fd\u017ednovom v\u00ed\u0165aznom turnaji.\u201c<\/strong><\/p>\n\n\n\n<p class=\"has-text-align-center\"><strong>FC Spartak Trnava WU19 \u2013 Ferencv\u00e1ros Budape\u0161\u0165 WU19 1:5<\/strong><\/p>\n\n\n\n<p class=\"has-text-align-center\">Gener\u00e1lky pred z\u00e1pasmi s&nbsp;Bo\u0161anmi odohrali aj na\u0161e diev\u010dat\u00e1, no v\u00fdsledkovo im v\u00f4bec nevy\u0161li. Dorastenky prehrali s&nbsp;ma\u010farsk\u00fdm dru\u017estvom Ferencv\u00e1ros Budape\u0161\u0165 1:5.<\/p>\n\n\n\n<p class=\"has-text-align-center\"><strong>Goals: <\/strong>Hal\u00e1sov\u00e1<\/p>\n\n\n\n<p class=\"has-text-align-center\"><strong>Jakub Bla\u017ei: \u201eZ\u00e1pas napriek extr\u00e9mnej hor\u00fa\u010dave mal vysok\u00e9 tempo. S\u00faperky mali kvalitovo navrch, ale my sme sa bojovnos\u0165ou dorovnali. Inkasovali sme g\u00f3ly po na\u0161ich individu\u00e1lnych chyb\u00e1ch, naopak my sme ich zav\u00e1hania nedok\u00e1zali g\u00f3lovo vyu\u017ei\u0165. V celom z\u00e1pase sme mali 4 samostatn\u00e9 n\u00e1jazdy, ale tie sme nepremenili, tak\u017ee v\u00e4\u010d\u0161inou sa vo futbale tak\u00e9to \u0161ance trestaj\u00fa, \u010do platilo aj v tomto z\u00e1pase. V z\u00e1vere sme dok\u00e1zali streli\u0165 iba g\u00f3l, tak\u017ee v\u00fdsledkovo to dopadlo v n\u00e1\u0161 neprospech, ale treba uzna\u0165 kvality Ferencv\u00e1rosu.\u201c<\/strong><\/p>\n\n\n\n<p class=\"has-text-align-center\"><strong>FC Spartak Trnava WU15 \u2013 Ferencv\u00e1ros Budape\u0161\u0165 WU15 0:4<\/strong><\/p>\n\n\n\n<p class=\"has-text-align-center\">Z\u00e1pas proti Ferencv\u00e1rosu nevy\u0161iel pod\u013ea predst\u00e1v ani \u017eia\u010dkam. Napriek zlep\u0161en\u00e9mu v\u00fdkonu v&nbsp;druhom pol\u010dase z&nbsp;toho bola prehra 0:4.<\/p>\n\n\n\n<p class=\"has-text-align-center\"><strong>Henrieta Pol\u00e1\u010dikov\u00e1: \u201eV poslednom pr\u00edpravnom z\u00e1pase sme nast\u00fapili proti doteraz najsilnej\u0161iemu s\u00faperovi. V \u00favode stretnutia sme nezachytili tempo hry a dopustili sme sa nieko\u013ek\u00fdch individu\u00e1lnych ch\u00fdb, ktor\u00e9 s\u00faper okam\u017eite potrestal. V druhom pol\u010dase v\u0161ak t\u00edm uk\u00e1zal charakter. S\u00fapera sme kondi\u010dne prev\u00fd\u0161ili, dok\u00e1zali sme dr\u017ea\u0165 loptu a kombinova\u0165, ale smerom dopredu sme boli m\u00e1lo nebezpe\u010dn\u00ed. Ch\u00fdbala n\u00e1m v\u00e4\u010d\u0161ia kvalita v zakon\u010den\u00ed a lep\u0161ie rie\u0161enia v \u00fato\u010dnej f\u00e1ze. Napriek zlep\u0161enej hre sme u\u017e v\u00fdsledok nezvr\u00e1tili.\u201c<\/strong><\/p>","protected":false},"excerpt":{"rendered":"<p>FC Spartak Trnava U19 \u2013 SC Vasas Budape\u0161\u0165&#8230;<\/p>","protected":false},"author":2,"featured_media":31148,"comment_status":"closed","ping_status":"closed","sticky":false,"template":"","format":"standard","meta":{"footnotes":""},"categories":[52,12],"tags":[],"class_list":["post-31147","post","type-post","status-publish","format-standard","has-post-thumbnail","hentry","category-mladez","category-spravy","post-number-1"],"yoast_head":"<!-- This site is optimized with the Yoast SEO plugin v27.1.1 - https:\/\/yoast.com\/product\/yoast-seo-wordpress\/ -->\n<title>Ml\u00e1de\u017en\u00edci s\u00a0ligov\u00fdmi gener\u00e1lkami - FC Spartak Trnava<\/title>\n<meta name=\"robots\" content=\"index, follow, max-snippet:-1, max-image-preview:large, max-video-preview:-1\" \/>\n<link rel=\"canonical\" href=\"https:\/\/fcspartaktrnava.com\/en\/mladeznici-s-ligovymi-generalkami\/\" \/>\n<meta name=\"twitter:label1\" content=\"Written by\" \/>\n\t<meta name=\"twitter:data1\" content=\"spartak\" \/>\n\t<meta name=\"twitter:label2\" content=\"Estimated reading time\" \/>\n\t<meta name=\"twitter:data2\" content=\"8 minutes\" \/>\n<script type=\"application\/ld+json\" class=\"yoast-schema-graph\">{\"@context\":\"https:\/\/schema.org\",\"@graph\":[{\"@type\":\"Article\",\"@id\":\"https:\/\/fcspartaktrnava.com\/mladeznici-s-ligovymi-generalkami\/#article\",\"isPartOf\":{\"@id\":\"https:\/\/fcspartaktrnava.com\/mladeznici-s-ligovymi-generalkami\/\"},\"author\":{\"name\":\"spartak\",\"@id\":\"https:\/\/fcspartaktrnava.com\/#\/schema\/person\/24bc5b254af14f71d7d8af178790aa75\"},\"headline\":\"Ml\u00e1de\u017en\u00edci s\u00a0ligov\u00fdmi gener\u00e1lkami\",\"datePublished\":\"2025-08-10T19:32:30+00:00\",\"dateModified\":\"2025-08-11T07:33:03+00:00\",\"mainEntityOfPage\":{\"@id\":\"https:\/\/fcspartaktrnava.com\/mladeznici-s-ligovymi-generalkami\/\"},\"wordCount\":1960,\"publisher\":{\"@id\":\"https:\/\/fcspartaktrnava.com\/#organization\"},\"image\":{\"@id\":\"https:\/\/fcspartaktrnava.com\/mladeznici-s-ligovymi-generalkami\/#primaryimage\"},\"thumbnailUrl\":\"https:\/\/fcspartaktrnava.com\/wp-content\/uploads\/2025\/08\/3ae2580c-0131-4f2f-9a2d-51e6e9fe92ec-e1754897545377.png\",\"articleSection\":[\"Ml\u00e1de\u017e\",\"Spr\u00e1vy\"],\"inLanguage\":\"en-GB\"},{\"@type\":\"WebPage\",\"@id\":\"https:\/\/fcspartaktrnava.com\/mladeznici-s-ligovymi-generalkami\/\",\"url\":\"https:\/\/fcspartaktrnava.com\/mladeznici-s-ligovymi-generalkami\/\",\"name\":\"Ml\u00e1de\u017en\u00edci s\u00a0ligov\u00fdmi gener\u00e1lkami - FC Spartak Trnava\",\"isPartOf\":{\"@id\":\"https:\/\/fcspartaktrnava.com\/#website\"},\"primaryImageOfPage\":{\"@id\":\"https:\/\/fcspartaktrnava.com\/mladeznici-s-ligovymi-generalkami\/#primaryimage\"},\"image\":{\"@id\":\"https:\/\/fcspartaktrnava.com\/mladeznici-s-ligovymi-generalkami\/#primaryimage\"},\"thumbnailUrl\":\"https:\/\/fcspartaktrnava.com\/wp-content\/uploads\/2025\/08\/3ae2580c-0131-4f2f-9a2d-51e6e9fe92ec-e1754897545377.png\",\"datePublished\":\"2025-08-10T19:32:30+00:00\",\"dateModified\":\"2025-08-11T07:33:03+00:00\",\"breadcrumb\":{\"@id\":\"https:\/\/fcspartaktrnava.com\/mladeznici-s-ligovymi-generalkami\/#breadcrumb\"},\"inLanguage\":\"en-GB\",\"potentialAction\":[{\"@type\":\"ReadAction\",\"target\":[\"https:\/\/fcspartaktrnava.com\/mladeznici-s-ligovymi-generalkami\/\"]}]},{\"@type\":\"ImageObject\",\"inLanguage\":\"en-GB\",\"@id\":\"https:\/\/fcspartaktrnava.com\/mladeznici-s-ligovymi-generalkami\/#primaryimage\",\"url\":\"https:\/\/fcspartaktrnava.com\/wp-content\/uploads\/2025\/08\/3ae2580c-0131-4f2f-9a2d-51e6e9fe92ec-e1754897545377.png\",\"contentUrl\":\"https:\/\/fcspartaktrnava.com\/wp-content\/uploads\/2025\/08\/3ae2580c-0131-4f2f-9a2d-51e6e9fe92ec-e1754897545377.png\",\"width\":1200,\"height\":880},{\"@type\":\"BreadcrumbList\",\"@id\":\"https:\/\/fcspartaktrnava.com\/mladeznici-s-ligovymi-generalkami\/#breadcrumb\",\"itemListElement\":[{\"@type\":\"ListItem\",\"position\":1,\"name\":\"Home\",\"item\":\"https:\/\/fcspartaktrnava.com\/\"},{\"@type\":\"ListItem\",\"position\":2,\"name\":\"Ml\u00e1de\u017en\u00edci s\u00a0ligov\u00fdmi gener\u00e1lkami\"}]},{\"@type\":\"WebSite\",\"@id\":\"https:\/\/fcspartaktrnava.com\/#website\",\"url\":\"https:\/\/fcspartaktrnava.com\/\",\"name\":\"FC Spartak Trnava\",\"description\":\"ofici\u00e1lna webstr\u00e1nka futbalov\u00e9ho klubu\",\"publisher\":{\"@id\":\"https:\/\/fcspartaktrnava.com\/#organization\"},\"potentialAction\":[{\"@type\":\"SearchAction\",\"target\":{\"@type\":\"EntryPoint\",\"urlTemplate\":\"https:\/\/fcspartaktrnava.com\/?s={search_term_string}\"},\"query-input\":{\"@type\":\"PropertyValueSpecification\",\"valueRequired\":true,\"valueName\":\"search_term_string\"}}],\"inLanguage\":\"en-GB\"},{\"@type\":\"Organization\",\"@id\":\"https:\/\/fcspartaktrnava.com\/#organization\",\"name\":\"FC Spartak Trnava\",\"alternateName\":\"Spartak\",\"url\":\"https:\/\/fcspartaktrnava.com\/\",\"logo\":{\"@type\":\"ImageObject\",\"inLanguage\":\"en-GB\",\"@id\":\"https:\/\/fcspartaktrnava.com\/#\/schema\/logo\/image\/\",\"url\":\"https:\/\/fcspartaktrnava.com\/wp-content\/uploads\/2022\/08\/cropped-site_logo.png\",\"contentUrl\":\"https:\/\/fcspartaktrnava.com\/wp-content\/uploads\/2022\/08\/cropped-site_logo.png\",\"width\":140,\"height\":140,\"caption\":\"FC Spartak Trnava\"},\"image\":{\"@id\":\"https:\/\/fcspartaktrnava.com\/#\/schema\/logo\/image\/\"},\"sameAs\":[\"https:\/\/www.facebook.com\/SpartakTrnava\",\"https:\/\/x.com\/SpartakTrnava1\",\"https:\/\/www.instagram.com\/spartak_sk\/\"]},{\"@type\":\"Person\",\"@id\":\"https:\/\/fcspartaktrnava.com\/#\/schema\/person\/24bc5b254af14f71d7d8af178790aa75\",\"name\":\"spartak\",\"image\":{\"@type\":\"ImageObject\",\"inLanguage\":\"en-GB\",\"@id\":\"https:\/\/fcspartaktrnava.com\/#\/schema\/person\/image\/\",\"url\":\"https:\/\/secure.gravatar.com\/avatar\/f8ff8584f3fcf3909a11a6da9019f37749183b4015bca14e64556c52614cdc7f?s=96&d=mm&r=g\",\"contentUrl\":\"https:\/\/secure.gravatar.com\/avatar\/f8ff8584f3fcf3909a11a6da9019f37749183b4015bca14e64556c52614cdc7f?s=96&d=mm&r=g\",\"caption\":\"spartak\"},\"url\":\"https:\/\/fcspartaktrnava.com\/en\/author\/spartak\/\"}]}<\/script>\n<!-- \/ Yoast SEO plugin. -->","yoast_head_json":{"title":"Ml\u00e1de\u017en\u00edci s\u00a0ligov\u00fdmi gener\u00e1lkami - FC Spartak Trnava","robots":{"index":"index","follow":"follow","max-snippet":"max-snippet:-1","max-image-preview":"max-image-preview:large","max-video-preview":"max-video-preview:-1"},"canonical":"https:\/\/fcspartaktrnava.com\/en\/mladeznici-s-ligovymi-generalkami\/","twitter_misc":{"Written by":"spartak","Estimated reading time":"8 minutes"},"schema":{"@context":"https:\/\/schema.org","@graph":[{"@type":"Article","@id":"https:\/\/fcspartaktrnava.com\/mladeznici-s-ligovymi-generalkami\/#article","isPartOf":{"@id":"https:\/\/fcspartaktrnava.com\/mladeznici-s-ligovymi-generalkami\/"},"author":{"name":"spartak","@id":"https:\/\/fcspartaktrnava.com\/#\/schema\/person\/24bc5b254af14f71d7d8af178790aa75"},"headline":"Ml\u00e1de\u017en\u00edci s\u00a0ligov\u00fdmi gener\u00e1lkami","datePublished":"2025-08-10T19:32:30+00:00","dateModified":"2025-08-11T07:33:03+00:00","mainEntityOfPage":{"@id":"https:\/\/fcspartaktrnava.com\/mladeznici-s-ligovymi-generalkami\/"},"wordCount":1960,"publisher":{"@id":"https:\/\/fcspartaktrnava.com\/#organization"},"image":{"@id":"https:\/\/fcspartaktrnava.com\/mladeznici-s-ligovymi-generalkami\/#primaryimage"},"thumbnailUrl":"https:\/\/fcspartaktrnava.com\/wp-content\/uploads\/2025\/08\/3ae2580c-0131-4f2f-9a2d-51e6e9fe92ec-e1754897545377.png","articleSection":["Ml\u00e1de\u017e","Spr\u00e1vy"],"inLanguage":"en-GB"},{"@type":"WebPage","@id":"https:\/\/fcspartaktrnava.com\/mladeznici-s-ligovymi-generalkami\/","url":"https:\/\/fcspartaktrnava.com\/mladeznici-s-ligovymi-generalkami\/","name":"Ml\u00e1de\u017en\u00edci s\u00a0ligov\u00fdmi gener\u00e1lkami - FC Spartak Trnava","isPartOf":{"@id":"https:\/\/fcspartaktrnava.com\/#website"},"primaryImageOfPage":{"@id":"https:\/\/fcspartaktrnava.com\/mladeznici-s-ligovymi-generalkami\/#primaryimage"},"image":{"@id":"https:\/\/fcspartaktrnava.com\/mladeznici-s-ligovymi-generalkami\/#primaryimage"},"thumbnailUrl":"https:\/\/fcspartaktrnava.com\/wp-content\/uploads\/2025\/08\/3ae2580c-0131-4f2f-9a2d-51e6e9fe92ec-e1754897545377.png","datePublished":"2025-08-10T19:32:30+00:00","dateModified":"2025-08-11T07:33:03+00:00","breadcrumb":{"@id":"https:\/\/fcspartaktrnava.com\/mladeznici-s-ligovymi-generalkami\/#breadcrumb"},"inLanguage":"en-GB","potentialAction":[{"@type":"ReadAction","target":["https:\/\/fcspartaktrnava.com\/mladeznici-s-ligovymi-generalkami\/"]}]},{"@type":"ImageObject","inLanguage":"en-GB","@id":"https:\/\/fcspartaktrnava.com\/mladeznici-s-ligovymi-generalkami\/#primaryimage","url":"https:\/\/fcspartaktrnava.com\/wp-content\/uploads\/2025\/08\/3ae2580c-0131-4f2f-9a2d-51e6e9fe92ec-e1754897545377.png","contentUrl":"https:\/\/fcspartaktrnava.com\/wp-content\/uploads\/2025\/08\/3ae2580c-0131-4f2f-9a2d-51e6e9fe92ec-e1754897545377.png","width":1200,"height":880},{"@type":"BreadcrumbList","@id":"https:\/\/fcspartaktrnava.com\/mladeznici-s-ligovymi-generalkami\/#breadcrumb","itemListElement":[{"@type":"ListItem","position":1,"name":"Home","item":"https:\/\/fcspartaktrnava.com\/"},{"@type":"ListItem","position":2,"name":"Ml\u00e1de\u017en\u00edci s\u00a0ligov\u00fdmi gener\u00e1lkami"}]},{"@type":"WebSite","@id":"https:\/\/fcspartaktrnava.com\/#website","url":"https:\/\/fcspartaktrnava.com\/","name":"FC Spartak Trnava","description":"ofici\u00e1lna webstr\u00e1nka futbalov\u00e9ho klubu","publisher":{"@id":"https:\/\/fcspartaktrnava.com\/#organization"},"potentialAction":[{"@type":"SearchAction","target":{"@type":"EntryPoint","urlTemplate":"https:\/\/fcspartaktrnava.com\/?s={search_term_string}"},"query-input":{"@type":"PropertyValueSpecification","valueRequired":true,"valueName":"search_term_string"}}],"inLanguage":"en-GB"},{"@type":"Organization","@id":"https:\/\/fcspartaktrnava.com\/#organization","name":"FC Spartak Trnava","alternateName":"Spartak","url":"https:\/\/fcspartaktrnava.com\/","logo":{"@type":"ImageObject","inLanguage":"en-GB","@id":"https:\/\/fcspartaktrnava.com\/#\/schema\/logo\/image\/","url":"https:\/\/fcspartaktrnava.com\/wp-content\/uploads\/2022\/08\/cropped-site_logo.png","contentUrl":"https:\/\/fcspartaktrnava.com\/wp-content\/uploads\/2022\/08\/cropped-site_logo.png","width":140,"height":140,"caption":"FC Spartak Trnava"},"image":{"@id":"https:\/\/fcspartaktrnava.com\/#\/schema\/logo\/image\/"},"sameAs":["https:\/\/www.facebook.com\/SpartakTrnava","https:\/\/x.com\/SpartakTrnava1","https:\/\/www.instagram.com\/spartak_sk\/"]},{"@type":"Person","@id":"https:\/\/fcspartaktrnava.com\/#\/schema\/person\/24bc5b254af14f71d7d8af178790aa75","name":"spartak","image":{"@type":"ImageObject","inLanguage":"en-GB","@id":"https:\/\/fcspartaktrnava.com\/#\/schema\/person\/image\/","url":"https:\/\/secure.gravatar.com\/avatar\/f8ff8584f3fcf3909a11a6da9019f37749183b4015bca14e64556c52614cdc7f?s=96&d=mm&r=g","contentUrl":"https:\/\/secure.gravatar.com\/avatar\/f8ff8584f3fcf3909a11a6da9019f37749183b4015bca14e64556c52614cdc7f?s=96&d=mm&r=g","caption":"spartak"},"url":"https:\/\/fcspartaktrnava.com\/en\/author\/spartak\/"}]}},"_links":{"self":[{"href":"https:\/\/fcspartaktrnava.com\/en\/wp-json\/wp\/v2\/posts\/31147","targetHints":{"allow":["GET"]}}],"collection":[{"href":"https:\/\/fcspartaktrnava.com\/en\/wp-json\/wp\/v2\/posts"}],"about":[{"href":"https:\/\/fcspartaktrnava.com\/en\/wp-json\/wp\/v2\/types\/post"}],"author":[{"embeddable":true,"href":"https:\/\/fcspartaktrnava.com\/en\/wp-json\/wp\/v2\/users\/2"}],"replies":[{"embeddable":true,"href":"https:\/\/fcspartaktrnava.com\/en\/wp-json\/wp\/v2\/comments?post=31147"}],"version-history":[{"count":0,"href":"https:\/\/fcspartaktrnava.com\/en\/wp-json\/wp\/v2\/posts\/31147\/revisions"}],"wp:featuredmedia":[{"embeddable":true,"href":"https:\/\/fcspartaktrnava.com\/en\/wp-json\/wp\/v2\/media\/31148"}],"wp:attachment":[{"href":"https:\/\/fcspartaktrnava.com\/en\/wp-json\/wp\/v2\/media?parent=31147"}],"wp:term":[{"taxonomy":"category","embeddable":true,"href":"https:\/\/fcspartaktrnava.com\/en\/wp-json\/wp\/v2\/categories?post=31147"},{"taxonomy":"post_tag","embeddable":true,"href":"https:\/\/fcspartaktrnava.com\/en\/wp-json\/wp\/v2\/tags?post=31147"}],"curies":[{"name":"wp","href":"https:\/\/api.w.org\/{rel}","templated":true}]}}