{"id":31133,"date":"2025-08-09T16:16:58","date_gmt":"2025-08-09T14:16:58","guid":{"rendered":"https:\/\/fcspartaktrnava.com\/?p=31133"},"modified":"2025-08-09T16:16:58","modified_gmt":"2025-08-09T14:16:58","slug":"spartak-si-bude-chciet-proti-presovu-upevnit-prve-miesto-v-tabulke","status":"publish","type":"post","link":"https:\/\/fcspartaktrnava.com\/en\/spartak-si-bude-chciet-proti-presovu-upevnit-prve-miesto-v-tabulke\/","title":{"rendered":"SPARTAK SI BUDE CHCIE\u0164 PROTI PRE\u0160OVU UPEVNI\u0164 PRV\u00c9 MIESTO V TABU\u013dKE"},"content":{"rendered":"<p class=\"has-text-align-center has-medium-font-size\"><strong>U\u017e zajtra je na programe 3. kolo Nik\u00e9 ligy pre trnavsk\u00fd Spartak. B\u00edli Andeli sa predstavia na dom\u00e1com ihrisku proti nov\u00e1\u010dikovi z Pre\u0161ova. Po 2 kol\u00e1ch maj\u00fa na konte 6 bodov a usadili sa na prvom mieste v tabu\u013eke.<\/strong><\/p>\n\n\n\n<p class=\"has-text-align-center has-medium-font-size\">Trnav\u010dania aktu\u00e1lne \u0165ahaj\u00fa \u0161n\u00faru 7 v\u00fdhier v rade proti tomuto s\u00faperovi, naposledy sa spolu stretli e\u0161te po\u010das majstrovskej sez\u00f3ny v roku 2017. S Pre\u0161ovom odohral Spartak aj pam\u00e4tn\u00fd duel v roku 2013, kedy sa v poslednom kole zachr\u00e1nil v najvy\u0161\u0161ej slovenskej s\u00fa\u0165a\u017ei.<br><br>Na tento duel si pam\u00e4t\u00e1 aj kapit\u00e1n mu\u017estva, Martin Mikovi\u010d: <strong><em>,,Spom\u00ednam si na ten duel, bol na n\u00e1s vtedy riadny tlak. Niektor\u00ed star\u0161\u00ed hr\u00e1\u010di sa s t\u00fdm vyrovn\u00e1vali mo\u017eno e\u0161te hor\u0161ie ako my mlad\u00ed, ke\u010f sme i\u0161li hra\u0165. Nerv\u00f3zny som ur\u010dite bol, v tom z\u00e1pase \u0161lo naozaj o ve\u013ea. Od za\u010diatku bol Pre\u0161ov hlboko zatiahnut\u00fd, sta\u010dila im toti\u017e rem\u00edza. Na\u0161\u0165astie sme dali g\u00f3l z 11-ky, po tom ako s\u00faper dostal \u010derven\u00fa kartu. To n\u00e1m paradoxne mo\u017eno trochu u\u0161kodilo. S\u00faper tam mal nejak\u00e9 \u0161ance, ve\u013emi n\u00e1s podr\u017eal Dobo Rusov. Nakoniec sme to utrpeli do konca a do druhej ligy padol Pre\u0161ov. Som ale r\u00e1d, \u017ee s\u00fa teraz sp\u00e4\u0165, tak\u00e9to mu\u017estvo a mesto ako je Pre\u0161ov do ligy patr\u00ed.&#8220;<\/em><\/strong><\/p>\n\n\n\n<p class=\"has-text-align-center has-medium-font-size\">Proti Pre\u0161ovu odohral Mikovi\u010d u\u017e 8 duelov. V 6 z nich, vr\u00e1tane toho vy\u0161\u0161ie spom\u00ednan\u00e9ho, sa te\u0161il z v\u00ed\u0165azstva. Dokonca sa mu podarilo aj raz sk\u00f3rova\u0165, e\u0161te v roku 2016: <strong><em>,,Na ten g\u00f3l si veru nepam\u00e4t\u00e1m. Sna\u017e\u00edm sa spomen\u00fa\u0165 si, ale nejak si ho vybavi\u0165 neviem.&#8220;<\/em><\/strong><\/p>\n\n\n\n<figure class=\"wp-block-image size-large\"><img loading=\"lazy\" decoding=\"async\" width=\"1024\" height=\"681\" src=\"https:\/\/fcspartaktrnava.com\/wp-content\/uploads\/2025\/08\/DSC_0300-1-1024x681.jpg\" alt=\"\" class=\"wp-image-31134\" srcset=\"https:\/\/fcspartaktrnava.com\/wp-content\/uploads\/2025\/08\/DSC_0300-1-1024x681.jpg 1024w, https:\/\/fcspartaktrnava.com\/wp-content\/uploads\/2025\/08\/DSC_0300-1-300x200.jpg 300w, https:\/\/fcspartaktrnava.com\/wp-content\/uploads\/2025\/08\/DSC_0300-1-768x511.jpg 768w, https:\/\/fcspartaktrnava.com\/wp-content\/uploads\/2025\/08\/DSC_0300-1-1536x1022.jpg 1536w, https:\/\/fcspartaktrnava.com\/wp-content\/uploads\/2025\/08\/DSC_0300-1-2048x1363.jpg 2048w, https:\/\/fcspartaktrnava.com\/wp-content\/uploads\/2025\/08\/DSC_0300-1-18x12.jpg 18w\" sizes=\"auto, (max-width: 1024px) 100vw, 1024px\" \/><\/figure>\n\n\n\n<p class=\"has-text-align-center has-medium-font-size\">Spartak teraz absolvuje z\u00e1pasy v r\u00fdchlom slede za sebou, pre povinnosti v poh\u00e1rovej Eur\u00f3pe ich \u010dak\u00e1 duel aktu\u00e1lne ka\u017ed\u00fd \u0161tvrtok a nede\u013eu. Mikovi\u010d ale zatia\u013e \u00fanavu nepoci\u0165uje:<em> <strong>,,\u00danavu nec\u00edtime. S\u00fa tam nejak\u00e9 men\u0161ie \u0161r\u00e1my zo z\u00e1pasov, to k tomu patr\u00ed, ale \u00fanava e\u0161te nem\u00e1 by\u0165 pre\u010do, je len za\u010diatok sez\u00f3ny.&#8220;<\/strong><\/em><br><br>Andeli vst\u00fapili do novej sez\u00f3ny pozit\u00edvne, z 2 z\u00e1pasov maj\u00fa na svojom konte 6 bodov a 2 \u010dist\u00e9 \u0161t\u00edty. <strong><em>,,Prip\u00edsal by som to tomu, \u017ee sme sa zodpovedne pripravili na oboch s\u00faperov, aj na Ru\u017eomberok aj na Tren\u010d\u00edn. Ru\u017eomberok sme doma zvl\u00e1dli na v\u00fdborn\u00fa, aj ke\u010f n\u00e1m pomohla \u010derven\u00e1 karta host\u00ed. Z\u00e1pas sme ale mali pod kontrolou. V Tren\u010d\u00edne to bolo prv\u00fd pol\u010das v\u00fdborn\u00e9, v druhom u\u017e tempo opadlo, s\u00faper mal na konci jednu \u0161ancu, ale chvalabohu sme to zvl\u00e1dli,&#8220;<\/em> <\/strong>okomentoval vstup do sez\u00f3ny Mikovi\u010d.<br><br>Trnava sa ale teraz predstav\u00ed proti \u00faplne in\u00e9mu Pre\u0161ovu, ak\u00fd to bol pred 8 rokmi, kedy sa naposledy v lige stretli. <strong><em>,,Zajtra si budeme musie\u0165 da\u0165 pozor najm\u00e4 na \u0161tandardn\u00e9 situ\u00e1cie a na ich r\u00fdchle prechody do \u00fatoku. Tie maj\u00fa dobre zvl\u00e1dnut\u00e9, hr\u00e1\u010di s\u00fa ochotn\u00ed vo vysokej r\u00fdchlosti vyrazi\u0165 do brejkov. Mysl\u00edm si ale, \u017ee z\u00e1pas bude preva\u017ene o n\u00e1s, mus\u00edme to v\u0161ak vzadu ma\u0165 dobre pokryt\u00e9, aby sa n\u00e1m nestalo to, \u010do teraz v Rumunsku,&#8220;<\/em><\/strong> povedal na margo zajtraj\u0161ieho z\u00e1pasu Mikovi\u010d.<br><br>Spartak ned\u00e1vno prekro\u010dil aj hranicu 2000 predan\u00fdch permanentiek. Ide o n\u00e1rast oproti minul\u00e9mu roku, rovnako st\u00fapaj\u00facu tendenciu m\u00e1 aj priemern\u00e1 n\u00e1v\u0161tevnos\u0165 na \u0161tadi\u00f3ne. Mikovi\u010d si ale st\u00e1le mysl\u00ed, \u017ee \u013eud\u00ed na trib\u00fanach by mohlo by\u0165 viac: <strong><em>,,Je to s\u00edce pekn\u00e9 \u010d\u00edslo, ale aj tak ako fan\u00fa\u0161ik a hr\u00e1\u010d Spartaka viem, \u017ee je tu v\u00e4\u010d\u0161\u00ed potenci\u00e1l t\u00fdch fan\u00fa\u0161ikov. Mo\u017eno bud\u00fa trvrdi\u0165, \u017ee nie som skromn\u00fd, ale ja som \u010dakal vy\u0161\u0161ie \u010d\u00edslo v Trnave, s t\u00fdm ak\u00fa m\u00e1me z\u00e1klad\u0148u. Ale sme samozrejme radi aj za t\u00fdchto 2000. &#8222;<\/em><\/strong><br><br><strong><em>,,Je to vidie\u0165 v ka\u017edom z\u00e1pase, ten pr\u00ednos \u013eud\u00ed, ke\u010f na \u0161tadi\u00f3n pr\u00eddu. Videli sme to aj v Tren\u010d\u00edne, tak\u00fd v\u00fdjazd asi Trnava e\u0161te nemala, mo\u017eno e\u0161te na starom tren\u010dianskom \u0161tadi\u00f3ne. Pom\u00e1haj\u00fa n\u00e1m stra\u0161ne aj doma, ka\u017ed\u00fd hr\u00e1\u010d to c\u00edti a ver\u00edm, \u017ee aj zajtra vytvoria tak\u00fa atmosf\u00e9ru, aby to Pre\u0161ov mal u n\u00e1s \u0165a\u017ek\u00e9 aj po tejto str\u00e1nke,&#8220;<\/em><\/strong> dodal e\u0161te na z\u00e1ver Mikovi\u010d.<\/p>\n\n\n<div class=\"wp-block-image\">\n<figure class=\"aligncenter size-large is-resized\"><img loading=\"lazy\" decoding=\"async\" width=\"1024\" height=\"341\" src=\"https:\/\/fcspartaktrnava.com\/wp-content\/uploads\/2025\/08\/Predpredaj-banner-3-1024x341.png\" alt=\"\" class=\"wp-image-31135\" style=\"width:712px;height:auto\" srcset=\"https:\/\/fcspartaktrnava.com\/wp-content\/uploads\/2025\/08\/Predpredaj-banner-3-1024x341.png 1024w, https:\/\/fcspartaktrnava.com\/wp-content\/uploads\/2025\/08\/Predpredaj-banner-3-300x100.png 300w, https:\/\/fcspartaktrnava.com\/wp-content\/uploads\/2025\/08\/Predpredaj-banner-3-768x256.png 768w, https:\/\/fcspartaktrnava.com\/wp-content\/uploads\/2025\/08\/Predpredaj-banner-3-18x6.png 18w, https:\/\/fcspartaktrnava.com\/wp-content\/uploads\/2025\/08\/Predpredaj-banner-3.png 1140w\" sizes=\"auto, (max-width: 1024px) 100vw, 1024px\" \/><\/figure>\n<\/div>\n\n\n<p class=\"has-text-align-center has-medium-font-size\"><strong>Ak si si e\u0161te nestihol zak\u00fapi\u0165 permanentku na nov\u00fa sez\u00f3nu, teraz m\u00e1\u0161 posledn\u00fa \u0161ancu! V akciovej cene u\u017e od 124 EUR si ju vie\u0161 objedna\u0165 pohodlne na str\u00e1nke <a href=\"http:\/\/bit.ly\/Permanentka2526\">predpredaj.sk<\/a> e\u0161te do nedele 17. augusta do 16:00 ! Tak nev\u00e1haj a bu\u010f aj ty meno trnavsk\u00e9ho futbalu a \u010dlen na\u0161ej ve\u013ekej \u010derveno-\u010d\u00edrnej rodziny.<\/strong><\/p>\n\n\n\n<p class=\"has-text-align-center has-vivid-red-color has-white-background-color has-text-color has-background has-link-color has-medium-font-size wp-elements-857e7e3a99aaa31138583190e6310176\"><strong><a href=\"http:\/\/bit.ly\/Permanentka2526\">POSLEDN\u00c1 \u0160ANCA NA K\u00daPU PERMANENTKY!<\/a><\/strong><\/p>","protected":false},"excerpt":{"rendered":"<p>U\u017e zajtra je na programe 3. kolo Nik\u00e9&#8230;<\/p>","protected":false},"author":5,"featured_media":31136,"comment_status":"closed","ping_status":"closed","sticky":false,"template":"","format":"standard","meta":{"footnotes":""},"categories":[12],"tags":[],"class_list":["post-31133","post","type-post","status-publish","format-standard","has-post-thumbnail","hentry","category-spravy","post-number-1"],"yoast_head":"<!-- This site is optimized with the Yoast SEO plugin v27.1.1 - https:\/\/yoast.com\/product\/yoast-seo-wordpress\/ -->\n<title>SPARTAK SI BUDE CHCIE\u0164 PROTI PRE\u0160OVU UPEVNI\u0164 PRV\u00c9 MIESTO V TABU\u013dKE - FC Spartak Trnava<\/title>\n<meta name=\"robots\" content=\"index, follow, max-snippet:-1, max-image-preview:large, max-video-preview:-1\" \/>\n<link rel=\"canonical\" href=\"https:\/\/fcspartaktrnava.com\/en\/spartak-si-bude-chciet-proti-presovu-upevnit-prve-miesto-v-tabulke\/\" \/>\n<meta name=\"twitter:label1\" content=\"Written by\" \/>\n\t<meta name=\"twitter:data1\" content=\"Samuel \u010eurinsk\u00fd\" \/>\n\t<meta name=\"twitter:label2\" content=\"Estimated reading time\" \/>\n\t<meta name=\"twitter:data2\" content=\"5 minutes\" \/>\n<script type=\"application\/ld+json\" class=\"yoast-schema-graph\">{\"@context\":\"https:\/\/schema.org\",\"@graph\":[{\"@type\":\"Article\",\"@id\":\"https:\/\/fcspartaktrnava.com\/spartak-si-bude-chciet-proti-presovu-upevnit-prve-miesto-v-tabulke\/#article\",\"isPartOf\":{\"@id\":\"https:\/\/fcspartaktrnava.com\/spartak-si-bude-chciet-proti-presovu-upevnit-prve-miesto-v-tabulke\/\"},\"author\":{\"name\":\"Samuel \u010eurinsk\u00fd\",\"@id\":\"https:\/\/fcspartaktrnava.com\/#\/schema\/person\/62c3c2562c3c56e4c0c8c2342c596ac0\"},\"headline\":\"SPARTAK SI BUDE CHCIE\u0164 PROTI PRE\u0160OVU UPEVNI\u0164 PRV\u00c9 MIESTO V TABU\u013dKE\",\"datePublished\":\"2025-08-09T14:16:58+00:00\",\"mainEntityOfPage\":{\"@id\":\"https:\/\/fcspartaktrnava.com\/spartak-si-bude-chciet-proti-presovu-upevnit-prve-miesto-v-tabulke\/\"},\"wordCount\":842,\"publisher\":{\"@id\":\"https:\/\/fcspartaktrnava.com\/#organization\"},\"image\":{\"@id\":\"https:\/\/fcspartaktrnava.com\/spartak-si-bude-chciet-proti-presovu-upevnit-prve-miesto-v-tabulke\/#primaryimage\"},\"thumbnailUrl\":\"https:\/\/fcspartaktrnava.com\/wp-content\/uploads\/2025\/08\/DSC_5338-1-scaled.jpg\",\"articleSection\":[\"Spr\u00e1vy\"],\"inLanguage\":\"en-GB\"},{\"@type\":\"WebPage\",\"@id\":\"https:\/\/fcspartaktrnava.com\/spartak-si-bude-chciet-proti-presovu-upevnit-prve-miesto-v-tabulke\/\",\"url\":\"https:\/\/fcspartaktrnava.com\/spartak-si-bude-chciet-proti-presovu-upevnit-prve-miesto-v-tabulke\/\",\"name\":\"SPARTAK SI BUDE CHCIE\u0164 PROTI PRE\u0160OVU UPEVNI\u0164 PRV\u00c9 MIESTO V TABU\u013dKE - FC Spartak Trnava\",\"isPartOf\":{\"@id\":\"https:\/\/fcspartaktrnava.com\/#website\"},\"primaryImageOfPage\":{\"@id\":\"https:\/\/fcspartaktrnava.com\/spartak-si-bude-chciet-proti-presovu-upevnit-prve-miesto-v-tabulke\/#primaryimage\"},\"image\":{\"@id\":\"https:\/\/fcspartaktrnava.com\/spartak-si-bude-chciet-proti-presovu-upevnit-prve-miesto-v-tabulke\/#primaryimage\"},\"thumbnailUrl\":\"https:\/\/fcspartaktrnava.com\/wp-content\/uploads\/2025\/08\/DSC_5338-1-scaled.jpg\",\"datePublished\":\"2025-08-09T14:16:58+00:00\",\"breadcrumb\":{\"@id\":\"https:\/\/fcspartaktrnava.com\/spartak-si-bude-chciet-proti-presovu-upevnit-prve-miesto-v-tabulke\/#breadcrumb\"},\"inLanguage\":\"en-GB\",\"potentialAction\":[{\"@type\":\"ReadAction\",\"target\":[\"https:\/\/fcspartaktrnava.com\/spartak-si-bude-chciet-proti-presovu-upevnit-prve-miesto-v-tabulke\/\"]}]},{\"@type\":\"ImageObject\",\"inLanguage\":\"en-GB\",\"@id\":\"https:\/\/fcspartaktrnava.com\/spartak-si-bude-chciet-proti-presovu-upevnit-prve-miesto-v-tabulke\/#primaryimage\",\"url\":\"https:\/\/fcspartaktrnava.com\/wp-content\/uploads\/2025\/08\/DSC_5338-1-scaled.jpg\",\"contentUrl\":\"https:\/\/fcspartaktrnava.com\/wp-content\/uploads\/2025\/08\/DSC_5338-1-scaled.jpg\",\"width\":2560,\"height\":1703},{\"@type\":\"BreadcrumbList\",\"@id\":\"https:\/\/fcspartaktrnava.com\/spartak-si-bude-chciet-proti-presovu-upevnit-prve-miesto-v-tabulke\/#breadcrumb\",\"itemListElement\":[{\"@type\":\"ListItem\",\"position\":1,\"name\":\"Home\",\"item\":\"https:\/\/fcspartaktrnava.com\/\"},{\"@type\":\"ListItem\",\"position\":2,\"name\":\"SPARTAK SI BUDE CHCIE\u0164 PROTI PRE\u0160OVU UPEVNI\u0164 PRV\u00c9 MIESTO V TABU\u013dKE\"}]},{\"@type\":\"WebSite\",\"@id\":\"https:\/\/fcspartaktrnava.com\/#website\",\"url\":\"https:\/\/fcspartaktrnava.com\/\",\"name\":\"FC Spartak Trnava\",\"description\":\"ofici\u00e1lna webstr\u00e1nka futbalov\u00e9ho klubu\",\"publisher\":{\"@id\":\"https:\/\/fcspartaktrnava.com\/#organization\"},\"potentialAction\":[{\"@type\":\"SearchAction\",\"target\":{\"@type\":\"EntryPoint\",\"urlTemplate\":\"https:\/\/fcspartaktrnava.com\/?s={search_term_string}\"},\"query-input\":{\"@type\":\"PropertyValueSpecification\",\"valueRequired\":true,\"valueName\":\"search_term_string\"}}],\"inLanguage\":\"en-GB\"},{\"@type\":\"Organization\",\"@id\":\"https:\/\/fcspartaktrnava.com\/#organization\",\"name\":\"FC Spartak Trnava\",\"alternateName\":\"Spartak\",\"url\":\"https:\/\/fcspartaktrnava.com\/\",\"logo\":{\"@type\":\"ImageObject\",\"inLanguage\":\"en-GB\",\"@id\":\"https:\/\/fcspartaktrnava.com\/#\/schema\/logo\/image\/\",\"url\":\"https:\/\/fcspartaktrnava.com\/wp-content\/uploads\/2022\/08\/cropped-site_logo.png\",\"contentUrl\":\"https:\/\/fcspartaktrnava.com\/wp-content\/uploads\/2022\/08\/cropped-site_logo.png\",\"width\":140,\"height\":140,\"caption\":\"FC Spartak Trnava\"},\"image\":{\"@id\":\"https:\/\/fcspartaktrnava.com\/#\/schema\/logo\/image\/\"},\"sameAs\":[\"https:\/\/www.facebook.com\/SpartakTrnava\",\"https:\/\/x.com\/SpartakTrnava1\",\"https:\/\/www.instagram.com\/spartak_sk\/\"]},{\"@type\":\"Person\",\"@id\":\"https:\/\/fcspartaktrnava.com\/#\/schema\/person\/62c3c2562c3c56e4c0c8c2342c596ac0\",\"name\":\"Samuel \u010eurinsk\u00fd\",\"image\":{\"@type\":\"ImageObject\",\"inLanguage\":\"en-GB\",\"@id\":\"https:\/\/fcspartaktrnava.com\/#\/schema\/person\/image\/\",\"url\":\"https:\/\/secure.gravatar.com\/avatar\/af2fa02af92418b86ed742470664fe40056833fb68d84becf03f6ab02319257c?s=96&d=mm&r=g\",\"contentUrl\":\"https:\/\/secure.gravatar.com\/avatar\/af2fa02af92418b86ed742470664fe40056833fb68d84becf03f6ab02319257c?s=96&d=mm&r=g\",\"caption\":\"Samuel \u010eurinsk\u00fd\"},\"url\":\"https:\/\/fcspartaktrnava.com\/en\/author\/fcst-samuel\/\"}]}<\/script>\n<!-- \/ Yoast SEO plugin. -->","yoast_head_json":{"title":"SPARTAK SI BUDE CHCIE\u0164 PROTI PRE\u0160OVU UPEVNI\u0164 PRV\u00c9 MIESTO V TABU\u013dKE - FC Spartak Trnava","robots":{"index":"index","follow":"follow","max-snippet":"max-snippet:-1","max-image-preview":"max-image-preview:large","max-video-preview":"max-video-preview:-1"},"canonical":"https:\/\/fcspartaktrnava.com\/en\/spartak-si-bude-chciet-proti-presovu-upevnit-prve-miesto-v-tabulke\/","twitter_misc":{"Written by":"Samuel \u010eurinsk\u00fd","Estimated reading time":"5 minutes"},"schema":{"@context":"https:\/\/schema.org","@graph":[{"@type":"Article","@id":"https:\/\/fcspartaktrnava.com\/spartak-si-bude-chciet-proti-presovu-upevnit-prve-miesto-v-tabulke\/#article","isPartOf":{"@id":"https:\/\/fcspartaktrnava.com\/spartak-si-bude-chciet-proti-presovu-upevnit-prve-miesto-v-tabulke\/"},"author":{"name":"Samuel \u010eurinsk\u00fd","@id":"https:\/\/fcspartaktrnava.com\/#\/schema\/person\/62c3c2562c3c56e4c0c8c2342c596ac0"},"headline":"SPARTAK SI BUDE CHCIE\u0164 PROTI PRE\u0160OVU UPEVNI\u0164 PRV\u00c9 MIESTO V TABU\u013dKE","datePublished":"2025-08-09T14:16:58+00:00","mainEntityOfPage":{"@id":"https:\/\/fcspartaktrnava.com\/spartak-si-bude-chciet-proti-presovu-upevnit-prve-miesto-v-tabulke\/"},"wordCount":842,"publisher":{"@id":"https:\/\/fcspartaktrnava.com\/#organization"},"image":{"@id":"https:\/\/fcspartaktrnava.com\/spartak-si-bude-chciet-proti-presovu-upevnit-prve-miesto-v-tabulke\/#primaryimage"},"thumbnailUrl":"https:\/\/fcspartaktrnava.com\/wp-content\/uploads\/2025\/08\/DSC_5338-1-scaled.jpg","articleSection":["Spr\u00e1vy"],"inLanguage":"en-GB"},{"@type":"WebPage","@id":"https:\/\/fcspartaktrnava.com\/spartak-si-bude-chciet-proti-presovu-upevnit-prve-miesto-v-tabulke\/","url":"https:\/\/fcspartaktrnava.com\/spartak-si-bude-chciet-proti-presovu-upevnit-prve-miesto-v-tabulke\/","name":"SPARTAK SI BUDE CHCIE\u0164 PROTI PRE\u0160OVU UPEVNI\u0164 PRV\u00c9 MIESTO V TABU\u013dKE - FC Spartak Trnava","isPartOf":{"@id":"https:\/\/fcspartaktrnava.com\/#website"},"primaryImageOfPage":{"@id":"https:\/\/fcspartaktrnava.com\/spartak-si-bude-chciet-proti-presovu-upevnit-prve-miesto-v-tabulke\/#primaryimage"},"image":{"@id":"https:\/\/fcspartaktrnava.com\/spartak-si-bude-chciet-proti-presovu-upevnit-prve-miesto-v-tabulke\/#primaryimage"},"thumbnailUrl":"https:\/\/fcspartaktrnava.com\/wp-content\/uploads\/2025\/08\/DSC_5338-1-scaled.jpg","datePublished":"2025-08-09T14:16:58+00:00","breadcrumb":{"@id":"https:\/\/fcspartaktrnava.com\/spartak-si-bude-chciet-proti-presovu-upevnit-prve-miesto-v-tabulke\/#breadcrumb"},"inLanguage":"en-GB","potentialAction":[{"@type":"ReadAction","target":["https:\/\/fcspartaktrnava.com\/spartak-si-bude-chciet-proti-presovu-upevnit-prve-miesto-v-tabulke\/"]}]},{"@type":"ImageObject","inLanguage":"en-GB","@id":"https:\/\/fcspartaktrnava.com\/spartak-si-bude-chciet-proti-presovu-upevnit-prve-miesto-v-tabulke\/#primaryimage","url":"https:\/\/fcspartaktrnava.com\/wp-content\/uploads\/2025\/08\/DSC_5338-1-scaled.jpg","contentUrl":"https:\/\/fcspartaktrnava.com\/wp-content\/uploads\/2025\/08\/DSC_5338-1-scaled.jpg","width":2560,"height":1703},{"@type":"BreadcrumbList","@id":"https:\/\/fcspartaktrnava.com\/spartak-si-bude-chciet-proti-presovu-upevnit-prve-miesto-v-tabulke\/#breadcrumb","itemListElement":[{"@type":"ListItem","position":1,"name":"Home","item":"https:\/\/fcspartaktrnava.com\/"},{"@type":"ListItem","position":2,"name":"SPARTAK SI BUDE CHCIE\u0164 PROTI PRE\u0160OVU UPEVNI\u0164 PRV\u00c9 MIESTO V TABU\u013dKE"}]},{"@type":"WebSite","@id":"https:\/\/fcspartaktrnava.com\/#website","url":"https:\/\/fcspartaktrnava.com\/","name":"FC Spartak Trnava","description":"ofici\u00e1lna webstr\u00e1nka futbalov\u00e9ho klubu","publisher":{"@id":"https:\/\/fcspartaktrnava.com\/#organization"},"potentialAction":[{"@type":"SearchAction","target":{"@type":"EntryPoint","urlTemplate":"https:\/\/fcspartaktrnava.com\/?s={search_term_string}"},"query-input":{"@type":"PropertyValueSpecification","valueRequired":true,"valueName":"search_term_string"}}],"inLanguage":"en-GB"},{"@type":"Organization","@id":"https:\/\/fcspartaktrnava.com\/#organization","name":"FC Spartak Trnava","alternateName":"Spartak","url":"https:\/\/fcspartaktrnava.com\/","logo":{"@type":"ImageObject","inLanguage":"en-GB","@id":"https:\/\/fcspartaktrnava.com\/#\/schema\/logo\/image\/","url":"https:\/\/fcspartaktrnava.com\/wp-content\/uploads\/2022\/08\/cropped-site_logo.png","contentUrl":"https:\/\/fcspartaktrnava.com\/wp-content\/uploads\/2022\/08\/cropped-site_logo.png","width":140,"height":140,"caption":"FC Spartak Trnava"},"image":{"@id":"https:\/\/fcspartaktrnava.com\/#\/schema\/logo\/image\/"},"sameAs":["https:\/\/www.facebook.com\/SpartakTrnava","https:\/\/x.com\/SpartakTrnava1","https:\/\/www.instagram.com\/spartak_sk\/"]},{"@type":"Person","@id":"https:\/\/fcspartaktrnava.com\/#\/schema\/person\/62c3c2562c3c56e4c0c8c2342c596ac0","name":"Samuel \u010eurinsk\u00fd","image":{"@type":"ImageObject","inLanguage":"en-GB","@id":"https:\/\/fcspartaktrnava.com\/#\/schema\/person\/image\/","url":"https:\/\/secure.gravatar.com\/avatar\/af2fa02af92418b86ed742470664fe40056833fb68d84becf03f6ab02319257c?s=96&d=mm&r=g","contentUrl":"https:\/\/secure.gravatar.com\/avatar\/af2fa02af92418b86ed742470664fe40056833fb68d84becf03f6ab02319257c?s=96&d=mm&r=g","caption":"Samuel \u010eurinsk\u00fd"},"url":"https:\/\/fcspartaktrnava.com\/en\/author\/fcst-samuel\/"}]}},"_links":{"self":[{"href":"https:\/\/fcspartaktrnava.com\/en\/wp-json\/wp\/v2\/posts\/31133","targetHints":{"allow":["GET"]}}],"collection":[{"href":"https:\/\/fcspartaktrnava.com\/en\/wp-json\/wp\/v2\/posts"}],"about":[{"href":"https:\/\/fcspartaktrnava.com\/en\/wp-json\/wp\/v2\/types\/post"}],"author":[{"embeddable":true,"href":"https:\/\/fcspartaktrnava.com\/en\/wp-json\/wp\/v2\/users\/5"}],"replies":[{"embeddable":true,"href":"https:\/\/fcspartaktrnava.com\/en\/wp-json\/wp\/v2\/comments?post=31133"}],"version-history":[{"count":0,"href":"https:\/\/fcspartaktrnava.com\/en\/wp-json\/wp\/v2\/posts\/31133\/revisions"}],"wp:featuredmedia":[{"embeddable":true,"href":"https:\/\/fcspartaktrnava.com\/en\/wp-json\/wp\/v2\/media\/31136"}],"wp:attachment":[{"href":"https:\/\/fcspartaktrnava.com\/en\/wp-json\/wp\/v2\/media?parent=31133"}],"wp:term":[{"taxonomy":"category","embeddable":true,"href":"https:\/\/fcspartaktrnava.com\/en\/wp-json\/wp\/v2\/categories?post=31133"},{"taxonomy":"post_tag","embeddable":true,"href":"https:\/\/fcspartaktrnava.com\/en\/wp-json\/wp\/v2\/tags?post=31133"}],"curies":[{"name":"wp","href":"https:\/\/api.w.org\/{rel}","templated":true}]}}