{"id":30746,"date":"2025-08-06T18:32:52","date_gmt":"2025-08-06T16:32:52","guid":{"rendered":"https:\/\/fcspartaktrnava.com\/?p=30746"},"modified":"2025-08-06T18:32:53","modified_gmt":"2025-08-06T16:32:53","slug":"pokyny-pre-fanusikov-v-rumunsku","status":"publish","type":"post","link":"https:\/\/fcspartaktrnava.com\/en\/pokyny-pre-fanusikov-v-rumunsku\/","title":{"rendered":"POKYNY PRE FAN\u00da\u0160IKOV V RUMUNSKU"},"content":{"rendered":"<p class=\"has-text-align-center has-medium-font-size\"><strong>Popros\u00edme v\u0161etk\u00fdch fan\u00fa\u0161ikov, ktor\u00ed cestuj\u00fa na z\u00e1pas do Rumunska proti Universitatea Craiova aby venovali pozornos\u0165 bezpe\u010dnostn\u00fdm pokynom k z\u00e1pasu.<\/strong><\/p>\n\n\n\n<p class=\"has-text-align-center has-medium-font-size\">Otvorenie \u0161tadi\u00f3na bude 2 hodiny pred z\u00e1pasom, cca o 19:30 (miestneho \u010dasu). Sektor pre na\u0161ich fan\u00fa\u0161ikov m\u00e1 \u010d\u00edslo 18, parkovanie m\u00e1me vyhraden\u00e9 v bl\u00edzkosti \u0161tadi\u00f3na (vi\u010f mapka dole &#8211; ozna\u010denie P).<br><br>Vstupenky s\u00fa st\u00e1le k dispoz\u00edcii online na <a href=\"https:\/\/www.myticket.ro\/order-api\/events\/events\/event?key=amMwWnBjWkZRZGljMGlzb3ZTbGRzZz09&amp;e=31484&amp;l=en&amp;fbclid=IwY2xjawMAXApleHRuA2FlbQIxMQABHpN1MnWbf9OTuE1IV70-YJHngRs3_-hM2gaZketQMtcJHA-Itw0VGITmO_wc_aem_tfmblAUMz2g-CfPVY8tXdQ&amp;uvk=Psbu5Bl80HDOuREjhuVGQklxNw7IAoQpR1T\">tomto linku<\/a>. Z\u00e1rove\u0148 je pre na\u0161ich fans zabezpe\u010den\u00fd aj podnik ne\u010faleko \u0161tadi\u00f3na s n\u00e1zvom La Garage-Bistro odkia\u013e bude spolo\u010dn\u00fd presun na \u0161tadi\u00f3n. Presn\u00fa polohu n\u00e1jdete <a href=\"https:\/\/www.google.com\/maps\/place\/La+Garage-Bistro\/@44.3042281,23.7594476,17z\/data=!3m1!4b1!4m6!3m5!1s0x4752d757fcfafe5f:0x12baeaf8a45c7f02!8m2!3d44.3042281!4d23.7594476!16s%2Fg%2F11fr4gyyf1?entry=ttu&amp;g_ep=EgoyMDI1MDgwMy4wIKXMDSoASAFQAw%3D%3D\">tu<\/a>. <br><br>Na \u0161tadi\u00f3ne bud\u00fa k dispoz\u00edcii aj bufety s ob\u010derstven\u00edm, kde sa bude da\u0165 plati\u0165 platobnou kartou aj hotovos\u0165ou. <\/p>\n\n\n\n<figure class=\"wp-block-image size-large\"><img loading=\"lazy\" decoding=\"async\" width=\"1024\" height=\"633\" src=\"https:\/\/fcspartaktrnava.com\/wp-content\/uploads\/2025\/08\/Away-Fan-Zone-1024x633.png\" alt=\"\" class=\"wp-image-30747\" srcset=\"https:\/\/fcspartaktrnava.com\/wp-content\/uploads\/2025\/08\/Away-Fan-Zone-1024x633.png 1024w, https:\/\/fcspartaktrnava.com\/wp-content\/uploads\/2025\/08\/Away-Fan-Zone-300x185.png 300w, https:\/\/fcspartaktrnava.com\/wp-content\/uploads\/2025\/08\/Away-Fan-Zone-768x474.png 768w, https:\/\/fcspartaktrnava.com\/wp-content\/uploads\/2025\/08\/Away-Fan-Zone-18x12.png 18w, https:\/\/fcspartaktrnava.com\/wp-content\/uploads\/2025\/08\/Away-Fan-Zone.png 1219w\" sizes=\"auto, (max-width: 1024px) 100vw, 1024px\" \/><\/figure>\n\n\n\n<p class=\"has-text-align-center has-medium-font-size\">Popros\u00edme fan\u00fa\u0161ikov aby sa vyvarovali hlavne rasizmu a xenof\u00f3bii po\u010das z\u00e1pasu. Rovnako pros\u00edme, aby nevhadzovali \u017eiadne predmety na hraciu plochu, najm\u00e4 plastov\u00e9 poh\u00e1re. Zak\u00e1zan\u00fd je tie\u017e vstup na hraciu plochu po\u010das a po z\u00e1pase. V sektore budeme ma\u0165 vlastn\u00fa usporiadate\u013esk\u00fa slu\u017ebu, ktor\u00e1 v\u00e1m bude n\u00e1pomocn\u00e1. Na z\u00e1pas si pros\u00edm neberte \u017eiadne ta\u0161ky ani batohy, ke\u010f\u017ee vstup s nimi v\u00e1m nebude povolen\u00fd. K dispoz\u00edcii nebude ani \u017eiadny depozit.<br><br>Z\u00e1pas je vyhodnoten\u00fd ako rizikov\u00fd. Na z\u00e1pase bude aj bezpe\u010dnostn\u00fd deleg\u00e1t, ktor\u00fd bude vy\u0161\u0161ie spom\u00ednan\u00e9 priestupky kontrolova\u0165 a zapisova\u0165 s rizikom vysokej finan\u010dnej pokuty pre klub, pr\u00edpadne in\u00fdch sankci\u00ed (zatvorenie \u0161tadi\u00f3na, z\u00e1kaz vycestova\u0165 fan\u00fa\u0161ikom a pod.)<br><strong><br>Ide n\u00e1m spolo\u010dne o jedno a to podpori\u0165 n\u00e1\u0161 klub k jeho cie\u013eom a najlep\u0161\u00edm v\u00fdsledkom.<\/strong><\/p>","protected":false},"excerpt":{"rendered":"<p>Popros\u00edme v\u0161etk\u00fdch fan\u00fa\u0161ikov, ktor\u00ed cestuj\u00fa na z\u00e1pas do&#8230;<\/p>","protected":false},"author":5,"featured_media":30748,"comment_status":"closed","ping_status":"closed","sticky":false,"template":"","format":"standard","meta":{"footnotes":""},"categories":[12],"tags":[],"class_list":["post-30746","post","type-post","status-publish","format-standard","has-post-thumbnail","hentry","category-spravy","post-number-1"],"yoast_head":"<!-- This site is optimized with the Yoast SEO plugin v27.1.1 - https:\/\/yoast.com\/product\/yoast-seo-wordpress\/ -->\n<title>POKYNY PRE FAN\u00da\u0160IKOV V RUMUNSKU - FC Spartak Trnava<\/title>\n<meta name=\"robots\" content=\"index, follow, max-snippet:-1, max-image-preview:large, max-video-preview:-1\" \/>\n<link rel=\"canonical\" href=\"https:\/\/fcspartaktrnava.com\/en\/pokyny-pre-fanusikov-v-rumunsku\/\" \/>\n<meta name=\"twitter:label1\" content=\"Written by\" \/>\n\t<meta name=\"twitter:data1\" content=\"Samuel \u010eurinsk\u00fd\" \/>\n\t<meta name=\"twitter:label2\" content=\"Estimated reading time\" \/>\n\t<meta name=\"twitter:data2\" content=\"2 minutes\" \/>\n<script type=\"application\/ld+json\" class=\"yoast-schema-graph\">{\"@context\":\"https:\/\/schema.org\",\"@graph\":[{\"@type\":\"Article\",\"@id\":\"https:\/\/fcspartaktrnava.com\/pokyny-pre-fanusikov-v-rumunsku\/#article\",\"isPartOf\":{\"@id\":\"https:\/\/fcspartaktrnava.com\/pokyny-pre-fanusikov-v-rumunsku\/\"},\"author\":{\"name\":\"Samuel \u010eurinsk\u00fd\",\"@id\":\"https:\/\/fcspartaktrnava.com\/#\/schema\/person\/62c3c2562c3c56e4c0c8c2342c596ac0\"},\"headline\":\"POKYNY PRE FAN\u00da\u0160IKOV V RUMUNSKU\",\"datePublished\":\"2025-08-06T16:32:52+00:00\",\"dateModified\":\"2025-08-06T16:32:53+00:00\",\"mainEntityOfPage\":{\"@id\":\"https:\/\/fcspartaktrnava.com\/pokyny-pre-fanusikov-v-rumunsku\/\"},\"wordCount\":292,\"publisher\":{\"@id\":\"https:\/\/fcspartaktrnava.com\/#organization\"},\"image\":{\"@id\":\"https:\/\/fcspartaktrnava.com\/pokyny-pre-fanusikov-v-rumunsku\/#primaryimage\"},\"thumbnailUrl\":\"https:\/\/fcspartaktrnava.com\/wp-content\/uploads\/2025\/08\/DSC_5597-1-scaled.jpg\",\"articleSection\":[\"Spr\u00e1vy\"],\"inLanguage\":\"en-GB\"},{\"@type\":\"WebPage\",\"@id\":\"https:\/\/fcspartaktrnava.com\/pokyny-pre-fanusikov-v-rumunsku\/\",\"url\":\"https:\/\/fcspartaktrnava.com\/pokyny-pre-fanusikov-v-rumunsku\/\",\"name\":\"POKYNY PRE FAN\u00da\u0160IKOV V RUMUNSKU - FC Spartak Trnava\",\"isPartOf\":{\"@id\":\"https:\/\/fcspartaktrnava.com\/#website\"},\"primaryImageOfPage\":{\"@id\":\"https:\/\/fcspartaktrnava.com\/pokyny-pre-fanusikov-v-rumunsku\/#primaryimage\"},\"image\":{\"@id\":\"https:\/\/fcspartaktrnava.com\/pokyny-pre-fanusikov-v-rumunsku\/#primaryimage\"},\"thumbnailUrl\":\"https:\/\/fcspartaktrnava.com\/wp-content\/uploads\/2025\/08\/DSC_5597-1-scaled.jpg\",\"datePublished\":\"2025-08-06T16:32:52+00:00\",\"dateModified\":\"2025-08-06T16:32:53+00:00\",\"breadcrumb\":{\"@id\":\"https:\/\/fcspartaktrnava.com\/pokyny-pre-fanusikov-v-rumunsku\/#breadcrumb\"},\"inLanguage\":\"en-GB\",\"potentialAction\":[{\"@type\":\"ReadAction\",\"target\":[\"https:\/\/fcspartaktrnava.com\/pokyny-pre-fanusikov-v-rumunsku\/\"]}]},{\"@type\":\"ImageObject\",\"inLanguage\":\"en-GB\",\"@id\":\"https:\/\/fcspartaktrnava.com\/pokyny-pre-fanusikov-v-rumunsku\/#primaryimage\",\"url\":\"https:\/\/fcspartaktrnava.com\/wp-content\/uploads\/2025\/08\/DSC_5597-1-scaled.jpg\",\"contentUrl\":\"https:\/\/fcspartaktrnava.com\/wp-content\/uploads\/2025\/08\/DSC_5597-1-scaled.jpg\",\"width\":2560,\"height\":1707},{\"@type\":\"BreadcrumbList\",\"@id\":\"https:\/\/fcspartaktrnava.com\/pokyny-pre-fanusikov-v-rumunsku\/#breadcrumb\",\"itemListElement\":[{\"@type\":\"ListItem\",\"position\":1,\"name\":\"Home\",\"item\":\"https:\/\/fcspartaktrnava.com\/\"},{\"@type\":\"ListItem\",\"position\":2,\"name\":\"POKYNY PRE FAN\u00da\u0160IKOV V RUMUNSKU\"}]},{\"@type\":\"WebSite\",\"@id\":\"https:\/\/fcspartaktrnava.com\/#website\",\"url\":\"https:\/\/fcspartaktrnava.com\/\",\"name\":\"FC Spartak Trnava\",\"description\":\"ofici\u00e1lna webstr\u00e1nka futbalov\u00e9ho klubu\",\"publisher\":{\"@id\":\"https:\/\/fcspartaktrnava.com\/#organization\"},\"potentialAction\":[{\"@type\":\"SearchAction\",\"target\":{\"@type\":\"EntryPoint\",\"urlTemplate\":\"https:\/\/fcspartaktrnava.com\/?s={search_term_string}\"},\"query-input\":{\"@type\":\"PropertyValueSpecification\",\"valueRequired\":true,\"valueName\":\"search_term_string\"}}],\"inLanguage\":\"en-GB\"},{\"@type\":\"Organization\",\"@id\":\"https:\/\/fcspartaktrnava.com\/#organization\",\"name\":\"FC Spartak Trnava\",\"alternateName\":\"Spartak\",\"url\":\"https:\/\/fcspartaktrnava.com\/\",\"logo\":{\"@type\":\"ImageObject\",\"inLanguage\":\"en-GB\",\"@id\":\"https:\/\/fcspartaktrnava.com\/#\/schema\/logo\/image\/\",\"url\":\"https:\/\/fcspartaktrnava.com\/wp-content\/uploads\/2022\/08\/cropped-site_logo.png\",\"contentUrl\":\"https:\/\/fcspartaktrnava.com\/wp-content\/uploads\/2022\/08\/cropped-site_logo.png\",\"width\":140,\"height\":140,\"caption\":\"FC Spartak Trnava\"},\"image\":{\"@id\":\"https:\/\/fcspartaktrnava.com\/#\/schema\/logo\/image\/\"},\"sameAs\":[\"https:\/\/www.facebook.com\/SpartakTrnava\",\"https:\/\/x.com\/SpartakTrnava1\",\"https:\/\/www.instagram.com\/spartak_sk\/\"]},{\"@type\":\"Person\",\"@id\":\"https:\/\/fcspartaktrnava.com\/#\/schema\/person\/62c3c2562c3c56e4c0c8c2342c596ac0\",\"name\":\"Samuel \u010eurinsk\u00fd\",\"image\":{\"@type\":\"ImageObject\",\"inLanguage\":\"en-GB\",\"@id\":\"https:\/\/fcspartaktrnava.com\/#\/schema\/person\/image\/\",\"url\":\"https:\/\/secure.gravatar.com\/avatar\/af2fa02af92418b86ed742470664fe40056833fb68d84becf03f6ab02319257c?s=96&d=mm&r=g\",\"contentUrl\":\"https:\/\/secure.gravatar.com\/avatar\/af2fa02af92418b86ed742470664fe40056833fb68d84becf03f6ab02319257c?s=96&d=mm&r=g\",\"caption\":\"Samuel \u010eurinsk\u00fd\"},\"url\":\"https:\/\/fcspartaktrnava.com\/en\/author\/fcst-samuel\/\"}]}<\/script>\n<!-- \/ Yoast SEO plugin. -->","yoast_head_json":{"title":"POKYNY PRE FAN\u00da\u0160IKOV V RUMUNSKU - FC Spartak Trnava","robots":{"index":"index","follow":"follow","max-snippet":"max-snippet:-1","max-image-preview":"max-image-preview:large","max-video-preview":"max-video-preview:-1"},"canonical":"https:\/\/fcspartaktrnava.com\/en\/pokyny-pre-fanusikov-v-rumunsku\/","twitter_misc":{"Written by":"Samuel \u010eurinsk\u00fd","Estimated reading time":"2 minutes"},"schema":{"@context":"https:\/\/schema.org","@graph":[{"@type":"Article","@id":"https:\/\/fcspartaktrnava.com\/pokyny-pre-fanusikov-v-rumunsku\/#article","isPartOf":{"@id":"https:\/\/fcspartaktrnava.com\/pokyny-pre-fanusikov-v-rumunsku\/"},"author":{"name":"Samuel \u010eurinsk\u00fd","@id":"https:\/\/fcspartaktrnava.com\/#\/schema\/person\/62c3c2562c3c56e4c0c8c2342c596ac0"},"headline":"POKYNY PRE FAN\u00da\u0160IKOV V RUMUNSKU","datePublished":"2025-08-06T16:32:52+00:00","dateModified":"2025-08-06T16:32:53+00:00","mainEntityOfPage":{"@id":"https:\/\/fcspartaktrnava.com\/pokyny-pre-fanusikov-v-rumunsku\/"},"wordCount":292,"publisher":{"@id":"https:\/\/fcspartaktrnava.com\/#organization"},"image":{"@id":"https:\/\/fcspartaktrnava.com\/pokyny-pre-fanusikov-v-rumunsku\/#primaryimage"},"thumbnailUrl":"https:\/\/fcspartaktrnava.com\/wp-content\/uploads\/2025\/08\/DSC_5597-1-scaled.jpg","articleSection":["Spr\u00e1vy"],"inLanguage":"en-GB"},{"@type":"WebPage","@id":"https:\/\/fcspartaktrnava.com\/pokyny-pre-fanusikov-v-rumunsku\/","url":"https:\/\/fcspartaktrnava.com\/pokyny-pre-fanusikov-v-rumunsku\/","name":"POKYNY PRE FAN\u00da\u0160IKOV V RUMUNSKU - FC Spartak Trnava","isPartOf":{"@id":"https:\/\/fcspartaktrnava.com\/#website"},"primaryImageOfPage":{"@id":"https:\/\/fcspartaktrnava.com\/pokyny-pre-fanusikov-v-rumunsku\/#primaryimage"},"image":{"@id":"https:\/\/fcspartaktrnava.com\/pokyny-pre-fanusikov-v-rumunsku\/#primaryimage"},"thumbnailUrl":"https:\/\/fcspartaktrnava.com\/wp-content\/uploads\/2025\/08\/DSC_5597-1-scaled.jpg","datePublished":"2025-08-06T16:32:52+00:00","dateModified":"2025-08-06T16:32:53+00:00","breadcrumb":{"@id":"https:\/\/fcspartaktrnava.com\/pokyny-pre-fanusikov-v-rumunsku\/#breadcrumb"},"inLanguage":"en-GB","potentialAction":[{"@type":"ReadAction","target":["https:\/\/fcspartaktrnava.com\/pokyny-pre-fanusikov-v-rumunsku\/"]}]},{"@type":"ImageObject","inLanguage":"en-GB","@id":"https:\/\/fcspartaktrnava.com\/pokyny-pre-fanusikov-v-rumunsku\/#primaryimage","url":"https:\/\/fcspartaktrnava.com\/wp-content\/uploads\/2025\/08\/DSC_5597-1-scaled.jpg","contentUrl":"https:\/\/fcspartaktrnava.com\/wp-content\/uploads\/2025\/08\/DSC_5597-1-scaled.jpg","width":2560,"height":1707},{"@type":"BreadcrumbList","@id":"https:\/\/fcspartaktrnava.com\/pokyny-pre-fanusikov-v-rumunsku\/#breadcrumb","itemListElement":[{"@type":"ListItem","position":1,"name":"Home","item":"https:\/\/fcspartaktrnava.com\/"},{"@type":"ListItem","position":2,"name":"POKYNY PRE FAN\u00da\u0160IKOV V RUMUNSKU"}]},{"@type":"WebSite","@id":"https:\/\/fcspartaktrnava.com\/#website","url":"https:\/\/fcspartaktrnava.com\/","name":"FC Spartak Trnava","description":"ofici\u00e1lna webstr\u00e1nka futbalov\u00e9ho klubu","publisher":{"@id":"https:\/\/fcspartaktrnava.com\/#organization"},"potentialAction":[{"@type":"SearchAction","target":{"@type":"EntryPoint","urlTemplate":"https:\/\/fcspartaktrnava.com\/?s={search_term_string}"},"query-input":{"@type":"PropertyValueSpecification","valueRequired":true,"valueName":"search_term_string"}}],"inLanguage":"en-GB"},{"@type":"Organization","@id":"https:\/\/fcspartaktrnava.com\/#organization","name":"FC Spartak Trnava","alternateName":"Spartak","url":"https:\/\/fcspartaktrnava.com\/","logo":{"@type":"ImageObject","inLanguage":"en-GB","@id":"https:\/\/fcspartaktrnava.com\/#\/schema\/logo\/image\/","url":"https:\/\/fcspartaktrnava.com\/wp-content\/uploads\/2022\/08\/cropped-site_logo.png","contentUrl":"https:\/\/fcspartaktrnava.com\/wp-content\/uploads\/2022\/08\/cropped-site_logo.png","width":140,"height":140,"caption":"FC Spartak Trnava"},"image":{"@id":"https:\/\/fcspartaktrnava.com\/#\/schema\/logo\/image\/"},"sameAs":["https:\/\/www.facebook.com\/SpartakTrnava","https:\/\/x.com\/SpartakTrnava1","https:\/\/www.instagram.com\/spartak_sk\/"]},{"@type":"Person","@id":"https:\/\/fcspartaktrnava.com\/#\/schema\/person\/62c3c2562c3c56e4c0c8c2342c596ac0","name":"Samuel \u010eurinsk\u00fd","image":{"@type":"ImageObject","inLanguage":"en-GB","@id":"https:\/\/fcspartaktrnava.com\/#\/schema\/person\/image\/","url":"https:\/\/secure.gravatar.com\/avatar\/af2fa02af92418b86ed742470664fe40056833fb68d84becf03f6ab02319257c?s=96&d=mm&r=g","contentUrl":"https:\/\/secure.gravatar.com\/avatar\/af2fa02af92418b86ed742470664fe40056833fb68d84becf03f6ab02319257c?s=96&d=mm&r=g","caption":"Samuel \u010eurinsk\u00fd"},"url":"https:\/\/fcspartaktrnava.com\/en\/author\/fcst-samuel\/"}]}},"_links":{"self":[{"href":"https:\/\/fcspartaktrnava.com\/en\/wp-json\/wp\/v2\/posts\/30746","targetHints":{"allow":["GET"]}}],"collection":[{"href":"https:\/\/fcspartaktrnava.com\/en\/wp-json\/wp\/v2\/posts"}],"about":[{"href":"https:\/\/fcspartaktrnava.com\/en\/wp-json\/wp\/v2\/types\/post"}],"author":[{"embeddable":true,"href":"https:\/\/fcspartaktrnava.com\/en\/wp-json\/wp\/v2\/users\/5"}],"replies":[{"embeddable":true,"href":"https:\/\/fcspartaktrnava.com\/en\/wp-json\/wp\/v2\/comments?post=30746"}],"version-history":[{"count":0,"href":"https:\/\/fcspartaktrnava.com\/en\/wp-json\/wp\/v2\/posts\/30746\/revisions"}],"wp:featuredmedia":[{"embeddable":true,"href":"https:\/\/fcspartaktrnava.com\/en\/wp-json\/wp\/v2\/media\/30748"}],"wp:attachment":[{"href":"https:\/\/fcspartaktrnava.com\/en\/wp-json\/wp\/v2\/media?parent=30746"}],"wp:term":[{"taxonomy":"category","embeddable":true,"href":"https:\/\/fcspartaktrnava.com\/en\/wp-json\/wp\/v2\/categories?post=30746"},{"taxonomy":"post_tag","embeddable":true,"href":"https:\/\/fcspartaktrnava.com\/en\/wp-json\/wp\/v2\/tags?post=30746"}],"curies":[{"name":"wp","href":"https:\/\/api.w.org\/{rel}","templated":true}]}}