{"id":30737,"date":"2025-08-05T11:09:21","date_gmt":"2025-08-05T09:09:21","guid":{"rendered":"https:\/\/fcspartaktrnava.com\/?p=30737"},"modified":"2025-08-05T11:11:41","modified_gmt":"2025-08-05T09:11:41","slug":"akciova-cena-permanentiek-len-do-07-08","status":"publish","type":"post","link":"https:\/\/fcspartaktrnava.com\/en\/akciova-cena-permanentiek-len-do-07-08\/","title":{"rendered":"AKCIOV\u00c1 CENA PERMANENTIEK! LEN DO 07.08. !"},"content":{"rendered":"<p class=\"has-text-align-center has-medium-font-size\"><strong>Ak si si e\u0161te nestihol k\u00fapi\u0165 permanentku na nov\u00fa sez\u00f3nu, teraz je ten spr\u00e1vny \u010das! Do \u0161tvrtka 7. augusta do 15:00 si permanentku k\u00fapi\u0161 v akciovej cene u\u017e od 124 EUR! Cena je zn\u00ed\u017een\u00e1 o 2 u\u017e odohran\u00e9 dom\u00e1ce z\u00e1pasy (BK H\u00e4cken a MFK Ru\u017eomberok), ktor\u00e9 boli zahrnut\u00e9 v p\u00f4vodnej cene permanentky. <\/strong><\/p>\n\n\n\n<p class=\"has-text-align-center has-medium-font-size\">Rozhodli sme sa vyjs\u0165 v \u00fastrety v\u0161etk\u00fdm fan\u00fa\u0161ikom, ktor\u00ed boli po\u010das leta odcestovan\u00ed, nemohli pr\u00eds\u0165 na dom\u00e1ce z\u00e1pasy a vyu\u017ei\u0165 tak benefit permanentky naplno. <strong>Navy\u0161e, pre deti do 15 rokov, osoby Z\u0164P, Z\u0164P-S a seniorov nad 62 rokov je cena permanentky e\u0161te v\u00fdhodnej\u0161ia so z\u013eavou 40%!<\/strong><\/p>\n\n\n\n<p class=\"has-text-align-center has-medium-font-size\"><em>Atmosf\u00e9ru dom\u00e1cich z\u00e1pasov tak za\u017eije\u0161&nbsp;<strong>u\u017e&nbsp;od 74,40 EUR!<\/strong><\/em><em>&nbsp;<\/em><\/p>\n\n\n\n<p class=\"has-text-align-center has-medium-font-size\"><strong>Z\u013eavu si vie\u0161 uplatni\u0165 po\u010das on-line n\u00e1kupu na&nbsp;<a href=\"http:\/\/predpredaj.sk\/\" target=\"_blank\" rel=\"noreferrer noopener\">predpredaj.sk<\/a>&nbsp;po vyplnen\u00ed v\u0161etk\u00fdch povinn\u00fdch \u00fadajov a n\u00e1slednom kliknut\u00ed na pol\u00ed\u010dko \u201eVyu\u017ei\u0165 z\u013eavu\u201c.<\/strong><\/p>\n\n\n\n<p class=\"has-text-align-center has-medium-font-size\">Ako po\u010fakovanie za neust\u00e1lu podporu sme si pre vern\u00fdch fan\u00fa\u0161ikov pripravili zauj\u00edmav\u00fd benefit.&nbsp;<strong>Po\u010das ka\u017ed\u00e9ho dom\u00e1ceho z\u00e1pasu Nik\u00e9 ligy budeme \u017erebova\u0165 jedn\u00e9ho z&nbsp;dr\u017eite\u013eov permanentky, ktor\u00fd z\u00edska SKYBOX pre 8 os\u00f4b s&nbsp;najlep\u0161\u00edm v\u00fdh\u013eadom a&nbsp;cateringom.<\/strong><\/p>\n\n\n\n<p class=\"has-text-align-center has-vivid-red-color has-white-background-color has-text-color has-background has-link-color has-medium-font-size wp-elements-214cdb33b165ebf6ba388f32b67b7643\"><strong><a href=\"http:\/\/bit.ly\/Permanentka2526\">KUPUJ PERMANENTKU V AKCIOVEJ CENE TU!<\/a><\/strong><\/p>\n\n\n<div class=\"wp-block-image\">\n<figure class=\"aligncenter size-large is-resized\"><img loading=\"lazy\" decoding=\"async\" width=\"1024\" height=\"341\" src=\"https:\/\/fcspartaktrnava.com\/wp-content\/uploads\/2025\/08\/Predpredaj-banner_Permanentky-2-1024x341.png\" alt=\"\" class=\"wp-image-30738\" style=\"width:598px;height:auto\" srcset=\"https:\/\/fcspartaktrnava.com\/wp-content\/uploads\/2025\/08\/Predpredaj-banner_Permanentky-2-1024x341.png 1024w, https:\/\/fcspartaktrnava.com\/wp-content\/uploads\/2025\/08\/Predpredaj-banner_Permanentky-2-300x100.png 300w, https:\/\/fcspartaktrnava.com\/wp-content\/uploads\/2025\/08\/Predpredaj-banner_Permanentky-2-768x256.png 768w, https:\/\/fcspartaktrnava.com\/wp-content\/uploads\/2025\/08\/Predpredaj-banner_Permanentky-2-18x6.png 18w, https:\/\/fcspartaktrnava.com\/wp-content\/uploads\/2025\/08\/Predpredaj-banner_Permanentky-2.png 1140w\" sizes=\"auto, (max-width: 1024px) 100vw, 1024px\" \/><\/figure>\n<\/div>\n\n\n<p class=\"has-text-align-center has-medium-font-size\">Dr\u017eitelia permanentiek navy\u0161e z\u00edskaj\u00fa v\u00fdhodu <strong>predkupn\u00e9ho pr\u00e1va<\/strong> a<strong> Z\u013dAVY 50%<\/strong> na k\u00fapu vstupeniek na najbli\u017e\u0161\u00ed dom\u00e1ci z\u00e1pas Konferen\u010dnej ligy proti Universitatea Craiova! Vyu\u017ei limitovan\u00fa ponuku a vyber si svoje miesto u\u017e teraz!<\/p>\n\n\n\n<p class=\"has-text-align-center has-vivid-red-color has-white-background-color has-text-color has-background has-link-color wp-elements-e4c85504bf3184a3982ad26cdde7c83c\"><strong><a href=\"http:\/\/bit.ly\/SpartakCraiovaPermica\">VSTUPENKY NA KONFEREN\u010cN\u00da LIGU PRE PERMANENTK\u00c1ROV TU!<\/a><\/strong><\/p>\n\n\n\n<p class=\"has-text-align-center has-medium-font-size\">Ak ste dr\u017eite\u013eom u\u017e fyzickej permanentky, na z\u00e1pas v\u00e1m sta\u010d\u00ed pr\u00eds\u0165 s karti\u010dkou. Ak e\u0161te svoju permanentku nem\u00e1te, na mail v\u00e1m bude zaslan\u00fd l\u00edstok, s ktor\u00fdm sa na z\u00e1pas dostanete. Pre zv\u00fd\u0161en\u00fd z\u00e1ujem o permanentky sme museli doobjedn\u00e1va\u0165 plastov\u00e9 karty pre nov\u00fdch permanentk\u00e1rov, ktor\u00e9 by mali dorazi\u0165 v priebehu bud\u00faceho t\u00fd\u017ed\u0148a. \u010eakujeme za pochopenie a vid\u00edme sa na \u0161tadi\u00f3ne!<\/p>","protected":false},"excerpt":{"rendered":"<p>Ak si si e\u0161te nestihol k\u00fapi\u0165 permanentku na&#8230;<\/p>","protected":false},"author":5,"featured_media":30296,"comment_status":"closed","ping_status":"closed","sticky":false,"template":"","format":"standard","meta":{"footnotes":""},"categories":[12],"tags":[],"class_list":["post-30737","post","type-post","status-publish","format-standard","has-post-thumbnail","hentry","category-spravy","post-number-1"],"yoast_head":"<!-- This site is optimized with the Yoast SEO plugin v27.1.1 - https:\/\/yoast.com\/product\/yoast-seo-wordpress\/ -->\n<title>AKCIOV\u00c1 CENA PERMANENTIEK! LEN DO 07.08. ! - FC Spartak Trnava<\/title>\n<meta name=\"robots\" content=\"index, follow, max-snippet:-1, max-image-preview:large, max-video-preview:-1\" \/>\n<link rel=\"canonical\" href=\"https:\/\/fcspartaktrnava.com\/en\/akciova-cena-permanentiek-len-do-07-08\/\" \/>\n<meta name=\"twitter:label1\" content=\"Written by\" \/>\n\t<meta name=\"twitter:data1\" content=\"Samuel \u010eurinsk\u00fd\" \/>\n\t<meta name=\"twitter:label2\" content=\"Estimated reading time\" \/>\n\t<meta name=\"twitter:data2\" content=\"2 minutes\" \/>\n<script type=\"application\/ld+json\" class=\"yoast-schema-graph\">{\"@context\":\"https:\/\/schema.org\",\"@graph\":[{\"@type\":\"Article\",\"@id\":\"https:\/\/fcspartaktrnava.com\/akciova-cena-permanentiek-len-do-07-08\/#article\",\"isPartOf\":{\"@id\":\"https:\/\/fcspartaktrnava.com\/akciova-cena-permanentiek-len-do-07-08\/\"},\"author\":{\"name\":\"Samuel \u010eurinsk\u00fd\",\"@id\":\"https:\/\/fcspartaktrnava.com\/#\/schema\/person\/62c3c2562c3c56e4c0c8c2342c596ac0\"},\"headline\":\"AKCIOV\u00c1 CENA PERMANENTIEK! LEN DO 07.08. !\",\"datePublished\":\"2025-08-05T09:09:21+00:00\",\"dateModified\":\"2025-08-05T09:11:41+00:00\",\"mainEntityOfPage\":{\"@id\":\"https:\/\/fcspartaktrnava.com\/akciova-cena-permanentiek-len-do-07-08\/\"},\"wordCount\":367,\"publisher\":{\"@id\":\"https:\/\/fcspartaktrnava.com\/#organization\"},\"image\":{\"@id\":\"https:\/\/fcspartaktrnava.com\/akciova-cena-permanentiek-len-do-07-08\/#primaryimage\"},\"thumbnailUrl\":\"https:\/\/fcspartaktrnava.com\/wp-content\/uploads\/2025\/07\/DSC_4951.jpg\",\"articleSection\":[\"Spr\u00e1vy\"],\"inLanguage\":\"en-GB\"},{\"@type\":\"WebPage\",\"@id\":\"https:\/\/fcspartaktrnava.com\/akciova-cena-permanentiek-len-do-07-08\/\",\"url\":\"https:\/\/fcspartaktrnava.com\/akciova-cena-permanentiek-len-do-07-08\/\",\"name\":\"AKCIOV\u00c1 CENA PERMANENTIEK! LEN DO 07.08. ! - FC Spartak Trnava\",\"isPartOf\":{\"@id\":\"https:\/\/fcspartaktrnava.com\/#website\"},\"primaryImageOfPage\":{\"@id\":\"https:\/\/fcspartaktrnava.com\/akciova-cena-permanentiek-len-do-07-08\/#primaryimage\"},\"image\":{\"@id\":\"https:\/\/fcspartaktrnava.com\/akciova-cena-permanentiek-len-do-07-08\/#primaryimage\"},\"thumbnailUrl\":\"https:\/\/fcspartaktrnava.com\/wp-content\/uploads\/2025\/07\/DSC_4951.jpg\",\"datePublished\":\"2025-08-05T09:09:21+00:00\",\"dateModified\":\"2025-08-05T09:11:41+00:00\",\"breadcrumb\":{\"@id\":\"https:\/\/fcspartaktrnava.com\/akciova-cena-permanentiek-len-do-07-08\/#breadcrumb\"},\"inLanguage\":\"en-GB\",\"potentialAction\":[{\"@type\":\"ReadAction\",\"target\":[\"https:\/\/fcspartaktrnava.com\/akciova-cena-permanentiek-len-do-07-08\/\"]}]},{\"@type\":\"ImageObject\",\"inLanguage\":\"en-GB\",\"@id\":\"https:\/\/fcspartaktrnava.com\/akciova-cena-permanentiek-len-do-07-08\/#primaryimage\",\"url\":\"https:\/\/fcspartaktrnava.com\/wp-content\/uploads\/2025\/07\/DSC_4951.jpg\",\"contentUrl\":\"https:\/\/fcspartaktrnava.com\/wp-content\/uploads\/2025\/07\/DSC_4951.jpg\",\"width\":1520,\"height\":1012},{\"@type\":\"BreadcrumbList\",\"@id\":\"https:\/\/fcspartaktrnava.com\/akciova-cena-permanentiek-len-do-07-08\/#breadcrumb\",\"itemListElement\":[{\"@type\":\"ListItem\",\"position\":1,\"name\":\"Home\",\"item\":\"https:\/\/fcspartaktrnava.com\/\"},{\"@type\":\"ListItem\",\"position\":2,\"name\":\"AKCIOV\u00c1 CENA PERMANENTIEK! LEN DO 07.08. !\"}]},{\"@type\":\"WebSite\",\"@id\":\"https:\/\/fcspartaktrnava.com\/#website\",\"url\":\"https:\/\/fcspartaktrnava.com\/\",\"name\":\"FC Spartak Trnava\",\"description\":\"ofici\u00e1lna webstr\u00e1nka futbalov\u00e9ho klubu\",\"publisher\":{\"@id\":\"https:\/\/fcspartaktrnava.com\/#organization\"},\"potentialAction\":[{\"@type\":\"SearchAction\",\"target\":{\"@type\":\"EntryPoint\",\"urlTemplate\":\"https:\/\/fcspartaktrnava.com\/?s={search_term_string}\"},\"query-input\":{\"@type\":\"PropertyValueSpecification\",\"valueRequired\":true,\"valueName\":\"search_term_string\"}}],\"inLanguage\":\"en-GB\"},{\"@type\":\"Organization\",\"@id\":\"https:\/\/fcspartaktrnava.com\/#organization\",\"name\":\"FC Spartak Trnava\",\"alternateName\":\"Spartak\",\"url\":\"https:\/\/fcspartaktrnava.com\/\",\"logo\":{\"@type\":\"ImageObject\",\"inLanguage\":\"en-GB\",\"@id\":\"https:\/\/fcspartaktrnava.com\/#\/schema\/logo\/image\/\",\"url\":\"https:\/\/fcspartaktrnava.com\/wp-content\/uploads\/2022\/08\/cropped-site_logo.png\",\"contentUrl\":\"https:\/\/fcspartaktrnava.com\/wp-content\/uploads\/2022\/08\/cropped-site_logo.png\",\"width\":140,\"height\":140,\"caption\":\"FC Spartak Trnava\"},\"image\":{\"@id\":\"https:\/\/fcspartaktrnava.com\/#\/schema\/logo\/image\/\"},\"sameAs\":[\"https:\/\/www.facebook.com\/SpartakTrnava\",\"https:\/\/x.com\/SpartakTrnava1\",\"https:\/\/www.instagram.com\/spartak_sk\/\"]},{\"@type\":\"Person\",\"@id\":\"https:\/\/fcspartaktrnava.com\/#\/schema\/person\/62c3c2562c3c56e4c0c8c2342c596ac0\",\"name\":\"Samuel \u010eurinsk\u00fd\",\"image\":{\"@type\":\"ImageObject\",\"inLanguage\":\"en-GB\",\"@id\":\"https:\/\/fcspartaktrnava.com\/#\/schema\/person\/image\/\",\"url\":\"https:\/\/secure.gravatar.com\/avatar\/af2fa02af92418b86ed742470664fe40056833fb68d84becf03f6ab02319257c?s=96&d=mm&r=g\",\"contentUrl\":\"https:\/\/secure.gravatar.com\/avatar\/af2fa02af92418b86ed742470664fe40056833fb68d84becf03f6ab02319257c?s=96&d=mm&r=g\",\"caption\":\"Samuel \u010eurinsk\u00fd\"},\"url\":\"https:\/\/fcspartaktrnava.com\/en\/author\/fcst-samuel\/\"}]}<\/script>\n<!-- \/ Yoast SEO plugin. -->","yoast_head_json":{"title":"AKCIOV\u00c1 CENA PERMANENTIEK! LEN DO 07.08. ! - FC Spartak Trnava","robots":{"index":"index","follow":"follow","max-snippet":"max-snippet:-1","max-image-preview":"max-image-preview:large","max-video-preview":"max-video-preview:-1"},"canonical":"https:\/\/fcspartaktrnava.com\/en\/akciova-cena-permanentiek-len-do-07-08\/","twitter_misc":{"Written by":"Samuel \u010eurinsk\u00fd","Estimated reading time":"2 minutes"},"schema":{"@context":"https:\/\/schema.org","@graph":[{"@type":"Article","@id":"https:\/\/fcspartaktrnava.com\/akciova-cena-permanentiek-len-do-07-08\/#article","isPartOf":{"@id":"https:\/\/fcspartaktrnava.com\/akciova-cena-permanentiek-len-do-07-08\/"},"author":{"name":"Samuel \u010eurinsk\u00fd","@id":"https:\/\/fcspartaktrnava.com\/#\/schema\/person\/62c3c2562c3c56e4c0c8c2342c596ac0"},"headline":"AKCIOV\u00c1 CENA PERMANENTIEK! LEN DO 07.08. !","datePublished":"2025-08-05T09:09:21+00:00","dateModified":"2025-08-05T09:11:41+00:00","mainEntityOfPage":{"@id":"https:\/\/fcspartaktrnava.com\/akciova-cena-permanentiek-len-do-07-08\/"},"wordCount":367,"publisher":{"@id":"https:\/\/fcspartaktrnava.com\/#organization"},"image":{"@id":"https:\/\/fcspartaktrnava.com\/akciova-cena-permanentiek-len-do-07-08\/#primaryimage"},"thumbnailUrl":"https:\/\/fcspartaktrnava.com\/wp-content\/uploads\/2025\/07\/DSC_4951.jpg","articleSection":["Spr\u00e1vy"],"inLanguage":"en-GB"},{"@type":"WebPage","@id":"https:\/\/fcspartaktrnava.com\/akciova-cena-permanentiek-len-do-07-08\/","url":"https:\/\/fcspartaktrnava.com\/akciova-cena-permanentiek-len-do-07-08\/","name":"AKCIOV\u00c1 CENA PERMANENTIEK! LEN DO 07.08. ! - FC Spartak Trnava","isPartOf":{"@id":"https:\/\/fcspartaktrnava.com\/#website"},"primaryImageOfPage":{"@id":"https:\/\/fcspartaktrnava.com\/akciova-cena-permanentiek-len-do-07-08\/#primaryimage"},"image":{"@id":"https:\/\/fcspartaktrnava.com\/akciova-cena-permanentiek-len-do-07-08\/#primaryimage"},"thumbnailUrl":"https:\/\/fcspartaktrnava.com\/wp-content\/uploads\/2025\/07\/DSC_4951.jpg","datePublished":"2025-08-05T09:09:21+00:00","dateModified":"2025-08-05T09:11:41+00:00","breadcrumb":{"@id":"https:\/\/fcspartaktrnava.com\/akciova-cena-permanentiek-len-do-07-08\/#breadcrumb"},"inLanguage":"en-GB","potentialAction":[{"@type":"ReadAction","target":["https:\/\/fcspartaktrnava.com\/akciova-cena-permanentiek-len-do-07-08\/"]}]},{"@type":"ImageObject","inLanguage":"en-GB","@id":"https:\/\/fcspartaktrnava.com\/akciova-cena-permanentiek-len-do-07-08\/#primaryimage","url":"https:\/\/fcspartaktrnava.com\/wp-content\/uploads\/2025\/07\/DSC_4951.jpg","contentUrl":"https:\/\/fcspartaktrnava.com\/wp-content\/uploads\/2025\/07\/DSC_4951.jpg","width":1520,"height":1012},{"@type":"BreadcrumbList","@id":"https:\/\/fcspartaktrnava.com\/akciova-cena-permanentiek-len-do-07-08\/#breadcrumb","itemListElement":[{"@type":"ListItem","position":1,"name":"Home","item":"https:\/\/fcspartaktrnava.com\/"},{"@type":"ListItem","position":2,"name":"AKCIOV\u00c1 CENA PERMANENTIEK! LEN DO 07.08. !"}]},{"@type":"WebSite","@id":"https:\/\/fcspartaktrnava.com\/#website","url":"https:\/\/fcspartaktrnava.com\/","name":"FC Spartak Trnava","description":"ofici\u00e1lna webstr\u00e1nka futbalov\u00e9ho klubu","publisher":{"@id":"https:\/\/fcspartaktrnava.com\/#organization"},"potentialAction":[{"@type":"SearchAction","target":{"@type":"EntryPoint","urlTemplate":"https:\/\/fcspartaktrnava.com\/?s={search_term_string}"},"query-input":{"@type":"PropertyValueSpecification","valueRequired":true,"valueName":"search_term_string"}}],"inLanguage":"en-GB"},{"@type":"Organization","@id":"https:\/\/fcspartaktrnava.com\/#organization","name":"FC Spartak Trnava","alternateName":"Spartak","url":"https:\/\/fcspartaktrnava.com\/","logo":{"@type":"ImageObject","inLanguage":"en-GB","@id":"https:\/\/fcspartaktrnava.com\/#\/schema\/logo\/image\/","url":"https:\/\/fcspartaktrnava.com\/wp-content\/uploads\/2022\/08\/cropped-site_logo.png","contentUrl":"https:\/\/fcspartaktrnava.com\/wp-content\/uploads\/2022\/08\/cropped-site_logo.png","width":140,"height":140,"caption":"FC Spartak Trnava"},"image":{"@id":"https:\/\/fcspartaktrnava.com\/#\/schema\/logo\/image\/"},"sameAs":["https:\/\/www.facebook.com\/SpartakTrnava","https:\/\/x.com\/SpartakTrnava1","https:\/\/www.instagram.com\/spartak_sk\/"]},{"@type":"Person","@id":"https:\/\/fcspartaktrnava.com\/#\/schema\/person\/62c3c2562c3c56e4c0c8c2342c596ac0","name":"Samuel \u010eurinsk\u00fd","image":{"@type":"ImageObject","inLanguage":"en-GB","@id":"https:\/\/fcspartaktrnava.com\/#\/schema\/person\/image\/","url":"https:\/\/secure.gravatar.com\/avatar\/af2fa02af92418b86ed742470664fe40056833fb68d84becf03f6ab02319257c?s=96&d=mm&r=g","contentUrl":"https:\/\/secure.gravatar.com\/avatar\/af2fa02af92418b86ed742470664fe40056833fb68d84becf03f6ab02319257c?s=96&d=mm&r=g","caption":"Samuel \u010eurinsk\u00fd"},"url":"https:\/\/fcspartaktrnava.com\/en\/author\/fcst-samuel\/"}]}},"_links":{"self":[{"href":"https:\/\/fcspartaktrnava.com\/en\/wp-json\/wp\/v2\/posts\/30737","targetHints":{"allow":["GET"]}}],"collection":[{"href":"https:\/\/fcspartaktrnava.com\/en\/wp-json\/wp\/v2\/posts"}],"about":[{"href":"https:\/\/fcspartaktrnava.com\/en\/wp-json\/wp\/v2\/types\/post"}],"author":[{"embeddable":true,"href":"https:\/\/fcspartaktrnava.com\/en\/wp-json\/wp\/v2\/users\/5"}],"replies":[{"embeddable":true,"href":"https:\/\/fcspartaktrnava.com\/en\/wp-json\/wp\/v2\/comments?post=30737"}],"version-history":[{"count":0,"href":"https:\/\/fcspartaktrnava.com\/en\/wp-json\/wp\/v2\/posts\/30737\/revisions"}],"wp:featuredmedia":[{"embeddable":true,"href":"https:\/\/fcspartaktrnava.com\/en\/wp-json\/wp\/v2\/media\/30296"}],"wp:attachment":[{"href":"https:\/\/fcspartaktrnava.com\/en\/wp-json\/wp\/v2\/media?parent=30737"}],"wp:term":[{"taxonomy":"category","embeddable":true,"href":"https:\/\/fcspartaktrnava.com\/en\/wp-json\/wp\/v2\/categories?post=30737"},{"taxonomy":"post_tag","embeddable":true,"href":"https:\/\/fcspartaktrnava.com\/en\/wp-json\/wp\/v2\/tags?post=30737"}],"curies":[{"name":"wp","href":"https:\/\/api.w.org\/{rel}","templated":true}]}}