{"id":30443,"date":"2025-08-02T18:50:33","date_gmt":"2025-08-02T16:50:33","guid":{"rendered":"https:\/\/fcspartaktrnava.com\/?p=30443"},"modified":"2025-08-02T18:53:03","modified_gmt":"2025-08-02T16:53:03","slug":"nike-liga-pokracuje-zapasom-na-sihoti","status":"publish","type":"post","link":"https:\/\/fcspartaktrnava.com\/en\/nike-liga-pokracuje-zapasom-na-sihoti\/","title":{"rendered":"NIK\u00c9 LIGA POKRA\u010cUJE Z\u00c1PASOM NA SIHOTI"},"content":{"rendered":"<p class=\"has-text-align-center has-medium-font-size\"><strong>Po \u00faspe\u0161nom t\u00fd\u017edni B\u00edlich Andelov pokra\u010duje liga 2. kolom. V prvom ligovom z\u00e1pase <a href=\"https:\/\/fcspartaktrnava.com\/en\/trojgolova-nadielka-do-siete-ruzomberka-na-uvod-nike-ligy\/\">doma presved\u010divo zdolali Ru\u017eomberok<\/a>, vo \u0161tvrtok si zabezpe\u010dili postup do 3. predkola Konferen\u010dnej ligy <a href=\"https:\/\/fcspartaktrnava.com\/en\/dominantny-vykon-jasna-vyhra-a-postup-dalej\/\">vysokou v\u00fdhrou nad Hibernians FC<\/a>.<\/strong><\/p>\n\n\n\n<p class=\"has-text-align-center has-medium-font-size\">U\u017e zajtra si Spartak zmeria sily so s\u00faperom z Tren\u010d\u00edna. So s\u00faperom maj\u00fa spartakovci pozit\u00edvnu bilanciu, v posledn\u00fdch 5-tich z\u00e1pasoch dok\u00e1zali 3-kr\u00e1t zv\u00ed\u0165azi\u0165, raz remizova\u0165 a raz sa te\u0161il s\u00faper. V poslednom vz\u00e1jomnom z\u00e1pase na \u0160tadi\u00f3ne na Sihoti mohli div\u00e1ci vidie\u0165 atrakt\u00edvny duel pln\u00fd g\u00f3lov a nap\u00ednavej oto\u010dky, ke\u010f Spartak vyhral pred po\u010detnou kulisou hos\u0165uj\u00facich fan\u00fa\u0161ikov 3:2. Ve\u013ek\u00fd v\u00fdjazd chystaj\u00fa spartakovci aj zajtra, \u010derveno-\u010d\u00edrnym sa podarilo vypreda\u0165 u\u017e 2 sektory, zvy\u0161n\u00e9 l\u00edstky bude dom\u00e1ci klub pred\u00e1va\u0165 a\u017e na mieste pred \u0161tadi\u00f3nom.<\/p>\n\n\n<div class=\"wp-block-image\">\n<figure class=\"aligncenter size-large\"><img loading=\"lazy\" decoding=\"async\" width=\"1024\" height=\"683\" src=\"https:\/\/fcspartaktrnava.com\/wp-content\/uploads\/2025\/08\/DSC_0014-1024x683.jpg\" alt=\"\" class=\"wp-image-30444\" srcset=\"https:\/\/fcspartaktrnava.com\/wp-content\/uploads\/2025\/08\/DSC_0014-1024x683.jpg 1024w, https:\/\/fcspartaktrnava.com\/wp-content\/uploads\/2025\/08\/DSC_0014-300x200.jpg 300w, https:\/\/fcspartaktrnava.com\/wp-content\/uploads\/2025\/08\/DSC_0014-768x512.jpg 768w, https:\/\/fcspartaktrnava.com\/wp-content\/uploads\/2025\/08\/DSC_0014-1536x1024.jpg 1536w, https:\/\/fcspartaktrnava.com\/wp-content\/uploads\/2025\/08\/DSC_0014-2048x1365.jpg 2048w, https:\/\/fcspartaktrnava.com\/wp-content\/uploads\/2025\/08\/DSC_0014-18x12.jpg 18w\" sizes=\"auto, (max-width: 1024px) 100vw, 1024px\" \/><figcaption class=\"wp-element-caption\"><sup>Pri poslednej v\u00fdhre 3:2 nad Tren\u010d\u00ednom sa do streleckej listiny zap\u00edsal aj Erik Daniel.<\/sup><\/figcaption><\/figure>\n<\/div>\n\n\n<p class=\"has-text-align-center has-medium-font-size\">Jedn\u00fdm z 3 strelcov v poslednom vz\u00e1jomnom z\u00e1pase v Tren\u010d\u00edne bol aj kr\u00eddeln\u00edk Erik Daniel. Ten sez\u00f3nu za\u010dal s miernymi zdravotn\u00fdmi probl\u00e9mami, u\u017e je v\u0161ak fit a sp\u00e4\u0165 na ihrisku:<em> <strong>,,U\u017e minul\u00fa sez\u00f3nu som kon\u010dil so zdravotn\u00fdmi probl\u00e9mami. Myslel som si, \u017ee ke\u010f si odpo\u010diniem tak na nov\u00fa sez\u00f3nu budem pripraven\u00fd. V prvom pr\u00edpravnom z\u00e1pase ma zabolelo l\u00fdtko, ale v pr\u00edprave som pokra\u010doval aj ke\u010f som to na\u010falej c\u00edtil, no v prvom s\u00fa\u0165a\u017enom z\u00e1pase s H\u00e4ckenom sa to ozvalo zas a u\u017e som sa rozhodol to rie\u0161i\u0165.&#8220;<\/strong><\/em><br><br>Po\u010das rekonvalescencie si ho zobral do par\u00e1dy najm\u00e4 kondi\u010dn\u00fd kou\u010d Michal Kuku\u010dka: <em><strong>,,Po zranen\u00ed ma dal Kuko (Michal Kuku\u010dka) kondi\u010dne do poriadku. Ale tr\u00e9ning nie je nikdy z\u00e1pas, tak\u017ee je \u0165a\u017ek\u00e9 do toho nasko\u010di\u0165, ke\u010f dlh\u0161ie nehr\u00e1te. Teraz sa v\u0161ak u\u017e c\u00edtim dobre a som pripraven\u00fd.&#8220;<\/strong><\/em><br><br>Na ihrisko nasko\u010dil Daniel u\u017e v prvom ligovom z\u00e1pase proti Ru\u017eomberku. Po 5 min\u00fatach na ihrisku si ihne\u010f prip\u00edsal asistenciu na g\u00f3l Romana Proch\u00e1zku: <em><strong>,,To ani neberiem ako asistenciu (smiech). Nechcel som vystreli\u0165, lebo som to nemal pripraven\u00e9, tak som to posunul Romanovi a ten si to pripravil s\u00e1m ako to on vie.&#8220;<br><\/strong><\/em><br>Ako sa c\u00edti pod nov\u00fdm tr\u00e9nerom a v novom syst\u00e9me? <strong><em>,,C\u00edtim sa dobre, s\u00fa tam nejak\u00e9 zmeny, ale mysl\u00edm, \u017ee v\u0161etci si zvykaj\u00fa ve\u013emi dobre a vieme, \u010do po n\u00e1s tr\u00e9ner chce.&#8220;<\/em><br><\/strong><br>Zaspom\u00ednal aj na posledn\u00fd vz\u00e1jomn\u00fd duel v Tren\u010d\u00edne:<em><strong> ,,Proti Tren\u010d\u00ednu je to v\u017edy ve\u013emi n\u00e1ro\u010dn\u00fd z\u00e1pas, maj\u00fa ve\u013ek\u00fa kvalitu vpredu, hlavne na kr\u00eddlach. My sa v\u0161ak dobre priprav\u00edme a ideme tam vyhra\u0165. Na posledn\u00fd duel si pam\u00e4t\u00e1m, bol to ve\u013emi dobr\u00fd z\u00e1pas pre fan\u00fa\u0161ikov, hralo sa hore-dole a d\u00fafam, \u017ee sa n\u00e1m to podar\u00ed op\u00e4\u0165 zopakova\u0165.&#8220;<\/strong><\/em><br><br>Na s\u00fapera sa za\u010dali Andeli pripravova\u0165 a\u017e po \u0161tvrtkovom \u00faspechu v Konferen\u010dnej lige:<em> <strong>,,V\u017edy sa s\u00fastred\u00edme a\u017e na najbli\u017e\u0161\u00ed z\u00e1pas \u010do m\u00e1me a in\u00e9 nerie\u0161ime.&#8220;<\/strong><\/em><br><br>33-ro\u010dn\u00fd kr\u00eddeln\u00edk sa u\u017e te\u0161\u00ed aj na po\u010detn\u00fd v\u00fdjazd fan\u00fa\u0161ikov do Tren\u010d\u00edna:<em> <strong>,,Je super, \u017ee na\u0161i fan\u00fa\u0161ikovia pr\u00eddu v tak ve\u013ekom po\u010dte. My sa budeme sna\u017ei\u0165 im za to odv\u010fa\u010di\u0165 v z\u00e1pase.&#8220;<\/strong><\/em><\/p>\n\n\n\n<p class=\"has-text-align-center has-medium-font-size\"><strong>V\u00fdkop z\u00e1pasu je napl\u00e1novan\u00fd u\u017e zajtra 3. augusta o 17:00. Z\u00e1pas budete m\u00f4c\u0165 sledova\u0165 aj na platforme Voyo.<\/strong><\/p>\n\n\n\n<figure class=\"wp-block-image size-large\"><img loading=\"lazy\" decoding=\"async\" width=\"1024\" height=\"341\" src=\"https:\/\/fcspartaktrnava.com\/wp-content\/uploads\/2025\/08\/Predpredaj-banner-1024x341.png\" alt=\"\" class=\"wp-image-30446\" srcset=\"https:\/\/fcspartaktrnava.com\/wp-content\/uploads\/2025\/08\/Predpredaj-banner-1024x341.png 1024w, https:\/\/fcspartaktrnava.com\/wp-content\/uploads\/2025\/08\/Predpredaj-banner-300x100.png 300w, https:\/\/fcspartaktrnava.com\/wp-content\/uploads\/2025\/08\/Predpredaj-banner-768x256.png 768w, https:\/\/fcspartaktrnava.com\/wp-content\/uploads\/2025\/08\/Predpredaj-banner-18x6.png 18w, https:\/\/fcspartaktrnava.com\/wp-content\/uploads\/2025\/08\/Predpredaj-banner.png 1140w\" sizes=\"auto, (max-width: 1024px) 100vw, 1024px\" \/><\/figure>\n\n\n\n<p class=\"has-text-align-center has-medium-font-size\"><strong>Na dom\u00e1com ihrisku sa predstav\u00edme najbli\u017e\u0161ie u\u017e v 3. kole Nik\u00e9 ligy bud\u00facu nede\u013eu 10. augusta o 19:00! S\u00faperom bude nov\u00e1\u010dik z Pre\u0161ova<\/strong>.<\/p>\n\n\n\n<p class=\"has-text-align-center has-vivid-red-color has-white-background-color has-text-color has-background has-link-color has-large-font-size wp-elements-ecd3d6986b68fba3b56b3cb71a9d5dec\"><strong><a href=\"https:\/\/predpredaj.zoznam.sk\/sk\/listky\/fc-spartak-trnava-fc-tatran-presov-2025-08-10\/\">VSTUPENKY NA PRE\u0160OV U\u017d V PREDAJI!<\/a><\/strong><\/p>\n\n\n\n<p><\/p>","protected":false},"excerpt":{"rendered":"<p>Po \u00faspe\u0161nom t\u00fd\u017edni B\u00edlich Andelov pokra\u010duje liga 2&#8230;.<\/p>","protected":false},"author":5,"featured_media":30445,"comment_status":"closed","ping_status":"closed","sticky":false,"template":"","format":"standard","meta":{"footnotes":""},"categories":[12],"tags":[],"class_list":["post-30443","post","type-post","status-publish","format-standard","has-post-thumbnail","hentry","category-spravy","post-number-1"],"yoast_head":"<!-- This site is optimized with the Yoast SEO plugin v27.1.1 - https:\/\/yoast.com\/product\/yoast-seo-wordpress\/ -->\n<title>NIK\u00c9 LIGA POKRA\u010cUJE Z\u00c1PASOM NA SIHOTI - FC Spartak Trnava<\/title>\n<meta name=\"robots\" content=\"index, follow, max-snippet:-1, max-image-preview:large, max-video-preview:-1\" \/>\n<link rel=\"canonical\" href=\"https:\/\/fcspartaktrnava.com\/en\/nike-liga-pokracuje-zapasom-na-sihoti\/\" \/>\n<meta name=\"twitter:label1\" content=\"Written by\" \/>\n\t<meta name=\"twitter:data1\" content=\"Samuel \u010eurinsk\u00fd\" \/>\n\t<meta name=\"twitter:label2\" content=\"Estimated reading time\" \/>\n\t<meta name=\"twitter:data2\" content=\"4 minutes\" \/>\n<script type=\"application\/ld+json\" class=\"yoast-schema-graph\">{\"@context\":\"https:\/\/schema.org\",\"@graph\":[{\"@type\":\"Article\",\"@id\":\"https:\/\/fcspartaktrnava.com\/nike-liga-pokracuje-zapasom-na-sihoti\/#article\",\"isPartOf\":{\"@id\":\"https:\/\/fcspartaktrnava.com\/nike-liga-pokracuje-zapasom-na-sihoti\/\"},\"author\":{\"name\":\"Samuel \u010eurinsk\u00fd\",\"@id\":\"https:\/\/fcspartaktrnava.com\/#\/schema\/person\/62c3c2562c3c56e4c0c8c2342c596ac0\"},\"headline\":\"NIK\u00c9 LIGA POKRA\u010cUJE Z\u00c1PASOM NA SIHOTI\",\"datePublished\":\"2025-08-02T16:50:33+00:00\",\"dateModified\":\"2025-08-02T16:53:03+00:00\",\"mainEntityOfPage\":{\"@id\":\"https:\/\/fcspartaktrnava.com\/nike-liga-pokracuje-zapasom-na-sihoti\/\"},\"wordCount\":666,\"publisher\":{\"@id\":\"https:\/\/fcspartaktrnava.com\/#organization\"},\"image\":{\"@id\":\"https:\/\/fcspartaktrnava.com\/nike-liga-pokracuje-zapasom-na-sihoti\/#primaryimage\"},\"thumbnailUrl\":\"https:\/\/fcspartaktrnava.com\/wp-content\/uploads\/2025\/08\/DSC_7205-scaled.jpg\",\"articleSection\":[\"Spr\u00e1vy\"],\"inLanguage\":\"en-GB\"},{\"@type\":\"WebPage\",\"@id\":\"https:\/\/fcspartaktrnava.com\/nike-liga-pokracuje-zapasom-na-sihoti\/\",\"url\":\"https:\/\/fcspartaktrnava.com\/nike-liga-pokracuje-zapasom-na-sihoti\/\",\"name\":\"NIK\u00c9 LIGA POKRA\u010cUJE Z\u00c1PASOM NA SIHOTI - FC Spartak Trnava\",\"isPartOf\":{\"@id\":\"https:\/\/fcspartaktrnava.com\/#website\"},\"primaryImageOfPage\":{\"@id\":\"https:\/\/fcspartaktrnava.com\/nike-liga-pokracuje-zapasom-na-sihoti\/#primaryimage\"},\"image\":{\"@id\":\"https:\/\/fcspartaktrnava.com\/nike-liga-pokracuje-zapasom-na-sihoti\/#primaryimage\"},\"thumbnailUrl\":\"https:\/\/fcspartaktrnava.com\/wp-content\/uploads\/2025\/08\/DSC_7205-scaled.jpg\",\"datePublished\":\"2025-08-02T16:50:33+00:00\",\"dateModified\":\"2025-08-02T16:53:03+00:00\",\"breadcrumb\":{\"@id\":\"https:\/\/fcspartaktrnava.com\/nike-liga-pokracuje-zapasom-na-sihoti\/#breadcrumb\"},\"inLanguage\":\"en-GB\",\"potentialAction\":[{\"@type\":\"ReadAction\",\"target\":[\"https:\/\/fcspartaktrnava.com\/nike-liga-pokracuje-zapasom-na-sihoti\/\"]}]},{\"@type\":\"ImageObject\",\"inLanguage\":\"en-GB\",\"@id\":\"https:\/\/fcspartaktrnava.com\/nike-liga-pokracuje-zapasom-na-sihoti\/#primaryimage\",\"url\":\"https:\/\/fcspartaktrnava.com\/wp-content\/uploads\/2025\/08\/DSC_7205-scaled.jpg\",\"contentUrl\":\"https:\/\/fcspartaktrnava.com\/wp-content\/uploads\/2025\/08\/DSC_7205-scaled.jpg\",\"width\":2560,\"height\":1707},{\"@type\":\"BreadcrumbList\",\"@id\":\"https:\/\/fcspartaktrnava.com\/nike-liga-pokracuje-zapasom-na-sihoti\/#breadcrumb\",\"itemListElement\":[{\"@type\":\"ListItem\",\"position\":1,\"name\":\"Home\",\"item\":\"https:\/\/fcspartaktrnava.com\/\"},{\"@type\":\"ListItem\",\"position\":2,\"name\":\"NIK\u00c9 LIGA POKRA\u010cUJE Z\u00c1PASOM NA SIHOTI\"}]},{\"@type\":\"WebSite\",\"@id\":\"https:\/\/fcspartaktrnava.com\/#website\",\"url\":\"https:\/\/fcspartaktrnava.com\/\",\"name\":\"FC Spartak Trnava\",\"description\":\"ofici\u00e1lna webstr\u00e1nka futbalov\u00e9ho klubu\",\"publisher\":{\"@id\":\"https:\/\/fcspartaktrnava.com\/#organization\"},\"potentialAction\":[{\"@type\":\"SearchAction\",\"target\":{\"@type\":\"EntryPoint\",\"urlTemplate\":\"https:\/\/fcspartaktrnava.com\/?s={search_term_string}\"},\"query-input\":{\"@type\":\"PropertyValueSpecification\",\"valueRequired\":true,\"valueName\":\"search_term_string\"}}],\"inLanguage\":\"en-GB\"},{\"@type\":\"Organization\",\"@id\":\"https:\/\/fcspartaktrnava.com\/#organization\",\"name\":\"FC Spartak Trnava\",\"alternateName\":\"Spartak\",\"url\":\"https:\/\/fcspartaktrnava.com\/\",\"logo\":{\"@type\":\"ImageObject\",\"inLanguage\":\"en-GB\",\"@id\":\"https:\/\/fcspartaktrnava.com\/#\/schema\/logo\/image\/\",\"url\":\"https:\/\/fcspartaktrnava.com\/wp-content\/uploads\/2022\/08\/cropped-site_logo.png\",\"contentUrl\":\"https:\/\/fcspartaktrnava.com\/wp-content\/uploads\/2022\/08\/cropped-site_logo.png\",\"width\":140,\"height\":140,\"caption\":\"FC Spartak Trnava\"},\"image\":{\"@id\":\"https:\/\/fcspartaktrnava.com\/#\/schema\/logo\/image\/\"},\"sameAs\":[\"https:\/\/www.facebook.com\/SpartakTrnava\",\"https:\/\/x.com\/SpartakTrnava1\",\"https:\/\/www.instagram.com\/spartak_sk\/\"]},{\"@type\":\"Person\",\"@id\":\"https:\/\/fcspartaktrnava.com\/#\/schema\/person\/62c3c2562c3c56e4c0c8c2342c596ac0\",\"name\":\"Samuel \u010eurinsk\u00fd\",\"image\":{\"@type\":\"ImageObject\",\"inLanguage\":\"en-GB\",\"@id\":\"https:\/\/fcspartaktrnava.com\/#\/schema\/person\/image\/\",\"url\":\"https:\/\/secure.gravatar.com\/avatar\/af2fa02af92418b86ed742470664fe40056833fb68d84becf03f6ab02319257c?s=96&d=mm&r=g\",\"contentUrl\":\"https:\/\/secure.gravatar.com\/avatar\/af2fa02af92418b86ed742470664fe40056833fb68d84becf03f6ab02319257c?s=96&d=mm&r=g\",\"caption\":\"Samuel \u010eurinsk\u00fd\"},\"url\":\"https:\/\/fcspartaktrnava.com\/en\/author\/fcst-samuel\/\"}]}<\/script>\n<!-- \/ Yoast SEO plugin. -->","yoast_head_json":{"title":"NIK\u00c9 LIGA POKRA\u010cUJE Z\u00c1PASOM NA SIHOTI - FC Spartak Trnava","robots":{"index":"index","follow":"follow","max-snippet":"max-snippet:-1","max-image-preview":"max-image-preview:large","max-video-preview":"max-video-preview:-1"},"canonical":"https:\/\/fcspartaktrnava.com\/en\/nike-liga-pokracuje-zapasom-na-sihoti\/","twitter_misc":{"Written by":"Samuel \u010eurinsk\u00fd","Estimated reading time":"4 minutes"},"schema":{"@context":"https:\/\/schema.org","@graph":[{"@type":"Article","@id":"https:\/\/fcspartaktrnava.com\/nike-liga-pokracuje-zapasom-na-sihoti\/#article","isPartOf":{"@id":"https:\/\/fcspartaktrnava.com\/nike-liga-pokracuje-zapasom-na-sihoti\/"},"author":{"name":"Samuel \u010eurinsk\u00fd","@id":"https:\/\/fcspartaktrnava.com\/#\/schema\/person\/62c3c2562c3c56e4c0c8c2342c596ac0"},"headline":"NIK\u00c9 LIGA POKRA\u010cUJE Z\u00c1PASOM NA SIHOTI","datePublished":"2025-08-02T16:50:33+00:00","dateModified":"2025-08-02T16:53:03+00:00","mainEntityOfPage":{"@id":"https:\/\/fcspartaktrnava.com\/nike-liga-pokracuje-zapasom-na-sihoti\/"},"wordCount":666,"publisher":{"@id":"https:\/\/fcspartaktrnava.com\/#organization"},"image":{"@id":"https:\/\/fcspartaktrnava.com\/nike-liga-pokracuje-zapasom-na-sihoti\/#primaryimage"},"thumbnailUrl":"https:\/\/fcspartaktrnava.com\/wp-content\/uploads\/2025\/08\/DSC_7205-scaled.jpg","articleSection":["Spr\u00e1vy"],"inLanguage":"en-GB"},{"@type":"WebPage","@id":"https:\/\/fcspartaktrnava.com\/nike-liga-pokracuje-zapasom-na-sihoti\/","url":"https:\/\/fcspartaktrnava.com\/nike-liga-pokracuje-zapasom-na-sihoti\/","name":"NIK\u00c9 LIGA POKRA\u010cUJE Z\u00c1PASOM NA SIHOTI - FC Spartak Trnava","isPartOf":{"@id":"https:\/\/fcspartaktrnava.com\/#website"},"primaryImageOfPage":{"@id":"https:\/\/fcspartaktrnava.com\/nike-liga-pokracuje-zapasom-na-sihoti\/#primaryimage"},"image":{"@id":"https:\/\/fcspartaktrnava.com\/nike-liga-pokracuje-zapasom-na-sihoti\/#primaryimage"},"thumbnailUrl":"https:\/\/fcspartaktrnava.com\/wp-content\/uploads\/2025\/08\/DSC_7205-scaled.jpg","datePublished":"2025-08-02T16:50:33+00:00","dateModified":"2025-08-02T16:53:03+00:00","breadcrumb":{"@id":"https:\/\/fcspartaktrnava.com\/nike-liga-pokracuje-zapasom-na-sihoti\/#breadcrumb"},"inLanguage":"en-GB","potentialAction":[{"@type":"ReadAction","target":["https:\/\/fcspartaktrnava.com\/nike-liga-pokracuje-zapasom-na-sihoti\/"]}]},{"@type":"ImageObject","inLanguage":"en-GB","@id":"https:\/\/fcspartaktrnava.com\/nike-liga-pokracuje-zapasom-na-sihoti\/#primaryimage","url":"https:\/\/fcspartaktrnava.com\/wp-content\/uploads\/2025\/08\/DSC_7205-scaled.jpg","contentUrl":"https:\/\/fcspartaktrnava.com\/wp-content\/uploads\/2025\/08\/DSC_7205-scaled.jpg","width":2560,"height":1707},{"@type":"BreadcrumbList","@id":"https:\/\/fcspartaktrnava.com\/nike-liga-pokracuje-zapasom-na-sihoti\/#breadcrumb","itemListElement":[{"@type":"ListItem","position":1,"name":"Home","item":"https:\/\/fcspartaktrnava.com\/"},{"@type":"ListItem","position":2,"name":"NIK\u00c9 LIGA POKRA\u010cUJE Z\u00c1PASOM NA SIHOTI"}]},{"@type":"WebSite","@id":"https:\/\/fcspartaktrnava.com\/#website","url":"https:\/\/fcspartaktrnava.com\/","name":"FC Spartak Trnava","description":"ofici\u00e1lna webstr\u00e1nka futbalov\u00e9ho klubu","publisher":{"@id":"https:\/\/fcspartaktrnava.com\/#organization"},"potentialAction":[{"@type":"SearchAction","target":{"@type":"EntryPoint","urlTemplate":"https:\/\/fcspartaktrnava.com\/?s={search_term_string}"},"query-input":{"@type":"PropertyValueSpecification","valueRequired":true,"valueName":"search_term_string"}}],"inLanguage":"en-GB"},{"@type":"Organization","@id":"https:\/\/fcspartaktrnava.com\/#organization","name":"FC Spartak Trnava","alternateName":"Spartak","url":"https:\/\/fcspartaktrnava.com\/","logo":{"@type":"ImageObject","inLanguage":"en-GB","@id":"https:\/\/fcspartaktrnava.com\/#\/schema\/logo\/image\/","url":"https:\/\/fcspartaktrnava.com\/wp-content\/uploads\/2022\/08\/cropped-site_logo.png","contentUrl":"https:\/\/fcspartaktrnava.com\/wp-content\/uploads\/2022\/08\/cropped-site_logo.png","width":140,"height":140,"caption":"FC Spartak Trnava"},"image":{"@id":"https:\/\/fcspartaktrnava.com\/#\/schema\/logo\/image\/"},"sameAs":["https:\/\/www.facebook.com\/SpartakTrnava","https:\/\/x.com\/SpartakTrnava1","https:\/\/www.instagram.com\/spartak_sk\/"]},{"@type":"Person","@id":"https:\/\/fcspartaktrnava.com\/#\/schema\/person\/62c3c2562c3c56e4c0c8c2342c596ac0","name":"Samuel \u010eurinsk\u00fd","image":{"@type":"ImageObject","inLanguage":"en-GB","@id":"https:\/\/fcspartaktrnava.com\/#\/schema\/person\/image\/","url":"https:\/\/secure.gravatar.com\/avatar\/af2fa02af92418b86ed742470664fe40056833fb68d84becf03f6ab02319257c?s=96&d=mm&r=g","contentUrl":"https:\/\/secure.gravatar.com\/avatar\/af2fa02af92418b86ed742470664fe40056833fb68d84becf03f6ab02319257c?s=96&d=mm&r=g","caption":"Samuel \u010eurinsk\u00fd"},"url":"https:\/\/fcspartaktrnava.com\/en\/author\/fcst-samuel\/"}]}},"_links":{"self":[{"href":"https:\/\/fcspartaktrnava.com\/en\/wp-json\/wp\/v2\/posts\/30443","targetHints":{"allow":["GET"]}}],"collection":[{"href":"https:\/\/fcspartaktrnava.com\/en\/wp-json\/wp\/v2\/posts"}],"about":[{"href":"https:\/\/fcspartaktrnava.com\/en\/wp-json\/wp\/v2\/types\/post"}],"author":[{"embeddable":true,"href":"https:\/\/fcspartaktrnava.com\/en\/wp-json\/wp\/v2\/users\/5"}],"replies":[{"embeddable":true,"href":"https:\/\/fcspartaktrnava.com\/en\/wp-json\/wp\/v2\/comments?post=30443"}],"version-history":[{"count":0,"href":"https:\/\/fcspartaktrnava.com\/en\/wp-json\/wp\/v2\/posts\/30443\/revisions"}],"wp:featuredmedia":[{"embeddable":true,"href":"https:\/\/fcspartaktrnava.com\/en\/wp-json\/wp\/v2\/media\/30445"}],"wp:attachment":[{"href":"https:\/\/fcspartaktrnava.com\/en\/wp-json\/wp\/v2\/media?parent=30443"}],"wp:term":[{"taxonomy":"category","embeddable":true,"href":"https:\/\/fcspartaktrnava.com\/en\/wp-json\/wp\/v2\/categories?post=30443"},{"taxonomy":"post_tag","embeddable":true,"href":"https:\/\/fcspartaktrnava.com\/en\/wp-json\/wp\/v2\/tags?post=30443"}],"curies":[{"name":"wp","href":"https:\/\/api.w.org\/{rel}","templated":true}]}}