{"id":30440,"date":"2025-08-07T16:22:21","date_gmt":"2025-08-07T14:22:21","guid":{"rendered":"https:\/\/fcspartaktrnava.com\/?p=30440"},"modified":"2025-08-07T16:22:47","modified_gmt":"2025-08-07T14:22:47","slug":"vstupenky-na-domaci-zapas-konferencnej-ligy-v-predaji","status":"publish","type":"post","link":"https:\/\/fcspartaktrnava.com\/en\/vstupenky-na-domaci-zapas-konferencnej-ligy-v-predaji\/","title":{"rendered":"Vstupenky na dom\u00e1ci z\u00e1pas Konferen\u010dnej ligy v predaji!"},"content":{"rendered":"<p class=\"has-text-align-center has-medium-font-size\"><strong>Spartak sa op\u00e4\u0165 prebojoval do 3. predkola Konferen\u010dnej ligy, kde si sily zmeria so s\u00faperom z Rumunska &#8211; Universitatea Craiova.<\/strong><br><br>Dom\u00e1ca odveta je na programe <strong>14. augusta<\/strong> od <strong>20:30<\/strong> a my sme pr\u00e1ve spustili predaj vstupeniek pre \u0161irok\u00fa verejnos\u0165!<br><br>V predpredaji si vstupenky k\u00fapilo a\u017e <strong>1159 permanentk\u00e1rov<\/strong>! Pridaj sa k n\u00edm a za\u017ei spolu s nami \u010fal\u0161\u00ed nezabudnute\u013en\u00fd eur\u00f3psky ve\u010der na \u0160tadi\u00f3ne Antona Malatinsk\u00e9ho!<br><\/p>\n\n\n\n<p class=\"has-text-align-center has-vivid-red-color has-white-background-color has-text-color has-background has-link-color has-medium-font-size wp-elements-a9b571e6f13e8ec1f7cbc6398083dbaf\"><strong><a href=\"https:\/\/bit.ly\/SpartakCraiova\">KUPUJ VSTUPENKY ONLINE TU!<\/a><\/strong><\/p>\n\n\n<div class=\"wp-block-image\">\n<figure class=\"aligncenter size-large is-resized\"><img loading=\"lazy\" decoding=\"async\" width=\"1024\" height=\"341\" src=\"https:\/\/fcspartaktrnava.com\/wp-content\/uploads\/2025\/08\/Predpredaj-banner-1-1-1024x341.png\" alt=\"\" class=\"wp-image-30956\" style=\"width:709px;height:auto\" srcset=\"https:\/\/fcspartaktrnava.com\/wp-content\/uploads\/2025\/08\/Predpredaj-banner-1-1-1024x341.png 1024w, https:\/\/fcspartaktrnava.com\/wp-content\/uploads\/2025\/08\/Predpredaj-banner-1-1-300x100.png 300w, https:\/\/fcspartaktrnava.com\/wp-content\/uploads\/2025\/08\/Predpredaj-banner-1-1-768x256.png 768w, https:\/\/fcspartaktrnava.com\/wp-content\/uploads\/2025\/08\/Predpredaj-banner-1-1-18x6.png 18w, https:\/\/fcspartaktrnava.com\/wp-content\/uploads\/2025\/08\/Predpredaj-banner-1-1.png 1140w\" sizes=\"auto, (max-width: 1024px) 100vw, 1024px\" \/><\/figure>\n<\/div>\n\n\n<p class=\"has-text-align-center has-medium-font-size\">Okrem z\u00e1pasu bude na severnej trib\u00fane pripraven\u00fd op\u00e4\u0165 aj <strong>detsk\u00fd k\u00fatik<\/strong> pre najmen\u0161\u00edch. N\u00e1jdete tam aj n\u00e1\u0161 <strong>st\u00e1nok FCSTORE<\/strong>, kde si budete m\u00f4c\u0165 zak\u00fapi\u0165 vybran\u00e9 produkty, suven\u00edry a oble\u010denie. Vstup na \u0161tadi\u00f3n bude mo\u017en\u00fd u\u017e <strong>od 18:30<\/strong>. K\u00fatik spolu so st\u00e1nkom n\u00e1jdete v rohu nad sektormi <strong>5, 6, 7<\/strong>.&nbsp;<br><br>Deti <strong>do 15 rokov<\/strong>, seniori <strong>nad 62 rokov<\/strong> a <strong>Z\u0164P<\/strong> spolu so <strong>Z\u0164P-<\/strong>S si m\u00f4\u017eu vstupenku zak\u00fapi\u0165 so <strong>z\u013eavou 40%<\/strong> .<br><br>V na\u0161om <strong>FCSTORE<\/strong>, n\u00e1jdete okrem najnov\u0161\u00edch k\u00faskov z na\u0161ej PUMA kolekcie, \u010di nov\u00fdch karti\u010diek na\u0161ich futbalistov aj origin\u00e1lny z\u00e1pasov\u00fd \u0161\u00e1l. Zak\u00fap si aj ty svoj suven\u00edr a fandi ako poriadny fan\u00fa\u0161ik!<\/p>\n\n\n<div class=\"wp-block-image\">\n<figure class=\"aligncenter size-full is-resized\"><img loading=\"lazy\" decoding=\"async\" width=\"1431\" height=\"1600\" src=\"https:\/\/fcspartaktrnava.com\/wp-content\/uploads\/2025\/08\/Obrazok-WhatsApp-2025-08-07-o-13.02.45_ca13e33d.jpg\" alt=\"\" class=\"wp-image-30957\" style=\"width:642px;height:auto\" srcset=\"https:\/\/fcspartaktrnava.com\/wp-content\/uploads\/2025\/08\/Obrazok-WhatsApp-2025-08-07-o-13.02.45_ca13e33d.jpg 1431w, https:\/\/fcspartaktrnava.com\/wp-content\/uploads\/2025\/08\/Obrazok-WhatsApp-2025-08-07-o-13.02.45_ca13e33d-268x300.jpg 268w, https:\/\/fcspartaktrnava.com\/wp-content\/uploads\/2025\/08\/Obrazok-WhatsApp-2025-08-07-o-13.02.45_ca13e33d-916x1024.jpg 916w, https:\/\/fcspartaktrnava.com\/wp-content\/uploads\/2025\/08\/Obrazok-WhatsApp-2025-08-07-o-13.02.45_ca13e33d-768x859.jpg 768w, https:\/\/fcspartaktrnava.com\/wp-content\/uploads\/2025\/08\/Obrazok-WhatsApp-2025-08-07-o-13.02.45_ca13e33d-1374x1536.jpg 1374w, https:\/\/fcspartaktrnava.com\/wp-content\/uploads\/2025\/08\/Obrazok-WhatsApp-2025-08-07-o-13.02.45_ca13e33d-11x12.jpg 11w\" sizes=\"auto, (max-width: 1431px) 100vw, 1431px\" \/><\/figure>\n<\/div>","protected":false},"excerpt":{"rendered":"<p>Spartak sa op\u00e4\u0165 prebojoval do 3. predkola Konferen\u010dnej&#8230;<\/p>","protected":false},"author":5,"featured_media":30959,"comment_status":"closed","ping_status":"closed","sticky":false,"template":"","format":"standard","meta":{"footnotes":""},"categories":[12],"tags":[],"class_list":["post-30440","post","type-post","status-publish","format-standard","has-post-thumbnail","hentry","category-spravy","post-number-1"],"yoast_head":"<!-- This site is optimized with the Yoast SEO plugin v27.1.1 - https:\/\/yoast.com\/product\/yoast-seo-wordpress\/ -->\n<title>Vstupenky na dom\u00e1ci z\u00e1pas Konferen\u010dnej ligy v predaji! - FC Spartak Trnava<\/title>\n<meta name=\"robots\" content=\"index, follow, max-snippet:-1, max-image-preview:large, max-video-preview:-1\" \/>\n<link rel=\"canonical\" href=\"https:\/\/fcspartaktrnava.com\/en\/vstupenky-na-domaci-zapas-konferencnej-ligy-v-predaji\/\" \/>\n<meta name=\"twitter:label1\" content=\"Written by\" \/>\n\t<meta name=\"twitter:data1\" content=\"Samuel \u010eurinsk\u00fd\" \/>\n\t<meta name=\"twitter:label2\" content=\"Estimated reading time\" \/>\n\t<meta name=\"twitter:data2\" content=\"2 minutes\" \/>\n<script type=\"application\/ld+json\" class=\"yoast-schema-graph\">{\"@context\":\"https:\/\/schema.org\",\"@graph\":[{\"@type\":\"Article\",\"@id\":\"https:\/\/fcspartaktrnava.com\/vstupenky-na-domaci-zapas-konferencnej-ligy-v-predaji\/#article\",\"isPartOf\":{\"@id\":\"https:\/\/fcspartaktrnava.com\/vstupenky-na-domaci-zapas-konferencnej-ligy-v-predaji\/\"},\"author\":{\"name\":\"Samuel \u010eurinsk\u00fd\",\"@id\":\"https:\/\/fcspartaktrnava.com\/#\/schema\/person\/62c3c2562c3c56e4c0c8c2342c596ac0\"},\"headline\":\"Vstupenky na dom\u00e1ci z\u00e1pas Konferen\u010dnej ligy v predaji!\",\"datePublished\":\"2025-08-07T14:22:21+00:00\",\"dateModified\":\"2025-08-07T14:22:47+00:00\",\"mainEntityOfPage\":{\"@id\":\"https:\/\/fcspartaktrnava.com\/vstupenky-na-domaci-zapas-konferencnej-ligy-v-predaji\/\"},\"wordCount\":215,\"publisher\":{\"@id\":\"https:\/\/fcspartaktrnava.com\/#organization\"},\"image\":{\"@id\":\"https:\/\/fcspartaktrnava.com\/vstupenky-na-domaci-zapas-konferencnej-ligy-v-predaji\/#primaryimage\"},\"thumbnailUrl\":\"https:\/\/fcspartaktrnava.com\/wp-content\/uploads\/2025\/08\/DSC_6064-scaled.jpg\",\"articleSection\":[\"Spr\u00e1vy\"],\"inLanguage\":\"en-GB\"},{\"@type\":\"WebPage\",\"@id\":\"https:\/\/fcspartaktrnava.com\/vstupenky-na-domaci-zapas-konferencnej-ligy-v-predaji\/\",\"url\":\"https:\/\/fcspartaktrnava.com\/vstupenky-na-domaci-zapas-konferencnej-ligy-v-predaji\/\",\"name\":\"Vstupenky na dom\u00e1ci z\u00e1pas Konferen\u010dnej ligy v predaji! - FC Spartak Trnava\",\"isPartOf\":{\"@id\":\"https:\/\/fcspartaktrnava.com\/#website\"},\"primaryImageOfPage\":{\"@id\":\"https:\/\/fcspartaktrnava.com\/vstupenky-na-domaci-zapas-konferencnej-ligy-v-predaji\/#primaryimage\"},\"image\":{\"@id\":\"https:\/\/fcspartaktrnava.com\/vstupenky-na-domaci-zapas-konferencnej-ligy-v-predaji\/#primaryimage\"},\"thumbnailUrl\":\"https:\/\/fcspartaktrnava.com\/wp-content\/uploads\/2025\/08\/DSC_6064-scaled.jpg\",\"datePublished\":\"2025-08-07T14:22:21+00:00\",\"dateModified\":\"2025-08-07T14:22:47+00:00\",\"breadcrumb\":{\"@id\":\"https:\/\/fcspartaktrnava.com\/vstupenky-na-domaci-zapas-konferencnej-ligy-v-predaji\/#breadcrumb\"},\"inLanguage\":\"en-GB\",\"potentialAction\":[{\"@type\":\"ReadAction\",\"target\":[\"https:\/\/fcspartaktrnava.com\/vstupenky-na-domaci-zapas-konferencnej-ligy-v-predaji\/\"]}]},{\"@type\":\"ImageObject\",\"inLanguage\":\"en-GB\",\"@id\":\"https:\/\/fcspartaktrnava.com\/vstupenky-na-domaci-zapas-konferencnej-ligy-v-predaji\/#primaryimage\",\"url\":\"https:\/\/fcspartaktrnava.com\/wp-content\/uploads\/2025\/08\/DSC_6064-scaled.jpg\",\"contentUrl\":\"https:\/\/fcspartaktrnava.com\/wp-content\/uploads\/2025\/08\/DSC_6064-scaled.jpg\",\"width\":2560,\"height\":1707},{\"@type\":\"BreadcrumbList\",\"@id\":\"https:\/\/fcspartaktrnava.com\/vstupenky-na-domaci-zapas-konferencnej-ligy-v-predaji\/#breadcrumb\",\"itemListElement\":[{\"@type\":\"ListItem\",\"position\":1,\"name\":\"Home\",\"item\":\"https:\/\/fcspartaktrnava.com\/\"},{\"@type\":\"ListItem\",\"position\":2,\"name\":\"Vstupenky na dom\u00e1ci z\u00e1pas Konferen\u010dnej ligy v predaji!\"}]},{\"@type\":\"WebSite\",\"@id\":\"https:\/\/fcspartaktrnava.com\/#website\",\"url\":\"https:\/\/fcspartaktrnava.com\/\",\"name\":\"FC Spartak Trnava\",\"description\":\"ofici\u00e1lna webstr\u00e1nka futbalov\u00e9ho klubu\",\"publisher\":{\"@id\":\"https:\/\/fcspartaktrnava.com\/#organization\"},\"potentialAction\":[{\"@type\":\"SearchAction\",\"target\":{\"@type\":\"EntryPoint\",\"urlTemplate\":\"https:\/\/fcspartaktrnava.com\/?s={search_term_string}\"},\"query-input\":{\"@type\":\"PropertyValueSpecification\",\"valueRequired\":true,\"valueName\":\"search_term_string\"}}],\"inLanguage\":\"en-GB\"},{\"@type\":\"Organization\",\"@id\":\"https:\/\/fcspartaktrnava.com\/#organization\",\"name\":\"FC Spartak Trnava\",\"alternateName\":\"Spartak\",\"url\":\"https:\/\/fcspartaktrnava.com\/\",\"logo\":{\"@type\":\"ImageObject\",\"inLanguage\":\"en-GB\",\"@id\":\"https:\/\/fcspartaktrnava.com\/#\/schema\/logo\/image\/\",\"url\":\"https:\/\/fcspartaktrnava.com\/wp-content\/uploads\/2022\/08\/cropped-site_logo.png\",\"contentUrl\":\"https:\/\/fcspartaktrnava.com\/wp-content\/uploads\/2022\/08\/cropped-site_logo.png\",\"width\":140,\"height\":140,\"caption\":\"FC Spartak Trnava\"},\"image\":{\"@id\":\"https:\/\/fcspartaktrnava.com\/#\/schema\/logo\/image\/\"},\"sameAs\":[\"https:\/\/www.facebook.com\/SpartakTrnava\",\"https:\/\/x.com\/SpartakTrnava1\",\"https:\/\/www.instagram.com\/spartak_sk\/\"]},{\"@type\":\"Person\",\"@id\":\"https:\/\/fcspartaktrnava.com\/#\/schema\/person\/62c3c2562c3c56e4c0c8c2342c596ac0\",\"name\":\"Samuel \u010eurinsk\u00fd\",\"image\":{\"@type\":\"ImageObject\",\"inLanguage\":\"en-GB\",\"@id\":\"https:\/\/fcspartaktrnava.com\/#\/schema\/person\/image\/\",\"url\":\"https:\/\/secure.gravatar.com\/avatar\/af2fa02af92418b86ed742470664fe40056833fb68d84becf03f6ab02319257c?s=96&d=mm&r=g\",\"contentUrl\":\"https:\/\/secure.gravatar.com\/avatar\/af2fa02af92418b86ed742470664fe40056833fb68d84becf03f6ab02319257c?s=96&d=mm&r=g\",\"caption\":\"Samuel \u010eurinsk\u00fd\"},\"url\":\"https:\/\/fcspartaktrnava.com\/en\/author\/fcst-samuel\/\"}]}<\/script>\n<!-- \/ Yoast SEO plugin. -->","yoast_head_json":{"title":"Vstupenky na dom\u00e1ci z\u00e1pas Konferen\u010dnej ligy v predaji! - FC Spartak Trnava","robots":{"index":"index","follow":"follow","max-snippet":"max-snippet:-1","max-image-preview":"max-image-preview:large","max-video-preview":"max-video-preview:-1"},"canonical":"https:\/\/fcspartaktrnava.com\/en\/vstupenky-na-domaci-zapas-konferencnej-ligy-v-predaji\/","twitter_misc":{"Written by":"Samuel \u010eurinsk\u00fd","Estimated reading time":"2 minutes"},"schema":{"@context":"https:\/\/schema.org","@graph":[{"@type":"Article","@id":"https:\/\/fcspartaktrnava.com\/vstupenky-na-domaci-zapas-konferencnej-ligy-v-predaji\/#article","isPartOf":{"@id":"https:\/\/fcspartaktrnava.com\/vstupenky-na-domaci-zapas-konferencnej-ligy-v-predaji\/"},"author":{"name":"Samuel \u010eurinsk\u00fd","@id":"https:\/\/fcspartaktrnava.com\/#\/schema\/person\/62c3c2562c3c56e4c0c8c2342c596ac0"},"headline":"Vstupenky na dom\u00e1ci z\u00e1pas Konferen\u010dnej ligy v predaji!","datePublished":"2025-08-07T14:22:21+00:00","dateModified":"2025-08-07T14:22:47+00:00","mainEntityOfPage":{"@id":"https:\/\/fcspartaktrnava.com\/vstupenky-na-domaci-zapas-konferencnej-ligy-v-predaji\/"},"wordCount":215,"publisher":{"@id":"https:\/\/fcspartaktrnava.com\/#organization"},"image":{"@id":"https:\/\/fcspartaktrnava.com\/vstupenky-na-domaci-zapas-konferencnej-ligy-v-predaji\/#primaryimage"},"thumbnailUrl":"https:\/\/fcspartaktrnava.com\/wp-content\/uploads\/2025\/08\/DSC_6064-scaled.jpg","articleSection":["Spr\u00e1vy"],"inLanguage":"en-GB"},{"@type":"WebPage","@id":"https:\/\/fcspartaktrnava.com\/vstupenky-na-domaci-zapas-konferencnej-ligy-v-predaji\/","url":"https:\/\/fcspartaktrnava.com\/vstupenky-na-domaci-zapas-konferencnej-ligy-v-predaji\/","name":"Vstupenky na dom\u00e1ci z\u00e1pas Konferen\u010dnej ligy v predaji! - FC Spartak Trnava","isPartOf":{"@id":"https:\/\/fcspartaktrnava.com\/#website"},"primaryImageOfPage":{"@id":"https:\/\/fcspartaktrnava.com\/vstupenky-na-domaci-zapas-konferencnej-ligy-v-predaji\/#primaryimage"},"image":{"@id":"https:\/\/fcspartaktrnava.com\/vstupenky-na-domaci-zapas-konferencnej-ligy-v-predaji\/#primaryimage"},"thumbnailUrl":"https:\/\/fcspartaktrnava.com\/wp-content\/uploads\/2025\/08\/DSC_6064-scaled.jpg","datePublished":"2025-08-07T14:22:21+00:00","dateModified":"2025-08-07T14:22:47+00:00","breadcrumb":{"@id":"https:\/\/fcspartaktrnava.com\/vstupenky-na-domaci-zapas-konferencnej-ligy-v-predaji\/#breadcrumb"},"inLanguage":"en-GB","potentialAction":[{"@type":"ReadAction","target":["https:\/\/fcspartaktrnava.com\/vstupenky-na-domaci-zapas-konferencnej-ligy-v-predaji\/"]}]},{"@type":"ImageObject","inLanguage":"en-GB","@id":"https:\/\/fcspartaktrnava.com\/vstupenky-na-domaci-zapas-konferencnej-ligy-v-predaji\/#primaryimage","url":"https:\/\/fcspartaktrnava.com\/wp-content\/uploads\/2025\/08\/DSC_6064-scaled.jpg","contentUrl":"https:\/\/fcspartaktrnava.com\/wp-content\/uploads\/2025\/08\/DSC_6064-scaled.jpg","width":2560,"height":1707},{"@type":"BreadcrumbList","@id":"https:\/\/fcspartaktrnava.com\/vstupenky-na-domaci-zapas-konferencnej-ligy-v-predaji\/#breadcrumb","itemListElement":[{"@type":"ListItem","position":1,"name":"Home","item":"https:\/\/fcspartaktrnava.com\/"},{"@type":"ListItem","position":2,"name":"Vstupenky na dom\u00e1ci z\u00e1pas Konferen\u010dnej ligy v predaji!"}]},{"@type":"WebSite","@id":"https:\/\/fcspartaktrnava.com\/#website","url":"https:\/\/fcspartaktrnava.com\/","name":"FC Spartak Trnava","description":"ofici\u00e1lna webstr\u00e1nka futbalov\u00e9ho klubu","publisher":{"@id":"https:\/\/fcspartaktrnava.com\/#organization"},"potentialAction":[{"@type":"SearchAction","target":{"@type":"EntryPoint","urlTemplate":"https:\/\/fcspartaktrnava.com\/?s={search_term_string}"},"query-input":{"@type":"PropertyValueSpecification","valueRequired":true,"valueName":"search_term_string"}}],"inLanguage":"en-GB"},{"@type":"Organization","@id":"https:\/\/fcspartaktrnava.com\/#organization","name":"FC Spartak Trnava","alternateName":"Spartak","url":"https:\/\/fcspartaktrnava.com\/","logo":{"@type":"ImageObject","inLanguage":"en-GB","@id":"https:\/\/fcspartaktrnava.com\/#\/schema\/logo\/image\/","url":"https:\/\/fcspartaktrnava.com\/wp-content\/uploads\/2022\/08\/cropped-site_logo.png","contentUrl":"https:\/\/fcspartaktrnava.com\/wp-content\/uploads\/2022\/08\/cropped-site_logo.png","width":140,"height":140,"caption":"FC Spartak Trnava"},"image":{"@id":"https:\/\/fcspartaktrnava.com\/#\/schema\/logo\/image\/"},"sameAs":["https:\/\/www.facebook.com\/SpartakTrnava","https:\/\/x.com\/SpartakTrnava1","https:\/\/www.instagram.com\/spartak_sk\/"]},{"@type":"Person","@id":"https:\/\/fcspartaktrnava.com\/#\/schema\/person\/62c3c2562c3c56e4c0c8c2342c596ac0","name":"Samuel \u010eurinsk\u00fd","image":{"@type":"ImageObject","inLanguage":"en-GB","@id":"https:\/\/fcspartaktrnava.com\/#\/schema\/person\/image\/","url":"https:\/\/secure.gravatar.com\/avatar\/af2fa02af92418b86ed742470664fe40056833fb68d84becf03f6ab02319257c?s=96&d=mm&r=g","contentUrl":"https:\/\/secure.gravatar.com\/avatar\/af2fa02af92418b86ed742470664fe40056833fb68d84becf03f6ab02319257c?s=96&d=mm&r=g","caption":"Samuel \u010eurinsk\u00fd"},"url":"https:\/\/fcspartaktrnava.com\/en\/author\/fcst-samuel\/"}]}},"_links":{"self":[{"href":"https:\/\/fcspartaktrnava.com\/en\/wp-json\/wp\/v2\/posts\/30440","targetHints":{"allow":["GET"]}}],"collection":[{"href":"https:\/\/fcspartaktrnava.com\/en\/wp-json\/wp\/v2\/posts"}],"about":[{"href":"https:\/\/fcspartaktrnava.com\/en\/wp-json\/wp\/v2\/types\/post"}],"author":[{"embeddable":true,"href":"https:\/\/fcspartaktrnava.com\/en\/wp-json\/wp\/v2\/users\/5"}],"replies":[{"embeddable":true,"href":"https:\/\/fcspartaktrnava.com\/en\/wp-json\/wp\/v2\/comments?post=30440"}],"version-history":[{"count":0,"href":"https:\/\/fcspartaktrnava.com\/en\/wp-json\/wp\/v2\/posts\/30440\/revisions"}],"wp:featuredmedia":[{"embeddable":true,"href":"https:\/\/fcspartaktrnava.com\/en\/wp-json\/wp\/v2\/media\/30959"}],"wp:attachment":[{"href":"https:\/\/fcspartaktrnava.com\/en\/wp-json\/wp\/v2\/media?parent=30440"}],"wp:term":[{"taxonomy":"category","embeddable":true,"href":"https:\/\/fcspartaktrnava.com\/en\/wp-json\/wp\/v2\/categories?post=30440"},{"taxonomy":"post_tag","embeddable":true,"href":"https:\/\/fcspartaktrnava.com\/en\/wp-json\/wp\/v2\/tags?post=30440"}],"curies":[{"name":"wp","href":"https:\/\/api.w.org\/{rel}","templated":true}]}}