{"id":3040,"date":"2022-11-03T09:21:51","date_gmt":"2022-11-03T09:21:51","guid":{"rendered":"https:\/\/fcspartaktrnava.com\/?p=3040"},"modified":"2022-11-03T09:24:44","modified_gmt":"2022-11-03T09:24:44","slug":"spartakovska-rodzina-je-tu","status":"publish","type":"post","link":"https:\/\/fcspartaktrnava.com\/en\/spartakovska-rodzina-je-tu\/","title":{"rendered":"<strong>Spartakovsk\u00e1 RODZINA je tu!<\/strong>"},"content":{"rendered":"<p>Patr\u00ed\u0161 k vern\u00fdm, hrd\u00fdm, oddan\u00fdm, \u010di n\u00e1dejn\u00fdm fan\u00fa\u0161ikom FC Spartak Trnava? Zak\u00fap si jeden z pon\u00fakan\u00fdch typov klubov\u00e9ho \u010dlenstva a sta\u0148 sa aj ty ofici\u00e1lnou s\u00fa\u010das\u0165ou na\u0161ej ve\u013ekej \u010derveno-\u010d\u00edrnej rodziny. Bez oh\u013eadu na to, ak\u00fa \u00farove\u0148 \u010dlenstva si zvol\u00ed\u0161, z\u00edska\u0161 mnoho zauj\u00edmav\u00fdch v\u00fdhod a&nbsp;jedine\u010dn\u00fdch benefitov, ku ktor\u00fdm sa v mnoh\u00fdch pr\u00edpadoch dostan\u00fa v\u00fdlu\u010dne iba vlastn\u00edci \u010dlenstva. V\u010faka tomu bude\u0161 e\u0161te u\u017e\u0161ie prepojen\u00fd so svoj\u00edm klubom a navy\u0161e z\u00edska\u0161 svoje jedine\u010dn\u00e9 \u010dlensk\u00e9 \u010d\u00edslo. Plat\u00ed, \u017ee \u010d\u00edm sk\u00f4r si \u010dlenstvo k\u00fapi\u0161, t\u00fdm ni\u017e\u0161ie a unik\u00e1tnej\u0161ie \u010dlensk\u00e9 \u010d\u00edslo m\u00f4\u017ee\u0161 vlastni\u0165.<\/p>\n\n\n\n<p><strong><u>Ako predregistrovan\u00fd \u010dlen RODZINY<\/u><\/strong> m\u00e1\u0161 predkupn\u00e9 pr\u00e1vo sta\u0165 sa \u010dlenom rodziny aj ofici\u00e1lne a&nbsp;z\u00edska\u0165 tak najlep\u0161ie mo\u017en\u00e9 \u010dlensk\u00e9 \u010d\u00edslo.<\/p>\n\n\n\n<p>Zak\u00fap si \u010dlensk\u00fd bal\u00ed\u010dek pod\u013ea svojich preferenci\u00ed e\u0161te dnes. Tvoje predkupn\u00e9 pr\u00e1vo toti\u017e trv\u00e1 len 24 hod\u00edn od spustenia. M\u00f4\u017ee\u0161 si ho samozrejme zak\u00fapi\u0165 aj nesk\u00f4r, av\u0161ak mus\u00ed\u0161 po\u010d\u00edta\u0165 s t\u00fdm, \u017ee tvoje \u010dlensk\u00e9 \u010d\u00edslo u\u017e nebude tak\u00e9 exkluz\u00edvne ako dnes.<\/p>\n\n\n\n<p>Ver\u00edme, \u017ee sa k\u00fapou vybran\u00e9ho typu \u010dlenstva prid\u00e1\u0161 aj ty do na\u0161ej ve\u013ekej \u010derveno-\u010d\u00edrnej rodziny a stane\u0161 sa tak s\u00fa\u010das\u0165ou jedine\u010dn\u00e9ho pr\u00edbehu n\u00e1\u0161ho legend\u00e1rneho klubu.<\/p>\n\n\n\n<p><strong>Preto\u017ee spolu sme Spartak Trnava &#8211; jeden klub, jedna v\u00e1\u0161e\u0148, jedna RODZINA!<\/strong><\/p>\n\n\n\n<div class=\"wp-block-buttons is-content-justification-center is-layout-flex wp-container-core-buttons-is-layout-16018d1d wp-block-buttons-is-layout-flex\">\n<div class=\"wp-block-button has-custom-width wp-block-button__width-50 is-style-fill\"><a class=\"wp-block-button__link has-black-color has-vivid-red-background-color has-text-color has-background wp-element-button\" href=\"https:\/\/rodzina.fcspartaktrnava.com\/\" style=\"border-radius:34px\" target=\"_blank\" rel=\"noreferrer noopener\"><strong>PRIDA\u0164 SA DO RODZINY<\/strong><\/a><\/div>\n<\/div>\n\n\n\n<p><\/p>\n\n\n\n<p><strong>Spoznaj unik\u00e1tny \u010dlensk\u00fd program RODZINA<\/strong><\/p>\n\n\n\n<p>\u010clensk\u00fd program RODZINA, ktor\u00fd je jedn\u00fdm z pr\u00edspevkov k oslav\u00e1m bl\u00ed\u017eiacej sa storo\u010dnice Spartaka Trnava, vznikol aj v\u010faka podpore n\u00e1\u0161ho dlhoro\u010dn\u00e9ho partnera St. Nicolaus. Program RODZINA, ako prv\u00fd svojho druhu v r\u00e1mci slovensk\u00fdch profesion\u00e1lnych futbalov\u00fdch klubov, v sebe zah\u0155\u0148a v\u0161etko to, \u010do si od \u010dlenstva m\u00f4\u017ee\u0161 pria\u0165. Nezabudnute\u013en\u00e9 z\u00e1\u017eitky, limitovan\u00e9 ed\u00edcie fan\u00fa\u0161ikovsk\u00fdch predmetov, priv\u00e1tne klubov\u00e9 z\u013eavy, narodeninov\u00e9 prekvapenia, partnersk\u00e9 produkty na mieru, prekvapuj\u00face ponuky po\u010das sez\u00f3ny, partnersk\u00e9 s\u00fa\u0165a\u017ee, \u010dlensk\u00e9 \u010d\u00edslo a e\u0161te ove\u013ea viac. V\u0161etky tieto z\u00e1\u017eitky, v\u00fdhody a benefity bud\u00fa exkluz\u00edvne dostupn\u00e9 pre v\u0161etk\u00fdch, ktor\u00ed si zak\u00fapia niektor\u00fd z pon\u00fakan\u00fdch \u010dlensk\u00fdch bal\u00ed\u010dkov.<\/p>\n\n\n\n<p><strong>Jedine\u010dn\u00e9 a nezabudnute\u013en\u00e9 z\u00e1\u017eitky<\/strong><strong><\/strong><\/p>\n\n\n\n<p>\u010co by si povedal na to, ak by si sa mohol dosta\u0165 bli\u017e\u0161ie k dianiu v klube a k&nbsp;svojim ob\u013e\u00faben\u00fdm hr\u00e1\u010dom? Jedn\u00fdm z benefitov n\u00e1\u0161ho \u010dlensk\u00e9ho programu s\u00fa toti\u017e aj exkluz\u00edvne z\u00e1\u017eitky, v\u010faka ktor\u00fdm si ofici\u00e1lni \u010dlenovia \u010derveno-\u010d\u00edrnej rodziny, ktor\u00ed si zak\u00fapia niektor\u00fd z pon\u00fakan\u00fdch \u010dlensk\u00fdch bal\u00ed\u010dkov, bud\u00fa m\u00f4c\u0165 vychutna\u0165 nezabudnute\u013en\u00e9 futbalov\u00e9 momenty. Od \u0161peci\u00e1lnych stretnut\u00ed s t\u00edmom, \u010di z\u00e1stupcami klubu, a\u017e po z\u00e1\u017eitkov\u00e9 mo\u017enosti pre t\u00fdch najmen\u0161\u00edch fan\u00fa\u0161ikov. \u010ci si mu\u017e, \u017eena, die\u0165a, d\u00f4chodca \u010di teenager, v \u010dlenskom programe RODZINA si pr\u00edde na svoje \u00faplne ka\u017ed\u00fd!<\/p>\n\n\n\n<p><strong>Limitovan\u00e9 ed\u00edcie fan\u00fa\u0161ikovsk\u00fdch predmetov<\/strong><strong><\/strong><\/p>\n\n\n\n<p>M\u00e1\u0161 r\u00e1d \u0161peci\u00e1lne a unik\u00e1tne veci, v\u010faka ktor\u00fdm bude\u0161 vy\u010dnieva\u0165 z davu? Jedn\u00fdm z benefitov n\u00e1\u0161ho \u010dlensk\u00e9ho programu s\u00fa aj limitovan\u00e9 ed\u00edcie fan\u00fa\u0161ikovsk\u00fdch predmetov, ktor\u00e9 bud\u00fa vlastni\u0165 iba ofici\u00e1lni \u010dlenovia \u010derveno-\u010d\u00edrnej rodziny, ktor\u00ed si zak\u00fapia niektor\u00fd z pon\u00fakan\u00fdch \u010dlensk\u00fdch bal\u00ed\u010dkov.<\/p>\n\n\n\n<p><strong>Unik\u00e1tne \u010dlensk\u00e9 \u010d\u00edslo<\/strong><strong><\/strong><\/p>\n\n\n\n<p>\u010eal\u0161\u00edm z mno\u017estva benefitov n\u00e1\u0161ho \u010dlensk\u00e9ho programu RODZINA, je aj \u010d\u00edseln\u00e9 poradie v r\u00e1mci \u010dlenstva. Ka\u017ed\u00fd, kto si zak\u00fapi niektor\u00fd z pon\u00fakan\u00fdch \u010dlensk\u00fdch bal\u00ed\u010dkov, sa bude m\u00f4c\u0165 p\u00fd\u0161i\u0165 svoj\u00edm jedine\u010dn\u00fdm \u010dlensk\u00fdm \u010d\u00edslom.<\/p>\n\n\n\n<p>Te\u0161\u00edme sa na v\u0161etk\u00fdch \u010dlenov rodziny.<\/p>\n\n\n\n<p>T\u00edm FC Spartak Trnava &amp; Rodzina<\/p>","protected":false},"excerpt":{"rendered":"<p>Patr\u00ed\u0161 k vern\u00fdm, hrd\u00fdm, oddan\u00fdm, \u010di n\u00e1dejn\u00fdm fan\u00fa\u0161ikom&#8230;<\/p>","protected":false},"author":2,"featured_media":3041,"comment_status":"closed","ping_status":"closed","sticky":false,"template":"","format":"standard","meta":{"footnotes":""},"categories":[12],"tags":[58],"class_list":["post-3040","post","type-post","status-publish","format-standard","has-post-thumbnail","hentry","category-spravy","tag-rodzina","post-number-1"],"yoast_head":"<!-- This site is optimized with the Yoast SEO plugin v27.1.1 - https:\/\/yoast.com\/product\/yoast-seo-wordpress\/ -->\n<title>Spartakovsk\u00e1 RODZINA je tu! - FC Spartak Trnava<\/title>\n<meta name=\"robots\" content=\"index, follow, max-snippet:-1, max-image-preview:large, max-video-preview:-1\" \/>\n<link rel=\"canonical\" href=\"https:\/\/fcspartaktrnava.com\/en\/spartakovska-rodzina-je-tu\/\" \/>\n<meta name=\"twitter:label1\" content=\"Written by\" \/>\n\t<meta name=\"twitter:data1\" content=\"spartak\" \/>\n\t<meta name=\"twitter:label2\" content=\"Estimated reading time\" \/>\n\t<meta name=\"twitter:data2\" content=\"3 minutes\" \/>\n<script type=\"application\/ld+json\" class=\"yoast-schema-graph\">{\"@context\":\"https:\/\/schema.org\",\"@graph\":[{\"@type\":\"Article\",\"@id\":\"https:\/\/fcspartaktrnava.com\/spartakovska-rodzina-je-tu\/#article\",\"isPartOf\":{\"@id\":\"https:\/\/fcspartaktrnava.com\/spartakovska-rodzina-je-tu\/\"},\"author\":{\"name\":\"spartak\",\"@id\":\"https:\/\/fcspartaktrnava.com\/#\/schema\/person\/24bc5b254af14f71d7d8af178790aa75\"},\"headline\":\"Spartakovsk\u00e1 RODZINA je tu!\",\"datePublished\":\"2022-11-03T09:21:51+00:00\",\"dateModified\":\"2022-11-03T09:24:44+00:00\",\"mainEntityOfPage\":{\"@id\":\"https:\/\/fcspartaktrnava.com\/spartakovska-rodzina-je-tu\/\"},\"wordCount\":674,\"publisher\":{\"@id\":\"https:\/\/fcspartaktrnava.com\/#organization\"},\"image\":{\"@id\":\"https:\/\/fcspartaktrnava.com\/spartakovska-rodzina-je-tu\/#primaryimage\"},\"thumbnailUrl\":\"https:\/\/fcspartaktrnava.com\/wp-content\/uploads\/2022\/11\/rodzina.jpg\",\"keywords\":[\"Rodzina\"],\"articleSection\":[\"Spr\u00e1vy\"],\"inLanguage\":\"en-GB\"},{\"@type\":\"WebPage\",\"@id\":\"https:\/\/fcspartaktrnava.com\/spartakovska-rodzina-je-tu\/\",\"url\":\"https:\/\/fcspartaktrnava.com\/spartakovska-rodzina-je-tu\/\",\"name\":\"Spartakovsk\u00e1 RODZINA je tu! - FC Spartak Trnava\",\"isPartOf\":{\"@id\":\"https:\/\/fcspartaktrnava.com\/#website\"},\"primaryImageOfPage\":{\"@id\":\"https:\/\/fcspartaktrnava.com\/spartakovska-rodzina-je-tu\/#primaryimage\"},\"image\":{\"@id\":\"https:\/\/fcspartaktrnava.com\/spartakovska-rodzina-je-tu\/#primaryimage\"},\"thumbnailUrl\":\"https:\/\/fcspartaktrnava.com\/wp-content\/uploads\/2022\/11\/rodzina.jpg\",\"datePublished\":\"2022-11-03T09:21:51+00:00\",\"dateModified\":\"2022-11-03T09:24:44+00:00\",\"breadcrumb\":{\"@id\":\"https:\/\/fcspartaktrnava.com\/spartakovska-rodzina-je-tu\/#breadcrumb\"},\"inLanguage\":\"en-GB\",\"potentialAction\":[{\"@type\":\"ReadAction\",\"target\":[\"https:\/\/fcspartaktrnava.com\/spartakovska-rodzina-je-tu\/\"]}]},{\"@type\":\"ImageObject\",\"inLanguage\":\"en-GB\",\"@id\":\"https:\/\/fcspartaktrnava.com\/spartakovska-rodzina-je-tu\/#primaryimage\",\"url\":\"https:\/\/fcspartaktrnava.com\/wp-content\/uploads\/2022\/11\/rodzina.jpg\",\"contentUrl\":\"https:\/\/fcspartaktrnava.com\/wp-content\/uploads\/2022\/11\/rodzina.jpg\",\"width\":1300,\"height\":555},{\"@type\":\"BreadcrumbList\",\"@id\":\"https:\/\/fcspartaktrnava.com\/spartakovska-rodzina-je-tu\/#breadcrumb\",\"itemListElement\":[{\"@type\":\"ListItem\",\"position\":1,\"name\":\"Home\",\"item\":\"https:\/\/fcspartaktrnava.com\/\"},{\"@type\":\"ListItem\",\"position\":2,\"name\":\"Spartakovsk\u00e1 RODZINA je tu!\"}]},{\"@type\":\"WebSite\",\"@id\":\"https:\/\/fcspartaktrnava.com\/#website\",\"url\":\"https:\/\/fcspartaktrnava.com\/\",\"name\":\"FC Spartak Trnava\",\"description\":\"ofici\u00e1lna webstr\u00e1nka futbalov\u00e9ho klubu\",\"publisher\":{\"@id\":\"https:\/\/fcspartaktrnava.com\/#organization\"},\"potentialAction\":[{\"@type\":\"SearchAction\",\"target\":{\"@type\":\"EntryPoint\",\"urlTemplate\":\"https:\/\/fcspartaktrnava.com\/?s={search_term_string}\"},\"query-input\":{\"@type\":\"PropertyValueSpecification\",\"valueRequired\":true,\"valueName\":\"search_term_string\"}}],\"inLanguage\":\"en-GB\"},{\"@type\":\"Organization\",\"@id\":\"https:\/\/fcspartaktrnava.com\/#organization\",\"name\":\"FC Spartak Trnava\",\"alternateName\":\"Spartak\",\"url\":\"https:\/\/fcspartaktrnava.com\/\",\"logo\":{\"@type\":\"ImageObject\",\"inLanguage\":\"en-GB\",\"@id\":\"https:\/\/fcspartaktrnava.com\/#\/schema\/logo\/image\/\",\"url\":\"https:\/\/fcspartaktrnava.com\/wp-content\/uploads\/2022\/08\/cropped-site_logo.png\",\"contentUrl\":\"https:\/\/fcspartaktrnava.com\/wp-content\/uploads\/2022\/08\/cropped-site_logo.png\",\"width\":140,\"height\":140,\"caption\":\"FC Spartak Trnava\"},\"image\":{\"@id\":\"https:\/\/fcspartaktrnava.com\/#\/schema\/logo\/image\/\"},\"sameAs\":[\"https:\/\/www.facebook.com\/SpartakTrnava\",\"https:\/\/x.com\/SpartakTrnava1\",\"https:\/\/www.instagram.com\/spartak_sk\/\"]},{\"@type\":\"Person\",\"@id\":\"https:\/\/fcspartaktrnava.com\/#\/schema\/person\/24bc5b254af14f71d7d8af178790aa75\",\"name\":\"spartak\",\"image\":{\"@type\":\"ImageObject\",\"inLanguage\":\"en-GB\",\"@id\":\"https:\/\/fcspartaktrnava.com\/#\/schema\/person\/image\/\",\"url\":\"https:\/\/secure.gravatar.com\/avatar\/f8ff8584f3fcf3909a11a6da9019f37749183b4015bca14e64556c52614cdc7f?s=96&d=mm&r=g\",\"contentUrl\":\"https:\/\/secure.gravatar.com\/avatar\/f8ff8584f3fcf3909a11a6da9019f37749183b4015bca14e64556c52614cdc7f?s=96&d=mm&r=g\",\"caption\":\"spartak\"},\"url\":\"https:\/\/fcspartaktrnava.com\/en\/author\/spartak\/\"}]}<\/script>\n<!-- \/ Yoast SEO plugin. -->","yoast_head_json":{"title":"Spartakovsk\u00e1 RODZINA je tu! - FC Spartak Trnava","robots":{"index":"index","follow":"follow","max-snippet":"max-snippet:-1","max-image-preview":"max-image-preview:large","max-video-preview":"max-video-preview:-1"},"canonical":"https:\/\/fcspartaktrnava.com\/en\/spartakovska-rodzina-je-tu\/","twitter_misc":{"Written by":"spartak","Estimated reading time":"3 minutes"},"schema":{"@context":"https:\/\/schema.org","@graph":[{"@type":"Article","@id":"https:\/\/fcspartaktrnava.com\/spartakovska-rodzina-je-tu\/#article","isPartOf":{"@id":"https:\/\/fcspartaktrnava.com\/spartakovska-rodzina-je-tu\/"},"author":{"name":"spartak","@id":"https:\/\/fcspartaktrnava.com\/#\/schema\/person\/24bc5b254af14f71d7d8af178790aa75"},"headline":"Spartakovsk\u00e1 RODZINA je tu!","datePublished":"2022-11-03T09:21:51+00:00","dateModified":"2022-11-03T09:24:44+00:00","mainEntityOfPage":{"@id":"https:\/\/fcspartaktrnava.com\/spartakovska-rodzina-je-tu\/"},"wordCount":674,"publisher":{"@id":"https:\/\/fcspartaktrnava.com\/#organization"},"image":{"@id":"https:\/\/fcspartaktrnava.com\/spartakovska-rodzina-je-tu\/#primaryimage"},"thumbnailUrl":"https:\/\/fcspartaktrnava.com\/wp-content\/uploads\/2022\/11\/rodzina.jpg","keywords":["Rodzina"],"articleSection":["Spr\u00e1vy"],"inLanguage":"en-GB"},{"@type":"WebPage","@id":"https:\/\/fcspartaktrnava.com\/spartakovska-rodzina-je-tu\/","url":"https:\/\/fcspartaktrnava.com\/spartakovska-rodzina-je-tu\/","name":"Spartakovsk\u00e1 RODZINA je tu! - FC Spartak Trnava","isPartOf":{"@id":"https:\/\/fcspartaktrnava.com\/#website"},"primaryImageOfPage":{"@id":"https:\/\/fcspartaktrnava.com\/spartakovska-rodzina-je-tu\/#primaryimage"},"image":{"@id":"https:\/\/fcspartaktrnava.com\/spartakovska-rodzina-je-tu\/#primaryimage"},"thumbnailUrl":"https:\/\/fcspartaktrnava.com\/wp-content\/uploads\/2022\/11\/rodzina.jpg","datePublished":"2022-11-03T09:21:51+00:00","dateModified":"2022-11-03T09:24:44+00:00","breadcrumb":{"@id":"https:\/\/fcspartaktrnava.com\/spartakovska-rodzina-je-tu\/#breadcrumb"},"inLanguage":"en-GB","potentialAction":[{"@type":"ReadAction","target":["https:\/\/fcspartaktrnava.com\/spartakovska-rodzina-je-tu\/"]}]},{"@type":"ImageObject","inLanguage":"en-GB","@id":"https:\/\/fcspartaktrnava.com\/spartakovska-rodzina-je-tu\/#primaryimage","url":"https:\/\/fcspartaktrnava.com\/wp-content\/uploads\/2022\/11\/rodzina.jpg","contentUrl":"https:\/\/fcspartaktrnava.com\/wp-content\/uploads\/2022\/11\/rodzina.jpg","width":1300,"height":555},{"@type":"BreadcrumbList","@id":"https:\/\/fcspartaktrnava.com\/spartakovska-rodzina-je-tu\/#breadcrumb","itemListElement":[{"@type":"ListItem","position":1,"name":"Home","item":"https:\/\/fcspartaktrnava.com\/"},{"@type":"ListItem","position":2,"name":"Spartakovsk\u00e1 RODZINA je tu!"}]},{"@type":"WebSite","@id":"https:\/\/fcspartaktrnava.com\/#website","url":"https:\/\/fcspartaktrnava.com\/","name":"FC Spartak Trnava","description":"ofici\u00e1lna webstr\u00e1nka futbalov\u00e9ho klubu","publisher":{"@id":"https:\/\/fcspartaktrnava.com\/#organization"},"potentialAction":[{"@type":"SearchAction","target":{"@type":"EntryPoint","urlTemplate":"https:\/\/fcspartaktrnava.com\/?s={search_term_string}"},"query-input":{"@type":"PropertyValueSpecification","valueRequired":true,"valueName":"search_term_string"}}],"inLanguage":"en-GB"},{"@type":"Organization","@id":"https:\/\/fcspartaktrnava.com\/#organization","name":"FC Spartak Trnava","alternateName":"Spartak","url":"https:\/\/fcspartaktrnava.com\/","logo":{"@type":"ImageObject","inLanguage":"en-GB","@id":"https:\/\/fcspartaktrnava.com\/#\/schema\/logo\/image\/","url":"https:\/\/fcspartaktrnava.com\/wp-content\/uploads\/2022\/08\/cropped-site_logo.png","contentUrl":"https:\/\/fcspartaktrnava.com\/wp-content\/uploads\/2022\/08\/cropped-site_logo.png","width":140,"height":140,"caption":"FC Spartak Trnava"},"image":{"@id":"https:\/\/fcspartaktrnava.com\/#\/schema\/logo\/image\/"},"sameAs":["https:\/\/www.facebook.com\/SpartakTrnava","https:\/\/x.com\/SpartakTrnava1","https:\/\/www.instagram.com\/spartak_sk\/"]},{"@type":"Person","@id":"https:\/\/fcspartaktrnava.com\/#\/schema\/person\/24bc5b254af14f71d7d8af178790aa75","name":"spartak","image":{"@type":"ImageObject","inLanguage":"en-GB","@id":"https:\/\/fcspartaktrnava.com\/#\/schema\/person\/image\/","url":"https:\/\/secure.gravatar.com\/avatar\/f8ff8584f3fcf3909a11a6da9019f37749183b4015bca14e64556c52614cdc7f?s=96&d=mm&r=g","contentUrl":"https:\/\/secure.gravatar.com\/avatar\/f8ff8584f3fcf3909a11a6da9019f37749183b4015bca14e64556c52614cdc7f?s=96&d=mm&r=g","caption":"spartak"},"url":"https:\/\/fcspartaktrnava.com\/en\/author\/spartak\/"}]}},"_links":{"self":[{"href":"https:\/\/fcspartaktrnava.com\/en\/wp-json\/wp\/v2\/posts\/3040","targetHints":{"allow":["GET"]}}],"collection":[{"href":"https:\/\/fcspartaktrnava.com\/en\/wp-json\/wp\/v2\/posts"}],"about":[{"href":"https:\/\/fcspartaktrnava.com\/en\/wp-json\/wp\/v2\/types\/post"}],"author":[{"embeddable":true,"href":"https:\/\/fcspartaktrnava.com\/en\/wp-json\/wp\/v2\/users\/2"}],"replies":[{"embeddable":true,"href":"https:\/\/fcspartaktrnava.com\/en\/wp-json\/wp\/v2\/comments?post=3040"}],"version-history":[{"count":0,"href":"https:\/\/fcspartaktrnava.com\/en\/wp-json\/wp\/v2\/posts\/3040\/revisions"}],"wp:featuredmedia":[{"embeddable":true,"href":"https:\/\/fcspartaktrnava.com\/en\/wp-json\/wp\/v2\/media\/3041"}],"wp:attachment":[{"href":"https:\/\/fcspartaktrnava.com\/en\/wp-json\/wp\/v2\/media?parent=3040"}],"wp:term":[{"taxonomy":"category","embeddable":true,"href":"https:\/\/fcspartaktrnava.com\/en\/wp-json\/wp\/v2\/categories?post=3040"},{"taxonomy":"post_tag","embeddable":true,"href":"https:\/\/fcspartaktrnava.com\/en\/wp-json\/wp\/v2\/tags?post=3040"}],"curies":[{"name":"wp","href":"https:\/\/api.w.org\/{rel}","templated":true}]}}